{"id":7036,"date":"2023-11-19T20:55:22","date_gmt":"2023-11-19T23:55:22","guid":{"rendered":"https:\/\/apuntesdesanluis.com\/?p=7036"},"modified":"2023-11-19T20:55:43","modified_gmt":"2023-11-19T23:55:43","slug":"javier-milei-dos-anos-de-carrera-politica-que-llevaron-al-economista-outsider-de-derecha-a-la-presidencia","status":"publish","type":"post","link":"https:\/\/apuntesdesanluis.com\/index.php\/2023\/11\/19\/javier-milei-dos-anos-de-carrera-politica-que-llevaron-al-economista-outsider-de-derecha-a-la-presidencia\/","title":{"rendered":"JAVIER MILEI: DOS A\u00d1OS DE CARRERA POL\u00cdTICA QUE LLEVARON AL ECONOMISTA OUTSIDER DE DERECHA A LA PRESIDENCIA"},"content":{"rendered":"<h3>C\u00f3mo fueron sus primeros contactos con el mundo partidario. De la improvisaci\u00f3n y las extravagancias a la profesionalizaci\u00f3n y la moderaci\u00f3n de su fuerza. El pacto crucial con Mauricio Macri y Patricia Bullrich que lo llev\u00f3 a la victoria<\/h3>\n<h3>Por <strong><em>Brenda Struminger *<\/em><\/strong><\/h3>\n<h3>La mayor\u00eda de los pol\u00edticos pasan d\u00e9cadas prepar\u00e1ndose para llegar a la Presidencia, pero pocos lo logran. Javier Milei, economista de 53 a\u00f1os cumplidos el d\u00eda de la elecci\u00f3n general, ex arquero de un equipo de f\u00fatbol, que lider\u00f3 una banda de m\u00fasica y se hizo conocido en todo el pa\u00eds por sus extravagantes apariciones en TV, acaba de quedarse con la conducci\u00f3n de la Casa Rosada despu\u00e9s de menos de 24 meses en el sector p\u00fablico.<\/h3>\n<h3>Su cort\u00edsima historia pol\u00edtica empez\u00f3 en 2021, cuando decidi\u00f3 postularse como candidato a diputado nacional por primera vez. Su \u00fanica trayectoria en el Estado hab\u00eda sido treinta a\u00f1os antes, con una pasant\u00eda de meses en el Banco Central. Pero desde entonces se emple\u00f3 siempre en el sector privado, en relaci\u00f3n de dependencia, como en el grupo Corporaci\u00f3n Am\u00e9rica, o como consultor cuentapropista, as\u00ed como profesor en universidades privadas. En paralelo, desarrollaba la veta art\u00edstica que luego volcar\u00eda en los medios, su trampol\u00edn hacia el estrellato, y en redes sociales, con impulso principalmente de los j\u00f3venes desencantados con el sistema, seducidos por su histri\u00f3nico perfil.<\/h3>\n<h3>Se embarc\u00f3 en la pol\u00edtica formal desde Avanza Libertad, el partido creado por otro economista de perfil similar, Jos\u00e9 Luis Espert, el primer l\u00edder de la nueva ola de la derecha en Argentina que, antes que Milei, hab\u00eda crecido al calor de los sets de TV, y se hab\u00eda sorprendido por la corta edad de sus seguidores, que lo conoc\u00edan a trav\u00e9s de las plataformas digitales y luego lo visitaban en persona en actividades p\u00fablicas.<\/h3>\n<h3><img fetchpriority=\"high\" decoding=\"async\" class=\"wp-image-7037 aligncenter\" src=\"https:\/\/apuntesdesanluis.com\/wp-content\/uploads\/2023\/11\/javier-y-su-hermana-300x214.png\" alt=\"\" width=\"829\" height=\"591\" srcset=\"https:\/\/apuntesdesanluis.com\/wp-content\/uploads\/2023\/11\/javier-y-su-hermana-300x214.png 300w, https:\/\/apuntesdesanluis.com\/wp-content\/uploads\/2023\/11\/javier-y-su-hermana.png 600w\" sizes=\"(max-width: 829px) 100vw, 829px\" \/><\/h3>\n<h4 style=\"text-align: center;\"><em>El l\u00edder de LLA junto a Karina Milei, su hermana y apoderada del partido.<\/em><\/h4>\n<h3>\u00a0Aquella sociedad dur\u00f3 poco. Si bien Espert le abri\u00f3 el camino a Milei para hacerse de una banca en la C\u00e1mara baja, en 2021, con el pasar de los meses de trabajo en conjunto la sinton\u00eda del principio empez\u00f3 a diluirse y se multiplicaron los roces. Dicen los libertarios que el jefe del espacio se ve\u00eda disminuido junto al menos experimentado profesor, que crec\u00eda en popularidad a medida que propon\u00eda medidas radicales contra la inflaci\u00f3n, la destrucci\u00f3n del Banco Central y la dolarizaci\u00f3n como respuesta a la inflaci\u00f3n.<\/h3>\n<h3>En 2023, envuelto en un esc\u00e1ndalo por el financiamiento de su campa\u00f1a, Espert termin\u00f3 aceptando una propuesta del entonces l\u00edder presidenciable de Pro, Horacio Rodr\u00edguez Larreta, que le hab\u00eda ofrecido sumarse a Juntos por el Cambio para ayudarlo a limpiarse y, para su propio provecho, neutralizarlo como competencia opositora.<\/h3>\n<h3>Cambiemos tambi\u00e9n le ofreci\u00f3 a Milei sumarse a las filas amarillas, pero el libertario rechaz\u00f3 la oferta y se dispuso a desarrollar su propia marca inspirada en la de su ex socio, con vistas a las Presidenciales. Asistido por su hermana, Karina, cre\u00f3 el frente La Libertad Avanza con ayuda jur\u00eddica de apoderados de los sellos de partidos menores, hist\u00f3ricos y pr\u00e1cticamente extintos en la pr\u00e1ctica, pero formalmente inscriptos: el Partido Dem\u00f3crata, el Partido Libertario, Fuerza Republicana, la Uni\u00f3n Celeste y Blanco, el Partido Fe y el Partido Renovador Federal. A la par, empez\u00f3 a dedicarse a tiempo completo a preparar el terreno para una candidatura: multiplic\u00f3 sus apariciones en TV con altos niveles de rating, tom\u00f3 clases de oratoria, cre\u00f3 actos pol\u00edticos de cuidada escenograf\u00eda, con la direcci\u00f3n de Karina; y sum\u00f3 expertos en redes sociales a su equipo.<\/h3>\n<h3>En los \u00faltimos dos a\u00f1os su nivel de conocimiento aument\u00f3 de forma exponencial, en buena parte gracias a Twitter -devenido en X-, donde sumaba seguidores de a centenares por semana bajo el apodo \u201cEl Le\u00f3n\u201d. Y fue en la red social de Elon Musk donde tambi\u00e9n conect\u00f3 con algunos de sus referentes m\u00e1s cercanos. A Victoria Villarruel, por ejemplo, la conoci\u00f3 entre tuits y retuits celestes durante los debates que se armaban en la plataforma mientras se debat\u00eda la ley de Interrupci\u00f3n Voluntaria del Embarazo (IVE) en el Congreso. Y luego descubrieron que, adem\u00e1s del rechazo al aborto legal, coincid\u00edan en una variedad de temas de la agenda conservadora, como la necesidad de implementar la \u201cmano dura\u201d para combatir la inseguridad, y la reivindicaci\u00f3n de las v\u00edctimas de la guerrilla durante los 70, eje central de militancia de la abogada.<\/h3>\n<h3>Dos a\u00f1os, cuando ya hab\u00edan forjado una amistad m\u00e1s all\u00e1 de la virtualidad, y Milei le propuso que lo acompa\u00f1ara en la boleta de diputados por la Ciudad. La abogada hab\u00eda logrado cierta fama, aunque en menor medida, con sus pol\u00e9micas irrupciones en TV, donde admit\u00eda su relaci\u00f3n con el dictador condenado por delitos de lesa humanidad, Jorge Rafael Videla, colaborador de uno de sus libros, y coqueteaba con la Teor\u00eda de los Dos Demonios, que equipara el terrorismo de Estado con las acciones de organizaciones civiles armadas como el Ej\u00e9rcito Revolucionario del Pueblo (ERP) y Montoneros.<\/h3>\n<h3>En el camino de Milei hacia las profundidades de la arena pol\u00edtica, adem\u00e1s de Espert, tuvieron un rol crucial dos ex colaboradores y candidatos de Marco Lavagna, el hijo del ex ministro de Econom\u00eda de N\u00e9stor Kirchner, Roberto Lavagna. Ramiro Marra y Eugenio Casielles, amigos del secundario y aliados partidarios, que hab\u00edan trabajado en la campa\u00f1a del actual titular del Indec en 2019, vieron en el llamativo economista una figura novedosa, prometedora frente al electorado en un contexto de crisis de representaci\u00f3n. Y en tiempo record lo ayudaron a tender puentes con el mundillo partidario, que conoc\u00edan bien. Especialmente del Pro de Macri y del Frente Renovador de Sergio Massa. Este \u00faltimo luego le aportar\u00eda ayuda, en las sombras, para armar sus n\u00f3minas de candidatos, un proceso no exento de pol\u00e9micas por las acusaciones en la Justicia de venta de lugares en las listas.<\/h3>\n<h3>Fue Marra quien, tambi\u00e9n, le present\u00f3 a Santiago Caputo, otro compa\u00f1ero del colegio Manuel Belgrano de la dupla fundadora. Especialista en campa\u00f1as electorales y familiar lejano del amigo y socio de Macri, Nicol\u00e1s Caputo, el joven de 37 a\u00f1os hab\u00eda trabajado en el equipo del consultor estrella de Cambiemos, Jaime Dur\u00e1n Barba, entre 2011 y 2015, hasta que se alej\u00f3 de esas filas disconforme con el rumbo. En 2021, empez\u00f3 a asesorar a Milei de manera informal, pero el v\u00ednculo se volvi\u00f3 personal y Caputo se transform\u00f3 en uno de sus colaboradores de m\u00e1xima confianza, aunque con perfil muy bajo.<\/h3>\n<h3>El \u00faltimo tramo de la campa\u00f1a fue el m\u00e1s pol\u00edtico para Milei, que siempre reneg\u00f3 de la rosca y deleg\u00f3 lo m\u00e1s que pudo en su hermana las negociaciones con sus pares. Desde que se sorprendi\u00f3 a s\u00ed mismo con el triunfo en la PASO detect\u00f3 que su principal punto d\u00e9bil era la falta de experiencia y de equipos, una caracter\u00edstica que tanto el Gobierno como Juntos por el Cambio le enrostraban cada vez que ten\u00edan oportunidad. Decidi\u00f3, entonces, implementar un proceso de profesionalizaci\u00f3n de su fuerza. El movimiento fue gradual pero sostenido. En cuesti\u00f3n de semanas, Milei empez\u00f3 a conformar equipos de gobierno -sum\u00f3 principalmente a empresarios, como Guillermo Francos, Nicol\u00e1s Posse y Sandra Pettovello-; detall\u00f3 cu\u00e1les ser\u00edan las carteras que dejar\u00eda en pie y las que eliminar\u00eda, y anunci\u00f3 los nombres de varios de los futuros ministros y secretarios, aunque siempre se reserv\u00f3 al titular de Hacienda, a\u00fan desconocido.<\/h3>\n<h3>Adem\u00e1s, implement\u00f3 un sistema de control de da\u00f1os en la comunicaci\u00f3n a trav\u00e9s de sus voceros, para empezar a relativizar sus propuestas m\u00e1s pol\u00e9micas. Pero no fue suficiente. El rev\u00e9s del segundo puesto en las Generales demostr\u00f3 que la llamada \u2018campa\u00f1a del miedo\u2019 hab\u00eda causado el efecto deseado por el Gobierno entre los votantes indecisos, que se volcaron por el cordob\u00e9s Juan Schiaretti, por la titular de Pro, Patricia Bullrich, por la candidata de la izquierda, Myriam Bregman, y por el propio Massa, dejando a LLA estancado en el piso de 30 puntos que le hab\u00eda dado la mayor alegr\u00eda pol\u00edtica de su vida en las PASO de agosto y fueron insuficientes para coronarlo con el primer lugar en octubre.<\/h3>\n<h3>Golpeado por el resultado, que esperaba fuera mucho m\u00e1s holgado, apenas despu\u00e9s de la elecci\u00f3n profundiz\u00f3 a\u00fan m\u00e1s la moderaci\u00f3n de sus mensajes de cara al balotaje. Pidi\u00f3 que se limitara a cuatro la cantidad de dirigentes-voceros del espacio para evitar errores en el tramo electoral cr\u00edtico (un par\u00e9ntesis en el ejercicio de libertad total que pregona para el funcionamiento de su espacio); y pact\u00f3 en dos d\u00edas una alianza con el Pro de Macri y Patricia Bullrich, aunque con advertencias de que s\u00f3lo era un apoyo \u201cincondicional\u201d y no con vistas a un futuro go-gobierno.<\/h3>\n<h3>Tambi\u00e9n se deshizo del armador Carlos Kikuchi, mano derecha de su hermana, que se hab\u00eda encargado, entre controversias, de completar las listas de concejales en el territorio bonaerense y en el interior, un personaje que provocaba extremo escepticismo entre los miembros de peso del espacio, que pon\u00edan en duda su lealtad libertaria desde el a\u00f1o pasado. Milei, que se hab\u00eda dedicado a convocar para las n\u00f3minas nacionales de CABA y PBA pero nunca tuvo control sobre el armado territorial, no tom\u00f3 cartas en el asunto hasta despu\u00e9s de las Generales, cuando muchos de los diputados, legisladores y concejales electos de LLA convocados por el armador empezaron a abandonar el barco o a amenazar con hacerlo, d\u00e1ndoles la raz\u00f3n a sus colaboradores desconfiados.<\/h3>\n<h3>En el r\u00e1pido desarrollo del perfil pol\u00edtico del espacio fue clave el empoderamiento de Francos, ex diputado nacional con experiencia en la funci\u00f3n porte\u00f1a a comienzos de los 90, que hab\u00eda trabajado codo a codo con Domingo Cavallo hacia el final de la d\u00e9cada. Milei lo conoci\u00f3 en la gesti\u00f3n de la unidad Aeropuertos Argentina 2000 y desde entonces se hicieron amigos. El economista respetaba la experiencia de Francos, veinte a\u00f1os mayor, como ladero de su admirado ex ministro de Econom\u00eda. Y en agosto, cuando la posibilidad de llegar a la Casa Rosada se solidific\u00f3, lo convoc\u00f3 para sumarse a la campa\u00f1a, con el compromiso de que, si ganaba la Presidencia, le entregar\u00eda el manejo del Ministerio del Interior. El abogado acept\u00f3 de inmediato, y le avis\u00f3 a Alberto Fern\u00e1ndez y a Sergio Massa que en las siguientes semanas abandonar\u00eda su puesto como representante ante el Banco Interamericano de Desarrollo (BID).<\/h3>\n<h3>Con esa estrategia Milei logr\u00f3 ampliar el espectro de su ascendencia progresivamente, y su n\u00facleo de adherentes dej\u00f3 de estar formado exclusivamente por hombres j\u00f3venes de clase media para expandirse hacia otros sectores etarios y sociales. Un crecimiento que lleg\u00f3 a su m\u00e1ximo hist\u00f3rico anoche, para el cual fue clave el acuerdo pol\u00edtico-electoral con Mauricio Macri y Patricia Bullrich, significativamente m\u00e1s populares entre los mayores de 50.<\/h3>\n<h3>A pesar de los esfuerzos para moderarse y tender puentes con otros sectores, 72 horas antes de la elecci\u00f3n, Milei azuz\u00f3, sorpresivamente, una \u00faltima pol\u00e9mica, al llevar las denuncias an\u00f3nimas por supuesto \u201cfraude\u201d que suelen aparecer en redes sociales al \u00e1mbito formal de la Justicia Electoral. Esto a pesar de que su propio \u201cresponsable tecnol\u00f3gico\u201d, Fernando Cerimedo, encargado del v\u00ednculo con la Direcci\u00f3n Nacional Electoral (DINE), hab\u00eda dicho, tan s\u00f3lo en septiembre, que no hab\u00eda ning\u00fan riesgo de fraude propiamente dicho, y que las autoridades del gobierno y de la c\u00e1mara hab\u00edan respondido a todos sus requerimientos para que LLA siguiera, de manera minuciosa, el desarrollo de los comicios generales. En su entorno dicen que lo hizo porque est\u00e1 seguro de que el peronismo le rob\u00f3 hasta cinco puntos en las anteriores instancias y de que volver\u00e1 a hacerlo. En el oficialismo, en cambio, est\u00e1n convencidos de que fue con fines pol\u00edticos.<\/h3>\n<h3>Tras pasar incontables horas en los sets de televisi\u00f3n, con la ayuda de la militancia de los j\u00f3venes en las redes sociales, en un contexto de crisis de la representaci\u00f3n pol\u00edtica y una situaci\u00f3n econ\u00f3mica cada vez m\u00e1s grave, el l\u00edder de La Libertad Avanza suele explicar su r\u00e9cord desde la m\u00edstica. M\u00e1s all\u00e1 del contexto de inflaci\u00f3n y corrupci\u00f3n que crecieron al calor de los gobiernos menemistas, kirchneristas y macrista durante los \u00faltimos treinta a\u00f1os y facilitaron su crecimiento, cree profundamente que es el \u201celegido de Dios\u201d para sacar al pa\u00eds de la \u201cdecadencia\u201d. Desde el 10 de diciembre deber\u00e1 fundamentar con hechos sus promesas mesi\u00e1nicas.<\/h3>\n<h4><strong><em>* Columnista de Infobae.<\/em><\/strong><\/h4>\n<p>&nbsp;<\/p>\n<p>&nbsp;<\/p>\n<p>&nbsp;<\/p>\n","protected":false},"excerpt":{"rendered":"<p>C\u00f3mo fueron sus primeros contactos con el mundo partidario. De la improvisaci\u00f3n y las extravagancias&#8230;<\/p>\n","protected":false},"author":1,"featured_media":5343,"comment_status":"closed","ping_status":"closed","sticky":false,"template":"","format":"standard","meta":{"footnotes":""},"categories":[5],"tags":[],"class_list":["post-7036","post","type-post","status-publish","format-standard","has-post-thumbnail","hentry","category-nacionales-internacionales"],"yoast_head":"<!-- This site is optimized with the Yoast SEO plugin v26.1.1 - https:\/\/yoast.com\/wordpress\/plugins\/seo\/ -->\n<title>JAVIER MILEI: DOS A\u00d1OS DE CARRERA POL\u00cdTICA QUE LLEVARON AL ECONOMISTA OUTSIDER DE DERECHA A LA PRESIDENCIA - Apuntes de San Luis<\/title>\n<meta name=\"robots\" content=\"index, follow, max-snippet:-1, max-image-preview:large, max-video-preview:-1\" \/>\n<link rel=\"canonical\" href=\"https:\/\/apuntesdesanluis.com\/index.php\/2023\/11\/19\/javier-milei-dos-anos-de-carrera-politica-que-llevaron-al-economista-outsider-de-derecha-a-la-presidencia\/\" \/>\n<meta property=\"og:locale\" content=\"es_ES\" \/>\n<meta property=\"og:type\" content=\"article\" \/>\n<meta property=\"og:title\" content=\"JAVIER MILEI: DOS A\u00d1OS DE CARRERA POL\u00cdTICA QUE LLEVARON AL ECONOMISTA OUTSIDER DE DERECHA A LA PRESIDENCIA - Apuntes de San Luis\" \/>\n<meta property=\"og:description\" content=\"C\u00f3mo fueron sus primeros contactos con el mundo partidario. De la improvisaci\u00f3n y las extravagancias...\" \/>\n<meta property=\"og:url\" content=\"https:\/\/apuntesdesanluis.com\/index.php\/2023\/11\/19\/javier-milei-dos-anos-de-carrera-politica-que-llevaron-al-economista-outsider-de-derecha-a-la-presidencia\/\" \/>\n<meta property=\"og:site_name\" content=\"Apuntes de San Luis\" \/>\n<meta property=\"article:published_time\" content=\"2023-11-19T23:55:22+00:00\" \/>\n<meta property=\"article:modified_time\" content=\"2023-11-19T23:55:43+00:00\" \/>\n<meta property=\"og:image\" content=\"https:\/\/apuntesdesanluis.com\/wp-content\/uploads\/2023\/10\/acto-de-milei.png\" \/>\n\t<meta property=\"og:image:width\" content=\"600\" \/>\n\t<meta property=\"og:image:height\" content=\"353\" \/>\n\t<meta property=\"og:image:type\" content=\"image\/png\" \/>\n<meta name=\"author\" content=\"apuntesdesanluis.com\" \/>\n<meta name=\"twitter:card\" content=\"summary_large_image\" \/>\n<meta name=\"twitter:label1\" content=\"Escrito por\" \/>\n\t<meta name=\"twitter:data1\" content=\"apuntesdesanluis.com\" \/>\n\t<meta name=\"twitter:label2\" content=\"Tiempo de lectura\" \/>\n\t<meta name=\"twitter:data2\" content=\"10 minutos\" \/>\n<script type=\"application\/ld+json\" class=\"yoast-schema-graph\">{\"@context\":\"https:\/\/schema.org\",\"@graph\":[{\"@type\":\"Article\",\"@id\":\"https:\/\/apuntesdesanluis.com\/index.php\/2023\/11\/19\/javier-milei-dos-anos-de-carrera-politica-que-llevaron-al-economista-outsider-de-derecha-a-la-presidencia\/#article\",\"isPartOf\":{\"@id\":\"https:\/\/apuntesdesanluis.com\/index.php\/2023\/11\/19\/javier-milei-dos-anos-de-carrera-politica-que-llevaron-al-economista-outsider-de-derecha-a-la-presidencia\/\"},\"author\":{\"name\":\"apuntesdesanluis.com\",\"@id\":\"https:\/\/apuntesdesanluis.com\/#\/schema\/person\/b55151d52296fcce64d1a72538a70b90\"},\"headline\":\"JAVIER MILEI: DOS A\u00d1OS DE CARRERA POL\u00cdTICA QUE LLEVARON AL ECONOMISTA OUTSIDER DE DERECHA A LA PRESIDENCIA\",\"datePublished\":\"2023-11-19T23:55:22+00:00\",\"dateModified\":\"2023-11-19T23:55:43+00:00\",\"mainEntityOfPage\":{\"@id\":\"https:\/\/apuntesdesanluis.com\/index.php\/2023\/11\/19\/javier-milei-dos-anos-de-carrera-politica-que-llevaron-al-economista-outsider-de-derecha-a-la-presidencia\/\"},\"wordCount\":2242,\"publisher\":{\"@id\":\"https:\/\/apuntesdesanluis.com\/#\/schema\/person\/b55151d52296fcce64d1a72538a70b90\"},\"image\":{\"@id\":\"https:\/\/apuntesdesanluis.com\/index.php\/2023\/11\/19\/javier-milei-dos-anos-de-carrera-politica-que-llevaron-al-economista-outsider-de-derecha-a-la-presidencia\/#primaryimage\"},\"thumbnailUrl\":\"https:\/\/apuntesdesanluis.com\/wp-content\/uploads\/2023\/10\/acto-de-milei.png\",\"articleSection\":[\"Nacionales\/Internacionales\"],\"inLanguage\":\"es-AR\"},{\"@type\":\"WebPage\",\"@id\":\"https:\/\/apuntesdesanluis.com\/index.php\/2023\/11\/19\/javier-milei-dos-anos-de-carrera-politica-que-llevaron-al-economista-outsider-de-derecha-a-la-presidencia\/\",\"url\":\"https:\/\/apuntesdesanluis.com\/index.php\/2023\/11\/19\/javier-milei-dos-anos-de-carrera-politica-que-llevaron-al-economista-outsider-de-derecha-a-la-presidencia\/\",\"name\":\"JAVIER MILEI: DOS A\u00d1OS DE CARRERA POL\u00cdTICA QUE LLEVARON AL ECONOMISTA OUTSIDER DE DERECHA A LA PRESIDENCIA - Apuntes de San Luis\",\"isPartOf\":{\"@id\":\"https:\/\/apuntesdesanluis.com\/#website\"},\"primaryImageOfPage\":{\"@id\":\"https:\/\/apuntesdesanluis.com\/index.php\/2023\/11\/19\/javier-milei-dos-anos-de-carrera-politica-que-llevaron-al-economista-outsider-de-derecha-a-la-presidencia\/#primaryimage\"},\"image\":{\"@id\":\"https:\/\/apuntesdesanluis.com\/index.php\/2023\/11\/19\/javier-milei-dos-anos-de-carrera-politica-que-llevaron-al-economista-outsider-de-derecha-a-la-presidencia\/#primaryimage\"},\"thumbnailUrl\":\"https:\/\/apuntesdesanluis.com\/wp-content\/uploads\/2023\/10\/acto-de-milei.png\",\"datePublished\":\"2023-11-19T23:55:22+00:00\",\"dateModified\":\"2023-11-19T23:55:43+00:00\",\"breadcrumb\":{\"@id\":\"https:\/\/apuntesdesanluis.com\/index.php\/2023\/11\/19\/javier-milei-dos-anos-de-carrera-politica-que-llevaron-al-economista-outsider-de-derecha-a-la-presidencia\/#breadcrumb\"},\"inLanguage\":\"es-AR\",\"potentialAction\":[{\"@type\":\"ReadAction\",\"target\":[\"https:\/\/apuntesdesanluis.com\/index.php\/2023\/11\/19\/javier-milei-dos-anos-de-carrera-politica-que-llevaron-al-economista-outsider-de-derecha-a-la-presidencia\/\"]}]},{\"@type\":\"ImageObject\",\"inLanguage\":\"es-AR\",\"@id\":\"https:\/\/apuntesdesanluis.com\/index.php\/2023\/11\/19\/javier-milei-dos-anos-de-carrera-politica-que-llevaron-al-economista-outsider-de-derecha-a-la-presidencia\/#primaryimage\",\"url\":\"https:\/\/apuntesdesanluis.com\/wp-content\/uploads\/2023\/10\/acto-de-milei.png\",\"contentUrl\":\"https:\/\/apuntesdesanluis.com\/wp-content\/uploads\/2023\/10\/acto-de-milei.png\",\"width\":600,\"height\":353},{\"@type\":\"BreadcrumbList\",\"@id\":\"https:\/\/apuntesdesanluis.com\/index.php\/2023\/11\/19\/javier-milei-dos-anos-de-carrera-politica-que-llevaron-al-economista-outsider-de-derecha-a-la-presidencia\/#breadcrumb\",\"itemListElement\":[{\"@type\":\"ListItem\",\"position\":1,\"name\":\"Inicio\",\"item\":\"https:\/\/apuntesdesanluis.com\/\"},{\"@type\":\"ListItem\",\"position\":2,\"name\":\"JAVIER MILEI: DOS A\u00d1OS DE CARRERA POL\u00cdTICA QUE LLEVARON AL ECONOMISTA OUTSIDER DE DERECHA A LA PRESIDENCIA\"}]},{\"@type\":\"WebSite\",\"@id\":\"https:\/\/apuntesdesanluis.com\/#website\",\"url\":\"https:\/\/apuntesdesanluis.com\/\",\"name\":\"Apuntes de San Luis\",\"description\":\"\",\"publisher\":{\"@id\":\"https:\/\/apuntesdesanluis.com\/#\/schema\/person\/b55151d52296fcce64d1a72538a70b90\"},\"potentialAction\":[{\"@type\":\"SearchAction\",\"target\":{\"@type\":\"EntryPoint\",\"urlTemplate\":\"https:\/\/apuntesdesanluis.com\/?s={search_term_string}\"},\"query-input\":{\"@type\":\"PropertyValueSpecification\",\"valueRequired\":true,\"valueName\":\"search_term_string\"}}],\"inLanguage\":\"es-AR\"},{\"@type\":[\"Person\",\"Organization\"],\"@id\":\"https:\/\/apuntesdesanluis.com\/#\/schema\/person\/b55151d52296fcce64d1a72538a70b90\",\"name\":\"apuntesdesanluis.com\",\"image\":{\"@type\":\"ImageObject\",\"inLanguage\":\"es-AR\",\"@id\":\"https:\/\/apuntesdesanluis.com\/#\/schema\/person\/image\/\",\"url\":\"https:\/\/apuntesdesanluis.com\/wp-content\/uploads\/2023\/07\/cropped-apuntesdesanluis.png\",\"contentUrl\":\"https:\/\/apuntesdesanluis.com\/wp-content\/uploads\/2023\/07\/cropped-apuntesdesanluis.png\",\"width\":450,\"height\":112,\"caption\":\"apuntesdesanluis.com\"},\"logo\":{\"@id\":\"https:\/\/apuntesdesanluis.com\/#\/schema\/person\/image\/\"},\"sameAs\":[\"https:\/\/apuntesdesanluis.com\"],\"url\":\"https:\/\/apuntesdesanluis.com\/index.php\/author\/apuntesdesanluis-com\/\"}]}<\/script>\n<!-- \/ Yoast SEO plugin. -->","yoast_head_json":{"title":"JAVIER MILEI: DOS A\u00d1OS DE CARRERA POL\u00cdTICA QUE LLEVARON AL ECONOMISTA OUTSIDER DE DERECHA A LA PRESIDENCIA - Apuntes de San Luis","robots":{"index":"index","follow":"follow","max-snippet":"max-snippet:-1","max-image-preview":"max-image-preview:large","max-video-preview":"max-video-preview:-1"},"canonical":"https:\/\/apuntesdesanluis.com\/index.php\/2023\/11\/19\/javier-milei-dos-anos-de-carrera-politica-que-llevaron-al-economista-outsider-de-derecha-a-la-presidencia\/","og_locale":"es_ES","og_type":"article","og_title":"JAVIER MILEI: DOS A\u00d1OS DE CARRERA POL\u00cdTICA QUE LLEVARON AL ECONOMISTA OUTSIDER DE DERECHA A LA PRESIDENCIA - Apuntes de San Luis","og_description":"C\u00f3mo fueron sus primeros contactos con el mundo partidario. De la improvisaci\u00f3n y las extravagancias...","og_url":"https:\/\/apuntesdesanluis.com\/index.php\/2023\/11\/19\/javier-milei-dos-anos-de-carrera-politica-que-llevaron-al-economista-outsider-de-derecha-a-la-presidencia\/","og_site_name":"Apuntes de San Luis","article_published_time":"2023-11-19T23:55:22+00:00","article_modified_time":"2023-11-19T23:55:43+00:00","og_image":[{"width":600,"height":353,"url":"https:\/\/apuntesdesanluis.com\/wp-content\/uploads\/2023\/10\/acto-de-milei.png","type":"image\/png"}],"author":"apuntesdesanluis.com","twitter_card":"summary_large_image","twitter_misc":{"Escrito por":"apuntesdesanluis.com","Tiempo de lectura":"10 minutos"},"schema":{"@context":"https:\/\/schema.org","@graph":[{"@type":"Article","@id":"https:\/\/apuntesdesanluis.com\/index.php\/2023\/11\/19\/javier-milei-dos-anos-de-carrera-politica-que-llevaron-al-economista-outsider-de-derecha-a-la-presidencia\/#article","isPartOf":{"@id":"https:\/\/apuntesdesanluis.com\/index.php\/2023\/11\/19\/javier-milei-dos-anos-de-carrera-politica-que-llevaron-al-economista-outsider-de-derecha-a-la-presidencia\/"},"author":{"name":"apuntesdesanluis.com","@id":"https:\/\/apuntesdesanluis.com\/#\/schema\/person\/b55151d52296fcce64d1a72538a70b90"},"headline":"JAVIER MILEI: DOS A\u00d1OS DE CARRERA POL\u00cdTICA QUE LLEVARON AL ECONOMISTA OUTSIDER DE DERECHA A LA PRESIDENCIA","datePublished":"2023-11-19T23:55:22+00:00","dateModified":"2023-11-19T23:55:43+00:00","mainEntityOfPage":{"@id":"https:\/\/apuntesdesanluis.com\/index.php\/2023\/11\/19\/javier-milei-dos-anos-de-carrera-politica-que-llevaron-al-economista-outsider-de-derecha-a-la-presidencia\/"},"wordCount":2242,"publisher":{"@id":"https:\/\/apuntesdesanluis.com\/#\/schema\/person\/b55151d52296fcce64d1a72538a70b90"},"image":{"@id":"https:\/\/apuntesdesanluis.com\/index.php\/2023\/11\/19\/javier-milei-dos-anos-de-carrera-politica-que-llevaron-al-economista-outsider-de-derecha-a-la-presidencia\/#primaryimage"},"thumbnailUrl":"https:\/\/apuntesdesanluis.com\/wp-content\/uploads\/2023\/10\/acto-de-milei.png","articleSection":["Nacionales\/Internacionales"],"inLanguage":"es-AR"},{"@type":"WebPage","@id":"https:\/\/apuntesdesanluis.com\/index.php\/2023\/11\/19\/javier-milei-dos-anos-de-carrera-politica-que-llevaron-al-economista-outsider-de-derecha-a-la-presidencia\/","url":"https:\/\/apuntesdesanluis.com\/index.php\/2023\/11\/19\/javier-milei-dos-anos-de-carrera-politica-que-llevaron-al-economista-outsider-de-derecha-a-la-presidencia\/","name":"JAVIER MILEI: DOS A\u00d1OS DE CARRERA POL\u00cdTICA QUE LLEVARON AL ECONOMISTA OUTSIDER DE DERECHA A LA PRESIDENCIA - Apuntes de San Luis","isPartOf":{"@id":"https:\/\/apuntesdesanluis.com\/#website"},"primaryImageOfPage":{"@id":"https:\/\/apuntesdesanluis.com\/index.php\/2023\/11\/19\/javier-milei-dos-anos-de-carrera-politica-que-llevaron-al-economista-outsider-de-derecha-a-la-presidencia\/#primaryimage"},"image":{"@id":"https:\/\/apuntesdesanluis.com\/index.php\/2023\/11\/19\/javier-milei-dos-anos-de-carrera-politica-que-llevaron-al-economista-outsider-de-derecha-a-la-presidencia\/#primaryimage"},"thumbnailUrl":"https:\/\/apuntesdesanluis.com\/wp-content\/uploads\/2023\/10\/acto-de-milei.png","datePublished":"2023-11-19T23:55:22+00:00","dateModified":"2023-11-19T23:55:43+00:00","breadcrumb":{"@id":"https:\/\/apuntesdesanluis.com\/index.php\/2023\/11\/19\/javier-milei-dos-anos-de-carrera-politica-que-llevaron-al-economista-outsider-de-derecha-a-la-presidencia\/#breadcrumb"},"inLanguage":"es-AR","potentialAction":[{"@type":"ReadAction","target":["https:\/\/apuntesdesanluis.com\/index.php\/2023\/11\/19\/javier-milei-dos-anos-de-carrera-politica-que-llevaron-al-economista-outsider-de-derecha-a-la-presidencia\/"]}]},{"@type":"ImageObject","inLanguage":"es-AR","@id":"https:\/\/apuntesdesanluis.com\/index.php\/2023\/11\/19\/javier-milei-dos-anos-de-carrera-politica-que-llevaron-al-economista-outsider-de-derecha-a-la-presidencia\/#primaryimage","url":"https:\/\/apuntesdesanluis.com\/wp-content\/uploads\/2023\/10\/acto-de-milei.png","contentUrl":"https:\/\/apuntesdesanluis.com\/wp-content\/uploads\/2023\/10\/acto-de-milei.png","width":600,"height":353},{"@type":"BreadcrumbList","@id":"https:\/\/apuntesdesanluis.com\/index.php\/2023\/11\/19\/javier-milei-dos-anos-de-carrera-politica-que-llevaron-al-economista-outsider-de-derecha-a-la-presidencia\/#breadcrumb","itemListElement":[{"@type":"ListItem","position":1,"name":"Inicio","item":"https:\/\/apuntesdesanluis.com\/"},{"@type":"ListItem","position":2,"name":"JAVIER MILEI: DOS A\u00d1OS DE CARRERA POL\u00cdTICA QUE LLEVARON AL ECONOMISTA OUTSIDER DE DERECHA A LA PRESIDENCIA"}]},{"@type":"WebSite","@id":"https:\/\/apuntesdesanluis.com\/#website","url":"https:\/\/apuntesdesanluis.com\/","name":"Apuntes de San Luis","description":"","publisher":{"@id":"https:\/\/apuntesdesanluis.com\/#\/schema\/person\/b55151d52296fcce64d1a72538a70b90"},"potentialAction":[{"@type":"SearchAction","target":{"@type":"EntryPoint","urlTemplate":"https:\/\/apuntesdesanluis.com\/?s={search_term_string}"},"query-input":{"@type":"PropertyValueSpecification","valueRequired":true,"valueName":"search_term_string"}}],"inLanguage":"es-AR"},{"@type":["Person","Organization"],"@id":"https:\/\/apuntesdesanluis.com\/#\/schema\/person\/b55151d52296fcce64d1a72538a70b90","name":"apuntesdesanluis.com","image":{"@type":"ImageObject","inLanguage":"es-AR","@id":"https:\/\/apuntesdesanluis.com\/#\/schema\/person\/image\/","url":"https:\/\/apuntesdesanluis.com\/wp-content\/uploads\/2023\/07\/cropped-apuntesdesanluis.png","contentUrl":"https:\/\/apuntesdesanluis.com\/wp-content\/uploads\/2023\/07\/cropped-apuntesdesanluis.png","width":450,"height":112,"caption":"apuntesdesanluis.com"},"logo":{"@id":"https:\/\/apuntesdesanluis.com\/#\/schema\/person\/image\/"},"sameAs":["https:\/\/apuntesdesanluis.com"],"url":"https:\/\/apuntesdesanluis.com\/index.php\/author\/apuntesdesanluis-com\/"}]}},"featured_image_urls":{"full":["https:\/\/apuntesdesanluis.com\/wp-content\/uploads\/2023\/10\/acto-de-milei.png",600,353,false],"thumbnail":["https:\/\/apuntesdesanluis.com\/wp-content\/uploads\/2023\/10\/acto-de-milei-150x150.png",150,150,true],"medium":["https:\/\/apuntesdesanluis.com\/wp-content\/uploads\/2023\/10\/acto-de-milei-300x177.png",300,177,true],"medium_large":["https:\/\/apuntesdesanluis.com\/wp-content\/uploads\/2023\/10\/acto-de-milei.png",600,353,false],"large":["https:\/\/apuntesdesanluis.com\/wp-content\/uploads\/2023\/10\/acto-de-milei.png",600,353,false],"1536x1536":["https:\/\/apuntesdesanluis.com\/wp-content\/uploads\/2023\/10\/acto-de-milei.png",600,353,false],"2048x2048":["https:\/\/apuntesdesanluis.com\/wp-content\/uploads\/2023\/10\/acto-de-milei.png",600,353,false],"newsever-slider-full":["https:\/\/apuntesdesanluis.com\/wp-content\/uploads\/2023\/10\/acto-de-milei.png",600,353,false],"newsever-featured":["https:\/\/apuntesdesanluis.com\/wp-content\/uploads\/2023\/10\/acto-de-milei.png",600,353,false],"newsever-medium":["https:\/\/apuntesdesanluis.com\/wp-content\/uploads\/2023\/10\/acto-de-milei.png",600,353,false]},"author_info":{"display_name":"apuntesdesanluis.com","author_link":"https:\/\/apuntesdesanluis.com\/index.php\/author\/apuntesdesanluis-com\/"},"category_info":"<a href=\"https:\/\/apuntesdesanluis.com\/index.php\/category\/nacionales-internacionales\/\" rel=\"category tag\">Nacionales\/Internacionales<\/a>","tag_info":"Nacionales\/Internacionales","comment_count":"0","_links":{"self":[{"href":"https:\/\/apuntesdesanluis.com\/index.php\/wp-json\/wp\/v2\/posts\/7036","targetHints":{"allow":["GET"]}}],"collection":[{"href":"https:\/\/apuntesdesanluis.com\/index.php\/wp-json\/wp\/v2\/posts"}],"about":[{"href":"https:\/\/apuntesdesanluis.com\/index.php\/wp-json\/wp\/v2\/types\/post"}],"author":[{"embeddable":true,"href":"https:\/\/apuntesdesanluis.com\/index.php\/wp-json\/wp\/v2\/users\/1"}],"replies":[{"embeddable":true,"href":"https:\/\/apuntesdesanluis.com\/index.php\/wp-json\/wp\/v2\/comments?post=7036"}],"version-history":[{"count":1,"href":"https:\/\/apuntesdesanluis.com\/index.php\/wp-json\/wp\/v2\/posts\/7036\/revisions"}],"predecessor-version":[{"id":7038,"href":"https:\/\/apuntesdesanluis.com\/index.php\/wp-json\/wp\/v2\/posts\/7036\/revisions\/7038"}],"wp:featuredmedia":[{"embeddable":true,"href":"https:\/\/apuntesdesanluis.com\/index.php\/wp-json\/wp\/v2\/media\/5343"}],"wp:attachment":[{"href":"https:\/\/apuntesdesanluis.com\/index.php\/wp-json\/wp\/v2\/media?parent=7036"}],"wp:term":[{"taxonomy":"category","embeddable":true,"href":"https:\/\/apuntesdesanluis.com\/index.php\/wp-json\/wp\/v2\/categories?post=7036"},{"taxonomy":"post_tag","embeddable":true,"href":"https:\/\/apuntesdesanluis.com\/index.php\/wp-json\/wp\/v2\/tags?post=7036"}],"curies":[{"name":"wp","href":"https:\/\/api.w.org\/{rel}","templated":true}]}}