{"id":7039,"date":"2023-11-20T08:52:17","date_gmt":"2023-11-20T11:52:17","guid":{"rendered":"https:\/\/apuntesdesanluis.com\/?p=7039"},"modified":"2023-11-20T08:56:16","modified_gmt":"2023-11-20T11:56:16","slug":"definicion-de-javier-milei-como-presidente-electo-no-hay-lugar-para-el-gradualismo-ni-para-la-tibieza","status":"publish","type":"post","link":"https:\/\/apuntesdesanluis.com\/index.php\/2023\/11\/20\/definicion-de-javier-milei-como-presidente-electo-no-hay-lugar-para-el-gradualismo-ni-para-la-tibieza\/","title":{"rendered":"DEFINICI\u00d3N DE JAVIER MILEI COMO PRESIDENTE ELECTO: &#8220;NO HAY LUGAR PARA EL GRADUALISMO NI PARA LA TIBIEZA&#8221;"},"content":{"rendered":"<h3>&#8220;No hay lugar para medias tintas&#8221;, asegur\u00f3 el economista libertario en un duro discurso en el que asegur\u00f3 que &#8220;hoy comienza la reconstrucci\u00f3n de Argentina&#8221;. Con m\u00e1s del 99 % de las mesas escrutadas, consolidaba su triunfo con el 55 % de los votos.<\/h3>\n<h3><strong>Javier Milei<\/strong>, el candidato de La Libertad Avanza (LLA), es el nuevo presidente electo de la Rep\u00fablica Argentina. El economista libertario habla por primera vez este domingo por la noche, luego de conocerse los resultados que lo dan ganador con m\u00e1s del 55%\u00a0 de los votos. Estos n\u00fameros lo ubican a m\u00e1s de 11 puntos de ventaja sobre Sergio Massa.<\/h3>\n<h3>Al gobierno queremos pedirle que sea responsable, que entienda que lleg\u00f3 una nueva Argentina y que act\u00fae en consecuencia. Que se hagan cargo de su responsabilidad hasta el final del mandato del 10 del 12&#8243;., dijo Milei desde un escenario rodeado de banderas celestes y blancas y de carteles con la leyenda &#8220;Presidente electo Rep\u00fablica Argentina&#8221;, llamativamente muy similares a los dise\u00f1os oficiales de la Casa Blanca de Estados Unidos.<\/h3>\n<h3>\u201cLogramos el milagro de que Argentina tenga el primer presidente liberal-libertario\u201d, asegur\u00f3.<\/h3>\n<p><iframe title=\"ELECCIONES ARGENTINA 2023 | El discurso de victoria de Javier Milei | EL PA\u00cdS\" width=\"640\" height=\"360\" src=\"https:\/\/www.youtube.com\/embed\/LmonerUJVsY?feature=oembed\" frameborder=\"0\" allow=\"accelerometer; autoplay; clipboard-write; encrypted-media; gyroscope; picture-in-picture; web-share\" referrerpolicy=\"strict-origin-when-cross-origin\" allowfullscreen><\/iframe><\/p>\n<h3>\u201cQuiero agradecer a mi hermana Karina y a Santiago Caputo, que es el verdadero arquitecto de esto junto a &#8216;El Jefe&#8217;\u201d, dijo. Fue justamente su hermana (&#8216;El Jefe&#8217;, principal art\u00edfice de su campa\u00f1a electoral) quien lo present\u00f3 desde el atril en el que momentos despu\u00e9s habl\u00f3 por primera vez ante su militancia. Tambi\u00e9n fue la primera ocasi\u00f3n en la que ella habl\u00f3 p\u00fablicamente.<\/h3>\n<h3>&#8220;Basta del modelo empobrecido de la casta, volveremos a abrazar el modelo de la libertad para ser potencia mundial&#8221;, expres\u00f3 Milei.<\/h3>\n<h3>\u201cNo hay lugar para gradualismo ni para la tibieza, no hay lugar para medias tintas. Si no avanzamos r\u00e1pido con los cambios estructurales que la Argentina necesita nos dirigimos hacia la peor crisis de la historia\u201d, advirti\u00f3 el presidente electo, que se impuso en 21 de los 24 distritos del pa\u00eds.<\/h3>\n<h3>&#8220;Quiero agradecerle muy especialmente al presidente Macri y a la se\u00f1ora Bullrich, que desinteresadamente pusieron el cuerpo para el cambio que la Argentina necesita&#8221;, sostuvo en otro tramo de su discurso respecto de su acuerdo con Juntos por el Cambio.<\/h3>\n<h3>&#8220;Hoy comienza el fin de la decadencia argentina. Hoy se termina el modelo empobrecedor del Estado presente&#8221;.<\/h3>\n<h3>&#8220;Hoy volveremos a abrazar las ideas de la libertad, las ideas de Alberdi. Las ideas que hicieron que pas\u00e1ramos de ser b\u00e1rbaros a potencia mundial&#8221;, dijo.<\/h3>\n<h3><\/h3>\n<h3>\u201cA pesar de lo sombr\u00edo de la situaci\u00f3n, quiero decirle a los argentinos que Argentina tiene futuro, pero ese futuro existe si es liberal\u201d, dijo.<\/h3>\n<p>&nbsp;<\/p>\n<p>&nbsp;<\/p>\n<p>&nbsp;<\/p>\n<p>&nbsp;<\/p>\n","protected":false},"excerpt":{"rendered":"<p>&#8220;No hay lugar para medias tintas&#8221;, asegur\u00f3 el economista libertario en un duro discurso en&#8230;<\/p>\n","protected":false},"author":1,"featured_media":7040,"comment_status":"closed","ping_status":"closed","sticky":false,"template":"","format":"standard","meta":{"footnotes":""},"categories":[5],"tags":[],"class_list":["post-7039","post","type-post","status-publish","format-standard","has-post-thumbnail","hentry","category-nacionales-internacionales"],"yoast_head":"<!-- This site is optimized with the Yoast SEO plugin v26.1.1 - https:\/\/yoast.com\/wordpress\/plugins\/seo\/ -->\n<title>DEFINICI\u00d3N DE JAVIER MILEI COMO PRESIDENTE ELECTO: &quot;NO HAY LUGAR PARA EL GRADUALISMO NI PARA LA TIBIEZA&quot; - Apuntes de San Luis<\/title>\n<meta name=\"robots\" content=\"index, follow, max-snippet:-1, max-image-preview:large, max-video-preview:-1\" \/>\n<link rel=\"canonical\" href=\"https:\/\/apuntesdesanluis.com\/index.php\/2023\/11\/20\/definicion-de-javier-milei-como-presidente-electo-no-hay-lugar-para-el-gradualismo-ni-para-la-tibieza\/\" \/>\n<meta property=\"og:locale\" content=\"es_ES\" \/>\n<meta property=\"og:type\" content=\"article\" \/>\n<meta property=\"og:title\" content=\"DEFINICI\u00d3N DE JAVIER MILEI COMO PRESIDENTE ELECTO: &quot;NO HAY LUGAR PARA EL GRADUALISMO NI PARA LA TIBIEZA&quot; - Apuntes de San Luis\" \/>\n<meta property=\"og:description\" content=\"&#8220;No hay lugar para medias tintas&#8221;, asegur\u00f3 el economista libertario en un duro discurso en...\" \/>\n<meta property=\"og:url\" content=\"https:\/\/apuntesdesanluis.com\/index.php\/2023\/11\/20\/definicion-de-javier-milei-como-presidente-electo-no-hay-lugar-para-el-gradualismo-ni-para-la-tibieza\/\" \/>\n<meta property=\"og:site_name\" content=\"Apuntes de San Luis\" \/>\n<meta property=\"article:published_time\" content=\"2023-11-20T11:52:17+00:00\" \/>\n<meta property=\"article:modified_time\" content=\"2023-11-20T11:56:16+00:00\" \/>\n<meta property=\"og:image\" content=\"https:\/\/apuntesdesanluis.com\/wp-content\/uploads\/2023\/11\/milei-7.png\" \/>\n\t<meta property=\"og:image:width\" content=\"748\" \/>\n\t<meta property=\"og:image:height\" content=\"457\" \/>\n\t<meta property=\"og:image:type\" content=\"image\/png\" \/>\n<meta name=\"author\" content=\"apuntesdesanluis.com\" \/>\n<meta name=\"twitter:card\" content=\"summary_large_image\" \/>\n<meta name=\"twitter:label1\" content=\"Escrito por\" \/>\n\t<meta name=\"twitter:data1\" content=\"apuntesdesanluis.com\" \/>\n\t<meta name=\"twitter:label2\" content=\"Tiempo de lectura\" \/>\n\t<meta name=\"twitter:data2\" content=\"2 minutos\" \/>\n<script type=\"application\/ld+json\" class=\"yoast-schema-graph\">{\"@context\":\"https:\/\/schema.org\",\"@graph\":[{\"@type\":\"Article\",\"@id\":\"https:\/\/apuntesdesanluis.com\/index.php\/2023\/11\/20\/definicion-de-javier-milei-como-presidente-electo-no-hay-lugar-para-el-gradualismo-ni-para-la-tibieza\/#article\",\"isPartOf\":{\"@id\":\"https:\/\/apuntesdesanluis.com\/index.php\/2023\/11\/20\/definicion-de-javier-milei-como-presidente-electo-no-hay-lugar-para-el-gradualismo-ni-para-la-tibieza\/\"},\"author\":{\"name\":\"apuntesdesanluis.com\",\"@id\":\"https:\/\/apuntesdesanluis.com\/#\/schema\/person\/b55151d52296fcce64d1a72538a70b90\"},\"headline\":\"DEFINICI\u00d3N DE JAVIER MILEI COMO PRESIDENTE ELECTO: &#8220;NO HAY LUGAR PARA EL GRADUALISMO NI PARA LA TIBIEZA&#8221;\",\"datePublished\":\"2023-11-20T11:52:17+00:00\",\"dateModified\":\"2023-11-20T11:56:16+00:00\",\"mainEntityOfPage\":{\"@id\":\"https:\/\/apuntesdesanluis.com\/index.php\/2023\/11\/20\/definicion-de-javier-milei-como-presidente-electo-no-hay-lugar-para-el-gradualismo-ni-para-la-tibieza\/\"},\"wordCount\":469,\"publisher\":{\"@id\":\"https:\/\/apuntesdesanluis.com\/#\/schema\/person\/b55151d52296fcce64d1a72538a70b90\"},\"image\":{\"@id\":\"https:\/\/apuntesdesanluis.com\/index.php\/2023\/11\/20\/definicion-de-javier-milei-como-presidente-electo-no-hay-lugar-para-el-gradualismo-ni-para-la-tibieza\/#primaryimage\"},\"thumbnailUrl\":\"https:\/\/apuntesdesanluis.com\/wp-content\/uploads\/2023\/11\/milei-7.png\",\"articleSection\":[\"Nacionales\/Internacionales\"],\"inLanguage\":\"es-AR\"},{\"@type\":\"WebPage\",\"@id\":\"https:\/\/apuntesdesanluis.com\/index.php\/2023\/11\/20\/definicion-de-javier-milei-como-presidente-electo-no-hay-lugar-para-el-gradualismo-ni-para-la-tibieza\/\",\"url\":\"https:\/\/apuntesdesanluis.com\/index.php\/2023\/11\/20\/definicion-de-javier-milei-como-presidente-electo-no-hay-lugar-para-el-gradualismo-ni-para-la-tibieza\/\",\"name\":\"DEFINICI\u00d3N DE JAVIER MILEI COMO PRESIDENTE ELECTO: \\\"NO HAY LUGAR PARA EL GRADUALISMO NI PARA LA TIBIEZA\\\" - Apuntes de San Luis\",\"isPartOf\":{\"@id\":\"https:\/\/apuntesdesanluis.com\/#website\"},\"primaryImageOfPage\":{\"@id\":\"https:\/\/apuntesdesanluis.com\/index.php\/2023\/11\/20\/definicion-de-javier-milei-como-presidente-electo-no-hay-lugar-para-el-gradualismo-ni-para-la-tibieza\/#primaryimage\"},\"image\":{\"@id\":\"https:\/\/apuntesdesanluis.com\/index.php\/2023\/11\/20\/definicion-de-javier-milei-como-presidente-electo-no-hay-lugar-para-el-gradualismo-ni-para-la-tibieza\/#primaryimage\"},\"thumbnailUrl\":\"https:\/\/apuntesdesanluis.com\/wp-content\/uploads\/2023\/11\/milei-7.png\",\"datePublished\":\"2023-11-20T11:52:17+00:00\",\"dateModified\":\"2023-11-20T11:56:16+00:00\",\"breadcrumb\":{\"@id\":\"https:\/\/apuntesdesanluis.com\/index.php\/2023\/11\/20\/definicion-de-javier-milei-como-presidente-electo-no-hay-lugar-para-el-gradualismo-ni-para-la-tibieza\/#breadcrumb\"},\"inLanguage\":\"es-AR\",\"potentialAction\":[{\"@type\":\"ReadAction\",\"target\":[\"https:\/\/apuntesdesanluis.com\/index.php\/2023\/11\/20\/definicion-de-javier-milei-como-presidente-electo-no-hay-lugar-para-el-gradualismo-ni-para-la-tibieza\/\"]}]},{\"@type\":\"ImageObject\",\"inLanguage\":\"es-AR\",\"@id\":\"https:\/\/apuntesdesanluis.com\/index.php\/2023\/11\/20\/definicion-de-javier-milei-como-presidente-electo-no-hay-lugar-para-el-gradualismo-ni-para-la-tibieza\/#primaryimage\",\"url\":\"https:\/\/apuntesdesanluis.com\/wp-content\/uploads\/2023\/11\/milei-7.png\",\"contentUrl\":\"https:\/\/apuntesdesanluis.com\/wp-content\/uploads\/2023\/11\/milei-7.png\",\"width\":748,\"height\":457},{\"@type\":\"BreadcrumbList\",\"@id\":\"https:\/\/apuntesdesanluis.com\/index.php\/2023\/11\/20\/definicion-de-javier-milei-como-presidente-electo-no-hay-lugar-para-el-gradualismo-ni-para-la-tibieza\/#breadcrumb\",\"itemListElement\":[{\"@type\":\"ListItem\",\"position\":1,\"name\":\"Inicio\",\"item\":\"https:\/\/apuntesdesanluis.com\/\"},{\"@type\":\"ListItem\",\"position\":2,\"name\":\"DEFINICI\u00d3N DE JAVIER MILEI COMO PRESIDENTE ELECTO: &#8220;NO HAY LUGAR PARA EL GRADUALISMO NI PARA LA TIBIEZA&#8221;\"}]},{\"@type\":\"WebSite\",\"@id\":\"https:\/\/apuntesdesanluis.com\/#website\",\"url\":\"https:\/\/apuntesdesanluis.com\/\",\"name\":\"Apuntes de San Luis\",\"description\":\"\",\"publisher\":{\"@id\":\"https:\/\/apuntesdesanluis.com\/#\/schema\/person\/b55151d52296fcce64d1a72538a70b90\"},\"potentialAction\":[{\"@type\":\"SearchAction\",\"target\":{\"@type\":\"EntryPoint\",\"urlTemplate\":\"https:\/\/apuntesdesanluis.com\/?s={search_term_string}\"},\"query-input\":{\"@type\":\"PropertyValueSpecification\",\"valueRequired\":true,\"valueName\":\"search_term_string\"}}],\"inLanguage\":\"es-AR\"},{\"@type\":[\"Person\",\"Organization\"],\"@id\":\"https:\/\/apuntesdesanluis.com\/#\/schema\/person\/b55151d52296fcce64d1a72538a70b90\",\"name\":\"apuntesdesanluis.com\",\"image\":{\"@type\":\"ImageObject\",\"inLanguage\":\"es-AR\",\"@id\":\"https:\/\/apuntesdesanluis.com\/#\/schema\/person\/image\/\",\"url\":\"https:\/\/apuntesdesanluis.com\/wp-content\/uploads\/2023\/07\/cropped-apuntesdesanluis.png\",\"contentUrl\":\"https:\/\/apuntesdesanluis.com\/wp-content\/uploads\/2023\/07\/cropped-apuntesdesanluis.png\",\"width\":450,\"height\":112,\"caption\":\"apuntesdesanluis.com\"},\"logo\":{\"@id\":\"https:\/\/apuntesdesanluis.com\/#\/schema\/person\/image\/\"},\"sameAs\":[\"https:\/\/apuntesdesanluis.com\"],\"url\":\"https:\/\/apuntesdesanluis.com\/index.php\/author\/apuntesdesanluis-com\/\"}]}<\/script>\n<!-- \/ Yoast SEO plugin. -->","yoast_head_json":{"title":"DEFINICI\u00d3N DE JAVIER MILEI COMO PRESIDENTE ELECTO: \"NO HAY LUGAR PARA EL GRADUALISMO NI PARA LA TIBIEZA\" - Apuntes de San Luis","robots":{"index":"index","follow":"follow","max-snippet":"max-snippet:-1","max-image-preview":"max-image-preview:large","max-video-preview":"max-video-preview:-1"},"canonical":"https:\/\/apuntesdesanluis.com\/index.php\/2023\/11\/20\/definicion-de-javier-milei-como-presidente-electo-no-hay-lugar-para-el-gradualismo-ni-para-la-tibieza\/","og_locale":"es_ES","og_type":"article","og_title":"DEFINICI\u00d3N DE JAVIER MILEI COMO PRESIDENTE ELECTO: \"NO HAY LUGAR PARA EL GRADUALISMO NI PARA LA TIBIEZA\" - Apuntes de San Luis","og_description":"&#8220;No hay lugar para medias tintas&#8221;, asegur\u00f3 el economista libertario en un duro discurso en...","og_url":"https:\/\/apuntesdesanluis.com\/index.php\/2023\/11\/20\/definicion-de-javier-milei-como-presidente-electo-no-hay-lugar-para-el-gradualismo-ni-para-la-tibieza\/","og_site_name":"Apuntes de San Luis","article_published_time":"2023-11-20T11:52:17+00:00","article_modified_time":"2023-11-20T11:56:16+00:00","og_image":[{"width":748,"height":457,"url":"https:\/\/apuntesdesanluis.com\/wp-content\/uploads\/2023\/11\/milei-7.png","type":"image\/png"}],"author":"apuntesdesanluis.com","twitter_card":"summary_large_image","twitter_misc":{"Escrito por":"apuntesdesanluis.com","Tiempo de lectura":"2 minutos"},"schema":{"@context":"https:\/\/schema.org","@graph":[{"@type":"Article","@id":"https:\/\/apuntesdesanluis.com\/index.php\/2023\/11\/20\/definicion-de-javier-milei-como-presidente-electo-no-hay-lugar-para-el-gradualismo-ni-para-la-tibieza\/#article","isPartOf":{"@id":"https:\/\/apuntesdesanluis.com\/index.php\/2023\/11\/20\/definicion-de-javier-milei-como-presidente-electo-no-hay-lugar-para-el-gradualismo-ni-para-la-tibieza\/"},"author":{"name":"apuntesdesanluis.com","@id":"https:\/\/apuntesdesanluis.com\/#\/schema\/person\/b55151d52296fcce64d1a72538a70b90"},"headline":"DEFINICI\u00d3N DE JAVIER MILEI COMO PRESIDENTE ELECTO: &#8220;NO HAY LUGAR PARA EL GRADUALISMO NI PARA LA TIBIEZA&#8221;","datePublished":"2023-11-20T11:52:17+00:00","dateModified":"2023-11-20T11:56:16+00:00","mainEntityOfPage":{"@id":"https:\/\/apuntesdesanluis.com\/index.php\/2023\/11\/20\/definicion-de-javier-milei-como-presidente-electo-no-hay-lugar-para-el-gradualismo-ni-para-la-tibieza\/"},"wordCount":469,"publisher":{"@id":"https:\/\/apuntesdesanluis.com\/#\/schema\/person\/b55151d52296fcce64d1a72538a70b90"},"image":{"@id":"https:\/\/apuntesdesanluis.com\/index.php\/2023\/11\/20\/definicion-de-javier-milei-como-presidente-electo-no-hay-lugar-para-el-gradualismo-ni-para-la-tibieza\/#primaryimage"},"thumbnailUrl":"https:\/\/apuntesdesanluis.com\/wp-content\/uploads\/2023\/11\/milei-7.png","articleSection":["Nacionales\/Internacionales"],"inLanguage":"es-AR"},{"@type":"WebPage","@id":"https:\/\/apuntesdesanluis.com\/index.php\/2023\/11\/20\/definicion-de-javier-milei-como-presidente-electo-no-hay-lugar-para-el-gradualismo-ni-para-la-tibieza\/","url":"https:\/\/apuntesdesanluis.com\/index.php\/2023\/11\/20\/definicion-de-javier-milei-como-presidente-electo-no-hay-lugar-para-el-gradualismo-ni-para-la-tibieza\/","name":"DEFINICI\u00d3N DE JAVIER MILEI COMO PRESIDENTE ELECTO: \"NO HAY LUGAR PARA EL GRADUALISMO NI PARA LA TIBIEZA\" - Apuntes de San Luis","isPartOf":{"@id":"https:\/\/apuntesdesanluis.com\/#website"},"primaryImageOfPage":{"@id":"https:\/\/apuntesdesanluis.com\/index.php\/2023\/11\/20\/definicion-de-javier-milei-como-presidente-electo-no-hay-lugar-para-el-gradualismo-ni-para-la-tibieza\/#primaryimage"},"image":{"@id":"https:\/\/apuntesdesanluis.com\/index.php\/2023\/11\/20\/definicion-de-javier-milei-como-presidente-electo-no-hay-lugar-para-el-gradualismo-ni-para-la-tibieza\/#primaryimage"},"thumbnailUrl":"https:\/\/apuntesdesanluis.com\/wp-content\/uploads\/2023\/11\/milei-7.png","datePublished":"2023-11-20T11:52:17+00:00","dateModified":"2023-11-20T11:56:16+00:00","breadcrumb":{"@id":"https:\/\/apuntesdesanluis.com\/index.php\/2023\/11\/20\/definicion-de-javier-milei-como-presidente-electo-no-hay-lugar-para-el-gradualismo-ni-para-la-tibieza\/#breadcrumb"},"inLanguage":"es-AR","potentialAction":[{"@type":"ReadAction","target":["https:\/\/apuntesdesanluis.com\/index.php\/2023\/11\/20\/definicion-de-javier-milei-como-presidente-electo-no-hay-lugar-para-el-gradualismo-ni-para-la-tibieza\/"]}]},{"@type":"ImageObject","inLanguage":"es-AR","@id":"https:\/\/apuntesdesanluis.com\/index.php\/2023\/11\/20\/definicion-de-javier-milei-como-presidente-electo-no-hay-lugar-para-el-gradualismo-ni-para-la-tibieza\/#primaryimage","url":"https:\/\/apuntesdesanluis.com\/wp-content\/uploads\/2023\/11\/milei-7.png","contentUrl":"https:\/\/apuntesdesanluis.com\/wp-content\/uploads\/2023\/11\/milei-7.png","width":748,"height":457},{"@type":"BreadcrumbList","@id":"https:\/\/apuntesdesanluis.com\/index.php\/2023\/11\/20\/definicion-de-javier-milei-como-presidente-electo-no-hay-lugar-para-el-gradualismo-ni-para-la-tibieza\/#breadcrumb","itemListElement":[{"@type":"ListItem","position":1,"name":"Inicio","item":"https:\/\/apuntesdesanluis.com\/"},{"@type":"ListItem","position":2,"name":"DEFINICI\u00d3N DE JAVIER MILEI COMO PRESIDENTE ELECTO: &#8220;NO HAY LUGAR PARA EL GRADUALISMO NI PARA LA TIBIEZA&#8221;"}]},{"@type":"WebSite","@id":"https:\/\/apuntesdesanluis.com\/#website","url":"https:\/\/apuntesdesanluis.com\/","name":"Apuntes de San Luis","description":"","publisher":{"@id":"https:\/\/apuntesdesanluis.com\/#\/schema\/person\/b55151d52296fcce64d1a72538a70b90"},"potentialAction":[{"@type":"SearchAction","target":{"@type":"EntryPoint","urlTemplate":"https:\/\/apuntesdesanluis.com\/?s={search_term_string}"},"query-input":{"@type":"PropertyValueSpecification","valueRequired":true,"valueName":"search_term_string"}}],"inLanguage":"es-AR"},{"@type":["Person","Organization"],"@id":"https:\/\/apuntesdesanluis.com\/#\/schema\/person\/b55151d52296fcce64d1a72538a70b90","name":"apuntesdesanluis.com","image":{"@type":"ImageObject","inLanguage":"es-AR","@id":"https:\/\/apuntesdesanluis.com\/#\/schema\/person\/image\/","url":"https:\/\/apuntesdesanluis.com\/wp-content\/uploads\/2023\/07\/cropped-apuntesdesanluis.png","contentUrl":"https:\/\/apuntesdesanluis.com\/wp-content\/uploads\/2023\/07\/cropped-apuntesdesanluis.png","width":450,"height":112,"caption":"apuntesdesanluis.com"},"logo":{"@id":"https:\/\/apuntesdesanluis.com\/#\/schema\/person\/image\/"},"sameAs":["https:\/\/apuntesdesanluis.com"],"url":"https:\/\/apuntesdesanluis.com\/index.php\/author\/apuntesdesanluis-com\/"}]}},"featured_image_urls":{"full":["https:\/\/apuntesdesanluis.com\/wp-content\/uploads\/2023\/11\/milei-7.png",748,457,false],"thumbnail":["https:\/\/apuntesdesanluis.com\/wp-content\/uploads\/2023\/11\/milei-7-150x150.png",150,150,true],"medium":["https:\/\/apuntesdesanluis.com\/wp-content\/uploads\/2023\/11\/milei-7-300x183.png",300,183,true],"medium_large":["https:\/\/apuntesdesanluis.com\/wp-content\/uploads\/2023\/11\/milei-7.png",640,391,false],"large":["https:\/\/apuntesdesanluis.com\/wp-content\/uploads\/2023\/11\/milei-7.png",640,391,false],"1536x1536":["https:\/\/apuntesdesanluis.com\/wp-content\/uploads\/2023\/11\/milei-7.png",748,457,false],"2048x2048":["https:\/\/apuntesdesanluis.com\/wp-content\/uploads\/2023\/11\/milei-7.png",748,457,false],"newsever-slider-full":["https:\/\/apuntesdesanluis.com\/wp-content\/uploads\/2023\/11\/milei-7.png",748,457,false],"newsever-featured":["https:\/\/apuntesdesanluis.com\/wp-content\/uploads\/2023\/11\/milei-7.png",748,457,false],"newsever-medium":["https:\/\/apuntesdesanluis.com\/wp-content\/uploads\/2023\/11\/milei-7-720x457.png",720,457,true]},"author_info":{"display_name":"apuntesdesanluis.com","author_link":"https:\/\/apuntesdesanluis.com\/index.php\/author\/apuntesdesanluis-com\/"},"category_info":"<a href=\"https:\/\/apuntesdesanluis.com\/index.php\/category\/nacionales-internacionales\/\" rel=\"category tag\">Nacionales\/Internacionales<\/a>","tag_info":"Nacionales\/Internacionales","comment_count":"0","_links":{"self":[{"href":"https:\/\/apuntesdesanluis.com\/index.php\/wp-json\/wp\/v2\/posts\/7039","targetHints":{"allow":["GET"]}}],"collection":[{"href":"https:\/\/apuntesdesanluis.com\/index.php\/wp-json\/wp\/v2\/posts"}],"about":[{"href":"https:\/\/apuntesdesanluis.com\/index.php\/wp-json\/wp\/v2\/types\/post"}],"author":[{"embeddable":true,"href":"https:\/\/apuntesdesanluis.com\/index.php\/wp-json\/wp\/v2\/users\/1"}],"replies":[{"embeddable":true,"href":"https:\/\/apuntesdesanluis.com\/index.php\/wp-json\/wp\/v2\/comments?post=7039"}],"version-history":[{"count":2,"href":"https:\/\/apuntesdesanluis.com\/index.php\/wp-json\/wp\/v2\/posts\/7039\/revisions"}],"predecessor-version":[{"id":7042,"href":"https:\/\/apuntesdesanluis.com\/index.php\/wp-json\/wp\/v2\/posts\/7039\/revisions\/7042"}],"wp:featuredmedia":[{"embeddable":true,"href":"https:\/\/apuntesdesanluis.com\/index.php\/wp-json\/wp\/v2\/media\/7040"}],"wp:attachment":[{"href":"https:\/\/apuntesdesanluis.com\/index.php\/wp-json\/wp\/v2\/media?parent=7039"}],"wp:term":[{"taxonomy":"category","embeddable":true,"href":"https:\/\/apuntesdesanluis.com\/index.php\/wp-json\/wp\/v2\/categories?post=7039"},{"taxonomy":"post_tag","embeddable":true,"href":"https:\/\/apuntesdesanluis.com\/index.php\/wp-json\/wp\/v2\/tags?post=7039"}],"curies":[{"name":"wp","href":"https:\/\/api.w.org\/{rel}","templated":true}]}}