{"id":7046,"date":"2023-11-20T09:37:03","date_gmt":"2023-11-20T12:37:03","guid":{"rendered":"https:\/\/apuntesdesanluis.com\/?p=7046"},"modified":"2023-11-20T09:42:02","modified_gmt":"2023-11-20T12:42:02","slug":"milei-anticipo-que-privatizara-la-tv-publica-radio-nacional-la-agencia-telam-e-ypf","status":"publish","type":"post","link":"https:\/\/apuntesdesanluis.com\/index.php\/2023\/11\/20\/milei-anticipo-que-privatizara-la-tv-publica-radio-nacional-la-agencia-telam-e-ypf\/","title":{"rendered":"MILEI ANTICIP\u00d3 QUE PRIVATIZAR\u00c1 LA TV P\u00daBLICA, RADIO NACIONAL, LA AGENCIA T\u00c9LAM E YPF"},"content":{"rendered":"<h3>El presidente electo <strong>Javier Milei<\/strong> dio definiciones sobre sus planes de gobierno a partir del 10 de diciembre. En una extensa entrevista concedida al periodista <strong>Eduardo Feinmann<\/strong> en radio Mitre, asegur\u00f3 que privatizar\u00e1 la Televisi\u00f3n P\u00fablica, Radio Nacional y la agencia nacional de noticias T\u00e9lam. Tambi\u00e9n anunci\u00f3 que\u00a0el abogado <strong>Mariano C\u00faneo Libarona<\/strong> ser\u00e1 ministro de Justicia, y <strong>Carolina P\u00edparo<\/strong>, ex candidata gobernadora bonaerense por La Libertad Avanza, ser\u00e1 la nueva titular de la ANSES.<\/h3>\n<h3>\u201cNosotros consideramos que la Televisi\u00f3n P\u00fablica se ha convertido en un mecanismo de propaganda. Durante la campa\u00f1a, el 75% del tiempo que se habl\u00f3 de nuestro espacio se hizo de una manera muy negativa, abonando la campa\u00f1a sucia, la campa\u00f1a del miedo\u201d, introdujo.<\/h3>\n<h3>\u201cNo adhiero a esas pr\u00e1cticas de tener un Ministerio de Propaganda encubierto: tiene que ser privatizado. Lo mismo con Radio Nacional. Todo lo que pueda estar en manos del sector privado, va a estar en manos del sector privado\u201d, especific\u00f3.<\/h3>\n<h3>\u201c\u00bfY la agencia T\u00e9lam?\u201d, repregunt\u00f3 Feinmann. \u201cAbsolutamente\u201d, contest\u00f3.<\/h3>\n<h3>Vale recordar, que el pasado 15 de noviembre la diputada nacional electa por La Libertad Avanza, Lilia Lemoine, mientras realizaba una recorrida por la estaci\u00f3n Constituci\u00f3n manifest\u00f3 que los medios de comunicaci\u00f3n estatales iban a ser privatizados.<\/h3>\n<h3>\u201cVamos a cerrar la TV P\u00fablica, vamos a privatizar la TV P\u00fablica. Los medios p\u00fablicos se van a privatizar, as\u00ed que procur\u00e1 ser una buena trabajadora\u201d, asegur\u00f3 Lemoine en declaraciones a una cronista del canal p\u00fablico.<\/h3>\n<h3>Ante estas declaraciones de la futura legisladora nacional, los trabajadores de la TV P\u00fablica emitieron un comunicado de prensa para condenar esas afirmaciones y advirtieron que Lilia Lemoine \u201cdesprecia la libertad de prensa y a los trabajadores\u201d.<\/h3>\n<h3>\u201cRepudiamos la amenaza vertida por Lilia Lemoine al equipo period\u00edstico de TVP Noticias que le realiz\u00f3 la entrevista\u201d, manifestaron en su cuenta de la red social X.<\/h3>\n<h3>Asimismo, los trabajadores incluso resaltaron que el hecho de haber publicado la entrevista a Lemoine \u201cconstituye una demostraci\u00f3n de la pluralidad de voces que rige en el canal y en los medios p\u00fablicos\u201d.<\/h3>\n<h3><strong>LA PRIVATIZACI\u00d3N DE YPF Y ENARSA<\/strong><\/h3>\n<h3>Por su parte, el electo presidente de la Rep\u00fablica Argentina, Javier Milei, tambi\u00e9n se pronunci\u00f3 sobre la privatizaci\u00f3n de otras empresas que tambi\u00e9n pertenecen al Estado, como son los casos de YPF y Enarsa.<\/h3>\n<h3>\u201cA YPF primero la tienen que recomponer. Desde que el se\u00f1or Kicillof decidi\u00f3 estatizarla, no solo con un perjuicio de 16 mil millones de d\u00f3lares, sino que adem\u00e1s el deterioro que han hecho de la empresa, en t\u00e9rmino de resultados, para que valga much\u00edsimo menos que cuando se la expropi\u00f3. Evidentemente, lo primero que hay que hacer es recomponerla\u201d, manifest\u00f3 el economista libertario.<\/h3>\n<h3>Y explic\u00f3: \u201cEn la transici\u00f3n que nosotros estamos pensando en la cuesti\u00f3n energ\u00e9tica, tanto Enarsa como YPF, tienen un rol. Mientras, se racionalizan esas estructura, se las ponen a crear valor, y de esa manera se las pueda vender de una manera muy beneficiosa para todos los argentinos\u201d.<\/h3>\n<h3><strong>GABINETE<\/strong><\/h3>\n<h3>El presidente electo Javier Milei avanz\u00f3 este lunes en la confirmaci\u00f3n de su gabinete que lo acompa\u00f1ar\u00e1 desde el 10 de diciembre. As\u00ed, en las \u00faltimas horas anunci\u00f3 que el abogado Mariano C\u00faneo Libarona ser\u00e1 ministro de Justicia, y Carolina P\u00edparo, ex candidata gobernadora bonaerense por La Libertad Avanza, ser\u00e1 la nueva titular de la ANSES.<\/h3>\n<h3>Por otro lado, ahond\u00f3 sobre la estructura de La Libertad Avanza y ratific\u00f3 que ser\u00e1n 8 ministerios. Las confirmaciones de C\u00faneo Libarona y P\u00edparo (que estar\u00e1 secundada por Juan Manuel Ber\u00f3n, un profesional que trabajo en la reforma previsional del M\u00e9xico) se suman a Sandra Petovello, ministra de Capital Humano, y a Diana Mondino, a cargo de Canciller\u00eda.<\/h3>\n<h3>Tambi\u00e9n, y en di\u00e1logo con el periodista Eduardo Feinman en radio Mitre, sostuvo que tanto Florencio Randazzo como Luis \u201cToto\u201d Caputo \u201cser\u00e1n parte del equipo\u201d, al tiempo que elogi\u00f3 a Federico Sturzenegger, el economista que ocup\u00f3 la presidencia del Banco Central durante la gesti\u00f3n de Mauricio Macri, cuyo nombre suena para el ministerio de Econom\u00eda. En esta l\u00ednea, tambi\u00e9n sum\u00f3 el nombre de otro economista vinculado al PRO: Luciano Laspina: \u201cEs alguien con el que podr\u00eda hablar\u201d.<\/h3>\n<h3>Consultado sobre el organigrama en las \u00e1reas de Seguridad y Defensa, Milei asegur\u00f3 que ambas \u00e1reas \u201cest\u00e1n dentro de la responsabilidad de Victoria (Villarruel)\u201d, la vicepresidenta electa.<\/h3>\n<h3>En otro pasaje de la entrevista, destac\u00f3 el rol que tendr\u00e1 Santiago Caputo, a quien nombr\u00f3 ayer de manera especial durante su discurso. \u201cEst\u00e1 al mismo nivel que mi hermana; va a estar en temas estrat\u00e9gicos. Va a tener un rol fundamental\u201d, indic\u00f3.<\/h3>\n<h3>Otros nombres que mencion\u00f3 para trabajar dentro de la estructura de La Libertad Avanza fueron el ex senador (Miguel \u00c1ngel) Pichetto, que \u201cpuede tener un rol clave dentro de la C\u00e1mara de Diputados\u201d, el de Cristian Ritondo, y tambi\u00e9n el de Gustavo Mor\u00f3n, que fue superintendente de Riesgos del Trabajo (SRT) en el gobierno de Macri, para el \u00e1rea de Trabajo.<\/h3>\n<p>&nbsp;<\/p>\n<p>&nbsp;<\/p>\n","protected":false},"excerpt":{"rendered":"<p>El presidente electo Javier Milei dio definiciones sobre sus planes de gobierno a partir del&#8230;<\/p>\n","protected":false},"author":1,"featured_media":7047,"comment_status":"closed","ping_status":"closed","sticky":false,"template":"","format":"standard","meta":{"footnotes":""},"categories":[5],"tags":[],"class_list":["post-7046","post","type-post","status-publish","format-standard","has-post-thumbnail","hentry","category-nacionales-internacionales"],"yoast_head":"<!-- This site is optimized with the Yoast SEO plugin v26.1.1 - https:\/\/yoast.com\/wordpress\/plugins\/seo\/ -->\n<title>MILEI ANTICIP\u00d3 QUE PRIVATIZAR\u00c1 LA TV P\u00daBLICA, RADIO NACIONAL, LA AGENCIA T\u00c9LAM E YPF - Apuntes de San Luis<\/title>\n<meta name=\"robots\" content=\"index, follow, max-snippet:-1, max-image-preview:large, max-video-preview:-1\" \/>\n<link rel=\"canonical\" href=\"https:\/\/apuntesdesanluis.com\/index.php\/2023\/11\/20\/milei-anticipo-que-privatizara-la-tv-publica-radio-nacional-la-agencia-telam-e-ypf\/\" \/>\n<meta property=\"og:locale\" content=\"es_ES\" \/>\n<meta property=\"og:type\" content=\"article\" \/>\n<meta property=\"og:title\" content=\"MILEI ANTICIP\u00d3 QUE PRIVATIZAR\u00c1 LA TV P\u00daBLICA, RADIO NACIONAL, LA AGENCIA T\u00c9LAM E YPF - Apuntes de San Luis\" \/>\n<meta property=\"og:description\" content=\"El presidente electo Javier Milei dio definiciones sobre sus planes de gobierno a partir del...\" \/>\n<meta property=\"og:url\" content=\"https:\/\/apuntesdesanluis.com\/index.php\/2023\/11\/20\/milei-anticipo-que-privatizara-la-tv-publica-radio-nacional-la-agencia-telam-e-ypf\/\" \/>\n<meta property=\"og:site_name\" content=\"Apuntes de San Luis\" \/>\n<meta property=\"article:published_time\" content=\"2023-11-20T12:37:03+00:00\" \/>\n<meta property=\"article:modified_time\" content=\"2023-11-20T12:42:02+00:00\" \/>\n<meta property=\"og:image\" content=\"https:\/\/apuntesdesanluis.com\/wp-content\/uploads\/2023\/11\/telam.png\" \/>\n\t<meta property=\"og:image:width\" content=\"731\" \/>\n\t<meta property=\"og:image:height\" content=\"468\" \/>\n\t<meta property=\"og:image:type\" content=\"image\/png\" \/>\n<meta name=\"author\" content=\"apuntesdesanluis.com\" \/>\n<meta name=\"twitter:card\" content=\"summary_large_image\" \/>\n<meta name=\"twitter:label1\" content=\"Escrito por\" \/>\n\t<meta name=\"twitter:data1\" content=\"apuntesdesanluis.com\" \/>\n\t<meta name=\"twitter:label2\" content=\"Tiempo de lectura\" \/>\n\t<meta name=\"twitter:data2\" content=\"4 minutos\" \/>\n<script type=\"application\/ld+json\" class=\"yoast-schema-graph\">{\"@context\":\"https:\/\/schema.org\",\"@graph\":[{\"@type\":\"Article\",\"@id\":\"https:\/\/apuntesdesanluis.com\/index.php\/2023\/11\/20\/milei-anticipo-que-privatizara-la-tv-publica-radio-nacional-la-agencia-telam-e-ypf\/#article\",\"isPartOf\":{\"@id\":\"https:\/\/apuntesdesanluis.com\/index.php\/2023\/11\/20\/milei-anticipo-que-privatizara-la-tv-publica-radio-nacional-la-agencia-telam-e-ypf\/\"},\"author\":{\"name\":\"apuntesdesanluis.com\",\"@id\":\"https:\/\/apuntesdesanluis.com\/#\/schema\/person\/b55151d52296fcce64d1a72538a70b90\"},\"headline\":\"MILEI ANTICIP\u00d3 QUE PRIVATIZAR\u00c1 LA TV P\u00daBLICA, RADIO NACIONAL, LA AGENCIA T\u00c9LAM E YPF\",\"datePublished\":\"2023-11-20T12:37:03+00:00\",\"dateModified\":\"2023-11-20T12:42:02+00:00\",\"mainEntityOfPage\":{\"@id\":\"https:\/\/apuntesdesanluis.com\/index.php\/2023\/11\/20\/milei-anticipo-que-privatizara-la-tv-publica-radio-nacional-la-agencia-telam-e-ypf\/\"},\"wordCount\":882,\"publisher\":{\"@id\":\"https:\/\/apuntesdesanluis.com\/#\/schema\/person\/b55151d52296fcce64d1a72538a70b90\"},\"image\":{\"@id\":\"https:\/\/apuntesdesanluis.com\/index.php\/2023\/11\/20\/milei-anticipo-que-privatizara-la-tv-publica-radio-nacional-la-agencia-telam-e-ypf\/#primaryimage\"},\"thumbnailUrl\":\"https:\/\/apuntesdesanluis.com\/wp-content\/uploads\/2023\/11\/telam.png\",\"articleSection\":[\"Nacionales\/Internacionales\"],\"inLanguage\":\"es-AR\"},{\"@type\":\"WebPage\",\"@id\":\"https:\/\/apuntesdesanluis.com\/index.php\/2023\/11\/20\/milei-anticipo-que-privatizara-la-tv-publica-radio-nacional-la-agencia-telam-e-ypf\/\",\"url\":\"https:\/\/apuntesdesanluis.com\/index.php\/2023\/11\/20\/milei-anticipo-que-privatizara-la-tv-publica-radio-nacional-la-agencia-telam-e-ypf\/\",\"name\":\"MILEI ANTICIP\u00d3 QUE PRIVATIZAR\u00c1 LA TV P\u00daBLICA, RADIO NACIONAL, LA AGENCIA T\u00c9LAM E YPF - Apuntes de San Luis\",\"isPartOf\":{\"@id\":\"https:\/\/apuntesdesanluis.com\/#website\"},\"primaryImageOfPage\":{\"@id\":\"https:\/\/apuntesdesanluis.com\/index.php\/2023\/11\/20\/milei-anticipo-que-privatizara-la-tv-publica-radio-nacional-la-agencia-telam-e-ypf\/#primaryimage\"},\"image\":{\"@id\":\"https:\/\/apuntesdesanluis.com\/index.php\/2023\/11\/20\/milei-anticipo-que-privatizara-la-tv-publica-radio-nacional-la-agencia-telam-e-ypf\/#primaryimage\"},\"thumbnailUrl\":\"https:\/\/apuntesdesanluis.com\/wp-content\/uploads\/2023\/11\/telam.png\",\"datePublished\":\"2023-11-20T12:37:03+00:00\",\"dateModified\":\"2023-11-20T12:42:02+00:00\",\"breadcrumb\":{\"@id\":\"https:\/\/apuntesdesanluis.com\/index.php\/2023\/11\/20\/milei-anticipo-que-privatizara-la-tv-publica-radio-nacional-la-agencia-telam-e-ypf\/#breadcrumb\"},\"inLanguage\":\"es-AR\",\"potentialAction\":[{\"@type\":\"ReadAction\",\"target\":[\"https:\/\/apuntesdesanluis.com\/index.php\/2023\/11\/20\/milei-anticipo-que-privatizara-la-tv-publica-radio-nacional-la-agencia-telam-e-ypf\/\"]}]},{\"@type\":\"ImageObject\",\"inLanguage\":\"es-AR\",\"@id\":\"https:\/\/apuntesdesanluis.com\/index.php\/2023\/11\/20\/milei-anticipo-que-privatizara-la-tv-publica-radio-nacional-la-agencia-telam-e-ypf\/#primaryimage\",\"url\":\"https:\/\/apuntesdesanluis.com\/wp-content\/uploads\/2023\/11\/telam.png\",\"contentUrl\":\"https:\/\/apuntesdesanluis.com\/wp-content\/uploads\/2023\/11\/telam.png\",\"width\":731,\"height\":468},{\"@type\":\"BreadcrumbList\",\"@id\":\"https:\/\/apuntesdesanluis.com\/index.php\/2023\/11\/20\/milei-anticipo-que-privatizara-la-tv-publica-radio-nacional-la-agencia-telam-e-ypf\/#breadcrumb\",\"itemListElement\":[{\"@type\":\"ListItem\",\"position\":1,\"name\":\"Inicio\",\"item\":\"https:\/\/apuntesdesanluis.com\/\"},{\"@type\":\"ListItem\",\"position\":2,\"name\":\"MILEI ANTICIP\u00d3 QUE PRIVATIZAR\u00c1 LA TV P\u00daBLICA, RADIO NACIONAL, LA AGENCIA T\u00c9LAM E YPF\"}]},{\"@type\":\"WebSite\",\"@id\":\"https:\/\/apuntesdesanluis.com\/#website\",\"url\":\"https:\/\/apuntesdesanluis.com\/\",\"name\":\"Apuntes de San Luis\",\"description\":\"\",\"publisher\":{\"@id\":\"https:\/\/apuntesdesanluis.com\/#\/schema\/person\/b55151d52296fcce64d1a72538a70b90\"},\"potentialAction\":[{\"@type\":\"SearchAction\",\"target\":{\"@type\":\"EntryPoint\",\"urlTemplate\":\"https:\/\/apuntesdesanluis.com\/?s={search_term_string}\"},\"query-input\":{\"@type\":\"PropertyValueSpecification\",\"valueRequired\":true,\"valueName\":\"search_term_string\"}}],\"inLanguage\":\"es-AR\"},{\"@type\":[\"Person\",\"Organization\"],\"@id\":\"https:\/\/apuntesdesanluis.com\/#\/schema\/person\/b55151d52296fcce64d1a72538a70b90\",\"name\":\"apuntesdesanluis.com\",\"image\":{\"@type\":\"ImageObject\",\"inLanguage\":\"es-AR\",\"@id\":\"https:\/\/apuntesdesanluis.com\/#\/schema\/person\/image\/\",\"url\":\"https:\/\/apuntesdesanluis.com\/wp-content\/uploads\/2023\/07\/cropped-apuntesdesanluis.png\",\"contentUrl\":\"https:\/\/apuntesdesanluis.com\/wp-content\/uploads\/2023\/07\/cropped-apuntesdesanluis.png\",\"width\":450,\"height\":112,\"caption\":\"apuntesdesanluis.com\"},\"logo\":{\"@id\":\"https:\/\/apuntesdesanluis.com\/#\/schema\/person\/image\/\"},\"sameAs\":[\"https:\/\/apuntesdesanluis.com\"],\"url\":\"https:\/\/apuntesdesanluis.com\/index.php\/author\/apuntesdesanluis-com\/\"}]}<\/script>\n<!-- \/ Yoast SEO plugin. -->","yoast_head_json":{"title":"MILEI ANTICIP\u00d3 QUE PRIVATIZAR\u00c1 LA TV P\u00daBLICA, RADIO NACIONAL, LA AGENCIA T\u00c9LAM E YPF - Apuntes de San Luis","robots":{"index":"index","follow":"follow","max-snippet":"max-snippet:-1","max-image-preview":"max-image-preview:large","max-video-preview":"max-video-preview:-1"},"canonical":"https:\/\/apuntesdesanluis.com\/index.php\/2023\/11\/20\/milei-anticipo-que-privatizara-la-tv-publica-radio-nacional-la-agencia-telam-e-ypf\/","og_locale":"es_ES","og_type":"article","og_title":"MILEI ANTICIP\u00d3 QUE PRIVATIZAR\u00c1 LA TV P\u00daBLICA, RADIO NACIONAL, LA AGENCIA T\u00c9LAM E YPF - Apuntes de San Luis","og_description":"El presidente electo Javier Milei dio definiciones sobre sus planes de gobierno a partir del...","og_url":"https:\/\/apuntesdesanluis.com\/index.php\/2023\/11\/20\/milei-anticipo-que-privatizara-la-tv-publica-radio-nacional-la-agencia-telam-e-ypf\/","og_site_name":"Apuntes de San Luis","article_published_time":"2023-11-20T12:37:03+00:00","article_modified_time":"2023-11-20T12:42:02+00:00","og_image":[{"width":731,"height":468,"url":"https:\/\/apuntesdesanluis.com\/wp-content\/uploads\/2023\/11\/telam.png","type":"image\/png"}],"author":"apuntesdesanluis.com","twitter_card":"summary_large_image","twitter_misc":{"Escrito por":"apuntesdesanluis.com","Tiempo de lectura":"4 minutos"},"schema":{"@context":"https:\/\/schema.org","@graph":[{"@type":"Article","@id":"https:\/\/apuntesdesanluis.com\/index.php\/2023\/11\/20\/milei-anticipo-que-privatizara-la-tv-publica-radio-nacional-la-agencia-telam-e-ypf\/#article","isPartOf":{"@id":"https:\/\/apuntesdesanluis.com\/index.php\/2023\/11\/20\/milei-anticipo-que-privatizara-la-tv-publica-radio-nacional-la-agencia-telam-e-ypf\/"},"author":{"name":"apuntesdesanluis.com","@id":"https:\/\/apuntesdesanluis.com\/#\/schema\/person\/b55151d52296fcce64d1a72538a70b90"},"headline":"MILEI ANTICIP\u00d3 QUE PRIVATIZAR\u00c1 LA TV P\u00daBLICA, RADIO NACIONAL, LA AGENCIA T\u00c9LAM E YPF","datePublished":"2023-11-20T12:37:03+00:00","dateModified":"2023-11-20T12:42:02+00:00","mainEntityOfPage":{"@id":"https:\/\/apuntesdesanluis.com\/index.php\/2023\/11\/20\/milei-anticipo-que-privatizara-la-tv-publica-radio-nacional-la-agencia-telam-e-ypf\/"},"wordCount":882,"publisher":{"@id":"https:\/\/apuntesdesanluis.com\/#\/schema\/person\/b55151d52296fcce64d1a72538a70b90"},"image":{"@id":"https:\/\/apuntesdesanluis.com\/index.php\/2023\/11\/20\/milei-anticipo-que-privatizara-la-tv-publica-radio-nacional-la-agencia-telam-e-ypf\/#primaryimage"},"thumbnailUrl":"https:\/\/apuntesdesanluis.com\/wp-content\/uploads\/2023\/11\/telam.png","articleSection":["Nacionales\/Internacionales"],"inLanguage":"es-AR"},{"@type":"WebPage","@id":"https:\/\/apuntesdesanluis.com\/index.php\/2023\/11\/20\/milei-anticipo-que-privatizara-la-tv-publica-radio-nacional-la-agencia-telam-e-ypf\/","url":"https:\/\/apuntesdesanluis.com\/index.php\/2023\/11\/20\/milei-anticipo-que-privatizara-la-tv-publica-radio-nacional-la-agencia-telam-e-ypf\/","name":"MILEI ANTICIP\u00d3 QUE PRIVATIZAR\u00c1 LA TV P\u00daBLICA, RADIO NACIONAL, LA AGENCIA T\u00c9LAM E YPF - Apuntes de San Luis","isPartOf":{"@id":"https:\/\/apuntesdesanluis.com\/#website"},"primaryImageOfPage":{"@id":"https:\/\/apuntesdesanluis.com\/index.php\/2023\/11\/20\/milei-anticipo-que-privatizara-la-tv-publica-radio-nacional-la-agencia-telam-e-ypf\/#primaryimage"},"image":{"@id":"https:\/\/apuntesdesanluis.com\/index.php\/2023\/11\/20\/milei-anticipo-que-privatizara-la-tv-publica-radio-nacional-la-agencia-telam-e-ypf\/#primaryimage"},"thumbnailUrl":"https:\/\/apuntesdesanluis.com\/wp-content\/uploads\/2023\/11\/telam.png","datePublished":"2023-11-20T12:37:03+00:00","dateModified":"2023-11-20T12:42:02+00:00","breadcrumb":{"@id":"https:\/\/apuntesdesanluis.com\/index.php\/2023\/11\/20\/milei-anticipo-que-privatizara-la-tv-publica-radio-nacional-la-agencia-telam-e-ypf\/#breadcrumb"},"inLanguage":"es-AR","potentialAction":[{"@type":"ReadAction","target":["https:\/\/apuntesdesanluis.com\/index.php\/2023\/11\/20\/milei-anticipo-que-privatizara-la-tv-publica-radio-nacional-la-agencia-telam-e-ypf\/"]}]},{"@type":"ImageObject","inLanguage":"es-AR","@id":"https:\/\/apuntesdesanluis.com\/index.php\/2023\/11\/20\/milei-anticipo-que-privatizara-la-tv-publica-radio-nacional-la-agencia-telam-e-ypf\/#primaryimage","url":"https:\/\/apuntesdesanluis.com\/wp-content\/uploads\/2023\/11\/telam.png","contentUrl":"https:\/\/apuntesdesanluis.com\/wp-content\/uploads\/2023\/11\/telam.png","width":731,"height":468},{"@type":"BreadcrumbList","@id":"https:\/\/apuntesdesanluis.com\/index.php\/2023\/11\/20\/milei-anticipo-que-privatizara-la-tv-publica-radio-nacional-la-agencia-telam-e-ypf\/#breadcrumb","itemListElement":[{"@type":"ListItem","position":1,"name":"Inicio","item":"https:\/\/apuntesdesanluis.com\/"},{"@type":"ListItem","position":2,"name":"MILEI ANTICIP\u00d3 QUE PRIVATIZAR\u00c1 LA TV P\u00daBLICA, RADIO NACIONAL, LA AGENCIA T\u00c9LAM E YPF"}]},{"@type":"WebSite","@id":"https:\/\/apuntesdesanluis.com\/#website","url":"https:\/\/apuntesdesanluis.com\/","name":"Apuntes de San Luis","description":"","publisher":{"@id":"https:\/\/apuntesdesanluis.com\/#\/schema\/person\/b55151d52296fcce64d1a72538a70b90"},"potentialAction":[{"@type":"SearchAction","target":{"@type":"EntryPoint","urlTemplate":"https:\/\/apuntesdesanluis.com\/?s={search_term_string}"},"query-input":{"@type":"PropertyValueSpecification","valueRequired":true,"valueName":"search_term_string"}}],"inLanguage":"es-AR"},{"@type":["Person","Organization"],"@id":"https:\/\/apuntesdesanluis.com\/#\/schema\/person\/b55151d52296fcce64d1a72538a70b90","name":"apuntesdesanluis.com","image":{"@type":"ImageObject","inLanguage":"es-AR","@id":"https:\/\/apuntesdesanluis.com\/#\/schema\/person\/image\/","url":"https:\/\/apuntesdesanluis.com\/wp-content\/uploads\/2023\/07\/cropped-apuntesdesanluis.png","contentUrl":"https:\/\/apuntesdesanluis.com\/wp-content\/uploads\/2023\/07\/cropped-apuntesdesanluis.png","width":450,"height":112,"caption":"apuntesdesanluis.com"},"logo":{"@id":"https:\/\/apuntesdesanluis.com\/#\/schema\/person\/image\/"},"sameAs":["https:\/\/apuntesdesanluis.com"],"url":"https:\/\/apuntesdesanluis.com\/index.php\/author\/apuntesdesanluis-com\/"}]}},"featured_image_urls":{"full":["https:\/\/apuntesdesanluis.com\/wp-content\/uploads\/2023\/11\/telam.png",731,468,false],"thumbnail":["https:\/\/apuntesdesanluis.com\/wp-content\/uploads\/2023\/11\/telam-150x150.png",150,150,true],"medium":["https:\/\/apuntesdesanluis.com\/wp-content\/uploads\/2023\/11\/telam-300x192.png",300,192,true],"medium_large":["https:\/\/apuntesdesanluis.com\/wp-content\/uploads\/2023\/11\/telam.png",640,410,false],"large":["https:\/\/apuntesdesanluis.com\/wp-content\/uploads\/2023\/11\/telam.png",640,410,false],"1536x1536":["https:\/\/apuntesdesanluis.com\/wp-content\/uploads\/2023\/11\/telam.png",731,468,false],"2048x2048":["https:\/\/apuntesdesanluis.com\/wp-content\/uploads\/2023\/11\/telam.png",731,468,false],"newsever-slider-full":["https:\/\/apuntesdesanluis.com\/wp-content\/uploads\/2023\/11\/telam.png",731,468,false],"newsever-featured":["https:\/\/apuntesdesanluis.com\/wp-content\/uploads\/2023\/11\/telam.png",731,468,false],"newsever-medium":["https:\/\/apuntesdesanluis.com\/wp-content\/uploads\/2023\/11\/telam-720x468.png",720,468,true]},"author_info":{"display_name":"apuntesdesanluis.com","author_link":"https:\/\/apuntesdesanluis.com\/index.php\/author\/apuntesdesanluis-com\/"},"category_info":"<a href=\"https:\/\/apuntesdesanluis.com\/index.php\/category\/nacionales-internacionales\/\" rel=\"category tag\">Nacionales\/Internacionales<\/a>","tag_info":"Nacionales\/Internacionales","comment_count":"0","_links":{"self":[{"href":"https:\/\/apuntesdesanluis.com\/index.php\/wp-json\/wp\/v2\/posts\/7046","targetHints":{"allow":["GET"]}}],"collection":[{"href":"https:\/\/apuntesdesanluis.com\/index.php\/wp-json\/wp\/v2\/posts"}],"about":[{"href":"https:\/\/apuntesdesanluis.com\/index.php\/wp-json\/wp\/v2\/types\/post"}],"author":[{"embeddable":true,"href":"https:\/\/apuntesdesanluis.com\/index.php\/wp-json\/wp\/v2\/users\/1"}],"replies":[{"embeddable":true,"href":"https:\/\/apuntesdesanluis.com\/index.php\/wp-json\/wp\/v2\/comments?post=7046"}],"version-history":[{"count":3,"href":"https:\/\/apuntesdesanluis.com\/index.php\/wp-json\/wp\/v2\/posts\/7046\/revisions"}],"predecessor-version":[{"id":7050,"href":"https:\/\/apuntesdesanluis.com\/index.php\/wp-json\/wp\/v2\/posts\/7046\/revisions\/7050"}],"wp:featuredmedia":[{"embeddable":true,"href":"https:\/\/apuntesdesanluis.com\/index.php\/wp-json\/wp\/v2\/media\/7047"}],"wp:attachment":[{"href":"https:\/\/apuntesdesanluis.com\/index.php\/wp-json\/wp\/v2\/media?parent=7046"}],"wp:term":[{"taxonomy":"category","embeddable":true,"href":"https:\/\/apuntesdesanluis.com\/index.php\/wp-json\/wp\/v2\/categories?post=7046"},{"taxonomy":"post_tag","embeddable":true,"href":"https:\/\/apuntesdesanluis.com\/index.php\/wp-json\/wp\/v2\/tags?post=7046"}],"curies":[{"name":"wp","href":"https:\/\/api.w.org\/{rel}","templated":true}]}}