{"id":7094,"date":"2023-11-20T13:08:23","date_gmt":"2023-11-20T16:08:23","guid":{"rendered":"https:\/\/apuntesdesanluis.com\/?p=7094"},"modified":"2023-11-20T13:08:23","modified_gmt":"2023-11-20T16:08:23","slug":"en-la-provincia-no-escucharon-al-pueblo-y-siguen-con-los-nombramientos","status":"publish","type":"post","link":"https:\/\/apuntesdesanluis.com\/index.php\/2023\/11\/20\/en-la-provincia-no-escucharon-al-pueblo-y-siguen-con-los-nombramientos\/","title":{"rendered":"\u201cEN LA PROVINCIA NO ESCUCHARON AL PUEBLO Y SIGUEN CON LOS NOMBRAMIENTOS\u201d"},"content":{"rendered":"<h3>El senador del Departamento Pedernera, Adolfo Castro Luna, indic\u00f3 tras la elecci\u00f3n del domingo que consagr\u00f3 el triunfo de Javier Milei que \u201cel soberano se expres\u00f3 de forma contundente en la provincia y en el pa\u00eds, manifestando la necesidad de cambios profundos en la forma de hacer pol\u00edtica y no podemos hacer o\u00eddos sordos\u201d<\/h3>\n<h3>En este sentido, cuestion\u00f3 el hecho de que en la Legislatura de la provincia, a d\u00edas de la elecci\u00f3n presidencial se siguen realizando nombramientos de familiares que pertenecen a la conducci\u00f3n del PJ San Luis, en el marco de una ley muy cuestionada que pretende nombrar 53 cargos a dedo, sin respetar el requisito de idoneidad por parte de los nombrados\u201d.<\/h3>\n<h3>\u201cLa misma situaci\u00f3n se observa en el nombramiento de la actual senadora Eugenia Catalfamo como rectora de la ULP cuando no posee antecedentes docentes ni de investigaci\u00f3n en su curr\u00edculum. Son las piedras que la misma conducci\u00f3n del PJ fue poniendo para cristalizar la cuarta derrota consecutiva en 5 meses\u201d, enfatiz\u00f3.<\/h3>\n<h3>El legislador agreg\u00f3: \u201cNo podemos deso\u00edr a la comunidad y darle semejante bofetada cuando se est\u00e1 atravesando una delicada coyuntura socioecon\u00f3mica. Son momentos de mostrar empat\u00eda con la sociedad y un buen gesto por parte de quienes fueron nombrados arbitrariamente, infundadamente, en el marco de una ley que ya tiene media sanci\u00f3n para ser derogada como la de los 53 cargos en la legislatura y el ilegal nombramiento de la rectora de la ULP, ser\u00eda que tengan el decoro de dar un paso al costado\u201d.<\/h3>\n","protected":false},"excerpt":{"rendered":"<p>El senador del Departamento Pedernera, Adolfo Castro Luna, indic\u00f3 tras la elecci\u00f3n del domingo que&#8230;<\/p>\n","protected":false},"author":1,"featured_media":4856,"comment_status":"closed","ping_status":"closed","sticky":false,"template":"","format":"standard","meta":{"footnotes":""},"categories":[6],"tags":[],"class_list":["post-7094","post","type-post","status-publish","format-standard","has-post-thumbnail","hentry","category-ciudad-provincia"],"yoast_head":"<!-- This site is optimized with the Yoast SEO plugin v26.1.1 - https:\/\/yoast.com\/wordpress\/plugins\/seo\/ -->\n<title>\u201cEN LA PROVINCIA NO ESCUCHARON AL PUEBLO Y SIGUEN CON LOS NOMBRAMIENTOS\u201d - Apuntes de San Luis<\/title>\n<meta name=\"robots\" content=\"index, follow, max-snippet:-1, max-image-preview:large, max-video-preview:-1\" \/>\n<link rel=\"canonical\" href=\"https:\/\/apuntesdesanluis.com\/index.php\/2023\/11\/20\/en-la-provincia-no-escucharon-al-pueblo-y-siguen-con-los-nombramientos\/\" \/>\n<meta property=\"og:locale\" content=\"es_ES\" \/>\n<meta property=\"og:type\" content=\"article\" \/>\n<meta property=\"og:title\" content=\"\u201cEN LA PROVINCIA NO ESCUCHARON AL PUEBLO Y SIGUEN CON LOS NOMBRAMIENTOS\u201d - Apuntes de San Luis\" \/>\n<meta property=\"og:description\" content=\"El senador del Departamento Pedernera, Adolfo Castro Luna, indic\u00f3 tras la elecci\u00f3n del domingo que...\" \/>\n<meta property=\"og:url\" content=\"https:\/\/apuntesdesanluis.com\/index.php\/2023\/11\/20\/en-la-provincia-no-escucharon-al-pueblo-y-siguen-con-los-nombramientos\/\" \/>\n<meta property=\"og:site_name\" content=\"Apuntes de San Luis\" \/>\n<meta property=\"article:published_time\" content=\"2023-11-20T16:08:23+00:00\" \/>\n<meta property=\"og:image\" content=\"https:\/\/apuntesdesanluis.com\/wp-content\/uploads\/2023\/10\/adolfo-castro-luna.png\" \/>\n\t<meta property=\"og:image:width\" content=\"699\" \/>\n\t<meta property=\"og:image:height\" content=\"366\" \/>\n\t<meta property=\"og:image:type\" content=\"image\/png\" \/>\n<meta name=\"author\" content=\"apuntesdesanluis.com\" \/>\n<meta name=\"twitter:card\" content=\"summary_large_image\" \/>\n<meta name=\"twitter:label1\" content=\"Escrito por\" \/>\n\t<meta name=\"twitter:data1\" content=\"apuntesdesanluis.com\" \/>\n\t<meta name=\"twitter:label2\" content=\"Tiempo de lectura\" \/>\n\t<meta name=\"twitter:data2\" content=\"2 minutos\" \/>\n<script type=\"application\/ld+json\" class=\"yoast-schema-graph\">{\"@context\":\"https:\/\/schema.org\",\"@graph\":[{\"@type\":\"Article\",\"@id\":\"https:\/\/apuntesdesanluis.com\/index.php\/2023\/11\/20\/en-la-provincia-no-escucharon-al-pueblo-y-siguen-con-los-nombramientos\/#article\",\"isPartOf\":{\"@id\":\"https:\/\/apuntesdesanluis.com\/index.php\/2023\/11\/20\/en-la-provincia-no-escucharon-al-pueblo-y-siguen-con-los-nombramientos\/\"},\"author\":{\"name\":\"apuntesdesanluis.com\",\"@id\":\"https:\/\/apuntesdesanluis.com\/#\/schema\/person\/b55151d52296fcce64d1a72538a70b90\"},\"headline\":\"\u201cEN LA PROVINCIA NO ESCUCHARON AL PUEBLO Y SIGUEN CON LOS NOMBRAMIENTOS\u201d\",\"datePublished\":\"2023-11-20T16:08:23+00:00\",\"mainEntityOfPage\":{\"@id\":\"https:\/\/apuntesdesanluis.com\/index.php\/2023\/11\/20\/en-la-provincia-no-escucharon-al-pueblo-y-siguen-con-los-nombramientos\/\"},\"wordCount\":276,\"publisher\":{\"@id\":\"https:\/\/apuntesdesanluis.com\/#\/schema\/person\/b55151d52296fcce64d1a72538a70b90\"},\"image\":{\"@id\":\"https:\/\/apuntesdesanluis.com\/index.php\/2023\/11\/20\/en-la-provincia-no-escucharon-al-pueblo-y-siguen-con-los-nombramientos\/#primaryimage\"},\"thumbnailUrl\":\"https:\/\/apuntesdesanluis.com\/wp-content\/uploads\/2023\/10\/adolfo-castro-luna.png\",\"articleSection\":[\"Ciudad\/Provincia\"],\"inLanguage\":\"es-AR\"},{\"@type\":\"WebPage\",\"@id\":\"https:\/\/apuntesdesanluis.com\/index.php\/2023\/11\/20\/en-la-provincia-no-escucharon-al-pueblo-y-siguen-con-los-nombramientos\/\",\"url\":\"https:\/\/apuntesdesanluis.com\/index.php\/2023\/11\/20\/en-la-provincia-no-escucharon-al-pueblo-y-siguen-con-los-nombramientos\/\",\"name\":\"\u201cEN LA PROVINCIA NO ESCUCHARON AL PUEBLO Y SIGUEN CON LOS NOMBRAMIENTOS\u201d - Apuntes de San Luis\",\"isPartOf\":{\"@id\":\"https:\/\/apuntesdesanluis.com\/#website\"},\"primaryImageOfPage\":{\"@id\":\"https:\/\/apuntesdesanluis.com\/index.php\/2023\/11\/20\/en-la-provincia-no-escucharon-al-pueblo-y-siguen-con-los-nombramientos\/#primaryimage\"},\"image\":{\"@id\":\"https:\/\/apuntesdesanluis.com\/index.php\/2023\/11\/20\/en-la-provincia-no-escucharon-al-pueblo-y-siguen-con-los-nombramientos\/#primaryimage\"},\"thumbnailUrl\":\"https:\/\/apuntesdesanluis.com\/wp-content\/uploads\/2023\/10\/adolfo-castro-luna.png\",\"datePublished\":\"2023-11-20T16:08:23+00:00\",\"breadcrumb\":{\"@id\":\"https:\/\/apuntesdesanluis.com\/index.php\/2023\/11\/20\/en-la-provincia-no-escucharon-al-pueblo-y-siguen-con-los-nombramientos\/#breadcrumb\"},\"inLanguage\":\"es-AR\",\"potentialAction\":[{\"@type\":\"ReadAction\",\"target\":[\"https:\/\/apuntesdesanluis.com\/index.php\/2023\/11\/20\/en-la-provincia-no-escucharon-al-pueblo-y-siguen-con-los-nombramientos\/\"]}]},{\"@type\":\"ImageObject\",\"inLanguage\":\"es-AR\",\"@id\":\"https:\/\/apuntesdesanluis.com\/index.php\/2023\/11\/20\/en-la-provincia-no-escucharon-al-pueblo-y-siguen-con-los-nombramientos\/#primaryimage\",\"url\":\"https:\/\/apuntesdesanluis.com\/wp-content\/uploads\/2023\/10\/adolfo-castro-luna.png\",\"contentUrl\":\"https:\/\/apuntesdesanluis.com\/wp-content\/uploads\/2023\/10\/adolfo-castro-luna.png\",\"width\":699,\"height\":366},{\"@type\":\"BreadcrumbList\",\"@id\":\"https:\/\/apuntesdesanluis.com\/index.php\/2023\/11\/20\/en-la-provincia-no-escucharon-al-pueblo-y-siguen-con-los-nombramientos\/#breadcrumb\",\"itemListElement\":[{\"@type\":\"ListItem\",\"position\":1,\"name\":\"Inicio\",\"item\":\"https:\/\/apuntesdesanluis.com\/\"},{\"@type\":\"ListItem\",\"position\":2,\"name\":\"\u201cEN LA PROVINCIA NO ESCUCHARON AL PUEBLO Y SIGUEN CON LOS NOMBRAMIENTOS\u201d\"}]},{\"@type\":\"WebSite\",\"@id\":\"https:\/\/apuntesdesanluis.com\/#website\",\"url\":\"https:\/\/apuntesdesanluis.com\/\",\"name\":\"Apuntes de San Luis\",\"description\":\"\",\"publisher\":{\"@id\":\"https:\/\/apuntesdesanluis.com\/#\/schema\/person\/b55151d52296fcce64d1a72538a70b90\"},\"potentialAction\":[{\"@type\":\"SearchAction\",\"target\":{\"@type\":\"EntryPoint\",\"urlTemplate\":\"https:\/\/apuntesdesanluis.com\/?s={search_term_string}\"},\"query-input\":{\"@type\":\"PropertyValueSpecification\",\"valueRequired\":true,\"valueName\":\"search_term_string\"}}],\"inLanguage\":\"es-AR\"},{\"@type\":[\"Person\",\"Organization\"],\"@id\":\"https:\/\/apuntesdesanluis.com\/#\/schema\/person\/b55151d52296fcce64d1a72538a70b90\",\"name\":\"apuntesdesanluis.com\",\"image\":{\"@type\":\"ImageObject\",\"inLanguage\":\"es-AR\",\"@id\":\"https:\/\/apuntesdesanluis.com\/#\/schema\/person\/image\/\",\"url\":\"https:\/\/apuntesdesanluis.com\/wp-content\/uploads\/2023\/07\/cropped-apuntesdesanluis.png\",\"contentUrl\":\"https:\/\/apuntesdesanluis.com\/wp-content\/uploads\/2023\/07\/cropped-apuntesdesanluis.png\",\"width\":450,\"height\":112,\"caption\":\"apuntesdesanluis.com\"},\"logo\":{\"@id\":\"https:\/\/apuntesdesanluis.com\/#\/schema\/person\/image\/\"},\"sameAs\":[\"https:\/\/apuntesdesanluis.com\"],\"url\":\"https:\/\/apuntesdesanluis.com\/index.php\/author\/apuntesdesanluis-com\/\"}]}<\/script>\n<!-- \/ Yoast SEO plugin. -->","yoast_head_json":{"title":"\u201cEN LA PROVINCIA NO ESCUCHARON AL PUEBLO Y SIGUEN CON LOS NOMBRAMIENTOS\u201d - Apuntes de San Luis","robots":{"index":"index","follow":"follow","max-snippet":"max-snippet:-1","max-image-preview":"max-image-preview:large","max-video-preview":"max-video-preview:-1"},"canonical":"https:\/\/apuntesdesanluis.com\/index.php\/2023\/11\/20\/en-la-provincia-no-escucharon-al-pueblo-y-siguen-con-los-nombramientos\/","og_locale":"es_ES","og_type":"article","og_title":"\u201cEN LA PROVINCIA NO ESCUCHARON AL PUEBLO Y SIGUEN CON LOS NOMBRAMIENTOS\u201d - Apuntes de San Luis","og_description":"El senador del Departamento Pedernera, Adolfo Castro Luna, indic\u00f3 tras la elecci\u00f3n del domingo que...","og_url":"https:\/\/apuntesdesanluis.com\/index.php\/2023\/11\/20\/en-la-provincia-no-escucharon-al-pueblo-y-siguen-con-los-nombramientos\/","og_site_name":"Apuntes de San Luis","article_published_time":"2023-11-20T16:08:23+00:00","og_image":[{"width":699,"height":366,"url":"https:\/\/apuntesdesanluis.com\/wp-content\/uploads\/2023\/10\/adolfo-castro-luna.png","type":"image\/png"}],"author":"apuntesdesanluis.com","twitter_card":"summary_large_image","twitter_misc":{"Escrito por":"apuntesdesanluis.com","Tiempo de lectura":"2 minutos"},"schema":{"@context":"https:\/\/schema.org","@graph":[{"@type":"Article","@id":"https:\/\/apuntesdesanluis.com\/index.php\/2023\/11\/20\/en-la-provincia-no-escucharon-al-pueblo-y-siguen-con-los-nombramientos\/#article","isPartOf":{"@id":"https:\/\/apuntesdesanluis.com\/index.php\/2023\/11\/20\/en-la-provincia-no-escucharon-al-pueblo-y-siguen-con-los-nombramientos\/"},"author":{"name":"apuntesdesanluis.com","@id":"https:\/\/apuntesdesanluis.com\/#\/schema\/person\/b55151d52296fcce64d1a72538a70b90"},"headline":"\u201cEN LA PROVINCIA NO ESCUCHARON AL PUEBLO Y SIGUEN CON LOS NOMBRAMIENTOS\u201d","datePublished":"2023-11-20T16:08:23+00:00","mainEntityOfPage":{"@id":"https:\/\/apuntesdesanluis.com\/index.php\/2023\/11\/20\/en-la-provincia-no-escucharon-al-pueblo-y-siguen-con-los-nombramientos\/"},"wordCount":276,"publisher":{"@id":"https:\/\/apuntesdesanluis.com\/#\/schema\/person\/b55151d52296fcce64d1a72538a70b90"},"image":{"@id":"https:\/\/apuntesdesanluis.com\/index.php\/2023\/11\/20\/en-la-provincia-no-escucharon-al-pueblo-y-siguen-con-los-nombramientos\/#primaryimage"},"thumbnailUrl":"https:\/\/apuntesdesanluis.com\/wp-content\/uploads\/2023\/10\/adolfo-castro-luna.png","articleSection":["Ciudad\/Provincia"],"inLanguage":"es-AR"},{"@type":"WebPage","@id":"https:\/\/apuntesdesanluis.com\/index.php\/2023\/11\/20\/en-la-provincia-no-escucharon-al-pueblo-y-siguen-con-los-nombramientos\/","url":"https:\/\/apuntesdesanluis.com\/index.php\/2023\/11\/20\/en-la-provincia-no-escucharon-al-pueblo-y-siguen-con-los-nombramientos\/","name":"\u201cEN LA PROVINCIA NO ESCUCHARON AL PUEBLO Y SIGUEN CON LOS NOMBRAMIENTOS\u201d - Apuntes de San Luis","isPartOf":{"@id":"https:\/\/apuntesdesanluis.com\/#website"},"primaryImageOfPage":{"@id":"https:\/\/apuntesdesanluis.com\/index.php\/2023\/11\/20\/en-la-provincia-no-escucharon-al-pueblo-y-siguen-con-los-nombramientos\/#primaryimage"},"image":{"@id":"https:\/\/apuntesdesanluis.com\/index.php\/2023\/11\/20\/en-la-provincia-no-escucharon-al-pueblo-y-siguen-con-los-nombramientos\/#primaryimage"},"thumbnailUrl":"https:\/\/apuntesdesanluis.com\/wp-content\/uploads\/2023\/10\/adolfo-castro-luna.png","datePublished":"2023-11-20T16:08:23+00:00","breadcrumb":{"@id":"https:\/\/apuntesdesanluis.com\/index.php\/2023\/11\/20\/en-la-provincia-no-escucharon-al-pueblo-y-siguen-con-los-nombramientos\/#breadcrumb"},"inLanguage":"es-AR","potentialAction":[{"@type":"ReadAction","target":["https:\/\/apuntesdesanluis.com\/index.php\/2023\/11\/20\/en-la-provincia-no-escucharon-al-pueblo-y-siguen-con-los-nombramientos\/"]}]},{"@type":"ImageObject","inLanguage":"es-AR","@id":"https:\/\/apuntesdesanluis.com\/index.php\/2023\/11\/20\/en-la-provincia-no-escucharon-al-pueblo-y-siguen-con-los-nombramientos\/#primaryimage","url":"https:\/\/apuntesdesanluis.com\/wp-content\/uploads\/2023\/10\/adolfo-castro-luna.png","contentUrl":"https:\/\/apuntesdesanluis.com\/wp-content\/uploads\/2023\/10\/adolfo-castro-luna.png","width":699,"height":366},{"@type":"BreadcrumbList","@id":"https:\/\/apuntesdesanluis.com\/index.php\/2023\/11\/20\/en-la-provincia-no-escucharon-al-pueblo-y-siguen-con-los-nombramientos\/#breadcrumb","itemListElement":[{"@type":"ListItem","position":1,"name":"Inicio","item":"https:\/\/apuntesdesanluis.com\/"},{"@type":"ListItem","position":2,"name":"\u201cEN LA PROVINCIA NO ESCUCHARON AL PUEBLO Y SIGUEN CON LOS NOMBRAMIENTOS\u201d"}]},{"@type":"WebSite","@id":"https:\/\/apuntesdesanluis.com\/#website","url":"https:\/\/apuntesdesanluis.com\/","name":"Apuntes de San Luis","description":"","publisher":{"@id":"https:\/\/apuntesdesanluis.com\/#\/schema\/person\/b55151d52296fcce64d1a72538a70b90"},"potentialAction":[{"@type":"SearchAction","target":{"@type":"EntryPoint","urlTemplate":"https:\/\/apuntesdesanluis.com\/?s={search_term_string}"},"query-input":{"@type":"PropertyValueSpecification","valueRequired":true,"valueName":"search_term_string"}}],"inLanguage":"es-AR"},{"@type":["Person","Organization"],"@id":"https:\/\/apuntesdesanluis.com\/#\/schema\/person\/b55151d52296fcce64d1a72538a70b90","name":"apuntesdesanluis.com","image":{"@type":"ImageObject","inLanguage":"es-AR","@id":"https:\/\/apuntesdesanluis.com\/#\/schema\/person\/image\/","url":"https:\/\/apuntesdesanluis.com\/wp-content\/uploads\/2023\/07\/cropped-apuntesdesanluis.png","contentUrl":"https:\/\/apuntesdesanluis.com\/wp-content\/uploads\/2023\/07\/cropped-apuntesdesanluis.png","width":450,"height":112,"caption":"apuntesdesanluis.com"},"logo":{"@id":"https:\/\/apuntesdesanluis.com\/#\/schema\/person\/image\/"},"sameAs":["https:\/\/apuntesdesanluis.com"],"url":"https:\/\/apuntesdesanluis.com\/index.php\/author\/apuntesdesanluis-com\/"}]}},"featured_image_urls":{"full":["https:\/\/apuntesdesanluis.com\/wp-content\/uploads\/2023\/10\/adolfo-castro-luna.png",699,366,false],"thumbnail":["https:\/\/apuntesdesanluis.com\/wp-content\/uploads\/2023\/10\/adolfo-castro-luna-150x150.png",150,150,true],"medium":["https:\/\/apuntesdesanluis.com\/wp-content\/uploads\/2023\/10\/adolfo-castro-luna-300x157.png",300,157,true],"medium_large":["https:\/\/apuntesdesanluis.com\/wp-content\/uploads\/2023\/10\/adolfo-castro-luna.png",640,335,false],"large":["https:\/\/apuntesdesanluis.com\/wp-content\/uploads\/2023\/10\/adolfo-castro-luna.png",640,335,false],"1536x1536":["https:\/\/apuntesdesanluis.com\/wp-content\/uploads\/2023\/10\/adolfo-castro-luna.png",699,366,false],"2048x2048":["https:\/\/apuntesdesanluis.com\/wp-content\/uploads\/2023\/10\/adolfo-castro-luna.png",699,366,false],"newsever-slider-full":["https:\/\/apuntesdesanluis.com\/wp-content\/uploads\/2023\/10\/adolfo-castro-luna.png",699,366,false],"newsever-featured":["https:\/\/apuntesdesanluis.com\/wp-content\/uploads\/2023\/10\/adolfo-castro-luna.png",699,366,false],"newsever-medium":["https:\/\/apuntesdesanluis.com\/wp-content\/uploads\/2023\/10\/adolfo-castro-luna.png",699,366,false]},"author_info":{"display_name":"apuntesdesanluis.com","author_link":"https:\/\/apuntesdesanluis.com\/index.php\/author\/apuntesdesanluis-com\/"},"category_info":"<a href=\"https:\/\/apuntesdesanluis.com\/index.php\/category\/ciudad-provincia\/\" rel=\"category tag\">Ciudad\/Provincia<\/a>","tag_info":"Ciudad\/Provincia","comment_count":"0","_links":{"self":[{"href":"https:\/\/apuntesdesanluis.com\/index.php\/wp-json\/wp\/v2\/posts\/7094","targetHints":{"allow":["GET"]}}],"collection":[{"href":"https:\/\/apuntesdesanluis.com\/index.php\/wp-json\/wp\/v2\/posts"}],"about":[{"href":"https:\/\/apuntesdesanluis.com\/index.php\/wp-json\/wp\/v2\/types\/post"}],"author":[{"embeddable":true,"href":"https:\/\/apuntesdesanluis.com\/index.php\/wp-json\/wp\/v2\/users\/1"}],"replies":[{"embeddable":true,"href":"https:\/\/apuntesdesanluis.com\/index.php\/wp-json\/wp\/v2\/comments?post=7094"}],"version-history":[{"count":1,"href":"https:\/\/apuntesdesanluis.com\/index.php\/wp-json\/wp\/v2\/posts\/7094\/revisions"}],"predecessor-version":[{"id":7095,"href":"https:\/\/apuntesdesanluis.com\/index.php\/wp-json\/wp\/v2\/posts\/7094\/revisions\/7095"}],"wp:featuredmedia":[{"embeddable":true,"href":"https:\/\/apuntesdesanluis.com\/index.php\/wp-json\/wp\/v2\/media\/4856"}],"wp:attachment":[{"href":"https:\/\/apuntesdesanluis.com\/index.php\/wp-json\/wp\/v2\/media?parent=7094"}],"wp:term":[{"taxonomy":"category","embeddable":true,"href":"https:\/\/apuntesdesanluis.com\/index.php\/wp-json\/wp\/v2\/categories?post=7094"},{"taxonomy":"post_tag","embeddable":true,"href":"https:\/\/apuntesdesanluis.com\/index.php\/wp-json\/wp\/v2\/tags?post=7094"}],"curies":[{"name":"wp","href":"https:\/\/api.w.org\/{rel}","templated":true}]}}