{"id":7105,"date":"2023-11-20T19:20:35","date_gmt":"2023-11-20T22:20:35","guid":{"rendered":"https:\/\/apuntesdesanluis.com\/?p=7105"},"modified":"2023-11-20T19:21:19","modified_gmt":"2023-11-20T22:21:19","slug":"javier-milei-confirmo-que-por-el-momento-no-tiene-previsto-reunirse-con-alberto-fernandez-por-la-transicion","status":"publish","type":"post","link":"https:\/\/apuntesdesanluis.com\/index.php\/2023\/11\/20\/javier-milei-confirmo-que-por-el-momento-no-tiene-previsto-reunirse-con-alberto-fernandez-por-la-transicion\/","title":{"rendered":"JAVIER MILEI CONFIRM\u00d3 QUE POR EL MOMENTO NO TIENE PREVISTO REUNIRSE CON ALBERTO FERN\u00c1NDEZ POR LA TRANSICI\u00d3N"},"content":{"rendered":"<h3>El l\u00edder libertario cre\u00f3 un usuario oficial en la red social X para difundir sus actividades con el t\u00edtulo Oficina del Presidente Electo (OPEArg). El primer comunicado refiere a sus contactos diplom\u00e1ticos, alude a la transici\u00f3n y remarca que la situaci\u00f3n del pa\u00eds depende del jefe de Estado y de Massa<\/h3>\n<h3><strong>Javier Milei<\/strong> hizo un movimiento en su comunicaci\u00f3n menos de 24 horas despu\u00e9s de ganar las elecciones en el balotaje, al lanzar, esta tarde, su primera cuenta oficial de X como presidente electo. El usuario lleva el t\u00edtulo \u201cOficina del Presidente Electo Javier Milei\u201d, y fue inaugurado con un comunicado donde se\u00f1al\u00f3 que la administraci\u00f3n del gobierno est\u00e1 a cargo de Alberto Fern\u00e1ndez y Sergio Massa, y anunci\u00f3 que por el momento no tiene previsto reunirse con el jefe de Estado.<\/h3>\n<h3>La cuenta OPEArg es oficial, seg\u00fan informaron los responsables tecnol\u00f3gicos y de comunicaci\u00f3n de La Libertad Avanza. Por ahora s\u00f3lo sigue a dos usuarios: el personal de Milei y el institucional del frente LLA. Minuto a minuto sumaba seguidores de a cientos, que le\u00edan el primer texto, sobrio y formal, difundido a las 17.30 con el escudo que estren\u00f3 anoche Milei durante su discurso de triunfo en el primer piso del hotel Libertador. Consiste en una representaci\u00f3n de la Casa Rosada, en blanco y negro, con la bandera argentina y la leyenda: \u201cPresidente Electo. Rep\u00fablica Argentina\u201d.<\/h3>\n<h3>La difusi\u00f3n de campa\u00f1a de Milei hasta ayer estuvo en manos del especialista y consultor Leandro Vila, pero no est\u00e1 confirmado que el vocero vaya a ser nombrado, tras la asunci\u00f3n, como secretario de Medios o titular de la oficina del Portavoz que hoy est\u00e1 a cargo de <strong>Gabriela Cerruti<\/strong>. De hecho, hasta el momento tampoco se revel\u00f3 cu\u00e1l ser\u00e1 el esquema de comunicaci\u00f3n del gobierno a partir del 10 de diciembre, que suele ser amoldado seg\u00fan las preferencias de los jefes del Ejecutivo al asumir, o modificado durante la marcha, como en el caso de la reconfiguraci\u00f3n que orden\u00f3 Alberto Fern\u00e1ndez tras la renuncia de su amigo Juan Pablo Biondi.<\/h3>\n<p><img fetchpriority=\"high\" decoding=\"async\" class=\"wp-image-7107 aligncenter\" src=\"https:\/\/apuntesdesanluis.com\/wp-content\/uploads\/2023\/11\/COMUNICADO-199x300.png\" alt=\"\" width=\"793\" height=\"1195\" srcset=\"https:\/\/apuntesdesanluis.com\/wp-content\/uploads\/2023\/11\/COMUNICADO-199x300.png 199w, https:\/\/apuntesdesanluis.com\/wp-content\/uploads\/2023\/11\/COMUNICADO.png 552w\" sizes=\"(max-width: 793px) 100vw, 793px\" \/><\/p>\n<h3>Desde su comando creen que en los hechos Massa es el verdadero jefe de Estado, mientras que Alberto Fern\u00e1ndez es considerado como un presidente desde el punto de vista formal.<\/h3>\n<h3>M\u00e1s temprano hab\u00edan dicho que hasta que no se definiera su situaci\u00f3n, no avanzar\u00edan con la fijaci\u00f3n de una cita para empezar con la transici\u00f3n. Horas despu\u00e9s, el ministro de Econom\u00eda cambi\u00f3 de opini\u00f3n, dicen en Gobierno, tras un llamado de atenci\u00f3n de Cristina Kirchner, que habr\u00eda desaprobado su decisi\u00f3n de correrse, e inform\u00f3 que continuar\u00e1 al frente de la cartera. Sin embargo, asegur\u00f3 que dejar\u00e1 el traspaso de mando en manos de su secretario de Pol\u00edtica Econ\u00f3mica, Gabriel Rubinstein.<\/h3>\n<p>&nbsp;<\/p>\n<p>&nbsp;<\/p>\n<p>&nbsp;<\/p>\n","protected":false},"excerpt":{"rendered":"<p>El l\u00edder libertario cre\u00f3 un usuario oficial en la red social X para difundir sus&#8230;<\/p>\n","protected":false},"author":1,"featured_media":7106,"comment_status":"closed","ping_status":"closed","sticky":false,"template":"","format":"standard","meta":{"footnotes":""},"categories":[5],"tags":[],"class_list":["post-7105","post","type-post","status-publish","format-standard","has-post-thumbnail","hentry","category-nacionales-internacionales"],"yoast_head":"<!-- This site is optimized with the Yoast SEO plugin v26.1.1 - https:\/\/yoast.com\/wordpress\/plugins\/seo\/ -->\n<title>JAVIER MILEI CONFIRM\u00d3 QUE POR EL MOMENTO NO TIENE PREVISTO REUNIRSE CON ALBERTO FERN\u00c1NDEZ POR LA TRANSICI\u00d3N - Apuntes de San Luis<\/title>\n<meta name=\"robots\" content=\"index, follow, max-snippet:-1, max-image-preview:large, max-video-preview:-1\" \/>\n<link rel=\"canonical\" href=\"https:\/\/apuntesdesanluis.com\/index.php\/2023\/11\/20\/javier-milei-confirmo-que-por-el-momento-no-tiene-previsto-reunirse-con-alberto-fernandez-por-la-transicion\/\" \/>\n<meta property=\"og:locale\" content=\"es_ES\" \/>\n<meta property=\"og:type\" content=\"article\" \/>\n<meta property=\"og:title\" content=\"JAVIER MILEI CONFIRM\u00d3 QUE POR EL MOMENTO NO TIENE PREVISTO REUNIRSE CON ALBERTO FERN\u00c1NDEZ POR LA TRANSICI\u00d3N - Apuntes de San Luis\" \/>\n<meta property=\"og:description\" content=\"El l\u00edder libertario cre\u00f3 un usuario oficial en la red social X para difundir sus...\" \/>\n<meta property=\"og:url\" content=\"https:\/\/apuntesdesanluis.com\/index.php\/2023\/11\/20\/javier-milei-confirmo-que-por-el-momento-no-tiene-previsto-reunirse-con-alberto-fernandez-por-la-transicion\/\" \/>\n<meta property=\"og:site_name\" content=\"Apuntes de San Luis\" \/>\n<meta property=\"article:published_time\" content=\"2023-11-20T22:20:35+00:00\" \/>\n<meta property=\"article:modified_time\" content=\"2023-11-20T22:21:19+00:00\" \/>\n<meta property=\"og:image\" content=\"https:\/\/apuntesdesanluis.com\/wp-content\/uploads\/2023\/11\/MILEI-ALBERTO.png\" \/>\n\t<meta property=\"og:image:width\" content=\"848\" \/>\n\t<meta property=\"og:image:height\" content=\"448\" \/>\n\t<meta property=\"og:image:type\" content=\"image\/png\" \/>\n<meta name=\"author\" content=\"apuntesdesanluis.com\" \/>\n<meta name=\"twitter:card\" content=\"summary_large_image\" \/>\n<meta name=\"twitter:label1\" content=\"Escrito por\" \/>\n\t<meta name=\"twitter:data1\" content=\"apuntesdesanluis.com\" \/>\n\t<meta name=\"twitter:label2\" content=\"Tiempo de lectura\" \/>\n\t<meta name=\"twitter:data2\" content=\"3 minutos\" \/>\n<script type=\"application\/ld+json\" class=\"yoast-schema-graph\">{\"@context\":\"https:\/\/schema.org\",\"@graph\":[{\"@type\":\"Article\",\"@id\":\"https:\/\/apuntesdesanluis.com\/index.php\/2023\/11\/20\/javier-milei-confirmo-que-por-el-momento-no-tiene-previsto-reunirse-con-alberto-fernandez-por-la-transicion\/#article\",\"isPartOf\":{\"@id\":\"https:\/\/apuntesdesanluis.com\/index.php\/2023\/11\/20\/javier-milei-confirmo-que-por-el-momento-no-tiene-previsto-reunirse-con-alberto-fernandez-por-la-transicion\/\"},\"author\":{\"name\":\"apuntesdesanluis.com\",\"@id\":\"https:\/\/apuntesdesanluis.com\/#\/schema\/person\/b55151d52296fcce64d1a72538a70b90\"},\"headline\":\"JAVIER MILEI CONFIRM\u00d3 QUE POR EL MOMENTO NO TIENE PREVISTO REUNIRSE CON ALBERTO FERN\u00c1NDEZ POR LA TRANSICI\u00d3N\",\"datePublished\":\"2023-11-20T22:20:35+00:00\",\"dateModified\":\"2023-11-20T22:21:19+00:00\",\"mainEntityOfPage\":{\"@id\":\"https:\/\/apuntesdesanluis.com\/index.php\/2023\/11\/20\/javier-milei-confirmo-que-por-el-momento-no-tiene-previsto-reunirse-con-alberto-fernandez-por-la-transicion\/\"},\"wordCount\":510,\"publisher\":{\"@id\":\"https:\/\/apuntesdesanluis.com\/#\/schema\/person\/b55151d52296fcce64d1a72538a70b90\"},\"image\":{\"@id\":\"https:\/\/apuntesdesanluis.com\/index.php\/2023\/11\/20\/javier-milei-confirmo-que-por-el-momento-no-tiene-previsto-reunirse-con-alberto-fernandez-por-la-transicion\/#primaryimage\"},\"thumbnailUrl\":\"https:\/\/apuntesdesanluis.com\/wp-content\/uploads\/2023\/11\/MILEI-ALBERTO.png\",\"articleSection\":[\"Nacionales\/Internacionales\"],\"inLanguage\":\"es-AR\"},{\"@type\":\"WebPage\",\"@id\":\"https:\/\/apuntesdesanluis.com\/index.php\/2023\/11\/20\/javier-milei-confirmo-que-por-el-momento-no-tiene-previsto-reunirse-con-alberto-fernandez-por-la-transicion\/\",\"url\":\"https:\/\/apuntesdesanluis.com\/index.php\/2023\/11\/20\/javier-milei-confirmo-que-por-el-momento-no-tiene-previsto-reunirse-con-alberto-fernandez-por-la-transicion\/\",\"name\":\"JAVIER MILEI CONFIRM\u00d3 QUE POR EL MOMENTO NO TIENE PREVISTO REUNIRSE CON ALBERTO FERN\u00c1NDEZ POR LA TRANSICI\u00d3N - Apuntes de San Luis\",\"isPartOf\":{\"@id\":\"https:\/\/apuntesdesanluis.com\/#website\"},\"primaryImageOfPage\":{\"@id\":\"https:\/\/apuntesdesanluis.com\/index.php\/2023\/11\/20\/javier-milei-confirmo-que-por-el-momento-no-tiene-previsto-reunirse-con-alberto-fernandez-por-la-transicion\/#primaryimage\"},\"image\":{\"@id\":\"https:\/\/apuntesdesanluis.com\/index.php\/2023\/11\/20\/javier-milei-confirmo-que-por-el-momento-no-tiene-previsto-reunirse-con-alberto-fernandez-por-la-transicion\/#primaryimage\"},\"thumbnailUrl\":\"https:\/\/apuntesdesanluis.com\/wp-content\/uploads\/2023\/11\/MILEI-ALBERTO.png\",\"datePublished\":\"2023-11-20T22:20:35+00:00\",\"dateModified\":\"2023-11-20T22:21:19+00:00\",\"breadcrumb\":{\"@id\":\"https:\/\/apuntesdesanluis.com\/index.php\/2023\/11\/20\/javier-milei-confirmo-que-por-el-momento-no-tiene-previsto-reunirse-con-alberto-fernandez-por-la-transicion\/#breadcrumb\"},\"inLanguage\":\"es-AR\",\"potentialAction\":[{\"@type\":\"ReadAction\",\"target\":[\"https:\/\/apuntesdesanluis.com\/index.php\/2023\/11\/20\/javier-milei-confirmo-que-por-el-momento-no-tiene-previsto-reunirse-con-alberto-fernandez-por-la-transicion\/\"]}]},{\"@type\":\"ImageObject\",\"inLanguage\":\"es-AR\",\"@id\":\"https:\/\/apuntesdesanluis.com\/index.php\/2023\/11\/20\/javier-milei-confirmo-que-por-el-momento-no-tiene-previsto-reunirse-con-alberto-fernandez-por-la-transicion\/#primaryimage\",\"url\":\"https:\/\/apuntesdesanluis.com\/wp-content\/uploads\/2023\/11\/MILEI-ALBERTO.png\",\"contentUrl\":\"https:\/\/apuntesdesanluis.com\/wp-content\/uploads\/2023\/11\/MILEI-ALBERTO.png\",\"width\":848,\"height\":448},{\"@type\":\"BreadcrumbList\",\"@id\":\"https:\/\/apuntesdesanluis.com\/index.php\/2023\/11\/20\/javier-milei-confirmo-que-por-el-momento-no-tiene-previsto-reunirse-con-alberto-fernandez-por-la-transicion\/#breadcrumb\",\"itemListElement\":[{\"@type\":\"ListItem\",\"position\":1,\"name\":\"Inicio\",\"item\":\"https:\/\/apuntesdesanluis.com\/\"},{\"@type\":\"ListItem\",\"position\":2,\"name\":\"JAVIER MILEI CONFIRM\u00d3 QUE POR EL MOMENTO NO TIENE PREVISTO REUNIRSE CON ALBERTO FERN\u00c1NDEZ POR LA TRANSICI\u00d3N\"}]},{\"@type\":\"WebSite\",\"@id\":\"https:\/\/apuntesdesanluis.com\/#website\",\"url\":\"https:\/\/apuntesdesanluis.com\/\",\"name\":\"Apuntes de San Luis\",\"description\":\"\",\"publisher\":{\"@id\":\"https:\/\/apuntesdesanluis.com\/#\/schema\/person\/b55151d52296fcce64d1a72538a70b90\"},\"potentialAction\":[{\"@type\":\"SearchAction\",\"target\":{\"@type\":\"EntryPoint\",\"urlTemplate\":\"https:\/\/apuntesdesanluis.com\/?s={search_term_string}\"},\"query-input\":{\"@type\":\"PropertyValueSpecification\",\"valueRequired\":true,\"valueName\":\"search_term_string\"}}],\"inLanguage\":\"es-AR\"},{\"@type\":[\"Person\",\"Organization\"],\"@id\":\"https:\/\/apuntesdesanluis.com\/#\/schema\/person\/b55151d52296fcce64d1a72538a70b90\",\"name\":\"apuntesdesanluis.com\",\"image\":{\"@type\":\"ImageObject\",\"inLanguage\":\"es-AR\",\"@id\":\"https:\/\/apuntesdesanluis.com\/#\/schema\/person\/image\/\",\"url\":\"https:\/\/apuntesdesanluis.com\/wp-content\/uploads\/2023\/07\/cropped-apuntesdesanluis.png\",\"contentUrl\":\"https:\/\/apuntesdesanluis.com\/wp-content\/uploads\/2023\/07\/cropped-apuntesdesanluis.png\",\"width\":450,\"height\":112,\"caption\":\"apuntesdesanluis.com\"},\"logo\":{\"@id\":\"https:\/\/apuntesdesanluis.com\/#\/schema\/person\/image\/\"},\"sameAs\":[\"https:\/\/apuntesdesanluis.com\"],\"url\":\"https:\/\/apuntesdesanluis.com\/index.php\/author\/apuntesdesanluis-com\/\"}]}<\/script>\n<!-- \/ Yoast SEO plugin. -->","yoast_head_json":{"title":"JAVIER MILEI CONFIRM\u00d3 QUE POR EL MOMENTO NO TIENE PREVISTO REUNIRSE CON ALBERTO FERN\u00c1NDEZ POR LA TRANSICI\u00d3N - Apuntes de San Luis","robots":{"index":"index","follow":"follow","max-snippet":"max-snippet:-1","max-image-preview":"max-image-preview:large","max-video-preview":"max-video-preview:-1"},"canonical":"https:\/\/apuntesdesanluis.com\/index.php\/2023\/11\/20\/javier-milei-confirmo-que-por-el-momento-no-tiene-previsto-reunirse-con-alberto-fernandez-por-la-transicion\/","og_locale":"es_ES","og_type":"article","og_title":"JAVIER MILEI CONFIRM\u00d3 QUE POR EL MOMENTO NO TIENE PREVISTO REUNIRSE CON ALBERTO FERN\u00c1NDEZ POR LA TRANSICI\u00d3N - Apuntes de San Luis","og_description":"El l\u00edder libertario cre\u00f3 un usuario oficial en la red social X para difundir sus...","og_url":"https:\/\/apuntesdesanluis.com\/index.php\/2023\/11\/20\/javier-milei-confirmo-que-por-el-momento-no-tiene-previsto-reunirse-con-alberto-fernandez-por-la-transicion\/","og_site_name":"Apuntes de San Luis","article_published_time":"2023-11-20T22:20:35+00:00","article_modified_time":"2023-11-20T22:21:19+00:00","og_image":[{"width":848,"height":448,"url":"https:\/\/apuntesdesanluis.com\/wp-content\/uploads\/2023\/11\/MILEI-ALBERTO.png","type":"image\/png"}],"author":"apuntesdesanluis.com","twitter_card":"summary_large_image","twitter_misc":{"Escrito por":"apuntesdesanluis.com","Tiempo de lectura":"3 minutos"},"schema":{"@context":"https:\/\/schema.org","@graph":[{"@type":"Article","@id":"https:\/\/apuntesdesanluis.com\/index.php\/2023\/11\/20\/javier-milei-confirmo-que-por-el-momento-no-tiene-previsto-reunirse-con-alberto-fernandez-por-la-transicion\/#article","isPartOf":{"@id":"https:\/\/apuntesdesanluis.com\/index.php\/2023\/11\/20\/javier-milei-confirmo-que-por-el-momento-no-tiene-previsto-reunirse-con-alberto-fernandez-por-la-transicion\/"},"author":{"name":"apuntesdesanluis.com","@id":"https:\/\/apuntesdesanluis.com\/#\/schema\/person\/b55151d52296fcce64d1a72538a70b90"},"headline":"JAVIER MILEI CONFIRM\u00d3 QUE POR EL MOMENTO NO TIENE PREVISTO REUNIRSE CON ALBERTO FERN\u00c1NDEZ POR LA TRANSICI\u00d3N","datePublished":"2023-11-20T22:20:35+00:00","dateModified":"2023-11-20T22:21:19+00:00","mainEntityOfPage":{"@id":"https:\/\/apuntesdesanluis.com\/index.php\/2023\/11\/20\/javier-milei-confirmo-que-por-el-momento-no-tiene-previsto-reunirse-con-alberto-fernandez-por-la-transicion\/"},"wordCount":510,"publisher":{"@id":"https:\/\/apuntesdesanluis.com\/#\/schema\/person\/b55151d52296fcce64d1a72538a70b90"},"image":{"@id":"https:\/\/apuntesdesanluis.com\/index.php\/2023\/11\/20\/javier-milei-confirmo-que-por-el-momento-no-tiene-previsto-reunirse-con-alberto-fernandez-por-la-transicion\/#primaryimage"},"thumbnailUrl":"https:\/\/apuntesdesanluis.com\/wp-content\/uploads\/2023\/11\/MILEI-ALBERTO.png","articleSection":["Nacionales\/Internacionales"],"inLanguage":"es-AR"},{"@type":"WebPage","@id":"https:\/\/apuntesdesanluis.com\/index.php\/2023\/11\/20\/javier-milei-confirmo-que-por-el-momento-no-tiene-previsto-reunirse-con-alberto-fernandez-por-la-transicion\/","url":"https:\/\/apuntesdesanluis.com\/index.php\/2023\/11\/20\/javier-milei-confirmo-que-por-el-momento-no-tiene-previsto-reunirse-con-alberto-fernandez-por-la-transicion\/","name":"JAVIER MILEI CONFIRM\u00d3 QUE POR EL MOMENTO NO TIENE PREVISTO REUNIRSE CON ALBERTO FERN\u00c1NDEZ POR LA TRANSICI\u00d3N - Apuntes de San Luis","isPartOf":{"@id":"https:\/\/apuntesdesanluis.com\/#website"},"primaryImageOfPage":{"@id":"https:\/\/apuntesdesanluis.com\/index.php\/2023\/11\/20\/javier-milei-confirmo-que-por-el-momento-no-tiene-previsto-reunirse-con-alberto-fernandez-por-la-transicion\/#primaryimage"},"image":{"@id":"https:\/\/apuntesdesanluis.com\/index.php\/2023\/11\/20\/javier-milei-confirmo-que-por-el-momento-no-tiene-previsto-reunirse-con-alberto-fernandez-por-la-transicion\/#primaryimage"},"thumbnailUrl":"https:\/\/apuntesdesanluis.com\/wp-content\/uploads\/2023\/11\/MILEI-ALBERTO.png","datePublished":"2023-11-20T22:20:35+00:00","dateModified":"2023-11-20T22:21:19+00:00","breadcrumb":{"@id":"https:\/\/apuntesdesanluis.com\/index.php\/2023\/11\/20\/javier-milei-confirmo-que-por-el-momento-no-tiene-previsto-reunirse-con-alberto-fernandez-por-la-transicion\/#breadcrumb"},"inLanguage":"es-AR","potentialAction":[{"@type":"ReadAction","target":["https:\/\/apuntesdesanluis.com\/index.php\/2023\/11\/20\/javier-milei-confirmo-que-por-el-momento-no-tiene-previsto-reunirse-con-alberto-fernandez-por-la-transicion\/"]}]},{"@type":"ImageObject","inLanguage":"es-AR","@id":"https:\/\/apuntesdesanluis.com\/index.php\/2023\/11\/20\/javier-milei-confirmo-que-por-el-momento-no-tiene-previsto-reunirse-con-alberto-fernandez-por-la-transicion\/#primaryimage","url":"https:\/\/apuntesdesanluis.com\/wp-content\/uploads\/2023\/11\/MILEI-ALBERTO.png","contentUrl":"https:\/\/apuntesdesanluis.com\/wp-content\/uploads\/2023\/11\/MILEI-ALBERTO.png","width":848,"height":448},{"@type":"BreadcrumbList","@id":"https:\/\/apuntesdesanluis.com\/index.php\/2023\/11\/20\/javier-milei-confirmo-que-por-el-momento-no-tiene-previsto-reunirse-con-alberto-fernandez-por-la-transicion\/#breadcrumb","itemListElement":[{"@type":"ListItem","position":1,"name":"Inicio","item":"https:\/\/apuntesdesanluis.com\/"},{"@type":"ListItem","position":2,"name":"JAVIER MILEI CONFIRM\u00d3 QUE POR EL MOMENTO NO TIENE PREVISTO REUNIRSE CON ALBERTO FERN\u00c1NDEZ POR LA TRANSICI\u00d3N"}]},{"@type":"WebSite","@id":"https:\/\/apuntesdesanluis.com\/#website","url":"https:\/\/apuntesdesanluis.com\/","name":"Apuntes de San Luis","description":"","publisher":{"@id":"https:\/\/apuntesdesanluis.com\/#\/schema\/person\/b55151d52296fcce64d1a72538a70b90"},"potentialAction":[{"@type":"SearchAction","target":{"@type":"EntryPoint","urlTemplate":"https:\/\/apuntesdesanluis.com\/?s={search_term_string}"},"query-input":{"@type":"PropertyValueSpecification","valueRequired":true,"valueName":"search_term_string"}}],"inLanguage":"es-AR"},{"@type":["Person","Organization"],"@id":"https:\/\/apuntesdesanluis.com\/#\/schema\/person\/b55151d52296fcce64d1a72538a70b90","name":"apuntesdesanluis.com","image":{"@type":"ImageObject","inLanguage":"es-AR","@id":"https:\/\/apuntesdesanluis.com\/#\/schema\/person\/image\/","url":"https:\/\/apuntesdesanluis.com\/wp-content\/uploads\/2023\/07\/cropped-apuntesdesanluis.png","contentUrl":"https:\/\/apuntesdesanluis.com\/wp-content\/uploads\/2023\/07\/cropped-apuntesdesanluis.png","width":450,"height":112,"caption":"apuntesdesanluis.com"},"logo":{"@id":"https:\/\/apuntesdesanluis.com\/#\/schema\/person\/image\/"},"sameAs":["https:\/\/apuntesdesanluis.com"],"url":"https:\/\/apuntesdesanluis.com\/index.php\/author\/apuntesdesanluis-com\/"}]}},"featured_image_urls":{"full":["https:\/\/apuntesdesanluis.com\/wp-content\/uploads\/2023\/11\/MILEI-ALBERTO.png",848,448,false],"thumbnail":["https:\/\/apuntesdesanluis.com\/wp-content\/uploads\/2023\/11\/MILEI-ALBERTO-150x150.png",150,150,true],"medium":["https:\/\/apuntesdesanluis.com\/wp-content\/uploads\/2023\/11\/MILEI-ALBERTO-300x158.png",300,158,true],"medium_large":["https:\/\/apuntesdesanluis.com\/wp-content\/uploads\/2023\/11\/MILEI-ALBERTO-768x406.png",640,338,true],"large":["https:\/\/apuntesdesanluis.com\/wp-content\/uploads\/2023\/11\/MILEI-ALBERTO.png",640,338,false],"1536x1536":["https:\/\/apuntesdesanluis.com\/wp-content\/uploads\/2023\/11\/MILEI-ALBERTO.png",848,448,false],"2048x2048":["https:\/\/apuntesdesanluis.com\/wp-content\/uploads\/2023\/11\/MILEI-ALBERTO.png",848,448,false],"newsever-slider-full":["https:\/\/apuntesdesanluis.com\/wp-content\/uploads\/2023\/11\/MILEI-ALBERTO.png",848,448,false],"newsever-featured":["https:\/\/apuntesdesanluis.com\/wp-content\/uploads\/2023\/11\/MILEI-ALBERTO.png",848,448,false],"newsever-medium":["https:\/\/apuntesdesanluis.com\/wp-content\/uploads\/2023\/11\/MILEI-ALBERTO-720x448.png",720,448,true]},"author_info":{"display_name":"apuntesdesanluis.com","author_link":"https:\/\/apuntesdesanluis.com\/index.php\/author\/apuntesdesanluis-com\/"},"category_info":"<a href=\"https:\/\/apuntesdesanluis.com\/index.php\/category\/nacionales-internacionales\/\" rel=\"category tag\">Nacionales\/Internacionales<\/a>","tag_info":"Nacionales\/Internacionales","comment_count":"0","_links":{"self":[{"href":"https:\/\/apuntesdesanluis.com\/index.php\/wp-json\/wp\/v2\/posts\/7105","targetHints":{"allow":["GET"]}}],"collection":[{"href":"https:\/\/apuntesdesanluis.com\/index.php\/wp-json\/wp\/v2\/posts"}],"about":[{"href":"https:\/\/apuntesdesanluis.com\/index.php\/wp-json\/wp\/v2\/types\/post"}],"author":[{"embeddable":true,"href":"https:\/\/apuntesdesanluis.com\/index.php\/wp-json\/wp\/v2\/users\/1"}],"replies":[{"embeddable":true,"href":"https:\/\/apuntesdesanluis.com\/index.php\/wp-json\/wp\/v2\/comments?post=7105"}],"version-history":[{"count":2,"href":"https:\/\/apuntesdesanluis.com\/index.php\/wp-json\/wp\/v2\/posts\/7105\/revisions"}],"predecessor-version":[{"id":7109,"href":"https:\/\/apuntesdesanluis.com\/index.php\/wp-json\/wp\/v2\/posts\/7105\/revisions\/7109"}],"wp:featuredmedia":[{"embeddable":true,"href":"https:\/\/apuntesdesanluis.com\/index.php\/wp-json\/wp\/v2\/media\/7106"}],"wp:attachment":[{"href":"https:\/\/apuntesdesanluis.com\/index.php\/wp-json\/wp\/v2\/media?parent=7105"}],"wp:term":[{"taxonomy":"category","embeddable":true,"href":"https:\/\/apuntesdesanluis.com\/index.php\/wp-json\/wp\/v2\/categories?post=7105"},{"taxonomy":"post_tag","embeddable":true,"href":"https:\/\/apuntesdesanluis.com\/index.php\/wp-json\/wp\/v2\/tags?post=7105"}],"curies":[{"name":"wp","href":"https:\/\/api.w.org\/{rel}","templated":true}]}}