{"id":7119,"date":"2023-11-21T17:49:11","date_gmt":"2023-11-21T20:49:11","guid":{"rendered":"https:\/\/apuntesdesanluis.com\/?p=7119"},"modified":"2023-11-21T17:49:11","modified_gmt":"2023-11-21T20:49:11","slug":"ni-los-muertos-se-salvan-detienen-a-dos-grisesitos-por-robar-en-el-cementerio-municipal","status":"publish","type":"post","link":"https:\/\/apuntesdesanluis.com\/index.php\/2023\/11\/21\/ni-los-muertos-se-salvan-detienen-a-dos-grisesitos-por-robar-en-el-cementerio-municipal\/","title":{"rendered":"NI LOS MUERTOS SE SALVAN: DETIENEN A DOS GRISESITOS POR ROBAR EN EL CEMENTERIO MUNICIPAL"},"content":{"rendered":"<h3>El hecho investigado ocurri\u00f3 el pasado domingo 19 de noviembre, cuando dos personas fueron sorprendidas luego de apoderarse de elementos de bronce.<\/h3>\n<h3>En la ma\u00f1ana de este martes, se desarroll\u00f3 una audiencia donde la Dra. Mirta Ucelay de Garciarena, Juez Subrogante en el Juzgado de Garant\u00edas N\u00ba 2 de la Segunda Circunscripci\u00f3n Judicial, formul\u00f3 cargos provisorios por el delito de robo simple en grado de tentativa a dos hombres, a quienes se los investiga por un hecho delictivo ocurrido en el cementerio municipal de Villa Mercedes.<\/h3>\n<h3>En la audiencia intervino como secretario el Dr. Ignacio Esquerr\u00e9. En representaci\u00f3n del Ministerio P\u00fablico Fiscal estuvo presente el Dr. Maximiliano Bazla Cassina y en representaci\u00f3n de los imputados, intervino la defensora oficial penal N\u00ba 3, Dra. Cecilia Mithiaux.<\/h3>\n<p><img fetchpriority=\"high\" decoding=\"async\" class=\"wp-image-7121 aligncenter\" src=\"https:\/\/apuntesdesanluis.com\/wp-content\/uploads\/2023\/11\/AUDIENCIA-6-300x171.png\" alt=\"\" width=\"681\" height=\"388\" srcset=\"https:\/\/apuntesdesanluis.com\/wp-content\/uploads\/2023\/11\/AUDIENCIA-6-300x171.png 300w, https:\/\/apuntesdesanluis.com\/wp-content\/uploads\/2023\/11\/AUDIENCIA-6-768x439.png 768w, https:\/\/apuntesdesanluis.com\/wp-content\/uploads\/2023\/11\/AUDIENCIA-6.png 775w\" sizes=\"(max-width: 681px) 100vw, 681px\" \/><\/p>\n<h3>En primer lugar, el Dr. Bazla Cassina explic\u00f3 que el hecho investigado ocurri\u00f3 el pasado domingo 19 de noviembre, aproximadamente a las 11 horas. Detall\u00f3 que, utilizando un elemento para ejercer fuerza, los dos imputados se apoderaron de una serie de elementos como floreros y\u00a0 jardineras de bronce, mangos de nichos,\u00a0 y una placa de m\u00e1rmol y bronce, entre otros. Luego, habr\u00edan juntado todos los objetos en una mochila, la cual descartaron al intentar salir del cementerio municipal, cuando fueron sorprendidos por efectivos policiales. Precis\u00f3 que la secuencia fue observada por cuatro personas que se encontraban en el lugar.<\/h3>\n<h3>El fiscal explic\u00f3 que en la mochila se encontr\u00f3 la billetera de uno de los imputados, la cual conten\u00eda tarjetas de d\u00e9bito a su nombre.<\/h3>\n<h3>Luego de escuchar a las partes, la Dra. Ucelay formul\u00f3 cargos provisorios por el delito de robo simple en grado de tentativa, concedi\u00f3 la pr\u00f3rroga de detenci\u00f3n y fij\u00f3 una nueva audiencia para el pr\u00f3ximo 29 de noviembre a las 9 horas.<\/h3>\n<h3>Los imputados continuar\u00e1n detenidos en dependencias policiales de Villa Mercedes.<\/h3>\n<p>&nbsp;<\/p>\n<p>&nbsp;<\/p>\n<p>&nbsp;<\/p>\n","protected":false},"excerpt":{"rendered":"<p>El hecho investigado ocurri\u00f3 el pasado domingo 19 de noviembre, cuando dos personas fueron sorprendidas&#8230;<\/p>\n","protected":false},"author":1,"featured_media":7120,"comment_status":"closed","ping_status":"closed","sticky":false,"template":"","format":"standard","meta":{"footnotes":""},"categories":[6],"tags":[],"class_list":["post-7119","post","type-post","status-publish","format-standard","has-post-thumbnail","hentry","category-ciudad-provincia"],"yoast_head":"<!-- This site is optimized with the Yoast SEO plugin v26.1.1 - https:\/\/yoast.com\/wordpress\/plugins\/seo\/ -->\n<title>NI LOS MUERTOS SE SALVAN: DETIENEN A DOS GRISESITOS POR ROBAR EN EL CEMENTERIO MUNICIPAL - Apuntes de San Luis<\/title>\n<meta name=\"robots\" content=\"index, follow, max-snippet:-1, max-image-preview:large, max-video-preview:-1\" \/>\n<link rel=\"canonical\" href=\"https:\/\/apuntesdesanluis.com\/index.php\/2023\/11\/21\/ni-los-muertos-se-salvan-detienen-a-dos-grisesitos-por-robar-en-el-cementerio-municipal\/\" \/>\n<meta property=\"og:locale\" content=\"es_ES\" \/>\n<meta property=\"og:type\" content=\"article\" \/>\n<meta property=\"og:title\" content=\"NI LOS MUERTOS SE SALVAN: DETIENEN A DOS GRISESITOS POR ROBAR EN EL CEMENTERIO MUNICIPAL - Apuntes de San Luis\" \/>\n<meta property=\"og:description\" content=\"El hecho investigado ocurri\u00f3 el pasado domingo 19 de noviembre, cuando dos personas fueron sorprendidas...\" \/>\n<meta property=\"og:url\" content=\"https:\/\/apuntesdesanluis.com\/index.php\/2023\/11\/21\/ni-los-muertos-se-salvan-detienen-a-dos-grisesitos-por-robar-en-el-cementerio-municipal\/\" \/>\n<meta property=\"og:site_name\" content=\"Apuntes de San Luis\" \/>\n<meta property=\"article:published_time\" content=\"2023-11-21T20:49:11+00:00\" \/>\n<meta property=\"og:image\" content=\"https:\/\/apuntesdesanluis.com\/wp-content\/uploads\/2023\/11\/CEMENTERIO-MUNICIPAL.png\" \/>\n\t<meta property=\"og:image:width\" content=\"674\" \/>\n\t<meta property=\"og:image:height\" content=\"396\" \/>\n\t<meta property=\"og:image:type\" content=\"image\/png\" \/>\n<meta name=\"author\" content=\"apuntesdesanluis.com\" \/>\n<meta name=\"twitter:card\" content=\"summary_large_image\" \/>\n<meta name=\"twitter:label1\" content=\"Escrito por\" \/>\n\t<meta name=\"twitter:data1\" content=\"apuntesdesanluis.com\" \/>\n\t<meta name=\"twitter:label2\" content=\"Tiempo de lectura\" \/>\n\t<meta name=\"twitter:data2\" content=\"2 minutos\" \/>\n<script type=\"application\/ld+json\" class=\"yoast-schema-graph\">{\"@context\":\"https:\/\/schema.org\",\"@graph\":[{\"@type\":\"Article\",\"@id\":\"https:\/\/apuntesdesanluis.com\/index.php\/2023\/11\/21\/ni-los-muertos-se-salvan-detienen-a-dos-grisesitos-por-robar-en-el-cementerio-municipal\/#article\",\"isPartOf\":{\"@id\":\"https:\/\/apuntesdesanluis.com\/index.php\/2023\/11\/21\/ni-los-muertos-se-salvan-detienen-a-dos-grisesitos-por-robar-en-el-cementerio-municipal\/\"},\"author\":{\"name\":\"apuntesdesanluis.com\",\"@id\":\"https:\/\/apuntesdesanluis.com\/#\/schema\/person\/b55151d52296fcce64d1a72538a70b90\"},\"headline\":\"NI LOS MUERTOS SE SALVAN: DETIENEN A DOS GRISESITOS POR ROBAR EN EL CEMENTERIO MUNICIPAL\",\"datePublished\":\"2023-11-21T20:49:11+00:00\",\"mainEntityOfPage\":{\"@id\":\"https:\/\/apuntesdesanluis.com\/index.php\/2023\/11\/21\/ni-los-muertos-se-salvan-detienen-a-dos-grisesitos-por-robar-en-el-cementerio-municipal\/\"},\"wordCount\":326,\"publisher\":{\"@id\":\"https:\/\/apuntesdesanluis.com\/#\/schema\/person\/b55151d52296fcce64d1a72538a70b90\"},\"image\":{\"@id\":\"https:\/\/apuntesdesanluis.com\/index.php\/2023\/11\/21\/ni-los-muertos-se-salvan-detienen-a-dos-grisesitos-por-robar-en-el-cementerio-municipal\/#primaryimage\"},\"thumbnailUrl\":\"https:\/\/apuntesdesanluis.com\/wp-content\/uploads\/2023\/11\/CEMENTERIO-MUNICIPAL.png\",\"articleSection\":[\"Ciudad\/Provincia\"],\"inLanguage\":\"es-AR\"},{\"@type\":\"WebPage\",\"@id\":\"https:\/\/apuntesdesanluis.com\/index.php\/2023\/11\/21\/ni-los-muertos-se-salvan-detienen-a-dos-grisesitos-por-robar-en-el-cementerio-municipal\/\",\"url\":\"https:\/\/apuntesdesanluis.com\/index.php\/2023\/11\/21\/ni-los-muertos-se-salvan-detienen-a-dos-grisesitos-por-robar-en-el-cementerio-municipal\/\",\"name\":\"NI LOS MUERTOS SE SALVAN: DETIENEN A DOS GRISESITOS POR ROBAR EN EL CEMENTERIO MUNICIPAL - Apuntes de San Luis\",\"isPartOf\":{\"@id\":\"https:\/\/apuntesdesanluis.com\/#website\"},\"primaryImageOfPage\":{\"@id\":\"https:\/\/apuntesdesanluis.com\/index.php\/2023\/11\/21\/ni-los-muertos-se-salvan-detienen-a-dos-grisesitos-por-robar-en-el-cementerio-municipal\/#primaryimage\"},\"image\":{\"@id\":\"https:\/\/apuntesdesanluis.com\/index.php\/2023\/11\/21\/ni-los-muertos-se-salvan-detienen-a-dos-grisesitos-por-robar-en-el-cementerio-municipal\/#primaryimage\"},\"thumbnailUrl\":\"https:\/\/apuntesdesanluis.com\/wp-content\/uploads\/2023\/11\/CEMENTERIO-MUNICIPAL.png\",\"datePublished\":\"2023-11-21T20:49:11+00:00\",\"breadcrumb\":{\"@id\":\"https:\/\/apuntesdesanluis.com\/index.php\/2023\/11\/21\/ni-los-muertos-se-salvan-detienen-a-dos-grisesitos-por-robar-en-el-cementerio-municipal\/#breadcrumb\"},\"inLanguage\":\"es-AR\",\"potentialAction\":[{\"@type\":\"ReadAction\",\"target\":[\"https:\/\/apuntesdesanluis.com\/index.php\/2023\/11\/21\/ni-los-muertos-se-salvan-detienen-a-dos-grisesitos-por-robar-en-el-cementerio-municipal\/\"]}]},{\"@type\":\"ImageObject\",\"inLanguage\":\"es-AR\",\"@id\":\"https:\/\/apuntesdesanluis.com\/index.php\/2023\/11\/21\/ni-los-muertos-se-salvan-detienen-a-dos-grisesitos-por-robar-en-el-cementerio-municipal\/#primaryimage\",\"url\":\"https:\/\/apuntesdesanluis.com\/wp-content\/uploads\/2023\/11\/CEMENTERIO-MUNICIPAL.png\",\"contentUrl\":\"https:\/\/apuntesdesanluis.com\/wp-content\/uploads\/2023\/11\/CEMENTERIO-MUNICIPAL.png\",\"width\":674,\"height\":396},{\"@type\":\"BreadcrumbList\",\"@id\":\"https:\/\/apuntesdesanluis.com\/index.php\/2023\/11\/21\/ni-los-muertos-se-salvan-detienen-a-dos-grisesitos-por-robar-en-el-cementerio-municipal\/#breadcrumb\",\"itemListElement\":[{\"@type\":\"ListItem\",\"position\":1,\"name\":\"Inicio\",\"item\":\"https:\/\/apuntesdesanluis.com\/\"},{\"@type\":\"ListItem\",\"position\":2,\"name\":\"NI LOS MUERTOS SE SALVAN: DETIENEN A DOS GRISESITOS POR ROBAR EN EL CEMENTERIO MUNICIPAL\"}]},{\"@type\":\"WebSite\",\"@id\":\"https:\/\/apuntesdesanluis.com\/#website\",\"url\":\"https:\/\/apuntesdesanluis.com\/\",\"name\":\"Apuntes de San Luis\",\"description\":\"\",\"publisher\":{\"@id\":\"https:\/\/apuntesdesanluis.com\/#\/schema\/person\/b55151d52296fcce64d1a72538a70b90\"},\"potentialAction\":[{\"@type\":\"SearchAction\",\"target\":{\"@type\":\"EntryPoint\",\"urlTemplate\":\"https:\/\/apuntesdesanluis.com\/?s={search_term_string}\"},\"query-input\":{\"@type\":\"PropertyValueSpecification\",\"valueRequired\":true,\"valueName\":\"search_term_string\"}}],\"inLanguage\":\"es-AR\"},{\"@type\":[\"Person\",\"Organization\"],\"@id\":\"https:\/\/apuntesdesanluis.com\/#\/schema\/person\/b55151d52296fcce64d1a72538a70b90\",\"name\":\"apuntesdesanluis.com\",\"image\":{\"@type\":\"ImageObject\",\"inLanguage\":\"es-AR\",\"@id\":\"https:\/\/apuntesdesanluis.com\/#\/schema\/person\/image\/\",\"url\":\"https:\/\/apuntesdesanluis.com\/wp-content\/uploads\/2023\/07\/cropped-apuntesdesanluis.png\",\"contentUrl\":\"https:\/\/apuntesdesanluis.com\/wp-content\/uploads\/2023\/07\/cropped-apuntesdesanluis.png\",\"width\":450,\"height\":112,\"caption\":\"apuntesdesanluis.com\"},\"logo\":{\"@id\":\"https:\/\/apuntesdesanluis.com\/#\/schema\/person\/image\/\"},\"sameAs\":[\"https:\/\/apuntesdesanluis.com\"],\"url\":\"https:\/\/apuntesdesanluis.com\/index.php\/author\/apuntesdesanluis-com\/\"}]}<\/script>\n<!-- \/ Yoast SEO plugin. -->","yoast_head_json":{"title":"NI LOS MUERTOS SE SALVAN: DETIENEN A DOS GRISESITOS POR ROBAR EN EL CEMENTERIO MUNICIPAL - Apuntes de San Luis","robots":{"index":"index","follow":"follow","max-snippet":"max-snippet:-1","max-image-preview":"max-image-preview:large","max-video-preview":"max-video-preview:-1"},"canonical":"https:\/\/apuntesdesanluis.com\/index.php\/2023\/11\/21\/ni-los-muertos-se-salvan-detienen-a-dos-grisesitos-por-robar-en-el-cementerio-municipal\/","og_locale":"es_ES","og_type":"article","og_title":"NI LOS MUERTOS SE SALVAN: DETIENEN A DOS GRISESITOS POR ROBAR EN EL CEMENTERIO MUNICIPAL - Apuntes de San Luis","og_description":"El hecho investigado ocurri\u00f3 el pasado domingo 19 de noviembre, cuando dos personas fueron sorprendidas...","og_url":"https:\/\/apuntesdesanluis.com\/index.php\/2023\/11\/21\/ni-los-muertos-se-salvan-detienen-a-dos-grisesitos-por-robar-en-el-cementerio-municipal\/","og_site_name":"Apuntes de San Luis","article_published_time":"2023-11-21T20:49:11+00:00","og_image":[{"width":674,"height":396,"url":"https:\/\/apuntesdesanluis.com\/wp-content\/uploads\/2023\/11\/CEMENTERIO-MUNICIPAL.png","type":"image\/png"}],"author":"apuntesdesanluis.com","twitter_card":"summary_large_image","twitter_misc":{"Escrito por":"apuntesdesanluis.com","Tiempo de lectura":"2 minutos"},"schema":{"@context":"https:\/\/schema.org","@graph":[{"@type":"Article","@id":"https:\/\/apuntesdesanluis.com\/index.php\/2023\/11\/21\/ni-los-muertos-se-salvan-detienen-a-dos-grisesitos-por-robar-en-el-cementerio-municipal\/#article","isPartOf":{"@id":"https:\/\/apuntesdesanluis.com\/index.php\/2023\/11\/21\/ni-los-muertos-se-salvan-detienen-a-dos-grisesitos-por-robar-en-el-cementerio-municipal\/"},"author":{"name":"apuntesdesanluis.com","@id":"https:\/\/apuntesdesanluis.com\/#\/schema\/person\/b55151d52296fcce64d1a72538a70b90"},"headline":"NI LOS MUERTOS SE SALVAN: DETIENEN A DOS GRISESITOS POR ROBAR EN EL CEMENTERIO MUNICIPAL","datePublished":"2023-11-21T20:49:11+00:00","mainEntityOfPage":{"@id":"https:\/\/apuntesdesanluis.com\/index.php\/2023\/11\/21\/ni-los-muertos-se-salvan-detienen-a-dos-grisesitos-por-robar-en-el-cementerio-municipal\/"},"wordCount":326,"publisher":{"@id":"https:\/\/apuntesdesanluis.com\/#\/schema\/person\/b55151d52296fcce64d1a72538a70b90"},"image":{"@id":"https:\/\/apuntesdesanluis.com\/index.php\/2023\/11\/21\/ni-los-muertos-se-salvan-detienen-a-dos-grisesitos-por-robar-en-el-cementerio-municipal\/#primaryimage"},"thumbnailUrl":"https:\/\/apuntesdesanluis.com\/wp-content\/uploads\/2023\/11\/CEMENTERIO-MUNICIPAL.png","articleSection":["Ciudad\/Provincia"],"inLanguage":"es-AR"},{"@type":"WebPage","@id":"https:\/\/apuntesdesanluis.com\/index.php\/2023\/11\/21\/ni-los-muertos-se-salvan-detienen-a-dos-grisesitos-por-robar-en-el-cementerio-municipal\/","url":"https:\/\/apuntesdesanluis.com\/index.php\/2023\/11\/21\/ni-los-muertos-se-salvan-detienen-a-dos-grisesitos-por-robar-en-el-cementerio-municipal\/","name":"NI LOS MUERTOS SE SALVAN: DETIENEN A DOS GRISESITOS POR ROBAR EN EL CEMENTERIO MUNICIPAL - Apuntes de San Luis","isPartOf":{"@id":"https:\/\/apuntesdesanluis.com\/#website"},"primaryImageOfPage":{"@id":"https:\/\/apuntesdesanluis.com\/index.php\/2023\/11\/21\/ni-los-muertos-se-salvan-detienen-a-dos-grisesitos-por-robar-en-el-cementerio-municipal\/#primaryimage"},"image":{"@id":"https:\/\/apuntesdesanluis.com\/index.php\/2023\/11\/21\/ni-los-muertos-se-salvan-detienen-a-dos-grisesitos-por-robar-en-el-cementerio-municipal\/#primaryimage"},"thumbnailUrl":"https:\/\/apuntesdesanluis.com\/wp-content\/uploads\/2023\/11\/CEMENTERIO-MUNICIPAL.png","datePublished":"2023-11-21T20:49:11+00:00","breadcrumb":{"@id":"https:\/\/apuntesdesanluis.com\/index.php\/2023\/11\/21\/ni-los-muertos-se-salvan-detienen-a-dos-grisesitos-por-robar-en-el-cementerio-municipal\/#breadcrumb"},"inLanguage":"es-AR","potentialAction":[{"@type":"ReadAction","target":["https:\/\/apuntesdesanluis.com\/index.php\/2023\/11\/21\/ni-los-muertos-se-salvan-detienen-a-dos-grisesitos-por-robar-en-el-cementerio-municipal\/"]}]},{"@type":"ImageObject","inLanguage":"es-AR","@id":"https:\/\/apuntesdesanluis.com\/index.php\/2023\/11\/21\/ni-los-muertos-se-salvan-detienen-a-dos-grisesitos-por-robar-en-el-cementerio-municipal\/#primaryimage","url":"https:\/\/apuntesdesanluis.com\/wp-content\/uploads\/2023\/11\/CEMENTERIO-MUNICIPAL.png","contentUrl":"https:\/\/apuntesdesanluis.com\/wp-content\/uploads\/2023\/11\/CEMENTERIO-MUNICIPAL.png","width":674,"height":396},{"@type":"BreadcrumbList","@id":"https:\/\/apuntesdesanluis.com\/index.php\/2023\/11\/21\/ni-los-muertos-se-salvan-detienen-a-dos-grisesitos-por-robar-en-el-cementerio-municipal\/#breadcrumb","itemListElement":[{"@type":"ListItem","position":1,"name":"Inicio","item":"https:\/\/apuntesdesanluis.com\/"},{"@type":"ListItem","position":2,"name":"NI LOS MUERTOS SE SALVAN: DETIENEN A DOS GRISESITOS POR ROBAR EN EL CEMENTERIO MUNICIPAL"}]},{"@type":"WebSite","@id":"https:\/\/apuntesdesanluis.com\/#website","url":"https:\/\/apuntesdesanluis.com\/","name":"Apuntes de San Luis","description":"","publisher":{"@id":"https:\/\/apuntesdesanluis.com\/#\/schema\/person\/b55151d52296fcce64d1a72538a70b90"},"potentialAction":[{"@type":"SearchAction","target":{"@type":"EntryPoint","urlTemplate":"https:\/\/apuntesdesanluis.com\/?s={search_term_string}"},"query-input":{"@type":"PropertyValueSpecification","valueRequired":true,"valueName":"search_term_string"}}],"inLanguage":"es-AR"},{"@type":["Person","Organization"],"@id":"https:\/\/apuntesdesanluis.com\/#\/schema\/person\/b55151d52296fcce64d1a72538a70b90","name":"apuntesdesanluis.com","image":{"@type":"ImageObject","inLanguage":"es-AR","@id":"https:\/\/apuntesdesanluis.com\/#\/schema\/person\/image\/","url":"https:\/\/apuntesdesanluis.com\/wp-content\/uploads\/2023\/07\/cropped-apuntesdesanluis.png","contentUrl":"https:\/\/apuntesdesanluis.com\/wp-content\/uploads\/2023\/07\/cropped-apuntesdesanluis.png","width":450,"height":112,"caption":"apuntesdesanluis.com"},"logo":{"@id":"https:\/\/apuntesdesanluis.com\/#\/schema\/person\/image\/"},"sameAs":["https:\/\/apuntesdesanluis.com"],"url":"https:\/\/apuntesdesanluis.com\/index.php\/author\/apuntesdesanluis-com\/"}]}},"featured_image_urls":{"full":["https:\/\/apuntesdesanluis.com\/wp-content\/uploads\/2023\/11\/CEMENTERIO-MUNICIPAL.png",674,396,false],"thumbnail":["https:\/\/apuntesdesanluis.com\/wp-content\/uploads\/2023\/11\/CEMENTERIO-MUNICIPAL-150x150.png",150,150,true],"medium":["https:\/\/apuntesdesanluis.com\/wp-content\/uploads\/2023\/11\/CEMENTERIO-MUNICIPAL-300x176.png",300,176,true],"medium_large":["https:\/\/apuntesdesanluis.com\/wp-content\/uploads\/2023\/11\/CEMENTERIO-MUNICIPAL.png",640,376,false],"large":["https:\/\/apuntesdesanluis.com\/wp-content\/uploads\/2023\/11\/CEMENTERIO-MUNICIPAL.png",640,376,false],"1536x1536":["https:\/\/apuntesdesanluis.com\/wp-content\/uploads\/2023\/11\/CEMENTERIO-MUNICIPAL.png",674,396,false],"2048x2048":["https:\/\/apuntesdesanluis.com\/wp-content\/uploads\/2023\/11\/CEMENTERIO-MUNICIPAL.png",674,396,false],"newsever-slider-full":["https:\/\/apuntesdesanluis.com\/wp-content\/uploads\/2023\/11\/CEMENTERIO-MUNICIPAL.png",674,396,false],"newsever-featured":["https:\/\/apuntesdesanluis.com\/wp-content\/uploads\/2023\/11\/CEMENTERIO-MUNICIPAL.png",674,396,false],"newsever-medium":["https:\/\/apuntesdesanluis.com\/wp-content\/uploads\/2023\/11\/CEMENTERIO-MUNICIPAL.png",674,396,false]},"author_info":{"display_name":"apuntesdesanluis.com","author_link":"https:\/\/apuntesdesanluis.com\/index.php\/author\/apuntesdesanluis-com\/"},"category_info":"<a href=\"https:\/\/apuntesdesanluis.com\/index.php\/category\/ciudad-provincia\/\" rel=\"category tag\">Ciudad\/Provincia<\/a>","tag_info":"Ciudad\/Provincia","comment_count":"0","_links":{"self":[{"href":"https:\/\/apuntesdesanluis.com\/index.php\/wp-json\/wp\/v2\/posts\/7119","targetHints":{"allow":["GET"]}}],"collection":[{"href":"https:\/\/apuntesdesanluis.com\/index.php\/wp-json\/wp\/v2\/posts"}],"about":[{"href":"https:\/\/apuntesdesanluis.com\/index.php\/wp-json\/wp\/v2\/types\/post"}],"author":[{"embeddable":true,"href":"https:\/\/apuntesdesanluis.com\/index.php\/wp-json\/wp\/v2\/users\/1"}],"replies":[{"embeddable":true,"href":"https:\/\/apuntesdesanluis.com\/index.php\/wp-json\/wp\/v2\/comments?post=7119"}],"version-history":[{"count":1,"href":"https:\/\/apuntesdesanluis.com\/index.php\/wp-json\/wp\/v2\/posts\/7119\/revisions"}],"predecessor-version":[{"id":7122,"href":"https:\/\/apuntesdesanluis.com\/index.php\/wp-json\/wp\/v2\/posts\/7119\/revisions\/7122"}],"wp:featuredmedia":[{"embeddable":true,"href":"https:\/\/apuntesdesanluis.com\/index.php\/wp-json\/wp\/v2\/media\/7120"}],"wp:attachment":[{"href":"https:\/\/apuntesdesanluis.com\/index.php\/wp-json\/wp\/v2\/media?parent=7119"}],"wp:term":[{"taxonomy":"category","embeddable":true,"href":"https:\/\/apuntesdesanluis.com\/index.php\/wp-json\/wp\/v2\/categories?post=7119"},{"taxonomy":"post_tag","embeddable":true,"href":"https:\/\/apuntesdesanluis.com\/index.php\/wp-json\/wp\/v2\/tags?post=7119"}],"curies":[{"name":"wp","href":"https:\/\/api.w.org\/{rel}","templated":true}]}}