{"id":7132,"date":"2023-11-21T18:16:11","date_gmt":"2023-11-21T21:16:11","guid":{"rendered":"https:\/\/apuntesdesanluis.com\/?p=7132"},"modified":"2023-11-21T18:16:11","modified_gmt":"2023-11-21T21:16:11","slug":"escandalo-chocolate-ordenan-la-detencion-de-un-concejal-del-frente-renovador-y-de-su-padre","status":"publish","type":"post","link":"https:\/\/apuntesdesanluis.com\/index.php\/2023\/11\/21\/escandalo-chocolate-ordenan-la-detencion-de-un-concejal-del-frente-renovador-y-de-su-padre\/","title":{"rendered":"ESC\u00c1NDALO \u201cCHOCOLATE\u201d: ORDENAN LA DETENCI\u00d3N DE UN CONCEJAL DEL FRENTE RENOVADOR Y DE SU PADRE"},"content":{"rendered":"<h3>El juez en lo penal de La Plata Guillermo Atencio orden\u00f3 este martes la detenci\u00f3n del concejal del Frente Renovador <strong>Facundo Albini<\/strong> as\u00ed como tambi\u00e9n de su padre, <strong>Claudio Albini<\/strong>, subdirector de Personal de la C\u00e1mara de Diputados Bonaerense, en el marco de la causa por estafas y asociaci\u00f3n il\u00edcita que tiene como protagonista a <strong>Julio \u201cChocolate\u201d Rigau<\/strong>.<\/h3>\n<h3>Las detenciones hab\u00edan sido solicitadas por la fiscal Betina Lacki d\u00edas atr\u00e1s y tambi\u00e9n abarca a m\u00e1s de una docena de titulares de tarjetas bancarias con las cuales \u201cRigau\u201d hizo extracciones millonarias en distintos cajeros bancarios de la ciudad de La Plata.<\/h3>\n<h3>Atencio tambi\u00e9n orden\u00f3 las detenciones de titulares de las tarjetas con las cuales &#8220;Chocolate&#8221; Rigau hizo las extracciones millonarias.<\/h3>\n<h3>La medida se da a conocer en el primer d\u00eda h\u00e1bil posterior al balotaje y cuando se preve\u00eda que pod\u00edan demorarse, en funci\u00f3n de planteos de nulidad presentadas por las defensas.<\/h3>\n<p><img fetchpriority=\"high\" decoding=\"async\" class=\"wp-image-5151 aligncenter\" src=\"https:\/\/apuntesdesanluis.com\/wp-content\/uploads\/2023\/10\/chocolate-300x164.png\" alt=\"\" width=\"695\" height=\"380\" srcset=\"https:\/\/apuntesdesanluis.com\/wp-content\/uploads\/2023\/10\/chocolate-300x164.png 300w, https:\/\/apuntesdesanluis.com\/wp-content\/uploads\/2023\/10\/chocolate.png 548w\" sizes=\"(max-width: 695px) 100vw, 695px\" \/><\/p>\n<h3>Adem\u00e1s, se conoci\u00f3 contenido de la informaci\u00f3n tras el peritaje realizado al tel\u00e9fono de Rigau. En uno de los chats con &#8220;Facu&#8221;, quien se supone es Albini, \u00e9ste le reprocha que le pagaba 200 mil pesos por mes.<\/h3>\n<h3>&#8220;Te llev\u00e1s 200 por mes hace 3 a\u00f1os y cuando te necesito no est\u00e1s. Siento que me est\u00e1s faltando el respeto y a la amistad que tenemos. No quiero terminar mal con vos, pero no quiero que me tomes por idiota, me est\u00e1s faltando el respeto a m\u00ed&#8221;, le reproch\u00f3 el concejal en un mensaje encontrado en ese celular.<\/h3>\n<h3>Adem\u00e1s, en los varios chats que tuvo Rigau con titulares de las tarjetas sobre la log\u00edstica de los cobros, se mencionaba a Claudio, quien se presume es Albini, el funcionario de la Legislatura Bonaerense.<\/h3>\n<h3>Las detenciones de los Albini se suma a la que viene cumpliendo Rigau quien est\u00e1 con prisi\u00f3n preventiva y ahora la fiscal\u00eda agrav\u00f3 su acusaci\u00f3n por el delito de asociaci\u00f3n il\u00edcita.<\/h3>\n<h3>En tanto, sobre los 15 titulares de las tarjetas de d\u00e9bito, el juez entendi\u00f3 que son \u201cpart\u00edcipes necesarios del delito de fraude en perjuicio de la administraci\u00f3n p\u00fablica\u201d.<\/h3>\n<h3>En cuanto a los Albini y \u201cChocolate\u201d valor\u00f3 las conversaciones v\u00eda chat en donde en todo momento se habla de las rendiciones de dinero que deben hacer, las extracciones y los comprobantes.<\/h3>\n<h3>Una de ellas, es la conversaci\u00f3n entre Fabi\u00e1n y Rigau: &#8220;Julito te jodo por lo siguiente, me est\u00e1n pidiendo el recibo de sueldo, m\u00e1ndamelo por whatsapp nom\u00e1s yo me encargo..&#8221;, &#8220;&#8230;lo puedo presentar m\u00e1s tarde, pero tengo que hacer la declaraci\u00f3n a la ma\u00f1ana ocho y media, \u00bf yo cu\u00e1ndo estar\u00eda cobrando m\u00e1s o menos? \u00bf y c\u00f3mo es? \u00bfa qu\u00e9 me dedico? \u00bfmantenimiento? \u00bfqu\u00e9 mierda es lo que estoy haciendo? &#8230;&#8221;<\/h3>\n<h3>O aquella en la que \u201cChocolate\u201d le env\u00eda a \u201cChispa\u201d un contacto de su celular, el 18 de agosto pasado: \u201cNegro negro negro negro negro, escuchame una cosa, ehhh&#8230; que quedaste con el gordo porqueee Claudio hoy me pregunt\u00f3 como ven\u00eda&#8230; como ven\u00eda eso y para el lunes, tengo que tener finiquitado ese tema\u201d.<\/h3>\n<h3>Junto con la detenci\u00f3n ordenada, el juez Atencio impuso la inhibici\u00f3n de las cuentas bancarias asociadas a las tarjetas de cr\u00e9dito de los Albini y el secuestro de sus tel\u00e9fonos.<\/h3>\n","protected":false},"excerpt":{"rendered":"<p>El juez en lo penal de La Plata Guillermo Atencio orden\u00f3 este martes la detenci\u00f3n&#8230;<\/p>\n","protected":false},"author":1,"featured_media":7133,"comment_status":"closed","ping_status":"closed","sticky":false,"template":"","format":"standard","meta":{"footnotes":""},"categories":[5],"tags":[],"class_list":["post-7132","post","type-post","status-publish","format-standard","has-post-thumbnail","hentry","category-nacionales-internacionales"],"yoast_head":"<!-- This site is optimized with the Yoast SEO plugin v26.1.1 - https:\/\/yoast.com\/wordpress\/plugins\/seo\/ -->\n<title>ESC\u00c1NDALO \u201cCHOCOLATE\u201d: ORDENAN LA DETENCI\u00d3N DE UN CONCEJAL DEL FRENTE RENOVADOR Y DE SU PADRE - Apuntes de San Luis<\/title>\n<meta name=\"robots\" content=\"index, follow, max-snippet:-1, max-image-preview:large, max-video-preview:-1\" \/>\n<link rel=\"canonical\" href=\"https:\/\/apuntesdesanluis.com\/index.php\/2023\/11\/21\/escandalo-chocolate-ordenan-la-detencion-de-un-concejal-del-frente-renovador-y-de-su-padre\/\" \/>\n<meta property=\"og:locale\" content=\"es_ES\" \/>\n<meta property=\"og:type\" content=\"article\" \/>\n<meta property=\"og:title\" content=\"ESC\u00c1NDALO \u201cCHOCOLATE\u201d: ORDENAN LA DETENCI\u00d3N DE UN CONCEJAL DEL FRENTE RENOVADOR Y DE SU PADRE - Apuntes de San Luis\" \/>\n<meta property=\"og:description\" content=\"El juez en lo penal de La Plata Guillermo Atencio orden\u00f3 este martes la detenci\u00f3n...\" \/>\n<meta property=\"og:url\" content=\"https:\/\/apuntesdesanluis.com\/index.php\/2023\/11\/21\/escandalo-chocolate-ordenan-la-detencion-de-un-concejal-del-frente-renovador-y-de-su-padre\/\" \/>\n<meta property=\"og:site_name\" content=\"Apuntes de San Luis\" \/>\n<meta property=\"article:published_time\" content=\"2023-11-21T21:16:11+00:00\" \/>\n<meta property=\"og:image\" content=\"https:\/\/apuntesdesanluis.com\/wp-content\/uploads\/2023\/11\/albini-y-su-padre.png\" \/>\n\t<meta property=\"og:image:width\" content=\"685\" \/>\n\t<meta property=\"og:image:height\" content=\"386\" \/>\n\t<meta property=\"og:image:type\" content=\"image\/png\" \/>\n<meta name=\"author\" content=\"apuntesdesanluis.com\" \/>\n<meta name=\"twitter:card\" content=\"summary_large_image\" \/>\n<meta name=\"twitter:label1\" content=\"Escrito por\" \/>\n\t<meta name=\"twitter:data1\" content=\"apuntesdesanluis.com\" \/>\n\t<meta name=\"twitter:label2\" content=\"Tiempo de lectura\" \/>\n\t<meta name=\"twitter:data2\" content=\"3 minutos\" \/>\n<script type=\"application\/ld+json\" class=\"yoast-schema-graph\">{\"@context\":\"https:\/\/schema.org\",\"@graph\":[{\"@type\":\"Article\",\"@id\":\"https:\/\/apuntesdesanluis.com\/index.php\/2023\/11\/21\/escandalo-chocolate-ordenan-la-detencion-de-un-concejal-del-frente-renovador-y-de-su-padre\/#article\",\"isPartOf\":{\"@id\":\"https:\/\/apuntesdesanluis.com\/index.php\/2023\/11\/21\/escandalo-chocolate-ordenan-la-detencion-de-un-concejal-del-frente-renovador-y-de-su-padre\/\"},\"author\":{\"name\":\"apuntesdesanluis.com\",\"@id\":\"https:\/\/apuntesdesanluis.com\/#\/schema\/person\/b55151d52296fcce64d1a72538a70b90\"},\"headline\":\"ESC\u00c1NDALO \u201cCHOCOLATE\u201d: ORDENAN LA DETENCI\u00d3N DE UN CONCEJAL DEL FRENTE RENOVADOR Y DE SU PADRE\",\"datePublished\":\"2023-11-21T21:16:11+00:00\",\"mainEntityOfPage\":{\"@id\":\"https:\/\/apuntesdesanluis.com\/index.php\/2023\/11\/21\/escandalo-chocolate-ordenan-la-detencion-de-un-concejal-del-frente-renovador-y-de-su-padre\/\"},\"wordCount\":592,\"publisher\":{\"@id\":\"https:\/\/apuntesdesanluis.com\/#\/schema\/person\/b55151d52296fcce64d1a72538a70b90\"},\"image\":{\"@id\":\"https:\/\/apuntesdesanluis.com\/index.php\/2023\/11\/21\/escandalo-chocolate-ordenan-la-detencion-de-un-concejal-del-frente-renovador-y-de-su-padre\/#primaryimage\"},\"thumbnailUrl\":\"https:\/\/apuntesdesanluis.com\/wp-content\/uploads\/2023\/11\/albini-y-su-padre.png\",\"articleSection\":[\"Nacionales\/Internacionales\"],\"inLanguage\":\"es-AR\"},{\"@type\":\"WebPage\",\"@id\":\"https:\/\/apuntesdesanluis.com\/index.php\/2023\/11\/21\/escandalo-chocolate-ordenan-la-detencion-de-un-concejal-del-frente-renovador-y-de-su-padre\/\",\"url\":\"https:\/\/apuntesdesanluis.com\/index.php\/2023\/11\/21\/escandalo-chocolate-ordenan-la-detencion-de-un-concejal-del-frente-renovador-y-de-su-padre\/\",\"name\":\"ESC\u00c1NDALO \u201cCHOCOLATE\u201d: ORDENAN LA DETENCI\u00d3N DE UN CONCEJAL DEL FRENTE RENOVADOR Y DE SU PADRE - Apuntes de San Luis\",\"isPartOf\":{\"@id\":\"https:\/\/apuntesdesanluis.com\/#website\"},\"primaryImageOfPage\":{\"@id\":\"https:\/\/apuntesdesanluis.com\/index.php\/2023\/11\/21\/escandalo-chocolate-ordenan-la-detencion-de-un-concejal-del-frente-renovador-y-de-su-padre\/#primaryimage\"},\"image\":{\"@id\":\"https:\/\/apuntesdesanluis.com\/index.php\/2023\/11\/21\/escandalo-chocolate-ordenan-la-detencion-de-un-concejal-del-frente-renovador-y-de-su-padre\/#primaryimage\"},\"thumbnailUrl\":\"https:\/\/apuntesdesanluis.com\/wp-content\/uploads\/2023\/11\/albini-y-su-padre.png\",\"datePublished\":\"2023-11-21T21:16:11+00:00\",\"breadcrumb\":{\"@id\":\"https:\/\/apuntesdesanluis.com\/index.php\/2023\/11\/21\/escandalo-chocolate-ordenan-la-detencion-de-un-concejal-del-frente-renovador-y-de-su-padre\/#breadcrumb\"},\"inLanguage\":\"es-AR\",\"potentialAction\":[{\"@type\":\"ReadAction\",\"target\":[\"https:\/\/apuntesdesanluis.com\/index.php\/2023\/11\/21\/escandalo-chocolate-ordenan-la-detencion-de-un-concejal-del-frente-renovador-y-de-su-padre\/\"]}]},{\"@type\":\"ImageObject\",\"inLanguage\":\"es-AR\",\"@id\":\"https:\/\/apuntesdesanluis.com\/index.php\/2023\/11\/21\/escandalo-chocolate-ordenan-la-detencion-de-un-concejal-del-frente-renovador-y-de-su-padre\/#primaryimage\",\"url\":\"https:\/\/apuntesdesanluis.com\/wp-content\/uploads\/2023\/11\/albini-y-su-padre.png\",\"contentUrl\":\"https:\/\/apuntesdesanluis.com\/wp-content\/uploads\/2023\/11\/albini-y-su-padre.png\",\"width\":685,\"height\":386},{\"@type\":\"BreadcrumbList\",\"@id\":\"https:\/\/apuntesdesanluis.com\/index.php\/2023\/11\/21\/escandalo-chocolate-ordenan-la-detencion-de-un-concejal-del-frente-renovador-y-de-su-padre\/#breadcrumb\",\"itemListElement\":[{\"@type\":\"ListItem\",\"position\":1,\"name\":\"Inicio\",\"item\":\"https:\/\/apuntesdesanluis.com\/\"},{\"@type\":\"ListItem\",\"position\":2,\"name\":\"ESC\u00c1NDALO \u201cCHOCOLATE\u201d: ORDENAN LA DETENCI\u00d3N DE UN CONCEJAL DEL FRENTE RENOVADOR Y DE SU PADRE\"}]},{\"@type\":\"WebSite\",\"@id\":\"https:\/\/apuntesdesanluis.com\/#website\",\"url\":\"https:\/\/apuntesdesanluis.com\/\",\"name\":\"Apuntes de San Luis\",\"description\":\"\",\"publisher\":{\"@id\":\"https:\/\/apuntesdesanluis.com\/#\/schema\/person\/b55151d52296fcce64d1a72538a70b90\"},\"potentialAction\":[{\"@type\":\"SearchAction\",\"target\":{\"@type\":\"EntryPoint\",\"urlTemplate\":\"https:\/\/apuntesdesanluis.com\/?s={search_term_string}\"},\"query-input\":{\"@type\":\"PropertyValueSpecification\",\"valueRequired\":true,\"valueName\":\"search_term_string\"}}],\"inLanguage\":\"es-AR\"},{\"@type\":[\"Person\",\"Organization\"],\"@id\":\"https:\/\/apuntesdesanluis.com\/#\/schema\/person\/b55151d52296fcce64d1a72538a70b90\",\"name\":\"apuntesdesanluis.com\",\"image\":{\"@type\":\"ImageObject\",\"inLanguage\":\"es-AR\",\"@id\":\"https:\/\/apuntesdesanluis.com\/#\/schema\/person\/image\/\",\"url\":\"https:\/\/apuntesdesanluis.com\/wp-content\/uploads\/2023\/07\/cropped-apuntesdesanluis.png\",\"contentUrl\":\"https:\/\/apuntesdesanluis.com\/wp-content\/uploads\/2023\/07\/cropped-apuntesdesanluis.png\",\"width\":450,\"height\":112,\"caption\":\"apuntesdesanluis.com\"},\"logo\":{\"@id\":\"https:\/\/apuntesdesanluis.com\/#\/schema\/person\/image\/\"},\"sameAs\":[\"https:\/\/apuntesdesanluis.com\"],\"url\":\"https:\/\/apuntesdesanluis.com\/index.php\/author\/apuntesdesanluis-com\/\"}]}<\/script>\n<!-- \/ Yoast SEO plugin. -->","yoast_head_json":{"title":"ESC\u00c1NDALO \u201cCHOCOLATE\u201d: ORDENAN LA DETENCI\u00d3N DE UN CONCEJAL DEL FRENTE RENOVADOR Y DE SU PADRE - Apuntes de San Luis","robots":{"index":"index","follow":"follow","max-snippet":"max-snippet:-1","max-image-preview":"max-image-preview:large","max-video-preview":"max-video-preview:-1"},"canonical":"https:\/\/apuntesdesanluis.com\/index.php\/2023\/11\/21\/escandalo-chocolate-ordenan-la-detencion-de-un-concejal-del-frente-renovador-y-de-su-padre\/","og_locale":"es_ES","og_type":"article","og_title":"ESC\u00c1NDALO \u201cCHOCOLATE\u201d: ORDENAN LA DETENCI\u00d3N DE UN CONCEJAL DEL FRENTE RENOVADOR Y DE SU PADRE - Apuntes de San Luis","og_description":"El juez en lo penal de La Plata Guillermo Atencio orden\u00f3 este martes la detenci\u00f3n...","og_url":"https:\/\/apuntesdesanluis.com\/index.php\/2023\/11\/21\/escandalo-chocolate-ordenan-la-detencion-de-un-concejal-del-frente-renovador-y-de-su-padre\/","og_site_name":"Apuntes de San Luis","article_published_time":"2023-11-21T21:16:11+00:00","og_image":[{"width":685,"height":386,"url":"https:\/\/apuntesdesanluis.com\/wp-content\/uploads\/2023\/11\/albini-y-su-padre.png","type":"image\/png"}],"author":"apuntesdesanluis.com","twitter_card":"summary_large_image","twitter_misc":{"Escrito por":"apuntesdesanluis.com","Tiempo de lectura":"3 minutos"},"schema":{"@context":"https:\/\/schema.org","@graph":[{"@type":"Article","@id":"https:\/\/apuntesdesanluis.com\/index.php\/2023\/11\/21\/escandalo-chocolate-ordenan-la-detencion-de-un-concejal-del-frente-renovador-y-de-su-padre\/#article","isPartOf":{"@id":"https:\/\/apuntesdesanluis.com\/index.php\/2023\/11\/21\/escandalo-chocolate-ordenan-la-detencion-de-un-concejal-del-frente-renovador-y-de-su-padre\/"},"author":{"name":"apuntesdesanluis.com","@id":"https:\/\/apuntesdesanluis.com\/#\/schema\/person\/b55151d52296fcce64d1a72538a70b90"},"headline":"ESC\u00c1NDALO \u201cCHOCOLATE\u201d: ORDENAN LA DETENCI\u00d3N DE UN CONCEJAL DEL FRENTE RENOVADOR Y DE SU PADRE","datePublished":"2023-11-21T21:16:11+00:00","mainEntityOfPage":{"@id":"https:\/\/apuntesdesanluis.com\/index.php\/2023\/11\/21\/escandalo-chocolate-ordenan-la-detencion-de-un-concejal-del-frente-renovador-y-de-su-padre\/"},"wordCount":592,"publisher":{"@id":"https:\/\/apuntesdesanluis.com\/#\/schema\/person\/b55151d52296fcce64d1a72538a70b90"},"image":{"@id":"https:\/\/apuntesdesanluis.com\/index.php\/2023\/11\/21\/escandalo-chocolate-ordenan-la-detencion-de-un-concejal-del-frente-renovador-y-de-su-padre\/#primaryimage"},"thumbnailUrl":"https:\/\/apuntesdesanluis.com\/wp-content\/uploads\/2023\/11\/albini-y-su-padre.png","articleSection":["Nacionales\/Internacionales"],"inLanguage":"es-AR"},{"@type":"WebPage","@id":"https:\/\/apuntesdesanluis.com\/index.php\/2023\/11\/21\/escandalo-chocolate-ordenan-la-detencion-de-un-concejal-del-frente-renovador-y-de-su-padre\/","url":"https:\/\/apuntesdesanluis.com\/index.php\/2023\/11\/21\/escandalo-chocolate-ordenan-la-detencion-de-un-concejal-del-frente-renovador-y-de-su-padre\/","name":"ESC\u00c1NDALO \u201cCHOCOLATE\u201d: ORDENAN LA DETENCI\u00d3N DE UN CONCEJAL DEL FRENTE RENOVADOR Y DE SU PADRE - Apuntes de San Luis","isPartOf":{"@id":"https:\/\/apuntesdesanluis.com\/#website"},"primaryImageOfPage":{"@id":"https:\/\/apuntesdesanluis.com\/index.php\/2023\/11\/21\/escandalo-chocolate-ordenan-la-detencion-de-un-concejal-del-frente-renovador-y-de-su-padre\/#primaryimage"},"image":{"@id":"https:\/\/apuntesdesanluis.com\/index.php\/2023\/11\/21\/escandalo-chocolate-ordenan-la-detencion-de-un-concejal-del-frente-renovador-y-de-su-padre\/#primaryimage"},"thumbnailUrl":"https:\/\/apuntesdesanluis.com\/wp-content\/uploads\/2023\/11\/albini-y-su-padre.png","datePublished":"2023-11-21T21:16:11+00:00","breadcrumb":{"@id":"https:\/\/apuntesdesanluis.com\/index.php\/2023\/11\/21\/escandalo-chocolate-ordenan-la-detencion-de-un-concejal-del-frente-renovador-y-de-su-padre\/#breadcrumb"},"inLanguage":"es-AR","potentialAction":[{"@type":"ReadAction","target":["https:\/\/apuntesdesanluis.com\/index.php\/2023\/11\/21\/escandalo-chocolate-ordenan-la-detencion-de-un-concejal-del-frente-renovador-y-de-su-padre\/"]}]},{"@type":"ImageObject","inLanguage":"es-AR","@id":"https:\/\/apuntesdesanluis.com\/index.php\/2023\/11\/21\/escandalo-chocolate-ordenan-la-detencion-de-un-concejal-del-frente-renovador-y-de-su-padre\/#primaryimage","url":"https:\/\/apuntesdesanluis.com\/wp-content\/uploads\/2023\/11\/albini-y-su-padre.png","contentUrl":"https:\/\/apuntesdesanluis.com\/wp-content\/uploads\/2023\/11\/albini-y-su-padre.png","width":685,"height":386},{"@type":"BreadcrumbList","@id":"https:\/\/apuntesdesanluis.com\/index.php\/2023\/11\/21\/escandalo-chocolate-ordenan-la-detencion-de-un-concejal-del-frente-renovador-y-de-su-padre\/#breadcrumb","itemListElement":[{"@type":"ListItem","position":1,"name":"Inicio","item":"https:\/\/apuntesdesanluis.com\/"},{"@type":"ListItem","position":2,"name":"ESC\u00c1NDALO \u201cCHOCOLATE\u201d: ORDENAN LA DETENCI\u00d3N DE UN CONCEJAL DEL FRENTE RENOVADOR Y DE SU PADRE"}]},{"@type":"WebSite","@id":"https:\/\/apuntesdesanluis.com\/#website","url":"https:\/\/apuntesdesanluis.com\/","name":"Apuntes de San Luis","description":"","publisher":{"@id":"https:\/\/apuntesdesanluis.com\/#\/schema\/person\/b55151d52296fcce64d1a72538a70b90"},"potentialAction":[{"@type":"SearchAction","target":{"@type":"EntryPoint","urlTemplate":"https:\/\/apuntesdesanluis.com\/?s={search_term_string}"},"query-input":{"@type":"PropertyValueSpecification","valueRequired":true,"valueName":"search_term_string"}}],"inLanguage":"es-AR"},{"@type":["Person","Organization"],"@id":"https:\/\/apuntesdesanluis.com\/#\/schema\/person\/b55151d52296fcce64d1a72538a70b90","name":"apuntesdesanluis.com","image":{"@type":"ImageObject","inLanguage":"es-AR","@id":"https:\/\/apuntesdesanluis.com\/#\/schema\/person\/image\/","url":"https:\/\/apuntesdesanluis.com\/wp-content\/uploads\/2023\/07\/cropped-apuntesdesanluis.png","contentUrl":"https:\/\/apuntesdesanluis.com\/wp-content\/uploads\/2023\/07\/cropped-apuntesdesanluis.png","width":450,"height":112,"caption":"apuntesdesanluis.com"},"logo":{"@id":"https:\/\/apuntesdesanluis.com\/#\/schema\/person\/image\/"},"sameAs":["https:\/\/apuntesdesanluis.com"],"url":"https:\/\/apuntesdesanluis.com\/index.php\/author\/apuntesdesanluis-com\/"}]}},"featured_image_urls":{"full":["https:\/\/apuntesdesanluis.com\/wp-content\/uploads\/2023\/11\/albini-y-su-padre.png",685,386,false],"thumbnail":["https:\/\/apuntesdesanluis.com\/wp-content\/uploads\/2023\/11\/albini-y-su-padre-150x150.png",150,150,true],"medium":["https:\/\/apuntesdesanluis.com\/wp-content\/uploads\/2023\/11\/albini-y-su-padre-300x169.png",300,169,true],"medium_large":["https:\/\/apuntesdesanluis.com\/wp-content\/uploads\/2023\/11\/albini-y-su-padre.png",640,361,false],"large":["https:\/\/apuntesdesanluis.com\/wp-content\/uploads\/2023\/11\/albini-y-su-padre.png",640,361,false],"1536x1536":["https:\/\/apuntesdesanluis.com\/wp-content\/uploads\/2023\/11\/albini-y-su-padre.png",685,386,false],"2048x2048":["https:\/\/apuntesdesanluis.com\/wp-content\/uploads\/2023\/11\/albini-y-su-padre.png",685,386,false],"newsever-slider-full":["https:\/\/apuntesdesanluis.com\/wp-content\/uploads\/2023\/11\/albini-y-su-padre.png",685,386,false],"newsever-featured":["https:\/\/apuntesdesanluis.com\/wp-content\/uploads\/2023\/11\/albini-y-su-padre.png",685,386,false],"newsever-medium":["https:\/\/apuntesdesanluis.com\/wp-content\/uploads\/2023\/11\/albini-y-su-padre.png",685,386,false]},"author_info":{"display_name":"apuntesdesanluis.com","author_link":"https:\/\/apuntesdesanluis.com\/index.php\/author\/apuntesdesanluis-com\/"},"category_info":"<a href=\"https:\/\/apuntesdesanluis.com\/index.php\/category\/nacionales-internacionales\/\" rel=\"category tag\">Nacionales\/Internacionales<\/a>","tag_info":"Nacionales\/Internacionales","comment_count":"0","_links":{"self":[{"href":"https:\/\/apuntesdesanluis.com\/index.php\/wp-json\/wp\/v2\/posts\/7132","targetHints":{"allow":["GET"]}}],"collection":[{"href":"https:\/\/apuntesdesanluis.com\/index.php\/wp-json\/wp\/v2\/posts"}],"about":[{"href":"https:\/\/apuntesdesanluis.com\/index.php\/wp-json\/wp\/v2\/types\/post"}],"author":[{"embeddable":true,"href":"https:\/\/apuntesdesanluis.com\/index.php\/wp-json\/wp\/v2\/users\/1"}],"replies":[{"embeddable":true,"href":"https:\/\/apuntesdesanluis.com\/index.php\/wp-json\/wp\/v2\/comments?post=7132"}],"version-history":[{"count":1,"href":"https:\/\/apuntesdesanluis.com\/index.php\/wp-json\/wp\/v2\/posts\/7132\/revisions"}],"predecessor-version":[{"id":7134,"href":"https:\/\/apuntesdesanluis.com\/index.php\/wp-json\/wp\/v2\/posts\/7132\/revisions\/7134"}],"wp:featuredmedia":[{"embeddable":true,"href":"https:\/\/apuntesdesanluis.com\/index.php\/wp-json\/wp\/v2\/media\/7133"}],"wp:attachment":[{"href":"https:\/\/apuntesdesanluis.com\/index.php\/wp-json\/wp\/v2\/media?parent=7132"}],"wp:term":[{"taxonomy":"category","embeddable":true,"href":"https:\/\/apuntesdesanluis.com\/index.php\/wp-json\/wp\/v2\/categories?post=7132"},{"taxonomy":"post_tag","embeddable":true,"href":"https:\/\/apuntesdesanluis.com\/index.php\/wp-json\/wp\/v2\/tags?post=7132"}],"curies":[{"name":"wp","href":"https:\/\/api.w.org\/{rel}","templated":true}]}}