{"id":7137,"date":"2023-11-21T18:27:34","date_gmt":"2023-11-21T21:27:34","guid":{"rendered":"https:\/\/apuntesdesanluis.com\/?p=7137"},"modified":"2023-11-21T21:56:37","modified_gmt":"2023-11-22T00:56:37","slug":"el-papa-francisco-se-comunico-con-javier-milei-para-felicitarlo-por-el-balotaje","status":"publish","type":"post","link":"https:\/\/apuntesdesanluis.com\/index.php\/2023\/11\/21\/el-papa-francisco-se-comunico-con-javier-milei-para-felicitarlo-por-el-balotaje\/","title":{"rendered":"EL PAPA FRANCISCO SE COMUNIC\u00d3 CON JAVIER MILEI PARA FELICITARLO POR EL BALOTAJE"},"content":{"rendered":"<h3>En medio de la transici\u00f3n de Gobierno, el sumo pont\u00edfice se comunic\u00f3 con el nuevo mandatario y lo felicit\u00f3 por su victoria en las elecciones presidenciales del pasado domingo. Tambi\u00e9n la <strong>Conferencia Episcopal Argentina<\/strong> felicit\u00f3 al presidente electo de La Libertad Avanza.<\/h3>\n<h3>El <strong>Papa Francisco<\/strong> se comunic\u00f3 con el presidente electo, <strong>Javier Milei<\/strong>, y lo felicit\u00f3 por su victoria en las elecciones presidenciales del pasado domingo frente al candidato de Uni\u00f3n por la Patria (UP), <strong>Sergio Massa<\/strong>. El mandatario argentino, adem\u00e1s, invit\u00f3 al sumo pont\u00edfice a efectuar su viaje al pa\u00eds en 2024, seg\u00fan consign\u00f3 el canal de noticias C5N.<\/h3>\n<h3>Tras diferencias en la previa de las elecciones debido a las declaraciones del libertario, el Papa Francisco estableci\u00f3 contacto con el nuevo presidente de cara a los pr\u00f3ximos cuatro a\u00f1os de mandato.<\/h3>\n<h3>Seg\u00fan las fuentes citadas, la &#8220;comunicaci\u00f3n fue agradable, con un di\u00e1logo muy bueno y que lo que hizo Javier Milei fue ratificar la invitaci\u00f3n para que el Papa visite la Argentina el a\u00f1o pr\u00f3ximo como Jefe de Estado y l\u00edder de la Iglesia&#8221;. La comunicaci\u00f3n telef\u00f3nica se habr\u00eda logrado a trav\u00e9s de un llegado cercano a Ramiro Marra, dirigente pr\u00f3ximo al presidente y posible director de la AFIP durante el pr\u00f3ximo mandato que comenzar\u00e1 a partir del 10 de diciembre.<\/h3>\n<h3><strong>CHISPAZOS<\/strong><\/h3>\n<h3>Los cortocircuitos entre Francisco y Javier Milei comenzaron en la previa de las elecciones: luego de calificarlo como &#8220;el representante del maligno en la tierra&#8221;, el candidato de La Libertad Avanza Javier Milei consider\u00f3 que est\u00e1 &#8220;del lado de dictaduras sangrientas&#8221;.<\/h3>\n<h3>En su entrevista con el periodista estadounidense Tucker Carlson, Milei asegur\u00f3 que el Papa &#8220;tiene afinidad por los comunistas asesinos. De hecho, no los condena y es bastante condescendiente tambi\u00e9n con la dictadura venezolana&#8221;, y lo acus\u00f3 de ser &#8220;condescendiente con todos los de izquierda, aunque sean verdaderos asesinos&#8221;. &#8220;Ha demostrado, adem\u00e1s, una gran afinidad con dictadores como Castro o Maduro. Es decir, est\u00e1 del lado de dictaduras sangrientas&#8221;, agreg\u00f3 en ese entonces.<\/h3>\n<h3>Meses despu\u00e9s, el economista libertario se retract\u00f3 por sus dichos y ofreci\u00f3 sus disculpas en el debate presidencial: &#8220;Yo hab\u00eda pedido perd\u00f3n por eso y lo volver\u00eda a hacer. Porque si me equivoco no tengo problemas en decir que estoy arrepentido&#8221;.<\/h3>\n<h3>Por otro lado, este martes 21 tambi\u00e9n emiti\u00f3 un comunicado saludando a Milei la <strong>Conferencia Episcopal Argentina<\/strong>.<\/h3>\n<p><img fetchpriority=\"high\" decoding=\"async\" class=\"wp-image-7178 aligncenter\" src=\"https:\/\/apuntesdesanluis.com\/wp-content\/uploads\/2023\/11\/conferencia-episcopal-argentina-300x251.png\" alt=\"\" width=\"667\" height=\"558\" srcset=\"https:\/\/apuntesdesanluis.com\/wp-content\/uploads\/2023\/11\/conferencia-episcopal-argentina-300x251.png 300w, https:\/\/apuntesdesanluis.com\/wp-content\/uploads\/2023\/11\/conferencia-episcopal-argentina.png 608w\" sizes=\"(max-width: 667px) 100vw, 667px\" \/><\/p>\n<p>&nbsp;<\/p>\n<p>&nbsp;<\/p>\n<p>&nbsp;<\/p>\n<p>&nbsp;<\/p>\n<p>&nbsp;<\/p>\n<p>&nbsp;<\/p>\n","protected":false},"excerpt":{"rendered":"<p>En medio de la transici\u00f3n de Gobierno, el sumo pont\u00edfice se comunic\u00f3 con el nuevo&#8230;<\/p>\n","protected":false},"author":1,"featured_media":7138,"comment_status":"closed","ping_status":"closed","sticky":false,"template":"","format":"standard","meta":{"footnotes":""},"categories":[5],"tags":[],"class_list":["post-7137","post","type-post","status-publish","format-standard","has-post-thumbnail","hentry","category-nacionales-internacionales"],"yoast_head":"<!-- This site is optimized with the Yoast SEO plugin v26.1.1 - https:\/\/yoast.com\/wordpress\/plugins\/seo\/ -->\n<title>EL PAPA FRANCISCO SE COMUNIC\u00d3 CON JAVIER MILEI PARA FELICITARLO POR EL BALOTAJE - Apuntes de San Luis<\/title>\n<meta name=\"robots\" content=\"index, follow, max-snippet:-1, max-image-preview:large, max-video-preview:-1\" \/>\n<link rel=\"canonical\" href=\"https:\/\/apuntesdesanluis.com\/index.php\/2023\/11\/21\/el-papa-francisco-se-comunico-con-javier-milei-para-felicitarlo-por-el-balotaje\/\" \/>\n<meta property=\"og:locale\" content=\"es_ES\" \/>\n<meta property=\"og:type\" content=\"article\" \/>\n<meta property=\"og:title\" content=\"EL PAPA FRANCISCO SE COMUNIC\u00d3 CON JAVIER MILEI PARA FELICITARLO POR EL BALOTAJE - Apuntes de San Luis\" \/>\n<meta property=\"og:description\" content=\"En medio de la transici\u00f3n de Gobierno, el sumo pont\u00edfice se comunic\u00f3 con el nuevo...\" \/>\n<meta property=\"og:url\" content=\"https:\/\/apuntesdesanluis.com\/index.php\/2023\/11\/21\/el-papa-francisco-se-comunico-con-javier-milei-para-felicitarlo-por-el-balotaje\/\" \/>\n<meta property=\"og:site_name\" content=\"Apuntes de San Luis\" \/>\n<meta property=\"article:published_time\" content=\"2023-11-21T21:27:34+00:00\" \/>\n<meta property=\"article:modified_time\" content=\"2023-11-22T00:56:37+00:00\" \/>\n<meta property=\"og:image\" content=\"https:\/\/apuntesdesanluis.com\/wp-content\/uploads\/2023\/11\/milei-y-el-papa.png\" \/>\n\t<meta property=\"og:image:width\" content=\"600\" \/>\n\t<meta property=\"og:image:height\" content=\"352\" \/>\n\t<meta property=\"og:image:type\" content=\"image\/png\" \/>\n<meta name=\"author\" content=\"apuntesdesanluis.com\" \/>\n<meta name=\"twitter:card\" content=\"summary_large_image\" \/>\n<meta name=\"twitter:label1\" content=\"Escrito por\" \/>\n\t<meta name=\"twitter:data1\" content=\"apuntesdesanluis.com\" \/>\n\t<meta name=\"twitter:label2\" content=\"Tiempo de lectura\" \/>\n\t<meta name=\"twitter:data2\" content=\"2 minutos\" \/>\n<script type=\"application\/ld+json\" class=\"yoast-schema-graph\">{\"@context\":\"https:\/\/schema.org\",\"@graph\":[{\"@type\":\"Article\",\"@id\":\"https:\/\/apuntesdesanluis.com\/index.php\/2023\/11\/21\/el-papa-francisco-se-comunico-con-javier-milei-para-felicitarlo-por-el-balotaje\/#article\",\"isPartOf\":{\"@id\":\"https:\/\/apuntesdesanluis.com\/index.php\/2023\/11\/21\/el-papa-francisco-se-comunico-con-javier-milei-para-felicitarlo-por-el-balotaje\/\"},\"author\":{\"name\":\"apuntesdesanluis.com\",\"@id\":\"https:\/\/apuntesdesanluis.com\/#\/schema\/person\/b55151d52296fcce64d1a72538a70b90\"},\"headline\":\"EL PAPA FRANCISCO SE COMUNIC\u00d3 CON JAVIER MILEI PARA FELICITARLO POR EL BALOTAJE\",\"datePublished\":\"2023-11-21T21:27:34+00:00\",\"dateModified\":\"2023-11-22T00:56:37+00:00\",\"mainEntityOfPage\":{\"@id\":\"https:\/\/apuntesdesanluis.com\/index.php\/2023\/11\/21\/el-papa-francisco-se-comunico-con-javier-milei-para-felicitarlo-por-el-balotaje\/\"},\"wordCount\":432,\"publisher\":{\"@id\":\"https:\/\/apuntesdesanluis.com\/#\/schema\/person\/b55151d52296fcce64d1a72538a70b90\"},\"image\":{\"@id\":\"https:\/\/apuntesdesanluis.com\/index.php\/2023\/11\/21\/el-papa-francisco-se-comunico-con-javier-milei-para-felicitarlo-por-el-balotaje\/#primaryimage\"},\"thumbnailUrl\":\"https:\/\/apuntesdesanluis.com\/wp-content\/uploads\/2023\/11\/milei-y-el-papa.png\",\"articleSection\":[\"Nacionales\/Internacionales\"],\"inLanguage\":\"es-AR\"},{\"@type\":\"WebPage\",\"@id\":\"https:\/\/apuntesdesanluis.com\/index.php\/2023\/11\/21\/el-papa-francisco-se-comunico-con-javier-milei-para-felicitarlo-por-el-balotaje\/\",\"url\":\"https:\/\/apuntesdesanluis.com\/index.php\/2023\/11\/21\/el-papa-francisco-se-comunico-con-javier-milei-para-felicitarlo-por-el-balotaje\/\",\"name\":\"EL PAPA FRANCISCO SE COMUNIC\u00d3 CON JAVIER MILEI PARA FELICITARLO POR EL BALOTAJE - Apuntes de San Luis\",\"isPartOf\":{\"@id\":\"https:\/\/apuntesdesanluis.com\/#website\"},\"primaryImageOfPage\":{\"@id\":\"https:\/\/apuntesdesanluis.com\/index.php\/2023\/11\/21\/el-papa-francisco-se-comunico-con-javier-milei-para-felicitarlo-por-el-balotaje\/#primaryimage\"},\"image\":{\"@id\":\"https:\/\/apuntesdesanluis.com\/index.php\/2023\/11\/21\/el-papa-francisco-se-comunico-con-javier-milei-para-felicitarlo-por-el-balotaje\/#primaryimage\"},\"thumbnailUrl\":\"https:\/\/apuntesdesanluis.com\/wp-content\/uploads\/2023\/11\/milei-y-el-papa.png\",\"datePublished\":\"2023-11-21T21:27:34+00:00\",\"dateModified\":\"2023-11-22T00:56:37+00:00\",\"breadcrumb\":{\"@id\":\"https:\/\/apuntesdesanluis.com\/index.php\/2023\/11\/21\/el-papa-francisco-se-comunico-con-javier-milei-para-felicitarlo-por-el-balotaje\/#breadcrumb\"},\"inLanguage\":\"es-AR\",\"potentialAction\":[{\"@type\":\"ReadAction\",\"target\":[\"https:\/\/apuntesdesanluis.com\/index.php\/2023\/11\/21\/el-papa-francisco-se-comunico-con-javier-milei-para-felicitarlo-por-el-balotaje\/\"]}]},{\"@type\":\"ImageObject\",\"inLanguage\":\"es-AR\",\"@id\":\"https:\/\/apuntesdesanluis.com\/index.php\/2023\/11\/21\/el-papa-francisco-se-comunico-con-javier-milei-para-felicitarlo-por-el-balotaje\/#primaryimage\",\"url\":\"https:\/\/apuntesdesanluis.com\/wp-content\/uploads\/2023\/11\/milei-y-el-papa.png\",\"contentUrl\":\"https:\/\/apuntesdesanluis.com\/wp-content\/uploads\/2023\/11\/milei-y-el-papa.png\",\"width\":600,\"height\":352},{\"@type\":\"BreadcrumbList\",\"@id\":\"https:\/\/apuntesdesanluis.com\/index.php\/2023\/11\/21\/el-papa-francisco-se-comunico-con-javier-milei-para-felicitarlo-por-el-balotaje\/#breadcrumb\",\"itemListElement\":[{\"@type\":\"ListItem\",\"position\":1,\"name\":\"Inicio\",\"item\":\"https:\/\/apuntesdesanluis.com\/\"},{\"@type\":\"ListItem\",\"position\":2,\"name\":\"EL PAPA FRANCISCO SE COMUNIC\u00d3 CON JAVIER MILEI PARA FELICITARLO POR EL BALOTAJE\"}]},{\"@type\":\"WebSite\",\"@id\":\"https:\/\/apuntesdesanluis.com\/#website\",\"url\":\"https:\/\/apuntesdesanluis.com\/\",\"name\":\"Apuntes de San Luis\",\"description\":\"\",\"publisher\":{\"@id\":\"https:\/\/apuntesdesanluis.com\/#\/schema\/person\/b55151d52296fcce64d1a72538a70b90\"},\"potentialAction\":[{\"@type\":\"SearchAction\",\"target\":{\"@type\":\"EntryPoint\",\"urlTemplate\":\"https:\/\/apuntesdesanluis.com\/?s={search_term_string}\"},\"query-input\":{\"@type\":\"PropertyValueSpecification\",\"valueRequired\":true,\"valueName\":\"search_term_string\"}}],\"inLanguage\":\"es-AR\"},{\"@type\":[\"Person\",\"Organization\"],\"@id\":\"https:\/\/apuntesdesanluis.com\/#\/schema\/person\/b55151d52296fcce64d1a72538a70b90\",\"name\":\"apuntesdesanluis.com\",\"image\":{\"@type\":\"ImageObject\",\"inLanguage\":\"es-AR\",\"@id\":\"https:\/\/apuntesdesanluis.com\/#\/schema\/person\/image\/\",\"url\":\"https:\/\/apuntesdesanluis.com\/wp-content\/uploads\/2023\/07\/cropped-apuntesdesanluis.png\",\"contentUrl\":\"https:\/\/apuntesdesanluis.com\/wp-content\/uploads\/2023\/07\/cropped-apuntesdesanluis.png\",\"width\":450,\"height\":112,\"caption\":\"apuntesdesanluis.com\"},\"logo\":{\"@id\":\"https:\/\/apuntesdesanluis.com\/#\/schema\/person\/image\/\"},\"sameAs\":[\"https:\/\/apuntesdesanluis.com\"],\"url\":\"https:\/\/apuntesdesanluis.com\/index.php\/author\/apuntesdesanluis-com\/\"}]}<\/script>\n<!-- \/ Yoast SEO plugin. -->","yoast_head_json":{"title":"EL PAPA FRANCISCO SE COMUNIC\u00d3 CON JAVIER MILEI PARA FELICITARLO POR EL BALOTAJE - Apuntes de San Luis","robots":{"index":"index","follow":"follow","max-snippet":"max-snippet:-1","max-image-preview":"max-image-preview:large","max-video-preview":"max-video-preview:-1"},"canonical":"https:\/\/apuntesdesanluis.com\/index.php\/2023\/11\/21\/el-papa-francisco-se-comunico-con-javier-milei-para-felicitarlo-por-el-balotaje\/","og_locale":"es_ES","og_type":"article","og_title":"EL PAPA FRANCISCO SE COMUNIC\u00d3 CON JAVIER MILEI PARA FELICITARLO POR EL BALOTAJE - Apuntes de San Luis","og_description":"En medio de la transici\u00f3n de Gobierno, el sumo pont\u00edfice se comunic\u00f3 con el nuevo...","og_url":"https:\/\/apuntesdesanluis.com\/index.php\/2023\/11\/21\/el-papa-francisco-se-comunico-con-javier-milei-para-felicitarlo-por-el-balotaje\/","og_site_name":"Apuntes de San Luis","article_published_time":"2023-11-21T21:27:34+00:00","article_modified_time":"2023-11-22T00:56:37+00:00","og_image":[{"width":600,"height":352,"url":"https:\/\/apuntesdesanluis.com\/wp-content\/uploads\/2023\/11\/milei-y-el-papa.png","type":"image\/png"}],"author":"apuntesdesanluis.com","twitter_card":"summary_large_image","twitter_misc":{"Escrito por":"apuntesdesanluis.com","Tiempo de lectura":"2 minutos"},"schema":{"@context":"https:\/\/schema.org","@graph":[{"@type":"Article","@id":"https:\/\/apuntesdesanluis.com\/index.php\/2023\/11\/21\/el-papa-francisco-se-comunico-con-javier-milei-para-felicitarlo-por-el-balotaje\/#article","isPartOf":{"@id":"https:\/\/apuntesdesanluis.com\/index.php\/2023\/11\/21\/el-papa-francisco-se-comunico-con-javier-milei-para-felicitarlo-por-el-balotaje\/"},"author":{"name":"apuntesdesanluis.com","@id":"https:\/\/apuntesdesanluis.com\/#\/schema\/person\/b55151d52296fcce64d1a72538a70b90"},"headline":"EL PAPA FRANCISCO SE COMUNIC\u00d3 CON JAVIER MILEI PARA FELICITARLO POR EL BALOTAJE","datePublished":"2023-11-21T21:27:34+00:00","dateModified":"2023-11-22T00:56:37+00:00","mainEntityOfPage":{"@id":"https:\/\/apuntesdesanluis.com\/index.php\/2023\/11\/21\/el-papa-francisco-se-comunico-con-javier-milei-para-felicitarlo-por-el-balotaje\/"},"wordCount":432,"publisher":{"@id":"https:\/\/apuntesdesanluis.com\/#\/schema\/person\/b55151d52296fcce64d1a72538a70b90"},"image":{"@id":"https:\/\/apuntesdesanluis.com\/index.php\/2023\/11\/21\/el-papa-francisco-se-comunico-con-javier-milei-para-felicitarlo-por-el-balotaje\/#primaryimage"},"thumbnailUrl":"https:\/\/apuntesdesanluis.com\/wp-content\/uploads\/2023\/11\/milei-y-el-papa.png","articleSection":["Nacionales\/Internacionales"],"inLanguage":"es-AR"},{"@type":"WebPage","@id":"https:\/\/apuntesdesanluis.com\/index.php\/2023\/11\/21\/el-papa-francisco-se-comunico-con-javier-milei-para-felicitarlo-por-el-balotaje\/","url":"https:\/\/apuntesdesanluis.com\/index.php\/2023\/11\/21\/el-papa-francisco-se-comunico-con-javier-milei-para-felicitarlo-por-el-balotaje\/","name":"EL PAPA FRANCISCO SE COMUNIC\u00d3 CON JAVIER MILEI PARA FELICITARLO POR EL BALOTAJE - Apuntes de San Luis","isPartOf":{"@id":"https:\/\/apuntesdesanluis.com\/#website"},"primaryImageOfPage":{"@id":"https:\/\/apuntesdesanluis.com\/index.php\/2023\/11\/21\/el-papa-francisco-se-comunico-con-javier-milei-para-felicitarlo-por-el-balotaje\/#primaryimage"},"image":{"@id":"https:\/\/apuntesdesanluis.com\/index.php\/2023\/11\/21\/el-papa-francisco-se-comunico-con-javier-milei-para-felicitarlo-por-el-balotaje\/#primaryimage"},"thumbnailUrl":"https:\/\/apuntesdesanluis.com\/wp-content\/uploads\/2023\/11\/milei-y-el-papa.png","datePublished":"2023-11-21T21:27:34+00:00","dateModified":"2023-11-22T00:56:37+00:00","breadcrumb":{"@id":"https:\/\/apuntesdesanluis.com\/index.php\/2023\/11\/21\/el-papa-francisco-se-comunico-con-javier-milei-para-felicitarlo-por-el-balotaje\/#breadcrumb"},"inLanguage":"es-AR","potentialAction":[{"@type":"ReadAction","target":["https:\/\/apuntesdesanluis.com\/index.php\/2023\/11\/21\/el-papa-francisco-se-comunico-con-javier-milei-para-felicitarlo-por-el-balotaje\/"]}]},{"@type":"ImageObject","inLanguage":"es-AR","@id":"https:\/\/apuntesdesanluis.com\/index.php\/2023\/11\/21\/el-papa-francisco-se-comunico-con-javier-milei-para-felicitarlo-por-el-balotaje\/#primaryimage","url":"https:\/\/apuntesdesanluis.com\/wp-content\/uploads\/2023\/11\/milei-y-el-papa.png","contentUrl":"https:\/\/apuntesdesanluis.com\/wp-content\/uploads\/2023\/11\/milei-y-el-papa.png","width":600,"height":352},{"@type":"BreadcrumbList","@id":"https:\/\/apuntesdesanluis.com\/index.php\/2023\/11\/21\/el-papa-francisco-se-comunico-con-javier-milei-para-felicitarlo-por-el-balotaje\/#breadcrumb","itemListElement":[{"@type":"ListItem","position":1,"name":"Inicio","item":"https:\/\/apuntesdesanluis.com\/"},{"@type":"ListItem","position":2,"name":"EL PAPA FRANCISCO SE COMUNIC\u00d3 CON JAVIER MILEI PARA FELICITARLO POR EL BALOTAJE"}]},{"@type":"WebSite","@id":"https:\/\/apuntesdesanluis.com\/#website","url":"https:\/\/apuntesdesanluis.com\/","name":"Apuntes de San Luis","description":"","publisher":{"@id":"https:\/\/apuntesdesanluis.com\/#\/schema\/person\/b55151d52296fcce64d1a72538a70b90"},"potentialAction":[{"@type":"SearchAction","target":{"@type":"EntryPoint","urlTemplate":"https:\/\/apuntesdesanluis.com\/?s={search_term_string}"},"query-input":{"@type":"PropertyValueSpecification","valueRequired":true,"valueName":"search_term_string"}}],"inLanguage":"es-AR"},{"@type":["Person","Organization"],"@id":"https:\/\/apuntesdesanluis.com\/#\/schema\/person\/b55151d52296fcce64d1a72538a70b90","name":"apuntesdesanluis.com","image":{"@type":"ImageObject","inLanguage":"es-AR","@id":"https:\/\/apuntesdesanluis.com\/#\/schema\/person\/image\/","url":"https:\/\/apuntesdesanluis.com\/wp-content\/uploads\/2023\/07\/cropped-apuntesdesanluis.png","contentUrl":"https:\/\/apuntesdesanluis.com\/wp-content\/uploads\/2023\/07\/cropped-apuntesdesanluis.png","width":450,"height":112,"caption":"apuntesdesanluis.com"},"logo":{"@id":"https:\/\/apuntesdesanluis.com\/#\/schema\/person\/image\/"},"sameAs":["https:\/\/apuntesdesanluis.com"],"url":"https:\/\/apuntesdesanluis.com\/index.php\/author\/apuntesdesanluis-com\/"}]}},"featured_image_urls":{"full":["https:\/\/apuntesdesanluis.com\/wp-content\/uploads\/2023\/11\/milei-y-el-papa.png",600,352,false],"thumbnail":["https:\/\/apuntesdesanluis.com\/wp-content\/uploads\/2023\/11\/milei-y-el-papa-150x150.png",150,150,true],"medium":["https:\/\/apuntesdesanluis.com\/wp-content\/uploads\/2023\/11\/milei-y-el-papa-300x176.png",300,176,true],"medium_large":["https:\/\/apuntesdesanluis.com\/wp-content\/uploads\/2023\/11\/milei-y-el-papa.png",600,352,false],"large":["https:\/\/apuntesdesanluis.com\/wp-content\/uploads\/2023\/11\/milei-y-el-papa.png",600,352,false],"1536x1536":["https:\/\/apuntesdesanluis.com\/wp-content\/uploads\/2023\/11\/milei-y-el-papa.png",600,352,false],"2048x2048":["https:\/\/apuntesdesanluis.com\/wp-content\/uploads\/2023\/11\/milei-y-el-papa.png",600,352,false],"newsever-slider-full":["https:\/\/apuntesdesanluis.com\/wp-content\/uploads\/2023\/11\/milei-y-el-papa.png",600,352,false],"newsever-featured":["https:\/\/apuntesdesanluis.com\/wp-content\/uploads\/2023\/11\/milei-y-el-papa.png",600,352,false],"newsever-medium":["https:\/\/apuntesdesanluis.com\/wp-content\/uploads\/2023\/11\/milei-y-el-papa.png",600,352,false]},"author_info":{"display_name":"apuntesdesanluis.com","author_link":"https:\/\/apuntesdesanluis.com\/index.php\/author\/apuntesdesanluis-com\/"},"category_info":"<a href=\"https:\/\/apuntesdesanluis.com\/index.php\/category\/nacionales-internacionales\/\" rel=\"category tag\">Nacionales\/Internacionales<\/a>","tag_info":"Nacionales\/Internacionales","comment_count":"0","_links":{"self":[{"href":"https:\/\/apuntesdesanluis.com\/index.php\/wp-json\/wp\/v2\/posts\/7137","targetHints":{"allow":["GET"]}}],"collection":[{"href":"https:\/\/apuntesdesanluis.com\/index.php\/wp-json\/wp\/v2\/posts"}],"about":[{"href":"https:\/\/apuntesdesanluis.com\/index.php\/wp-json\/wp\/v2\/types\/post"}],"author":[{"embeddable":true,"href":"https:\/\/apuntesdesanluis.com\/index.php\/wp-json\/wp\/v2\/users\/1"}],"replies":[{"embeddable":true,"href":"https:\/\/apuntesdesanluis.com\/index.php\/wp-json\/wp\/v2\/comments?post=7137"}],"version-history":[{"count":4,"href":"https:\/\/apuntesdesanluis.com\/index.php\/wp-json\/wp\/v2\/posts\/7137\/revisions"}],"predecessor-version":[{"id":7180,"href":"https:\/\/apuntesdesanluis.com\/index.php\/wp-json\/wp\/v2\/posts\/7137\/revisions\/7180"}],"wp:featuredmedia":[{"embeddable":true,"href":"https:\/\/apuntesdesanluis.com\/index.php\/wp-json\/wp\/v2\/media\/7138"}],"wp:attachment":[{"href":"https:\/\/apuntesdesanluis.com\/index.php\/wp-json\/wp\/v2\/media?parent=7137"}],"wp:term":[{"taxonomy":"category","embeddable":true,"href":"https:\/\/apuntesdesanluis.com\/index.php\/wp-json\/wp\/v2\/categories?post=7137"},{"taxonomy":"post_tag","embeddable":true,"href":"https:\/\/apuntesdesanluis.com\/index.php\/wp-json\/wp\/v2\/tags?post=7137"}],"curies":[{"name":"wp","href":"https:\/\/api.w.org\/{rel}","templated":true}]}}