{"id":7140,"date":"2023-11-21T19:55:43","date_gmt":"2023-11-21T22:55:43","guid":{"rendered":"https:\/\/apuntesdesanluis.com\/?p=7140"},"modified":"2023-11-21T20:35:42","modified_gmt":"2023-11-21T23:35:42","slug":"separan-a-dos-personas-de-la-upro-por-manipular-fotos-de-una-empleada","status":"publish","type":"post","link":"https:\/\/apuntesdesanluis.com\/index.php\/2023\/11\/21\/separan-a-dos-personas-de-la-upro-por-manipular-fotos-de-una-empleada\/","title":{"rendered":"SEPARAN A DOS PERSONAS DE LA UPRO POR MANIPULAR IMAGEN DE UNA EMPLEADA"},"content":{"rendered":"<h3>As\u00ed lo asegur\u00f3 una fuente inobjetable de la <strong>Universidad Provincial de Oficios<\/strong>, luego de conocerse la denuncia que efectu\u00f3 una empleada contra un funcionario del \u00e1rea de Sistemas, a quien descubri\u00f3 que hab\u00eda utilizado una foto de su perfil para \u201cdesnudarla\u201d a trav\u00e9s de una aplicaci\u00f3n de Inteligencia Artificial.<\/h3>\n<h3>El hecho tuvo lugar el 24 de octubre, seg\u00fan cont\u00f3 <strong>Melina<\/strong>, la v\u00edctima, quien por equivocaci\u00f3n recibi\u00f3 un mensaje con su foto de perfil de whatsapp acompa\u00f1ada con el nombre de la aplicaci\u00f3n <span style=\"color: #000000;\"><strong>(*)<\/strong><\/span>. Quien se lo enviaba era el Jefe del Subprograma de Sistemas de la UPrO, <strong>Marcos Sosa<\/strong>.<\/h3>\n<h3>Tras investigar qu\u00e9 significaba dicho nombre determin\u00f3 que se trataba de un programa de IA que permite convertir en un desnudo cualquier foto en la que aparezca una persona. Incluso en la p\u00e1gina web de la app se expone como eslogan la frase: &#8220;\u00a1Desnuda a cualquiera con nuestro servicio gratuito!&#8221;.<\/h3>\n<p><img fetchpriority=\"high\" decoding=\"async\" class=\"wp-image-7141 aligncenter\" src=\"https:\/\/apuntesdesanluis.com\/wp-content\/uploads\/2023\/11\/publicidad-300x172.png\" alt=\"\" width=\"738\" height=\"423\" srcset=\"https:\/\/apuntesdesanluis.com\/wp-content\/uploads\/2023\/11\/publicidad-300x172.png 300w, https:\/\/apuntesdesanluis.com\/wp-content\/uploads\/2023\/11\/publicidad.png 600w\" sizes=\"(max-width: 738px) 100vw, 738px\" \/><\/p>\n<h3>Melina supo tambi\u00e9n que junto a otro empleado, I.M., habitualmente hac\u00edan este tipo de \u201cbromas\u201d y luego compart\u00edan las fotos en un grupo privado.<\/h3>\n<h3>Indignada se dirigi\u00f3 al \u00e1rea de Recursos Humanos de la UPrO y formul\u00f3 la denuncia. La instituci\u00f3n escuch\u00f3 su descargo y el s\u00e1bado emiti\u00f3 un comunicado, expresando \u201ccon firmeza su rechazo absoluto hacia cualquier forma de violencia, intimidaci\u00f3n o falta de respeto dirigida hacia las mujeres\u2026\u201d.<\/h3>\n<h3>Tambi\u00e9n ratific\u00f3 su imperativo de \u201cpromover un entorno seguro, inclusivo y libre de cualquier forma de violencia de g\u00e9nero \u2026\u201d, adem\u00e1s de su \u201ccompromiso permanente de implementar medidas concretas para garantizar un entorno laboral donde el respeto y la igualdad sean pilares fundamentales, para que cada mujer se sienta protegida y valorada\u2026\u201d.<\/h3>\n<p><img decoding=\"async\" class=\"wp-image-7143 aligncenter\" src=\"https:\/\/apuntesdesanluis.com\/wp-content\/uploads\/2023\/11\/COMUNICADO-UPRO-233x300.png\" alt=\"\" width=\"689\" height=\"887\" srcset=\"https:\/\/apuntesdesanluis.com\/wp-content\/uploads\/2023\/11\/COMUNICADO-UPRO-233x300.png 233w, https:\/\/apuntesdesanluis.com\/wp-content\/uploads\/2023\/11\/COMUNICADO-UPRO.png 641w\" sizes=\"(max-width: 689px) 100vw, 689px\" \/><\/p>\n<h3>El hecho se amplific\u00f3 y tom\u00f3 ribetes de esc\u00e1ndalo cuando la propia damnificada lo dio a conocer a trav\u00e9s de una historia de Instagram, con la clara intenci\u00f3n de visibilizar su denuncia.<\/h3>\n<p>&nbsp;<\/p>\n<p><img decoding=\"async\" class=\"wp-image-7142 aligncenter\" src=\"https:\/\/apuntesdesanluis.com\/wp-content\/uploads\/2023\/11\/posteo-2-300x236.png\" alt=\"\" width=\"736\" height=\"579\" srcset=\"https:\/\/apuntesdesanluis.com\/wp-content\/uploads\/2023\/11\/posteo-2-300x236.png 300w, https:\/\/apuntesdesanluis.com\/wp-content\/uploads\/2023\/11\/posteo-2.png 587w\" sizes=\"(max-width: 736px) 100vw, 736px\" \/><\/p>\n<h3><\/h3>\n<h3><span style=\"color: #000000;\"><strong>Apuntes de San Luis<\/strong> <\/span>pudo establecer adem\u00e1s que el pasado lunes la UPrO resolvi\u00f3 despedir a Sosa (foto) y a IM. de la instituci\u00f3n.<\/h3>\n<p><img loading=\"lazy\" decoding=\"async\" class=\"wp-image-7155 aligncenter\" src=\"https:\/\/apuntesdesanluis.com\/wp-content\/uploads\/2023\/11\/marcos-sosa-300x201.png\" alt=\"\" width=\"736\" height=\"493\" srcset=\"https:\/\/apuntesdesanluis.com\/wp-content\/uploads\/2023\/11\/marcos-sosa-300x201.png 300w, https:\/\/apuntesdesanluis.com\/wp-content\/uploads\/2023\/11\/marcos-sosa.png 577w\" sizes=\"(max-width: 736px) 100vw, 736px\" \/><\/p>\n<h3>La fuente agreg\u00f3 que \u201cla instituci\u00f3n ya hizo lo que ten\u00eda que hacer, ahora por supuesto se ha puesto a disposici\u00f3n de la justicia, que si entiende que est\u00e1 frente a la existencia de un delito, deber\u00e1 profundizar la investigaci\u00f3n\u201d.<\/h3>\n<h3>Los colegas <strong>Daniel Arce<\/strong> y <strong>Alfredo Salinas<\/strong>, de <strong>FM La Red Villa Mercedes<\/strong>, entrevistaron a la v\u00edctima de este hecho que califica como acoso digital y violencia de g\u00e9nero, quien relat\u00f3 la circunstancia que le toc\u00f3 atravesar y su decisi\u00f3n de denunciarlo ante fiscal\u00eda y renunciar al trabajo.<\/h3>\n<p>&nbsp;<\/p>\n<!--[if lt IE 9]><script>document.createElement('audio');<\/script><![endif]-->\n<audio class=\"wp-audio-shortcode\" id=\"audio-7140-1\" preload=\"none\" style=\"width: 100%;\" controls=\"controls\"><source type=\"audio\/mpeg\" src=\"https:\/\/apuntesdesanluis.com\/wp-content\/uploads\/2023\/11\/Melina.mp3?_=1\" \/><a href=\"https:\/\/apuntesdesanluis.com\/wp-content\/uploads\/2023\/11\/Melina.mp3\">https:\/\/apuntesdesanluis.com\/wp-content\/uploads\/2023\/11\/Melina.mp3<\/a><\/audio>\n<p>&nbsp;<\/p>\n<h3><span style=\"color: #000000;\"><em>* Nota: se omite deliberadamente citar el nombre de la aplicaci\u00f3n, para no tentar a desubicados.<\/em><\/span><\/h3>\n<p>&nbsp;<\/p>\n<p>&nbsp;<\/p>\n<p>&nbsp;<\/p>\n","protected":false},"excerpt":{"rendered":"<p>As\u00ed lo asegur\u00f3 una fuente inobjetable de la Universidad Provincial de Oficios, luego de conocerse&#8230;<\/p>\n","protected":false},"author":1,"featured_media":420,"comment_status":"closed","ping_status":"closed","sticky":false,"template":"","format":"standard","meta":{"footnotes":""},"categories":[6],"tags":[],"class_list":["post-7140","post","type-post","status-publish","format-standard","has-post-thumbnail","hentry","category-ciudad-provincia"],"yoast_head":"<!-- This site is optimized with the Yoast SEO plugin v26.1.1 - https:\/\/yoast.com\/wordpress\/plugins\/seo\/ -->\n<title>SEPARAN A DOS PERSONAS DE LA UPRO POR MANIPULAR IMAGEN DE UNA EMPLEADA - Apuntes de San Luis<\/title>\n<meta name=\"robots\" content=\"index, follow, max-snippet:-1, max-image-preview:large, max-video-preview:-1\" \/>\n<link rel=\"canonical\" href=\"https:\/\/apuntesdesanluis.com\/index.php\/2023\/11\/21\/separan-a-dos-personas-de-la-upro-por-manipular-fotos-de-una-empleada\/\" \/>\n<meta property=\"og:locale\" content=\"es_ES\" \/>\n<meta property=\"og:type\" content=\"article\" \/>\n<meta property=\"og:title\" content=\"SEPARAN A DOS PERSONAS DE LA UPRO POR MANIPULAR IMAGEN DE UNA EMPLEADA - Apuntes de San Luis\" \/>\n<meta property=\"og:description\" content=\"As\u00ed lo asegur\u00f3 una fuente inobjetable de la Universidad Provincial de Oficios, luego de conocerse...\" \/>\n<meta property=\"og:url\" content=\"https:\/\/apuntesdesanluis.com\/index.php\/2023\/11\/21\/separan-a-dos-personas-de-la-upro-por-manipular-fotos-de-una-empleada\/\" \/>\n<meta property=\"og:site_name\" content=\"Apuntes de San Luis\" \/>\n<meta property=\"article:published_time\" content=\"2023-11-21T22:55:43+00:00\" \/>\n<meta property=\"article:modified_time\" content=\"2023-11-21T23:35:42+00:00\" \/>\n<meta property=\"og:image\" content=\"https:\/\/apuntesdesanluis.com\/wp-content\/uploads\/2023\/07\/upro.png\" \/>\n\t<meta property=\"og:image:width\" content=\"600\" \/>\n\t<meta property=\"og:image:height\" content=\"396\" \/>\n\t<meta property=\"og:image:type\" content=\"image\/png\" \/>\n<meta name=\"author\" content=\"apuntesdesanluis.com\" \/>\n<meta name=\"twitter:card\" content=\"summary_large_image\" \/>\n<meta name=\"twitter:label1\" content=\"Escrito por\" \/>\n\t<meta name=\"twitter:data1\" content=\"apuntesdesanluis.com\" \/>\n\t<meta name=\"twitter:label2\" content=\"Tiempo de lectura\" \/>\n\t<meta name=\"twitter:data2\" content=\"3 minutos\" \/>\n<script type=\"application\/ld+json\" class=\"yoast-schema-graph\">{\"@context\":\"https:\/\/schema.org\",\"@graph\":[{\"@type\":\"Article\",\"@id\":\"https:\/\/apuntesdesanluis.com\/index.php\/2023\/11\/21\/separan-a-dos-personas-de-la-upro-por-manipular-fotos-de-una-empleada\/#article\",\"isPartOf\":{\"@id\":\"https:\/\/apuntesdesanluis.com\/index.php\/2023\/11\/21\/separan-a-dos-personas-de-la-upro-por-manipular-fotos-de-una-empleada\/\"},\"author\":{\"name\":\"apuntesdesanluis.com\",\"@id\":\"https:\/\/apuntesdesanluis.com\/#\/schema\/person\/b55151d52296fcce64d1a72538a70b90\"},\"headline\":\"SEPARAN A DOS PERSONAS DE LA UPRO POR MANIPULAR IMAGEN DE UNA EMPLEADA\",\"datePublished\":\"2023-11-21T22:55:43+00:00\",\"dateModified\":\"2023-11-21T23:35:42+00:00\",\"mainEntityOfPage\":{\"@id\":\"https:\/\/apuntesdesanluis.com\/index.php\/2023\/11\/21\/separan-a-dos-personas-de-la-upro-por-manipular-fotos-de-una-empleada\/\"},\"wordCount\":489,\"publisher\":{\"@id\":\"https:\/\/apuntesdesanluis.com\/#\/schema\/person\/b55151d52296fcce64d1a72538a70b90\"},\"image\":{\"@id\":\"https:\/\/apuntesdesanluis.com\/index.php\/2023\/11\/21\/separan-a-dos-personas-de-la-upro-por-manipular-fotos-de-una-empleada\/#primaryimage\"},\"thumbnailUrl\":\"https:\/\/apuntesdesanluis.com\/wp-content\/uploads\/2023\/07\/upro.png\",\"articleSection\":[\"Ciudad\/Provincia\"],\"inLanguage\":\"es-AR\"},{\"@type\":\"WebPage\",\"@id\":\"https:\/\/apuntesdesanluis.com\/index.php\/2023\/11\/21\/separan-a-dos-personas-de-la-upro-por-manipular-fotos-de-una-empleada\/\",\"url\":\"https:\/\/apuntesdesanluis.com\/index.php\/2023\/11\/21\/separan-a-dos-personas-de-la-upro-por-manipular-fotos-de-una-empleada\/\",\"name\":\"SEPARAN A DOS PERSONAS DE LA UPRO POR MANIPULAR IMAGEN DE UNA EMPLEADA - Apuntes de San Luis\",\"isPartOf\":{\"@id\":\"https:\/\/apuntesdesanluis.com\/#website\"},\"primaryImageOfPage\":{\"@id\":\"https:\/\/apuntesdesanluis.com\/index.php\/2023\/11\/21\/separan-a-dos-personas-de-la-upro-por-manipular-fotos-de-una-empleada\/#primaryimage\"},\"image\":{\"@id\":\"https:\/\/apuntesdesanluis.com\/index.php\/2023\/11\/21\/separan-a-dos-personas-de-la-upro-por-manipular-fotos-de-una-empleada\/#primaryimage\"},\"thumbnailUrl\":\"https:\/\/apuntesdesanluis.com\/wp-content\/uploads\/2023\/07\/upro.png\",\"datePublished\":\"2023-11-21T22:55:43+00:00\",\"dateModified\":\"2023-11-21T23:35:42+00:00\",\"breadcrumb\":{\"@id\":\"https:\/\/apuntesdesanluis.com\/index.php\/2023\/11\/21\/separan-a-dos-personas-de-la-upro-por-manipular-fotos-de-una-empleada\/#breadcrumb\"},\"inLanguage\":\"es-AR\",\"potentialAction\":[{\"@type\":\"ReadAction\",\"target\":[\"https:\/\/apuntesdesanluis.com\/index.php\/2023\/11\/21\/separan-a-dos-personas-de-la-upro-por-manipular-fotos-de-una-empleada\/\"]}]},{\"@type\":\"ImageObject\",\"inLanguage\":\"es-AR\",\"@id\":\"https:\/\/apuntesdesanluis.com\/index.php\/2023\/11\/21\/separan-a-dos-personas-de-la-upro-por-manipular-fotos-de-una-empleada\/#primaryimage\",\"url\":\"https:\/\/apuntesdesanluis.com\/wp-content\/uploads\/2023\/07\/upro.png\",\"contentUrl\":\"https:\/\/apuntesdesanluis.com\/wp-content\/uploads\/2023\/07\/upro.png\",\"width\":600,\"height\":396},{\"@type\":\"BreadcrumbList\",\"@id\":\"https:\/\/apuntesdesanluis.com\/index.php\/2023\/11\/21\/separan-a-dos-personas-de-la-upro-por-manipular-fotos-de-una-empleada\/#breadcrumb\",\"itemListElement\":[{\"@type\":\"ListItem\",\"position\":1,\"name\":\"Inicio\",\"item\":\"https:\/\/apuntesdesanluis.com\/\"},{\"@type\":\"ListItem\",\"position\":2,\"name\":\"SEPARAN A DOS PERSONAS DE LA UPRO POR MANIPULAR IMAGEN DE UNA EMPLEADA\"}]},{\"@type\":\"WebSite\",\"@id\":\"https:\/\/apuntesdesanluis.com\/#website\",\"url\":\"https:\/\/apuntesdesanluis.com\/\",\"name\":\"Apuntes de San Luis\",\"description\":\"\",\"publisher\":{\"@id\":\"https:\/\/apuntesdesanluis.com\/#\/schema\/person\/b55151d52296fcce64d1a72538a70b90\"},\"potentialAction\":[{\"@type\":\"SearchAction\",\"target\":{\"@type\":\"EntryPoint\",\"urlTemplate\":\"https:\/\/apuntesdesanluis.com\/?s={search_term_string}\"},\"query-input\":{\"@type\":\"PropertyValueSpecification\",\"valueRequired\":true,\"valueName\":\"search_term_string\"}}],\"inLanguage\":\"es-AR\"},{\"@type\":[\"Person\",\"Organization\"],\"@id\":\"https:\/\/apuntesdesanluis.com\/#\/schema\/person\/b55151d52296fcce64d1a72538a70b90\",\"name\":\"apuntesdesanluis.com\",\"image\":{\"@type\":\"ImageObject\",\"inLanguage\":\"es-AR\",\"@id\":\"https:\/\/apuntesdesanluis.com\/#\/schema\/person\/image\/\",\"url\":\"https:\/\/apuntesdesanluis.com\/wp-content\/uploads\/2023\/07\/cropped-apuntesdesanluis.png\",\"contentUrl\":\"https:\/\/apuntesdesanluis.com\/wp-content\/uploads\/2023\/07\/cropped-apuntesdesanluis.png\",\"width\":450,\"height\":112,\"caption\":\"apuntesdesanluis.com\"},\"logo\":{\"@id\":\"https:\/\/apuntesdesanluis.com\/#\/schema\/person\/image\/\"},\"sameAs\":[\"https:\/\/apuntesdesanluis.com\"],\"url\":\"https:\/\/apuntesdesanluis.com\/index.php\/author\/apuntesdesanluis-com\/\"}]}<\/script>\n<!-- \/ Yoast SEO plugin. -->","yoast_head_json":{"title":"SEPARAN A DOS PERSONAS DE LA UPRO POR MANIPULAR IMAGEN DE UNA EMPLEADA - Apuntes de San Luis","robots":{"index":"index","follow":"follow","max-snippet":"max-snippet:-1","max-image-preview":"max-image-preview:large","max-video-preview":"max-video-preview:-1"},"canonical":"https:\/\/apuntesdesanluis.com\/index.php\/2023\/11\/21\/separan-a-dos-personas-de-la-upro-por-manipular-fotos-de-una-empleada\/","og_locale":"es_ES","og_type":"article","og_title":"SEPARAN A DOS PERSONAS DE LA UPRO POR MANIPULAR IMAGEN DE UNA EMPLEADA - Apuntes de San Luis","og_description":"As\u00ed lo asegur\u00f3 una fuente inobjetable de la Universidad Provincial de Oficios, luego de conocerse...","og_url":"https:\/\/apuntesdesanluis.com\/index.php\/2023\/11\/21\/separan-a-dos-personas-de-la-upro-por-manipular-fotos-de-una-empleada\/","og_site_name":"Apuntes de San Luis","article_published_time":"2023-11-21T22:55:43+00:00","article_modified_time":"2023-11-21T23:35:42+00:00","og_image":[{"width":600,"height":396,"url":"https:\/\/apuntesdesanluis.com\/wp-content\/uploads\/2023\/07\/upro.png","type":"image\/png"}],"author":"apuntesdesanluis.com","twitter_card":"summary_large_image","twitter_misc":{"Escrito por":"apuntesdesanluis.com","Tiempo de lectura":"3 minutos"},"schema":{"@context":"https:\/\/schema.org","@graph":[{"@type":"Article","@id":"https:\/\/apuntesdesanluis.com\/index.php\/2023\/11\/21\/separan-a-dos-personas-de-la-upro-por-manipular-fotos-de-una-empleada\/#article","isPartOf":{"@id":"https:\/\/apuntesdesanluis.com\/index.php\/2023\/11\/21\/separan-a-dos-personas-de-la-upro-por-manipular-fotos-de-una-empleada\/"},"author":{"name":"apuntesdesanluis.com","@id":"https:\/\/apuntesdesanluis.com\/#\/schema\/person\/b55151d52296fcce64d1a72538a70b90"},"headline":"SEPARAN A DOS PERSONAS DE LA UPRO POR MANIPULAR IMAGEN DE UNA EMPLEADA","datePublished":"2023-11-21T22:55:43+00:00","dateModified":"2023-11-21T23:35:42+00:00","mainEntityOfPage":{"@id":"https:\/\/apuntesdesanluis.com\/index.php\/2023\/11\/21\/separan-a-dos-personas-de-la-upro-por-manipular-fotos-de-una-empleada\/"},"wordCount":489,"publisher":{"@id":"https:\/\/apuntesdesanluis.com\/#\/schema\/person\/b55151d52296fcce64d1a72538a70b90"},"image":{"@id":"https:\/\/apuntesdesanluis.com\/index.php\/2023\/11\/21\/separan-a-dos-personas-de-la-upro-por-manipular-fotos-de-una-empleada\/#primaryimage"},"thumbnailUrl":"https:\/\/apuntesdesanluis.com\/wp-content\/uploads\/2023\/07\/upro.png","articleSection":["Ciudad\/Provincia"],"inLanguage":"es-AR"},{"@type":"WebPage","@id":"https:\/\/apuntesdesanluis.com\/index.php\/2023\/11\/21\/separan-a-dos-personas-de-la-upro-por-manipular-fotos-de-una-empleada\/","url":"https:\/\/apuntesdesanluis.com\/index.php\/2023\/11\/21\/separan-a-dos-personas-de-la-upro-por-manipular-fotos-de-una-empleada\/","name":"SEPARAN A DOS PERSONAS DE LA UPRO POR MANIPULAR IMAGEN DE UNA EMPLEADA - Apuntes de San Luis","isPartOf":{"@id":"https:\/\/apuntesdesanluis.com\/#website"},"primaryImageOfPage":{"@id":"https:\/\/apuntesdesanluis.com\/index.php\/2023\/11\/21\/separan-a-dos-personas-de-la-upro-por-manipular-fotos-de-una-empleada\/#primaryimage"},"image":{"@id":"https:\/\/apuntesdesanluis.com\/index.php\/2023\/11\/21\/separan-a-dos-personas-de-la-upro-por-manipular-fotos-de-una-empleada\/#primaryimage"},"thumbnailUrl":"https:\/\/apuntesdesanluis.com\/wp-content\/uploads\/2023\/07\/upro.png","datePublished":"2023-11-21T22:55:43+00:00","dateModified":"2023-11-21T23:35:42+00:00","breadcrumb":{"@id":"https:\/\/apuntesdesanluis.com\/index.php\/2023\/11\/21\/separan-a-dos-personas-de-la-upro-por-manipular-fotos-de-una-empleada\/#breadcrumb"},"inLanguage":"es-AR","potentialAction":[{"@type":"ReadAction","target":["https:\/\/apuntesdesanluis.com\/index.php\/2023\/11\/21\/separan-a-dos-personas-de-la-upro-por-manipular-fotos-de-una-empleada\/"]}]},{"@type":"ImageObject","inLanguage":"es-AR","@id":"https:\/\/apuntesdesanluis.com\/index.php\/2023\/11\/21\/separan-a-dos-personas-de-la-upro-por-manipular-fotos-de-una-empleada\/#primaryimage","url":"https:\/\/apuntesdesanluis.com\/wp-content\/uploads\/2023\/07\/upro.png","contentUrl":"https:\/\/apuntesdesanluis.com\/wp-content\/uploads\/2023\/07\/upro.png","width":600,"height":396},{"@type":"BreadcrumbList","@id":"https:\/\/apuntesdesanluis.com\/index.php\/2023\/11\/21\/separan-a-dos-personas-de-la-upro-por-manipular-fotos-de-una-empleada\/#breadcrumb","itemListElement":[{"@type":"ListItem","position":1,"name":"Inicio","item":"https:\/\/apuntesdesanluis.com\/"},{"@type":"ListItem","position":2,"name":"SEPARAN A DOS PERSONAS DE LA UPRO POR MANIPULAR IMAGEN DE UNA EMPLEADA"}]},{"@type":"WebSite","@id":"https:\/\/apuntesdesanluis.com\/#website","url":"https:\/\/apuntesdesanluis.com\/","name":"Apuntes de San Luis","description":"","publisher":{"@id":"https:\/\/apuntesdesanluis.com\/#\/schema\/person\/b55151d52296fcce64d1a72538a70b90"},"potentialAction":[{"@type":"SearchAction","target":{"@type":"EntryPoint","urlTemplate":"https:\/\/apuntesdesanluis.com\/?s={search_term_string}"},"query-input":{"@type":"PropertyValueSpecification","valueRequired":true,"valueName":"search_term_string"}}],"inLanguage":"es-AR"},{"@type":["Person","Organization"],"@id":"https:\/\/apuntesdesanluis.com\/#\/schema\/person\/b55151d52296fcce64d1a72538a70b90","name":"apuntesdesanluis.com","image":{"@type":"ImageObject","inLanguage":"es-AR","@id":"https:\/\/apuntesdesanluis.com\/#\/schema\/person\/image\/","url":"https:\/\/apuntesdesanluis.com\/wp-content\/uploads\/2023\/07\/cropped-apuntesdesanluis.png","contentUrl":"https:\/\/apuntesdesanluis.com\/wp-content\/uploads\/2023\/07\/cropped-apuntesdesanluis.png","width":450,"height":112,"caption":"apuntesdesanluis.com"},"logo":{"@id":"https:\/\/apuntesdesanluis.com\/#\/schema\/person\/image\/"},"sameAs":["https:\/\/apuntesdesanluis.com"],"url":"https:\/\/apuntesdesanluis.com\/index.php\/author\/apuntesdesanluis-com\/"}]}},"featured_image_urls":{"full":["https:\/\/apuntesdesanluis.com\/wp-content\/uploads\/2023\/07\/upro.png",600,396,false],"thumbnail":["https:\/\/apuntesdesanluis.com\/wp-content\/uploads\/2023\/07\/upro-150x150.png",150,150,true],"medium":["https:\/\/apuntesdesanluis.com\/wp-content\/uploads\/2023\/07\/upro-300x198.png",300,198,true],"medium_large":["https:\/\/apuntesdesanluis.com\/wp-content\/uploads\/2023\/07\/upro.png",600,396,false],"large":["https:\/\/apuntesdesanluis.com\/wp-content\/uploads\/2023\/07\/upro.png",600,396,false],"1536x1536":["https:\/\/apuntesdesanluis.com\/wp-content\/uploads\/2023\/07\/upro.png",600,396,false],"2048x2048":["https:\/\/apuntesdesanluis.com\/wp-content\/uploads\/2023\/07\/upro.png",600,396,false],"newsever-slider-full":["https:\/\/apuntesdesanluis.com\/wp-content\/uploads\/2023\/07\/upro.png",600,396,false],"newsever-featured":["https:\/\/apuntesdesanluis.com\/wp-content\/uploads\/2023\/07\/upro.png",600,396,false],"newsever-medium":["https:\/\/apuntesdesanluis.com\/wp-content\/uploads\/2023\/07\/upro.png",600,396,false]},"author_info":{"display_name":"apuntesdesanluis.com","author_link":"https:\/\/apuntesdesanluis.com\/index.php\/author\/apuntesdesanluis-com\/"},"category_info":"<a href=\"https:\/\/apuntesdesanluis.com\/index.php\/category\/ciudad-provincia\/\" rel=\"category tag\">Ciudad\/Provincia<\/a>","tag_info":"Ciudad\/Provincia","comment_count":"0","_links":{"self":[{"href":"https:\/\/apuntesdesanluis.com\/index.php\/wp-json\/wp\/v2\/posts\/7140","targetHints":{"allow":["GET"]}}],"collection":[{"href":"https:\/\/apuntesdesanluis.com\/index.php\/wp-json\/wp\/v2\/posts"}],"about":[{"href":"https:\/\/apuntesdesanluis.com\/index.php\/wp-json\/wp\/v2\/types\/post"}],"author":[{"embeddable":true,"href":"https:\/\/apuntesdesanluis.com\/index.php\/wp-json\/wp\/v2\/users\/1"}],"replies":[{"embeddable":true,"href":"https:\/\/apuntesdesanluis.com\/index.php\/wp-json\/wp\/v2\/comments?post=7140"}],"version-history":[{"count":12,"href":"https:\/\/apuntesdesanluis.com\/index.php\/wp-json\/wp\/v2\/posts\/7140\/revisions"}],"predecessor-version":[{"id":7157,"href":"https:\/\/apuntesdesanluis.com\/index.php\/wp-json\/wp\/v2\/posts\/7140\/revisions\/7157"}],"wp:featuredmedia":[{"embeddable":true,"href":"https:\/\/apuntesdesanluis.com\/index.php\/wp-json\/wp\/v2\/media\/420"}],"wp:attachment":[{"href":"https:\/\/apuntesdesanluis.com\/index.php\/wp-json\/wp\/v2\/media?parent=7140"}],"wp:term":[{"taxonomy":"category","embeddable":true,"href":"https:\/\/apuntesdesanluis.com\/index.php\/wp-json\/wp\/v2\/categories?post=7140"},{"taxonomy":"post_tag","embeddable":true,"href":"https:\/\/apuntesdesanluis.com\/index.php\/wp-json\/wp\/v2\/tags?post=7140"}],"curies":[{"name":"wp","href":"https:\/\/api.w.org\/{rel}","templated":true}]}}