{"id":717,"date":"2023-07-30T20:55:03","date_gmt":"2023-07-30T23:55:03","guid":{"rendered":"https:\/\/apuntesdesanluis.com\/?p=717"},"modified":"2023-07-30T20:55:03","modified_gmt":"2023-07-30T23:55:03","slug":"la-antartida-perdio-un-pedazo-de-hielo-del-tamano-de-la-argentina","status":"publish","type":"post","link":"https:\/\/apuntesdesanluis.com\/index.php\/2023\/07\/30\/la-antartida-perdio-un-pedazo-de-hielo-del-tamano-de-la-argentina\/","title":{"rendered":"LA ANT\u00c1RTIDA PERDI\u00d3 UN PEDAZO DE HIELO DEL TAMA\u00d1O DE LA ARGENTINA"},"content":{"rendered":"<h3>El hielo marino ant\u00e1rtico, que normalmente se reduce a sus niveles m\u00e1s bajos a fines de febrero y se reconstruye durante el invierno, no ha vuelto a los niveles esperados este a\u00f1o<\/h3>\n<h3>Los cient\u00edficos est\u00e1n desconcertados por la p\u00e9rdida de una cantidad de hielo marino en la Ant\u00e1rtida equivalente al tama\u00f1o de Argentina, un fen\u00f3meno sin precedentes que ha ocurrido mientras el hemisferio norte sufre una ola de calor r\u00e9cord.<\/h3>\n<h3>El hielo marino ant\u00e1rtico, que normalmente se reduce a sus niveles m\u00e1s bajos a fines de febrero y se reconstruye durante el invierno, no ha vuelto a los niveles esperados este a\u00f1o. De hecho, se encuentra en su nivel m\u00e1s bajo para esta \u00e9poca del a\u00f1o desde que comenzaron los registros hace 45 a\u00f1os.<\/h3>\n<h3>Florence Colleoni, glaci\u00f3loga del Instituto de Oceanograf\u00eda y Geof\u00edsica Experimental (Ogs) de Trieste, advirti\u00f3 que aunque no es momento para el alarmismo, la situaci\u00f3n debe ser vigilada. Colleoni, que ha completado dos misiones de investigaci\u00f3n a la Ant\u00e1rtida, se\u00f1al\u00f3 que a diferencia del \u00c1rtico, donde hay una clara tendencia de p\u00e9rdida de hielo, es dif\u00edcil afirmar que en la Ant\u00e1rtida se est\u00e1 produciendo el mismo fen\u00f3meno.<\/h3>\n<h3>La especialista tambi\u00e9n destac\u00f3 el papel de la contaminaci\u00f3n y el calentamiento global, que amplifican el impacto de ciertos fen\u00f3menos. Colleoni enfatiz\u00f3 la necesidad de invertir en la b\u00fasqueda de energ\u00edas alternativas y optimizar el uso de la energ\u00eda para evitar que la situaci\u00f3n empeore.<\/h3>\n<h3><img fetchpriority=\"high\" decoding=\"async\" class=\"wp-image-718 aligncenter\" src=\"https:\/\/apuntesdesanluis.com\/wp-content\/uploads\/2023\/07\/frente-de-hielo-300x200.png\" alt=\"\" width=\"706\" height=\"470\" \/><\/h3>\n<h4 style=\"text-align: center;\"><em>Frente de hielo en la costa ant\u00e1rtica. (Universidad de Osford- Foto de archivo. 25\/11\/2022)<\/em><\/h4>\n<h3>\u201cEl oc\u00e9ano se ha calentado de manera acelerada, pero estamos subestimando esta velocidad. Todav\u00eda no sabemos cu\u00e1l es la influencia del calentamiento global, pero ciertamente amplifica el impacto de algunos fen\u00f3menos\u201d, dijo Colleoni.<\/h3>\n<h3>Para Colleoni el calentamiento global es un problema socioecon\u00f3mico, y cree que no se puede cambiar radicalmente nuestro estilo de vida pero s\u00ed se debe invertir en la b\u00fasqueda de energ\u00edas alternativas y optimizar el uso de la energ\u00eda, que ser\u00e1 la clave en el futuro.<\/h3>\n<h3>La Uni\u00f3n Europea ya est\u00e1 tomando medidas en esta direcci\u00f3n con proyectos de ciudades inteligentes y verdes. Sin embargo, se necesita m\u00e1s trabajo, como la producci\u00f3n de bater\u00edas menos contaminantes y la reducci\u00f3n del desperdicio de energ\u00eda.<\/h3>\n<h3>EL CONTINENTE BLANCO<\/h3>\n<h3>En marzo, un estudio revel\u00f3 que en la Ant\u00e1rtida que al hielo marino le est\u00e1 costando formarse. La extensi\u00f3n del hielo marino ant\u00e1rtico bati\u00f3 un r\u00e9cord m\u00ednimo el pasado 13 de febrero.<\/h3>\n<h3>La Ant\u00e1rtida, un continente cubierto de hielo rodeado por el oc\u00e9ano, posee el 90 % del hielo mundial. Esta cobertura, denominada \u201cmanto de hielo\u201d (ice sheet), es una masa de hielo de origen terrestre formada como resultado de la acumulaci\u00f3n y de la compactaci\u00f3n de la nieve durante miles de a\u00f1os. La prolongaci\u00f3n sobre el mar del manto constituye una plataforma de hielo flotante (ice shelf).<\/h3>\n<h3>El manto de hielo ant\u00e1rtico est\u00e1 compuesto del manto de hielo de la Ant\u00e1rtida Oriental y el de la Ant\u00e1rtida Occidental. La mayor parte de este \u00faltimo est\u00e1 apoyado sobre un substrato rocoso situado por debajo del nivel del mar. Alrededor de la Ant\u00e1rtida, la extensi\u00f3n del hielo marino, que se forma a partir del agua del oc\u00e9ano, aumenta en invierno y disminuye en verano.<\/h3>\n<h3>La Ant\u00e1rtida no se ha librado del cambio clim\u00e1tico. M\u00e1s bien al contrario. En un contexto de calentamiento global, el aumento de la temperatura a altas latitudes es m\u00e1s fuerte que el aumento de la temperatura media global. A este fen\u00f3meno se le conoce con el nombre de \u201camplificaci\u00f3n polar\u201d.<\/h3>\n<h3>La retroalimentaci\u00f3n hielo-albedo es uno de los procesos que explica este fen\u00f3meno. El aumento de la temperatura cerca de la superficie contribuye a la fusi\u00f3n del hielo, lo cual contribuye al aumento de la temperatura. \u00bfPor qu\u00e9? Porque el albedo \u2013es decir, la fracci\u00f3n de energ\u00eda solar que es reflejada por una superficie\u2013 del oc\u00e9ano y del suelo subyacente es inferior al del hielo.<\/h3>\n<h3>A lo largo de las cuatro \u00faltimas d\u00e9cadas, el calentamiento global ha causado la disminuci\u00f3n de la extensi\u00f3n media del hielo marino en el \u00c1rtico, pero no en la Ant\u00e1rtida. La raz\u00f3n por la que no encontramos en el pasado reciente una tendencia significativa de disminuci\u00f3n de la extensi\u00f3n media del hielo marino ant\u00e1rtico es porque las tendencias regionales, positivas y negativas, se compensan, y porque existe una gran variabilidad interna. (Infobae)<\/h3>\n","protected":false},"excerpt":{"rendered":"<p>El hielo marino ant\u00e1rtico, que normalmente se reduce a sus niveles m\u00e1s bajos a fines&#8230;<\/p>\n","protected":false},"author":1,"featured_media":719,"comment_status":"closed","ping_status":"closed","sticky":false,"template":"","format":"standard","meta":{"footnotes":""},"categories":[5],"tags":[],"class_list":["post-717","post","type-post","status-publish","format-standard","has-post-thumbnail","hentry","category-nacionales-internacionales"],"yoast_head":"<!-- This site is optimized with the Yoast SEO plugin v26.1.1 - https:\/\/yoast.com\/wordpress\/plugins\/seo\/ -->\n<title>LA ANT\u00c1RTIDA PERDI\u00d3 UN PEDAZO DE HIELO DEL TAMA\u00d1O DE LA ARGENTINA - Apuntes de San Luis<\/title>\n<meta name=\"robots\" content=\"index, follow, max-snippet:-1, max-image-preview:large, max-video-preview:-1\" \/>\n<link rel=\"canonical\" href=\"https:\/\/apuntesdesanluis.com\/index.php\/2023\/07\/30\/la-antartida-perdio-un-pedazo-de-hielo-del-tamano-de-la-argentina\/\" \/>\n<meta property=\"og:locale\" content=\"es_ES\" \/>\n<meta property=\"og:type\" content=\"article\" \/>\n<meta property=\"og:title\" content=\"LA ANT\u00c1RTIDA PERDI\u00d3 UN PEDAZO DE HIELO DEL TAMA\u00d1O DE LA ARGENTINA - Apuntes de San Luis\" \/>\n<meta property=\"og:description\" content=\"El hielo marino ant\u00e1rtico, que normalmente se reduce a sus niveles m\u00e1s bajos a fines...\" \/>\n<meta property=\"og:url\" content=\"https:\/\/apuntesdesanluis.com\/index.php\/2023\/07\/30\/la-antartida-perdio-un-pedazo-de-hielo-del-tamano-de-la-argentina\/\" \/>\n<meta property=\"og:site_name\" content=\"Apuntes de San Luis\" \/>\n<meta property=\"article:published_time\" content=\"2023-07-30T23:55:03+00:00\" \/>\n<meta property=\"og:image\" content=\"https:\/\/apuntesdesanluis.com\/wp-content\/uploads\/2023\/07\/glaciar.png\" \/>\n\t<meta property=\"og:image:width\" content=\"828\" \/>\n\t<meta property=\"og:image:height\" content=\"469\" \/>\n\t<meta property=\"og:image:type\" content=\"image\/png\" \/>\n<meta name=\"author\" content=\"apuntesdesanluis.com\" \/>\n<meta name=\"twitter:card\" content=\"summary_large_image\" \/>\n<meta name=\"twitter:label1\" content=\"Escrito por\" \/>\n\t<meta name=\"twitter:data1\" content=\"apuntesdesanluis.com\" \/>\n\t<meta name=\"twitter:label2\" content=\"Tiempo de lectura\" \/>\n\t<meta name=\"twitter:data2\" content=\"4 minutos\" \/>\n<script type=\"application\/ld+json\" class=\"yoast-schema-graph\">{\"@context\":\"https:\/\/schema.org\",\"@graph\":[{\"@type\":\"Article\",\"@id\":\"https:\/\/apuntesdesanluis.com\/index.php\/2023\/07\/30\/la-antartida-perdio-un-pedazo-de-hielo-del-tamano-de-la-argentina\/#article\",\"isPartOf\":{\"@id\":\"https:\/\/apuntesdesanluis.com\/index.php\/2023\/07\/30\/la-antartida-perdio-un-pedazo-de-hielo-del-tamano-de-la-argentina\/\"},\"author\":{\"name\":\"apuntesdesanluis.com\",\"@id\":\"https:\/\/apuntesdesanluis.com\/#\/schema\/person\/b55151d52296fcce64d1a72538a70b90\"},\"headline\":\"LA ANT\u00c1RTIDA PERDI\u00d3 UN PEDAZO DE HIELO DEL TAMA\u00d1O DE LA ARGENTINA\",\"datePublished\":\"2023-07-30T23:55:03+00:00\",\"mainEntityOfPage\":{\"@id\":\"https:\/\/apuntesdesanluis.com\/index.php\/2023\/07\/30\/la-antartida-perdio-un-pedazo-de-hielo-del-tamano-de-la-argentina\/\"},\"wordCount\":813,\"publisher\":{\"@id\":\"https:\/\/apuntesdesanluis.com\/#\/schema\/person\/b55151d52296fcce64d1a72538a70b90\"},\"image\":{\"@id\":\"https:\/\/apuntesdesanluis.com\/index.php\/2023\/07\/30\/la-antartida-perdio-un-pedazo-de-hielo-del-tamano-de-la-argentina\/#primaryimage\"},\"thumbnailUrl\":\"https:\/\/apuntesdesanluis.com\/wp-content\/uploads\/2023\/07\/glaciar.png\",\"articleSection\":[\"Nacionales\/Internacionales\"],\"inLanguage\":\"es-AR\"},{\"@type\":\"WebPage\",\"@id\":\"https:\/\/apuntesdesanluis.com\/index.php\/2023\/07\/30\/la-antartida-perdio-un-pedazo-de-hielo-del-tamano-de-la-argentina\/\",\"url\":\"https:\/\/apuntesdesanluis.com\/index.php\/2023\/07\/30\/la-antartida-perdio-un-pedazo-de-hielo-del-tamano-de-la-argentina\/\",\"name\":\"LA ANT\u00c1RTIDA PERDI\u00d3 UN PEDAZO DE HIELO DEL TAMA\u00d1O DE LA ARGENTINA - Apuntes de San Luis\",\"isPartOf\":{\"@id\":\"https:\/\/apuntesdesanluis.com\/#website\"},\"primaryImageOfPage\":{\"@id\":\"https:\/\/apuntesdesanluis.com\/index.php\/2023\/07\/30\/la-antartida-perdio-un-pedazo-de-hielo-del-tamano-de-la-argentina\/#primaryimage\"},\"image\":{\"@id\":\"https:\/\/apuntesdesanluis.com\/index.php\/2023\/07\/30\/la-antartida-perdio-un-pedazo-de-hielo-del-tamano-de-la-argentina\/#primaryimage\"},\"thumbnailUrl\":\"https:\/\/apuntesdesanluis.com\/wp-content\/uploads\/2023\/07\/glaciar.png\",\"datePublished\":\"2023-07-30T23:55:03+00:00\",\"breadcrumb\":{\"@id\":\"https:\/\/apuntesdesanluis.com\/index.php\/2023\/07\/30\/la-antartida-perdio-un-pedazo-de-hielo-del-tamano-de-la-argentina\/#breadcrumb\"},\"inLanguage\":\"es-AR\",\"potentialAction\":[{\"@type\":\"ReadAction\",\"target\":[\"https:\/\/apuntesdesanluis.com\/index.php\/2023\/07\/30\/la-antartida-perdio-un-pedazo-de-hielo-del-tamano-de-la-argentina\/\"]}]},{\"@type\":\"ImageObject\",\"inLanguage\":\"es-AR\",\"@id\":\"https:\/\/apuntesdesanluis.com\/index.php\/2023\/07\/30\/la-antartida-perdio-un-pedazo-de-hielo-del-tamano-de-la-argentina\/#primaryimage\",\"url\":\"https:\/\/apuntesdesanluis.com\/wp-content\/uploads\/2023\/07\/glaciar.png\",\"contentUrl\":\"https:\/\/apuntesdesanluis.com\/wp-content\/uploads\/2023\/07\/glaciar.png\",\"width\":828,\"height\":469},{\"@type\":\"BreadcrumbList\",\"@id\":\"https:\/\/apuntesdesanluis.com\/index.php\/2023\/07\/30\/la-antartida-perdio-un-pedazo-de-hielo-del-tamano-de-la-argentina\/#breadcrumb\",\"itemListElement\":[{\"@type\":\"ListItem\",\"position\":1,\"name\":\"Inicio\",\"item\":\"https:\/\/apuntesdesanluis.com\/\"},{\"@type\":\"ListItem\",\"position\":2,\"name\":\"LA ANT\u00c1RTIDA PERDI\u00d3 UN PEDAZO DE HIELO DEL TAMA\u00d1O DE LA ARGENTINA\"}]},{\"@type\":\"WebSite\",\"@id\":\"https:\/\/apuntesdesanluis.com\/#website\",\"url\":\"https:\/\/apuntesdesanluis.com\/\",\"name\":\"Apuntes de San Luis\",\"description\":\"\",\"publisher\":{\"@id\":\"https:\/\/apuntesdesanluis.com\/#\/schema\/person\/b55151d52296fcce64d1a72538a70b90\"},\"potentialAction\":[{\"@type\":\"SearchAction\",\"target\":{\"@type\":\"EntryPoint\",\"urlTemplate\":\"https:\/\/apuntesdesanluis.com\/?s={search_term_string}\"},\"query-input\":{\"@type\":\"PropertyValueSpecification\",\"valueRequired\":true,\"valueName\":\"search_term_string\"}}],\"inLanguage\":\"es-AR\"},{\"@type\":[\"Person\",\"Organization\"],\"@id\":\"https:\/\/apuntesdesanluis.com\/#\/schema\/person\/b55151d52296fcce64d1a72538a70b90\",\"name\":\"apuntesdesanluis.com\",\"image\":{\"@type\":\"ImageObject\",\"inLanguage\":\"es-AR\",\"@id\":\"https:\/\/apuntesdesanluis.com\/#\/schema\/person\/image\/\",\"url\":\"https:\/\/apuntesdesanluis.com\/wp-content\/uploads\/2023\/07\/cropped-apuntesdesanluis.png\",\"contentUrl\":\"https:\/\/apuntesdesanluis.com\/wp-content\/uploads\/2023\/07\/cropped-apuntesdesanluis.png\",\"width\":450,\"height\":112,\"caption\":\"apuntesdesanluis.com\"},\"logo\":{\"@id\":\"https:\/\/apuntesdesanluis.com\/#\/schema\/person\/image\/\"},\"sameAs\":[\"https:\/\/apuntesdesanluis.com\"],\"url\":\"https:\/\/apuntesdesanluis.com\/index.php\/author\/apuntesdesanluis-com\/\"}]}<\/script>\n<!-- \/ Yoast SEO plugin. -->","yoast_head_json":{"title":"LA ANT\u00c1RTIDA PERDI\u00d3 UN PEDAZO DE HIELO DEL TAMA\u00d1O DE LA ARGENTINA - Apuntes de San Luis","robots":{"index":"index","follow":"follow","max-snippet":"max-snippet:-1","max-image-preview":"max-image-preview:large","max-video-preview":"max-video-preview:-1"},"canonical":"https:\/\/apuntesdesanluis.com\/index.php\/2023\/07\/30\/la-antartida-perdio-un-pedazo-de-hielo-del-tamano-de-la-argentina\/","og_locale":"es_ES","og_type":"article","og_title":"LA ANT\u00c1RTIDA PERDI\u00d3 UN PEDAZO DE HIELO DEL TAMA\u00d1O DE LA ARGENTINA - Apuntes de San Luis","og_description":"El hielo marino ant\u00e1rtico, que normalmente se reduce a sus niveles m\u00e1s bajos a fines...","og_url":"https:\/\/apuntesdesanluis.com\/index.php\/2023\/07\/30\/la-antartida-perdio-un-pedazo-de-hielo-del-tamano-de-la-argentina\/","og_site_name":"Apuntes de San Luis","article_published_time":"2023-07-30T23:55:03+00:00","og_image":[{"width":828,"height":469,"url":"https:\/\/apuntesdesanluis.com\/wp-content\/uploads\/2023\/07\/glaciar.png","type":"image\/png"}],"author":"apuntesdesanluis.com","twitter_card":"summary_large_image","twitter_misc":{"Escrito por":"apuntesdesanluis.com","Tiempo de lectura":"4 minutos"},"schema":{"@context":"https:\/\/schema.org","@graph":[{"@type":"Article","@id":"https:\/\/apuntesdesanluis.com\/index.php\/2023\/07\/30\/la-antartida-perdio-un-pedazo-de-hielo-del-tamano-de-la-argentina\/#article","isPartOf":{"@id":"https:\/\/apuntesdesanluis.com\/index.php\/2023\/07\/30\/la-antartida-perdio-un-pedazo-de-hielo-del-tamano-de-la-argentina\/"},"author":{"name":"apuntesdesanluis.com","@id":"https:\/\/apuntesdesanluis.com\/#\/schema\/person\/b55151d52296fcce64d1a72538a70b90"},"headline":"LA ANT\u00c1RTIDA PERDI\u00d3 UN PEDAZO DE HIELO DEL TAMA\u00d1O DE LA ARGENTINA","datePublished":"2023-07-30T23:55:03+00:00","mainEntityOfPage":{"@id":"https:\/\/apuntesdesanluis.com\/index.php\/2023\/07\/30\/la-antartida-perdio-un-pedazo-de-hielo-del-tamano-de-la-argentina\/"},"wordCount":813,"publisher":{"@id":"https:\/\/apuntesdesanluis.com\/#\/schema\/person\/b55151d52296fcce64d1a72538a70b90"},"image":{"@id":"https:\/\/apuntesdesanluis.com\/index.php\/2023\/07\/30\/la-antartida-perdio-un-pedazo-de-hielo-del-tamano-de-la-argentina\/#primaryimage"},"thumbnailUrl":"https:\/\/apuntesdesanluis.com\/wp-content\/uploads\/2023\/07\/glaciar.png","articleSection":["Nacionales\/Internacionales"],"inLanguage":"es-AR"},{"@type":"WebPage","@id":"https:\/\/apuntesdesanluis.com\/index.php\/2023\/07\/30\/la-antartida-perdio-un-pedazo-de-hielo-del-tamano-de-la-argentina\/","url":"https:\/\/apuntesdesanluis.com\/index.php\/2023\/07\/30\/la-antartida-perdio-un-pedazo-de-hielo-del-tamano-de-la-argentina\/","name":"LA ANT\u00c1RTIDA PERDI\u00d3 UN PEDAZO DE HIELO DEL TAMA\u00d1O DE LA ARGENTINA - Apuntes de San Luis","isPartOf":{"@id":"https:\/\/apuntesdesanluis.com\/#website"},"primaryImageOfPage":{"@id":"https:\/\/apuntesdesanluis.com\/index.php\/2023\/07\/30\/la-antartida-perdio-un-pedazo-de-hielo-del-tamano-de-la-argentina\/#primaryimage"},"image":{"@id":"https:\/\/apuntesdesanluis.com\/index.php\/2023\/07\/30\/la-antartida-perdio-un-pedazo-de-hielo-del-tamano-de-la-argentina\/#primaryimage"},"thumbnailUrl":"https:\/\/apuntesdesanluis.com\/wp-content\/uploads\/2023\/07\/glaciar.png","datePublished":"2023-07-30T23:55:03+00:00","breadcrumb":{"@id":"https:\/\/apuntesdesanluis.com\/index.php\/2023\/07\/30\/la-antartida-perdio-un-pedazo-de-hielo-del-tamano-de-la-argentina\/#breadcrumb"},"inLanguage":"es-AR","potentialAction":[{"@type":"ReadAction","target":["https:\/\/apuntesdesanluis.com\/index.php\/2023\/07\/30\/la-antartida-perdio-un-pedazo-de-hielo-del-tamano-de-la-argentina\/"]}]},{"@type":"ImageObject","inLanguage":"es-AR","@id":"https:\/\/apuntesdesanluis.com\/index.php\/2023\/07\/30\/la-antartida-perdio-un-pedazo-de-hielo-del-tamano-de-la-argentina\/#primaryimage","url":"https:\/\/apuntesdesanluis.com\/wp-content\/uploads\/2023\/07\/glaciar.png","contentUrl":"https:\/\/apuntesdesanluis.com\/wp-content\/uploads\/2023\/07\/glaciar.png","width":828,"height":469},{"@type":"BreadcrumbList","@id":"https:\/\/apuntesdesanluis.com\/index.php\/2023\/07\/30\/la-antartida-perdio-un-pedazo-de-hielo-del-tamano-de-la-argentina\/#breadcrumb","itemListElement":[{"@type":"ListItem","position":1,"name":"Inicio","item":"https:\/\/apuntesdesanluis.com\/"},{"@type":"ListItem","position":2,"name":"LA ANT\u00c1RTIDA PERDI\u00d3 UN PEDAZO DE HIELO DEL TAMA\u00d1O DE LA ARGENTINA"}]},{"@type":"WebSite","@id":"https:\/\/apuntesdesanluis.com\/#website","url":"https:\/\/apuntesdesanluis.com\/","name":"Apuntes de San Luis","description":"","publisher":{"@id":"https:\/\/apuntesdesanluis.com\/#\/schema\/person\/b55151d52296fcce64d1a72538a70b90"},"potentialAction":[{"@type":"SearchAction","target":{"@type":"EntryPoint","urlTemplate":"https:\/\/apuntesdesanluis.com\/?s={search_term_string}"},"query-input":{"@type":"PropertyValueSpecification","valueRequired":true,"valueName":"search_term_string"}}],"inLanguage":"es-AR"},{"@type":["Person","Organization"],"@id":"https:\/\/apuntesdesanluis.com\/#\/schema\/person\/b55151d52296fcce64d1a72538a70b90","name":"apuntesdesanluis.com","image":{"@type":"ImageObject","inLanguage":"es-AR","@id":"https:\/\/apuntesdesanluis.com\/#\/schema\/person\/image\/","url":"https:\/\/apuntesdesanluis.com\/wp-content\/uploads\/2023\/07\/cropped-apuntesdesanluis.png","contentUrl":"https:\/\/apuntesdesanluis.com\/wp-content\/uploads\/2023\/07\/cropped-apuntesdesanluis.png","width":450,"height":112,"caption":"apuntesdesanluis.com"},"logo":{"@id":"https:\/\/apuntesdesanluis.com\/#\/schema\/person\/image\/"},"sameAs":["https:\/\/apuntesdesanluis.com"],"url":"https:\/\/apuntesdesanluis.com\/index.php\/author\/apuntesdesanluis-com\/"}]}},"featured_image_urls":{"full":["https:\/\/apuntesdesanluis.com\/wp-content\/uploads\/2023\/07\/glaciar.png",828,469,false],"thumbnail":["https:\/\/apuntesdesanluis.com\/wp-content\/uploads\/2023\/07\/glaciar-150x150.png",150,150,true],"medium":["https:\/\/apuntesdesanluis.com\/wp-content\/uploads\/2023\/07\/glaciar-300x170.png",300,170,true],"medium_large":["https:\/\/apuntesdesanluis.com\/wp-content\/uploads\/2023\/07\/glaciar-768x435.png",640,363,true],"large":["https:\/\/apuntesdesanluis.com\/wp-content\/uploads\/2023\/07\/glaciar.png",640,363,false],"1536x1536":["https:\/\/apuntesdesanluis.com\/wp-content\/uploads\/2023\/07\/glaciar.png",828,469,false],"2048x2048":["https:\/\/apuntesdesanluis.com\/wp-content\/uploads\/2023\/07\/glaciar.png",828,469,false],"newsever-slider-full":["https:\/\/apuntesdesanluis.com\/wp-content\/uploads\/2023\/07\/glaciar.png",828,469,false],"newsever-featured":["https:\/\/apuntesdesanluis.com\/wp-content\/uploads\/2023\/07\/glaciar.png",828,469,false],"newsever-medium":["https:\/\/apuntesdesanluis.com\/wp-content\/uploads\/2023\/07\/glaciar-720x469.png",720,469,true]},"author_info":{"display_name":"apuntesdesanluis.com","author_link":"https:\/\/apuntesdesanluis.com\/index.php\/author\/apuntesdesanluis-com\/"},"category_info":"<a href=\"https:\/\/apuntesdesanluis.com\/index.php\/category\/nacionales-internacionales\/\" rel=\"category tag\">Nacionales\/Internacionales<\/a>","tag_info":"Nacionales\/Internacionales","comment_count":"0","_links":{"self":[{"href":"https:\/\/apuntesdesanluis.com\/index.php\/wp-json\/wp\/v2\/posts\/717","targetHints":{"allow":["GET"]}}],"collection":[{"href":"https:\/\/apuntesdesanluis.com\/index.php\/wp-json\/wp\/v2\/posts"}],"about":[{"href":"https:\/\/apuntesdesanluis.com\/index.php\/wp-json\/wp\/v2\/types\/post"}],"author":[{"embeddable":true,"href":"https:\/\/apuntesdesanluis.com\/index.php\/wp-json\/wp\/v2\/users\/1"}],"replies":[{"embeddable":true,"href":"https:\/\/apuntesdesanluis.com\/index.php\/wp-json\/wp\/v2\/comments?post=717"}],"version-history":[{"count":1,"href":"https:\/\/apuntesdesanluis.com\/index.php\/wp-json\/wp\/v2\/posts\/717\/revisions"}],"predecessor-version":[{"id":720,"href":"https:\/\/apuntesdesanluis.com\/index.php\/wp-json\/wp\/v2\/posts\/717\/revisions\/720"}],"wp:featuredmedia":[{"embeddable":true,"href":"https:\/\/apuntesdesanluis.com\/index.php\/wp-json\/wp\/v2\/media\/719"}],"wp:attachment":[{"href":"https:\/\/apuntesdesanluis.com\/index.php\/wp-json\/wp\/v2\/media?parent=717"}],"wp:term":[{"taxonomy":"category","embeddable":true,"href":"https:\/\/apuntesdesanluis.com\/index.php\/wp-json\/wp\/v2\/categories?post=717"},{"taxonomy":"post_tag","embeddable":true,"href":"https:\/\/apuntesdesanluis.com\/index.php\/wp-json\/wp\/v2\/tags?post=717"}],"curies":[{"name":"wp","href":"https:\/\/api.w.org\/{rel}","templated":true}]}}