{"id":7190,"date":"2023-11-21T22:00:26","date_gmt":"2023-11-22T01:00:26","guid":{"rendered":"https:\/\/apuntesdesanluis.com\/?p=7190"},"modified":"2023-11-22T00:49:38","modified_gmt":"2023-11-22T03:49:38","slug":"milei-prometio-aplicar-ajuste-de-shock-y-aclaro-que-los-resultados-no-seran-instantaneos","status":"publish","type":"post","link":"https:\/\/apuntesdesanluis.com\/index.php\/2023\/11\/21\/milei-prometio-aplicar-ajuste-de-shock-y-aclaro-que-los-resultados-no-seran-instantaneos\/","title":{"rendered":"MILEI PROMETI\u00d3 APLICAR &#8220;AJUSTE DE SHOCK&#8221; Y ACLAR\u00d3 QUE &#8220;LOS RESULTADOS NO SER\u00c1N INSTANT\u00c1NEOS&#8221;"},"content":{"rendered":"<h3>El presidente electo, Javier Milei, admiti\u00f3 que habr\u00e1 &#8220;seis meses que ser\u00e1n muy duros&#8221; en la Argentina, ya que se sentir\u00e1 el impacto del ajuste &#8220;de shock&#8221; que piensa implementar, y aclar\u00f3 que &#8220;los resultados no van a ser instant\u00e1neos&#8221;.<\/h3>\n<h3>Milei alert\u00f3, adem\u00e1s, que &#8220;si no hacemos el ajuste fiscal, el riesgo de hiperinflaci\u00f3n est\u00e1&#8221;.<\/h3>\n<h3>&#8220;Voy a hacer el ajuste fiscal de shock para pagar la deuda&#8221;, prometi\u00f3 el libertario, una declaraci\u00f3n que fue muy comentada en el mercado durante la jornada financiera.<\/h3>\n<h3>A pesar de la dif\u00edcil coyuntura, Milei se mostr\u00f3 confiado en que en un a\u00f1o se podr\u00e1 dolarizar la econom\u00eda y dijo que en cuatro a\u00f1os de mandato, si salen bien las cosas, el salario promedio en d\u00f3lares de un trabajador registrado crecer\u00e1 seis veces, hasta llegar a 1.800 de la moneda estadounidense.<\/h3>\n<h3>En una entrevista con el analista y consultor econ\u00f3mico Manuel Adorni, el l\u00edder de La Libertad Avanza estim\u00f3 que la inflaci\u00f3n se va a poder resolver en un plazo de entre 18 y 24 meses, al aclarar que &#8220;los resultados no van a ser instant\u00e1neos&#8221;.<\/h3>\n<h3>&#8220;La pol\u00edtica monetaria va a seguir impactando en la inflaci\u00f3n&#8221;, advirti\u00f3, y dijo que &#8220;hay que explicarle a la poblaci\u00f3n el estado en que est\u00e1 la econom\u00eda, y las cosas que queremos hacer&#8221;.<\/h3>\n<h3>&#8220;Las dos grandes l\u00edneas de acci\u00f3n son un muy fuerte ajuste fiscal para ir directamente a d\u00e9ficit financiero cero. Eso significa que la deuda no crece m\u00e1s&#8221;, remarc\u00f3, y caracteriz\u00f3 esa pol\u00edtica como &#8220;bastante rara&#8221;, ya que &#8220;de los \u00faltimos 123 a\u00f1os, durante 113 tuvimos d\u00e9ficit&#8221;.<\/h3>\n<h3>En ese sentido, anticip\u00f3 que &#8220;van a haber seis meses que ser\u00e1n muy duros&#8221;, ya que se sentir\u00e1 el impacto del ajuste fiscal.<\/h3>\n<h3>&#8220;El ajuste va a venir de todas maneras. Puede tener lugar con los pol\u00edticos haciendo demagogia y que termine en una h\u00edper (inflaci\u00f3n), y entonces el ajuste va a a ser monstruoso porque va a mandar al 90% de la poblaci\u00f3n debajo de la l\u00ednea de pobreza, o hacer un ajuste que lo pague la pol\u00edtica. Es lo que proponemos nosotros&#8221;, busc\u00f3 diferenciarse.<\/h3>\n<h3>Advirti\u00f3 que el ajuste no solamente abarcar\u00e1 a lo que se considera el &#8220;gasto pol\u00edtico&#8221;, sino que adem\u00e1s se van a restringir &#8220;las partidas de donde roba la pol\u00edtica&#8221;.<\/h3>\n<h3>PROTESTAS<\/h3>\n<h3>Consultado sobre posibles resistencias en la calle a las pol\u00edticas de ajuste, Milei avis\u00f3 que &#8220;se aplicar\u00e1 la ley&#8221;, dado que &#8220;si cedemos a la extorsi\u00f3n vamos a ser el peor pa\u00eds del mundo&#8221;.<\/h3>\n<h3>&#8220;Me siento absolutamente respaldado&#8221; por las fuerzas de seguridad, destac\u00f3 el jefe de La Libertad Avanza.<\/h3>\n<h3>Por otra parte, se\u00f1al\u00f3 que se est\u00e1 trabajando intensamente en tener musculatura pol\u00edtica en el Congreso para generar las condiciones para que las leyes impulsadas por el Poder Ejecutivo puedan hacerse realidad.<\/h3>\n<h3>&#8220;Estamos mostrando que tenemos c\u00f3mo hacer acuerdos en el Congreso para lograr que las leyes pasen. El propio 11 de diciembre est\u00e1 entrando todo un paquete de reformas, es un paquete grande&#8221;, adelant\u00f3.<\/h3>\n<h3>Al respecto, puntualiz\u00f3 que la &#8220;reforma del Estado&#8221; ser\u00e1 el primer paso para poder &#8220;elaborar el ajuste&#8221;, y reci\u00e9n m\u00e1s tarde se podr\u00e1 avanzar con la reforma tributaria que permitir\u00e1 &#8220;bajar los impuestos&#8221;.<\/h3>\n<h3>PR\u00d3XIMA ELECCI\u00d3N<\/h3>\n<h3>&#8220;Si logramos hacer las reformas que estamos planeando creemos que en la elecci\u00f3n de medio t\u00e9rmino vamos a hacer una elecci\u00f3n hist\u00f3rica y va a ser la base para profundizar a\u00fan m\u00e1s las reformas estructurales. Es una econom\u00eda donde habr\u00eda un crecimiento econ\u00f3mico muy fuerte, con una fuerte recuperaci\u00f3n de los salarios reales, en especial de los salarios en d\u00f3lares y ca\u00edda de la pobreza y la indigencia&#8221;, vaticin\u00f3 Milei, con mucha confianza.<\/h3>\n<h3>En esta l\u00ednea, manifest\u00f3 que la idea es que en cuatro a\u00f1os se pueda sextuplicar el salario formal promedio en d\u00f3lares, que actualmente se ubica en unos 300 d\u00f3lares.<\/h3>\n<h3>&#8220;La Convertibilidad recibi\u00f3 un salario de Alfons\u00edn de 180 y lo llev\u00f3 a 1.800 d\u00f3lares. Hoy tenemos un salario promedio de 300 d\u00f3lares, y si logramos el resultado de la Convertibilidad estar\u00edamos en cuatro a\u00f1os con un salario en d\u00f3lares seis veces m\u00e1s grande&#8221;, se entusiasm\u00f3.<\/h3>\n<h3>Tambi\u00e9n ratific\u00f3 que &#8220;la idea es que la dolarizaci\u00f3n se instrumente en un a\u00f1o&#8221;.<\/h3>\n<h3>&#8220;El 10 diciembre vamos a contar todo, decirle a la gente la cantidad de bombas que est\u00e1n plantadas. Y decirles que vamos a hacer todo lo posible para evitar la hiperinflaci\u00f3n y poder escapar de la que podr\u00eda ser la peor crisis de la historia argentina. No intentarlo, o tratar de escaparle a esa realidad, va a derivar en una crisis muy profunda&#8221;, alert\u00f3.<\/h3>\n<h3>En este marco, consider\u00f3 &#8220;probable que tengamos que soportar seis meses duros, que van a ser la base del despegue de la Argentina&#8221;, y advirti\u00f3 que &#8220;si no lo hacemos, la realidad va a ser infinitamente m\u00e1s dura&#8221;.<\/h3>\n<h3>INFLACI\u00d3N<\/h3>\n<h3>&#8220;El desaf\u00edo es exterminar la inflaci\u00f3n, sentar las bases del crecimiento econ\u00f3mico y darle una pelea frontal y directa a la inseguridad&#8221;, enumer\u00f3.<\/h3>\n<h3>Sobre las elecciones, ponder\u00f3 la diferencia que logr\u00f3 sacar sobre su competidor de Uni\u00f3n por la Patria, Sergio Massa, y destac\u00f3 que &#8220;es la primera vez que alguien gana de esa manera diciendo que va a ajustar&#8221;.<\/h3>\n<h3>&#8220;Todos sabemos que la econom\u00eda tiene que ajustar. El tema es qui\u00e9n paga el ajuste. La diferencia es que siempre el ajuste lo pag\u00f3 la gente de bien y hoy lo van a pagar la pol\u00edtica y sus socios. Es decir, la casta&#8221;, se\u00f1al\u00f3.<\/h3>\n<h3>&#8220;La pol\u00edtica tiene que tomar nota de esto porque perdieron contra un outsider que llevaba dos a\u00f1os en pol\u00edtica. Ni siquiera es el caso de un outsider que se incorpor\u00f3 a una estructura existente. Sino que es el caso de un outsider que cre\u00f3 una estructura outsider para participar, y terminamos ganando la presidencia&#8221;, se\u00f1al\u00f3.<\/h3>\n<h3>Sobre la pol\u00edtica de alianzas que va a llevar adelante su Gobierno, sorprendi\u00f3 al se\u00f1alar que la puerta estar\u00e1 abierta a &#8220;todos aquellos que est\u00e9n dispuestos a dar la pelea por la libertad&#8221;.<\/h3>\n<h3>&#8220;Aquellos que sea los m\u00e1s talentosos, van a ser incorporados independientemente de sus or\u00edgenes&#8221;, agreg\u00f3, y al respecto sum\u00f3: &#8220;Ac\u00e1 es una cuesti\u00f3n de pragmatismo. O sea, si vos est\u00e1n militando y ten\u00e9s una idea que es mejor que la m\u00eda, yo me la llevo y la aplico&#8221;.<\/h3>\n<h3>&#8220;No me pusieron en este lugar para hacer cataci\u00f3n de liberalismo en sangre. Me pusieron para resolver problemas. Mi responsabilidad es exterminar la inflaci\u00f3n, que crezca la econom\u00eda, que haya empleo de calidad, buenos salarios, que la gente est\u00e9 mucho mejor, que caiga la pobreza, que caiga la indigencia, y aniquilar la inseguridad&#8221;, remat\u00f3.<\/h3>\n<h3><\/h3>\n<h3><\/h3>\n<h3><\/h3>\n<h3><\/h3>\n","protected":false},"excerpt":{"rendered":"<p>El presidente electo, Javier Milei, admiti\u00f3 que habr\u00e1 &#8220;seis meses que ser\u00e1n muy duros&#8221; en&#8230;<\/p>\n","protected":false},"author":1,"featured_media":7191,"comment_status":"closed","ping_status":"closed","sticky":false,"template":"","format":"standard","meta":{"footnotes":""},"categories":[8,5],"tags":[],"class_list":["post-7190","post","type-post","status-publish","format-standard","has-post-thumbnail","hentry","category-deportes","category-nacionales-internacionales"],"yoast_head":"<!-- This site is optimized with the Yoast SEO plugin v26.1.1 - https:\/\/yoast.com\/wordpress\/plugins\/seo\/ -->\n<title>MILEI PROMETI\u00d3 APLICAR &quot;AJUSTE DE SHOCK&quot; Y ACLAR\u00d3 QUE &quot;LOS RESULTADOS NO SER\u00c1N INSTANT\u00c1NEOS&quot; - Apuntes de San Luis<\/title>\n<meta name=\"robots\" content=\"index, follow, max-snippet:-1, max-image-preview:large, max-video-preview:-1\" \/>\n<link rel=\"canonical\" href=\"https:\/\/apuntesdesanluis.com\/index.php\/2023\/11\/21\/milei-prometio-aplicar-ajuste-de-shock-y-aclaro-que-los-resultados-no-seran-instantaneos\/\" \/>\n<meta property=\"og:locale\" content=\"es_ES\" \/>\n<meta property=\"og:type\" content=\"article\" \/>\n<meta property=\"og:title\" content=\"MILEI PROMETI\u00d3 APLICAR &quot;AJUSTE DE SHOCK&quot; Y ACLAR\u00d3 QUE &quot;LOS RESULTADOS NO SER\u00c1N INSTANT\u00c1NEOS&quot; - Apuntes de San Luis\" \/>\n<meta property=\"og:description\" content=\"El presidente electo, Javier Milei, admiti\u00f3 que habr\u00e1 &#8220;seis meses que ser\u00e1n muy duros&#8221; en...\" \/>\n<meta property=\"og:url\" content=\"https:\/\/apuntesdesanluis.com\/index.php\/2023\/11\/21\/milei-prometio-aplicar-ajuste-de-shock-y-aclaro-que-los-resultados-no-seran-instantaneos\/\" \/>\n<meta property=\"og:site_name\" content=\"Apuntes de San Luis\" \/>\n<meta property=\"article:published_time\" content=\"2023-11-22T01:00:26+00:00\" \/>\n<meta property=\"article:modified_time\" content=\"2023-11-22T03:49:38+00:00\" \/>\n<meta property=\"og:image\" content=\"https:\/\/apuntesdesanluis.com\/wp-content\/uploads\/2023\/11\/MILEI-8.png\" \/>\n\t<meta property=\"og:image:width\" content=\"788\" \/>\n\t<meta property=\"og:image:height\" content=\"483\" \/>\n\t<meta property=\"og:image:type\" content=\"image\/png\" \/>\n<meta name=\"author\" content=\"apuntesdesanluis.com\" \/>\n<meta name=\"twitter:card\" content=\"summary_large_image\" \/>\n<meta name=\"twitter:label1\" content=\"Escrito por\" \/>\n\t<meta name=\"twitter:data1\" content=\"apuntesdesanluis.com\" \/>\n\t<meta name=\"twitter:label2\" content=\"Tiempo de lectura\" \/>\n\t<meta name=\"twitter:data2\" content=\"5 minutos\" \/>\n<script type=\"application\/ld+json\" class=\"yoast-schema-graph\">{\"@context\":\"https:\/\/schema.org\",\"@graph\":[{\"@type\":\"Article\",\"@id\":\"https:\/\/apuntesdesanluis.com\/index.php\/2023\/11\/21\/milei-prometio-aplicar-ajuste-de-shock-y-aclaro-que-los-resultados-no-seran-instantaneos\/#article\",\"isPartOf\":{\"@id\":\"https:\/\/apuntesdesanluis.com\/index.php\/2023\/11\/21\/milei-prometio-aplicar-ajuste-de-shock-y-aclaro-que-los-resultados-no-seran-instantaneos\/\"},\"author\":{\"name\":\"apuntesdesanluis.com\",\"@id\":\"https:\/\/apuntesdesanluis.com\/#\/schema\/person\/b55151d52296fcce64d1a72538a70b90\"},\"headline\":\"MILEI PROMETI\u00d3 APLICAR &#8220;AJUSTE DE SHOCK&#8221; Y ACLAR\u00d3 QUE &#8220;LOS RESULTADOS NO SER\u00c1N INSTANT\u00c1NEOS&#8221;\",\"datePublished\":\"2023-11-22T01:00:26+00:00\",\"dateModified\":\"2023-11-22T03:49:38+00:00\",\"mainEntityOfPage\":{\"@id\":\"https:\/\/apuntesdesanluis.com\/index.php\/2023\/11\/21\/milei-prometio-aplicar-ajuste-de-shock-y-aclaro-que-los-resultados-no-seran-instantaneos\/\"},\"wordCount\":1189,\"publisher\":{\"@id\":\"https:\/\/apuntesdesanluis.com\/#\/schema\/person\/b55151d52296fcce64d1a72538a70b90\"},\"image\":{\"@id\":\"https:\/\/apuntesdesanluis.com\/index.php\/2023\/11\/21\/milei-prometio-aplicar-ajuste-de-shock-y-aclaro-que-los-resultados-no-seran-instantaneos\/#primaryimage\"},\"thumbnailUrl\":\"https:\/\/apuntesdesanluis.com\/wp-content\/uploads\/2023\/11\/MILEI-8.png\",\"articleSection\":[\"Deportes\",\"Nacionales\/Internacionales\"],\"inLanguage\":\"es-AR\"},{\"@type\":\"WebPage\",\"@id\":\"https:\/\/apuntesdesanluis.com\/index.php\/2023\/11\/21\/milei-prometio-aplicar-ajuste-de-shock-y-aclaro-que-los-resultados-no-seran-instantaneos\/\",\"url\":\"https:\/\/apuntesdesanluis.com\/index.php\/2023\/11\/21\/milei-prometio-aplicar-ajuste-de-shock-y-aclaro-que-los-resultados-no-seran-instantaneos\/\",\"name\":\"MILEI PROMETI\u00d3 APLICAR \\\"AJUSTE DE SHOCK\\\" Y ACLAR\u00d3 QUE \\\"LOS RESULTADOS NO SER\u00c1N INSTANT\u00c1NEOS\\\" - Apuntes de San Luis\",\"isPartOf\":{\"@id\":\"https:\/\/apuntesdesanluis.com\/#website\"},\"primaryImageOfPage\":{\"@id\":\"https:\/\/apuntesdesanluis.com\/index.php\/2023\/11\/21\/milei-prometio-aplicar-ajuste-de-shock-y-aclaro-que-los-resultados-no-seran-instantaneos\/#primaryimage\"},\"image\":{\"@id\":\"https:\/\/apuntesdesanluis.com\/index.php\/2023\/11\/21\/milei-prometio-aplicar-ajuste-de-shock-y-aclaro-que-los-resultados-no-seran-instantaneos\/#primaryimage\"},\"thumbnailUrl\":\"https:\/\/apuntesdesanluis.com\/wp-content\/uploads\/2023\/11\/MILEI-8.png\",\"datePublished\":\"2023-11-22T01:00:26+00:00\",\"dateModified\":\"2023-11-22T03:49:38+00:00\",\"breadcrumb\":{\"@id\":\"https:\/\/apuntesdesanluis.com\/index.php\/2023\/11\/21\/milei-prometio-aplicar-ajuste-de-shock-y-aclaro-que-los-resultados-no-seran-instantaneos\/#breadcrumb\"},\"inLanguage\":\"es-AR\",\"potentialAction\":[{\"@type\":\"ReadAction\",\"target\":[\"https:\/\/apuntesdesanluis.com\/index.php\/2023\/11\/21\/milei-prometio-aplicar-ajuste-de-shock-y-aclaro-que-los-resultados-no-seran-instantaneos\/\"]}]},{\"@type\":\"ImageObject\",\"inLanguage\":\"es-AR\",\"@id\":\"https:\/\/apuntesdesanluis.com\/index.php\/2023\/11\/21\/milei-prometio-aplicar-ajuste-de-shock-y-aclaro-que-los-resultados-no-seran-instantaneos\/#primaryimage\",\"url\":\"https:\/\/apuntesdesanluis.com\/wp-content\/uploads\/2023\/11\/MILEI-8.png\",\"contentUrl\":\"https:\/\/apuntesdesanluis.com\/wp-content\/uploads\/2023\/11\/MILEI-8.png\",\"width\":788,\"height\":483},{\"@type\":\"BreadcrumbList\",\"@id\":\"https:\/\/apuntesdesanluis.com\/index.php\/2023\/11\/21\/milei-prometio-aplicar-ajuste-de-shock-y-aclaro-que-los-resultados-no-seran-instantaneos\/#breadcrumb\",\"itemListElement\":[{\"@type\":\"ListItem\",\"position\":1,\"name\":\"Inicio\",\"item\":\"https:\/\/apuntesdesanluis.com\/\"},{\"@type\":\"ListItem\",\"position\":2,\"name\":\"MILEI PROMETI\u00d3 APLICAR &#8220;AJUSTE DE SHOCK&#8221; Y ACLAR\u00d3 QUE &#8220;LOS RESULTADOS NO SER\u00c1N INSTANT\u00c1NEOS&#8221;\"}]},{\"@type\":\"WebSite\",\"@id\":\"https:\/\/apuntesdesanluis.com\/#website\",\"url\":\"https:\/\/apuntesdesanluis.com\/\",\"name\":\"Apuntes de San Luis\",\"description\":\"\",\"publisher\":{\"@id\":\"https:\/\/apuntesdesanluis.com\/#\/schema\/person\/b55151d52296fcce64d1a72538a70b90\"},\"potentialAction\":[{\"@type\":\"SearchAction\",\"target\":{\"@type\":\"EntryPoint\",\"urlTemplate\":\"https:\/\/apuntesdesanluis.com\/?s={search_term_string}\"},\"query-input\":{\"@type\":\"PropertyValueSpecification\",\"valueRequired\":true,\"valueName\":\"search_term_string\"}}],\"inLanguage\":\"es-AR\"},{\"@type\":[\"Person\",\"Organization\"],\"@id\":\"https:\/\/apuntesdesanluis.com\/#\/schema\/person\/b55151d52296fcce64d1a72538a70b90\",\"name\":\"apuntesdesanluis.com\",\"image\":{\"@type\":\"ImageObject\",\"inLanguage\":\"es-AR\",\"@id\":\"https:\/\/apuntesdesanluis.com\/#\/schema\/person\/image\/\",\"url\":\"https:\/\/apuntesdesanluis.com\/wp-content\/uploads\/2023\/07\/cropped-apuntesdesanluis.png\",\"contentUrl\":\"https:\/\/apuntesdesanluis.com\/wp-content\/uploads\/2023\/07\/cropped-apuntesdesanluis.png\",\"width\":450,\"height\":112,\"caption\":\"apuntesdesanluis.com\"},\"logo\":{\"@id\":\"https:\/\/apuntesdesanluis.com\/#\/schema\/person\/image\/\"},\"sameAs\":[\"https:\/\/apuntesdesanluis.com\"],\"url\":\"https:\/\/apuntesdesanluis.com\/index.php\/author\/apuntesdesanluis-com\/\"}]}<\/script>\n<!-- \/ Yoast SEO plugin. -->","yoast_head_json":{"title":"MILEI PROMETI\u00d3 APLICAR \"AJUSTE DE SHOCK\" Y ACLAR\u00d3 QUE \"LOS RESULTADOS NO SER\u00c1N INSTANT\u00c1NEOS\" - Apuntes de San Luis","robots":{"index":"index","follow":"follow","max-snippet":"max-snippet:-1","max-image-preview":"max-image-preview:large","max-video-preview":"max-video-preview:-1"},"canonical":"https:\/\/apuntesdesanluis.com\/index.php\/2023\/11\/21\/milei-prometio-aplicar-ajuste-de-shock-y-aclaro-que-los-resultados-no-seran-instantaneos\/","og_locale":"es_ES","og_type":"article","og_title":"MILEI PROMETI\u00d3 APLICAR \"AJUSTE DE SHOCK\" Y ACLAR\u00d3 QUE \"LOS RESULTADOS NO SER\u00c1N INSTANT\u00c1NEOS\" - Apuntes de San Luis","og_description":"El presidente electo, Javier Milei, admiti\u00f3 que habr\u00e1 &#8220;seis meses que ser\u00e1n muy duros&#8221; en...","og_url":"https:\/\/apuntesdesanluis.com\/index.php\/2023\/11\/21\/milei-prometio-aplicar-ajuste-de-shock-y-aclaro-que-los-resultados-no-seran-instantaneos\/","og_site_name":"Apuntes de San Luis","article_published_time":"2023-11-22T01:00:26+00:00","article_modified_time":"2023-11-22T03:49:38+00:00","og_image":[{"width":788,"height":483,"url":"https:\/\/apuntesdesanluis.com\/wp-content\/uploads\/2023\/11\/MILEI-8.png","type":"image\/png"}],"author":"apuntesdesanluis.com","twitter_card":"summary_large_image","twitter_misc":{"Escrito por":"apuntesdesanluis.com","Tiempo de lectura":"5 minutos"},"schema":{"@context":"https:\/\/schema.org","@graph":[{"@type":"Article","@id":"https:\/\/apuntesdesanluis.com\/index.php\/2023\/11\/21\/milei-prometio-aplicar-ajuste-de-shock-y-aclaro-que-los-resultados-no-seran-instantaneos\/#article","isPartOf":{"@id":"https:\/\/apuntesdesanluis.com\/index.php\/2023\/11\/21\/milei-prometio-aplicar-ajuste-de-shock-y-aclaro-que-los-resultados-no-seran-instantaneos\/"},"author":{"name":"apuntesdesanluis.com","@id":"https:\/\/apuntesdesanluis.com\/#\/schema\/person\/b55151d52296fcce64d1a72538a70b90"},"headline":"MILEI PROMETI\u00d3 APLICAR &#8220;AJUSTE DE SHOCK&#8221; Y ACLAR\u00d3 QUE &#8220;LOS RESULTADOS NO SER\u00c1N INSTANT\u00c1NEOS&#8221;","datePublished":"2023-11-22T01:00:26+00:00","dateModified":"2023-11-22T03:49:38+00:00","mainEntityOfPage":{"@id":"https:\/\/apuntesdesanluis.com\/index.php\/2023\/11\/21\/milei-prometio-aplicar-ajuste-de-shock-y-aclaro-que-los-resultados-no-seran-instantaneos\/"},"wordCount":1189,"publisher":{"@id":"https:\/\/apuntesdesanluis.com\/#\/schema\/person\/b55151d52296fcce64d1a72538a70b90"},"image":{"@id":"https:\/\/apuntesdesanluis.com\/index.php\/2023\/11\/21\/milei-prometio-aplicar-ajuste-de-shock-y-aclaro-que-los-resultados-no-seran-instantaneos\/#primaryimage"},"thumbnailUrl":"https:\/\/apuntesdesanluis.com\/wp-content\/uploads\/2023\/11\/MILEI-8.png","articleSection":["Deportes","Nacionales\/Internacionales"],"inLanguage":"es-AR"},{"@type":"WebPage","@id":"https:\/\/apuntesdesanluis.com\/index.php\/2023\/11\/21\/milei-prometio-aplicar-ajuste-de-shock-y-aclaro-que-los-resultados-no-seran-instantaneos\/","url":"https:\/\/apuntesdesanluis.com\/index.php\/2023\/11\/21\/milei-prometio-aplicar-ajuste-de-shock-y-aclaro-que-los-resultados-no-seran-instantaneos\/","name":"MILEI PROMETI\u00d3 APLICAR \"AJUSTE DE SHOCK\" Y ACLAR\u00d3 QUE \"LOS RESULTADOS NO SER\u00c1N INSTANT\u00c1NEOS\" - Apuntes de San Luis","isPartOf":{"@id":"https:\/\/apuntesdesanluis.com\/#website"},"primaryImageOfPage":{"@id":"https:\/\/apuntesdesanluis.com\/index.php\/2023\/11\/21\/milei-prometio-aplicar-ajuste-de-shock-y-aclaro-que-los-resultados-no-seran-instantaneos\/#primaryimage"},"image":{"@id":"https:\/\/apuntesdesanluis.com\/index.php\/2023\/11\/21\/milei-prometio-aplicar-ajuste-de-shock-y-aclaro-que-los-resultados-no-seran-instantaneos\/#primaryimage"},"thumbnailUrl":"https:\/\/apuntesdesanluis.com\/wp-content\/uploads\/2023\/11\/MILEI-8.png","datePublished":"2023-11-22T01:00:26+00:00","dateModified":"2023-11-22T03:49:38+00:00","breadcrumb":{"@id":"https:\/\/apuntesdesanluis.com\/index.php\/2023\/11\/21\/milei-prometio-aplicar-ajuste-de-shock-y-aclaro-que-los-resultados-no-seran-instantaneos\/#breadcrumb"},"inLanguage":"es-AR","potentialAction":[{"@type":"ReadAction","target":["https:\/\/apuntesdesanluis.com\/index.php\/2023\/11\/21\/milei-prometio-aplicar-ajuste-de-shock-y-aclaro-que-los-resultados-no-seran-instantaneos\/"]}]},{"@type":"ImageObject","inLanguage":"es-AR","@id":"https:\/\/apuntesdesanluis.com\/index.php\/2023\/11\/21\/milei-prometio-aplicar-ajuste-de-shock-y-aclaro-que-los-resultados-no-seran-instantaneos\/#primaryimage","url":"https:\/\/apuntesdesanluis.com\/wp-content\/uploads\/2023\/11\/MILEI-8.png","contentUrl":"https:\/\/apuntesdesanluis.com\/wp-content\/uploads\/2023\/11\/MILEI-8.png","width":788,"height":483},{"@type":"BreadcrumbList","@id":"https:\/\/apuntesdesanluis.com\/index.php\/2023\/11\/21\/milei-prometio-aplicar-ajuste-de-shock-y-aclaro-que-los-resultados-no-seran-instantaneos\/#breadcrumb","itemListElement":[{"@type":"ListItem","position":1,"name":"Inicio","item":"https:\/\/apuntesdesanluis.com\/"},{"@type":"ListItem","position":2,"name":"MILEI PROMETI\u00d3 APLICAR &#8220;AJUSTE DE SHOCK&#8221; Y ACLAR\u00d3 QUE &#8220;LOS RESULTADOS NO SER\u00c1N INSTANT\u00c1NEOS&#8221;"}]},{"@type":"WebSite","@id":"https:\/\/apuntesdesanluis.com\/#website","url":"https:\/\/apuntesdesanluis.com\/","name":"Apuntes de San Luis","description":"","publisher":{"@id":"https:\/\/apuntesdesanluis.com\/#\/schema\/person\/b55151d52296fcce64d1a72538a70b90"},"potentialAction":[{"@type":"SearchAction","target":{"@type":"EntryPoint","urlTemplate":"https:\/\/apuntesdesanluis.com\/?s={search_term_string}"},"query-input":{"@type":"PropertyValueSpecification","valueRequired":true,"valueName":"search_term_string"}}],"inLanguage":"es-AR"},{"@type":["Person","Organization"],"@id":"https:\/\/apuntesdesanluis.com\/#\/schema\/person\/b55151d52296fcce64d1a72538a70b90","name":"apuntesdesanluis.com","image":{"@type":"ImageObject","inLanguage":"es-AR","@id":"https:\/\/apuntesdesanluis.com\/#\/schema\/person\/image\/","url":"https:\/\/apuntesdesanluis.com\/wp-content\/uploads\/2023\/07\/cropped-apuntesdesanluis.png","contentUrl":"https:\/\/apuntesdesanluis.com\/wp-content\/uploads\/2023\/07\/cropped-apuntesdesanluis.png","width":450,"height":112,"caption":"apuntesdesanluis.com"},"logo":{"@id":"https:\/\/apuntesdesanluis.com\/#\/schema\/person\/image\/"},"sameAs":["https:\/\/apuntesdesanluis.com"],"url":"https:\/\/apuntesdesanluis.com\/index.php\/author\/apuntesdesanluis-com\/"}]}},"featured_image_urls":{"full":["https:\/\/apuntesdesanluis.com\/wp-content\/uploads\/2023\/11\/MILEI-8.png",788,483,false],"thumbnail":["https:\/\/apuntesdesanluis.com\/wp-content\/uploads\/2023\/11\/MILEI-8-150x150.png",150,150,true],"medium":["https:\/\/apuntesdesanluis.com\/wp-content\/uploads\/2023\/11\/MILEI-8-300x184.png",300,184,true],"medium_large":["https:\/\/apuntesdesanluis.com\/wp-content\/uploads\/2023\/11\/MILEI-8-768x471.png",640,393,true],"large":["https:\/\/apuntesdesanluis.com\/wp-content\/uploads\/2023\/11\/MILEI-8.png",640,392,false],"1536x1536":["https:\/\/apuntesdesanluis.com\/wp-content\/uploads\/2023\/11\/MILEI-8.png",788,483,false],"2048x2048":["https:\/\/apuntesdesanluis.com\/wp-content\/uploads\/2023\/11\/MILEI-8.png",788,483,false],"newsever-slider-full":["https:\/\/apuntesdesanluis.com\/wp-content\/uploads\/2023\/11\/MILEI-8.png",788,483,false],"newsever-featured":["https:\/\/apuntesdesanluis.com\/wp-content\/uploads\/2023\/11\/MILEI-8.png",788,483,false],"newsever-medium":["https:\/\/apuntesdesanluis.com\/wp-content\/uploads\/2023\/11\/MILEI-8-720x475.png",720,475,true]},"author_info":{"display_name":"apuntesdesanluis.com","author_link":"https:\/\/apuntesdesanluis.com\/index.php\/author\/apuntesdesanluis-com\/"},"category_info":"<a href=\"https:\/\/apuntesdesanluis.com\/index.php\/category\/deportes\/\" rel=\"category tag\">Deportes<\/a> <a href=\"https:\/\/apuntesdesanluis.com\/index.php\/category\/nacionales-internacionales\/\" rel=\"category tag\">Nacionales\/Internacionales<\/a>","tag_info":"Nacionales\/Internacionales","comment_count":"0","_links":{"self":[{"href":"https:\/\/apuntesdesanluis.com\/index.php\/wp-json\/wp\/v2\/posts\/7190","targetHints":{"allow":["GET"]}}],"collection":[{"href":"https:\/\/apuntesdesanluis.com\/index.php\/wp-json\/wp\/v2\/posts"}],"about":[{"href":"https:\/\/apuntesdesanluis.com\/index.php\/wp-json\/wp\/v2\/types\/post"}],"author":[{"embeddable":true,"href":"https:\/\/apuntesdesanluis.com\/index.php\/wp-json\/wp\/v2\/users\/1"}],"replies":[{"embeddable":true,"href":"https:\/\/apuntesdesanluis.com\/index.php\/wp-json\/wp\/v2\/comments?post=7190"}],"version-history":[{"count":1,"href":"https:\/\/apuntesdesanluis.com\/index.php\/wp-json\/wp\/v2\/posts\/7190\/revisions"}],"predecessor-version":[{"id":7192,"href":"https:\/\/apuntesdesanluis.com\/index.php\/wp-json\/wp\/v2\/posts\/7190\/revisions\/7192"}],"wp:featuredmedia":[{"embeddable":true,"href":"https:\/\/apuntesdesanluis.com\/index.php\/wp-json\/wp\/v2\/media\/7191"}],"wp:attachment":[{"href":"https:\/\/apuntesdesanluis.com\/index.php\/wp-json\/wp\/v2\/media?parent=7190"}],"wp:term":[{"taxonomy":"category","embeddable":true,"href":"https:\/\/apuntesdesanluis.com\/index.php\/wp-json\/wp\/v2\/categories?post=7190"},{"taxonomy":"post_tag","embeddable":true,"href":"https:\/\/apuntesdesanluis.com\/index.php\/wp-json\/wp\/v2\/tags?post=7190"}],"curies":[{"name":"wp","href":"https:\/\/api.w.org\/{rel}","templated":true}]}}