{"id":7200,"date":"2023-11-22T08:18:05","date_gmt":"2023-11-22T11:18:05","guid":{"rendered":"https:\/\/apuntesdesanluis.com\/?p=7200"},"modified":"2023-11-22T08:52:27","modified_gmt":"2023-11-22T11:52:27","slug":"unvime-dieron-de-baja-al-ex-secretario-de-asuntos-estudiantiles-german-aime","status":"publish","type":"post","link":"https:\/\/apuntesdesanluis.com\/index.php\/2023\/11\/22\/unvime-dieron-de-baja-al-ex-secretario-de-asuntos-estudiantiles-german-aime\/","title":{"rendered":"UNVIME: DIERON DE BAJA AL EX SECRETARIO DE ASUNTOS ESTUDIANTILES GERM\u00c1N AIME"},"content":{"rendered":"<h3>El funcionario hab\u00eda sido nombrado en planta permanente por el ex rector <strong>David Rivarola<\/strong>, un mes antes de dejar el cargo, junto a otros 18 agentes, lo que desencaden\u00f3 una fuerte pol\u00e9mica y deton\u00f3 una impugnaci\u00f3n impulsada por la propia <strong>Federaci\u00f3n Argentina del Trabajador de Universidades Nacionales<\/strong> (FATUN).<\/h3>\n<h3>El ex concejal <strong>Germ\u00e1n Aime<\/strong> se integr\u00f3 a la Universidad Nacional de Villa Mercedes tras culminar su mandato, en el a\u00f1o 2019, como <strong>Secretario de Asuntos Estudiantiles y Bienestar Universitario<\/strong>.<\/h3>\n<h3>D\u00edas despu\u00e9s de las elecciones del 16 de agosto que consagraron al Dr. <strong>Marcelo Sosa<\/strong> como rector, la gesti\u00f3n saliente resolvi\u00f3 dejar en planta permanente a un grupo de empleados y tambi\u00e9n a Aime, a pesar que \u00e9ste nunca se hab\u00eda desempe\u00f1ado como trabajador nodocente, sino como funcionario. As\u00ed fue como el titular de la SAEBU present\u00f3 su renuncia a fines de setiembre y fue nombrado efectivo a partir de octubre, un mes antes que Rivarola se despidiera del cargo.<\/h3>\n<h3>Su designaci\u00f3n provoc\u00f3 un conflicto con el gremio de base de los \u201cnodos\u201d, SiTUNViMe, y con la FATUN, que presentaron sendas impugnaciones, y con el propio rector electo, quien denunci\u00f3 el \u201cilegal e irregular\u201d procedimiento, por ser violatorio del Convenio Colectivo de Trabajo.<\/h3>\n<h3>El mismo establece que debe respetarse el marco de las negociaciones paritarias y llamarse a concurso para incorporar nuevos agentes o modificar su situaci\u00f3n laboral. Lo ins\u00f3lito fue que, en este caso, Aime ni siquiera pertenec\u00eda al claustro nodocente.<\/h3>\n<h3>Seg\u00fan trascendi\u00f3, integrantes del propio equipo de gesti\u00f3n de Rivarola se molestaron cuando se enteraron del \u201cprivilegio\u201d que se hab\u00eda dispuesto para su colega. Tampoco les hizo gracia alguna a los trabajadores nodocentes que hab\u00edan respaldado la reelecci\u00f3n del ahora ex rector. De hecho, ning\u00fan sector sali\u00f3 a defender su nombramiento.<\/h3>\n<h3>La controversia lleg\u00f3 incluso a los despachos de la Secretar\u00eda de Pol\u00edticas Universitarias, que conduce Oscar Alpa, y al seno del Consejo Interuniversitario Nacional (CIN).<\/h3>\n<h3>La resoluci\u00f3n que revoc\u00f3 la resoluci\u00f3n de nombramiento de Aime lleva las firmas del Rector Marcelo Sosa y de la Secretaria de Hacienda Andrea Cabrera Rodr\u00edguez. Contiene duros fundamentos en torno de \u00e9sta y las otras 18 irregulares designaciones, que tambi\u00e9n ser\u00edan derogadas en los pr\u00f3ximos d\u00edas.<\/h3>\n<h3>Esta vuelta atr\u00e1s en los nombramientos fue una de las condiciones que impuso FATUN en la primera reuni\u00f3n paritaria celebrada la semana pasada, para poder avanzar \u201chacia un di\u00e1logo constructivo\u201d.<\/h3>\n<h3>No obstante, se supo que la gesti\u00f3n ofreci\u00f3 al resto de los trabajadores pasados a planta que renunciaran voluntariamente, a cambio de volver a ser contratados por seis meses, hasta que se convoque a concursos el a\u00f1o pr\u00f3ximo y puedan lograr su estabilidad.<\/h3>\n<h3>Trascendi\u00f3 que la semana pasada varios empleados lo hicieron y ya firmaron su nuevo contrato.<\/h3>\n<h3>Ver: <a href=\"https:\/\/apuntesdesanluis.com\/wp-content\/uploads\/2023\/11\/RRNo-678-2023-REVOCAR-LA-RRNo-529-2023-PASE-A-PLANTA-AIME-GERMAN-1-1.pdf\" target=\"_blank\" rel=\"noopener\"><span style=\"color: #0000ff;\"><strong>REVOCATORIA<\/strong><\/span><\/a><\/h3>\n<p>&nbsp;<\/p>\n<p>&nbsp;<\/p>\n<p>&nbsp;<\/p>\n","protected":false},"excerpt":{"rendered":"<p>El funcionario hab\u00eda sido nombrado en planta permanente por el ex rector David Rivarola, un&#8230;<\/p>\n","protected":false},"author":1,"featured_media":7201,"comment_status":"closed","ping_status":"closed","sticky":false,"template":"","format":"standard","meta":{"footnotes":""},"categories":[6],"tags":[],"class_list":["post-7200","post","type-post","status-publish","format-standard","has-post-thumbnail","hentry","category-ciudad-provincia"],"yoast_head":"<!-- This site is optimized with the Yoast SEO plugin v26.1.1 - https:\/\/yoast.com\/wordpress\/plugins\/seo\/ -->\n<title>UNVIME: DIERON DE BAJA AL EX SECRETARIO DE ASUNTOS ESTUDIANTILES GERM\u00c1N AIME - Apuntes de San Luis<\/title>\n<meta name=\"robots\" content=\"index, follow, max-snippet:-1, max-image-preview:large, max-video-preview:-1\" \/>\n<link rel=\"canonical\" href=\"https:\/\/apuntesdesanluis.com\/index.php\/2023\/11\/22\/unvime-dieron-de-baja-al-ex-secretario-de-asuntos-estudiantiles-german-aime\/\" \/>\n<meta property=\"og:locale\" content=\"es_ES\" \/>\n<meta property=\"og:type\" content=\"article\" \/>\n<meta property=\"og:title\" content=\"UNVIME: DIERON DE BAJA AL EX SECRETARIO DE ASUNTOS ESTUDIANTILES GERM\u00c1N AIME - Apuntes de San Luis\" \/>\n<meta property=\"og:description\" content=\"El funcionario hab\u00eda sido nombrado en planta permanente por el ex rector David Rivarola, un...\" \/>\n<meta property=\"og:url\" content=\"https:\/\/apuntesdesanluis.com\/index.php\/2023\/11\/22\/unvime-dieron-de-baja-al-ex-secretario-de-asuntos-estudiantiles-german-aime\/\" \/>\n<meta property=\"og:site_name\" content=\"Apuntes de San Luis\" \/>\n<meta property=\"article:published_time\" content=\"2023-11-22T11:18:05+00:00\" \/>\n<meta property=\"article:modified_time\" content=\"2023-11-22T11:52:27+00:00\" \/>\n<meta property=\"og:image\" content=\"https:\/\/apuntesdesanluis.com\/wp-content\/uploads\/2023\/11\/AIME.png\" \/>\n\t<meta property=\"og:image:width\" content=\"600\" \/>\n\t<meta property=\"og:image:height\" content=\"349\" \/>\n\t<meta property=\"og:image:type\" content=\"image\/png\" \/>\n<meta name=\"author\" content=\"apuntesdesanluis.com\" \/>\n<meta name=\"twitter:card\" content=\"summary_large_image\" \/>\n<meta name=\"twitter:label1\" content=\"Escrito por\" \/>\n\t<meta name=\"twitter:data1\" content=\"apuntesdesanluis.com\" \/>\n\t<meta name=\"twitter:label2\" content=\"Tiempo de lectura\" \/>\n\t<meta name=\"twitter:data2\" content=\"3 minutos\" \/>\n<script type=\"application\/ld+json\" class=\"yoast-schema-graph\">{\"@context\":\"https:\/\/schema.org\",\"@graph\":[{\"@type\":\"Article\",\"@id\":\"https:\/\/apuntesdesanluis.com\/index.php\/2023\/11\/22\/unvime-dieron-de-baja-al-ex-secretario-de-asuntos-estudiantiles-german-aime\/#article\",\"isPartOf\":{\"@id\":\"https:\/\/apuntesdesanluis.com\/index.php\/2023\/11\/22\/unvime-dieron-de-baja-al-ex-secretario-de-asuntos-estudiantiles-german-aime\/\"},\"author\":{\"name\":\"apuntesdesanluis.com\",\"@id\":\"https:\/\/apuntesdesanluis.com\/#\/schema\/person\/b55151d52296fcce64d1a72538a70b90\"},\"headline\":\"UNVIME: DIERON DE BAJA AL EX SECRETARIO DE ASUNTOS ESTUDIANTILES GERM\u00c1N AIME\",\"datePublished\":\"2023-11-22T11:18:05+00:00\",\"dateModified\":\"2023-11-22T11:52:27+00:00\",\"mainEntityOfPage\":{\"@id\":\"https:\/\/apuntesdesanluis.com\/index.php\/2023\/11\/22\/unvime-dieron-de-baja-al-ex-secretario-de-asuntos-estudiantiles-german-aime\/\"},\"wordCount\":502,\"publisher\":{\"@id\":\"https:\/\/apuntesdesanluis.com\/#\/schema\/person\/b55151d52296fcce64d1a72538a70b90\"},\"image\":{\"@id\":\"https:\/\/apuntesdesanluis.com\/index.php\/2023\/11\/22\/unvime-dieron-de-baja-al-ex-secretario-de-asuntos-estudiantiles-german-aime\/#primaryimage\"},\"thumbnailUrl\":\"https:\/\/apuntesdesanluis.com\/wp-content\/uploads\/2023\/11\/AIME.png\",\"articleSection\":[\"Ciudad\/Provincia\"],\"inLanguage\":\"es-AR\"},{\"@type\":\"WebPage\",\"@id\":\"https:\/\/apuntesdesanluis.com\/index.php\/2023\/11\/22\/unvime-dieron-de-baja-al-ex-secretario-de-asuntos-estudiantiles-german-aime\/\",\"url\":\"https:\/\/apuntesdesanluis.com\/index.php\/2023\/11\/22\/unvime-dieron-de-baja-al-ex-secretario-de-asuntos-estudiantiles-german-aime\/\",\"name\":\"UNVIME: DIERON DE BAJA AL EX SECRETARIO DE ASUNTOS ESTUDIANTILES GERM\u00c1N AIME - Apuntes de San Luis\",\"isPartOf\":{\"@id\":\"https:\/\/apuntesdesanluis.com\/#website\"},\"primaryImageOfPage\":{\"@id\":\"https:\/\/apuntesdesanluis.com\/index.php\/2023\/11\/22\/unvime-dieron-de-baja-al-ex-secretario-de-asuntos-estudiantiles-german-aime\/#primaryimage\"},\"image\":{\"@id\":\"https:\/\/apuntesdesanluis.com\/index.php\/2023\/11\/22\/unvime-dieron-de-baja-al-ex-secretario-de-asuntos-estudiantiles-german-aime\/#primaryimage\"},\"thumbnailUrl\":\"https:\/\/apuntesdesanluis.com\/wp-content\/uploads\/2023\/11\/AIME.png\",\"datePublished\":\"2023-11-22T11:18:05+00:00\",\"dateModified\":\"2023-11-22T11:52:27+00:00\",\"breadcrumb\":{\"@id\":\"https:\/\/apuntesdesanluis.com\/index.php\/2023\/11\/22\/unvime-dieron-de-baja-al-ex-secretario-de-asuntos-estudiantiles-german-aime\/#breadcrumb\"},\"inLanguage\":\"es-AR\",\"potentialAction\":[{\"@type\":\"ReadAction\",\"target\":[\"https:\/\/apuntesdesanluis.com\/index.php\/2023\/11\/22\/unvime-dieron-de-baja-al-ex-secretario-de-asuntos-estudiantiles-german-aime\/\"]}]},{\"@type\":\"ImageObject\",\"inLanguage\":\"es-AR\",\"@id\":\"https:\/\/apuntesdesanluis.com\/index.php\/2023\/11\/22\/unvime-dieron-de-baja-al-ex-secretario-de-asuntos-estudiantiles-german-aime\/#primaryimage\",\"url\":\"https:\/\/apuntesdesanluis.com\/wp-content\/uploads\/2023\/11\/AIME.png\",\"contentUrl\":\"https:\/\/apuntesdesanluis.com\/wp-content\/uploads\/2023\/11\/AIME.png\",\"width\":600,\"height\":349},{\"@type\":\"BreadcrumbList\",\"@id\":\"https:\/\/apuntesdesanluis.com\/index.php\/2023\/11\/22\/unvime-dieron-de-baja-al-ex-secretario-de-asuntos-estudiantiles-german-aime\/#breadcrumb\",\"itemListElement\":[{\"@type\":\"ListItem\",\"position\":1,\"name\":\"Inicio\",\"item\":\"https:\/\/apuntesdesanluis.com\/\"},{\"@type\":\"ListItem\",\"position\":2,\"name\":\"UNVIME: DIERON DE BAJA AL EX SECRETARIO DE ASUNTOS ESTUDIANTILES GERM\u00c1N AIME\"}]},{\"@type\":\"WebSite\",\"@id\":\"https:\/\/apuntesdesanluis.com\/#website\",\"url\":\"https:\/\/apuntesdesanluis.com\/\",\"name\":\"Apuntes de San Luis\",\"description\":\"\",\"publisher\":{\"@id\":\"https:\/\/apuntesdesanluis.com\/#\/schema\/person\/b55151d52296fcce64d1a72538a70b90\"},\"potentialAction\":[{\"@type\":\"SearchAction\",\"target\":{\"@type\":\"EntryPoint\",\"urlTemplate\":\"https:\/\/apuntesdesanluis.com\/?s={search_term_string}\"},\"query-input\":{\"@type\":\"PropertyValueSpecification\",\"valueRequired\":true,\"valueName\":\"search_term_string\"}}],\"inLanguage\":\"es-AR\"},{\"@type\":[\"Person\",\"Organization\"],\"@id\":\"https:\/\/apuntesdesanluis.com\/#\/schema\/person\/b55151d52296fcce64d1a72538a70b90\",\"name\":\"apuntesdesanluis.com\",\"image\":{\"@type\":\"ImageObject\",\"inLanguage\":\"es-AR\",\"@id\":\"https:\/\/apuntesdesanluis.com\/#\/schema\/person\/image\/\",\"url\":\"https:\/\/apuntesdesanluis.com\/wp-content\/uploads\/2023\/07\/cropped-apuntesdesanluis.png\",\"contentUrl\":\"https:\/\/apuntesdesanluis.com\/wp-content\/uploads\/2023\/07\/cropped-apuntesdesanluis.png\",\"width\":450,\"height\":112,\"caption\":\"apuntesdesanluis.com\"},\"logo\":{\"@id\":\"https:\/\/apuntesdesanluis.com\/#\/schema\/person\/image\/\"},\"sameAs\":[\"https:\/\/apuntesdesanluis.com\"],\"url\":\"https:\/\/apuntesdesanluis.com\/index.php\/author\/apuntesdesanluis-com\/\"}]}<\/script>\n<!-- \/ Yoast SEO plugin. -->","yoast_head_json":{"title":"UNVIME: DIERON DE BAJA AL EX SECRETARIO DE ASUNTOS ESTUDIANTILES GERM\u00c1N AIME - Apuntes de San Luis","robots":{"index":"index","follow":"follow","max-snippet":"max-snippet:-1","max-image-preview":"max-image-preview:large","max-video-preview":"max-video-preview:-1"},"canonical":"https:\/\/apuntesdesanluis.com\/index.php\/2023\/11\/22\/unvime-dieron-de-baja-al-ex-secretario-de-asuntos-estudiantiles-german-aime\/","og_locale":"es_ES","og_type":"article","og_title":"UNVIME: DIERON DE BAJA AL EX SECRETARIO DE ASUNTOS ESTUDIANTILES GERM\u00c1N AIME - Apuntes de San Luis","og_description":"El funcionario hab\u00eda sido nombrado en planta permanente por el ex rector David Rivarola, un...","og_url":"https:\/\/apuntesdesanluis.com\/index.php\/2023\/11\/22\/unvime-dieron-de-baja-al-ex-secretario-de-asuntos-estudiantiles-german-aime\/","og_site_name":"Apuntes de San Luis","article_published_time":"2023-11-22T11:18:05+00:00","article_modified_time":"2023-11-22T11:52:27+00:00","og_image":[{"width":600,"height":349,"url":"https:\/\/apuntesdesanluis.com\/wp-content\/uploads\/2023\/11\/AIME.png","type":"image\/png"}],"author":"apuntesdesanluis.com","twitter_card":"summary_large_image","twitter_misc":{"Escrito por":"apuntesdesanluis.com","Tiempo de lectura":"3 minutos"},"schema":{"@context":"https:\/\/schema.org","@graph":[{"@type":"Article","@id":"https:\/\/apuntesdesanluis.com\/index.php\/2023\/11\/22\/unvime-dieron-de-baja-al-ex-secretario-de-asuntos-estudiantiles-german-aime\/#article","isPartOf":{"@id":"https:\/\/apuntesdesanluis.com\/index.php\/2023\/11\/22\/unvime-dieron-de-baja-al-ex-secretario-de-asuntos-estudiantiles-german-aime\/"},"author":{"name":"apuntesdesanluis.com","@id":"https:\/\/apuntesdesanluis.com\/#\/schema\/person\/b55151d52296fcce64d1a72538a70b90"},"headline":"UNVIME: DIERON DE BAJA AL EX SECRETARIO DE ASUNTOS ESTUDIANTILES GERM\u00c1N AIME","datePublished":"2023-11-22T11:18:05+00:00","dateModified":"2023-11-22T11:52:27+00:00","mainEntityOfPage":{"@id":"https:\/\/apuntesdesanluis.com\/index.php\/2023\/11\/22\/unvime-dieron-de-baja-al-ex-secretario-de-asuntos-estudiantiles-german-aime\/"},"wordCount":502,"publisher":{"@id":"https:\/\/apuntesdesanluis.com\/#\/schema\/person\/b55151d52296fcce64d1a72538a70b90"},"image":{"@id":"https:\/\/apuntesdesanluis.com\/index.php\/2023\/11\/22\/unvime-dieron-de-baja-al-ex-secretario-de-asuntos-estudiantiles-german-aime\/#primaryimage"},"thumbnailUrl":"https:\/\/apuntesdesanluis.com\/wp-content\/uploads\/2023\/11\/AIME.png","articleSection":["Ciudad\/Provincia"],"inLanguage":"es-AR"},{"@type":"WebPage","@id":"https:\/\/apuntesdesanluis.com\/index.php\/2023\/11\/22\/unvime-dieron-de-baja-al-ex-secretario-de-asuntos-estudiantiles-german-aime\/","url":"https:\/\/apuntesdesanluis.com\/index.php\/2023\/11\/22\/unvime-dieron-de-baja-al-ex-secretario-de-asuntos-estudiantiles-german-aime\/","name":"UNVIME: DIERON DE BAJA AL EX SECRETARIO DE ASUNTOS ESTUDIANTILES GERM\u00c1N AIME - Apuntes de San Luis","isPartOf":{"@id":"https:\/\/apuntesdesanluis.com\/#website"},"primaryImageOfPage":{"@id":"https:\/\/apuntesdesanluis.com\/index.php\/2023\/11\/22\/unvime-dieron-de-baja-al-ex-secretario-de-asuntos-estudiantiles-german-aime\/#primaryimage"},"image":{"@id":"https:\/\/apuntesdesanluis.com\/index.php\/2023\/11\/22\/unvime-dieron-de-baja-al-ex-secretario-de-asuntos-estudiantiles-german-aime\/#primaryimage"},"thumbnailUrl":"https:\/\/apuntesdesanluis.com\/wp-content\/uploads\/2023\/11\/AIME.png","datePublished":"2023-11-22T11:18:05+00:00","dateModified":"2023-11-22T11:52:27+00:00","breadcrumb":{"@id":"https:\/\/apuntesdesanluis.com\/index.php\/2023\/11\/22\/unvime-dieron-de-baja-al-ex-secretario-de-asuntos-estudiantiles-german-aime\/#breadcrumb"},"inLanguage":"es-AR","potentialAction":[{"@type":"ReadAction","target":["https:\/\/apuntesdesanluis.com\/index.php\/2023\/11\/22\/unvime-dieron-de-baja-al-ex-secretario-de-asuntos-estudiantiles-german-aime\/"]}]},{"@type":"ImageObject","inLanguage":"es-AR","@id":"https:\/\/apuntesdesanluis.com\/index.php\/2023\/11\/22\/unvime-dieron-de-baja-al-ex-secretario-de-asuntos-estudiantiles-german-aime\/#primaryimage","url":"https:\/\/apuntesdesanluis.com\/wp-content\/uploads\/2023\/11\/AIME.png","contentUrl":"https:\/\/apuntesdesanluis.com\/wp-content\/uploads\/2023\/11\/AIME.png","width":600,"height":349},{"@type":"BreadcrumbList","@id":"https:\/\/apuntesdesanluis.com\/index.php\/2023\/11\/22\/unvime-dieron-de-baja-al-ex-secretario-de-asuntos-estudiantiles-german-aime\/#breadcrumb","itemListElement":[{"@type":"ListItem","position":1,"name":"Inicio","item":"https:\/\/apuntesdesanluis.com\/"},{"@type":"ListItem","position":2,"name":"UNVIME: DIERON DE BAJA AL EX SECRETARIO DE ASUNTOS ESTUDIANTILES GERM\u00c1N AIME"}]},{"@type":"WebSite","@id":"https:\/\/apuntesdesanluis.com\/#website","url":"https:\/\/apuntesdesanluis.com\/","name":"Apuntes de San Luis","description":"","publisher":{"@id":"https:\/\/apuntesdesanluis.com\/#\/schema\/person\/b55151d52296fcce64d1a72538a70b90"},"potentialAction":[{"@type":"SearchAction","target":{"@type":"EntryPoint","urlTemplate":"https:\/\/apuntesdesanluis.com\/?s={search_term_string}"},"query-input":{"@type":"PropertyValueSpecification","valueRequired":true,"valueName":"search_term_string"}}],"inLanguage":"es-AR"},{"@type":["Person","Organization"],"@id":"https:\/\/apuntesdesanluis.com\/#\/schema\/person\/b55151d52296fcce64d1a72538a70b90","name":"apuntesdesanluis.com","image":{"@type":"ImageObject","inLanguage":"es-AR","@id":"https:\/\/apuntesdesanluis.com\/#\/schema\/person\/image\/","url":"https:\/\/apuntesdesanluis.com\/wp-content\/uploads\/2023\/07\/cropped-apuntesdesanluis.png","contentUrl":"https:\/\/apuntesdesanluis.com\/wp-content\/uploads\/2023\/07\/cropped-apuntesdesanluis.png","width":450,"height":112,"caption":"apuntesdesanluis.com"},"logo":{"@id":"https:\/\/apuntesdesanluis.com\/#\/schema\/person\/image\/"},"sameAs":["https:\/\/apuntesdesanluis.com"],"url":"https:\/\/apuntesdesanluis.com\/index.php\/author\/apuntesdesanluis-com\/"}]}},"featured_image_urls":{"full":["https:\/\/apuntesdesanluis.com\/wp-content\/uploads\/2023\/11\/AIME.png",600,349,false],"thumbnail":["https:\/\/apuntesdesanluis.com\/wp-content\/uploads\/2023\/11\/AIME-150x150.png",150,150,true],"medium":["https:\/\/apuntesdesanluis.com\/wp-content\/uploads\/2023\/11\/AIME-300x175.png",300,175,true],"medium_large":["https:\/\/apuntesdesanluis.com\/wp-content\/uploads\/2023\/11\/AIME.png",600,349,false],"large":["https:\/\/apuntesdesanluis.com\/wp-content\/uploads\/2023\/11\/AIME.png",600,349,false],"1536x1536":["https:\/\/apuntesdesanluis.com\/wp-content\/uploads\/2023\/11\/AIME.png",600,349,false],"2048x2048":["https:\/\/apuntesdesanluis.com\/wp-content\/uploads\/2023\/11\/AIME.png",600,349,false],"newsever-slider-full":["https:\/\/apuntesdesanluis.com\/wp-content\/uploads\/2023\/11\/AIME.png",600,349,false],"newsever-featured":["https:\/\/apuntesdesanluis.com\/wp-content\/uploads\/2023\/11\/AIME.png",600,349,false],"newsever-medium":["https:\/\/apuntesdesanluis.com\/wp-content\/uploads\/2023\/11\/AIME.png",600,349,false]},"author_info":{"display_name":"apuntesdesanluis.com","author_link":"https:\/\/apuntesdesanluis.com\/index.php\/author\/apuntesdesanluis-com\/"},"category_info":"<a href=\"https:\/\/apuntesdesanluis.com\/index.php\/category\/ciudad-provincia\/\" rel=\"category tag\">Ciudad\/Provincia<\/a>","tag_info":"Ciudad\/Provincia","comment_count":"0","_links":{"self":[{"href":"https:\/\/apuntesdesanluis.com\/index.php\/wp-json\/wp\/v2\/posts\/7200","targetHints":{"allow":["GET"]}}],"collection":[{"href":"https:\/\/apuntesdesanluis.com\/index.php\/wp-json\/wp\/v2\/posts"}],"about":[{"href":"https:\/\/apuntesdesanluis.com\/index.php\/wp-json\/wp\/v2\/types\/post"}],"author":[{"embeddable":true,"href":"https:\/\/apuntesdesanluis.com\/index.php\/wp-json\/wp\/v2\/users\/1"}],"replies":[{"embeddable":true,"href":"https:\/\/apuntesdesanluis.com\/index.php\/wp-json\/wp\/v2\/comments?post=7200"}],"version-history":[{"count":7,"href":"https:\/\/apuntesdesanluis.com\/index.php\/wp-json\/wp\/v2\/posts\/7200\/revisions"}],"predecessor-version":[{"id":7209,"href":"https:\/\/apuntesdesanluis.com\/index.php\/wp-json\/wp\/v2\/posts\/7200\/revisions\/7209"}],"wp:featuredmedia":[{"embeddable":true,"href":"https:\/\/apuntesdesanluis.com\/index.php\/wp-json\/wp\/v2\/media\/7201"}],"wp:attachment":[{"href":"https:\/\/apuntesdesanluis.com\/index.php\/wp-json\/wp\/v2\/media?parent=7200"}],"wp:term":[{"taxonomy":"category","embeddable":true,"href":"https:\/\/apuntesdesanluis.com\/index.php\/wp-json\/wp\/v2\/categories?post=7200"},{"taxonomy":"post_tag","embeddable":true,"href":"https:\/\/apuntesdesanluis.com\/index.php\/wp-json\/wp\/v2\/tags?post=7200"}],"curies":[{"name":"wp","href":"https:\/\/api.w.org\/{rel}","templated":true}]}}