{"id":7210,"date":"2023-11-22T20:02:02","date_gmt":"2023-11-22T23:02:02","guid":{"rendered":"https:\/\/apuntesdesanluis.com\/?p=7210"},"modified":"2023-11-22T20:02:29","modified_gmt":"2023-11-22T23:02:29","slug":"comenzo-la-obra-del-nuevo-mercado-municipal-en-merlo","status":"publish","type":"post","link":"https:\/\/apuntesdesanluis.com\/index.php\/2023\/11\/22\/comenzo-la-obra-del-nuevo-mercado-municipal-en-merlo\/","title":{"rendered":"COMENZ\u00d3 LA OBRA DEL NUEVO MERCADO MUNICIPAL EN MERLO"},"content":{"rendered":"<h3>La creaci\u00f3n del Nuevo <strong>Mercado Municipal<\/strong> marca el comienzo de una etapa trascendental para la Villa de Merlo, en t\u00e9rminos no s\u00f3lo urban\u00edsticos sino tambi\u00e9n en cuanto a su impacto en lo social, econ\u00f3mico y tur\u00edstico.<\/h3>\n<h3>Esta significativa transformaci\u00f3n, impulsada por la actual gesti\u00f3n que encabeza el intendente<strong> Juan \u00c1lvarez Pinto<\/strong>, se llevar\u00e1 a cabo en el espacio de la vieja terminal y est\u00e1 financiada por el Ministerio de Obras P\u00fablicas de la Naci\u00f3n, a trav\u00e9s del Plan Argentina Hace, con un plazo de ejecuci\u00f3n estipulado de 180 d\u00edas.<\/h3>\n<p><img fetchpriority=\"high\" decoding=\"async\" class=\"wp-image-7212 aligncenter\" src=\"https:\/\/apuntesdesanluis.com\/wp-content\/uploads\/2023\/11\/mercado-interior-300x201.png\" alt=\"\" width=\"715\" height=\"479\" srcset=\"https:\/\/apuntesdesanluis.com\/wp-content\/uploads\/2023\/11\/mercado-interior-300x201.png 300w, https:\/\/apuntesdesanluis.com\/wp-content\/uploads\/2023\/11\/mercado-interior.png 600w\" sizes=\"(max-width: 715px) 100vw, 715px\" \/><\/p>\n<h3>La conversi\u00f3n de la terminal vieja en el Mercado Municipal de la Econom\u00eda Social, Solidaria y Productiva representa un hito crucial para la villa tur\u00edstica. Este proyecto se enmarca en un compromiso por parte del Ejecutivo Municipal de impulsar el desarrollo y la modernizaci\u00f3n de la ciudad y se suma al proyecto de puesta en valor de la Plaza Sobremonte, reafirmando as\u00ed la visi\u00f3n de un Merlo en constante evoluci\u00f3n.<\/h3>\n<p><img decoding=\"async\" class=\"wp-image-7213 aligncenter\" src=\"https:\/\/apuntesdesanluis.com\/wp-content\/uploads\/2023\/11\/mercado-municipal-300x182.png\" alt=\"\" width=\"725\" height=\"440\" srcset=\"https:\/\/apuntesdesanluis.com\/wp-content\/uploads\/2023\/11\/mercado-municipal-300x182.png 300w, https:\/\/apuntesdesanluis.com\/wp-content\/uploads\/2023\/11\/mercado-municipal.png 587w\" sizes=\"(max-width: 725px) 100vw, 725px\" \/><\/p>\n<h3>El Nuevo Mercado Municipal no solo ser\u00e1 un epicentro comercial, sino un punto de encuentro para la diversidad de productos locales, un espacio inclusivo que fomentar\u00e1 la interacci\u00f3n entre vecinos, turistas y productores de la regi\u00f3n.<\/h3>\n<p>&nbsp;<\/p>\n<p>&nbsp;<\/p>\n<p>&nbsp;<\/p>\n<p>&nbsp;<\/p>\n","protected":false},"excerpt":{"rendered":"<p>La creaci\u00f3n del Nuevo Mercado Municipal marca el comienzo de una etapa trascendental para la&#8230;<\/p>\n","protected":false},"author":1,"featured_media":7211,"comment_status":"closed","ping_status":"closed","sticky":false,"template":"","format":"standard","meta":{"footnotes":""},"categories":[6],"tags":[],"class_list":["post-7210","post","type-post","status-publish","format-standard","has-post-thumbnail","hentry","category-ciudad-provincia"],"yoast_head":"<!-- This site is optimized with the Yoast SEO plugin v26.1.1 - https:\/\/yoast.com\/wordpress\/plugins\/seo\/ -->\n<title>COMENZ\u00d3 LA OBRA DEL NUEVO MERCADO MUNICIPAL EN MERLO - Apuntes de San Luis<\/title>\n<meta name=\"robots\" content=\"index, follow, max-snippet:-1, max-image-preview:large, max-video-preview:-1\" \/>\n<link rel=\"canonical\" href=\"https:\/\/apuntesdesanluis.com\/index.php\/2023\/11\/22\/comenzo-la-obra-del-nuevo-mercado-municipal-en-merlo\/\" \/>\n<meta property=\"og:locale\" content=\"es_ES\" \/>\n<meta property=\"og:type\" content=\"article\" \/>\n<meta property=\"og:title\" content=\"COMENZ\u00d3 LA OBRA DEL NUEVO MERCADO MUNICIPAL EN MERLO - Apuntes de San Luis\" \/>\n<meta property=\"og:description\" content=\"La creaci\u00f3n del Nuevo Mercado Municipal marca el comienzo de una etapa trascendental para la...\" \/>\n<meta property=\"og:url\" content=\"https:\/\/apuntesdesanluis.com\/index.php\/2023\/11\/22\/comenzo-la-obra-del-nuevo-mercado-municipal-en-merlo\/\" \/>\n<meta property=\"og:site_name\" content=\"Apuntes de San Luis\" \/>\n<meta property=\"article:published_time\" content=\"2023-11-22T23:02:02+00:00\" \/>\n<meta property=\"article:modified_time\" content=\"2023-11-22T23:02:29+00:00\" \/>\n<meta property=\"og:image\" content=\"https:\/\/apuntesdesanluis.com\/wp-content\/uploads\/2023\/11\/mercado-tapa.png\" \/>\n\t<meta property=\"og:image:width\" content=\"600\" \/>\n\t<meta property=\"og:image:height\" content=\"375\" \/>\n\t<meta property=\"og:image:type\" content=\"image\/png\" \/>\n<meta name=\"author\" content=\"apuntesdesanluis.com\" \/>\n<meta name=\"twitter:card\" content=\"summary_large_image\" \/>\n<meta name=\"twitter:label1\" content=\"Escrito por\" \/>\n\t<meta name=\"twitter:data1\" content=\"apuntesdesanluis.com\" \/>\n\t<meta name=\"twitter:label2\" content=\"Tiempo de lectura\" \/>\n\t<meta name=\"twitter:data2\" content=\"2 minutos\" \/>\n<script type=\"application\/ld+json\" class=\"yoast-schema-graph\">{\"@context\":\"https:\/\/schema.org\",\"@graph\":[{\"@type\":\"Article\",\"@id\":\"https:\/\/apuntesdesanluis.com\/index.php\/2023\/11\/22\/comenzo-la-obra-del-nuevo-mercado-municipal-en-merlo\/#article\",\"isPartOf\":{\"@id\":\"https:\/\/apuntesdesanluis.com\/index.php\/2023\/11\/22\/comenzo-la-obra-del-nuevo-mercado-municipal-en-merlo\/\"},\"author\":{\"name\":\"apuntesdesanluis.com\",\"@id\":\"https:\/\/apuntesdesanluis.com\/#\/schema\/person\/b55151d52296fcce64d1a72538a70b90\"},\"headline\":\"COMENZ\u00d3 LA OBRA DEL NUEVO MERCADO MUNICIPAL EN MERLO\",\"datePublished\":\"2023-11-22T23:02:02+00:00\",\"dateModified\":\"2023-11-22T23:02:29+00:00\",\"mainEntityOfPage\":{\"@id\":\"https:\/\/apuntesdesanluis.com\/index.php\/2023\/11\/22\/comenzo-la-obra-del-nuevo-mercado-municipal-en-merlo\/\"},\"wordCount\":229,\"publisher\":{\"@id\":\"https:\/\/apuntesdesanluis.com\/#\/schema\/person\/b55151d52296fcce64d1a72538a70b90\"},\"image\":{\"@id\":\"https:\/\/apuntesdesanluis.com\/index.php\/2023\/11\/22\/comenzo-la-obra-del-nuevo-mercado-municipal-en-merlo\/#primaryimage\"},\"thumbnailUrl\":\"https:\/\/apuntesdesanluis.com\/wp-content\/uploads\/2023\/11\/mercado-tapa.png\",\"articleSection\":[\"Ciudad\/Provincia\"],\"inLanguage\":\"es-AR\"},{\"@type\":\"WebPage\",\"@id\":\"https:\/\/apuntesdesanluis.com\/index.php\/2023\/11\/22\/comenzo-la-obra-del-nuevo-mercado-municipal-en-merlo\/\",\"url\":\"https:\/\/apuntesdesanluis.com\/index.php\/2023\/11\/22\/comenzo-la-obra-del-nuevo-mercado-municipal-en-merlo\/\",\"name\":\"COMENZ\u00d3 LA OBRA DEL NUEVO MERCADO MUNICIPAL EN MERLO - Apuntes de San Luis\",\"isPartOf\":{\"@id\":\"https:\/\/apuntesdesanluis.com\/#website\"},\"primaryImageOfPage\":{\"@id\":\"https:\/\/apuntesdesanluis.com\/index.php\/2023\/11\/22\/comenzo-la-obra-del-nuevo-mercado-municipal-en-merlo\/#primaryimage\"},\"image\":{\"@id\":\"https:\/\/apuntesdesanluis.com\/index.php\/2023\/11\/22\/comenzo-la-obra-del-nuevo-mercado-municipal-en-merlo\/#primaryimage\"},\"thumbnailUrl\":\"https:\/\/apuntesdesanluis.com\/wp-content\/uploads\/2023\/11\/mercado-tapa.png\",\"datePublished\":\"2023-11-22T23:02:02+00:00\",\"dateModified\":\"2023-11-22T23:02:29+00:00\",\"breadcrumb\":{\"@id\":\"https:\/\/apuntesdesanluis.com\/index.php\/2023\/11\/22\/comenzo-la-obra-del-nuevo-mercado-municipal-en-merlo\/#breadcrumb\"},\"inLanguage\":\"es-AR\",\"potentialAction\":[{\"@type\":\"ReadAction\",\"target\":[\"https:\/\/apuntesdesanluis.com\/index.php\/2023\/11\/22\/comenzo-la-obra-del-nuevo-mercado-municipal-en-merlo\/\"]}]},{\"@type\":\"ImageObject\",\"inLanguage\":\"es-AR\",\"@id\":\"https:\/\/apuntesdesanluis.com\/index.php\/2023\/11\/22\/comenzo-la-obra-del-nuevo-mercado-municipal-en-merlo\/#primaryimage\",\"url\":\"https:\/\/apuntesdesanluis.com\/wp-content\/uploads\/2023\/11\/mercado-tapa.png\",\"contentUrl\":\"https:\/\/apuntesdesanluis.com\/wp-content\/uploads\/2023\/11\/mercado-tapa.png\",\"width\":600,\"height\":375},{\"@type\":\"BreadcrumbList\",\"@id\":\"https:\/\/apuntesdesanluis.com\/index.php\/2023\/11\/22\/comenzo-la-obra-del-nuevo-mercado-municipal-en-merlo\/#breadcrumb\",\"itemListElement\":[{\"@type\":\"ListItem\",\"position\":1,\"name\":\"Inicio\",\"item\":\"https:\/\/apuntesdesanluis.com\/\"},{\"@type\":\"ListItem\",\"position\":2,\"name\":\"COMENZ\u00d3 LA OBRA DEL NUEVO MERCADO MUNICIPAL EN MERLO\"}]},{\"@type\":\"WebSite\",\"@id\":\"https:\/\/apuntesdesanluis.com\/#website\",\"url\":\"https:\/\/apuntesdesanluis.com\/\",\"name\":\"Apuntes de San Luis\",\"description\":\"\",\"publisher\":{\"@id\":\"https:\/\/apuntesdesanluis.com\/#\/schema\/person\/b55151d52296fcce64d1a72538a70b90\"},\"potentialAction\":[{\"@type\":\"SearchAction\",\"target\":{\"@type\":\"EntryPoint\",\"urlTemplate\":\"https:\/\/apuntesdesanluis.com\/?s={search_term_string}\"},\"query-input\":{\"@type\":\"PropertyValueSpecification\",\"valueRequired\":true,\"valueName\":\"search_term_string\"}}],\"inLanguage\":\"es-AR\"},{\"@type\":[\"Person\",\"Organization\"],\"@id\":\"https:\/\/apuntesdesanluis.com\/#\/schema\/person\/b55151d52296fcce64d1a72538a70b90\",\"name\":\"apuntesdesanluis.com\",\"image\":{\"@type\":\"ImageObject\",\"inLanguage\":\"es-AR\",\"@id\":\"https:\/\/apuntesdesanluis.com\/#\/schema\/person\/image\/\",\"url\":\"https:\/\/apuntesdesanluis.com\/wp-content\/uploads\/2023\/07\/cropped-apuntesdesanluis.png\",\"contentUrl\":\"https:\/\/apuntesdesanluis.com\/wp-content\/uploads\/2023\/07\/cropped-apuntesdesanluis.png\",\"width\":450,\"height\":112,\"caption\":\"apuntesdesanluis.com\"},\"logo\":{\"@id\":\"https:\/\/apuntesdesanluis.com\/#\/schema\/person\/image\/\"},\"sameAs\":[\"https:\/\/apuntesdesanluis.com\"],\"url\":\"https:\/\/apuntesdesanluis.com\/index.php\/author\/apuntesdesanluis-com\/\"}]}<\/script>\n<!-- \/ Yoast SEO plugin. -->","yoast_head_json":{"title":"COMENZ\u00d3 LA OBRA DEL NUEVO MERCADO MUNICIPAL EN MERLO - Apuntes de San Luis","robots":{"index":"index","follow":"follow","max-snippet":"max-snippet:-1","max-image-preview":"max-image-preview:large","max-video-preview":"max-video-preview:-1"},"canonical":"https:\/\/apuntesdesanluis.com\/index.php\/2023\/11\/22\/comenzo-la-obra-del-nuevo-mercado-municipal-en-merlo\/","og_locale":"es_ES","og_type":"article","og_title":"COMENZ\u00d3 LA OBRA DEL NUEVO MERCADO MUNICIPAL EN MERLO - Apuntes de San Luis","og_description":"La creaci\u00f3n del Nuevo Mercado Municipal marca el comienzo de una etapa trascendental para la...","og_url":"https:\/\/apuntesdesanluis.com\/index.php\/2023\/11\/22\/comenzo-la-obra-del-nuevo-mercado-municipal-en-merlo\/","og_site_name":"Apuntes de San Luis","article_published_time":"2023-11-22T23:02:02+00:00","article_modified_time":"2023-11-22T23:02:29+00:00","og_image":[{"width":600,"height":375,"url":"https:\/\/apuntesdesanluis.com\/wp-content\/uploads\/2023\/11\/mercado-tapa.png","type":"image\/png"}],"author":"apuntesdesanluis.com","twitter_card":"summary_large_image","twitter_misc":{"Escrito por":"apuntesdesanluis.com","Tiempo de lectura":"2 minutos"},"schema":{"@context":"https:\/\/schema.org","@graph":[{"@type":"Article","@id":"https:\/\/apuntesdesanluis.com\/index.php\/2023\/11\/22\/comenzo-la-obra-del-nuevo-mercado-municipal-en-merlo\/#article","isPartOf":{"@id":"https:\/\/apuntesdesanluis.com\/index.php\/2023\/11\/22\/comenzo-la-obra-del-nuevo-mercado-municipal-en-merlo\/"},"author":{"name":"apuntesdesanluis.com","@id":"https:\/\/apuntesdesanluis.com\/#\/schema\/person\/b55151d52296fcce64d1a72538a70b90"},"headline":"COMENZ\u00d3 LA OBRA DEL NUEVO MERCADO MUNICIPAL EN MERLO","datePublished":"2023-11-22T23:02:02+00:00","dateModified":"2023-11-22T23:02:29+00:00","mainEntityOfPage":{"@id":"https:\/\/apuntesdesanluis.com\/index.php\/2023\/11\/22\/comenzo-la-obra-del-nuevo-mercado-municipal-en-merlo\/"},"wordCount":229,"publisher":{"@id":"https:\/\/apuntesdesanluis.com\/#\/schema\/person\/b55151d52296fcce64d1a72538a70b90"},"image":{"@id":"https:\/\/apuntesdesanluis.com\/index.php\/2023\/11\/22\/comenzo-la-obra-del-nuevo-mercado-municipal-en-merlo\/#primaryimage"},"thumbnailUrl":"https:\/\/apuntesdesanluis.com\/wp-content\/uploads\/2023\/11\/mercado-tapa.png","articleSection":["Ciudad\/Provincia"],"inLanguage":"es-AR"},{"@type":"WebPage","@id":"https:\/\/apuntesdesanluis.com\/index.php\/2023\/11\/22\/comenzo-la-obra-del-nuevo-mercado-municipal-en-merlo\/","url":"https:\/\/apuntesdesanluis.com\/index.php\/2023\/11\/22\/comenzo-la-obra-del-nuevo-mercado-municipal-en-merlo\/","name":"COMENZ\u00d3 LA OBRA DEL NUEVO MERCADO MUNICIPAL EN MERLO - Apuntes de San Luis","isPartOf":{"@id":"https:\/\/apuntesdesanluis.com\/#website"},"primaryImageOfPage":{"@id":"https:\/\/apuntesdesanluis.com\/index.php\/2023\/11\/22\/comenzo-la-obra-del-nuevo-mercado-municipal-en-merlo\/#primaryimage"},"image":{"@id":"https:\/\/apuntesdesanluis.com\/index.php\/2023\/11\/22\/comenzo-la-obra-del-nuevo-mercado-municipal-en-merlo\/#primaryimage"},"thumbnailUrl":"https:\/\/apuntesdesanluis.com\/wp-content\/uploads\/2023\/11\/mercado-tapa.png","datePublished":"2023-11-22T23:02:02+00:00","dateModified":"2023-11-22T23:02:29+00:00","breadcrumb":{"@id":"https:\/\/apuntesdesanluis.com\/index.php\/2023\/11\/22\/comenzo-la-obra-del-nuevo-mercado-municipal-en-merlo\/#breadcrumb"},"inLanguage":"es-AR","potentialAction":[{"@type":"ReadAction","target":["https:\/\/apuntesdesanluis.com\/index.php\/2023\/11\/22\/comenzo-la-obra-del-nuevo-mercado-municipal-en-merlo\/"]}]},{"@type":"ImageObject","inLanguage":"es-AR","@id":"https:\/\/apuntesdesanluis.com\/index.php\/2023\/11\/22\/comenzo-la-obra-del-nuevo-mercado-municipal-en-merlo\/#primaryimage","url":"https:\/\/apuntesdesanluis.com\/wp-content\/uploads\/2023\/11\/mercado-tapa.png","contentUrl":"https:\/\/apuntesdesanluis.com\/wp-content\/uploads\/2023\/11\/mercado-tapa.png","width":600,"height":375},{"@type":"BreadcrumbList","@id":"https:\/\/apuntesdesanluis.com\/index.php\/2023\/11\/22\/comenzo-la-obra-del-nuevo-mercado-municipal-en-merlo\/#breadcrumb","itemListElement":[{"@type":"ListItem","position":1,"name":"Inicio","item":"https:\/\/apuntesdesanluis.com\/"},{"@type":"ListItem","position":2,"name":"COMENZ\u00d3 LA OBRA DEL NUEVO MERCADO MUNICIPAL EN MERLO"}]},{"@type":"WebSite","@id":"https:\/\/apuntesdesanluis.com\/#website","url":"https:\/\/apuntesdesanluis.com\/","name":"Apuntes de San Luis","description":"","publisher":{"@id":"https:\/\/apuntesdesanluis.com\/#\/schema\/person\/b55151d52296fcce64d1a72538a70b90"},"potentialAction":[{"@type":"SearchAction","target":{"@type":"EntryPoint","urlTemplate":"https:\/\/apuntesdesanluis.com\/?s={search_term_string}"},"query-input":{"@type":"PropertyValueSpecification","valueRequired":true,"valueName":"search_term_string"}}],"inLanguage":"es-AR"},{"@type":["Person","Organization"],"@id":"https:\/\/apuntesdesanluis.com\/#\/schema\/person\/b55151d52296fcce64d1a72538a70b90","name":"apuntesdesanluis.com","image":{"@type":"ImageObject","inLanguage":"es-AR","@id":"https:\/\/apuntesdesanluis.com\/#\/schema\/person\/image\/","url":"https:\/\/apuntesdesanluis.com\/wp-content\/uploads\/2023\/07\/cropped-apuntesdesanluis.png","contentUrl":"https:\/\/apuntesdesanluis.com\/wp-content\/uploads\/2023\/07\/cropped-apuntesdesanluis.png","width":450,"height":112,"caption":"apuntesdesanluis.com"},"logo":{"@id":"https:\/\/apuntesdesanluis.com\/#\/schema\/person\/image\/"},"sameAs":["https:\/\/apuntesdesanluis.com"],"url":"https:\/\/apuntesdesanluis.com\/index.php\/author\/apuntesdesanluis-com\/"}]}},"featured_image_urls":{"full":["https:\/\/apuntesdesanluis.com\/wp-content\/uploads\/2023\/11\/mercado-tapa.png",600,375,false],"thumbnail":["https:\/\/apuntesdesanluis.com\/wp-content\/uploads\/2023\/11\/mercado-tapa-150x150.png",150,150,true],"medium":["https:\/\/apuntesdesanluis.com\/wp-content\/uploads\/2023\/11\/mercado-tapa-300x188.png",300,188,true],"medium_large":["https:\/\/apuntesdesanluis.com\/wp-content\/uploads\/2023\/11\/mercado-tapa.png",600,375,false],"large":["https:\/\/apuntesdesanluis.com\/wp-content\/uploads\/2023\/11\/mercado-tapa.png",600,375,false],"1536x1536":["https:\/\/apuntesdesanluis.com\/wp-content\/uploads\/2023\/11\/mercado-tapa.png",600,375,false],"2048x2048":["https:\/\/apuntesdesanluis.com\/wp-content\/uploads\/2023\/11\/mercado-tapa.png",600,375,false],"newsever-slider-full":["https:\/\/apuntesdesanluis.com\/wp-content\/uploads\/2023\/11\/mercado-tapa.png",600,375,false],"newsever-featured":["https:\/\/apuntesdesanluis.com\/wp-content\/uploads\/2023\/11\/mercado-tapa.png",600,375,false],"newsever-medium":["https:\/\/apuntesdesanluis.com\/wp-content\/uploads\/2023\/11\/mercado-tapa.png",600,375,false]},"author_info":{"display_name":"apuntesdesanluis.com","author_link":"https:\/\/apuntesdesanluis.com\/index.php\/author\/apuntesdesanluis-com\/"},"category_info":"<a href=\"https:\/\/apuntesdesanluis.com\/index.php\/category\/ciudad-provincia\/\" rel=\"category tag\">Ciudad\/Provincia<\/a>","tag_info":"Ciudad\/Provincia","comment_count":"0","_links":{"self":[{"href":"https:\/\/apuntesdesanluis.com\/index.php\/wp-json\/wp\/v2\/posts\/7210","targetHints":{"allow":["GET"]}}],"collection":[{"href":"https:\/\/apuntesdesanluis.com\/index.php\/wp-json\/wp\/v2\/posts"}],"about":[{"href":"https:\/\/apuntesdesanluis.com\/index.php\/wp-json\/wp\/v2\/types\/post"}],"author":[{"embeddable":true,"href":"https:\/\/apuntesdesanluis.com\/index.php\/wp-json\/wp\/v2\/users\/1"}],"replies":[{"embeddable":true,"href":"https:\/\/apuntesdesanluis.com\/index.php\/wp-json\/wp\/v2\/comments?post=7210"}],"version-history":[{"count":2,"href":"https:\/\/apuntesdesanluis.com\/index.php\/wp-json\/wp\/v2\/posts\/7210\/revisions"}],"predecessor-version":[{"id":7215,"href":"https:\/\/apuntesdesanluis.com\/index.php\/wp-json\/wp\/v2\/posts\/7210\/revisions\/7215"}],"wp:featuredmedia":[{"embeddable":true,"href":"https:\/\/apuntesdesanluis.com\/index.php\/wp-json\/wp\/v2\/media\/7211"}],"wp:attachment":[{"href":"https:\/\/apuntesdesanluis.com\/index.php\/wp-json\/wp\/v2\/media?parent=7210"}],"wp:term":[{"taxonomy":"category","embeddable":true,"href":"https:\/\/apuntesdesanluis.com\/index.php\/wp-json\/wp\/v2\/categories?post=7210"},{"taxonomy":"post_tag","embeddable":true,"href":"https:\/\/apuntesdesanluis.com\/index.php\/wp-json\/wp\/v2\/tags?post=7210"}],"curies":[{"name":"wp","href":"https:\/\/api.w.org\/{rel}","templated":true}]}}