{"id":7216,"date":"2023-11-22T20:17:31","date_gmt":"2023-11-22T23:17:31","guid":{"rendered":"https:\/\/apuntesdesanluis.com\/?p=7216"},"modified":"2023-11-22T20:17:31","modified_gmt":"2023-11-22T23:17:31","slug":"formularon-cargos-contra-un-hombre-por-abuso-sexual","status":"publish","type":"post","link":"https:\/\/apuntesdesanluis.com\/index.php\/2023\/11\/22\/formularon-cargos-contra-un-hombre-por-abuso-sexual\/","title":{"rendered":"FORMULARON CARGOS CONTRA UN HOMBRE POR ABUSO SEXUAL"},"content":{"rendered":"<h3><strong>J.M.O.<\/strong>, un ex empleado municipal con domicilio en la Villa de Merlo, fue formalmente imputado como presunto autor del delito de abuso sexual gravemente ultrajante, agravado por el grave da\u00f1o en la salud mental de la v\u00edctima y por ser el encargado de la guarda.<\/h3>\n<h3>La damnificada es la nieta de su pareja, una ni\u00f1a de 12 a\u00f1os.<\/h3>\n<h3>Los abusos habr\u00edan ocurrido entre 2020 y 2021, en la casa de la abuela de la menor, cuando el hombre de 46 a\u00f1os quedaba al cuidado de la ni\u00f1a.<\/h3>\n<h3>La denuncia fue efectuada por la madre de la peque\u00f1a en julio de este a\u00f1o.<\/h3>\n<h3>En la audiencia de formulaci\u00f3n de cargos celebrada el pasado 16 de noviembre, la Fiscal D\u00e9bora Antonella Roy Gitto, asistida por su par, la Fiscal Adjunta, Adriana Cangelosi, present\u00f3 la evidencia reunida hasta el momento, tal como la denuncia y su ratificaci\u00f3n en sede judicial; el informe de la C\u00e1mara Gesell practicada a la menor; y la entrevista realizada a la psic\u00f3loga de la ni\u00f1a.<\/h3>\n<h3>Luego de formalizar los cargos en contra del imputado, la representante del Ministerio Fiscal solicit\u00f3 un plazo de 120 d\u00edas para culminar la investigaci\u00f3n y la prisi\u00f3n preventiva para J.M.O.<\/h3>\n<h3>Al respecto, record\u00f3 que la peligrosidad procesal constituye la raz\u00f3n fundamental por la que puede ordenarse la prisi\u00f3n preventiva, \u201cy en nuestro caso en particular, esta peligrosidad radica en el riesgo que la libertad del imputado pueda entra\u00f1ar para los fines del proceso seguido en su contra, esto es, impedir el normal desarrollo del juicio o el cumplimiento de la pena eventualmente impuesta, al sustraerse de la autoridad\u201d. Como sustento de ello, mencion\u00f3 un escrito presentado por la querella en el que se afirma la existencia de un real peligro de fuga, teniendo en cuenta que el imputado es oriundo de la provincia de Formosa, en donde tiene familiares; y que fue despedido de su puesto de trabajo, lo cual genera un desarraigo considerable.<\/h3>\n<h3>En esa l\u00ednea, remarc\u00f3 que la pertinencia de la prisi\u00f3n preventiva deb\u00eda ser valorada por el juez teniendo en consideraci\u00f3n que los hechos de abuso se perpetraron en un contexto de violencia sexual ejercida contra una mujer menor de edad.<\/h3>\n<h3>\u201cEllo impone, de acuerdo a los compromisos internacionales asumidos por el Estado Argentino en la Convenci\u00f3n Interamericana para Prevenir, Sancionar y Erradicar la Violencia contra la Mujer, y en la Convenci\u00f3n de los Derechos del Ni\u00f1o; asegurar la realizaci\u00f3n del debate y, por ende, demanda tambi\u00e9n poner especial atenci\u00f3n en aquellas circunstancias que podr\u00edan impedirlo u obstaculizarlo\u201d.<\/h3>\n<h3>Por todo lo expuesto, reiter\u00f3 el pedido de prisi\u00f3n preventiva para J.M.O. por el t\u00e9rmino de 120 d\u00edas, plazo en el que la Fiscal\u00eda continuar\u00e1 reuniendo evidencias para el momento de la acusaci\u00f3n, entre ellas, entrevistas a testigos, pericia psicol\u00f3gica al imputado y pedidos de informes.<\/h3>\n<h3>Finalmente, adelant\u00f3 que, en el caso de que el magistrado no hiciera lugar al pedido de preventiva, requer\u00eda el dictado de una prohibici\u00f3n de acercamiento en favor de la v\u00edctima y sus padres, y que J.M.O. firme el libro de imputados una vez por semana ante la fiscal\u00eda.<\/h3>\n<h3>La abogada querrelante, Antolina Ramallo, actu\u00f3 en representaci\u00f3n del padre de la menor. La letrada adhiri\u00f3 al requerimiento del Ministerio Fiscal, haciendo hincapi\u00e9 en la necesidad del dictado de la prisi\u00f3n preventiva para resguardar a la v\u00edctima, evitar el entorpecimiento de la investigaci\u00f3n y lograr el esclarecimiento de los hechos que motivaron la causa.<\/h3>\n<h3>En contrapartida, la defensa de J.M.O., ejercida por los defensores oficiales en lo penal, Jos\u00e9 Francisco P\u00e9rez y Mar\u00eda Luz V\u00edlchez, se opusieron a la formulaci\u00f3n de cargos y a la medida de coerci\u00f3n. Manifestaron que las pruebas presentadas por la fiscal\u00eda eran poco objetivas, y que la imputaci\u00f3n violaba el principio de congruencia, dado que no establece una fecha cierta para la ocurrencia de los hechos en el transcurso de dos a\u00f1os.<\/h3>\n<h3>En cuanto al pedido de preventiva, sostuvieron que no se acreditaron los supuestos para el dictado de la misma y que su representado siempre estuvo a derecho, enumerando la evidencia reunida en favor del mismo.<\/h3>\n<h3>Luego de escuchar las presentaciones de las partes, el Juez de Garant\u00eda N\u00b01, Mat\u00edas Farinazzo Tempestini, resolvi\u00f3 tener por formulados los cargos en contra de J.M.O., otorgando a la fiscal\u00eda un plazo de 120 d\u00edas para finalizar la investigaci\u00f3n.<\/h3>\n<h3>A su vez, dispuso no hacer lugar al pedido de preventiva, teniendo en cuenta no s\u00f3lo las manifestaciones de las partes, sino tambi\u00e9n el hecho de que el imputado concurri\u00f3 voluntariamente a la audiencia, a\u00fan sabiendo que pod\u00eda quedar en prisi\u00f3n. En lugar de ello, el magistrado le dict\u00f3 una prohibici\u00f3n de acercamiento de 300 metros por 180 d\u00edas, tanto hacia la v\u00edctima como a sus padres, que implica mantenerse alejado de todos los lugares donde \u00e9stos frecuenten y evitar cualquier tipo de comunicaci\u00f3n por cualquier medio.<\/h3>\n<h3>Por \u00faltimo, le orden\u00f3 firmar el libro de imputados una vez por semana ante la comisar\u00eda N\u00b042 de la Villa de Merlo, prohibi\u00e9ndole salir de la provincia y\/o del pa\u00eds sin previa autorizaci\u00f3n del Juzgado.<\/h3>\n<h3>\u2026\u2026\u2026\u2026\u2026\u2026<\/h3>\n<h3>Nota aclarativa: por tratarse de un delito en perjuicio de una persona menor de 18 a\u00f1os, no se consignan los datos identificatorios de las partes a fin de preservar el derecho a la intimidad, privacidad y confidencialidad de la v\u00edctima (Art.22 Ley 26.061).<\/h3>\n","protected":false},"excerpt":{"rendered":"<p>J.M.O., un ex empleado municipal con domicilio en la Villa de Merlo, fue formalmente imputado&#8230;<\/p>\n","protected":false},"author":1,"featured_media":7217,"comment_status":"closed","ping_status":"closed","sticky":false,"template":"","format":"standard","meta":{"footnotes":""},"categories":[6],"tags":[],"class_list":["post-7216","post","type-post","status-publish","format-standard","has-post-thumbnail","hentry","category-ciudad-provincia"],"yoast_head":"<!-- This site is optimized with the Yoast SEO plugin v26.1.1 - https:\/\/yoast.com\/wordpress\/plugins\/seo\/ -->\n<title>FORMULARON CARGOS CONTRA UN HOMBRE POR ABUSO SEXUAL - Apuntes de San Luis<\/title>\n<meta name=\"robots\" content=\"index, follow, max-snippet:-1, max-image-preview:large, max-video-preview:-1\" \/>\n<link rel=\"canonical\" href=\"https:\/\/apuntesdesanluis.com\/index.php\/2023\/11\/22\/formularon-cargos-contra-un-hombre-por-abuso-sexual\/\" \/>\n<meta property=\"og:locale\" content=\"es_ES\" \/>\n<meta property=\"og:type\" content=\"article\" \/>\n<meta property=\"og:title\" content=\"FORMULARON CARGOS CONTRA UN HOMBRE POR ABUSO SEXUAL - Apuntes de San Luis\" \/>\n<meta property=\"og:description\" content=\"J.M.O., un ex empleado municipal con domicilio en la Villa de Merlo, fue formalmente imputado...\" \/>\n<meta property=\"og:url\" content=\"https:\/\/apuntesdesanluis.com\/index.php\/2023\/11\/22\/formularon-cargos-contra-un-hombre-por-abuso-sexual\/\" \/>\n<meta property=\"og:site_name\" content=\"Apuntes de San Luis\" \/>\n<meta property=\"article:published_time\" content=\"2023-11-22T23:17:31+00:00\" \/>\n<meta property=\"og:image\" content=\"https:\/\/apuntesdesanluis.com\/wp-content\/uploads\/2023\/11\/ex-empleado.png\" \/>\n\t<meta property=\"og:image:width\" content=\"600\" \/>\n\t<meta property=\"og:image:height\" content=\"306\" \/>\n\t<meta property=\"og:image:type\" content=\"image\/png\" \/>\n<meta name=\"author\" content=\"apuntesdesanluis.com\" \/>\n<meta name=\"twitter:card\" content=\"summary_large_image\" \/>\n<meta name=\"twitter:label1\" content=\"Escrito por\" \/>\n\t<meta name=\"twitter:data1\" content=\"apuntesdesanluis.com\" \/>\n\t<meta name=\"twitter:label2\" content=\"Tiempo de lectura\" \/>\n\t<meta name=\"twitter:data2\" content=\"5 minutos\" \/>\n<script type=\"application\/ld+json\" class=\"yoast-schema-graph\">{\"@context\":\"https:\/\/schema.org\",\"@graph\":[{\"@type\":\"Article\",\"@id\":\"https:\/\/apuntesdesanluis.com\/index.php\/2023\/11\/22\/formularon-cargos-contra-un-hombre-por-abuso-sexual\/#article\",\"isPartOf\":{\"@id\":\"https:\/\/apuntesdesanluis.com\/index.php\/2023\/11\/22\/formularon-cargos-contra-un-hombre-por-abuso-sexual\/\"},\"author\":{\"name\":\"apuntesdesanluis.com\",\"@id\":\"https:\/\/apuntesdesanluis.com\/#\/schema\/person\/b55151d52296fcce64d1a72538a70b90\"},\"headline\":\"FORMULARON CARGOS CONTRA UN HOMBRE POR ABUSO SEXUAL\",\"datePublished\":\"2023-11-22T23:17:31+00:00\",\"mainEntityOfPage\":{\"@id\":\"https:\/\/apuntesdesanluis.com\/index.php\/2023\/11\/22\/formularon-cargos-contra-un-hombre-por-abuso-sexual\/\"},\"wordCount\":961,\"publisher\":{\"@id\":\"https:\/\/apuntesdesanluis.com\/#\/schema\/person\/b55151d52296fcce64d1a72538a70b90\"},\"image\":{\"@id\":\"https:\/\/apuntesdesanluis.com\/index.php\/2023\/11\/22\/formularon-cargos-contra-un-hombre-por-abuso-sexual\/#primaryimage\"},\"thumbnailUrl\":\"https:\/\/apuntesdesanluis.com\/wp-content\/uploads\/2023\/11\/ex-empleado.png\",\"articleSection\":[\"Ciudad\/Provincia\"],\"inLanguage\":\"es-AR\"},{\"@type\":\"WebPage\",\"@id\":\"https:\/\/apuntesdesanluis.com\/index.php\/2023\/11\/22\/formularon-cargos-contra-un-hombre-por-abuso-sexual\/\",\"url\":\"https:\/\/apuntesdesanluis.com\/index.php\/2023\/11\/22\/formularon-cargos-contra-un-hombre-por-abuso-sexual\/\",\"name\":\"FORMULARON CARGOS CONTRA UN HOMBRE POR ABUSO SEXUAL - Apuntes de San Luis\",\"isPartOf\":{\"@id\":\"https:\/\/apuntesdesanluis.com\/#website\"},\"primaryImageOfPage\":{\"@id\":\"https:\/\/apuntesdesanluis.com\/index.php\/2023\/11\/22\/formularon-cargos-contra-un-hombre-por-abuso-sexual\/#primaryimage\"},\"image\":{\"@id\":\"https:\/\/apuntesdesanluis.com\/index.php\/2023\/11\/22\/formularon-cargos-contra-un-hombre-por-abuso-sexual\/#primaryimage\"},\"thumbnailUrl\":\"https:\/\/apuntesdesanluis.com\/wp-content\/uploads\/2023\/11\/ex-empleado.png\",\"datePublished\":\"2023-11-22T23:17:31+00:00\",\"breadcrumb\":{\"@id\":\"https:\/\/apuntesdesanluis.com\/index.php\/2023\/11\/22\/formularon-cargos-contra-un-hombre-por-abuso-sexual\/#breadcrumb\"},\"inLanguage\":\"es-AR\",\"potentialAction\":[{\"@type\":\"ReadAction\",\"target\":[\"https:\/\/apuntesdesanluis.com\/index.php\/2023\/11\/22\/formularon-cargos-contra-un-hombre-por-abuso-sexual\/\"]}]},{\"@type\":\"ImageObject\",\"inLanguage\":\"es-AR\",\"@id\":\"https:\/\/apuntesdesanluis.com\/index.php\/2023\/11\/22\/formularon-cargos-contra-un-hombre-por-abuso-sexual\/#primaryimage\",\"url\":\"https:\/\/apuntesdesanluis.com\/wp-content\/uploads\/2023\/11\/ex-empleado.png\",\"contentUrl\":\"https:\/\/apuntesdesanluis.com\/wp-content\/uploads\/2023\/11\/ex-empleado.png\",\"width\":600,\"height\":306},{\"@type\":\"BreadcrumbList\",\"@id\":\"https:\/\/apuntesdesanluis.com\/index.php\/2023\/11\/22\/formularon-cargos-contra-un-hombre-por-abuso-sexual\/#breadcrumb\",\"itemListElement\":[{\"@type\":\"ListItem\",\"position\":1,\"name\":\"Inicio\",\"item\":\"https:\/\/apuntesdesanluis.com\/\"},{\"@type\":\"ListItem\",\"position\":2,\"name\":\"FORMULARON CARGOS CONTRA UN HOMBRE POR ABUSO SEXUAL\"}]},{\"@type\":\"WebSite\",\"@id\":\"https:\/\/apuntesdesanluis.com\/#website\",\"url\":\"https:\/\/apuntesdesanluis.com\/\",\"name\":\"Apuntes de San Luis\",\"description\":\"\",\"publisher\":{\"@id\":\"https:\/\/apuntesdesanluis.com\/#\/schema\/person\/b55151d52296fcce64d1a72538a70b90\"},\"potentialAction\":[{\"@type\":\"SearchAction\",\"target\":{\"@type\":\"EntryPoint\",\"urlTemplate\":\"https:\/\/apuntesdesanluis.com\/?s={search_term_string}\"},\"query-input\":{\"@type\":\"PropertyValueSpecification\",\"valueRequired\":true,\"valueName\":\"search_term_string\"}}],\"inLanguage\":\"es-AR\"},{\"@type\":[\"Person\",\"Organization\"],\"@id\":\"https:\/\/apuntesdesanluis.com\/#\/schema\/person\/b55151d52296fcce64d1a72538a70b90\",\"name\":\"apuntesdesanluis.com\",\"image\":{\"@type\":\"ImageObject\",\"inLanguage\":\"es-AR\",\"@id\":\"https:\/\/apuntesdesanluis.com\/#\/schema\/person\/image\/\",\"url\":\"https:\/\/apuntesdesanluis.com\/wp-content\/uploads\/2023\/07\/cropped-apuntesdesanluis.png\",\"contentUrl\":\"https:\/\/apuntesdesanluis.com\/wp-content\/uploads\/2023\/07\/cropped-apuntesdesanluis.png\",\"width\":450,\"height\":112,\"caption\":\"apuntesdesanluis.com\"},\"logo\":{\"@id\":\"https:\/\/apuntesdesanluis.com\/#\/schema\/person\/image\/\"},\"sameAs\":[\"https:\/\/apuntesdesanluis.com\"],\"url\":\"https:\/\/apuntesdesanluis.com\/index.php\/author\/apuntesdesanluis-com\/\"}]}<\/script>\n<!-- \/ Yoast SEO plugin. -->","yoast_head_json":{"title":"FORMULARON CARGOS CONTRA UN HOMBRE POR ABUSO SEXUAL - Apuntes de San Luis","robots":{"index":"index","follow":"follow","max-snippet":"max-snippet:-1","max-image-preview":"max-image-preview:large","max-video-preview":"max-video-preview:-1"},"canonical":"https:\/\/apuntesdesanluis.com\/index.php\/2023\/11\/22\/formularon-cargos-contra-un-hombre-por-abuso-sexual\/","og_locale":"es_ES","og_type":"article","og_title":"FORMULARON CARGOS CONTRA UN HOMBRE POR ABUSO SEXUAL - Apuntes de San Luis","og_description":"J.M.O., un ex empleado municipal con domicilio en la Villa de Merlo, fue formalmente imputado...","og_url":"https:\/\/apuntesdesanluis.com\/index.php\/2023\/11\/22\/formularon-cargos-contra-un-hombre-por-abuso-sexual\/","og_site_name":"Apuntes de San Luis","article_published_time":"2023-11-22T23:17:31+00:00","og_image":[{"width":600,"height":306,"url":"https:\/\/apuntesdesanluis.com\/wp-content\/uploads\/2023\/11\/ex-empleado.png","type":"image\/png"}],"author":"apuntesdesanluis.com","twitter_card":"summary_large_image","twitter_misc":{"Escrito por":"apuntesdesanluis.com","Tiempo de lectura":"5 minutos"},"schema":{"@context":"https:\/\/schema.org","@graph":[{"@type":"Article","@id":"https:\/\/apuntesdesanluis.com\/index.php\/2023\/11\/22\/formularon-cargos-contra-un-hombre-por-abuso-sexual\/#article","isPartOf":{"@id":"https:\/\/apuntesdesanluis.com\/index.php\/2023\/11\/22\/formularon-cargos-contra-un-hombre-por-abuso-sexual\/"},"author":{"name":"apuntesdesanluis.com","@id":"https:\/\/apuntesdesanluis.com\/#\/schema\/person\/b55151d52296fcce64d1a72538a70b90"},"headline":"FORMULARON CARGOS CONTRA UN HOMBRE POR ABUSO SEXUAL","datePublished":"2023-11-22T23:17:31+00:00","mainEntityOfPage":{"@id":"https:\/\/apuntesdesanluis.com\/index.php\/2023\/11\/22\/formularon-cargos-contra-un-hombre-por-abuso-sexual\/"},"wordCount":961,"publisher":{"@id":"https:\/\/apuntesdesanluis.com\/#\/schema\/person\/b55151d52296fcce64d1a72538a70b90"},"image":{"@id":"https:\/\/apuntesdesanluis.com\/index.php\/2023\/11\/22\/formularon-cargos-contra-un-hombre-por-abuso-sexual\/#primaryimage"},"thumbnailUrl":"https:\/\/apuntesdesanluis.com\/wp-content\/uploads\/2023\/11\/ex-empleado.png","articleSection":["Ciudad\/Provincia"],"inLanguage":"es-AR"},{"@type":"WebPage","@id":"https:\/\/apuntesdesanluis.com\/index.php\/2023\/11\/22\/formularon-cargos-contra-un-hombre-por-abuso-sexual\/","url":"https:\/\/apuntesdesanluis.com\/index.php\/2023\/11\/22\/formularon-cargos-contra-un-hombre-por-abuso-sexual\/","name":"FORMULARON CARGOS CONTRA UN HOMBRE POR ABUSO SEXUAL - Apuntes de San Luis","isPartOf":{"@id":"https:\/\/apuntesdesanluis.com\/#website"},"primaryImageOfPage":{"@id":"https:\/\/apuntesdesanluis.com\/index.php\/2023\/11\/22\/formularon-cargos-contra-un-hombre-por-abuso-sexual\/#primaryimage"},"image":{"@id":"https:\/\/apuntesdesanluis.com\/index.php\/2023\/11\/22\/formularon-cargos-contra-un-hombre-por-abuso-sexual\/#primaryimage"},"thumbnailUrl":"https:\/\/apuntesdesanluis.com\/wp-content\/uploads\/2023\/11\/ex-empleado.png","datePublished":"2023-11-22T23:17:31+00:00","breadcrumb":{"@id":"https:\/\/apuntesdesanluis.com\/index.php\/2023\/11\/22\/formularon-cargos-contra-un-hombre-por-abuso-sexual\/#breadcrumb"},"inLanguage":"es-AR","potentialAction":[{"@type":"ReadAction","target":["https:\/\/apuntesdesanluis.com\/index.php\/2023\/11\/22\/formularon-cargos-contra-un-hombre-por-abuso-sexual\/"]}]},{"@type":"ImageObject","inLanguage":"es-AR","@id":"https:\/\/apuntesdesanluis.com\/index.php\/2023\/11\/22\/formularon-cargos-contra-un-hombre-por-abuso-sexual\/#primaryimage","url":"https:\/\/apuntesdesanluis.com\/wp-content\/uploads\/2023\/11\/ex-empleado.png","contentUrl":"https:\/\/apuntesdesanluis.com\/wp-content\/uploads\/2023\/11\/ex-empleado.png","width":600,"height":306},{"@type":"BreadcrumbList","@id":"https:\/\/apuntesdesanluis.com\/index.php\/2023\/11\/22\/formularon-cargos-contra-un-hombre-por-abuso-sexual\/#breadcrumb","itemListElement":[{"@type":"ListItem","position":1,"name":"Inicio","item":"https:\/\/apuntesdesanluis.com\/"},{"@type":"ListItem","position":2,"name":"FORMULARON CARGOS CONTRA UN HOMBRE POR ABUSO SEXUAL"}]},{"@type":"WebSite","@id":"https:\/\/apuntesdesanluis.com\/#website","url":"https:\/\/apuntesdesanluis.com\/","name":"Apuntes de San Luis","description":"","publisher":{"@id":"https:\/\/apuntesdesanluis.com\/#\/schema\/person\/b55151d52296fcce64d1a72538a70b90"},"potentialAction":[{"@type":"SearchAction","target":{"@type":"EntryPoint","urlTemplate":"https:\/\/apuntesdesanluis.com\/?s={search_term_string}"},"query-input":{"@type":"PropertyValueSpecification","valueRequired":true,"valueName":"search_term_string"}}],"inLanguage":"es-AR"},{"@type":["Person","Organization"],"@id":"https:\/\/apuntesdesanluis.com\/#\/schema\/person\/b55151d52296fcce64d1a72538a70b90","name":"apuntesdesanluis.com","image":{"@type":"ImageObject","inLanguage":"es-AR","@id":"https:\/\/apuntesdesanluis.com\/#\/schema\/person\/image\/","url":"https:\/\/apuntesdesanluis.com\/wp-content\/uploads\/2023\/07\/cropped-apuntesdesanluis.png","contentUrl":"https:\/\/apuntesdesanluis.com\/wp-content\/uploads\/2023\/07\/cropped-apuntesdesanluis.png","width":450,"height":112,"caption":"apuntesdesanluis.com"},"logo":{"@id":"https:\/\/apuntesdesanluis.com\/#\/schema\/person\/image\/"},"sameAs":["https:\/\/apuntesdesanluis.com"],"url":"https:\/\/apuntesdesanluis.com\/index.php\/author\/apuntesdesanluis-com\/"}]}},"featured_image_urls":{"full":["https:\/\/apuntesdesanluis.com\/wp-content\/uploads\/2023\/11\/ex-empleado.png",600,306,false],"thumbnail":["https:\/\/apuntesdesanluis.com\/wp-content\/uploads\/2023\/11\/ex-empleado-150x150.png",150,150,true],"medium":["https:\/\/apuntesdesanluis.com\/wp-content\/uploads\/2023\/11\/ex-empleado-300x153.png",300,153,true],"medium_large":["https:\/\/apuntesdesanluis.com\/wp-content\/uploads\/2023\/11\/ex-empleado.png",600,306,false],"large":["https:\/\/apuntesdesanluis.com\/wp-content\/uploads\/2023\/11\/ex-empleado.png",600,306,false],"1536x1536":["https:\/\/apuntesdesanluis.com\/wp-content\/uploads\/2023\/11\/ex-empleado.png",600,306,false],"2048x2048":["https:\/\/apuntesdesanluis.com\/wp-content\/uploads\/2023\/11\/ex-empleado.png",600,306,false],"newsever-slider-full":["https:\/\/apuntesdesanluis.com\/wp-content\/uploads\/2023\/11\/ex-empleado.png",600,306,false],"newsever-featured":["https:\/\/apuntesdesanluis.com\/wp-content\/uploads\/2023\/11\/ex-empleado.png",600,306,false],"newsever-medium":["https:\/\/apuntesdesanluis.com\/wp-content\/uploads\/2023\/11\/ex-empleado.png",600,306,false]},"author_info":{"display_name":"apuntesdesanluis.com","author_link":"https:\/\/apuntesdesanluis.com\/index.php\/author\/apuntesdesanluis-com\/"},"category_info":"<a href=\"https:\/\/apuntesdesanluis.com\/index.php\/category\/ciudad-provincia\/\" rel=\"category tag\">Ciudad\/Provincia<\/a>","tag_info":"Ciudad\/Provincia","comment_count":"0","_links":{"self":[{"href":"https:\/\/apuntesdesanluis.com\/index.php\/wp-json\/wp\/v2\/posts\/7216","targetHints":{"allow":["GET"]}}],"collection":[{"href":"https:\/\/apuntesdesanluis.com\/index.php\/wp-json\/wp\/v2\/posts"}],"about":[{"href":"https:\/\/apuntesdesanluis.com\/index.php\/wp-json\/wp\/v2\/types\/post"}],"author":[{"embeddable":true,"href":"https:\/\/apuntesdesanluis.com\/index.php\/wp-json\/wp\/v2\/users\/1"}],"replies":[{"embeddable":true,"href":"https:\/\/apuntesdesanluis.com\/index.php\/wp-json\/wp\/v2\/comments?post=7216"}],"version-history":[{"count":1,"href":"https:\/\/apuntesdesanluis.com\/index.php\/wp-json\/wp\/v2\/posts\/7216\/revisions"}],"predecessor-version":[{"id":7218,"href":"https:\/\/apuntesdesanluis.com\/index.php\/wp-json\/wp\/v2\/posts\/7216\/revisions\/7218"}],"wp:featuredmedia":[{"embeddable":true,"href":"https:\/\/apuntesdesanluis.com\/index.php\/wp-json\/wp\/v2\/media\/7217"}],"wp:attachment":[{"href":"https:\/\/apuntesdesanluis.com\/index.php\/wp-json\/wp\/v2\/media?parent=7216"}],"wp:term":[{"taxonomy":"category","embeddable":true,"href":"https:\/\/apuntesdesanluis.com\/index.php\/wp-json\/wp\/v2\/categories?post=7216"},{"taxonomy":"post_tag","embeddable":true,"href":"https:\/\/apuntesdesanluis.com\/index.php\/wp-json\/wp\/v2\/tags?post=7216"}],"curies":[{"name":"wp","href":"https:\/\/api.w.org\/{rel}","templated":true}]}}