{"id":7219,"date":"2023-11-22T20:31:26","date_gmt":"2023-11-22T23:31:26","guid":{"rendered":"https:\/\/apuntesdesanluis.com\/?p=7219"},"modified":"2023-11-22T20:33:07","modified_gmt":"2023-11-22T23:33:07","slug":"estudiante-puntano-obtuvo-importante-distincion-en-concurso-nacional-de-microrrelatos","status":"publish","type":"post","link":"https:\/\/apuntesdesanluis.com\/index.php\/2023\/11\/22\/estudiante-puntano-obtuvo-importante-distincion-en-concurso-nacional-de-microrrelatos\/","title":{"rendered":"ESTUDIANTE PUNTANO OBTUVO IMPORTANTE DISTINCI\u00d3N EN CONCURSO NACIONAL DE MICRORRELATOS"},"content":{"rendered":"<h3><strong>Thom\u00e1s Gabriel Gil<\/strong>, alumno de la Escuela T\u00e9cnica N\u00ba 5 \u201cIng. \u00c1lvarez Condarco\u201d, consigui\u00f3 la segunda menci\u00f3n en el <strong>Concurso de Microrrelatos<\/strong>, organizado por la <strong>Biblioteca del Congreso de la Naci\u00f3n<\/strong>. Su obra <strong>\u201cEl prisionero de la niebla\u201d<\/strong> ser\u00e1 publicada en una antolog\u00eda.<\/h3>\n<h3>Chicas y chicos de diferentes edades siguen dejando bien alto a San Luis en distintos cert\u00e1menes educativos a nivel nacional. Uno de ellos es <strong>Thom\u00e1s Gabriel Gil<\/strong>, alumno de la Escuela T\u00e9cnica N\u00ba 5 \u201cIng. \u00c1lvarez Condarco\u201d, quien recibi\u00f3 una importante menci\u00f3n en el 2\u00ba Concurso de Microrrelatos, iniciativa organizada por la Biblioteca del Congreso de la Naci\u00f3n y que cont\u00f3 con el apoyo de la Organizaci\u00f3n de Estados Iberoamericanos (OEI).<\/h3>\n<h3>Del certamen participaron estudiantes de todo el pa\u00eds y Thom\u00e1s se destac\u00f3 con su microrrelato \u201cEl prisionero de la niebla\u201d, el cual ser\u00e1 publicado en una antolog\u00eda. El estudiante forma parte del Club de Lectores \u201cLa Noche Estrellada de Van Gogh\u201d de la biblioteca \u201cJuan Carlos Narda\u201d de su escuela, donde entre otras actividades particip\u00f3 de un taller sobre c\u00f3mo realizar microrrelatos.<\/h3>\n<h3>En este sentido, el joven Thom\u00e1s Gabriel Gil se refiri\u00f3 a sus comienzos en el mundo de la lectoescritura y al respecto cont\u00f3: \u201cMi vinculaci\u00f3n con la lectura naci\u00f3 cuando comenc\u00e9 a formar parte de las actividades realizadas desde la biblioteca de mi escuela\u201d. Adem\u00e1s, con respecto a su logro en el concurso nacional manifest\u00f3: \u201cNo esperaba conseguir este reconocimiento, as\u00ed que me siento muy feliz\u201d.<\/h3>\n<h3>Por su parte, la bibliotecaria de la escuela, Mar\u00eda Montserrat Vald\u00e9z, hizo un repaso de este camino y dijo: \u201cEste a\u00f1o, observando la necesidad y la capacidad de los chicos, formamos el Club de Lectores, que actualmente cuenta con m\u00e1s de 70 chicos. En septiembre nos invitaron a participar en el concurso que realiza la Biblioteca del Congreso de la Naci\u00f3n, donde 13 chicos de nuestra instituci\u00f3n se presentaron al certamen. Thom\u00e1s fue el \u00fanico estudiante ganador de San Luis\u201d.<\/h3>\n<h3>Por \u00faltimo, Vald\u00e9z afirm\u00f3: \u201cThom\u00e1s es un excelente alumno, buen compa\u00f1ero, solidario, llega temprano por si alguien necesita ayuda, y eso lo hace en la biblioteca. En nuestro club cada integrante tiene una funci\u00f3n y adem\u00e1s contamos con un grupo de WhatsApp donde intercambiamos literatura, fragmentos, novelas, cuentos. La funci\u00f3n del club no es solamente leer, sino tambi\u00e9n crear v\u00ednculos, incluir a todos los ni\u00f1os, y fomentar la solidaridad y la empat\u00eda. Como una vez me dijo una alumna: \u2018La escuela es mi casa, pero la biblioteca es mi habitaci\u00f3n\u2019\u201d.<\/h3>\n<p>&nbsp;<\/p>\n<p>&nbsp;<\/p>\n","protected":false},"excerpt":{"rendered":"<p>Thom\u00e1s Gabriel Gil, alumno de la Escuela T\u00e9cnica N\u00ba 5 \u201cIng. \u00c1lvarez Condarco\u201d, consigui\u00f3 la&#8230;<\/p>\n","protected":false},"author":1,"featured_media":7220,"comment_status":"closed","ping_status":"closed","sticky":false,"template":"","format":"standard","meta":{"footnotes":""},"categories":[6],"tags":[],"class_list":["post-7219","post","type-post","status-publish","format-standard","has-post-thumbnail","hentry","category-ciudad-provincia"],"yoast_head":"<!-- This site is optimized with the Yoast SEO plugin v26.1.1 - https:\/\/yoast.com\/wordpress\/plugins\/seo\/ -->\n<title>ESTUDIANTE PUNTANO OBTUVO IMPORTANTE DISTINCI\u00d3N EN CONCURSO NACIONAL DE MICRORRELATOS - Apuntes de San Luis<\/title>\n<meta name=\"robots\" content=\"index, follow, max-snippet:-1, max-image-preview:large, max-video-preview:-1\" \/>\n<link rel=\"canonical\" href=\"https:\/\/apuntesdesanluis.com\/index.php\/2023\/11\/22\/estudiante-puntano-obtuvo-importante-distincion-en-concurso-nacional-de-microrrelatos\/\" \/>\n<meta property=\"og:locale\" content=\"es_ES\" \/>\n<meta property=\"og:type\" content=\"article\" \/>\n<meta property=\"og:title\" content=\"ESTUDIANTE PUNTANO OBTUVO IMPORTANTE DISTINCI\u00d3N EN CONCURSO NACIONAL DE MICRORRELATOS - Apuntes de San Luis\" \/>\n<meta property=\"og:description\" content=\"Thom\u00e1s Gabriel Gil, alumno de la Escuela T\u00e9cnica N\u00ba 5 \u201cIng. \u00c1lvarez Condarco\u201d, consigui\u00f3 la...\" \/>\n<meta property=\"og:url\" content=\"https:\/\/apuntesdesanluis.com\/index.php\/2023\/11\/22\/estudiante-puntano-obtuvo-importante-distincion-en-concurso-nacional-de-microrrelatos\/\" \/>\n<meta property=\"og:site_name\" content=\"Apuntes de San Luis\" \/>\n<meta property=\"article:published_time\" content=\"2023-11-22T23:31:26+00:00\" \/>\n<meta property=\"article:modified_time\" content=\"2023-11-22T23:33:07+00:00\" \/>\n<meta property=\"og:image\" content=\"https:\/\/apuntesdesanluis.com\/wp-content\/uploads\/2023\/11\/thomas-gil-e1700695978919.png\" \/>\n\t<meta property=\"og:image:width\" content=\"631\" \/>\n\t<meta property=\"og:image:height\" content=\"372\" \/>\n\t<meta property=\"og:image:type\" content=\"image\/png\" \/>\n<meta name=\"author\" content=\"apuntesdesanluis.com\" \/>\n<meta name=\"twitter:card\" content=\"summary_large_image\" \/>\n<meta name=\"twitter:label1\" content=\"Escrito por\" \/>\n\t<meta name=\"twitter:data1\" content=\"apuntesdesanluis.com\" \/>\n\t<meta name=\"twitter:label2\" content=\"Tiempo de lectura\" \/>\n\t<meta name=\"twitter:data2\" content=\"2 minutos\" \/>\n<script type=\"application\/ld+json\" class=\"yoast-schema-graph\">{\"@context\":\"https:\/\/schema.org\",\"@graph\":[{\"@type\":\"Article\",\"@id\":\"https:\/\/apuntesdesanluis.com\/index.php\/2023\/11\/22\/estudiante-puntano-obtuvo-importante-distincion-en-concurso-nacional-de-microrrelatos\/#article\",\"isPartOf\":{\"@id\":\"https:\/\/apuntesdesanluis.com\/index.php\/2023\/11\/22\/estudiante-puntano-obtuvo-importante-distincion-en-concurso-nacional-de-microrrelatos\/\"},\"author\":{\"name\":\"apuntesdesanluis.com\",\"@id\":\"https:\/\/apuntesdesanluis.com\/#\/schema\/person\/b55151d52296fcce64d1a72538a70b90\"},\"headline\":\"ESTUDIANTE PUNTANO OBTUVO IMPORTANTE DISTINCI\u00d3N EN CONCURSO NACIONAL DE MICRORRELATOS\",\"datePublished\":\"2023-11-22T23:31:26+00:00\",\"dateModified\":\"2023-11-22T23:33:07+00:00\",\"mainEntityOfPage\":{\"@id\":\"https:\/\/apuntesdesanluis.com\/index.php\/2023\/11\/22\/estudiante-puntano-obtuvo-importante-distincion-en-concurso-nacional-de-microrrelatos\/\"},\"wordCount\":456,\"publisher\":{\"@id\":\"https:\/\/apuntesdesanluis.com\/#\/schema\/person\/b55151d52296fcce64d1a72538a70b90\"},\"image\":{\"@id\":\"https:\/\/apuntesdesanluis.com\/index.php\/2023\/11\/22\/estudiante-puntano-obtuvo-importante-distincion-en-concurso-nacional-de-microrrelatos\/#primaryimage\"},\"thumbnailUrl\":\"https:\/\/apuntesdesanluis.com\/wp-content\/uploads\/2023\/11\/thomas-gil-e1700695978919.png\",\"articleSection\":[\"Ciudad\/Provincia\"],\"inLanguage\":\"es-AR\"},{\"@type\":\"WebPage\",\"@id\":\"https:\/\/apuntesdesanluis.com\/index.php\/2023\/11\/22\/estudiante-puntano-obtuvo-importante-distincion-en-concurso-nacional-de-microrrelatos\/\",\"url\":\"https:\/\/apuntesdesanluis.com\/index.php\/2023\/11\/22\/estudiante-puntano-obtuvo-importante-distincion-en-concurso-nacional-de-microrrelatos\/\",\"name\":\"ESTUDIANTE PUNTANO OBTUVO IMPORTANTE DISTINCI\u00d3N EN CONCURSO NACIONAL DE MICRORRELATOS - Apuntes de San Luis\",\"isPartOf\":{\"@id\":\"https:\/\/apuntesdesanluis.com\/#website\"},\"primaryImageOfPage\":{\"@id\":\"https:\/\/apuntesdesanluis.com\/index.php\/2023\/11\/22\/estudiante-puntano-obtuvo-importante-distincion-en-concurso-nacional-de-microrrelatos\/#primaryimage\"},\"image\":{\"@id\":\"https:\/\/apuntesdesanluis.com\/index.php\/2023\/11\/22\/estudiante-puntano-obtuvo-importante-distincion-en-concurso-nacional-de-microrrelatos\/#primaryimage\"},\"thumbnailUrl\":\"https:\/\/apuntesdesanluis.com\/wp-content\/uploads\/2023\/11\/thomas-gil-e1700695978919.png\",\"datePublished\":\"2023-11-22T23:31:26+00:00\",\"dateModified\":\"2023-11-22T23:33:07+00:00\",\"breadcrumb\":{\"@id\":\"https:\/\/apuntesdesanluis.com\/index.php\/2023\/11\/22\/estudiante-puntano-obtuvo-importante-distincion-en-concurso-nacional-de-microrrelatos\/#breadcrumb\"},\"inLanguage\":\"es-AR\",\"potentialAction\":[{\"@type\":\"ReadAction\",\"target\":[\"https:\/\/apuntesdesanluis.com\/index.php\/2023\/11\/22\/estudiante-puntano-obtuvo-importante-distincion-en-concurso-nacional-de-microrrelatos\/\"]}]},{\"@type\":\"ImageObject\",\"inLanguage\":\"es-AR\",\"@id\":\"https:\/\/apuntesdesanluis.com\/index.php\/2023\/11\/22\/estudiante-puntano-obtuvo-importante-distincion-en-concurso-nacional-de-microrrelatos\/#primaryimage\",\"url\":\"https:\/\/apuntesdesanluis.com\/wp-content\/uploads\/2023\/11\/thomas-gil-e1700695978919.png\",\"contentUrl\":\"https:\/\/apuntesdesanluis.com\/wp-content\/uploads\/2023\/11\/thomas-gil-e1700695978919.png\",\"width\":631,\"height\":372},{\"@type\":\"BreadcrumbList\",\"@id\":\"https:\/\/apuntesdesanluis.com\/index.php\/2023\/11\/22\/estudiante-puntano-obtuvo-importante-distincion-en-concurso-nacional-de-microrrelatos\/#breadcrumb\",\"itemListElement\":[{\"@type\":\"ListItem\",\"position\":1,\"name\":\"Inicio\",\"item\":\"https:\/\/apuntesdesanluis.com\/\"},{\"@type\":\"ListItem\",\"position\":2,\"name\":\"ESTUDIANTE PUNTANO OBTUVO IMPORTANTE DISTINCI\u00d3N EN CONCURSO NACIONAL DE MICRORRELATOS\"}]},{\"@type\":\"WebSite\",\"@id\":\"https:\/\/apuntesdesanluis.com\/#website\",\"url\":\"https:\/\/apuntesdesanluis.com\/\",\"name\":\"Apuntes de San Luis\",\"description\":\"\",\"publisher\":{\"@id\":\"https:\/\/apuntesdesanluis.com\/#\/schema\/person\/b55151d52296fcce64d1a72538a70b90\"},\"potentialAction\":[{\"@type\":\"SearchAction\",\"target\":{\"@type\":\"EntryPoint\",\"urlTemplate\":\"https:\/\/apuntesdesanluis.com\/?s={search_term_string}\"},\"query-input\":{\"@type\":\"PropertyValueSpecification\",\"valueRequired\":true,\"valueName\":\"search_term_string\"}}],\"inLanguage\":\"es-AR\"},{\"@type\":[\"Person\",\"Organization\"],\"@id\":\"https:\/\/apuntesdesanluis.com\/#\/schema\/person\/b55151d52296fcce64d1a72538a70b90\",\"name\":\"apuntesdesanluis.com\",\"image\":{\"@type\":\"ImageObject\",\"inLanguage\":\"es-AR\",\"@id\":\"https:\/\/apuntesdesanluis.com\/#\/schema\/person\/image\/\",\"url\":\"https:\/\/apuntesdesanluis.com\/wp-content\/uploads\/2023\/07\/cropped-apuntesdesanluis.png\",\"contentUrl\":\"https:\/\/apuntesdesanluis.com\/wp-content\/uploads\/2023\/07\/cropped-apuntesdesanluis.png\",\"width\":450,\"height\":112,\"caption\":\"apuntesdesanluis.com\"},\"logo\":{\"@id\":\"https:\/\/apuntesdesanluis.com\/#\/schema\/person\/image\/\"},\"sameAs\":[\"https:\/\/apuntesdesanluis.com\"],\"url\":\"https:\/\/apuntesdesanluis.com\/index.php\/author\/apuntesdesanluis-com\/\"}]}<\/script>\n<!-- \/ Yoast SEO plugin. -->","yoast_head_json":{"title":"ESTUDIANTE PUNTANO OBTUVO IMPORTANTE DISTINCI\u00d3N EN CONCURSO NACIONAL DE MICRORRELATOS - Apuntes de San Luis","robots":{"index":"index","follow":"follow","max-snippet":"max-snippet:-1","max-image-preview":"max-image-preview:large","max-video-preview":"max-video-preview:-1"},"canonical":"https:\/\/apuntesdesanluis.com\/index.php\/2023\/11\/22\/estudiante-puntano-obtuvo-importante-distincion-en-concurso-nacional-de-microrrelatos\/","og_locale":"es_ES","og_type":"article","og_title":"ESTUDIANTE PUNTANO OBTUVO IMPORTANTE DISTINCI\u00d3N EN CONCURSO NACIONAL DE MICRORRELATOS - Apuntes de San Luis","og_description":"Thom\u00e1s Gabriel Gil, alumno de la Escuela T\u00e9cnica N\u00ba 5 \u201cIng. \u00c1lvarez Condarco\u201d, consigui\u00f3 la...","og_url":"https:\/\/apuntesdesanluis.com\/index.php\/2023\/11\/22\/estudiante-puntano-obtuvo-importante-distincion-en-concurso-nacional-de-microrrelatos\/","og_site_name":"Apuntes de San Luis","article_published_time":"2023-11-22T23:31:26+00:00","article_modified_time":"2023-11-22T23:33:07+00:00","og_image":[{"width":631,"height":372,"url":"https:\/\/apuntesdesanluis.com\/wp-content\/uploads\/2023\/11\/thomas-gil-e1700695978919.png","type":"image\/png"}],"author":"apuntesdesanluis.com","twitter_card":"summary_large_image","twitter_misc":{"Escrito por":"apuntesdesanluis.com","Tiempo de lectura":"2 minutos"},"schema":{"@context":"https:\/\/schema.org","@graph":[{"@type":"Article","@id":"https:\/\/apuntesdesanluis.com\/index.php\/2023\/11\/22\/estudiante-puntano-obtuvo-importante-distincion-en-concurso-nacional-de-microrrelatos\/#article","isPartOf":{"@id":"https:\/\/apuntesdesanluis.com\/index.php\/2023\/11\/22\/estudiante-puntano-obtuvo-importante-distincion-en-concurso-nacional-de-microrrelatos\/"},"author":{"name":"apuntesdesanluis.com","@id":"https:\/\/apuntesdesanluis.com\/#\/schema\/person\/b55151d52296fcce64d1a72538a70b90"},"headline":"ESTUDIANTE PUNTANO OBTUVO IMPORTANTE DISTINCI\u00d3N EN CONCURSO NACIONAL DE MICRORRELATOS","datePublished":"2023-11-22T23:31:26+00:00","dateModified":"2023-11-22T23:33:07+00:00","mainEntityOfPage":{"@id":"https:\/\/apuntesdesanluis.com\/index.php\/2023\/11\/22\/estudiante-puntano-obtuvo-importante-distincion-en-concurso-nacional-de-microrrelatos\/"},"wordCount":456,"publisher":{"@id":"https:\/\/apuntesdesanluis.com\/#\/schema\/person\/b55151d52296fcce64d1a72538a70b90"},"image":{"@id":"https:\/\/apuntesdesanluis.com\/index.php\/2023\/11\/22\/estudiante-puntano-obtuvo-importante-distincion-en-concurso-nacional-de-microrrelatos\/#primaryimage"},"thumbnailUrl":"https:\/\/apuntesdesanluis.com\/wp-content\/uploads\/2023\/11\/thomas-gil-e1700695978919.png","articleSection":["Ciudad\/Provincia"],"inLanguage":"es-AR"},{"@type":"WebPage","@id":"https:\/\/apuntesdesanluis.com\/index.php\/2023\/11\/22\/estudiante-puntano-obtuvo-importante-distincion-en-concurso-nacional-de-microrrelatos\/","url":"https:\/\/apuntesdesanluis.com\/index.php\/2023\/11\/22\/estudiante-puntano-obtuvo-importante-distincion-en-concurso-nacional-de-microrrelatos\/","name":"ESTUDIANTE PUNTANO OBTUVO IMPORTANTE DISTINCI\u00d3N EN CONCURSO NACIONAL DE MICRORRELATOS - Apuntes de San Luis","isPartOf":{"@id":"https:\/\/apuntesdesanluis.com\/#website"},"primaryImageOfPage":{"@id":"https:\/\/apuntesdesanluis.com\/index.php\/2023\/11\/22\/estudiante-puntano-obtuvo-importante-distincion-en-concurso-nacional-de-microrrelatos\/#primaryimage"},"image":{"@id":"https:\/\/apuntesdesanluis.com\/index.php\/2023\/11\/22\/estudiante-puntano-obtuvo-importante-distincion-en-concurso-nacional-de-microrrelatos\/#primaryimage"},"thumbnailUrl":"https:\/\/apuntesdesanluis.com\/wp-content\/uploads\/2023\/11\/thomas-gil-e1700695978919.png","datePublished":"2023-11-22T23:31:26+00:00","dateModified":"2023-11-22T23:33:07+00:00","breadcrumb":{"@id":"https:\/\/apuntesdesanluis.com\/index.php\/2023\/11\/22\/estudiante-puntano-obtuvo-importante-distincion-en-concurso-nacional-de-microrrelatos\/#breadcrumb"},"inLanguage":"es-AR","potentialAction":[{"@type":"ReadAction","target":["https:\/\/apuntesdesanluis.com\/index.php\/2023\/11\/22\/estudiante-puntano-obtuvo-importante-distincion-en-concurso-nacional-de-microrrelatos\/"]}]},{"@type":"ImageObject","inLanguage":"es-AR","@id":"https:\/\/apuntesdesanluis.com\/index.php\/2023\/11\/22\/estudiante-puntano-obtuvo-importante-distincion-en-concurso-nacional-de-microrrelatos\/#primaryimage","url":"https:\/\/apuntesdesanluis.com\/wp-content\/uploads\/2023\/11\/thomas-gil-e1700695978919.png","contentUrl":"https:\/\/apuntesdesanluis.com\/wp-content\/uploads\/2023\/11\/thomas-gil-e1700695978919.png","width":631,"height":372},{"@type":"BreadcrumbList","@id":"https:\/\/apuntesdesanluis.com\/index.php\/2023\/11\/22\/estudiante-puntano-obtuvo-importante-distincion-en-concurso-nacional-de-microrrelatos\/#breadcrumb","itemListElement":[{"@type":"ListItem","position":1,"name":"Inicio","item":"https:\/\/apuntesdesanluis.com\/"},{"@type":"ListItem","position":2,"name":"ESTUDIANTE PUNTANO OBTUVO IMPORTANTE DISTINCI\u00d3N EN CONCURSO NACIONAL DE MICRORRELATOS"}]},{"@type":"WebSite","@id":"https:\/\/apuntesdesanluis.com\/#website","url":"https:\/\/apuntesdesanluis.com\/","name":"Apuntes de San Luis","description":"","publisher":{"@id":"https:\/\/apuntesdesanluis.com\/#\/schema\/person\/b55151d52296fcce64d1a72538a70b90"},"potentialAction":[{"@type":"SearchAction","target":{"@type":"EntryPoint","urlTemplate":"https:\/\/apuntesdesanluis.com\/?s={search_term_string}"},"query-input":{"@type":"PropertyValueSpecification","valueRequired":true,"valueName":"search_term_string"}}],"inLanguage":"es-AR"},{"@type":["Person","Organization"],"@id":"https:\/\/apuntesdesanluis.com\/#\/schema\/person\/b55151d52296fcce64d1a72538a70b90","name":"apuntesdesanluis.com","image":{"@type":"ImageObject","inLanguage":"es-AR","@id":"https:\/\/apuntesdesanluis.com\/#\/schema\/person\/image\/","url":"https:\/\/apuntesdesanluis.com\/wp-content\/uploads\/2023\/07\/cropped-apuntesdesanluis.png","contentUrl":"https:\/\/apuntesdesanluis.com\/wp-content\/uploads\/2023\/07\/cropped-apuntesdesanluis.png","width":450,"height":112,"caption":"apuntesdesanluis.com"},"logo":{"@id":"https:\/\/apuntesdesanluis.com\/#\/schema\/person\/image\/"},"sameAs":["https:\/\/apuntesdesanluis.com"],"url":"https:\/\/apuntesdesanluis.com\/index.php\/author\/apuntesdesanluis-com\/"}]}},"featured_image_urls":{"full":["https:\/\/apuntesdesanluis.com\/wp-content\/uploads\/2023\/11\/thomas-gil-e1700695978919.png",631,372,false],"thumbnail":["https:\/\/apuntesdesanluis.com\/wp-content\/uploads\/2023\/11\/thomas-gil-e1700695978919-150x150.png",150,150,true],"medium":["https:\/\/apuntesdesanluis.com\/wp-content\/uploads\/2023\/11\/thomas-gil-e1700695978919-300x177.png",300,177,true],"medium_large":["https:\/\/apuntesdesanluis.com\/wp-content\/uploads\/2023\/11\/thomas-gil-e1700695978919.png",631,372,false],"large":["https:\/\/apuntesdesanluis.com\/wp-content\/uploads\/2023\/11\/thomas-gil-e1700695978919.png",631,372,false],"1536x1536":["https:\/\/apuntesdesanluis.com\/wp-content\/uploads\/2023\/11\/thomas-gil-e1700695978919.png",631,372,false],"2048x2048":["https:\/\/apuntesdesanluis.com\/wp-content\/uploads\/2023\/11\/thomas-gil-e1700695978919.png",631,372,false],"newsever-slider-full":["https:\/\/apuntesdesanluis.com\/wp-content\/uploads\/2023\/11\/thomas-gil-e1700695978919.png",631,372,false],"newsever-featured":["https:\/\/apuntesdesanluis.com\/wp-content\/uploads\/2023\/11\/thomas-gil-e1700695978919.png",631,372,false],"newsever-medium":["https:\/\/apuntesdesanluis.com\/wp-content\/uploads\/2023\/11\/thomas-gil-e1700695978919.png",631,372,false]},"author_info":{"display_name":"apuntesdesanluis.com","author_link":"https:\/\/apuntesdesanluis.com\/index.php\/author\/apuntesdesanluis-com\/"},"category_info":"<a href=\"https:\/\/apuntesdesanluis.com\/index.php\/category\/ciudad-provincia\/\" rel=\"category tag\">Ciudad\/Provincia<\/a>","tag_info":"Ciudad\/Provincia","comment_count":"0","_links":{"self":[{"href":"https:\/\/apuntesdesanluis.com\/index.php\/wp-json\/wp\/v2\/posts\/7219","targetHints":{"allow":["GET"]}}],"collection":[{"href":"https:\/\/apuntesdesanluis.com\/index.php\/wp-json\/wp\/v2\/posts"}],"about":[{"href":"https:\/\/apuntesdesanluis.com\/index.php\/wp-json\/wp\/v2\/types\/post"}],"author":[{"embeddable":true,"href":"https:\/\/apuntesdesanluis.com\/index.php\/wp-json\/wp\/v2\/users\/1"}],"replies":[{"embeddable":true,"href":"https:\/\/apuntesdesanluis.com\/index.php\/wp-json\/wp\/v2\/comments?post=7219"}],"version-history":[{"count":1,"href":"https:\/\/apuntesdesanluis.com\/index.php\/wp-json\/wp\/v2\/posts\/7219\/revisions"}],"predecessor-version":[{"id":7221,"href":"https:\/\/apuntesdesanluis.com\/index.php\/wp-json\/wp\/v2\/posts\/7219\/revisions\/7221"}],"wp:featuredmedia":[{"embeddable":true,"href":"https:\/\/apuntesdesanluis.com\/index.php\/wp-json\/wp\/v2\/media\/7220"}],"wp:attachment":[{"href":"https:\/\/apuntesdesanluis.com\/index.php\/wp-json\/wp\/v2\/media?parent=7219"}],"wp:term":[{"taxonomy":"category","embeddable":true,"href":"https:\/\/apuntesdesanluis.com\/index.php\/wp-json\/wp\/v2\/categories?post=7219"},{"taxonomy":"post_tag","embeddable":true,"href":"https:\/\/apuntesdesanluis.com\/index.php\/wp-json\/wp\/v2\/tags?post=7219"}],"curies":[{"name":"wp","href":"https:\/\/api.w.org\/{rel}","templated":true}]}}