{"id":7226,"date":"2023-11-22T20:47:16","date_gmt":"2023-11-22T23:47:16","guid":{"rendered":"https:\/\/apuntesdesanluis.com\/?p=7226"},"modified":"2023-11-22T20:47:16","modified_gmt":"2023-11-22T23:47:16","slug":"caso-chocolate-arrestaron-a-otras-tres-personas-y-manana-declararian-los-albini-ante-la-fiscal","status":"publish","type":"post","link":"https:\/\/apuntesdesanluis.com\/index.php\/2023\/11\/22\/caso-chocolate-arrestaron-a-otras-tres-personas-y-manana-declararian-los-albini-ante-la-fiscal\/","title":{"rendered":"CASO CHOCOLATE: ARRESTARON A OTRAS TRES PERSONAS Y MA\u00d1ANA DECLARAR\u00cdAN LOS ALBINI ANTE LA FISCAL"},"content":{"rendered":"<h3>El concejal platense <strong>Facundo Albini<\/strong> (foto) y su padre, <strong>Claudio Albini<\/strong>, que durante a\u00f1os se desempe\u00f1\u00f3 como subjefe en la Direcci\u00f3n de Personal de la C\u00e1mara de Diputados bonaerense, declarar\u00edan ma\u00f1ana ante la fiscal Betina Lacki luego de entregarse y quedar detenidos. Este mi\u00e9rcoles declararon nueve personas que fueron detenidos durante los allanamientos de ayer, pero todos se negaron a contestar preguntas, pudo saber Infobae de fuentes judiciales.<\/h3>\n<h3>Facundo Albini dijo en declaraciones al diario La Naci\u00f3n que quiere \u201chablar\u201d con el juez Guillermo Atencio pero la indagatoria se realiza ante la fiscal. \u201cSi quieren hablar con el juez lo puede hacer pero es una charla informal\u201d, aclar\u00f3 una fuente de la investigaci\u00f3n. Y agreg\u00f3: \u201cHasta ahora no hubo ning\u00fan pedido, informal ni formal, de su abogado defensor\u201d<\/h3>\n<h3>Los Albini se entregaron esta ma\u00f1ana en La Plata y quedaron detenidos luego de la orden que dict\u00f3 ayer el juez Guillermo Atencio en la causa en la que se investiga el uso de tarjetas de d\u00e9bito del puntero Julio \u201cChocolate\u201d Rigau.<\/h3>\n<h3>La maniobra de defraudaci\u00f3n, superior a los 800 millones de pesos, habr\u00eda comenzado al menos en 2021, con decenas de contratos, y no se descarta la participaci\u00f3n de varios legisladores, seg\u00fan la investigaci\u00f3n en curso. \u201cEsos contratos son concedidos a los distintos legisladores por lo que posiblemente, con el avance de la investigacio\u0301n, podra\u0301n ser identificados los jefes de la organizacio\u0301n delictiva\u201d, dijo Atencio en una resoluci\u00f3n de 22 carillas que dict\u00f3 ayer.<\/h3>\n<h3>Facundo Albini acaba de renovar su banca como concejal de La Plata, en la lista que encabez\u00f3 Julio Alak, y fue director de Control y Gesti\u00f3n de la Secretar\u00eda Administrativa de la Legislatura.<\/h3>\n<h3>Al momento de justificar su detenci\u00f3n, el juez Atencio destac\u00f3 \u201cel vi\u0301nculo de parentesco con Claudio Gustavo Albini, de quien resulta ser hijo, lo posiciono\u0301 en un lugar privilegiado dentro de la misma y le permitio\u0301 intervenir con Julio Rigau a los fines de exigirle el rendimiento de cuentas ante su progenitor\u201d.<\/h3>\n<h3>La detenci\u00f3n de los Albini, acusados de los delitos de fraude y asociaci\u00f3n il\u00edcita, hab\u00eda sido pedida por la fiscal Betina Lacki y luego por la Fundaci\u00f3n Poder Ciudadano. Adem\u00e1s de su arresto, el juez pidi\u00f3 que les secuestren los celulares.<\/h3>\n<h3>Luego de las elecciones, Atencio decidi\u00f3 avanzar con las detenciones de los Albini y de 15 due\u00f1os de las tarjetas de d\u00e9bito que ten\u00eda \u201cChocolate\u201d cuando fue detenido, el 9 de septiembre. De esas 15 personas, la Polic\u00eda Federal ya logr\u00f3 detener a 12. De ese total, nueve fueron indagados hoy pero se negaron a contestar preguntas.<\/h3>\n<h3><img fetchpriority=\"high\" decoding=\"async\" class=\"wp-image-4980 aligncenter\" src=\"https:\/\/apuntesdesanluis.com\/wp-content\/uploads\/2023\/10\/chocolate-rigau-300x186.png\" alt=\"\" width=\"832\" height=\"516\" srcset=\"https:\/\/apuntesdesanluis.com\/wp-content\/uploads\/2023\/10\/chocolate-rigau-300x186.png 300w, https:\/\/apuntesdesanluis.com\/wp-content\/uploads\/2023\/10\/chocolate-rigau.png 600w\" sizes=\"(max-width: 832px) 100vw, 832px\" \/><\/h3>\n<h4 style=\"text-align: center;\"><em>Julio &#8220;Chocolate&#8221; Rigau.<\/em><\/h4>\n<h3>Adem\u00e1s de las detenciones, el juez Atencio orden\u00f3 ayer la inhibicio\u0301n general de las cuentas bancarias vinculadas a las 49 tarjetas de de\u0301bito incautadas en la detenci\u00f3n de Rigau y de la cuenta de Claudio Albini, que tuvo un cargo clave en la Legislatura bonaerense.<\/h3>\n<h3>Seg\u00fan se desprende de los mensajes que se extrajeron del celular del puntero, los Albini eran los \u201cjefes\u201d de Rigau. De hecho, Rigau ten\u00eda varios intercambios con Facundo, que estaba agendado como \u201cFacu\u201d.<\/h3>\n<h3>El informe preliminar sobre el tel\u00e9fono muestra una conversaci\u00f3n del 27 de agosto pasado, dos semanas antes de la detenci\u00f3n, donde \u201cFacu\u201d le envi\u0301a varios mensajes reclama\u0301ndole que si Rigau no quiere trabajar ma\u0301s con e\u0301l que se lo diga y quedan en buenas relaciones. Ante la falta de respuesta, Albini le habla de dinero: \u201cTe llevas 200 por mes hace 3 an\u0303os y, cuando te necesito, no est\u00e1s. Siento que me est\u00e1s faltando el respeto a m\u00ed y a la amistad que tenemos y no quiero terminar mal con vos\u201d.<\/h3>\n<h3>Hay m\u00e1s. El 5 de septiembre, apenas cuatro d\u00edas antes de su detenci\u00f3n, Rigau le mand\u00f3 a Albini una foto de un comprobante de movimientos bancarios. Ese mismo comprobante estaba entre los tickets secuestrados a \u201cChocolate\u201d el d\u00eda de su detenci\u00f3n.<\/h3>\n<p>&nbsp;<\/p>\n<p>&nbsp;<\/p>\n<p>&nbsp;<\/p>\n<p>&nbsp;<\/p>\n","protected":false},"excerpt":{"rendered":"<p>El concejal platense Facundo Albini (foto) y su padre, Claudio Albini, que durante a\u00f1os se&#8230;<\/p>\n","protected":false},"author":1,"featured_media":7227,"comment_status":"closed","ping_status":"closed","sticky":false,"template":"","format":"standard","meta":{"footnotes":""},"categories":[5],"tags":[],"class_list":["post-7226","post","type-post","status-publish","format-standard","has-post-thumbnail","hentry","category-nacionales-internacionales"],"yoast_head":"<!-- This site is optimized with the Yoast SEO plugin v26.1.1 - https:\/\/yoast.com\/wordpress\/plugins\/seo\/ -->\n<title>CASO CHOCOLATE: ARRESTARON A OTRAS TRES PERSONAS Y MA\u00d1ANA DECLARAR\u00cdAN LOS ALBINI ANTE LA FISCAL - Apuntes de San Luis<\/title>\n<meta name=\"robots\" content=\"index, follow, max-snippet:-1, max-image-preview:large, max-video-preview:-1\" \/>\n<link rel=\"canonical\" href=\"https:\/\/apuntesdesanluis.com\/index.php\/2023\/11\/22\/caso-chocolate-arrestaron-a-otras-tres-personas-y-manana-declararian-los-albini-ante-la-fiscal\/\" \/>\n<meta property=\"og:locale\" content=\"es_ES\" \/>\n<meta property=\"og:type\" content=\"article\" \/>\n<meta property=\"og:title\" content=\"CASO CHOCOLATE: ARRESTARON A OTRAS TRES PERSONAS Y MA\u00d1ANA DECLARAR\u00cdAN LOS ALBINI ANTE LA FISCAL - Apuntes de San Luis\" \/>\n<meta property=\"og:description\" content=\"El concejal platense Facundo Albini (foto) y su padre, Claudio Albini, que durante a\u00f1os se...\" \/>\n<meta property=\"og:url\" content=\"https:\/\/apuntesdesanluis.com\/index.php\/2023\/11\/22\/caso-chocolate-arrestaron-a-otras-tres-personas-y-manana-declararian-los-albini-ante-la-fiscal\/\" \/>\n<meta property=\"og:site_name\" content=\"Apuntes de San Luis\" \/>\n<meta property=\"article:published_time\" content=\"2023-11-22T23:47:16+00:00\" \/>\n<meta property=\"og:image\" content=\"https:\/\/apuntesdesanluis.com\/wp-content\/uploads\/2023\/11\/facundo-albini.png\" \/>\n\t<meta property=\"og:image:width\" content=\"834\" \/>\n\t<meta property=\"og:image:height\" content=\"471\" \/>\n\t<meta property=\"og:image:type\" content=\"image\/png\" \/>\n<meta name=\"author\" content=\"apuntesdesanluis.com\" \/>\n<meta name=\"twitter:card\" content=\"summary_large_image\" \/>\n<meta name=\"twitter:label1\" content=\"Escrito por\" \/>\n\t<meta name=\"twitter:data1\" content=\"apuntesdesanluis.com\" \/>\n\t<meta name=\"twitter:label2\" content=\"Tiempo de lectura\" \/>\n\t<meta name=\"twitter:data2\" content=\"4 minutos\" \/>\n<script type=\"application\/ld+json\" class=\"yoast-schema-graph\">{\"@context\":\"https:\/\/schema.org\",\"@graph\":[{\"@type\":\"Article\",\"@id\":\"https:\/\/apuntesdesanluis.com\/index.php\/2023\/11\/22\/caso-chocolate-arrestaron-a-otras-tres-personas-y-manana-declararian-los-albini-ante-la-fiscal\/#article\",\"isPartOf\":{\"@id\":\"https:\/\/apuntesdesanluis.com\/index.php\/2023\/11\/22\/caso-chocolate-arrestaron-a-otras-tres-personas-y-manana-declararian-los-albini-ante-la-fiscal\/\"},\"author\":{\"name\":\"apuntesdesanluis.com\",\"@id\":\"https:\/\/apuntesdesanluis.com\/#\/schema\/person\/b55151d52296fcce64d1a72538a70b90\"},\"headline\":\"CASO CHOCOLATE: ARRESTARON A OTRAS TRES PERSONAS Y MA\u00d1ANA DECLARAR\u00cdAN LOS ALBINI ANTE LA FISCAL\",\"datePublished\":\"2023-11-22T23:47:16+00:00\",\"mainEntityOfPage\":{\"@id\":\"https:\/\/apuntesdesanluis.com\/index.php\/2023\/11\/22\/caso-chocolate-arrestaron-a-otras-tres-personas-y-manana-declararian-los-albini-ante-la-fiscal\/\"},\"wordCount\":703,\"publisher\":{\"@id\":\"https:\/\/apuntesdesanluis.com\/#\/schema\/person\/b55151d52296fcce64d1a72538a70b90\"},\"image\":{\"@id\":\"https:\/\/apuntesdesanluis.com\/index.php\/2023\/11\/22\/caso-chocolate-arrestaron-a-otras-tres-personas-y-manana-declararian-los-albini-ante-la-fiscal\/#primaryimage\"},\"thumbnailUrl\":\"https:\/\/apuntesdesanluis.com\/wp-content\/uploads\/2023\/11\/facundo-albini.png\",\"articleSection\":[\"Nacionales\/Internacionales\"],\"inLanguage\":\"es-AR\"},{\"@type\":\"WebPage\",\"@id\":\"https:\/\/apuntesdesanluis.com\/index.php\/2023\/11\/22\/caso-chocolate-arrestaron-a-otras-tres-personas-y-manana-declararian-los-albini-ante-la-fiscal\/\",\"url\":\"https:\/\/apuntesdesanluis.com\/index.php\/2023\/11\/22\/caso-chocolate-arrestaron-a-otras-tres-personas-y-manana-declararian-los-albini-ante-la-fiscal\/\",\"name\":\"CASO CHOCOLATE: ARRESTARON A OTRAS TRES PERSONAS Y MA\u00d1ANA DECLARAR\u00cdAN LOS ALBINI ANTE LA FISCAL - Apuntes de San Luis\",\"isPartOf\":{\"@id\":\"https:\/\/apuntesdesanluis.com\/#website\"},\"primaryImageOfPage\":{\"@id\":\"https:\/\/apuntesdesanluis.com\/index.php\/2023\/11\/22\/caso-chocolate-arrestaron-a-otras-tres-personas-y-manana-declararian-los-albini-ante-la-fiscal\/#primaryimage\"},\"image\":{\"@id\":\"https:\/\/apuntesdesanluis.com\/index.php\/2023\/11\/22\/caso-chocolate-arrestaron-a-otras-tres-personas-y-manana-declararian-los-albini-ante-la-fiscal\/#primaryimage\"},\"thumbnailUrl\":\"https:\/\/apuntesdesanluis.com\/wp-content\/uploads\/2023\/11\/facundo-albini.png\",\"datePublished\":\"2023-11-22T23:47:16+00:00\",\"breadcrumb\":{\"@id\":\"https:\/\/apuntesdesanluis.com\/index.php\/2023\/11\/22\/caso-chocolate-arrestaron-a-otras-tres-personas-y-manana-declararian-los-albini-ante-la-fiscal\/#breadcrumb\"},\"inLanguage\":\"es-AR\",\"potentialAction\":[{\"@type\":\"ReadAction\",\"target\":[\"https:\/\/apuntesdesanluis.com\/index.php\/2023\/11\/22\/caso-chocolate-arrestaron-a-otras-tres-personas-y-manana-declararian-los-albini-ante-la-fiscal\/\"]}]},{\"@type\":\"ImageObject\",\"inLanguage\":\"es-AR\",\"@id\":\"https:\/\/apuntesdesanluis.com\/index.php\/2023\/11\/22\/caso-chocolate-arrestaron-a-otras-tres-personas-y-manana-declararian-los-albini-ante-la-fiscal\/#primaryimage\",\"url\":\"https:\/\/apuntesdesanluis.com\/wp-content\/uploads\/2023\/11\/facundo-albini.png\",\"contentUrl\":\"https:\/\/apuntesdesanluis.com\/wp-content\/uploads\/2023\/11\/facundo-albini.png\",\"width\":834,\"height\":471},{\"@type\":\"BreadcrumbList\",\"@id\":\"https:\/\/apuntesdesanluis.com\/index.php\/2023\/11\/22\/caso-chocolate-arrestaron-a-otras-tres-personas-y-manana-declararian-los-albini-ante-la-fiscal\/#breadcrumb\",\"itemListElement\":[{\"@type\":\"ListItem\",\"position\":1,\"name\":\"Inicio\",\"item\":\"https:\/\/apuntesdesanluis.com\/\"},{\"@type\":\"ListItem\",\"position\":2,\"name\":\"CASO CHOCOLATE: ARRESTARON A OTRAS TRES PERSONAS Y MA\u00d1ANA DECLARAR\u00cdAN LOS ALBINI ANTE LA FISCAL\"}]},{\"@type\":\"WebSite\",\"@id\":\"https:\/\/apuntesdesanluis.com\/#website\",\"url\":\"https:\/\/apuntesdesanluis.com\/\",\"name\":\"Apuntes de San Luis\",\"description\":\"\",\"publisher\":{\"@id\":\"https:\/\/apuntesdesanluis.com\/#\/schema\/person\/b55151d52296fcce64d1a72538a70b90\"},\"potentialAction\":[{\"@type\":\"SearchAction\",\"target\":{\"@type\":\"EntryPoint\",\"urlTemplate\":\"https:\/\/apuntesdesanluis.com\/?s={search_term_string}\"},\"query-input\":{\"@type\":\"PropertyValueSpecification\",\"valueRequired\":true,\"valueName\":\"search_term_string\"}}],\"inLanguage\":\"es-AR\"},{\"@type\":[\"Person\",\"Organization\"],\"@id\":\"https:\/\/apuntesdesanluis.com\/#\/schema\/person\/b55151d52296fcce64d1a72538a70b90\",\"name\":\"apuntesdesanluis.com\",\"image\":{\"@type\":\"ImageObject\",\"inLanguage\":\"es-AR\",\"@id\":\"https:\/\/apuntesdesanluis.com\/#\/schema\/person\/image\/\",\"url\":\"https:\/\/apuntesdesanluis.com\/wp-content\/uploads\/2023\/07\/cropped-apuntesdesanluis.png\",\"contentUrl\":\"https:\/\/apuntesdesanluis.com\/wp-content\/uploads\/2023\/07\/cropped-apuntesdesanluis.png\",\"width\":450,\"height\":112,\"caption\":\"apuntesdesanluis.com\"},\"logo\":{\"@id\":\"https:\/\/apuntesdesanluis.com\/#\/schema\/person\/image\/\"},\"sameAs\":[\"https:\/\/apuntesdesanluis.com\"],\"url\":\"https:\/\/apuntesdesanluis.com\/index.php\/author\/apuntesdesanluis-com\/\"}]}<\/script>\n<!-- \/ Yoast SEO plugin. -->","yoast_head_json":{"title":"CASO CHOCOLATE: ARRESTARON A OTRAS TRES PERSONAS Y MA\u00d1ANA DECLARAR\u00cdAN LOS ALBINI ANTE LA FISCAL - Apuntes de San Luis","robots":{"index":"index","follow":"follow","max-snippet":"max-snippet:-1","max-image-preview":"max-image-preview:large","max-video-preview":"max-video-preview:-1"},"canonical":"https:\/\/apuntesdesanluis.com\/index.php\/2023\/11\/22\/caso-chocolate-arrestaron-a-otras-tres-personas-y-manana-declararian-los-albini-ante-la-fiscal\/","og_locale":"es_ES","og_type":"article","og_title":"CASO CHOCOLATE: ARRESTARON A OTRAS TRES PERSONAS Y MA\u00d1ANA DECLARAR\u00cdAN LOS ALBINI ANTE LA FISCAL - Apuntes de San Luis","og_description":"El concejal platense Facundo Albini (foto) y su padre, Claudio Albini, que durante a\u00f1os se...","og_url":"https:\/\/apuntesdesanluis.com\/index.php\/2023\/11\/22\/caso-chocolate-arrestaron-a-otras-tres-personas-y-manana-declararian-los-albini-ante-la-fiscal\/","og_site_name":"Apuntes de San Luis","article_published_time":"2023-11-22T23:47:16+00:00","og_image":[{"width":834,"height":471,"url":"https:\/\/apuntesdesanluis.com\/wp-content\/uploads\/2023\/11\/facundo-albini.png","type":"image\/png"}],"author":"apuntesdesanluis.com","twitter_card":"summary_large_image","twitter_misc":{"Escrito por":"apuntesdesanluis.com","Tiempo de lectura":"4 minutos"},"schema":{"@context":"https:\/\/schema.org","@graph":[{"@type":"Article","@id":"https:\/\/apuntesdesanluis.com\/index.php\/2023\/11\/22\/caso-chocolate-arrestaron-a-otras-tres-personas-y-manana-declararian-los-albini-ante-la-fiscal\/#article","isPartOf":{"@id":"https:\/\/apuntesdesanluis.com\/index.php\/2023\/11\/22\/caso-chocolate-arrestaron-a-otras-tres-personas-y-manana-declararian-los-albini-ante-la-fiscal\/"},"author":{"name":"apuntesdesanluis.com","@id":"https:\/\/apuntesdesanluis.com\/#\/schema\/person\/b55151d52296fcce64d1a72538a70b90"},"headline":"CASO CHOCOLATE: ARRESTARON A OTRAS TRES PERSONAS Y MA\u00d1ANA DECLARAR\u00cdAN LOS ALBINI ANTE LA FISCAL","datePublished":"2023-11-22T23:47:16+00:00","mainEntityOfPage":{"@id":"https:\/\/apuntesdesanluis.com\/index.php\/2023\/11\/22\/caso-chocolate-arrestaron-a-otras-tres-personas-y-manana-declararian-los-albini-ante-la-fiscal\/"},"wordCount":703,"publisher":{"@id":"https:\/\/apuntesdesanluis.com\/#\/schema\/person\/b55151d52296fcce64d1a72538a70b90"},"image":{"@id":"https:\/\/apuntesdesanluis.com\/index.php\/2023\/11\/22\/caso-chocolate-arrestaron-a-otras-tres-personas-y-manana-declararian-los-albini-ante-la-fiscal\/#primaryimage"},"thumbnailUrl":"https:\/\/apuntesdesanluis.com\/wp-content\/uploads\/2023\/11\/facundo-albini.png","articleSection":["Nacionales\/Internacionales"],"inLanguage":"es-AR"},{"@type":"WebPage","@id":"https:\/\/apuntesdesanluis.com\/index.php\/2023\/11\/22\/caso-chocolate-arrestaron-a-otras-tres-personas-y-manana-declararian-los-albini-ante-la-fiscal\/","url":"https:\/\/apuntesdesanluis.com\/index.php\/2023\/11\/22\/caso-chocolate-arrestaron-a-otras-tres-personas-y-manana-declararian-los-albini-ante-la-fiscal\/","name":"CASO CHOCOLATE: ARRESTARON A OTRAS TRES PERSONAS Y MA\u00d1ANA DECLARAR\u00cdAN LOS ALBINI ANTE LA FISCAL - Apuntes de San Luis","isPartOf":{"@id":"https:\/\/apuntesdesanluis.com\/#website"},"primaryImageOfPage":{"@id":"https:\/\/apuntesdesanluis.com\/index.php\/2023\/11\/22\/caso-chocolate-arrestaron-a-otras-tres-personas-y-manana-declararian-los-albini-ante-la-fiscal\/#primaryimage"},"image":{"@id":"https:\/\/apuntesdesanluis.com\/index.php\/2023\/11\/22\/caso-chocolate-arrestaron-a-otras-tres-personas-y-manana-declararian-los-albini-ante-la-fiscal\/#primaryimage"},"thumbnailUrl":"https:\/\/apuntesdesanluis.com\/wp-content\/uploads\/2023\/11\/facundo-albini.png","datePublished":"2023-11-22T23:47:16+00:00","breadcrumb":{"@id":"https:\/\/apuntesdesanluis.com\/index.php\/2023\/11\/22\/caso-chocolate-arrestaron-a-otras-tres-personas-y-manana-declararian-los-albini-ante-la-fiscal\/#breadcrumb"},"inLanguage":"es-AR","potentialAction":[{"@type":"ReadAction","target":["https:\/\/apuntesdesanluis.com\/index.php\/2023\/11\/22\/caso-chocolate-arrestaron-a-otras-tres-personas-y-manana-declararian-los-albini-ante-la-fiscal\/"]}]},{"@type":"ImageObject","inLanguage":"es-AR","@id":"https:\/\/apuntesdesanluis.com\/index.php\/2023\/11\/22\/caso-chocolate-arrestaron-a-otras-tres-personas-y-manana-declararian-los-albini-ante-la-fiscal\/#primaryimage","url":"https:\/\/apuntesdesanluis.com\/wp-content\/uploads\/2023\/11\/facundo-albini.png","contentUrl":"https:\/\/apuntesdesanluis.com\/wp-content\/uploads\/2023\/11\/facundo-albini.png","width":834,"height":471},{"@type":"BreadcrumbList","@id":"https:\/\/apuntesdesanluis.com\/index.php\/2023\/11\/22\/caso-chocolate-arrestaron-a-otras-tres-personas-y-manana-declararian-los-albini-ante-la-fiscal\/#breadcrumb","itemListElement":[{"@type":"ListItem","position":1,"name":"Inicio","item":"https:\/\/apuntesdesanluis.com\/"},{"@type":"ListItem","position":2,"name":"CASO CHOCOLATE: ARRESTARON A OTRAS TRES PERSONAS Y MA\u00d1ANA DECLARAR\u00cdAN LOS ALBINI ANTE LA FISCAL"}]},{"@type":"WebSite","@id":"https:\/\/apuntesdesanluis.com\/#website","url":"https:\/\/apuntesdesanluis.com\/","name":"Apuntes de San Luis","description":"","publisher":{"@id":"https:\/\/apuntesdesanluis.com\/#\/schema\/person\/b55151d52296fcce64d1a72538a70b90"},"potentialAction":[{"@type":"SearchAction","target":{"@type":"EntryPoint","urlTemplate":"https:\/\/apuntesdesanluis.com\/?s={search_term_string}"},"query-input":{"@type":"PropertyValueSpecification","valueRequired":true,"valueName":"search_term_string"}}],"inLanguage":"es-AR"},{"@type":["Person","Organization"],"@id":"https:\/\/apuntesdesanluis.com\/#\/schema\/person\/b55151d52296fcce64d1a72538a70b90","name":"apuntesdesanluis.com","image":{"@type":"ImageObject","inLanguage":"es-AR","@id":"https:\/\/apuntesdesanluis.com\/#\/schema\/person\/image\/","url":"https:\/\/apuntesdesanluis.com\/wp-content\/uploads\/2023\/07\/cropped-apuntesdesanluis.png","contentUrl":"https:\/\/apuntesdesanluis.com\/wp-content\/uploads\/2023\/07\/cropped-apuntesdesanluis.png","width":450,"height":112,"caption":"apuntesdesanluis.com"},"logo":{"@id":"https:\/\/apuntesdesanluis.com\/#\/schema\/person\/image\/"},"sameAs":["https:\/\/apuntesdesanluis.com"],"url":"https:\/\/apuntesdesanluis.com\/index.php\/author\/apuntesdesanluis-com\/"}]}},"featured_image_urls":{"full":["https:\/\/apuntesdesanluis.com\/wp-content\/uploads\/2023\/11\/facundo-albini.png",834,471,false],"thumbnail":["https:\/\/apuntesdesanluis.com\/wp-content\/uploads\/2023\/11\/facundo-albini-150x150.png",150,150,true],"medium":["https:\/\/apuntesdesanluis.com\/wp-content\/uploads\/2023\/11\/facundo-albini-300x169.png",300,169,true],"medium_large":["https:\/\/apuntesdesanluis.com\/wp-content\/uploads\/2023\/11\/facundo-albini-768x434.png",640,362,true],"large":["https:\/\/apuntesdesanluis.com\/wp-content\/uploads\/2023\/11\/facundo-albini.png",640,361,false],"1536x1536":["https:\/\/apuntesdesanluis.com\/wp-content\/uploads\/2023\/11\/facundo-albini.png",834,471,false],"2048x2048":["https:\/\/apuntesdesanluis.com\/wp-content\/uploads\/2023\/11\/facundo-albini.png",834,471,false],"newsever-slider-full":["https:\/\/apuntesdesanluis.com\/wp-content\/uploads\/2023\/11\/facundo-albini.png",834,471,false],"newsever-featured":["https:\/\/apuntesdesanluis.com\/wp-content\/uploads\/2023\/11\/facundo-albini.png",834,471,false],"newsever-medium":["https:\/\/apuntesdesanluis.com\/wp-content\/uploads\/2023\/11\/facundo-albini-720x471.png",720,471,true]},"author_info":{"display_name":"apuntesdesanluis.com","author_link":"https:\/\/apuntesdesanluis.com\/index.php\/author\/apuntesdesanluis-com\/"},"category_info":"<a href=\"https:\/\/apuntesdesanluis.com\/index.php\/category\/nacionales-internacionales\/\" rel=\"category tag\">Nacionales\/Internacionales<\/a>","tag_info":"Nacionales\/Internacionales","comment_count":"0","_links":{"self":[{"href":"https:\/\/apuntesdesanluis.com\/index.php\/wp-json\/wp\/v2\/posts\/7226","targetHints":{"allow":["GET"]}}],"collection":[{"href":"https:\/\/apuntesdesanluis.com\/index.php\/wp-json\/wp\/v2\/posts"}],"about":[{"href":"https:\/\/apuntesdesanluis.com\/index.php\/wp-json\/wp\/v2\/types\/post"}],"author":[{"embeddable":true,"href":"https:\/\/apuntesdesanluis.com\/index.php\/wp-json\/wp\/v2\/users\/1"}],"replies":[{"embeddable":true,"href":"https:\/\/apuntesdesanluis.com\/index.php\/wp-json\/wp\/v2\/comments?post=7226"}],"version-history":[{"count":1,"href":"https:\/\/apuntesdesanluis.com\/index.php\/wp-json\/wp\/v2\/posts\/7226\/revisions"}],"predecessor-version":[{"id":7228,"href":"https:\/\/apuntesdesanluis.com\/index.php\/wp-json\/wp\/v2\/posts\/7226\/revisions\/7228"}],"wp:featuredmedia":[{"embeddable":true,"href":"https:\/\/apuntesdesanluis.com\/index.php\/wp-json\/wp\/v2\/media\/7227"}],"wp:attachment":[{"href":"https:\/\/apuntesdesanluis.com\/index.php\/wp-json\/wp\/v2\/media?parent=7226"}],"wp:term":[{"taxonomy":"category","embeddable":true,"href":"https:\/\/apuntesdesanluis.com\/index.php\/wp-json\/wp\/v2\/categories?post=7226"},{"taxonomy":"post_tag","embeddable":true,"href":"https:\/\/apuntesdesanluis.com\/index.php\/wp-json\/wp\/v2\/tags?post=7226"}],"curies":[{"name":"wp","href":"https:\/\/api.w.org\/{rel}","templated":true}]}}