{"id":7235,"date":"2023-11-22T20:58:42","date_gmt":"2023-11-22T23:58:42","guid":{"rendered":"https:\/\/apuntesdesanluis.com\/?p=7235"},"modified":"2023-11-22T20:58:42","modified_gmt":"2023-11-22T23:58:42","slug":"cristina-kirchner-y-villarruel-se-reunieron-en-el-senado-por-la-transicion-fue-un-encuentro-historico","status":"publish","type":"post","link":"https:\/\/apuntesdesanluis.com\/index.php\/2023\/11\/22\/cristina-kirchner-y-villarruel-se-reunieron-en-el-senado-por-la-transicion-fue-un-encuentro-historico\/","title":{"rendered":"CRISTINA KIRCHNER Y VILLARRUEL SE REUNIERON EN EL SENADO POR LA TRANSICI\u00d3N: &#8220;FUE UN ENCUENTRO HIST\u00d3RICO&#8221;"},"content":{"rendered":"<h3>La vicepresidenta Cristina Kirchner recibi\u00f3 hoy a la vicepresidenta electa de La Libertad Avanza, Victoria Villarruel, en su despacho del Senado para comenzar la transici\u00f3n en ese cuerpo legislativo.<\/h3>\n<h3>La diputada nacional que asumir\u00e1 como vicepresidenta el 10 de diciembre ingres\u00f3 muy puntual a la C\u00e1mara alta por la calle Combate de los Pozos acompa\u00f1ada por tres colaboradores, y fue recibida por la vicepresidenta en ejercicio en un encuentro que dur\u00f3 menos de una hora y que no registr\u00f3 fotos.<\/h3>\n<p><iframe title=\"Villarruel y Fern\u00e1ndez de Kirchner tuvieron una \u201ccordial\u201d reuni\u00f3n de transici\u00f3n en el Senado\" width=\"640\" height=\"360\" src=\"https:\/\/www.youtube.com\/embed\/f2EkGdCgCqc?feature=oembed\" frameborder=\"0\" allow=\"accelerometer; autoplay; clipboard-write; encrypted-media; gyroscope; picture-in-picture; web-share\" referrerpolicy=\"strict-origin-when-cross-origin\" allowfullscreen><\/iframe><\/p>\n<h3>Durante la reuni\u00f3n se coordin\u00f3 la organizaci\u00f3n de la Asamblea Legislativa del 10 de diciembre y se repasaron los principales hechos de la gesti\u00f3n, seg\u00fan comunicaron fuentes cercanas a Cristina Kirchner.<\/h3>\n<h3>&#8220;Es una reuni\u00f3n hist\u00f3rica para todos los argentinos&#8221;, dijo Villarruel al tomar contacto con la prensa apenas finalizada la reuni\u00f3n, de cual se fue muy conforme.<\/h3>\n<h3>La diputada de La Libertad Avanza tambi\u00e9n calific\u00f3 el encuentro como &#8220;muy cordial&#8221; y adelant\u00f3 que va a &#8220;trabajar muy intensamente todo el verano&#8221; con todos los bloques para sacar las leyes que env\u00ede el Poder Ejecutivo.<\/h3>\n<h3>En este sentido, cae de maduro que una vez en funciones, Milei va a convocar a sesiones extraordinarias del Congreso.<\/h3>\n<h3>&#8220;Fue una reuni\u00f3n cordial donde hablamos de la transici\u00f3n que va a ser ordenada, respetuosa. La persona que (Cristina Kirchner) ha designado para ordenar la transici\u00f3n nos ha explicado el funcionamiento del Senado y los pasos a seguir en los siguientes d\u00edas&#8221;, explic\u00f3 Villarruel.<\/h3>\n<h3>La vicepresidenta electa coment\u00f3 que &#8220;ha sido todo dentro d los democr\u00e1tico, de lo cordial, del esfuerzo de ambas partes de tratar de llevar adelante una transici\u00f3n que sea en beneficio del pueblo argentino&#8221;.<\/h3>\n<h3>&#8220;Fue una charla amable, no nos conoc\u00edamos, pero pudimos conversar, pudimos conocernos, hablar de las cuestiones que hay por delante&#8221;, ponder\u00f3.<\/h3>\n<h3>&#8220;No hubo fotos pero la ciudadan\u00eda tiene que quedarse sumamente tranquila porque vamos a llevar adelante desde La Libertad Avanza y de la gesti\u00f3n saliente una transici\u00f3n ordenada en el Poder Legislativo&#8221;, agreg\u00f3.<\/h3>\n<h3>Los pr\u00f3ximos pasos ser\u00e1n la asunci\u00f3n de los senadores electos en una sesi\u00f3n con fecha no confirmada, luego la Asamblea Legislativa del 10 de diciembre para la asunci\u00f3n de la f\u00f3rmula presidencial y la designaci\u00f3n de las nuevas autoridades de la C\u00e1mara alta.<\/h3>\n<h3>De acuerdo a lo informado por fuentes de la presidencia del Senado, durante el encuentro con Villarruel la vicepresidenta destac\u00f3 que al asumir la gesti\u00f3n se recibi\u00f3 la obra social del personal legislativo (DAS) con $390 millones de d\u00e9ficit mensual y que luego del proceso de saneamiento y mejoras en la gesti\u00f3n se logr\u00f3 un super\u00e1vit equivalente a 5 meses de prestaciones, ampliando al mismo tiempo los servicios y prestaciones para los afiliados.<\/h3>\n<h3>Cristina Kirchner tambi\u00e9n le coment\u00f3 que en cuanto a los recursos humanos del Senado en la actualidad la c\u00e1mara alta cuenta con una n\u00f3mina de 400 empleados menos que la gesti\u00f3n anterior.<\/h3>\n<h3>Tambi\u00e9n le hizo un repaso a su sucesora sobre el estado de los avances y mejoras edilicias que se llevaron adelante durante la gesti\u00f3n, &#8220;con el objetivo de poner en valor los espacios de valor patrimonial y mejorar los espacios de trabajo del personal del Senado&#8221;.<\/h3>\n<h3>La reuni\u00f3n hab\u00eda sido coordinada por la secretaria Administrativa del Senado, Mar\u00eda Luz Alonso, quien por instrucciones de Cristina Kirchner se puso en contacto con el diputado electo Guillermo Montenegro, uno de los hombres del c\u00edrculo de mayor confianza de Villarruel, para acordar el d\u00eda y la hora de la audiencia.<\/h3>\n<h3>El encuentro protocolar generaba una fuerte expectativa por las notorias diferencias ideol\u00f3gicas entre la vicepresidenta en ejercicio y su sucesora en el cargo.<\/h3>\n<h3>La cumbre de vicepresidentas se produjo un d\u00eda despu\u00e9s de que el presidente saliente, Alberto Fern\u00e1ndez, recibiera a Milei en la Quinta de Olivos, donde mantuvieron un intercambio que el l\u00edder de La Libertad Avanza calific\u00f3 de &#8220;muy productivo&#8221; y &#8220;cordial&#8221;.<\/h3>\n<h3>Cristina Kirchner decidi\u00f3 promover el encuentro con Villarruel luego de suspender un viaje a N\u00e1poles, Italia, donde ten\u00eda previsto encabezar una clase magistral en una universidad sobre la &#8220;insatisfacci\u00f3n democr\u00e1tica&#8221;. Tambi\u00e9n exist\u00eda la posibilidad de una audiencia con el Papa Francisco en el Vaticano, aunque dicha cita nunca lleg\u00f3 a confirmarse.<\/h3>\n","protected":false},"excerpt":{"rendered":"<p>La vicepresidenta Cristina Kirchner recibi\u00f3 hoy a la vicepresidenta electa de La Libertad Avanza, Victoria&#8230;<\/p>\n","protected":false},"author":1,"featured_media":7236,"comment_status":"closed","ping_status":"closed","sticky":false,"template":"","format":"standard","meta":{"footnotes":""},"categories":[5],"tags":[],"class_list":["post-7235","post","type-post","status-publish","format-standard","has-post-thumbnail","hentry","category-nacionales-internacionales"],"yoast_head":"<!-- This site is optimized with the Yoast SEO plugin v26.1.1 - https:\/\/yoast.com\/wordpress\/plugins\/seo\/ -->\n<title>CRISTINA KIRCHNER Y VILLARRUEL SE REUNIERON EN EL SENADO POR LA TRANSICI\u00d3N: &quot;FUE UN ENCUENTRO HIST\u00d3RICO&quot; - Apuntes de San Luis<\/title>\n<meta name=\"robots\" content=\"index, follow, max-snippet:-1, max-image-preview:large, max-video-preview:-1\" \/>\n<link rel=\"canonical\" href=\"https:\/\/apuntesdesanluis.com\/index.php\/2023\/11\/22\/cristina-kirchner-y-villarruel-se-reunieron-en-el-senado-por-la-transicion-fue-un-encuentro-historico\/\" \/>\n<meta property=\"og:locale\" content=\"es_ES\" \/>\n<meta property=\"og:type\" content=\"article\" \/>\n<meta property=\"og:title\" content=\"CRISTINA KIRCHNER Y VILLARRUEL SE REUNIERON EN EL SENADO POR LA TRANSICI\u00d3N: &quot;FUE UN ENCUENTRO HIST\u00d3RICO&quot; - Apuntes de San Luis\" \/>\n<meta property=\"og:description\" content=\"La vicepresidenta Cristina Kirchner recibi\u00f3 hoy a la vicepresidenta electa de La Libertad Avanza, Victoria...\" \/>\n<meta property=\"og:url\" content=\"https:\/\/apuntesdesanluis.com\/index.php\/2023\/11\/22\/cristina-kirchner-y-villarruel-se-reunieron-en-el-senado-por-la-transicion-fue-un-encuentro-historico\/\" \/>\n<meta property=\"og:site_name\" content=\"Apuntes de San Luis\" \/>\n<meta property=\"article:published_time\" content=\"2023-11-22T23:58:42+00:00\" \/>\n<meta property=\"og:image\" content=\"https:\/\/apuntesdesanluis.com\/wp-content\/uploads\/2023\/11\/victoria-villarruel.png\" \/>\n\t<meta property=\"og:image:width\" content=\"600\" \/>\n\t<meta property=\"og:image:height\" content=\"344\" \/>\n\t<meta property=\"og:image:type\" content=\"image\/png\" \/>\n<meta name=\"author\" content=\"apuntesdesanluis.com\" \/>\n<meta name=\"twitter:card\" content=\"summary_large_image\" \/>\n<meta name=\"twitter:label1\" content=\"Escrito por\" \/>\n\t<meta name=\"twitter:data1\" content=\"apuntesdesanluis.com\" \/>\n\t<meta name=\"twitter:label2\" content=\"Tiempo de lectura\" \/>\n\t<meta name=\"twitter:data2\" content=\"4 minutos\" \/>\n<script type=\"application\/ld+json\" class=\"yoast-schema-graph\">{\"@context\":\"https:\/\/schema.org\",\"@graph\":[{\"@type\":\"Article\",\"@id\":\"https:\/\/apuntesdesanluis.com\/index.php\/2023\/11\/22\/cristina-kirchner-y-villarruel-se-reunieron-en-el-senado-por-la-transicion-fue-un-encuentro-historico\/#article\",\"isPartOf\":{\"@id\":\"https:\/\/apuntesdesanluis.com\/index.php\/2023\/11\/22\/cristina-kirchner-y-villarruel-se-reunieron-en-el-senado-por-la-transicion-fue-un-encuentro-historico\/\"},\"author\":{\"name\":\"apuntesdesanluis.com\",\"@id\":\"https:\/\/apuntesdesanluis.com\/#\/schema\/person\/b55151d52296fcce64d1a72538a70b90\"},\"headline\":\"CRISTINA KIRCHNER Y VILLARRUEL SE REUNIERON EN EL SENADO POR LA TRANSICI\u00d3N: &#8220;FUE UN ENCUENTRO HIST\u00d3RICO&#8221;\",\"datePublished\":\"2023-11-22T23:58:42+00:00\",\"mainEntityOfPage\":{\"@id\":\"https:\/\/apuntesdesanluis.com\/index.php\/2023\/11\/22\/cristina-kirchner-y-villarruel-se-reunieron-en-el-senado-por-la-transicion-fue-un-encuentro-historico\/\"},\"wordCount\":761,\"publisher\":{\"@id\":\"https:\/\/apuntesdesanluis.com\/#\/schema\/person\/b55151d52296fcce64d1a72538a70b90\"},\"image\":{\"@id\":\"https:\/\/apuntesdesanluis.com\/index.php\/2023\/11\/22\/cristina-kirchner-y-villarruel-se-reunieron-en-el-senado-por-la-transicion-fue-un-encuentro-historico\/#primaryimage\"},\"thumbnailUrl\":\"https:\/\/apuntesdesanluis.com\/wp-content\/uploads\/2023\/11\/victoria-villarruel.png\",\"articleSection\":[\"Nacionales\/Internacionales\"],\"inLanguage\":\"es-AR\"},{\"@type\":\"WebPage\",\"@id\":\"https:\/\/apuntesdesanluis.com\/index.php\/2023\/11\/22\/cristina-kirchner-y-villarruel-se-reunieron-en-el-senado-por-la-transicion-fue-un-encuentro-historico\/\",\"url\":\"https:\/\/apuntesdesanluis.com\/index.php\/2023\/11\/22\/cristina-kirchner-y-villarruel-se-reunieron-en-el-senado-por-la-transicion-fue-un-encuentro-historico\/\",\"name\":\"CRISTINA KIRCHNER Y VILLARRUEL SE REUNIERON EN EL SENADO POR LA TRANSICI\u00d3N: \\\"FUE UN ENCUENTRO HIST\u00d3RICO\\\" - Apuntes de San Luis\",\"isPartOf\":{\"@id\":\"https:\/\/apuntesdesanluis.com\/#website\"},\"primaryImageOfPage\":{\"@id\":\"https:\/\/apuntesdesanluis.com\/index.php\/2023\/11\/22\/cristina-kirchner-y-villarruel-se-reunieron-en-el-senado-por-la-transicion-fue-un-encuentro-historico\/#primaryimage\"},\"image\":{\"@id\":\"https:\/\/apuntesdesanluis.com\/index.php\/2023\/11\/22\/cristina-kirchner-y-villarruel-se-reunieron-en-el-senado-por-la-transicion-fue-un-encuentro-historico\/#primaryimage\"},\"thumbnailUrl\":\"https:\/\/apuntesdesanluis.com\/wp-content\/uploads\/2023\/11\/victoria-villarruel.png\",\"datePublished\":\"2023-11-22T23:58:42+00:00\",\"breadcrumb\":{\"@id\":\"https:\/\/apuntesdesanluis.com\/index.php\/2023\/11\/22\/cristina-kirchner-y-villarruel-se-reunieron-en-el-senado-por-la-transicion-fue-un-encuentro-historico\/#breadcrumb\"},\"inLanguage\":\"es-AR\",\"potentialAction\":[{\"@type\":\"ReadAction\",\"target\":[\"https:\/\/apuntesdesanluis.com\/index.php\/2023\/11\/22\/cristina-kirchner-y-villarruel-se-reunieron-en-el-senado-por-la-transicion-fue-un-encuentro-historico\/\"]}]},{\"@type\":\"ImageObject\",\"inLanguage\":\"es-AR\",\"@id\":\"https:\/\/apuntesdesanluis.com\/index.php\/2023\/11\/22\/cristina-kirchner-y-villarruel-se-reunieron-en-el-senado-por-la-transicion-fue-un-encuentro-historico\/#primaryimage\",\"url\":\"https:\/\/apuntesdesanluis.com\/wp-content\/uploads\/2023\/11\/victoria-villarruel.png\",\"contentUrl\":\"https:\/\/apuntesdesanluis.com\/wp-content\/uploads\/2023\/11\/victoria-villarruel.png\",\"width\":600,\"height\":344},{\"@type\":\"BreadcrumbList\",\"@id\":\"https:\/\/apuntesdesanluis.com\/index.php\/2023\/11\/22\/cristina-kirchner-y-villarruel-se-reunieron-en-el-senado-por-la-transicion-fue-un-encuentro-historico\/#breadcrumb\",\"itemListElement\":[{\"@type\":\"ListItem\",\"position\":1,\"name\":\"Inicio\",\"item\":\"https:\/\/apuntesdesanluis.com\/\"},{\"@type\":\"ListItem\",\"position\":2,\"name\":\"CRISTINA KIRCHNER Y VILLARRUEL SE REUNIERON EN EL SENADO POR LA TRANSICI\u00d3N: &#8220;FUE UN ENCUENTRO HIST\u00d3RICO&#8221;\"}]},{\"@type\":\"WebSite\",\"@id\":\"https:\/\/apuntesdesanluis.com\/#website\",\"url\":\"https:\/\/apuntesdesanluis.com\/\",\"name\":\"Apuntes de San Luis\",\"description\":\"\",\"publisher\":{\"@id\":\"https:\/\/apuntesdesanluis.com\/#\/schema\/person\/b55151d52296fcce64d1a72538a70b90\"},\"potentialAction\":[{\"@type\":\"SearchAction\",\"target\":{\"@type\":\"EntryPoint\",\"urlTemplate\":\"https:\/\/apuntesdesanluis.com\/?s={search_term_string}\"},\"query-input\":{\"@type\":\"PropertyValueSpecification\",\"valueRequired\":true,\"valueName\":\"search_term_string\"}}],\"inLanguage\":\"es-AR\"},{\"@type\":[\"Person\",\"Organization\"],\"@id\":\"https:\/\/apuntesdesanluis.com\/#\/schema\/person\/b55151d52296fcce64d1a72538a70b90\",\"name\":\"apuntesdesanluis.com\",\"image\":{\"@type\":\"ImageObject\",\"inLanguage\":\"es-AR\",\"@id\":\"https:\/\/apuntesdesanluis.com\/#\/schema\/person\/image\/\",\"url\":\"https:\/\/apuntesdesanluis.com\/wp-content\/uploads\/2023\/07\/cropped-apuntesdesanluis.png\",\"contentUrl\":\"https:\/\/apuntesdesanluis.com\/wp-content\/uploads\/2023\/07\/cropped-apuntesdesanluis.png\",\"width\":450,\"height\":112,\"caption\":\"apuntesdesanluis.com\"},\"logo\":{\"@id\":\"https:\/\/apuntesdesanluis.com\/#\/schema\/person\/image\/\"},\"sameAs\":[\"https:\/\/apuntesdesanluis.com\"],\"url\":\"https:\/\/apuntesdesanluis.com\/index.php\/author\/apuntesdesanluis-com\/\"}]}<\/script>\n<!-- \/ Yoast SEO plugin. -->","yoast_head_json":{"title":"CRISTINA KIRCHNER Y VILLARRUEL SE REUNIERON EN EL SENADO POR LA TRANSICI\u00d3N: \"FUE UN ENCUENTRO HIST\u00d3RICO\" - Apuntes de San Luis","robots":{"index":"index","follow":"follow","max-snippet":"max-snippet:-1","max-image-preview":"max-image-preview:large","max-video-preview":"max-video-preview:-1"},"canonical":"https:\/\/apuntesdesanluis.com\/index.php\/2023\/11\/22\/cristina-kirchner-y-villarruel-se-reunieron-en-el-senado-por-la-transicion-fue-un-encuentro-historico\/","og_locale":"es_ES","og_type":"article","og_title":"CRISTINA KIRCHNER Y VILLARRUEL SE REUNIERON EN EL SENADO POR LA TRANSICI\u00d3N: \"FUE UN ENCUENTRO HIST\u00d3RICO\" - Apuntes de San Luis","og_description":"La vicepresidenta Cristina Kirchner recibi\u00f3 hoy a la vicepresidenta electa de La Libertad Avanza, Victoria...","og_url":"https:\/\/apuntesdesanluis.com\/index.php\/2023\/11\/22\/cristina-kirchner-y-villarruel-se-reunieron-en-el-senado-por-la-transicion-fue-un-encuentro-historico\/","og_site_name":"Apuntes de San Luis","article_published_time":"2023-11-22T23:58:42+00:00","og_image":[{"width":600,"height":344,"url":"https:\/\/apuntesdesanluis.com\/wp-content\/uploads\/2023\/11\/victoria-villarruel.png","type":"image\/png"}],"author":"apuntesdesanluis.com","twitter_card":"summary_large_image","twitter_misc":{"Escrito por":"apuntesdesanluis.com","Tiempo de lectura":"4 minutos"},"schema":{"@context":"https:\/\/schema.org","@graph":[{"@type":"Article","@id":"https:\/\/apuntesdesanluis.com\/index.php\/2023\/11\/22\/cristina-kirchner-y-villarruel-se-reunieron-en-el-senado-por-la-transicion-fue-un-encuentro-historico\/#article","isPartOf":{"@id":"https:\/\/apuntesdesanluis.com\/index.php\/2023\/11\/22\/cristina-kirchner-y-villarruel-se-reunieron-en-el-senado-por-la-transicion-fue-un-encuentro-historico\/"},"author":{"name":"apuntesdesanluis.com","@id":"https:\/\/apuntesdesanluis.com\/#\/schema\/person\/b55151d52296fcce64d1a72538a70b90"},"headline":"CRISTINA KIRCHNER Y VILLARRUEL SE REUNIERON EN EL SENADO POR LA TRANSICI\u00d3N: &#8220;FUE UN ENCUENTRO HIST\u00d3RICO&#8221;","datePublished":"2023-11-22T23:58:42+00:00","mainEntityOfPage":{"@id":"https:\/\/apuntesdesanluis.com\/index.php\/2023\/11\/22\/cristina-kirchner-y-villarruel-se-reunieron-en-el-senado-por-la-transicion-fue-un-encuentro-historico\/"},"wordCount":761,"publisher":{"@id":"https:\/\/apuntesdesanluis.com\/#\/schema\/person\/b55151d52296fcce64d1a72538a70b90"},"image":{"@id":"https:\/\/apuntesdesanluis.com\/index.php\/2023\/11\/22\/cristina-kirchner-y-villarruel-se-reunieron-en-el-senado-por-la-transicion-fue-un-encuentro-historico\/#primaryimage"},"thumbnailUrl":"https:\/\/apuntesdesanluis.com\/wp-content\/uploads\/2023\/11\/victoria-villarruel.png","articleSection":["Nacionales\/Internacionales"],"inLanguage":"es-AR"},{"@type":"WebPage","@id":"https:\/\/apuntesdesanluis.com\/index.php\/2023\/11\/22\/cristina-kirchner-y-villarruel-se-reunieron-en-el-senado-por-la-transicion-fue-un-encuentro-historico\/","url":"https:\/\/apuntesdesanluis.com\/index.php\/2023\/11\/22\/cristina-kirchner-y-villarruel-se-reunieron-en-el-senado-por-la-transicion-fue-un-encuentro-historico\/","name":"CRISTINA KIRCHNER Y VILLARRUEL SE REUNIERON EN EL SENADO POR LA TRANSICI\u00d3N: \"FUE UN ENCUENTRO HIST\u00d3RICO\" - Apuntes de San Luis","isPartOf":{"@id":"https:\/\/apuntesdesanluis.com\/#website"},"primaryImageOfPage":{"@id":"https:\/\/apuntesdesanluis.com\/index.php\/2023\/11\/22\/cristina-kirchner-y-villarruel-se-reunieron-en-el-senado-por-la-transicion-fue-un-encuentro-historico\/#primaryimage"},"image":{"@id":"https:\/\/apuntesdesanluis.com\/index.php\/2023\/11\/22\/cristina-kirchner-y-villarruel-se-reunieron-en-el-senado-por-la-transicion-fue-un-encuentro-historico\/#primaryimage"},"thumbnailUrl":"https:\/\/apuntesdesanluis.com\/wp-content\/uploads\/2023\/11\/victoria-villarruel.png","datePublished":"2023-11-22T23:58:42+00:00","breadcrumb":{"@id":"https:\/\/apuntesdesanluis.com\/index.php\/2023\/11\/22\/cristina-kirchner-y-villarruel-se-reunieron-en-el-senado-por-la-transicion-fue-un-encuentro-historico\/#breadcrumb"},"inLanguage":"es-AR","potentialAction":[{"@type":"ReadAction","target":["https:\/\/apuntesdesanluis.com\/index.php\/2023\/11\/22\/cristina-kirchner-y-villarruel-se-reunieron-en-el-senado-por-la-transicion-fue-un-encuentro-historico\/"]}]},{"@type":"ImageObject","inLanguage":"es-AR","@id":"https:\/\/apuntesdesanluis.com\/index.php\/2023\/11\/22\/cristina-kirchner-y-villarruel-se-reunieron-en-el-senado-por-la-transicion-fue-un-encuentro-historico\/#primaryimage","url":"https:\/\/apuntesdesanluis.com\/wp-content\/uploads\/2023\/11\/victoria-villarruel.png","contentUrl":"https:\/\/apuntesdesanluis.com\/wp-content\/uploads\/2023\/11\/victoria-villarruel.png","width":600,"height":344},{"@type":"BreadcrumbList","@id":"https:\/\/apuntesdesanluis.com\/index.php\/2023\/11\/22\/cristina-kirchner-y-villarruel-se-reunieron-en-el-senado-por-la-transicion-fue-un-encuentro-historico\/#breadcrumb","itemListElement":[{"@type":"ListItem","position":1,"name":"Inicio","item":"https:\/\/apuntesdesanluis.com\/"},{"@type":"ListItem","position":2,"name":"CRISTINA KIRCHNER Y VILLARRUEL SE REUNIERON EN EL SENADO POR LA TRANSICI\u00d3N: &#8220;FUE UN ENCUENTRO HIST\u00d3RICO&#8221;"}]},{"@type":"WebSite","@id":"https:\/\/apuntesdesanluis.com\/#website","url":"https:\/\/apuntesdesanluis.com\/","name":"Apuntes de San Luis","description":"","publisher":{"@id":"https:\/\/apuntesdesanluis.com\/#\/schema\/person\/b55151d52296fcce64d1a72538a70b90"},"potentialAction":[{"@type":"SearchAction","target":{"@type":"EntryPoint","urlTemplate":"https:\/\/apuntesdesanluis.com\/?s={search_term_string}"},"query-input":{"@type":"PropertyValueSpecification","valueRequired":true,"valueName":"search_term_string"}}],"inLanguage":"es-AR"},{"@type":["Person","Organization"],"@id":"https:\/\/apuntesdesanluis.com\/#\/schema\/person\/b55151d52296fcce64d1a72538a70b90","name":"apuntesdesanluis.com","image":{"@type":"ImageObject","inLanguage":"es-AR","@id":"https:\/\/apuntesdesanluis.com\/#\/schema\/person\/image\/","url":"https:\/\/apuntesdesanluis.com\/wp-content\/uploads\/2023\/07\/cropped-apuntesdesanluis.png","contentUrl":"https:\/\/apuntesdesanluis.com\/wp-content\/uploads\/2023\/07\/cropped-apuntesdesanluis.png","width":450,"height":112,"caption":"apuntesdesanluis.com"},"logo":{"@id":"https:\/\/apuntesdesanluis.com\/#\/schema\/person\/image\/"},"sameAs":["https:\/\/apuntesdesanluis.com"],"url":"https:\/\/apuntesdesanluis.com\/index.php\/author\/apuntesdesanluis-com\/"}]}},"featured_image_urls":{"full":["https:\/\/apuntesdesanluis.com\/wp-content\/uploads\/2023\/11\/victoria-villarruel.png",600,344,false],"thumbnail":["https:\/\/apuntesdesanluis.com\/wp-content\/uploads\/2023\/11\/victoria-villarruel-150x150.png",150,150,true],"medium":["https:\/\/apuntesdesanluis.com\/wp-content\/uploads\/2023\/11\/victoria-villarruel-300x172.png",300,172,true],"medium_large":["https:\/\/apuntesdesanluis.com\/wp-content\/uploads\/2023\/11\/victoria-villarruel.png",600,344,false],"large":["https:\/\/apuntesdesanluis.com\/wp-content\/uploads\/2023\/11\/victoria-villarruel.png",600,344,false],"1536x1536":["https:\/\/apuntesdesanluis.com\/wp-content\/uploads\/2023\/11\/victoria-villarruel.png",600,344,false],"2048x2048":["https:\/\/apuntesdesanluis.com\/wp-content\/uploads\/2023\/11\/victoria-villarruel.png",600,344,false],"newsever-slider-full":["https:\/\/apuntesdesanluis.com\/wp-content\/uploads\/2023\/11\/victoria-villarruel.png",600,344,false],"newsever-featured":["https:\/\/apuntesdesanluis.com\/wp-content\/uploads\/2023\/11\/victoria-villarruel.png",600,344,false],"newsever-medium":["https:\/\/apuntesdesanluis.com\/wp-content\/uploads\/2023\/11\/victoria-villarruel.png",600,344,false]},"author_info":{"display_name":"apuntesdesanluis.com","author_link":"https:\/\/apuntesdesanluis.com\/index.php\/author\/apuntesdesanluis-com\/"},"category_info":"<a href=\"https:\/\/apuntesdesanluis.com\/index.php\/category\/nacionales-internacionales\/\" rel=\"category tag\">Nacionales\/Internacionales<\/a>","tag_info":"Nacionales\/Internacionales","comment_count":"0","_links":{"self":[{"href":"https:\/\/apuntesdesanluis.com\/index.php\/wp-json\/wp\/v2\/posts\/7235","targetHints":{"allow":["GET"]}}],"collection":[{"href":"https:\/\/apuntesdesanluis.com\/index.php\/wp-json\/wp\/v2\/posts"}],"about":[{"href":"https:\/\/apuntesdesanluis.com\/index.php\/wp-json\/wp\/v2\/types\/post"}],"author":[{"embeddable":true,"href":"https:\/\/apuntesdesanluis.com\/index.php\/wp-json\/wp\/v2\/users\/1"}],"replies":[{"embeddable":true,"href":"https:\/\/apuntesdesanluis.com\/index.php\/wp-json\/wp\/v2\/comments?post=7235"}],"version-history":[{"count":1,"href":"https:\/\/apuntesdesanluis.com\/index.php\/wp-json\/wp\/v2\/posts\/7235\/revisions"}],"predecessor-version":[{"id":7237,"href":"https:\/\/apuntesdesanluis.com\/index.php\/wp-json\/wp\/v2\/posts\/7235\/revisions\/7237"}],"wp:featuredmedia":[{"embeddable":true,"href":"https:\/\/apuntesdesanluis.com\/index.php\/wp-json\/wp\/v2\/media\/7236"}],"wp:attachment":[{"href":"https:\/\/apuntesdesanluis.com\/index.php\/wp-json\/wp\/v2\/media?parent=7235"}],"wp:term":[{"taxonomy":"category","embeddable":true,"href":"https:\/\/apuntesdesanluis.com\/index.php\/wp-json\/wp\/v2\/categories?post=7235"},{"taxonomy":"post_tag","embeddable":true,"href":"https:\/\/apuntesdesanluis.com\/index.php\/wp-json\/wp\/v2\/tags?post=7235"}],"curies":[{"name":"wp","href":"https:\/\/api.w.org\/{rel}","templated":true}]}}