{"id":7238,"date":"2023-11-22T21:03:12","date_gmt":"2023-11-23T00:03:12","guid":{"rendered":"https:\/\/apuntesdesanluis.com\/?p=7238"},"modified":"2023-11-22T21:03:40","modified_gmt":"2023-11-23T00:03:40","slug":"segundo-encuentro-de-la-provincia-de-san-luis-cooperacion-entre-cooperativas-en-la-unsl-fcejs","status":"publish","type":"post","link":"https:\/\/apuntesdesanluis.com\/index.php\/2023\/11\/22\/segundo-encuentro-de-la-provincia-de-san-luis-cooperacion-entre-cooperativas-en-la-unsl-fcejs\/","title":{"rendered":"SEGUNDO ENCUENTRO DE LA PROVINCIA DE SAN LUIS \u201cCOOPERACI\u00d3N ENTRE COOPERATIVAS\u201d, EN LA UNSL-FCEJS"},"content":{"rendered":"<h3>La Secretar\u00eda de Extensi\u00f3n Universitaria de la <strong>FCEJS<\/strong>, informa que este viernes 24 de noviembre a partir de las 16 horas, se llevar\u00e1 a cabo en Villa Mercedes el Segundo Encuentro de la Provincia de San Luis <strong>\u201cCooperaci\u00f3n entre Cooperativas. Un Compromiso con la ciudadan\u00eda\u201d.<\/strong><\/h3>\n<h3>La convocatoria para este viernes es abierta todas las cooperativas de la zona, con entrada libre. Acreditaciones al llegar al Espacio Programas Especiales de la FCEJS, en Ruta Provincial 55 (ex 148) extremo Norte, Villa Mercedes.<\/h3>\n<h3>A partir del primer encuentro, realizado el mes pasado en el Microcine de la UNSL en ciudad de San Luis, surgi\u00f3 la idea de conformar una Red Provincial de Cooperativas, promover tareas de capacitaci\u00f3n, de mercado cooperativo y de movimiento cooperativo. Por ello, y para seguir sumando participantes, se llevar\u00e1 a cabo esta segunda reuni\u00f3n en la ciudad villamercedina.<\/h3>\n<p><img fetchpriority=\"high\" decoding=\"async\" class=\"wp-image-7239 aligncenter\" src=\"https:\/\/apuntesdesanluis.com\/wp-content\/uploads\/2023\/11\/cooperacion-300x171.png\" alt=\"\" width=\"763\" height=\"435\" srcset=\"https:\/\/apuntesdesanluis.com\/wp-content\/uploads\/2023\/11\/cooperacion-300x171.png 300w, https:\/\/apuntesdesanluis.com\/wp-content\/uploads\/2023\/11\/cooperacion.png 600w\" sizes=\"(max-width: 763px) 100vw, 763px\" \/><\/p>\n","protected":false},"excerpt":{"rendered":"<p>La Secretar\u00eda de Extensi\u00f3n Universitaria de la FCEJS, informa que este viernes 24 de noviembre&#8230;<\/p>\n","protected":false},"author":1,"featured_media":5493,"comment_status":"closed","ping_status":"closed","sticky":false,"template":"","format":"standard","meta":{"footnotes":""},"categories":[6],"tags":[],"class_list":["post-7238","post","type-post","status-publish","format-standard","has-post-thumbnail","hentry","category-ciudad-provincia"],"yoast_head":"<!-- This site is optimized with the Yoast SEO plugin v26.1.1 - https:\/\/yoast.com\/wordpress\/plugins\/seo\/ -->\n<title>SEGUNDO ENCUENTRO DE LA PROVINCIA DE SAN LUIS \u201cCOOPERACI\u00d3N ENTRE COOPERATIVAS\u201d, EN LA UNSL-FCEJS - Apuntes de San Luis<\/title>\n<meta name=\"robots\" content=\"index, follow, max-snippet:-1, max-image-preview:large, max-video-preview:-1\" \/>\n<link rel=\"canonical\" href=\"https:\/\/apuntesdesanluis.com\/index.php\/2023\/11\/22\/segundo-encuentro-de-la-provincia-de-san-luis-cooperacion-entre-cooperativas-en-la-unsl-fcejs\/\" \/>\n<meta property=\"og:locale\" content=\"es_ES\" \/>\n<meta property=\"og:type\" content=\"article\" \/>\n<meta property=\"og:title\" content=\"SEGUNDO ENCUENTRO DE LA PROVINCIA DE SAN LUIS \u201cCOOPERACI\u00d3N ENTRE COOPERATIVAS\u201d, EN LA UNSL-FCEJS - Apuntes de San Luis\" \/>\n<meta property=\"og:description\" content=\"La Secretar\u00eda de Extensi\u00f3n Universitaria de la FCEJS, informa que este viernes 24 de noviembre...\" \/>\n<meta property=\"og:url\" content=\"https:\/\/apuntesdesanluis.com\/index.php\/2023\/11\/22\/segundo-encuentro-de-la-provincia-de-san-luis-cooperacion-entre-cooperativas-en-la-unsl-fcejs\/\" \/>\n<meta property=\"og:site_name\" content=\"Apuntes de San Luis\" \/>\n<meta property=\"article:published_time\" content=\"2023-11-23T00:03:12+00:00\" \/>\n<meta property=\"article:modified_time\" content=\"2023-11-23T00:03:40+00:00\" \/>\n<meta property=\"og:image\" content=\"https:\/\/apuntesdesanluis.com\/wp-content\/uploads\/2023\/10\/centro-universitario-e1700697782573.png\" \/>\n\t<meta property=\"og:image:width\" content=\"469\" \/>\n\t<meta property=\"og:image:height\" content=\"235\" \/>\n\t<meta property=\"og:image:type\" content=\"image\/png\" \/>\n<meta name=\"author\" content=\"apuntesdesanluis.com\" \/>\n<meta name=\"twitter:card\" content=\"summary_large_image\" \/>\n<meta name=\"twitter:label1\" content=\"Escrito por\" \/>\n\t<meta name=\"twitter:data1\" content=\"apuntesdesanluis.com\" \/>\n\t<meta name=\"twitter:label2\" content=\"Tiempo de lectura\" \/>\n\t<meta name=\"twitter:data2\" content=\"1 minuto\" \/>\n<script type=\"application\/ld+json\" class=\"yoast-schema-graph\">{\"@context\":\"https:\/\/schema.org\",\"@graph\":[{\"@type\":\"Article\",\"@id\":\"https:\/\/apuntesdesanluis.com\/index.php\/2023\/11\/22\/segundo-encuentro-de-la-provincia-de-san-luis-cooperacion-entre-cooperativas-en-la-unsl-fcejs\/#article\",\"isPartOf\":{\"@id\":\"https:\/\/apuntesdesanluis.com\/index.php\/2023\/11\/22\/segundo-encuentro-de-la-provincia-de-san-luis-cooperacion-entre-cooperativas-en-la-unsl-fcejs\/\"},\"author\":{\"name\":\"apuntesdesanluis.com\",\"@id\":\"https:\/\/apuntesdesanluis.com\/#\/schema\/person\/b55151d52296fcce64d1a72538a70b90\"},\"headline\":\"SEGUNDO ENCUENTRO DE LA PROVINCIA DE SAN LUIS \u201cCOOPERACI\u00d3N ENTRE COOPERATIVAS\u201d, EN LA UNSL-FCEJS\",\"datePublished\":\"2023-11-23T00:03:12+00:00\",\"dateModified\":\"2023-11-23T00:03:40+00:00\",\"mainEntityOfPage\":{\"@id\":\"https:\/\/apuntesdesanluis.com\/index.php\/2023\/11\/22\/segundo-encuentro-de-la-provincia-de-san-luis-cooperacion-entre-cooperativas-en-la-unsl-fcejs\/\"},\"wordCount\":157,\"publisher\":{\"@id\":\"https:\/\/apuntesdesanluis.com\/#\/schema\/person\/b55151d52296fcce64d1a72538a70b90\"},\"image\":{\"@id\":\"https:\/\/apuntesdesanluis.com\/index.php\/2023\/11\/22\/segundo-encuentro-de-la-provincia-de-san-luis-cooperacion-entre-cooperativas-en-la-unsl-fcejs\/#primaryimage\"},\"thumbnailUrl\":\"https:\/\/apuntesdesanluis.com\/wp-content\/uploads\/2023\/10\/centro-universitario-e1700697782573.png\",\"articleSection\":[\"Ciudad\/Provincia\"],\"inLanguage\":\"es-AR\"},{\"@type\":\"WebPage\",\"@id\":\"https:\/\/apuntesdesanluis.com\/index.php\/2023\/11\/22\/segundo-encuentro-de-la-provincia-de-san-luis-cooperacion-entre-cooperativas-en-la-unsl-fcejs\/\",\"url\":\"https:\/\/apuntesdesanluis.com\/index.php\/2023\/11\/22\/segundo-encuentro-de-la-provincia-de-san-luis-cooperacion-entre-cooperativas-en-la-unsl-fcejs\/\",\"name\":\"SEGUNDO ENCUENTRO DE LA PROVINCIA DE SAN LUIS \u201cCOOPERACI\u00d3N ENTRE COOPERATIVAS\u201d, EN LA UNSL-FCEJS - Apuntes de San Luis\",\"isPartOf\":{\"@id\":\"https:\/\/apuntesdesanluis.com\/#website\"},\"primaryImageOfPage\":{\"@id\":\"https:\/\/apuntesdesanluis.com\/index.php\/2023\/11\/22\/segundo-encuentro-de-la-provincia-de-san-luis-cooperacion-entre-cooperativas-en-la-unsl-fcejs\/#primaryimage\"},\"image\":{\"@id\":\"https:\/\/apuntesdesanluis.com\/index.php\/2023\/11\/22\/segundo-encuentro-de-la-provincia-de-san-luis-cooperacion-entre-cooperativas-en-la-unsl-fcejs\/#primaryimage\"},\"thumbnailUrl\":\"https:\/\/apuntesdesanluis.com\/wp-content\/uploads\/2023\/10\/centro-universitario-e1700697782573.png\",\"datePublished\":\"2023-11-23T00:03:12+00:00\",\"dateModified\":\"2023-11-23T00:03:40+00:00\",\"breadcrumb\":{\"@id\":\"https:\/\/apuntesdesanluis.com\/index.php\/2023\/11\/22\/segundo-encuentro-de-la-provincia-de-san-luis-cooperacion-entre-cooperativas-en-la-unsl-fcejs\/#breadcrumb\"},\"inLanguage\":\"es-AR\",\"potentialAction\":[{\"@type\":\"ReadAction\",\"target\":[\"https:\/\/apuntesdesanluis.com\/index.php\/2023\/11\/22\/segundo-encuentro-de-la-provincia-de-san-luis-cooperacion-entre-cooperativas-en-la-unsl-fcejs\/\"]}]},{\"@type\":\"ImageObject\",\"inLanguage\":\"es-AR\",\"@id\":\"https:\/\/apuntesdesanluis.com\/index.php\/2023\/11\/22\/segundo-encuentro-de-la-provincia-de-san-luis-cooperacion-entre-cooperativas-en-la-unsl-fcejs\/#primaryimage\",\"url\":\"https:\/\/apuntesdesanluis.com\/wp-content\/uploads\/2023\/10\/centro-universitario-e1700697782573.png\",\"contentUrl\":\"https:\/\/apuntesdesanluis.com\/wp-content\/uploads\/2023\/10\/centro-universitario-e1700697782573.png\",\"width\":469,\"height\":235},{\"@type\":\"BreadcrumbList\",\"@id\":\"https:\/\/apuntesdesanluis.com\/index.php\/2023\/11\/22\/segundo-encuentro-de-la-provincia-de-san-luis-cooperacion-entre-cooperativas-en-la-unsl-fcejs\/#breadcrumb\",\"itemListElement\":[{\"@type\":\"ListItem\",\"position\":1,\"name\":\"Inicio\",\"item\":\"https:\/\/apuntesdesanluis.com\/\"},{\"@type\":\"ListItem\",\"position\":2,\"name\":\"SEGUNDO ENCUENTRO DE LA PROVINCIA DE SAN LUIS \u201cCOOPERACI\u00d3N ENTRE COOPERATIVAS\u201d, EN LA UNSL-FCEJS\"}]},{\"@type\":\"WebSite\",\"@id\":\"https:\/\/apuntesdesanluis.com\/#website\",\"url\":\"https:\/\/apuntesdesanluis.com\/\",\"name\":\"Apuntes de San Luis\",\"description\":\"\",\"publisher\":{\"@id\":\"https:\/\/apuntesdesanluis.com\/#\/schema\/person\/b55151d52296fcce64d1a72538a70b90\"},\"potentialAction\":[{\"@type\":\"SearchAction\",\"target\":{\"@type\":\"EntryPoint\",\"urlTemplate\":\"https:\/\/apuntesdesanluis.com\/?s={search_term_string}\"},\"query-input\":{\"@type\":\"PropertyValueSpecification\",\"valueRequired\":true,\"valueName\":\"search_term_string\"}}],\"inLanguage\":\"es-AR\"},{\"@type\":[\"Person\",\"Organization\"],\"@id\":\"https:\/\/apuntesdesanluis.com\/#\/schema\/person\/b55151d52296fcce64d1a72538a70b90\",\"name\":\"apuntesdesanluis.com\",\"image\":{\"@type\":\"ImageObject\",\"inLanguage\":\"es-AR\",\"@id\":\"https:\/\/apuntesdesanluis.com\/#\/schema\/person\/image\/\",\"url\":\"https:\/\/apuntesdesanluis.com\/wp-content\/uploads\/2023\/07\/cropped-apuntesdesanluis.png\",\"contentUrl\":\"https:\/\/apuntesdesanluis.com\/wp-content\/uploads\/2023\/07\/cropped-apuntesdesanluis.png\",\"width\":450,\"height\":112,\"caption\":\"apuntesdesanluis.com\"},\"logo\":{\"@id\":\"https:\/\/apuntesdesanluis.com\/#\/schema\/person\/image\/\"},\"sameAs\":[\"https:\/\/apuntesdesanluis.com\"],\"url\":\"https:\/\/apuntesdesanluis.com\/index.php\/author\/apuntesdesanluis-com\/\"}]}<\/script>\n<!-- \/ Yoast SEO plugin. -->","yoast_head_json":{"title":"SEGUNDO ENCUENTRO DE LA PROVINCIA DE SAN LUIS \u201cCOOPERACI\u00d3N ENTRE COOPERATIVAS\u201d, EN LA UNSL-FCEJS - Apuntes de San Luis","robots":{"index":"index","follow":"follow","max-snippet":"max-snippet:-1","max-image-preview":"max-image-preview:large","max-video-preview":"max-video-preview:-1"},"canonical":"https:\/\/apuntesdesanluis.com\/index.php\/2023\/11\/22\/segundo-encuentro-de-la-provincia-de-san-luis-cooperacion-entre-cooperativas-en-la-unsl-fcejs\/","og_locale":"es_ES","og_type":"article","og_title":"SEGUNDO ENCUENTRO DE LA PROVINCIA DE SAN LUIS \u201cCOOPERACI\u00d3N ENTRE COOPERATIVAS\u201d, EN LA UNSL-FCEJS - Apuntes de San Luis","og_description":"La Secretar\u00eda de Extensi\u00f3n Universitaria de la FCEJS, informa que este viernes 24 de noviembre...","og_url":"https:\/\/apuntesdesanluis.com\/index.php\/2023\/11\/22\/segundo-encuentro-de-la-provincia-de-san-luis-cooperacion-entre-cooperativas-en-la-unsl-fcejs\/","og_site_name":"Apuntes de San Luis","article_published_time":"2023-11-23T00:03:12+00:00","article_modified_time":"2023-11-23T00:03:40+00:00","og_image":[{"width":469,"height":235,"url":"https:\/\/apuntesdesanluis.com\/wp-content\/uploads\/2023\/10\/centro-universitario-e1700697782573.png","type":"image\/png"}],"author":"apuntesdesanluis.com","twitter_card":"summary_large_image","twitter_misc":{"Escrito por":"apuntesdesanluis.com","Tiempo de lectura":"1 minuto"},"schema":{"@context":"https:\/\/schema.org","@graph":[{"@type":"Article","@id":"https:\/\/apuntesdesanluis.com\/index.php\/2023\/11\/22\/segundo-encuentro-de-la-provincia-de-san-luis-cooperacion-entre-cooperativas-en-la-unsl-fcejs\/#article","isPartOf":{"@id":"https:\/\/apuntesdesanluis.com\/index.php\/2023\/11\/22\/segundo-encuentro-de-la-provincia-de-san-luis-cooperacion-entre-cooperativas-en-la-unsl-fcejs\/"},"author":{"name":"apuntesdesanluis.com","@id":"https:\/\/apuntesdesanluis.com\/#\/schema\/person\/b55151d52296fcce64d1a72538a70b90"},"headline":"SEGUNDO ENCUENTRO DE LA PROVINCIA DE SAN LUIS \u201cCOOPERACI\u00d3N ENTRE COOPERATIVAS\u201d, EN LA UNSL-FCEJS","datePublished":"2023-11-23T00:03:12+00:00","dateModified":"2023-11-23T00:03:40+00:00","mainEntityOfPage":{"@id":"https:\/\/apuntesdesanluis.com\/index.php\/2023\/11\/22\/segundo-encuentro-de-la-provincia-de-san-luis-cooperacion-entre-cooperativas-en-la-unsl-fcejs\/"},"wordCount":157,"publisher":{"@id":"https:\/\/apuntesdesanluis.com\/#\/schema\/person\/b55151d52296fcce64d1a72538a70b90"},"image":{"@id":"https:\/\/apuntesdesanluis.com\/index.php\/2023\/11\/22\/segundo-encuentro-de-la-provincia-de-san-luis-cooperacion-entre-cooperativas-en-la-unsl-fcejs\/#primaryimage"},"thumbnailUrl":"https:\/\/apuntesdesanluis.com\/wp-content\/uploads\/2023\/10\/centro-universitario-e1700697782573.png","articleSection":["Ciudad\/Provincia"],"inLanguage":"es-AR"},{"@type":"WebPage","@id":"https:\/\/apuntesdesanluis.com\/index.php\/2023\/11\/22\/segundo-encuentro-de-la-provincia-de-san-luis-cooperacion-entre-cooperativas-en-la-unsl-fcejs\/","url":"https:\/\/apuntesdesanluis.com\/index.php\/2023\/11\/22\/segundo-encuentro-de-la-provincia-de-san-luis-cooperacion-entre-cooperativas-en-la-unsl-fcejs\/","name":"SEGUNDO ENCUENTRO DE LA PROVINCIA DE SAN LUIS \u201cCOOPERACI\u00d3N ENTRE COOPERATIVAS\u201d, EN LA UNSL-FCEJS - Apuntes de San Luis","isPartOf":{"@id":"https:\/\/apuntesdesanluis.com\/#website"},"primaryImageOfPage":{"@id":"https:\/\/apuntesdesanluis.com\/index.php\/2023\/11\/22\/segundo-encuentro-de-la-provincia-de-san-luis-cooperacion-entre-cooperativas-en-la-unsl-fcejs\/#primaryimage"},"image":{"@id":"https:\/\/apuntesdesanluis.com\/index.php\/2023\/11\/22\/segundo-encuentro-de-la-provincia-de-san-luis-cooperacion-entre-cooperativas-en-la-unsl-fcejs\/#primaryimage"},"thumbnailUrl":"https:\/\/apuntesdesanluis.com\/wp-content\/uploads\/2023\/10\/centro-universitario-e1700697782573.png","datePublished":"2023-11-23T00:03:12+00:00","dateModified":"2023-11-23T00:03:40+00:00","breadcrumb":{"@id":"https:\/\/apuntesdesanluis.com\/index.php\/2023\/11\/22\/segundo-encuentro-de-la-provincia-de-san-luis-cooperacion-entre-cooperativas-en-la-unsl-fcejs\/#breadcrumb"},"inLanguage":"es-AR","potentialAction":[{"@type":"ReadAction","target":["https:\/\/apuntesdesanluis.com\/index.php\/2023\/11\/22\/segundo-encuentro-de-la-provincia-de-san-luis-cooperacion-entre-cooperativas-en-la-unsl-fcejs\/"]}]},{"@type":"ImageObject","inLanguage":"es-AR","@id":"https:\/\/apuntesdesanluis.com\/index.php\/2023\/11\/22\/segundo-encuentro-de-la-provincia-de-san-luis-cooperacion-entre-cooperativas-en-la-unsl-fcejs\/#primaryimage","url":"https:\/\/apuntesdesanluis.com\/wp-content\/uploads\/2023\/10\/centro-universitario-e1700697782573.png","contentUrl":"https:\/\/apuntesdesanluis.com\/wp-content\/uploads\/2023\/10\/centro-universitario-e1700697782573.png","width":469,"height":235},{"@type":"BreadcrumbList","@id":"https:\/\/apuntesdesanluis.com\/index.php\/2023\/11\/22\/segundo-encuentro-de-la-provincia-de-san-luis-cooperacion-entre-cooperativas-en-la-unsl-fcejs\/#breadcrumb","itemListElement":[{"@type":"ListItem","position":1,"name":"Inicio","item":"https:\/\/apuntesdesanluis.com\/"},{"@type":"ListItem","position":2,"name":"SEGUNDO ENCUENTRO DE LA PROVINCIA DE SAN LUIS \u201cCOOPERACI\u00d3N ENTRE COOPERATIVAS\u201d, EN LA UNSL-FCEJS"}]},{"@type":"WebSite","@id":"https:\/\/apuntesdesanluis.com\/#website","url":"https:\/\/apuntesdesanluis.com\/","name":"Apuntes de San Luis","description":"","publisher":{"@id":"https:\/\/apuntesdesanluis.com\/#\/schema\/person\/b55151d52296fcce64d1a72538a70b90"},"potentialAction":[{"@type":"SearchAction","target":{"@type":"EntryPoint","urlTemplate":"https:\/\/apuntesdesanluis.com\/?s={search_term_string}"},"query-input":{"@type":"PropertyValueSpecification","valueRequired":true,"valueName":"search_term_string"}}],"inLanguage":"es-AR"},{"@type":["Person","Organization"],"@id":"https:\/\/apuntesdesanluis.com\/#\/schema\/person\/b55151d52296fcce64d1a72538a70b90","name":"apuntesdesanluis.com","image":{"@type":"ImageObject","inLanguage":"es-AR","@id":"https:\/\/apuntesdesanluis.com\/#\/schema\/person\/image\/","url":"https:\/\/apuntesdesanluis.com\/wp-content\/uploads\/2023\/07\/cropped-apuntesdesanluis.png","contentUrl":"https:\/\/apuntesdesanluis.com\/wp-content\/uploads\/2023\/07\/cropped-apuntesdesanluis.png","width":450,"height":112,"caption":"apuntesdesanluis.com"},"logo":{"@id":"https:\/\/apuntesdesanluis.com\/#\/schema\/person\/image\/"},"sameAs":["https:\/\/apuntesdesanluis.com"],"url":"https:\/\/apuntesdesanluis.com\/index.php\/author\/apuntesdesanluis-com\/"}]}},"featured_image_urls":{"full":["https:\/\/apuntesdesanluis.com\/wp-content\/uploads\/2023\/10\/centro-universitario-e1700697782573.png",469,235,false],"thumbnail":["https:\/\/apuntesdesanluis.com\/wp-content\/uploads\/2023\/10\/centro-universitario-e1700697782573-150x150.png",150,150,true],"medium":["https:\/\/apuntesdesanluis.com\/wp-content\/uploads\/2023\/10\/centro-universitario-e1700697782573-300x150.png",300,150,true],"medium_large":["https:\/\/apuntesdesanluis.com\/wp-content\/uploads\/2023\/10\/centro-universitario-e1700697782573.png",469,235,false],"large":["https:\/\/apuntesdesanluis.com\/wp-content\/uploads\/2023\/10\/centro-universitario-e1700697782573.png",469,235,false],"1536x1536":["https:\/\/apuntesdesanluis.com\/wp-content\/uploads\/2023\/10\/centro-universitario-e1700697782573.png",469,235,false],"2048x2048":["https:\/\/apuntesdesanluis.com\/wp-content\/uploads\/2023\/10\/centro-universitario-e1700697782573.png",469,235,false],"newsever-slider-full":["https:\/\/apuntesdesanluis.com\/wp-content\/uploads\/2023\/10\/centro-universitario-e1700697782573.png",469,235,false],"newsever-featured":["https:\/\/apuntesdesanluis.com\/wp-content\/uploads\/2023\/10\/centro-universitario-e1700697782573.png",469,235,false],"newsever-medium":["https:\/\/apuntesdesanluis.com\/wp-content\/uploads\/2023\/10\/centro-universitario-e1700697782573.png",469,235,false]},"author_info":{"display_name":"apuntesdesanluis.com","author_link":"https:\/\/apuntesdesanluis.com\/index.php\/author\/apuntesdesanluis-com\/"},"category_info":"<a href=\"https:\/\/apuntesdesanluis.com\/index.php\/category\/ciudad-provincia\/\" rel=\"category tag\">Ciudad\/Provincia<\/a>","tag_info":"Ciudad\/Provincia","comment_count":"0","_links":{"self":[{"href":"https:\/\/apuntesdesanluis.com\/index.php\/wp-json\/wp\/v2\/posts\/7238","targetHints":{"allow":["GET"]}}],"collection":[{"href":"https:\/\/apuntesdesanluis.com\/index.php\/wp-json\/wp\/v2\/posts"}],"about":[{"href":"https:\/\/apuntesdesanluis.com\/index.php\/wp-json\/wp\/v2\/types\/post"}],"author":[{"embeddable":true,"href":"https:\/\/apuntesdesanluis.com\/index.php\/wp-json\/wp\/v2\/users\/1"}],"replies":[{"embeddable":true,"href":"https:\/\/apuntesdesanluis.com\/index.php\/wp-json\/wp\/v2\/comments?post=7238"}],"version-history":[{"count":2,"href":"https:\/\/apuntesdesanluis.com\/index.php\/wp-json\/wp\/v2\/posts\/7238\/revisions"}],"predecessor-version":[{"id":7241,"href":"https:\/\/apuntesdesanluis.com\/index.php\/wp-json\/wp\/v2\/posts\/7238\/revisions\/7241"}],"wp:featuredmedia":[{"embeddable":true,"href":"https:\/\/apuntesdesanluis.com\/index.php\/wp-json\/wp\/v2\/media\/5493"}],"wp:attachment":[{"href":"https:\/\/apuntesdesanluis.com\/index.php\/wp-json\/wp\/v2\/media?parent=7238"}],"wp:term":[{"taxonomy":"category","embeddable":true,"href":"https:\/\/apuntesdesanluis.com\/index.php\/wp-json\/wp\/v2\/categories?post=7238"},{"taxonomy":"post_tag","embeddable":true,"href":"https:\/\/apuntesdesanluis.com\/index.php\/wp-json\/wp\/v2\/tags?post=7238"}],"curies":[{"name":"wp","href":"https:\/\/api.w.org\/{rel}","templated":true}]}}