{"id":7246,"date":"2023-11-23T07:55:15","date_gmt":"2023-11-23T10:55:15","guid":{"rendered":"https:\/\/apuntesdesanluis.com\/?p=7246"},"modified":"2023-11-23T07:55:15","modified_gmt":"2023-11-23T10:55:15","slug":"caso-amancay-apelan-el-fallo-que-rechazo-la-excarcelacion-del-imputado","status":"publish","type":"post","link":"https:\/\/apuntesdesanluis.com\/index.php\/2023\/11\/23\/caso-amancay-apelan-el-fallo-que-rechazo-la-excarcelacion-del-imputado\/","title":{"rendered":"CASO AMANCAY: APELAN EL FALLO QUE RECHAZ\u00d3 LA EXCARCELACI\u00d3N DEL IMPUTADO"},"content":{"rendered":"<h3>El Tribunal de Impugnaciones de la ciudad de San Luis recepcion\u00f3 este mi\u00e9rcoles a la ma\u00f1ana las fundamentaciones de cada una las partes respecto a una apelaci\u00f3n presentada por Marcos Ju\u00e1rez, abogado defensor de <strong>Jonathan Sandoval<\/strong>, el conductor de la camioneta acusado de atropellar y causar la muerte de <strong>Roc\u00edo Amancay Pedernera.<\/strong>\u00a0Luego de finalizadas cada una de las exposiciones y atento a la complejidad de lo tratado, el tribunal pas\u00f3 la causa a resolver. De acuerdo al art\u00edculo 286 del C\u00f3digo Procesal Penal, los jueces tienen hasta 10 d\u00edas como plazo m\u00e1ximo para emitir su resoluci\u00f3n.<\/h3>\n<h3>El recurso interpuesto por Ju\u00e1rez fue contra la resoluci\u00f3n del Juzgado de Garant\u00edas N\u00ba 2, que en fecha 9 de noviembre de 2023 rechaz\u00f3 el pedido de cese de la prisi\u00f3n preventiva presentado por la defensa. En la audiencia de hoy, el abogado reiter\u00f3 la solicitud de excarcelaci\u00f3n a favor de Sandoval y ofreci\u00f3, como medida sustitutiva a la prisi\u00f3n preventiva, una cauci\u00f3n real de 300 mil d\u00f3lares.<\/h3>\n<h3>\u201cEsta cauci\u00f3n es sobre una propiedad y por eso hemos presentamos informe de dominio, tasaci\u00f3n, escritura y el consentimiento de cauci\u00f3n real sobre este inmueble legalizado por escribano. Este monto de dinero es m\u00e1s que suficiente para garantizar la comparecencia del imputado en el proceso\u201d, explic\u00f3 el abogado.<\/h3>\n<h3>Ju\u00e1rez tambi\u00e9n hizo menci\u00f3n, como medida de coerci\u00f3n morigerada, a la posibilidad del dictado de una prisi\u00f3n domiciliaria. \u201cNo es que Sandoval va a salir a pasear libremente por la plaza o ir al bar a tomar un caf\u00e9. Continuar\u00e1 cumpliendo prisi\u00f3n solo que lo har\u00e1 en su domicilio. La aplicaci\u00f3n de esta figura podr\u00eda de ser de mucha utilidad ya que mi defendido mantiene su trabajo y lo podr\u00eda continuar de forma remota\u201d, dijo el letrado.<\/h3>\n<p><strong>Tanto la prestaci\u00f3n de una cauci\u00f3n econ\u00f3mica adecuada como la detenci\u00f3n domiciliaria son medidas de coerci\u00f3n contenidas en los incisos E y F del art\u00edculo 201 del C\u00f3digo Procesal Penal de San Luis.<\/strong><\/p>\n<h3>El ingeniero agrimensor de 38 a\u00f1os es el \u00fanico imputado en la causa bajo la acusaci\u00f3n de homicidio simple con dolo eventual. El hecho ocurri\u00f3 el s\u00e1bado 29 de julio entre las 4:15 y 4:30 de la madrugada. Roc\u00edo Amancay Pedernera, de 20 a\u00f1os, volv\u00eda de su trabajo en su motocicleta azul marca Keller cuando fue embestida por la camioneta en la Avenida Santos Ortiz, a la altura del Barrio Tibilleti. Ambos rodados transitaban en la misma direcci\u00f3n, de oeste a este.<\/h3>\n<h3>\u201cCon toda la prueba recabada ya no se puede sostener esta calificaci\u00f3n. En la investigaci\u00f3n primigenia se dijo que Sandoval iba alcoholizado y a alta velocidad. Han depuesto testigos que compartieron esa noche con mi defendido y todo coincidieron que se reunieron en un domicilio, comieron pizzas y que Sandoval no estaba ebrio y hasta pidi\u00f3 tomar gaseosa porque estaba cansado. Luego fueron a la Comuna y no bebi\u00f3 alcohol\u201d, narr\u00f3 Ju\u00e1rez.<\/h3>\n<h3>El abogado tambi\u00e9n mencion\u00f3 que, al momento del hecho, San Luis no estaba adherida a la Ley Alcohol Cero. A su vez, dijo que una pericia midi\u00f3 la distancia entre las c\u00e1maras y se estableci\u00f3 que Sandoval circulaba a una velocidad en promedio de 94 kil\u00f3metros por hora. \u201cEse tramo es ruta nacional cuyo l\u00edmite de velocidad es de 110 kil\u00f3metros por hora y como se trata de una autov\u00eda, el l\u00edmite asciende a 120\u201d, dijo el abogado.<\/h3>\n<h3>Ju\u00e1rez plante\u00f3 adem\u00e1s que el conductor de la camioneta puso a disposici\u00f3n de la Justicia su celular para su an\u00e1lisis y surgi\u00f3 que entre las 3:20 y 9:30 no se comunic\u00f3 con nadie por ninguna v\u00eda. \u201cDebemos ver los principios que rigen la excarcelaci\u00f3n. Aqu\u00ed no hay peligro de fuga ni obstaculizaci\u00f3n. Sandoval vive en San Luis, convive con su pareja, tiene un hijo de un a\u00f1o y medio, mantiene su trabajo en San Luis\u201d.<\/h3>\n<p><img fetchpriority=\"high\" decoding=\"async\" class=\"wp-image-7248 aligncenter\" src=\"https:\/\/apuntesdesanluis.com\/wp-content\/uploads\/2023\/11\/LAS-PARTES-300x179.png\" alt=\"\" width=\"701\" height=\"418\" srcset=\"https:\/\/apuntesdesanluis.com\/wp-content\/uploads\/2023\/11\/LAS-PARTES-300x179.png 300w, https:\/\/apuntesdesanluis.com\/wp-content\/uploads\/2023\/11\/LAS-PARTES.png 600w\" sizes=\"(max-width: 701px) 100vw, 701px\" \/><\/p>\n<p><strong>POSICI\u00d3N DE LA FISCAL\u00cdA<\/strong><\/p>\n<h3>El fiscal de Instrucci\u00f3n N\u00ba 3 Esteban Roche solicit\u00f3 al Tribunal de Impugnaciones que se rechace el planteo iniciado por la defensa y se sostenga la prisi\u00f3n preventiva del imputado Sandoval. \u201cEs necesario mantener la prisi\u00f3n preventiva porque cualquier medida cautelar no alcanza para salvaguardar el proceso\u201d, expres\u00f3 Roche.<\/h3>\n<h3>El fiscal dijo, adem\u00e1s, que en la audiencia ante el juez de Garant\u00edas no se trat\u00f3 ni el ofrecimiento de una cauci\u00f3n ni el dictado de una prisi\u00f3n domiciliaria por lo que no podr\u00eda darse tratamiento en el marco de una audiencia ante el Tribunal de Impugnaciones. \u201cEs decir, no hay un juez de primera instancia que haya evaluado si corresponde o no una prisi\u00f3n domiciliaria, que haya evaluado si corresponde o no una cauci\u00f3n. Entendemos que, en todo caso, si se planteara esto de modo formal ante un juez de primera instancia podr\u00edamos llegar a pensarlo, pero entiendo que de plano debe rechazarse\u201d, sostuvo Roche.<\/h3>\n<h3>En la audiencia de formulaci\u00f3n de cargos celebrada el 12 de agosto, el entonces juez de Garant\u00edas, Ariel Parillis, dictamin\u00f3 que Sandoval cumpla 120 d\u00edas de prisi\u00f3n preventiva en el Servicio Penitenciario Provincial. Este plazo vence el pr\u00f3ximo 10 de diciembre. No obstante, la Fiscal\u00eda tiene la potestad de solicitar incluso hasta dos pr\u00f3rrogas m\u00e1s por el t\u00e9rmino de cuatro meses cada una.<\/h3>\n<h3>\u201cEntendemos que se dan los requisitos en el marco de la presente causa que dan cuenta de un claro peligro de fuga. Primero, en relaci\u00f3n a lo que son las condiciones personales del imputado, ustedes mismos lo han escuchado en esta audiencia que si bien desde ya, solicitamos que no se tenga en cuenta, la misma defensa ofrece una cauci\u00f3n de 300.000 d\u00f3lares. Entiendo que dicha cauci\u00f3n no la puede ofrecer hoy por hoy cualquier persona, sino una que atraviesa una condici\u00f3n socioecon\u00f3mica que a las claras le permite, en su caso, tener una mayor facilidad para detener el accionar de la justicia\u201d, dijo Roche.<\/h3>\n<h3>El representante del Ministerio P\u00fablico Fiscal record\u00f3 que luego de atropellar a la motociclista, Sandoval se dio a la fuga y frustr\u00f3 muchas medidas de prueba que se podr\u00edan haber realizado al momento del hecho.<\/h3>\n<h3>\u201cLo m\u00e1s importante para sostener el peligro de fuga es la conducta que tuvo el imputado. Sandoval se hace presente en su casa doce horas despu\u00e9s de lo que ocurre el hecho, y no le entrega las llaves a la polic\u00eda como est\u00e1 marcando la defensa. Cuando la polic\u00eda llega por segunda vez, el d\u00eda lunes, \u00e9l no estaba. En ning\u00fan momento dijo a d\u00f3nde se hab\u00eda ido, en ning\u00fan momento se comunic\u00f3 con algunas de las autoridades. \u00bfSaben por qu\u00e9 no tenemos en la presente causa una prueba cient\u00edfica que determine que el imputado ten\u00eda alcohol en sangre? Porque se fue y apareci\u00f3 12 horas despu\u00e9s\u201d, expres\u00f3 el fiscal.<\/h3>\n<h3>Roche reiter\u00f3 que tambi\u00e9n existe peligro de entorpecimiento de la investigaci\u00f3n. \u201cRestan evidencias y testigos que esta Fiscal\u00eda y la querella debe investigar, entre los que se encuentran los empleados de Seguridad y Mantenimiento donde vive el imputado y es imposible que no pueda influir de forma negativa a los imputados. Tambi\u00e9n estamos interesados en entrevistar en quien es la pareja del imputado, como tambi\u00e9n a los vecinos colindantes de Sandoval. Todas estas personas son conocidas por el imputado y si recupera su libertad es claro que va influir de forma negativa sobre el procedimiento\u201d.<\/h3>\n<h3>Por parte de la querella estuvieron presentes los abogados Augusto Aguilera, que representa a la mam\u00e1 de Roc\u00edo, y Guillermo S\u00e1nchez Pagano, representante del pap\u00e1 de la v\u00edctima. Ambos profesionales adhirieron a lo expresado por la Fiscal\u00eda.<\/h3>\n<h3>Aguilera dijo que Sandoval tiene dos domicilios: en el barrio privado La Pancha y en el barrio Procrear. \u201cNo queda claro donde vive. Considero que ante la perspectiva de una condena de homicidio simple el imputado no va a respetar el arraigo en base a sus actitudes precedentes por el hecho de haber huido de la escena\u201d, sostuvo. A su lado se encontraba la mam\u00e1 de Roc\u00edo.<\/h3>\n<h3>S\u00e1nchez Pagano, por su parte, dijo la defensa de Sandoval habl\u00f3 \u201cfalacias\u201d y que hay que analizar las conductas anteriores y posteriores al hecho. \u201cNi bien sali\u00f3 del local bailable, Sandoval cruz\u00f3 un sem\u00e1foro en rojo. Aqu\u00ed no hubo un accidente sino un incidente doloso. Luego se dio a la fuga y busc\u00f3 tapar el hecho. Si le dan la libertad nunca lo vamos a poner frente a un tribunal\u201d, cerr\u00f3 el abogado.<\/h3>\n","protected":false},"excerpt":{"rendered":"<p>El Tribunal de Impugnaciones de la ciudad de San Luis recepcion\u00f3 este mi\u00e9rcoles a la&#8230;<\/p>\n","protected":false},"author":1,"featured_media":7247,"comment_status":"closed","ping_status":"closed","sticky":false,"template":"","format":"standard","meta":{"footnotes":""},"categories":[6],"tags":[],"class_list":["post-7246","post","type-post","status-publish","format-standard","has-post-thumbnail","hentry","category-ciudad-provincia"],"yoast_head":"<!-- This site is optimized with the Yoast SEO plugin v26.1.1 - https:\/\/yoast.com\/wordpress\/plugins\/seo\/ -->\n<title>CASO AMANCAY: APELAN EL FALLO QUE RECHAZ\u00d3 LA EXCARCELACI\u00d3N DEL IMPUTADO - Apuntes de San Luis<\/title>\n<meta name=\"robots\" content=\"index, follow, max-snippet:-1, max-image-preview:large, max-video-preview:-1\" \/>\n<link rel=\"canonical\" href=\"https:\/\/apuntesdesanluis.com\/index.php\/2023\/11\/23\/caso-amancay-apelan-el-fallo-que-rechazo-la-excarcelacion-del-imputado\/\" \/>\n<meta property=\"og:locale\" content=\"es_ES\" \/>\n<meta property=\"og:type\" content=\"article\" \/>\n<meta property=\"og:title\" content=\"CASO AMANCAY: APELAN EL FALLO QUE RECHAZ\u00d3 LA EXCARCELACI\u00d3N DEL IMPUTADO - Apuntes de San Luis\" \/>\n<meta property=\"og:description\" content=\"El Tribunal de Impugnaciones de la ciudad de San Luis recepcion\u00f3 este mi\u00e9rcoles a la...\" \/>\n<meta property=\"og:url\" content=\"https:\/\/apuntesdesanluis.com\/index.php\/2023\/11\/23\/caso-amancay-apelan-el-fallo-que-rechazo-la-excarcelacion-del-imputado\/\" \/>\n<meta property=\"og:site_name\" content=\"Apuntes de San Luis\" \/>\n<meta property=\"article:published_time\" content=\"2023-11-23T10:55:15+00:00\" \/>\n<meta property=\"og:image\" content=\"https:\/\/apuntesdesanluis.com\/wp-content\/uploads\/2023\/11\/TRIBUNAL-1.png\" \/>\n\t<meta property=\"og:image:width\" content=\"600\" \/>\n\t<meta property=\"og:image:height\" content=\"342\" \/>\n\t<meta property=\"og:image:type\" content=\"image\/png\" \/>\n<meta name=\"author\" content=\"apuntesdesanluis.com\" \/>\n<meta name=\"twitter:card\" content=\"summary_large_image\" \/>\n<meta name=\"twitter:label1\" content=\"Escrito por\" \/>\n\t<meta name=\"twitter:data1\" content=\"apuntesdesanluis.com\" \/>\n\t<meta name=\"twitter:label2\" content=\"Tiempo de lectura\" \/>\n\t<meta name=\"twitter:data2\" content=\"7 minutos\" \/>\n<script type=\"application\/ld+json\" class=\"yoast-schema-graph\">{\"@context\":\"https:\/\/schema.org\",\"@graph\":[{\"@type\":\"Article\",\"@id\":\"https:\/\/apuntesdesanluis.com\/index.php\/2023\/11\/23\/caso-amancay-apelan-el-fallo-que-rechazo-la-excarcelacion-del-imputado\/#article\",\"isPartOf\":{\"@id\":\"https:\/\/apuntesdesanluis.com\/index.php\/2023\/11\/23\/caso-amancay-apelan-el-fallo-que-rechazo-la-excarcelacion-del-imputado\/\"},\"author\":{\"name\":\"apuntesdesanluis.com\",\"@id\":\"https:\/\/apuntesdesanluis.com\/#\/schema\/person\/b55151d52296fcce64d1a72538a70b90\"},\"headline\":\"CASO AMANCAY: APELAN EL FALLO QUE RECHAZ\u00d3 LA EXCARCELACI\u00d3N DEL IMPUTADO\",\"datePublished\":\"2023-11-23T10:55:15+00:00\",\"mainEntityOfPage\":{\"@id\":\"https:\/\/apuntesdesanluis.com\/index.php\/2023\/11\/23\/caso-amancay-apelan-el-fallo-que-rechazo-la-excarcelacion-del-imputado\/\"},\"wordCount\":1480,\"publisher\":{\"@id\":\"https:\/\/apuntesdesanluis.com\/#\/schema\/person\/b55151d52296fcce64d1a72538a70b90\"},\"image\":{\"@id\":\"https:\/\/apuntesdesanluis.com\/index.php\/2023\/11\/23\/caso-amancay-apelan-el-fallo-que-rechazo-la-excarcelacion-del-imputado\/#primaryimage\"},\"thumbnailUrl\":\"https:\/\/apuntesdesanluis.com\/wp-content\/uploads\/2023\/11\/TRIBUNAL-1.png\",\"articleSection\":[\"Ciudad\/Provincia\"],\"inLanguage\":\"es-AR\"},{\"@type\":\"WebPage\",\"@id\":\"https:\/\/apuntesdesanluis.com\/index.php\/2023\/11\/23\/caso-amancay-apelan-el-fallo-que-rechazo-la-excarcelacion-del-imputado\/\",\"url\":\"https:\/\/apuntesdesanluis.com\/index.php\/2023\/11\/23\/caso-amancay-apelan-el-fallo-que-rechazo-la-excarcelacion-del-imputado\/\",\"name\":\"CASO AMANCAY: APELAN EL FALLO QUE RECHAZ\u00d3 LA EXCARCELACI\u00d3N DEL IMPUTADO - Apuntes de San Luis\",\"isPartOf\":{\"@id\":\"https:\/\/apuntesdesanluis.com\/#website\"},\"primaryImageOfPage\":{\"@id\":\"https:\/\/apuntesdesanluis.com\/index.php\/2023\/11\/23\/caso-amancay-apelan-el-fallo-que-rechazo-la-excarcelacion-del-imputado\/#primaryimage\"},\"image\":{\"@id\":\"https:\/\/apuntesdesanluis.com\/index.php\/2023\/11\/23\/caso-amancay-apelan-el-fallo-que-rechazo-la-excarcelacion-del-imputado\/#primaryimage\"},\"thumbnailUrl\":\"https:\/\/apuntesdesanluis.com\/wp-content\/uploads\/2023\/11\/TRIBUNAL-1.png\",\"datePublished\":\"2023-11-23T10:55:15+00:00\",\"breadcrumb\":{\"@id\":\"https:\/\/apuntesdesanluis.com\/index.php\/2023\/11\/23\/caso-amancay-apelan-el-fallo-que-rechazo-la-excarcelacion-del-imputado\/#breadcrumb\"},\"inLanguage\":\"es-AR\",\"potentialAction\":[{\"@type\":\"ReadAction\",\"target\":[\"https:\/\/apuntesdesanluis.com\/index.php\/2023\/11\/23\/caso-amancay-apelan-el-fallo-que-rechazo-la-excarcelacion-del-imputado\/\"]}]},{\"@type\":\"ImageObject\",\"inLanguage\":\"es-AR\",\"@id\":\"https:\/\/apuntesdesanluis.com\/index.php\/2023\/11\/23\/caso-amancay-apelan-el-fallo-que-rechazo-la-excarcelacion-del-imputado\/#primaryimage\",\"url\":\"https:\/\/apuntesdesanluis.com\/wp-content\/uploads\/2023\/11\/TRIBUNAL-1.png\",\"contentUrl\":\"https:\/\/apuntesdesanluis.com\/wp-content\/uploads\/2023\/11\/TRIBUNAL-1.png\",\"width\":600,\"height\":342},{\"@type\":\"BreadcrumbList\",\"@id\":\"https:\/\/apuntesdesanluis.com\/index.php\/2023\/11\/23\/caso-amancay-apelan-el-fallo-que-rechazo-la-excarcelacion-del-imputado\/#breadcrumb\",\"itemListElement\":[{\"@type\":\"ListItem\",\"position\":1,\"name\":\"Inicio\",\"item\":\"https:\/\/apuntesdesanluis.com\/\"},{\"@type\":\"ListItem\",\"position\":2,\"name\":\"CASO AMANCAY: APELAN EL FALLO QUE RECHAZ\u00d3 LA EXCARCELACI\u00d3N DEL IMPUTADO\"}]},{\"@type\":\"WebSite\",\"@id\":\"https:\/\/apuntesdesanluis.com\/#website\",\"url\":\"https:\/\/apuntesdesanluis.com\/\",\"name\":\"Apuntes de San Luis\",\"description\":\"\",\"publisher\":{\"@id\":\"https:\/\/apuntesdesanluis.com\/#\/schema\/person\/b55151d52296fcce64d1a72538a70b90\"},\"potentialAction\":[{\"@type\":\"SearchAction\",\"target\":{\"@type\":\"EntryPoint\",\"urlTemplate\":\"https:\/\/apuntesdesanluis.com\/?s={search_term_string}\"},\"query-input\":{\"@type\":\"PropertyValueSpecification\",\"valueRequired\":true,\"valueName\":\"search_term_string\"}}],\"inLanguage\":\"es-AR\"},{\"@type\":[\"Person\",\"Organization\"],\"@id\":\"https:\/\/apuntesdesanluis.com\/#\/schema\/person\/b55151d52296fcce64d1a72538a70b90\",\"name\":\"apuntesdesanluis.com\",\"image\":{\"@type\":\"ImageObject\",\"inLanguage\":\"es-AR\",\"@id\":\"https:\/\/apuntesdesanluis.com\/#\/schema\/person\/image\/\",\"url\":\"https:\/\/apuntesdesanluis.com\/wp-content\/uploads\/2023\/07\/cropped-apuntesdesanluis.png\",\"contentUrl\":\"https:\/\/apuntesdesanluis.com\/wp-content\/uploads\/2023\/07\/cropped-apuntesdesanluis.png\",\"width\":450,\"height\":112,\"caption\":\"apuntesdesanluis.com\"},\"logo\":{\"@id\":\"https:\/\/apuntesdesanluis.com\/#\/schema\/person\/image\/\"},\"sameAs\":[\"https:\/\/apuntesdesanluis.com\"],\"url\":\"https:\/\/apuntesdesanluis.com\/index.php\/author\/apuntesdesanluis-com\/\"}]}<\/script>\n<!-- \/ Yoast SEO plugin. -->","yoast_head_json":{"title":"CASO AMANCAY: APELAN EL FALLO QUE RECHAZ\u00d3 LA EXCARCELACI\u00d3N DEL IMPUTADO - Apuntes de San Luis","robots":{"index":"index","follow":"follow","max-snippet":"max-snippet:-1","max-image-preview":"max-image-preview:large","max-video-preview":"max-video-preview:-1"},"canonical":"https:\/\/apuntesdesanluis.com\/index.php\/2023\/11\/23\/caso-amancay-apelan-el-fallo-que-rechazo-la-excarcelacion-del-imputado\/","og_locale":"es_ES","og_type":"article","og_title":"CASO AMANCAY: APELAN EL FALLO QUE RECHAZ\u00d3 LA EXCARCELACI\u00d3N DEL IMPUTADO - Apuntes de San Luis","og_description":"El Tribunal de Impugnaciones de la ciudad de San Luis recepcion\u00f3 este mi\u00e9rcoles a la...","og_url":"https:\/\/apuntesdesanluis.com\/index.php\/2023\/11\/23\/caso-amancay-apelan-el-fallo-que-rechazo-la-excarcelacion-del-imputado\/","og_site_name":"Apuntes de San Luis","article_published_time":"2023-11-23T10:55:15+00:00","og_image":[{"width":600,"height":342,"url":"https:\/\/apuntesdesanluis.com\/wp-content\/uploads\/2023\/11\/TRIBUNAL-1.png","type":"image\/png"}],"author":"apuntesdesanluis.com","twitter_card":"summary_large_image","twitter_misc":{"Escrito por":"apuntesdesanluis.com","Tiempo de lectura":"7 minutos"},"schema":{"@context":"https:\/\/schema.org","@graph":[{"@type":"Article","@id":"https:\/\/apuntesdesanluis.com\/index.php\/2023\/11\/23\/caso-amancay-apelan-el-fallo-que-rechazo-la-excarcelacion-del-imputado\/#article","isPartOf":{"@id":"https:\/\/apuntesdesanluis.com\/index.php\/2023\/11\/23\/caso-amancay-apelan-el-fallo-que-rechazo-la-excarcelacion-del-imputado\/"},"author":{"name":"apuntesdesanluis.com","@id":"https:\/\/apuntesdesanluis.com\/#\/schema\/person\/b55151d52296fcce64d1a72538a70b90"},"headline":"CASO AMANCAY: APELAN EL FALLO QUE RECHAZ\u00d3 LA EXCARCELACI\u00d3N DEL IMPUTADO","datePublished":"2023-11-23T10:55:15+00:00","mainEntityOfPage":{"@id":"https:\/\/apuntesdesanluis.com\/index.php\/2023\/11\/23\/caso-amancay-apelan-el-fallo-que-rechazo-la-excarcelacion-del-imputado\/"},"wordCount":1480,"publisher":{"@id":"https:\/\/apuntesdesanluis.com\/#\/schema\/person\/b55151d52296fcce64d1a72538a70b90"},"image":{"@id":"https:\/\/apuntesdesanluis.com\/index.php\/2023\/11\/23\/caso-amancay-apelan-el-fallo-que-rechazo-la-excarcelacion-del-imputado\/#primaryimage"},"thumbnailUrl":"https:\/\/apuntesdesanluis.com\/wp-content\/uploads\/2023\/11\/TRIBUNAL-1.png","articleSection":["Ciudad\/Provincia"],"inLanguage":"es-AR"},{"@type":"WebPage","@id":"https:\/\/apuntesdesanluis.com\/index.php\/2023\/11\/23\/caso-amancay-apelan-el-fallo-que-rechazo-la-excarcelacion-del-imputado\/","url":"https:\/\/apuntesdesanluis.com\/index.php\/2023\/11\/23\/caso-amancay-apelan-el-fallo-que-rechazo-la-excarcelacion-del-imputado\/","name":"CASO AMANCAY: APELAN EL FALLO QUE RECHAZ\u00d3 LA EXCARCELACI\u00d3N DEL IMPUTADO - Apuntes de San Luis","isPartOf":{"@id":"https:\/\/apuntesdesanluis.com\/#website"},"primaryImageOfPage":{"@id":"https:\/\/apuntesdesanluis.com\/index.php\/2023\/11\/23\/caso-amancay-apelan-el-fallo-que-rechazo-la-excarcelacion-del-imputado\/#primaryimage"},"image":{"@id":"https:\/\/apuntesdesanluis.com\/index.php\/2023\/11\/23\/caso-amancay-apelan-el-fallo-que-rechazo-la-excarcelacion-del-imputado\/#primaryimage"},"thumbnailUrl":"https:\/\/apuntesdesanluis.com\/wp-content\/uploads\/2023\/11\/TRIBUNAL-1.png","datePublished":"2023-11-23T10:55:15+00:00","breadcrumb":{"@id":"https:\/\/apuntesdesanluis.com\/index.php\/2023\/11\/23\/caso-amancay-apelan-el-fallo-que-rechazo-la-excarcelacion-del-imputado\/#breadcrumb"},"inLanguage":"es-AR","potentialAction":[{"@type":"ReadAction","target":["https:\/\/apuntesdesanluis.com\/index.php\/2023\/11\/23\/caso-amancay-apelan-el-fallo-que-rechazo-la-excarcelacion-del-imputado\/"]}]},{"@type":"ImageObject","inLanguage":"es-AR","@id":"https:\/\/apuntesdesanluis.com\/index.php\/2023\/11\/23\/caso-amancay-apelan-el-fallo-que-rechazo-la-excarcelacion-del-imputado\/#primaryimage","url":"https:\/\/apuntesdesanluis.com\/wp-content\/uploads\/2023\/11\/TRIBUNAL-1.png","contentUrl":"https:\/\/apuntesdesanluis.com\/wp-content\/uploads\/2023\/11\/TRIBUNAL-1.png","width":600,"height":342},{"@type":"BreadcrumbList","@id":"https:\/\/apuntesdesanluis.com\/index.php\/2023\/11\/23\/caso-amancay-apelan-el-fallo-que-rechazo-la-excarcelacion-del-imputado\/#breadcrumb","itemListElement":[{"@type":"ListItem","position":1,"name":"Inicio","item":"https:\/\/apuntesdesanluis.com\/"},{"@type":"ListItem","position":2,"name":"CASO AMANCAY: APELAN EL FALLO QUE RECHAZ\u00d3 LA EXCARCELACI\u00d3N DEL IMPUTADO"}]},{"@type":"WebSite","@id":"https:\/\/apuntesdesanluis.com\/#website","url":"https:\/\/apuntesdesanluis.com\/","name":"Apuntes de San Luis","description":"","publisher":{"@id":"https:\/\/apuntesdesanluis.com\/#\/schema\/person\/b55151d52296fcce64d1a72538a70b90"},"potentialAction":[{"@type":"SearchAction","target":{"@type":"EntryPoint","urlTemplate":"https:\/\/apuntesdesanluis.com\/?s={search_term_string}"},"query-input":{"@type":"PropertyValueSpecification","valueRequired":true,"valueName":"search_term_string"}}],"inLanguage":"es-AR"},{"@type":["Person","Organization"],"@id":"https:\/\/apuntesdesanluis.com\/#\/schema\/person\/b55151d52296fcce64d1a72538a70b90","name":"apuntesdesanluis.com","image":{"@type":"ImageObject","inLanguage":"es-AR","@id":"https:\/\/apuntesdesanluis.com\/#\/schema\/person\/image\/","url":"https:\/\/apuntesdesanluis.com\/wp-content\/uploads\/2023\/07\/cropped-apuntesdesanluis.png","contentUrl":"https:\/\/apuntesdesanluis.com\/wp-content\/uploads\/2023\/07\/cropped-apuntesdesanluis.png","width":450,"height":112,"caption":"apuntesdesanluis.com"},"logo":{"@id":"https:\/\/apuntesdesanluis.com\/#\/schema\/person\/image\/"},"sameAs":["https:\/\/apuntesdesanluis.com"],"url":"https:\/\/apuntesdesanluis.com\/index.php\/author\/apuntesdesanluis-com\/"}]}},"featured_image_urls":{"full":["https:\/\/apuntesdesanluis.com\/wp-content\/uploads\/2023\/11\/TRIBUNAL-1.png",600,342,false],"thumbnail":["https:\/\/apuntesdesanluis.com\/wp-content\/uploads\/2023\/11\/TRIBUNAL-1-150x150.png",150,150,true],"medium":["https:\/\/apuntesdesanluis.com\/wp-content\/uploads\/2023\/11\/TRIBUNAL-1-300x171.png",300,171,true],"medium_large":["https:\/\/apuntesdesanluis.com\/wp-content\/uploads\/2023\/11\/TRIBUNAL-1.png",600,342,false],"large":["https:\/\/apuntesdesanluis.com\/wp-content\/uploads\/2023\/11\/TRIBUNAL-1.png",600,342,false],"1536x1536":["https:\/\/apuntesdesanluis.com\/wp-content\/uploads\/2023\/11\/TRIBUNAL-1.png",600,342,false],"2048x2048":["https:\/\/apuntesdesanluis.com\/wp-content\/uploads\/2023\/11\/TRIBUNAL-1.png",600,342,false],"newsever-slider-full":["https:\/\/apuntesdesanluis.com\/wp-content\/uploads\/2023\/11\/TRIBUNAL-1.png",600,342,false],"newsever-featured":["https:\/\/apuntesdesanluis.com\/wp-content\/uploads\/2023\/11\/TRIBUNAL-1.png",600,342,false],"newsever-medium":["https:\/\/apuntesdesanluis.com\/wp-content\/uploads\/2023\/11\/TRIBUNAL-1.png",600,342,false]},"author_info":{"display_name":"apuntesdesanluis.com","author_link":"https:\/\/apuntesdesanluis.com\/index.php\/author\/apuntesdesanluis-com\/"},"category_info":"<a href=\"https:\/\/apuntesdesanluis.com\/index.php\/category\/ciudad-provincia\/\" rel=\"category tag\">Ciudad\/Provincia<\/a>","tag_info":"Ciudad\/Provincia","comment_count":"0","_links":{"self":[{"href":"https:\/\/apuntesdesanluis.com\/index.php\/wp-json\/wp\/v2\/posts\/7246","targetHints":{"allow":["GET"]}}],"collection":[{"href":"https:\/\/apuntesdesanluis.com\/index.php\/wp-json\/wp\/v2\/posts"}],"about":[{"href":"https:\/\/apuntesdesanluis.com\/index.php\/wp-json\/wp\/v2\/types\/post"}],"author":[{"embeddable":true,"href":"https:\/\/apuntesdesanluis.com\/index.php\/wp-json\/wp\/v2\/users\/1"}],"replies":[{"embeddable":true,"href":"https:\/\/apuntesdesanluis.com\/index.php\/wp-json\/wp\/v2\/comments?post=7246"}],"version-history":[{"count":1,"href":"https:\/\/apuntesdesanluis.com\/index.php\/wp-json\/wp\/v2\/posts\/7246\/revisions"}],"predecessor-version":[{"id":7249,"href":"https:\/\/apuntesdesanluis.com\/index.php\/wp-json\/wp\/v2\/posts\/7246\/revisions\/7249"}],"wp:featuredmedia":[{"embeddable":true,"href":"https:\/\/apuntesdesanluis.com\/index.php\/wp-json\/wp\/v2\/media\/7247"}],"wp:attachment":[{"href":"https:\/\/apuntesdesanluis.com\/index.php\/wp-json\/wp\/v2\/media?parent=7246"}],"wp:term":[{"taxonomy":"category","embeddable":true,"href":"https:\/\/apuntesdesanluis.com\/index.php\/wp-json\/wp\/v2\/categories?post=7246"},{"taxonomy":"post_tag","embeddable":true,"href":"https:\/\/apuntesdesanluis.com\/index.php\/wp-json\/wp\/v2\/tags?post=7246"}],"curies":[{"name":"wp","href":"https:\/\/api.w.org\/{rel}","templated":true}]}}