{"id":7250,"date":"2023-11-23T19:42:54","date_gmt":"2023-11-23T22:42:54","guid":{"rendered":"https:\/\/apuntesdesanluis.com\/?p=7250"},"modified":"2023-11-23T19:47:07","modified_gmt":"2023-11-23T22:47:07","slug":"formularon-cargos-a-conductor-alcoholizado-por-accidente-fatal-de-bolivianos","status":"publish","type":"post","link":"https:\/\/apuntesdesanluis.com\/index.php\/2023\/11\/23\/formularon-cargos-a-conductor-alcoholizado-por-accidente-fatal-de-bolivianos\/","title":{"rendered":"FORMULARON CARGOS A CONDUCTOR ALCOHOLIZADO POR ACCIDENTE FATAL DE BOLIVIANOS"},"content":{"rendered":"<h3>El Juez de Garant\u00eda N\u00b02 de la Tercera Circunscripci\u00f3n Judicial, Jorge Osvaldo Pinto, hizo lugar este martes a la formulaci\u00f3n de cargos en contra de <strong>E.T.V<\/strong>., un hombre de 46 a\u00f1os se\u00f1alado como autor del delito de homicidio culposo en accidente de tr\u00e1nsito.<\/h3>\n<h3>El hecho ocurri\u00f3 el 23 de octubre de 2022, pasadas las 21 hs., cuando una camioneta Toyota Hilux volc\u00f3 en la autopista N\u00b055 a unos tres kil\u00f3metros de Naschel. En el veh\u00edculo viajaban cinco personas de nacionalidad boliviana, que regresaban a la localidad luego de un festejo familiar en La Toma.<\/h3>\n<h3>Producto del accidente, la esposa del conductor, su comadre y un amigo perdieron la vida. Los tres viajaban en el asiento trasero del veh\u00edculo.<\/h3>\n<h3>Seg\u00fan el relato del acompa\u00f1ante, E.T.V. intent\u00f3 esquivar un animal que cruzaba por la ruta. A causa de dicha maniobra, la camioneta sali\u00f3 de la carpeta asf\u00e1ltica y termin\u00f3 dando varios tumbos.<\/h3>\n<h3>En la audiencia desarrollada este 21 de noviembre, la Fiscal Adjunta, Lorena Ohanian inform\u00f3 que, de acuerdo a las constancias de la causa, E.T.V. condujo bajo condiciones antirreglamentarias, ya que al momento de practicarle el alcohotest presentaba un dosaje de 2,28 gramos de alcohol por litro de sangre.<\/h3>\n<h3>En virtud de lo expuesto, lo imput\u00f3 formalmente como autor material del delito de homicidio culposo en accidente de tr\u00e1nsito, agravado por la conducci\u00f3n de autom\u00f3vil con un nivel de alcoholemia superior a un gramo por litro de sangre, en perjuicio de quien en vida se llamaran Felicidad Huallpa Ciprian y Leonardo P\u00e9rez Luizaga, en concurso real.<\/h3>\n<h3>En el caso de la esposa del imputado, la fiscal\u00eda desisti\u00f3 de promover la acci\u00f3n penal por aplicaci\u00f3n del principio de oportunidad basado en la teor\u00eda de la pena natural, previsto en el art\u00edculo 93, inciso b, del C\u00f3digo Procesal Penal de la provincia de San Luis, el cual determina que, en los delitos culposos, se podr\u00e1 prescindir total o parcialmente del ejercicio de la acci\u00f3n penal cuando el imputado haya sufrido, a consecuencia del hecho, un da\u00f1o f\u00edsico, ps\u00edquico o moral grave que torne desproporcionada la aplicaci\u00f3n de la pena.<\/h3>\n<h3>Asimismo, solicit\u00f3 un plazo de 120 para dar por concluida la etapa investigativa y, como medida de coerci\u00f3n para el imputado, la firma del libro del 1 al 10 de cada mes en la comisar\u00eda m\u00e1s cercana a su domicilio.<\/h3>\n<h3>La defensa de E.T.V. fue ejercida por los abogados Leonardo C\u00e9spedes y Carla Mondeli. El imputado se abstuvo de declarar, y sus defensores peticionaron que el concurso de delitos fuera en car\u00e1cter ideal, y no real como lo requiri\u00f3 la fiscal\u00eda. La fiscal hizo lugar al pedido, solicitando el concurso ideal de delitos.<\/h3>\n<h3>En su resoluci\u00f3n, el juez tuvo por formulados los cargos en contra de E.T.V., imponi\u00e9ndole como medida de coerci\u00f3n la firma del libro de imputados en la Comisar\u00eda N\u00b024 de Naschel del 1 al 10 de cada mes.<\/h3>\n<h3>Finalmente, fij\u00f3 un plazo de 120 d\u00edas para que la fiscal\u00eda finalice la investigaci\u00f3n y proceda, en su caso, a efectuar la correspondiente acusaci\u00f3n.<\/h3>\n<p>&nbsp;<\/p>\n<p>&nbsp;<\/p>\n<p>&nbsp;<\/p>\n","protected":false},"excerpt":{"rendered":"<p>El Juez de Garant\u00eda N\u00b02 de la Tercera Circunscripci\u00f3n Judicial, Jorge Osvaldo Pinto, hizo lugar&#8230;<\/p>\n","protected":false},"author":1,"featured_media":7251,"comment_status":"closed","ping_status":"closed","sticky":false,"template":"","format":"standard","meta":{"footnotes":""},"categories":[6],"tags":[],"class_list":["post-7250","post","type-post","status-publish","format-standard","has-post-thumbnail","hentry","category-ciudad-provincia"],"yoast_head":"<!-- This site is optimized with the Yoast SEO plugin v26.1.1 - https:\/\/yoast.com\/wordpress\/plugins\/seo\/ -->\n<title>FORMULARON CARGOS A CONDUCTOR ALCOHOLIZADO POR ACCIDENTE FATAL DE BOLIVIANOS - Apuntes de San Luis<\/title>\n<meta name=\"robots\" content=\"index, follow, max-snippet:-1, max-image-preview:large, max-video-preview:-1\" \/>\n<link rel=\"canonical\" href=\"https:\/\/apuntesdesanluis.com\/index.php\/2023\/11\/23\/formularon-cargos-a-conductor-alcoholizado-por-accidente-fatal-de-bolivianos\/\" \/>\n<meta property=\"og:locale\" content=\"es_ES\" \/>\n<meta property=\"og:type\" content=\"article\" \/>\n<meta property=\"og:title\" content=\"FORMULARON CARGOS A CONDUCTOR ALCOHOLIZADO POR ACCIDENTE FATAL DE BOLIVIANOS - Apuntes de San Luis\" \/>\n<meta property=\"og:description\" content=\"El Juez de Garant\u00eda N\u00b02 de la Tercera Circunscripci\u00f3n Judicial, Jorge Osvaldo Pinto, hizo lugar...\" \/>\n<meta property=\"og:url\" content=\"https:\/\/apuntesdesanluis.com\/index.php\/2023\/11\/23\/formularon-cargos-a-conductor-alcoholizado-por-accidente-fatal-de-bolivianos\/\" \/>\n<meta property=\"og:site_name\" content=\"Apuntes de San Luis\" \/>\n<meta property=\"article:published_time\" content=\"2023-11-23T22:42:54+00:00\" \/>\n<meta property=\"article:modified_time\" content=\"2023-11-23T22:47:07+00:00\" \/>\n<meta property=\"og:image\" content=\"https:\/\/apuntesdesanluis.com\/wp-content\/uploads\/2023\/11\/AUDIENCIA-7.png\" \/>\n\t<meta property=\"og:image:width\" content=\"533\" \/>\n\t<meta property=\"og:image:height\" content=\"300\" \/>\n\t<meta property=\"og:image:type\" content=\"image\/png\" \/>\n<meta name=\"author\" content=\"apuntesdesanluis.com\" \/>\n<meta name=\"twitter:card\" content=\"summary_large_image\" \/>\n<meta name=\"twitter:label1\" content=\"Escrito por\" \/>\n\t<meta name=\"twitter:data1\" content=\"apuntesdesanluis.com\" \/>\n\t<meta name=\"twitter:label2\" content=\"Tiempo de lectura\" \/>\n\t<meta name=\"twitter:data2\" content=\"3 minutos\" \/>\n<script type=\"application\/ld+json\" class=\"yoast-schema-graph\">{\"@context\":\"https:\/\/schema.org\",\"@graph\":[{\"@type\":\"Article\",\"@id\":\"https:\/\/apuntesdesanluis.com\/index.php\/2023\/11\/23\/formularon-cargos-a-conductor-alcoholizado-por-accidente-fatal-de-bolivianos\/#article\",\"isPartOf\":{\"@id\":\"https:\/\/apuntesdesanluis.com\/index.php\/2023\/11\/23\/formularon-cargos-a-conductor-alcoholizado-por-accidente-fatal-de-bolivianos\/\"},\"author\":{\"name\":\"apuntesdesanluis.com\",\"@id\":\"https:\/\/apuntesdesanluis.com\/#\/schema\/person\/b55151d52296fcce64d1a72538a70b90\"},\"headline\":\"FORMULARON CARGOS A CONDUCTOR ALCOHOLIZADO POR ACCIDENTE FATAL DE BOLIVIANOS\",\"datePublished\":\"2023-11-23T22:42:54+00:00\",\"dateModified\":\"2023-11-23T22:47:07+00:00\",\"mainEntityOfPage\":{\"@id\":\"https:\/\/apuntesdesanluis.com\/index.php\/2023\/11\/23\/formularon-cargos-a-conductor-alcoholizado-por-accidente-fatal-de-bolivianos\/\"},\"wordCount\":552,\"publisher\":{\"@id\":\"https:\/\/apuntesdesanluis.com\/#\/schema\/person\/b55151d52296fcce64d1a72538a70b90\"},\"image\":{\"@id\":\"https:\/\/apuntesdesanluis.com\/index.php\/2023\/11\/23\/formularon-cargos-a-conductor-alcoholizado-por-accidente-fatal-de-bolivianos\/#primaryimage\"},\"thumbnailUrl\":\"https:\/\/apuntesdesanluis.com\/wp-content\/uploads\/2023\/11\/AUDIENCIA-7.png\",\"articleSection\":[\"Ciudad\/Provincia\"],\"inLanguage\":\"es-AR\"},{\"@type\":\"WebPage\",\"@id\":\"https:\/\/apuntesdesanluis.com\/index.php\/2023\/11\/23\/formularon-cargos-a-conductor-alcoholizado-por-accidente-fatal-de-bolivianos\/\",\"url\":\"https:\/\/apuntesdesanluis.com\/index.php\/2023\/11\/23\/formularon-cargos-a-conductor-alcoholizado-por-accidente-fatal-de-bolivianos\/\",\"name\":\"FORMULARON CARGOS A CONDUCTOR ALCOHOLIZADO POR ACCIDENTE FATAL DE BOLIVIANOS - Apuntes de San Luis\",\"isPartOf\":{\"@id\":\"https:\/\/apuntesdesanluis.com\/#website\"},\"primaryImageOfPage\":{\"@id\":\"https:\/\/apuntesdesanluis.com\/index.php\/2023\/11\/23\/formularon-cargos-a-conductor-alcoholizado-por-accidente-fatal-de-bolivianos\/#primaryimage\"},\"image\":{\"@id\":\"https:\/\/apuntesdesanluis.com\/index.php\/2023\/11\/23\/formularon-cargos-a-conductor-alcoholizado-por-accidente-fatal-de-bolivianos\/#primaryimage\"},\"thumbnailUrl\":\"https:\/\/apuntesdesanluis.com\/wp-content\/uploads\/2023\/11\/AUDIENCIA-7.png\",\"datePublished\":\"2023-11-23T22:42:54+00:00\",\"dateModified\":\"2023-11-23T22:47:07+00:00\",\"breadcrumb\":{\"@id\":\"https:\/\/apuntesdesanluis.com\/index.php\/2023\/11\/23\/formularon-cargos-a-conductor-alcoholizado-por-accidente-fatal-de-bolivianos\/#breadcrumb\"},\"inLanguage\":\"es-AR\",\"potentialAction\":[{\"@type\":\"ReadAction\",\"target\":[\"https:\/\/apuntesdesanluis.com\/index.php\/2023\/11\/23\/formularon-cargos-a-conductor-alcoholizado-por-accidente-fatal-de-bolivianos\/\"]}]},{\"@type\":\"ImageObject\",\"inLanguage\":\"es-AR\",\"@id\":\"https:\/\/apuntesdesanluis.com\/index.php\/2023\/11\/23\/formularon-cargos-a-conductor-alcoholizado-por-accidente-fatal-de-bolivianos\/#primaryimage\",\"url\":\"https:\/\/apuntesdesanluis.com\/wp-content\/uploads\/2023\/11\/AUDIENCIA-7.png\",\"contentUrl\":\"https:\/\/apuntesdesanluis.com\/wp-content\/uploads\/2023\/11\/AUDIENCIA-7.png\",\"width\":533,\"height\":300},{\"@type\":\"BreadcrumbList\",\"@id\":\"https:\/\/apuntesdesanluis.com\/index.php\/2023\/11\/23\/formularon-cargos-a-conductor-alcoholizado-por-accidente-fatal-de-bolivianos\/#breadcrumb\",\"itemListElement\":[{\"@type\":\"ListItem\",\"position\":1,\"name\":\"Inicio\",\"item\":\"https:\/\/apuntesdesanluis.com\/\"},{\"@type\":\"ListItem\",\"position\":2,\"name\":\"FORMULARON CARGOS A CONDUCTOR ALCOHOLIZADO POR ACCIDENTE FATAL DE BOLIVIANOS\"}]},{\"@type\":\"WebSite\",\"@id\":\"https:\/\/apuntesdesanluis.com\/#website\",\"url\":\"https:\/\/apuntesdesanluis.com\/\",\"name\":\"Apuntes de San Luis\",\"description\":\"\",\"publisher\":{\"@id\":\"https:\/\/apuntesdesanluis.com\/#\/schema\/person\/b55151d52296fcce64d1a72538a70b90\"},\"potentialAction\":[{\"@type\":\"SearchAction\",\"target\":{\"@type\":\"EntryPoint\",\"urlTemplate\":\"https:\/\/apuntesdesanluis.com\/?s={search_term_string}\"},\"query-input\":{\"@type\":\"PropertyValueSpecification\",\"valueRequired\":true,\"valueName\":\"search_term_string\"}}],\"inLanguage\":\"es-AR\"},{\"@type\":[\"Person\",\"Organization\"],\"@id\":\"https:\/\/apuntesdesanluis.com\/#\/schema\/person\/b55151d52296fcce64d1a72538a70b90\",\"name\":\"apuntesdesanluis.com\",\"image\":{\"@type\":\"ImageObject\",\"inLanguage\":\"es-AR\",\"@id\":\"https:\/\/apuntesdesanluis.com\/#\/schema\/person\/image\/\",\"url\":\"https:\/\/apuntesdesanluis.com\/wp-content\/uploads\/2023\/07\/cropped-apuntesdesanluis.png\",\"contentUrl\":\"https:\/\/apuntesdesanluis.com\/wp-content\/uploads\/2023\/07\/cropped-apuntesdesanluis.png\",\"width\":450,\"height\":112,\"caption\":\"apuntesdesanluis.com\"},\"logo\":{\"@id\":\"https:\/\/apuntesdesanluis.com\/#\/schema\/person\/image\/\"},\"sameAs\":[\"https:\/\/apuntesdesanluis.com\"],\"url\":\"https:\/\/apuntesdesanluis.com\/index.php\/author\/apuntesdesanluis-com\/\"}]}<\/script>\n<!-- \/ Yoast SEO plugin. -->","yoast_head_json":{"title":"FORMULARON CARGOS A CONDUCTOR ALCOHOLIZADO POR ACCIDENTE FATAL DE BOLIVIANOS - Apuntes de San Luis","robots":{"index":"index","follow":"follow","max-snippet":"max-snippet:-1","max-image-preview":"max-image-preview:large","max-video-preview":"max-video-preview:-1"},"canonical":"https:\/\/apuntesdesanluis.com\/index.php\/2023\/11\/23\/formularon-cargos-a-conductor-alcoholizado-por-accidente-fatal-de-bolivianos\/","og_locale":"es_ES","og_type":"article","og_title":"FORMULARON CARGOS A CONDUCTOR ALCOHOLIZADO POR ACCIDENTE FATAL DE BOLIVIANOS - Apuntes de San Luis","og_description":"El Juez de Garant\u00eda N\u00b02 de la Tercera Circunscripci\u00f3n Judicial, Jorge Osvaldo Pinto, hizo lugar...","og_url":"https:\/\/apuntesdesanluis.com\/index.php\/2023\/11\/23\/formularon-cargos-a-conductor-alcoholizado-por-accidente-fatal-de-bolivianos\/","og_site_name":"Apuntes de San Luis","article_published_time":"2023-11-23T22:42:54+00:00","article_modified_time":"2023-11-23T22:47:07+00:00","og_image":[{"width":533,"height":300,"url":"https:\/\/apuntesdesanluis.com\/wp-content\/uploads\/2023\/11\/AUDIENCIA-7.png","type":"image\/png"}],"author":"apuntesdesanluis.com","twitter_card":"summary_large_image","twitter_misc":{"Escrito por":"apuntesdesanluis.com","Tiempo de lectura":"3 minutos"},"schema":{"@context":"https:\/\/schema.org","@graph":[{"@type":"Article","@id":"https:\/\/apuntesdesanluis.com\/index.php\/2023\/11\/23\/formularon-cargos-a-conductor-alcoholizado-por-accidente-fatal-de-bolivianos\/#article","isPartOf":{"@id":"https:\/\/apuntesdesanluis.com\/index.php\/2023\/11\/23\/formularon-cargos-a-conductor-alcoholizado-por-accidente-fatal-de-bolivianos\/"},"author":{"name":"apuntesdesanluis.com","@id":"https:\/\/apuntesdesanluis.com\/#\/schema\/person\/b55151d52296fcce64d1a72538a70b90"},"headline":"FORMULARON CARGOS A CONDUCTOR ALCOHOLIZADO POR ACCIDENTE FATAL DE BOLIVIANOS","datePublished":"2023-11-23T22:42:54+00:00","dateModified":"2023-11-23T22:47:07+00:00","mainEntityOfPage":{"@id":"https:\/\/apuntesdesanluis.com\/index.php\/2023\/11\/23\/formularon-cargos-a-conductor-alcoholizado-por-accidente-fatal-de-bolivianos\/"},"wordCount":552,"publisher":{"@id":"https:\/\/apuntesdesanluis.com\/#\/schema\/person\/b55151d52296fcce64d1a72538a70b90"},"image":{"@id":"https:\/\/apuntesdesanluis.com\/index.php\/2023\/11\/23\/formularon-cargos-a-conductor-alcoholizado-por-accidente-fatal-de-bolivianos\/#primaryimage"},"thumbnailUrl":"https:\/\/apuntesdesanluis.com\/wp-content\/uploads\/2023\/11\/AUDIENCIA-7.png","articleSection":["Ciudad\/Provincia"],"inLanguage":"es-AR"},{"@type":"WebPage","@id":"https:\/\/apuntesdesanluis.com\/index.php\/2023\/11\/23\/formularon-cargos-a-conductor-alcoholizado-por-accidente-fatal-de-bolivianos\/","url":"https:\/\/apuntesdesanluis.com\/index.php\/2023\/11\/23\/formularon-cargos-a-conductor-alcoholizado-por-accidente-fatal-de-bolivianos\/","name":"FORMULARON CARGOS A CONDUCTOR ALCOHOLIZADO POR ACCIDENTE FATAL DE BOLIVIANOS - Apuntes de San Luis","isPartOf":{"@id":"https:\/\/apuntesdesanluis.com\/#website"},"primaryImageOfPage":{"@id":"https:\/\/apuntesdesanluis.com\/index.php\/2023\/11\/23\/formularon-cargos-a-conductor-alcoholizado-por-accidente-fatal-de-bolivianos\/#primaryimage"},"image":{"@id":"https:\/\/apuntesdesanluis.com\/index.php\/2023\/11\/23\/formularon-cargos-a-conductor-alcoholizado-por-accidente-fatal-de-bolivianos\/#primaryimage"},"thumbnailUrl":"https:\/\/apuntesdesanluis.com\/wp-content\/uploads\/2023\/11\/AUDIENCIA-7.png","datePublished":"2023-11-23T22:42:54+00:00","dateModified":"2023-11-23T22:47:07+00:00","breadcrumb":{"@id":"https:\/\/apuntesdesanluis.com\/index.php\/2023\/11\/23\/formularon-cargos-a-conductor-alcoholizado-por-accidente-fatal-de-bolivianos\/#breadcrumb"},"inLanguage":"es-AR","potentialAction":[{"@type":"ReadAction","target":["https:\/\/apuntesdesanluis.com\/index.php\/2023\/11\/23\/formularon-cargos-a-conductor-alcoholizado-por-accidente-fatal-de-bolivianos\/"]}]},{"@type":"ImageObject","inLanguage":"es-AR","@id":"https:\/\/apuntesdesanluis.com\/index.php\/2023\/11\/23\/formularon-cargos-a-conductor-alcoholizado-por-accidente-fatal-de-bolivianos\/#primaryimage","url":"https:\/\/apuntesdesanluis.com\/wp-content\/uploads\/2023\/11\/AUDIENCIA-7.png","contentUrl":"https:\/\/apuntesdesanluis.com\/wp-content\/uploads\/2023\/11\/AUDIENCIA-7.png","width":533,"height":300},{"@type":"BreadcrumbList","@id":"https:\/\/apuntesdesanluis.com\/index.php\/2023\/11\/23\/formularon-cargos-a-conductor-alcoholizado-por-accidente-fatal-de-bolivianos\/#breadcrumb","itemListElement":[{"@type":"ListItem","position":1,"name":"Inicio","item":"https:\/\/apuntesdesanluis.com\/"},{"@type":"ListItem","position":2,"name":"FORMULARON CARGOS A CONDUCTOR ALCOHOLIZADO POR ACCIDENTE FATAL DE BOLIVIANOS"}]},{"@type":"WebSite","@id":"https:\/\/apuntesdesanluis.com\/#website","url":"https:\/\/apuntesdesanluis.com\/","name":"Apuntes de San Luis","description":"","publisher":{"@id":"https:\/\/apuntesdesanluis.com\/#\/schema\/person\/b55151d52296fcce64d1a72538a70b90"},"potentialAction":[{"@type":"SearchAction","target":{"@type":"EntryPoint","urlTemplate":"https:\/\/apuntesdesanluis.com\/?s={search_term_string}"},"query-input":{"@type":"PropertyValueSpecification","valueRequired":true,"valueName":"search_term_string"}}],"inLanguage":"es-AR"},{"@type":["Person","Organization"],"@id":"https:\/\/apuntesdesanluis.com\/#\/schema\/person\/b55151d52296fcce64d1a72538a70b90","name":"apuntesdesanluis.com","image":{"@type":"ImageObject","inLanguage":"es-AR","@id":"https:\/\/apuntesdesanluis.com\/#\/schema\/person\/image\/","url":"https:\/\/apuntesdesanluis.com\/wp-content\/uploads\/2023\/07\/cropped-apuntesdesanluis.png","contentUrl":"https:\/\/apuntesdesanluis.com\/wp-content\/uploads\/2023\/07\/cropped-apuntesdesanluis.png","width":450,"height":112,"caption":"apuntesdesanluis.com"},"logo":{"@id":"https:\/\/apuntesdesanluis.com\/#\/schema\/person\/image\/"},"sameAs":["https:\/\/apuntesdesanluis.com"],"url":"https:\/\/apuntesdesanluis.com\/index.php\/author\/apuntesdesanluis-com\/"}]}},"featured_image_urls":{"full":["https:\/\/apuntesdesanluis.com\/wp-content\/uploads\/2023\/11\/AUDIENCIA-7.png",533,300,false],"thumbnail":["https:\/\/apuntesdesanluis.com\/wp-content\/uploads\/2023\/11\/AUDIENCIA-7-150x150.png",150,150,true],"medium":["https:\/\/apuntesdesanluis.com\/wp-content\/uploads\/2023\/11\/AUDIENCIA-7-300x169.png",300,169,true],"medium_large":["https:\/\/apuntesdesanluis.com\/wp-content\/uploads\/2023\/11\/AUDIENCIA-7.png",533,300,false],"large":["https:\/\/apuntesdesanluis.com\/wp-content\/uploads\/2023\/11\/AUDIENCIA-7.png",533,300,false],"1536x1536":["https:\/\/apuntesdesanluis.com\/wp-content\/uploads\/2023\/11\/AUDIENCIA-7.png",533,300,false],"2048x2048":["https:\/\/apuntesdesanluis.com\/wp-content\/uploads\/2023\/11\/AUDIENCIA-7.png",533,300,false],"newsever-slider-full":["https:\/\/apuntesdesanluis.com\/wp-content\/uploads\/2023\/11\/AUDIENCIA-7.png",533,300,false],"newsever-featured":["https:\/\/apuntesdesanluis.com\/wp-content\/uploads\/2023\/11\/AUDIENCIA-7.png",533,300,false],"newsever-medium":["https:\/\/apuntesdesanluis.com\/wp-content\/uploads\/2023\/11\/AUDIENCIA-7.png",533,300,false]},"author_info":{"display_name":"apuntesdesanluis.com","author_link":"https:\/\/apuntesdesanluis.com\/index.php\/author\/apuntesdesanluis-com\/"},"category_info":"<a href=\"https:\/\/apuntesdesanluis.com\/index.php\/category\/ciudad-provincia\/\" rel=\"category tag\">Ciudad\/Provincia<\/a>","tag_info":"Ciudad\/Provincia","comment_count":"0","_links":{"self":[{"href":"https:\/\/apuntesdesanluis.com\/index.php\/wp-json\/wp\/v2\/posts\/7250","targetHints":{"allow":["GET"]}}],"collection":[{"href":"https:\/\/apuntesdesanluis.com\/index.php\/wp-json\/wp\/v2\/posts"}],"about":[{"href":"https:\/\/apuntesdesanluis.com\/index.php\/wp-json\/wp\/v2\/types\/post"}],"author":[{"embeddable":true,"href":"https:\/\/apuntesdesanluis.com\/index.php\/wp-json\/wp\/v2\/users\/1"}],"replies":[{"embeddable":true,"href":"https:\/\/apuntesdesanluis.com\/index.php\/wp-json\/wp\/v2\/comments?post=7250"}],"version-history":[{"count":2,"href":"https:\/\/apuntesdesanluis.com\/index.php\/wp-json\/wp\/v2\/posts\/7250\/revisions"}],"predecessor-version":[{"id":7258,"href":"https:\/\/apuntesdesanluis.com\/index.php\/wp-json\/wp\/v2\/posts\/7250\/revisions\/7258"}],"wp:featuredmedia":[{"embeddable":true,"href":"https:\/\/apuntesdesanluis.com\/index.php\/wp-json\/wp\/v2\/media\/7251"}],"wp:attachment":[{"href":"https:\/\/apuntesdesanluis.com\/index.php\/wp-json\/wp\/v2\/media?parent=7250"}],"wp:term":[{"taxonomy":"category","embeddable":true,"href":"https:\/\/apuntesdesanluis.com\/index.php\/wp-json\/wp\/v2\/categories?post=7250"},{"taxonomy":"post_tag","embeddable":true,"href":"https:\/\/apuntesdesanluis.com\/index.php\/wp-json\/wp\/v2\/tags?post=7250"}],"curies":[{"name":"wp","href":"https:\/\/api.w.org\/{rel}","templated":true}]}}