{"id":7253,"date":"2023-11-23T19:46:17","date_gmt":"2023-11-23T22:46:17","guid":{"rendered":"https:\/\/apuntesdesanluis.com\/?p=7253"},"modified":"2023-11-23T19:51:17","modified_gmt":"2023-11-23T22:51:17","slug":"la-rectora-de-la-unlc-diserto-en-encuentro-internacional-sobre-el-futuro-de-la-educacion-superior","status":"publish","type":"post","link":"https:\/\/apuntesdesanluis.com\/index.php\/2023\/11\/23\/la-rectora-de-la-unlc-diserto-en-encuentro-internacional-sobre-el-futuro-de-la-educacion-superior\/","title":{"rendered":"LA RECTORA DE LA UNLC DISERT\u00d3 EN ENCUENTRO INTERNACIONAL SOBRE EL FUTURO DE LA EDUCACI\u00d3N SUPERIOR"},"content":{"rendered":"<h3>La rectora de la <strong>Universidad Nacional de los Comechingones<\/strong>, <strong>Agustina Rodr\u00edguez Sa\u00e1<\/strong>, particip\u00f3 en el d\u00e9cimo encuentro de Redes de Educaci\u00f3n Superior y Consejos de Rectores de Am\u00e9rica Latina y el Caribe, RedES, organizado por el Instituto Internacional de la UNESCO para la Educaci\u00f3n Superior en Am\u00e9rica Latina y el Caribe (IESALC), en un esfuerzo por evaluar los avances, desaf\u00edos y problem\u00e1ticas emergentes en el \u00e1mbito de la educaci\u00f3n superior.<\/h3>\n<p><img fetchpriority=\"high\" decoding=\"async\" class=\"wp-image-7259 aligncenter\" src=\"https:\/\/apuntesdesanluis.com\/wp-content\/uploads\/2023\/11\/AGUSTINA-RODRIGUEZ-SAA-230x300.png\" alt=\"\" width=\"527\" height=\"687\" \/><\/p>\n<h3>El evento se llev\u00f3 a cabo en la Universidad Nacional de Asunci\u00f3n (Paraguay) los d\u00edas 22 y 23 de noviembre, con eje en la digitalizaci\u00f3n como una de las oportunidades de transformaci\u00f3n de la Educaci\u00f3n Superior. En su intervenci\u00f3n, la Rectora habl\u00f3 de la necesidad de incorporar una perspectiva de g\u00e9nero en la inteligencia artificial para la educaci\u00f3n superior. \u201cEn un momento en el que las tecnolog\u00edas digitales est\u00e1n transformando la vida cotidiana, las mujeres estamos infrarrepresentadas tanto en la investigaci\u00f3n como el dise\u00f1o de estas tecnolog\u00edas\u201d, dijo. \u201cSolo el 20% de quienes desempe\u00f1an funciones t\u00e9cnicas en empresas de aprendizaje autom\u00e1tico, el 12% de los investigadores de inteligencia artificial a nivel mundial y el 6% de quienes se dedican al desarrollo de software son mujeres\u201d, destac\u00f3 la Rectora y agreg\u00f3 que \u201ces importante destacar la relevancia de incorporar la perspectiva de g\u00e9nero en todo el abordaje de la incorporaci\u00f3n de las tecnolog\u00edas y en particular de la IA en el \u00e1mbito de nuestras universidades, para generar pol\u00edticas justas e inclusivas\u201d.<\/h3>\n<h3>El encuentro, auspiciado por diversas instituciones, incluyendo el IESALC y el Espacio Latinoamericano y Caribe\u00f1o de Educaci\u00f3n Superior (ENLACES), se posiciona como parte fundamental de la preparaci\u00f3n para la reuni\u00f3n de seguimiento de la CRES+5, programada para marzo de 2024. Uno de los principales objetivos de RedES fue el an\u00e1lisis y debate de los logros y desaf\u00edos de las transformaciones digitales en la educaci\u00f3n superior. En un intercambio de ideas y experiencias, se busc\u00f3 formular un dec\u00e1logo de gesti\u00f3n que pueda orientar las pol\u00edticas y pr\u00e1cticas futuras en el \u00e1mbito educativo de la regi\u00f3n.<\/h3>\n<h3>Este evento demuestra el compromiso continuo de las instituciones de educaci\u00f3n superior en Am\u00e9rica Latina y el Caribe con la mejora constante y la adaptaci\u00f3n a los cambios globales. La mirada hacia el futuro resalta la importancia de abordar los desaf\u00edos actuales con enfoques innovadores y equitativos con la voluntad colectiva de construir un futuro educativo m\u00e1s inclusivo y avanzado.<\/h3>\n<h3><strong>NOTICIA RELACIONADA:<\/strong><\/h3>\n<h3><a href=\"https:\/\/www.unlc.edu.ar\/2023\/11\/22\/esta-abierta-la-inscripcion-para-la-tecnicatura-universitaria-en-educacion-profesional-en-la-unlc\/\"><span style=\"color: #3366ff;\"><strong>INSCRIBEN PARA TECNICATURA UNIVERSITARIA EN EDUCACI\u00d3N PROFESIONAL EN LA UNLC<\/strong><\/span><\/a><\/h3>\n<p>&nbsp;<\/p>\n<p>&nbsp;<\/p>\n<p>&nbsp;<\/p>\n<p>&nbsp;<\/p>\n","protected":false},"excerpt":{"rendered":"<p>La rectora de la Universidad Nacional de los Comechingones, Agustina Rodr\u00edguez Sa\u00e1, particip\u00f3 en el&#8230;<\/p>\n","protected":false},"author":1,"featured_media":7254,"comment_status":"closed","ping_status":"closed","sticky":false,"template":"","format":"standard","meta":{"footnotes":""},"categories":[6],"tags":[],"class_list":["post-7253","post","type-post","status-publish","format-standard","has-post-thumbnail","hentry","category-ciudad-provincia"],"yoast_head":"<!-- This site is optimized with the Yoast SEO plugin v26.1.1 - https:\/\/yoast.com\/wordpress\/plugins\/seo\/ -->\n<title>LA RECTORA DE LA UNLC DISERT\u00d3 EN ENCUENTRO INTERNACIONAL SOBRE EL FUTURO DE LA EDUCACI\u00d3N SUPERIOR - Apuntes de San Luis<\/title>\n<meta name=\"robots\" content=\"index, follow, max-snippet:-1, max-image-preview:large, max-video-preview:-1\" \/>\n<link rel=\"canonical\" href=\"https:\/\/apuntesdesanluis.com\/index.php\/2023\/11\/23\/la-rectora-de-la-unlc-diserto-en-encuentro-internacional-sobre-el-futuro-de-la-educacion-superior\/\" \/>\n<meta property=\"og:locale\" content=\"es_ES\" \/>\n<meta property=\"og:type\" content=\"article\" \/>\n<meta property=\"og:title\" content=\"LA RECTORA DE LA UNLC DISERT\u00d3 EN ENCUENTRO INTERNACIONAL SOBRE EL FUTURO DE LA EDUCACI\u00d3N SUPERIOR - Apuntes de San Luis\" \/>\n<meta property=\"og:description\" content=\"La rectora de la Universidad Nacional de los Comechingones, Agustina Rodr\u00edguez Sa\u00e1, particip\u00f3 en el...\" \/>\n<meta property=\"og:url\" content=\"https:\/\/apuntesdesanluis.com\/index.php\/2023\/11\/23\/la-rectora-de-la-unlc-diserto-en-encuentro-internacional-sobre-el-futuro-de-la-educacion-superior\/\" \/>\n<meta property=\"og:site_name\" content=\"Apuntes de San Luis\" \/>\n<meta property=\"article:published_time\" content=\"2023-11-23T22:46:17+00:00\" \/>\n<meta property=\"article:modified_time\" content=\"2023-11-23T22:51:17+00:00\" \/>\n<meta property=\"og:image\" content=\"https:\/\/apuntesdesanluis.com\/wp-content\/uploads\/2023\/11\/UNLC.png\" \/>\n\t<meta property=\"og:image:width\" content=\"600\" \/>\n\t<meta property=\"og:image:height\" content=\"359\" \/>\n\t<meta property=\"og:image:type\" content=\"image\/png\" \/>\n<meta name=\"author\" content=\"apuntesdesanluis.com\" \/>\n<meta name=\"twitter:card\" content=\"summary_large_image\" \/>\n<meta name=\"twitter:label1\" content=\"Escrito por\" \/>\n\t<meta name=\"twitter:data1\" content=\"apuntesdesanluis.com\" \/>\n\t<meta name=\"twitter:label2\" content=\"Tiempo de lectura\" \/>\n\t<meta name=\"twitter:data2\" content=\"3 minutos\" \/>\n<script type=\"application\/ld+json\" class=\"yoast-schema-graph\">{\"@context\":\"https:\/\/schema.org\",\"@graph\":[{\"@type\":\"Article\",\"@id\":\"https:\/\/apuntesdesanluis.com\/index.php\/2023\/11\/23\/la-rectora-de-la-unlc-diserto-en-encuentro-internacional-sobre-el-futuro-de-la-educacion-superior\/#article\",\"isPartOf\":{\"@id\":\"https:\/\/apuntesdesanluis.com\/index.php\/2023\/11\/23\/la-rectora-de-la-unlc-diserto-en-encuentro-internacional-sobre-el-futuro-de-la-educacion-superior\/\"},\"author\":{\"name\":\"apuntesdesanluis.com\",\"@id\":\"https:\/\/apuntesdesanluis.com\/#\/schema\/person\/b55151d52296fcce64d1a72538a70b90\"},\"headline\":\"LA RECTORA DE LA UNLC DISERT\u00d3 EN ENCUENTRO INTERNACIONAL SOBRE EL FUTURO DE LA EDUCACI\u00d3N SUPERIOR\",\"datePublished\":\"2023-11-23T22:46:17+00:00\",\"dateModified\":\"2023-11-23T22:51:17+00:00\",\"mainEntityOfPage\":{\"@id\":\"https:\/\/apuntesdesanluis.com\/index.php\/2023\/11\/23\/la-rectora-de-la-unlc-diserto-en-encuentro-internacional-sobre-el-futuro-de-la-educacion-superior\/\"},\"wordCount\":468,\"publisher\":{\"@id\":\"https:\/\/apuntesdesanluis.com\/#\/schema\/person\/b55151d52296fcce64d1a72538a70b90\"},\"image\":{\"@id\":\"https:\/\/apuntesdesanluis.com\/index.php\/2023\/11\/23\/la-rectora-de-la-unlc-diserto-en-encuentro-internacional-sobre-el-futuro-de-la-educacion-superior\/#primaryimage\"},\"thumbnailUrl\":\"https:\/\/apuntesdesanluis.com\/wp-content\/uploads\/2023\/11\/UNLC.png\",\"articleSection\":[\"Ciudad\/Provincia\"],\"inLanguage\":\"es-AR\"},{\"@type\":\"WebPage\",\"@id\":\"https:\/\/apuntesdesanluis.com\/index.php\/2023\/11\/23\/la-rectora-de-la-unlc-diserto-en-encuentro-internacional-sobre-el-futuro-de-la-educacion-superior\/\",\"url\":\"https:\/\/apuntesdesanluis.com\/index.php\/2023\/11\/23\/la-rectora-de-la-unlc-diserto-en-encuentro-internacional-sobre-el-futuro-de-la-educacion-superior\/\",\"name\":\"LA RECTORA DE LA UNLC DISERT\u00d3 EN ENCUENTRO INTERNACIONAL SOBRE EL FUTURO DE LA EDUCACI\u00d3N SUPERIOR - Apuntes de San Luis\",\"isPartOf\":{\"@id\":\"https:\/\/apuntesdesanluis.com\/#website\"},\"primaryImageOfPage\":{\"@id\":\"https:\/\/apuntesdesanluis.com\/index.php\/2023\/11\/23\/la-rectora-de-la-unlc-diserto-en-encuentro-internacional-sobre-el-futuro-de-la-educacion-superior\/#primaryimage\"},\"image\":{\"@id\":\"https:\/\/apuntesdesanluis.com\/index.php\/2023\/11\/23\/la-rectora-de-la-unlc-diserto-en-encuentro-internacional-sobre-el-futuro-de-la-educacion-superior\/#primaryimage\"},\"thumbnailUrl\":\"https:\/\/apuntesdesanluis.com\/wp-content\/uploads\/2023\/11\/UNLC.png\",\"datePublished\":\"2023-11-23T22:46:17+00:00\",\"dateModified\":\"2023-11-23T22:51:17+00:00\",\"breadcrumb\":{\"@id\":\"https:\/\/apuntesdesanluis.com\/index.php\/2023\/11\/23\/la-rectora-de-la-unlc-diserto-en-encuentro-internacional-sobre-el-futuro-de-la-educacion-superior\/#breadcrumb\"},\"inLanguage\":\"es-AR\",\"potentialAction\":[{\"@type\":\"ReadAction\",\"target\":[\"https:\/\/apuntesdesanluis.com\/index.php\/2023\/11\/23\/la-rectora-de-la-unlc-diserto-en-encuentro-internacional-sobre-el-futuro-de-la-educacion-superior\/\"]}]},{\"@type\":\"ImageObject\",\"inLanguage\":\"es-AR\",\"@id\":\"https:\/\/apuntesdesanluis.com\/index.php\/2023\/11\/23\/la-rectora-de-la-unlc-diserto-en-encuentro-internacional-sobre-el-futuro-de-la-educacion-superior\/#primaryimage\",\"url\":\"https:\/\/apuntesdesanluis.com\/wp-content\/uploads\/2023\/11\/UNLC.png\",\"contentUrl\":\"https:\/\/apuntesdesanluis.com\/wp-content\/uploads\/2023\/11\/UNLC.png\",\"width\":600,\"height\":359},{\"@type\":\"BreadcrumbList\",\"@id\":\"https:\/\/apuntesdesanluis.com\/index.php\/2023\/11\/23\/la-rectora-de-la-unlc-diserto-en-encuentro-internacional-sobre-el-futuro-de-la-educacion-superior\/#breadcrumb\",\"itemListElement\":[{\"@type\":\"ListItem\",\"position\":1,\"name\":\"Inicio\",\"item\":\"https:\/\/apuntesdesanluis.com\/\"},{\"@type\":\"ListItem\",\"position\":2,\"name\":\"LA RECTORA DE LA UNLC DISERT\u00d3 EN ENCUENTRO INTERNACIONAL SOBRE EL FUTURO DE LA EDUCACI\u00d3N SUPERIOR\"}]},{\"@type\":\"WebSite\",\"@id\":\"https:\/\/apuntesdesanluis.com\/#website\",\"url\":\"https:\/\/apuntesdesanluis.com\/\",\"name\":\"Apuntes de San Luis\",\"description\":\"\",\"publisher\":{\"@id\":\"https:\/\/apuntesdesanluis.com\/#\/schema\/person\/b55151d52296fcce64d1a72538a70b90\"},\"potentialAction\":[{\"@type\":\"SearchAction\",\"target\":{\"@type\":\"EntryPoint\",\"urlTemplate\":\"https:\/\/apuntesdesanluis.com\/?s={search_term_string}\"},\"query-input\":{\"@type\":\"PropertyValueSpecification\",\"valueRequired\":true,\"valueName\":\"search_term_string\"}}],\"inLanguage\":\"es-AR\"},{\"@type\":[\"Person\",\"Organization\"],\"@id\":\"https:\/\/apuntesdesanluis.com\/#\/schema\/person\/b55151d52296fcce64d1a72538a70b90\",\"name\":\"apuntesdesanluis.com\",\"image\":{\"@type\":\"ImageObject\",\"inLanguage\":\"es-AR\",\"@id\":\"https:\/\/apuntesdesanluis.com\/#\/schema\/person\/image\/\",\"url\":\"https:\/\/apuntesdesanluis.com\/wp-content\/uploads\/2023\/07\/cropped-apuntesdesanluis.png\",\"contentUrl\":\"https:\/\/apuntesdesanluis.com\/wp-content\/uploads\/2023\/07\/cropped-apuntesdesanluis.png\",\"width\":450,\"height\":112,\"caption\":\"apuntesdesanluis.com\"},\"logo\":{\"@id\":\"https:\/\/apuntesdesanluis.com\/#\/schema\/person\/image\/\"},\"sameAs\":[\"https:\/\/apuntesdesanluis.com\"],\"url\":\"https:\/\/apuntesdesanluis.com\/index.php\/author\/apuntesdesanluis-com\/\"}]}<\/script>\n<!-- \/ Yoast SEO plugin. -->","yoast_head_json":{"title":"LA RECTORA DE LA UNLC DISERT\u00d3 EN ENCUENTRO INTERNACIONAL SOBRE EL FUTURO DE LA EDUCACI\u00d3N SUPERIOR - Apuntes de San Luis","robots":{"index":"index","follow":"follow","max-snippet":"max-snippet:-1","max-image-preview":"max-image-preview:large","max-video-preview":"max-video-preview:-1"},"canonical":"https:\/\/apuntesdesanluis.com\/index.php\/2023\/11\/23\/la-rectora-de-la-unlc-diserto-en-encuentro-internacional-sobre-el-futuro-de-la-educacion-superior\/","og_locale":"es_ES","og_type":"article","og_title":"LA RECTORA DE LA UNLC DISERT\u00d3 EN ENCUENTRO INTERNACIONAL SOBRE EL FUTURO DE LA EDUCACI\u00d3N SUPERIOR - Apuntes de San Luis","og_description":"La rectora de la Universidad Nacional de los Comechingones, Agustina Rodr\u00edguez Sa\u00e1, particip\u00f3 en el...","og_url":"https:\/\/apuntesdesanluis.com\/index.php\/2023\/11\/23\/la-rectora-de-la-unlc-diserto-en-encuentro-internacional-sobre-el-futuro-de-la-educacion-superior\/","og_site_name":"Apuntes de San Luis","article_published_time":"2023-11-23T22:46:17+00:00","article_modified_time":"2023-11-23T22:51:17+00:00","og_image":[{"width":600,"height":359,"url":"https:\/\/apuntesdesanluis.com\/wp-content\/uploads\/2023\/11\/UNLC.png","type":"image\/png"}],"author":"apuntesdesanluis.com","twitter_card":"summary_large_image","twitter_misc":{"Escrito por":"apuntesdesanluis.com","Tiempo de lectura":"3 minutos"},"schema":{"@context":"https:\/\/schema.org","@graph":[{"@type":"Article","@id":"https:\/\/apuntesdesanluis.com\/index.php\/2023\/11\/23\/la-rectora-de-la-unlc-diserto-en-encuentro-internacional-sobre-el-futuro-de-la-educacion-superior\/#article","isPartOf":{"@id":"https:\/\/apuntesdesanluis.com\/index.php\/2023\/11\/23\/la-rectora-de-la-unlc-diserto-en-encuentro-internacional-sobre-el-futuro-de-la-educacion-superior\/"},"author":{"name":"apuntesdesanluis.com","@id":"https:\/\/apuntesdesanluis.com\/#\/schema\/person\/b55151d52296fcce64d1a72538a70b90"},"headline":"LA RECTORA DE LA UNLC DISERT\u00d3 EN ENCUENTRO INTERNACIONAL SOBRE EL FUTURO DE LA EDUCACI\u00d3N SUPERIOR","datePublished":"2023-11-23T22:46:17+00:00","dateModified":"2023-11-23T22:51:17+00:00","mainEntityOfPage":{"@id":"https:\/\/apuntesdesanluis.com\/index.php\/2023\/11\/23\/la-rectora-de-la-unlc-diserto-en-encuentro-internacional-sobre-el-futuro-de-la-educacion-superior\/"},"wordCount":468,"publisher":{"@id":"https:\/\/apuntesdesanluis.com\/#\/schema\/person\/b55151d52296fcce64d1a72538a70b90"},"image":{"@id":"https:\/\/apuntesdesanluis.com\/index.php\/2023\/11\/23\/la-rectora-de-la-unlc-diserto-en-encuentro-internacional-sobre-el-futuro-de-la-educacion-superior\/#primaryimage"},"thumbnailUrl":"https:\/\/apuntesdesanluis.com\/wp-content\/uploads\/2023\/11\/UNLC.png","articleSection":["Ciudad\/Provincia"],"inLanguage":"es-AR"},{"@type":"WebPage","@id":"https:\/\/apuntesdesanluis.com\/index.php\/2023\/11\/23\/la-rectora-de-la-unlc-diserto-en-encuentro-internacional-sobre-el-futuro-de-la-educacion-superior\/","url":"https:\/\/apuntesdesanluis.com\/index.php\/2023\/11\/23\/la-rectora-de-la-unlc-diserto-en-encuentro-internacional-sobre-el-futuro-de-la-educacion-superior\/","name":"LA RECTORA DE LA UNLC DISERT\u00d3 EN ENCUENTRO INTERNACIONAL SOBRE EL FUTURO DE LA EDUCACI\u00d3N SUPERIOR - Apuntes de San Luis","isPartOf":{"@id":"https:\/\/apuntesdesanluis.com\/#website"},"primaryImageOfPage":{"@id":"https:\/\/apuntesdesanluis.com\/index.php\/2023\/11\/23\/la-rectora-de-la-unlc-diserto-en-encuentro-internacional-sobre-el-futuro-de-la-educacion-superior\/#primaryimage"},"image":{"@id":"https:\/\/apuntesdesanluis.com\/index.php\/2023\/11\/23\/la-rectora-de-la-unlc-diserto-en-encuentro-internacional-sobre-el-futuro-de-la-educacion-superior\/#primaryimage"},"thumbnailUrl":"https:\/\/apuntesdesanluis.com\/wp-content\/uploads\/2023\/11\/UNLC.png","datePublished":"2023-11-23T22:46:17+00:00","dateModified":"2023-11-23T22:51:17+00:00","breadcrumb":{"@id":"https:\/\/apuntesdesanluis.com\/index.php\/2023\/11\/23\/la-rectora-de-la-unlc-diserto-en-encuentro-internacional-sobre-el-futuro-de-la-educacion-superior\/#breadcrumb"},"inLanguage":"es-AR","potentialAction":[{"@type":"ReadAction","target":["https:\/\/apuntesdesanluis.com\/index.php\/2023\/11\/23\/la-rectora-de-la-unlc-diserto-en-encuentro-internacional-sobre-el-futuro-de-la-educacion-superior\/"]}]},{"@type":"ImageObject","inLanguage":"es-AR","@id":"https:\/\/apuntesdesanluis.com\/index.php\/2023\/11\/23\/la-rectora-de-la-unlc-diserto-en-encuentro-internacional-sobre-el-futuro-de-la-educacion-superior\/#primaryimage","url":"https:\/\/apuntesdesanluis.com\/wp-content\/uploads\/2023\/11\/UNLC.png","contentUrl":"https:\/\/apuntesdesanluis.com\/wp-content\/uploads\/2023\/11\/UNLC.png","width":600,"height":359},{"@type":"BreadcrumbList","@id":"https:\/\/apuntesdesanluis.com\/index.php\/2023\/11\/23\/la-rectora-de-la-unlc-diserto-en-encuentro-internacional-sobre-el-futuro-de-la-educacion-superior\/#breadcrumb","itemListElement":[{"@type":"ListItem","position":1,"name":"Inicio","item":"https:\/\/apuntesdesanluis.com\/"},{"@type":"ListItem","position":2,"name":"LA RECTORA DE LA UNLC DISERT\u00d3 EN ENCUENTRO INTERNACIONAL SOBRE EL FUTURO DE LA EDUCACI\u00d3N SUPERIOR"}]},{"@type":"WebSite","@id":"https:\/\/apuntesdesanluis.com\/#website","url":"https:\/\/apuntesdesanluis.com\/","name":"Apuntes de San Luis","description":"","publisher":{"@id":"https:\/\/apuntesdesanluis.com\/#\/schema\/person\/b55151d52296fcce64d1a72538a70b90"},"potentialAction":[{"@type":"SearchAction","target":{"@type":"EntryPoint","urlTemplate":"https:\/\/apuntesdesanluis.com\/?s={search_term_string}"},"query-input":{"@type":"PropertyValueSpecification","valueRequired":true,"valueName":"search_term_string"}}],"inLanguage":"es-AR"},{"@type":["Person","Organization"],"@id":"https:\/\/apuntesdesanluis.com\/#\/schema\/person\/b55151d52296fcce64d1a72538a70b90","name":"apuntesdesanluis.com","image":{"@type":"ImageObject","inLanguage":"es-AR","@id":"https:\/\/apuntesdesanluis.com\/#\/schema\/person\/image\/","url":"https:\/\/apuntesdesanluis.com\/wp-content\/uploads\/2023\/07\/cropped-apuntesdesanluis.png","contentUrl":"https:\/\/apuntesdesanluis.com\/wp-content\/uploads\/2023\/07\/cropped-apuntesdesanluis.png","width":450,"height":112,"caption":"apuntesdesanluis.com"},"logo":{"@id":"https:\/\/apuntesdesanluis.com\/#\/schema\/person\/image\/"},"sameAs":["https:\/\/apuntesdesanluis.com"],"url":"https:\/\/apuntesdesanluis.com\/index.php\/author\/apuntesdesanluis-com\/"}]}},"featured_image_urls":{"full":["https:\/\/apuntesdesanluis.com\/wp-content\/uploads\/2023\/11\/UNLC.png",600,359,false],"thumbnail":["https:\/\/apuntesdesanluis.com\/wp-content\/uploads\/2023\/11\/UNLC-150x150.png",150,150,true],"medium":["https:\/\/apuntesdesanluis.com\/wp-content\/uploads\/2023\/11\/UNLC-300x180.png",300,180,true],"medium_large":["https:\/\/apuntesdesanluis.com\/wp-content\/uploads\/2023\/11\/UNLC.png",600,359,false],"large":["https:\/\/apuntesdesanluis.com\/wp-content\/uploads\/2023\/11\/UNLC.png",600,359,false],"1536x1536":["https:\/\/apuntesdesanluis.com\/wp-content\/uploads\/2023\/11\/UNLC.png",600,359,false],"2048x2048":["https:\/\/apuntesdesanluis.com\/wp-content\/uploads\/2023\/11\/UNLC.png",600,359,false],"newsever-slider-full":["https:\/\/apuntesdesanluis.com\/wp-content\/uploads\/2023\/11\/UNLC.png",600,359,false],"newsever-featured":["https:\/\/apuntesdesanluis.com\/wp-content\/uploads\/2023\/11\/UNLC.png",600,359,false],"newsever-medium":["https:\/\/apuntesdesanluis.com\/wp-content\/uploads\/2023\/11\/UNLC.png",600,359,false]},"author_info":{"display_name":"apuntesdesanluis.com","author_link":"https:\/\/apuntesdesanluis.com\/index.php\/author\/apuntesdesanluis-com\/"},"category_info":"<a href=\"https:\/\/apuntesdesanluis.com\/index.php\/category\/ciudad-provincia\/\" rel=\"category tag\">Ciudad\/Provincia<\/a>","tag_info":"Ciudad\/Provincia","comment_count":"0","_links":{"self":[{"href":"https:\/\/apuntesdesanluis.com\/index.php\/wp-json\/wp\/v2\/posts\/7253","targetHints":{"allow":["GET"]}}],"collection":[{"href":"https:\/\/apuntesdesanluis.com\/index.php\/wp-json\/wp\/v2\/posts"}],"about":[{"href":"https:\/\/apuntesdesanluis.com\/index.php\/wp-json\/wp\/v2\/types\/post"}],"author":[{"embeddable":true,"href":"https:\/\/apuntesdesanluis.com\/index.php\/wp-json\/wp\/v2\/users\/1"}],"replies":[{"embeddable":true,"href":"https:\/\/apuntesdesanluis.com\/index.php\/wp-json\/wp\/v2\/comments?post=7253"}],"version-history":[{"count":8,"href":"https:\/\/apuntesdesanluis.com\/index.php\/wp-json\/wp\/v2\/posts\/7253\/revisions"}],"predecessor-version":[{"id":7264,"href":"https:\/\/apuntesdesanluis.com\/index.php\/wp-json\/wp\/v2\/posts\/7253\/revisions\/7264"}],"wp:featuredmedia":[{"embeddable":true,"href":"https:\/\/apuntesdesanluis.com\/index.php\/wp-json\/wp\/v2\/media\/7254"}],"wp:attachment":[{"href":"https:\/\/apuntesdesanluis.com\/index.php\/wp-json\/wp\/v2\/media?parent=7253"}],"wp:term":[{"taxonomy":"category","embeddable":true,"href":"https:\/\/apuntesdesanluis.com\/index.php\/wp-json\/wp\/v2\/categories?post=7253"},{"taxonomy":"post_tag","embeddable":true,"href":"https:\/\/apuntesdesanluis.com\/index.php\/wp-json\/wp\/v2\/tags?post=7253"}],"curies":[{"name":"wp","href":"https:\/\/api.w.org\/{rel}","templated":true}]}}