{"id":727,"date":"2023-07-30T10:20:19","date_gmt":"2023-07-30T13:20:19","guid":{"rendered":"https:\/\/apuntesdesanluis.com\/?p=727"},"modified":"2023-07-30T21:27:46","modified_gmt":"2023-07-31T00:27:46","slug":"catastro-avanza-hacia-la-creacion-del-observatorio-territorial-provincial","status":"publish","type":"post","link":"https:\/\/apuntesdesanluis.com\/index.php\/2023\/07\/30\/catastro-avanza-hacia-la-creacion-del-observatorio-territorial-provincial\/","title":{"rendered":"CATASTRO AVANZA HACIA LA CREACI\u00d3N DEL OBSERVATORIO TERRITORIAL PROVINCIAL"},"content":{"rendered":"<h3>La direcci\u00f3n cumple este domingo 66 a\u00f1os de vida. Aspira a cerrar 2023 con la presentaci\u00f3n de este proyecto colaborativo, que incluir\u00e1 a entidades de distinta \u00edndole y aportar\u00e1 informaci\u00f3n territorial de calidad a diversos organismos, para una mejor toma de decisiones y gesti\u00f3n.<\/h3>\n<h3>En tan solo cuatro a\u00f1os, la <strong>Direcci\u00f3n Provincial de Catastro y Tierras Fiscales<\/strong> cumplir\u00e1 siete d\u00e9cadas. Su recorrido vital ha estado marcado por la constante evoluci\u00f3n a trav\u00e9s de la incorporaci\u00f3n de diversas tecnolog\u00edas aplicadas a la informaci\u00f3n geogr\u00e1fica territorial. En 2008, cuando empez\u00f3 a trabajar en ese organismo, todos los tr\u00e1mites se hac\u00edan en papel, record\u00f3 la actual directora de Catastro, la magister ingeniera en software<strong> \u00c9rica Bonilla<\/strong>.<\/h3>\n<h3>\u201cHoy, 15 a\u00f1os despu\u00e9s, y gracias a la sostenida tarea en equipo, podemos decir que tenemos un Catastro totalmente digital, lo que simplifica muchas cuestiones a ciudadanos, profesionales y organismos\u201d, refiri\u00f3 la funcionaria, que cumple el rol de directora desde marzo de 2022. El <strong>Observatorio Territorial Provincial<\/strong> es el gran proyecto en el que Catastro trabaja actualmente y que espera poder presentar este a\u00f1o.<\/h3>\n<p><iframe title=\"Catastro avanza hacia la creaci\u00f3n del Observatorio Territorial Provincial\" width=\"640\" height=\"360\" src=\"https:\/\/www.youtube.com\/embed\/NhtSAeU2e9I?feature=oembed\" frameborder=\"0\" allow=\"accelerometer; autoplay; clipboard-write; encrypted-media; gyroscope; picture-in-picture; web-share\" referrerpolicy=\"strict-origin-when-cross-origin\" allowfullscreen><\/iframe><\/p>\n<h3><strong>TECNOLOG\u00cdA AL SERVICIO DE LA GESTI\u00d3N<\/strong><\/h3>\n<h3>En 2008 inici\u00f3 el proceso de digitalizaci\u00f3n de planos de mensura y luego de otros tr\u00e1mites, que se materializaron gracias a decisiones pol\u00edticas en materia tecnol\u00f3gica que han marcado la vida de los puntanos, como la red de wifi provincial y el desarrollo de la Firma Digital de San Luis. \u201cEse a\u00f1o se comenzaron a escanear las fichas registrales y a armar la biblioteca digital. Al a\u00f1o siguiente se cre\u00f3 el Sistema Catastral y se incorporaron tr\u00e1mites digitales, como el Informe de Propiedad y el Certificado Catastral, que guarda importancia porque se relaciona con el plano de mensura. En 2010 empez\u00f3 el tr\u00e1mite de Registro de Operaci\u00f3n Parcelaria, que es el tr\u00e1mite de registro de plano de mensura, que antes ven\u00eda en expediente papel. Ese mismo a\u00f1o naci\u00f3 el Portal de Profesionales y el Portal de Organismos, con clave de ingreso para estos usuarios. Luego se sumaron cada vez m\u00e1s tr\u00e1mites\u201d, enumer\u00f3 Bonilla, en un repaso de hitos hist\u00f3ricos tecnol\u00f3gicos.<\/h3>\n<h3>En 2013 se desarroll\u00f3 el <strong>Visualizador Catastral<\/strong>, y en 2016, la <strong>Firma Digital<\/strong> fue incorporada a tramitaciones de Catastro. \u201cLos ingenieros comenzaron a presentar los planos firmados digitalmente y los agrimensores de Catastro tambi\u00e9n los firmaban digitalmente. La pandemia impact\u00f3 en la ampliaci\u00f3n de la cantidad de tr\u00e1mites digitales. En 2021 qued\u00f3 en pleno uso el Nuevo Visualizador Catastral y la nueva p\u00e1gina web, que buscamos que fuera m\u00e1s amigable para la ciudadan\u00eda. En ella pueden ver todos los tr\u00e1mites que se pueden realizar, la gu\u00eda de cada uno, si es presencial o no, a qui\u00e9n est\u00e1 dirigido, requisitos. Adem\u00e1s tiene un chat online para consultas, que ha dado muy buenos resultados. Culminamos 2022 con la copia digital de plano de mensura, que era el \u00faltimo tr\u00e1mite que nos quedaba en papel. Hoy, con ese tr\u00e1mite, con la certificaci\u00f3n digital, tenemos un Catastro cien por ciento digital\u201d, expres\u00f3.<\/h3>\n<h3><strong>ABRIR LAS PUERTAS<\/strong><\/h3>\n<h3>En tanto organismo p\u00fablico, la misi\u00f3n de Catastro \u201ces llegar al ciudadano, a los profesionales, darles un buen servicio para agilizar sus tr\u00e1mites. En este sentido, la digitalizaci\u00f3n es muy importante, porque la persona que vive en cualquier punto de la provincia o fuera de ella, con su clave fiscal puede solicitar un informe o un certificado. Se simplifica la gesti\u00f3n, no necesita venir a buscarlo a la direcci\u00f3n. Por otro lado, la digitalizaci\u00f3n, permite una trazabilidad, un control, y eso genera seguridad jur\u00eddica. Se sabe qui\u00e9n hizo tal acci\u00f3n, en qu\u00e9 fecha, la demora, etc.\u201d, explic\u00f3 la directora.<\/h3>\n<h3>Bonilla destac\u00f3 una premisa y un pilar de la gesti\u00f3n. La premisa es \u201ctener un Catastro de puertas abiertas\u201d, que se ha materializado a trav\u00e9s de recorridos a lo largo y ancho de la provincia para dialogar y firmar acuerdos de cooperaci\u00f3n con municipios (a la fecha, son 68) y tambi\u00e9n a trav\u00e9s de la firma de convenios con distintos organismos, entre ellos, colegios profesionales (agrimensores, escribanos, abogados, martilleros y corredores p\u00fablicos, ingenieros y arquitectos), el Banco Naci\u00f3n, el Superior Tribunal de Justicia de San Luis y la Agencia Nacional de Discapacidad (ANDIS).<\/h3>\n<p><img fetchpriority=\"high\" decoding=\"async\" class=\"wp-image-729 aligncenter\" src=\"https:\/\/apuntesdesanluis.com\/wp-content\/uploads\/2023\/07\/hitos-300x146.png\" alt=\"\" width=\"678\" height=\"330\" srcset=\"https:\/\/apuntesdesanluis.com\/wp-content\/uploads\/2023\/07\/hitos-300x146.png 300w, https:\/\/apuntesdesanluis.com\/wp-content\/uploads\/2023\/07\/hitos.png 663w\" sizes=\"(max-width: 678px) 100vw, 678px\" \/><\/p>\n<p><img decoding=\"async\" class=\"wp-image-730 aligncenter\" src=\"https:\/\/apuntesdesanluis.com\/wp-content\/uploads\/2023\/07\/hitos-1-300x101.png\" alt=\"\" width=\"686\" height=\"231\" srcset=\"https:\/\/apuntesdesanluis.com\/wp-content\/uploads\/2023\/07\/hitos-1-300x101.png 300w, https:\/\/apuntesdesanluis.com\/wp-content\/uploads\/2023\/07\/hitos-1.png 662w\" sizes=\"(max-width: 686px) 100vw, 686px\" \/><\/p>\n<h3>\u201cCon los municipios estos acuerdos nos permiten trabajar colaborativamente en el ordenamiento territorial. Les facilitamos el acceso al sistema de Catastro y capacitaci\u00f3n para poder usarlo, y ellos nos brindan informaci\u00f3n para actualizar y nutrir el sistema. A los colegios profesionales y otros organismos nacionales y provinciales se les da acceso al sistema con el fin de simplificar ciertas tramitaciones, lo que genera en definitiva un beneficio para el ciudadano\u201d, refiri\u00f3.<\/h3>\n<h3>Est\u00e1 previsto que en agosto, Catastro firme un importante convenio con el Instituto Geogr\u00e1fico Nacional (IGN) para poner en funcionamiento una oficina de ese organismo en San Luis, lo que permitir\u00e1 contar con asesor\u00eda t\u00e9cnica, entrenamiento en cuestiones cartogr\u00e1ficas y capacitaci\u00f3n.<\/h3>\n<h3>A este \u00faltimo punto Catastro le da mucha importancia, asegur\u00f3 Bonilla. \u201cHemos brindado capacitaci\u00f3n a personal de otros organismos con los que hemos firmado convenios, por ejemplo, a los municipios en el uso del sistema catastral, y tambi\u00e9n nos capacitamos nosotros en diversas tem\u00e1ticas, que van desde el trabajo en equipo, la atenci\u00f3n al p\u00fablico hasta cuestiones m\u00e1s t\u00e9cnicas\u201d, indic\u00f3.<\/h3>\n<h3>Cont\u00f3 que en Catastro hay personal t\u00e9cnico y otro personal que, si bien no lo es, con el paso de los a\u00f1os se ha especializado en la materia y est\u00e1 interesado en hacer bien su trabajo y en seguir form\u00e1ndose. \u201cPor ello hemos tra\u00eddo a especialistas y hacemos capacitaciones internas\u201d, dijo la funcionaria.<\/h3>\n<h3><strong>COMPARTIR INFORMACI\u00d3N GEOGR\u00c1FICA<\/strong><\/h3>\n<h3>El proyecto m\u00e1s importante en el que trabaja Catastro actualmente y que espera poder presentar antes del cierre de 2023 es el Observatorio Territorial Provincial, una s\u00edntesis de este camino recorrido por el organismo en los \u00faltimos a\u00f1os, que incluye esta apuesta a la digitalizaci\u00f3n, la capacitaci\u00f3n y la vinculaci\u00f3n con otros organismos gubernamentales y no gubernamentales.<\/h3>\n<h3>\u00bfDe qu\u00e9 se trata el Observatorio? \u00bfQu\u00e9 aporta?: \u201cTendr\u00e1 incorporado el Catastro 3D, que es un nuevo visualizador cartogr\u00e1fico 3D. El Observatorio permitir\u00e1 que la informaci\u00f3n geogr\u00e1fica que describe el territorio y su riqueza est\u00e9 concentrada en un solo sistema, que se nutrir\u00e1 de datos espec\u00edficos y actualizados brindados por distintas fuentes. Est\u00e1 pensado como un sistema de f\u00e1cil acceso, colaborativo, con participaci\u00f3n de organismos gubernamentales y de otras entidades, como las universidades. Catastro es una de las partes y aportar\u00e1 su informaci\u00f3n. Adem\u00e1s, podemos marcar camino con las normativas que hay en materia de cartograf\u00eda, topograf\u00eda o mapas, para que las partes puedan comunicarse y el sistema sea interoperable\u201d, afirm\u00f3 Bonilla. E ilustr\u00f3: \u201cPor ejemplo, el objeto de estudio de Catastro son las parcelas. La Secretar\u00eda de Ambiente podr\u00eda sumar, entre otra informaci\u00f3n, el mapa de bosques de la provincia o de otros recursos naturales. Vialidad, el mapa de rutas. Esto va en la l\u00ednea de lo que tambi\u00e9n se trabaja en otras provincias, que es la llamada infraestructura de datos espaciales\u201d.<\/h3>\n<h3><strong>CATASTRO EN N\u00daMEROS<\/strong><\/h3>\n<h3>60 personas son parte del equipo de Catastro, un organismo que funciona en el cuarto piso de Ayacucho 945, edificio administrativo de la ex Casa de Gobierno.<\/h3>\n<h3>Anualmente, Catastro:<\/h3>\n<ul>\n<li>\n<h3>Gestiona m\u00e1s de 58.000 tr\u00e1mites.<\/h3>\n<\/li>\n<li>\n<h3>Realiza 6.000 copias de planos.<\/h3>\n<\/li>\n<li>\n<h3>Hace 3.000 registros de planos de mensura.<\/h3>\n<\/li>\n<li>\n<h3>Realiza 8.000 registros de dominios y minutas catastrales (tr\u00e1mite vinculado a la escrituraci\u00f3n).<\/h3>\n<\/li>\n<li>\n<h3>Hace 1.000 registros de mejoras.<\/h3>\n<\/li>\n<li>\n<h3>Emite alrededor de 30.000 certificados e informes.<\/h3>\n<\/li>\n<\/ul>\n","protected":false},"excerpt":{"rendered":"<p>La direcci\u00f3n cumple este domingo 66 a\u00f1os de vida. Aspira a cerrar 2023 con la&#8230;<\/p>\n","protected":false},"author":1,"featured_media":728,"comment_status":"closed","ping_status":"closed","sticky":false,"template":"","format":"standard","meta":{"footnotes":""},"categories":[6],"tags":[],"class_list":["post-727","post","type-post","status-publish","format-standard","has-post-thumbnail","hentry","category-ciudad-provincia"],"yoast_head":"<!-- This site is optimized with the Yoast SEO plugin v26.1.1 - https:\/\/yoast.com\/wordpress\/plugins\/seo\/ -->\n<title>CATASTRO AVANZA HACIA LA CREACI\u00d3N DEL OBSERVATORIO TERRITORIAL PROVINCIAL - Apuntes de San Luis<\/title>\n<meta name=\"robots\" content=\"index, follow, max-snippet:-1, max-image-preview:large, max-video-preview:-1\" \/>\n<link rel=\"canonical\" href=\"https:\/\/apuntesdesanluis.com\/index.php\/2023\/07\/30\/catastro-avanza-hacia-la-creacion-del-observatorio-territorial-provincial\/\" \/>\n<meta property=\"og:locale\" content=\"es_ES\" \/>\n<meta property=\"og:type\" content=\"article\" \/>\n<meta property=\"og:title\" content=\"CATASTRO AVANZA HACIA LA CREACI\u00d3N DEL OBSERVATORIO TERRITORIAL PROVINCIAL - Apuntes de San Luis\" \/>\n<meta property=\"og:description\" content=\"La direcci\u00f3n cumple este domingo 66 a\u00f1os de vida. Aspira a cerrar 2023 con la...\" \/>\n<meta property=\"og:url\" content=\"https:\/\/apuntesdesanluis.com\/index.php\/2023\/07\/30\/catastro-avanza-hacia-la-creacion-del-observatorio-territorial-provincial\/\" \/>\n<meta property=\"og:site_name\" content=\"Apuntes de San Luis\" \/>\n<meta property=\"article:published_time\" content=\"2023-07-30T13:20:19+00:00\" \/>\n<meta property=\"article:modified_time\" content=\"2023-07-31T00:27:46+00:00\" \/>\n<meta property=\"og:image\" content=\"https:\/\/apuntesdesanluis.com\/wp-content\/uploads\/2023\/07\/catastro.png\" \/>\n\t<meta property=\"og:image:width\" content=\"727\" \/>\n\t<meta property=\"og:image:height\" content=\"455\" \/>\n\t<meta property=\"og:image:type\" content=\"image\/png\" \/>\n<meta name=\"author\" content=\"apuntesdesanluis.com\" \/>\n<meta name=\"twitter:card\" content=\"summary_large_image\" \/>\n<meta name=\"twitter:label1\" content=\"Escrito por\" \/>\n\t<meta name=\"twitter:data1\" content=\"apuntesdesanluis.com\" \/>\n\t<meta name=\"twitter:label2\" content=\"Tiempo de lectura\" \/>\n\t<meta name=\"twitter:data2\" content=\"6 minutos\" \/>\n<script type=\"application\/ld+json\" class=\"yoast-schema-graph\">{\"@context\":\"https:\/\/schema.org\",\"@graph\":[{\"@type\":\"Article\",\"@id\":\"https:\/\/apuntesdesanluis.com\/index.php\/2023\/07\/30\/catastro-avanza-hacia-la-creacion-del-observatorio-territorial-provincial\/#article\",\"isPartOf\":{\"@id\":\"https:\/\/apuntesdesanluis.com\/index.php\/2023\/07\/30\/catastro-avanza-hacia-la-creacion-del-observatorio-territorial-provincial\/\"},\"author\":{\"name\":\"apuntesdesanluis.com\",\"@id\":\"https:\/\/apuntesdesanluis.com\/#\/schema\/person\/b55151d52296fcce64d1a72538a70b90\"},\"headline\":\"CATASTRO AVANZA HACIA LA CREACI\u00d3N DEL OBSERVATORIO TERRITORIAL PROVINCIAL\",\"datePublished\":\"2023-07-30T13:20:19+00:00\",\"dateModified\":\"2023-07-31T00:27:46+00:00\",\"mainEntityOfPage\":{\"@id\":\"https:\/\/apuntesdesanluis.com\/index.php\/2023\/07\/30\/catastro-avanza-hacia-la-creacion-del-observatorio-territorial-provincial\/\"},\"wordCount\":1328,\"publisher\":{\"@id\":\"https:\/\/apuntesdesanluis.com\/#\/schema\/person\/b55151d52296fcce64d1a72538a70b90\"},\"image\":{\"@id\":\"https:\/\/apuntesdesanluis.com\/index.php\/2023\/07\/30\/catastro-avanza-hacia-la-creacion-del-observatorio-territorial-provincial\/#primaryimage\"},\"thumbnailUrl\":\"https:\/\/apuntesdesanluis.com\/wp-content\/uploads\/2023\/07\/catastro.png\",\"articleSection\":[\"Ciudad\/Provincia\"],\"inLanguage\":\"es-AR\"},{\"@type\":\"WebPage\",\"@id\":\"https:\/\/apuntesdesanluis.com\/index.php\/2023\/07\/30\/catastro-avanza-hacia-la-creacion-del-observatorio-territorial-provincial\/\",\"url\":\"https:\/\/apuntesdesanluis.com\/index.php\/2023\/07\/30\/catastro-avanza-hacia-la-creacion-del-observatorio-territorial-provincial\/\",\"name\":\"CATASTRO AVANZA HACIA LA CREACI\u00d3N DEL OBSERVATORIO TERRITORIAL PROVINCIAL - Apuntes de San Luis\",\"isPartOf\":{\"@id\":\"https:\/\/apuntesdesanluis.com\/#website\"},\"primaryImageOfPage\":{\"@id\":\"https:\/\/apuntesdesanluis.com\/index.php\/2023\/07\/30\/catastro-avanza-hacia-la-creacion-del-observatorio-territorial-provincial\/#primaryimage\"},\"image\":{\"@id\":\"https:\/\/apuntesdesanluis.com\/index.php\/2023\/07\/30\/catastro-avanza-hacia-la-creacion-del-observatorio-territorial-provincial\/#primaryimage\"},\"thumbnailUrl\":\"https:\/\/apuntesdesanluis.com\/wp-content\/uploads\/2023\/07\/catastro.png\",\"datePublished\":\"2023-07-30T13:20:19+00:00\",\"dateModified\":\"2023-07-31T00:27:46+00:00\",\"breadcrumb\":{\"@id\":\"https:\/\/apuntesdesanluis.com\/index.php\/2023\/07\/30\/catastro-avanza-hacia-la-creacion-del-observatorio-territorial-provincial\/#breadcrumb\"},\"inLanguage\":\"es-AR\",\"potentialAction\":[{\"@type\":\"ReadAction\",\"target\":[\"https:\/\/apuntesdesanluis.com\/index.php\/2023\/07\/30\/catastro-avanza-hacia-la-creacion-del-observatorio-territorial-provincial\/\"]}]},{\"@type\":\"ImageObject\",\"inLanguage\":\"es-AR\",\"@id\":\"https:\/\/apuntesdesanluis.com\/index.php\/2023\/07\/30\/catastro-avanza-hacia-la-creacion-del-observatorio-territorial-provincial\/#primaryimage\",\"url\":\"https:\/\/apuntesdesanluis.com\/wp-content\/uploads\/2023\/07\/catastro.png\",\"contentUrl\":\"https:\/\/apuntesdesanluis.com\/wp-content\/uploads\/2023\/07\/catastro.png\",\"width\":727,\"height\":455},{\"@type\":\"BreadcrumbList\",\"@id\":\"https:\/\/apuntesdesanluis.com\/index.php\/2023\/07\/30\/catastro-avanza-hacia-la-creacion-del-observatorio-territorial-provincial\/#breadcrumb\",\"itemListElement\":[{\"@type\":\"ListItem\",\"position\":1,\"name\":\"Inicio\",\"item\":\"https:\/\/apuntesdesanluis.com\/\"},{\"@type\":\"ListItem\",\"position\":2,\"name\":\"CATASTRO AVANZA HACIA LA CREACI\u00d3N DEL OBSERVATORIO TERRITORIAL PROVINCIAL\"}]},{\"@type\":\"WebSite\",\"@id\":\"https:\/\/apuntesdesanluis.com\/#website\",\"url\":\"https:\/\/apuntesdesanluis.com\/\",\"name\":\"Apuntes de San Luis\",\"description\":\"\",\"publisher\":{\"@id\":\"https:\/\/apuntesdesanluis.com\/#\/schema\/person\/b55151d52296fcce64d1a72538a70b90\"},\"potentialAction\":[{\"@type\":\"SearchAction\",\"target\":{\"@type\":\"EntryPoint\",\"urlTemplate\":\"https:\/\/apuntesdesanluis.com\/?s={search_term_string}\"},\"query-input\":{\"@type\":\"PropertyValueSpecification\",\"valueRequired\":true,\"valueName\":\"search_term_string\"}}],\"inLanguage\":\"es-AR\"},{\"@type\":[\"Person\",\"Organization\"],\"@id\":\"https:\/\/apuntesdesanluis.com\/#\/schema\/person\/b55151d52296fcce64d1a72538a70b90\",\"name\":\"apuntesdesanluis.com\",\"image\":{\"@type\":\"ImageObject\",\"inLanguage\":\"es-AR\",\"@id\":\"https:\/\/apuntesdesanluis.com\/#\/schema\/person\/image\/\",\"url\":\"https:\/\/apuntesdesanluis.com\/wp-content\/uploads\/2023\/07\/cropped-apuntesdesanluis.png\",\"contentUrl\":\"https:\/\/apuntesdesanluis.com\/wp-content\/uploads\/2023\/07\/cropped-apuntesdesanluis.png\",\"width\":450,\"height\":112,\"caption\":\"apuntesdesanluis.com\"},\"logo\":{\"@id\":\"https:\/\/apuntesdesanluis.com\/#\/schema\/person\/image\/\"},\"sameAs\":[\"https:\/\/apuntesdesanluis.com\"],\"url\":\"https:\/\/apuntesdesanluis.com\/index.php\/author\/apuntesdesanluis-com\/\"}]}<\/script>\n<!-- \/ Yoast SEO plugin. -->","yoast_head_json":{"title":"CATASTRO AVANZA HACIA LA CREACI\u00d3N DEL OBSERVATORIO TERRITORIAL PROVINCIAL - Apuntes de San Luis","robots":{"index":"index","follow":"follow","max-snippet":"max-snippet:-1","max-image-preview":"max-image-preview:large","max-video-preview":"max-video-preview:-1"},"canonical":"https:\/\/apuntesdesanluis.com\/index.php\/2023\/07\/30\/catastro-avanza-hacia-la-creacion-del-observatorio-territorial-provincial\/","og_locale":"es_ES","og_type":"article","og_title":"CATASTRO AVANZA HACIA LA CREACI\u00d3N DEL OBSERVATORIO TERRITORIAL PROVINCIAL - Apuntes de San Luis","og_description":"La direcci\u00f3n cumple este domingo 66 a\u00f1os de vida. Aspira a cerrar 2023 con la...","og_url":"https:\/\/apuntesdesanluis.com\/index.php\/2023\/07\/30\/catastro-avanza-hacia-la-creacion-del-observatorio-territorial-provincial\/","og_site_name":"Apuntes de San Luis","article_published_time":"2023-07-30T13:20:19+00:00","article_modified_time":"2023-07-31T00:27:46+00:00","og_image":[{"width":727,"height":455,"url":"https:\/\/apuntesdesanluis.com\/wp-content\/uploads\/2023\/07\/catastro.png","type":"image\/png"}],"author":"apuntesdesanluis.com","twitter_card":"summary_large_image","twitter_misc":{"Escrito por":"apuntesdesanluis.com","Tiempo de lectura":"6 minutos"},"schema":{"@context":"https:\/\/schema.org","@graph":[{"@type":"Article","@id":"https:\/\/apuntesdesanluis.com\/index.php\/2023\/07\/30\/catastro-avanza-hacia-la-creacion-del-observatorio-territorial-provincial\/#article","isPartOf":{"@id":"https:\/\/apuntesdesanluis.com\/index.php\/2023\/07\/30\/catastro-avanza-hacia-la-creacion-del-observatorio-territorial-provincial\/"},"author":{"name":"apuntesdesanluis.com","@id":"https:\/\/apuntesdesanluis.com\/#\/schema\/person\/b55151d52296fcce64d1a72538a70b90"},"headline":"CATASTRO AVANZA HACIA LA CREACI\u00d3N DEL OBSERVATORIO TERRITORIAL PROVINCIAL","datePublished":"2023-07-30T13:20:19+00:00","dateModified":"2023-07-31T00:27:46+00:00","mainEntityOfPage":{"@id":"https:\/\/apuntesdesanluis.com\/index.php\/2023\/07\/30\/catastro-avanza-hacia-la-creacion-del-observatorio-territorial-provincial\/"},"wordCount":1328,"publisher":{"@id":"https:\/\/apuntesdesanluis.com\/#\/schema\/person\/b55151d52296fcce64d1a72538a70b90"},"image":{"@id":"https:\/\/apuntesdesanluis.com\/index.php\/2023\/07\/30\/catastro-avanza-hacia-la-creacion-del-observatorio-territorial-provincial\/#primaryimage"},"thumbnailUrl":"https:\/\/apuntesdesanluis.com\/wp-content\/uploads\/2023\/07\/catastro.png","articleSection":["Ciudad\/Provincia"],"inLanguage":"es-AR"},{"@type":"WebPage","@id":"https:\/\/apuntesdesanluis.com\/index.php\/2023\/07\/30\/catastro-avanza-hacia-la-creacion-del-observatorio-territorial-provincial\/","url":"https:\/\/apuntesdesanluis.com\/index.php\/2023\/07\/30\/catastro-avanza-hacia-la-creacion-del-observatorio-territorial-provincial\/","name":"CATASTRO AVANZA HACIA LA CREACI\u00d3N DEL OBSERVATORIO TERRITORIAL PROVINCIAL - Apuntes de San Luis","isPartOf":{"@id":"https:\/\/apuntesdesanluis.com\/#website"},"primaryImageOfPage":{"@id":"https:\/\/apuntesdesanluis.com\/index.php\/2023\/07\/30\/catastro-avanza-hacia-la-creacion-del-observatorio-territorial-provincial\/#primaryimage"},"image":{"@id":"https:\/\/apuntesdesanluis.com\/index.php\/2023\/07\/30\/catastro-avanza-hacia-la-creacion-del-observatorio-territorial-provincial\/#primaryimage"},"thumbnailUrl":"https:\/\/apuntesdesanluis.com\/wp-content\/uploads\/2023\/07\/catastro.png","datePublished":"2023-07-30T13:20:19+00:00","dateModified":"2023-07-31T00:27:46+00:00","breadcrumb":{"@id":"https:\/\/apuntesdesanluis.com\/index.php\/2023\/07\/30\/catastro-avanza-hacia-la-creacion-del-observatorio-territorial-provincial\/#breadcrumb"},"inLanguage":"es-AR","potentialAction":[{"@type":"ReadAction","target":["https:\/\/apuntesdesanluis.com\/index.php\/2023\/07\/30\/catastro-avanza-hacia-la-creacion-del-observatorio-territorial-provincial\/"]}]},{"@type":"ImageObject","inLanguage":"es-AR","@id":"https:\/\/apuntesdesanluis.com\/index.php\/2023\/07\/30\/catastro-avanza-hacia-la-creacion-del-observatorio-territorial-provincial\/#primaryimage","url":"https:\/\/apuntesdesanluis.com\/wp-content\/uploads\/2023\/07\/catastro.png","contentUrl":"https:\/\/apuntesdesanluis.com\/wp-content\/uploads\/2023\/07\/catastro.png","width":727,"height":455},{"@type":"BreadcrumbList","@id":"https:\/\/apuntesdesanluis.com\/index.php\/2023\/07\/30\/catastro-avanza-hacia-la-creacion-del-observatorio-territorial-provincial\/#breadcrumb","itemListElement":[{"@type":"ListItem","position":1,"name":"Inicio","item":"https:\/\/apuntesdesanluis.com\/"},{"@type":"ListItem","position":2,"name":"CATASTRO AVANZA HACIA LA CREACI\u00d3N DEL OBSERVATORIO TERRITORIAL PROVINCIAL"}]},{"@type":"WebSite","@id":"https:\/\/apuntesdesanluis.com\/#website","url":"https:\/\/apuntesdesanluis.com\/","name":"Apuntes de San Luis","description":"","publisher":{"@id":"https:\/\/apuntesdesanluis.com\/#\/schema\/person\/b55151d52296fcce64d1a72538a70b90"},"potentialAction":[{"@type":"SearchAction","target":{"@type":"EntryPoint","urlTemplate":"https:\/\/apuntesdesanluis.com\/?s={search_term_string}"},"query-input":{"@type":"PropertyValueSpecification","valueRequired":true,"valueName":"search_term_string"}}],"inLanguage":"es-AR"},{"@type":["Person","Organization"],"@id":"https:\/\/apuntesdesanluis.com\/#\/schema\/person\/b55151d52296fcce64d1a72538a70b90","name":"apuntesdesanluis.com","image":{"@type":"ImageObject","inLanguage":"es-AR","@id":"https:\/\/apuntesdesanluis.com\/#\/schema\/person\/image\/","url":"https:\/\/apuntesdesanluis.com\/wp-content\/uploads\/2023\/07\/cropped-apuntesdesanluis.png","contentUrl":"https:\/\/apuntesdesanluis.com\/wp-content\/uploads\/2023\/07\/cropped-apuntesdesanluis.png","width":450,"height":112,"caption":"apuntesdesanluis.com"},"logo":{"@id":"https:\/\/apuntesdesanluis.com\/#\/schema\/person\/image\/"},"sameAs":["https:\/\/apuntesdesanluis.com"],"url":"https:\/\/apuntesdesanluis.com\/index.php\/author\/apuntesdesanluis-com\/"}]}},"featured_image_urls":{"full":["https:\/\/apuntesdesanluis.com\/wp-content\/uploads\/2023\/07\/catastro.png",727,455,false],"thumbnail":["https:\/\/apuntesdesanluis.com\/wp-content\/uploads\/2023\/07\/catastro-150x150.png",150,150,true],"medium":["https:\/\/apuntesdesanluis.com\/wp-content\/uploads\/2023\/07\/catastro-300x188.png",300,188,true],"medium_large":["https:\/\/apuntesdesanluis.com\/wp-content\/uploads\/2023\/07\/catastro.png",640,401,false],"large":["https:\/\/apuntesdesanluis.com\/wp-content\/uploads\/2023\/07\/catastro.png",640,401,false],"1536x1536":["https:\/\/apuntesdesanluis.com\/wp-content\/uploads\/2023\/07\/catastro.png",727,455,false],"2048x2048":["https:\/\/apuntesdesanluis.com\/wp-content\/uploads\/2023\/07\/catastro.png",727,455,false],"newsever-slider-full":["https:\/\/apuntesdesanluis.com\/wp-content\/uploads\/2023\/07\/catastro.png",727,455,false],"newsever-featured":["https:\/\/apuntesdesanluis.com\/wp-content\/uploads\/2023\/07\/catastro.png",727,455,false],"newsever-medium":["https:\/\/apuntesdesanluis.com\/wp-content\/uploads\/2023\/07\/catastro-720x455.png",720,455,true]},"author_info":{"display_name":"apuntesdesanluis.com","author_link":"https:\/\/apuntesdesanluis.com\/index.php\/author\/apuntesdesanluis-com\/"},"category_info":"<a href=\"https:\/\/apuntesdesanluis.com\/index.php\/category\/ciudad-provincia\/\" rel=\"category tag\">Ciudad\/Provincia<\/a>","tag_info":"Ciudad\/Provincia","comment_count":"0","_links":{"self":[{"href":"https:\/\/apuntesdesanluis.com\/index.php\/wp-json\/wp\/v2\/posts\/727","targetHints":{"allow":["GET"]}}],"collection":[{"href":"https:\/\/apuntesdesanluis.com\/index.php\/wp-json\/wp\/v2\/posts"}],"about":[{"href":"https:\/\/apuntesdesanluis.com\/index.php\/wp-json\/wp\/v2\/types\/post"}],"author":[{"embeddable":true,"href":"https:\/\/apuntesdesanluis.com\/index.php\/wp-json\/wp\/v2\/users\/1"}],"replies":[{"embeddable":true,"href":"https:\/\/apuntesdesanluis.com\/index.php\/wp-json\/wp\/v2\/comments?post=727"}],"version-history":[{"count":3,"href":"https:\/\/apuntesdesanluis.com\/index.php\/wp-json\/wp\/v2\/posts\/727\/revisions"}],"predecessor-version":[{"id":733,"href":"https:\/\/apuntesdesanluis.com\/index.php\/wp-json\/wp\/v2\/posts\/727\/revisions\/733"}],"wp:featuredmedia":[{"embeddable":true,"href":"https:\/\/apuntesdesanluis.com\/index.php\/wp-json\/wp\/v2\/media\/728"}],"wp:attachment":[{"href":"https:\/\/apuntesdesanluis.com\/index.php\/wp-json\/wp\/v2\/media?parent=727"}],"wp:term":[{"taxonomy":"category","embeddable":true,"href":"https:\/\/apuntesdesanluis.com\/index.php\/wp-json\/wp\/v2\/categories?post=727"},{"taxonomy":"post_tag","embeddable":true,"href":"https:\/\/apuntesdesanluis.com\/index.php\/wp-json\/wp\/v2\/tags?post=727"}],"curies":[{"name":"wp","href":"https:\/\/api.w.org\/{rel}","templated":true}]}}