{"id":7277,"date":"2023-11-23T19:24:10","date_gmt":"2023-11-23T22:24:10","guid":{"rendered":"https:\/\/apuntesdesanluis.com\/?p=7277"},"modified":"2023-11-23T20:35:41","modified_gmt":"2023-11-23T23:35:41","slug":"otro-logro-de-la-upro-primeros-egresados-de-quines","status":"publish","type":"post","link":"https:\/\/apuntesdesanluis.com\/index.php\/2023\/11\/23\/otro-logro-de-la-upro-primeros-egresados-de-quines\/","title":{"rendered":"OTRO LOGRO DE LA UPRO: PRIMEROS EGRESADOS DE QUINES"},"content":{"rendered":"<h3>En el sal\u00f3n de actos ubicado en el primer piso del edificio de la <strong>Universidad Provincial de Oficios \u201cEva Per\u00f3n\u201d<\/strong> de Quines, 26 egresados de Asistente de Electricista y Profesional en Imagen Personal recibieron sus diplomas ante la presencia de familiares y amigos.<\/h3>\n<h3><strong>Francisco Riartez<\/strong> es el coordinador de la extensi\u00f3n y expres\u00f3 sus emociones: \u201cEsto es un momento muy importante y muy caro para los sentimientos de la localidad. Estoy en la instituci\u00f3n desde su creaci\u00f3n misma, desde el momento que la Municipalidad de Quines se hizo cargo de la obra, por lo tanto hay una identidad ya generada entre la universidad y los habitantes\u201d.<\/h3>\n<h3><img fetchpriority=\"high\" decoding=\"async\" class=\"wp-image-7279 aligncenter\" src=\"https:\/\/apuntesdesanluis.com\/wp-content\/uploads\/2023\/11\/DIPLOMAS-300x101.png\" alt=\"\" width=\"778\" height=\"262\" srcset=\"https:\/\/apuntesdesanluis.com\/wp-content\/uploads\/2023\/11\/DIPLOMAS-300x101.png 300w, https:\/\/apuntesdesanluis.com\/wp-content\/uploads\/2023\/11\/DIPLOMAS.png 600w\" sizes=\"(max-width: 778px) 100vw, 778px\" \/><\/h3>\n<h3>El acto fue encabezado por el Rector de la UPrO, Ing. Joaqu\u00edn Surroca, y cont\u00f3 con la presencia de la intendente electa de la localidad de Quines <strong>Antonella Mac\u00edas<\/strong>, la diputada provincial <strong>Anal\u00eda Ag\u00fcero<\/strong>, autoridades municipales, ediles y representantes de fuerzas vivas.<\/h3>\n<h3>Adem\u00e1s de su diploma, los alumnos de Imagen Personal recibieron sus kits para poder empezar a trabajar en forma inmediata.<\/h3>\n<h3>Este jueves, la localidad de San Martin ser\u00e1 el epicentro de un nuevo acto de colaci\u00f3n, mientras que el viernes ser\u00e1 el turno de La Calera.<\/h3>\n<p>&nbsp;<\/p>\n<p>&nbsp;<\/p>\n<p>&nbsp;<\/p>\n<p>&nbsp;<\/p>\n","protected":false},"excerpt":{"rendered":"<p>En el sal\u00f3n de actos ubicado en el primer piso del edificio de la Universidad&#8230;<\/p>\n","protected":false},"author":1,"featured_media":7278,"comment_status":"closed","ping_status":"closed","sticky":false,"template":"","format":"standard","meta":{"footnotes":""},"categories":[6],"tags":[],"class_list":["post-7277","post","type-post","status-publish","format-standard","has-post-thumbnail","hentry","category-ciudad-provincia"],"yoast_head":"<!-- This site is optimized with the Yoast SEO plugin v26.1.1 - https:\/\/yoast.com\/wordpress\/plugins\/seo\/ -->\n<title>OTRO LOGRO DE LA UPRO: PRIMEROS EGRESADOS DE QUINES - Apuntes de San Luis<\/title>\n<meta name=\"robots\" content=\"index, follow, max-snippet:-1, max-image-preview:large, max-video-preview:-1\" \/>\n<link rel=\"canonical\" href=\"https:\/\/apuntesdesanluis.com\/index.php\/2023\/11\/23\/otro-logro-de-la-upro-primeros-egresados-de-quines\/\" \/>\n<meta property=\"og:locale\" content=\"es_ES\" \/>\n<meta property=\"og:type\" content=\"article\" \/>\n<meta property=\"og:title\" content=\"OTRO LOGRO DE LA UPRO: PRIMEROS EGRESADOS DE QUINES - Apuntes de San Luis\" \/>\n<meta property=\"og:description\" content=\"En el sal\u00f3n de actos ubicado en el primer piso del edificio de la Universidad...\" \/>\n<meta property=\"og:url\" content=\"https:\/\/apuntesdesanluis.com\/index.php\/2023\/11\/23\/otro-logro-de-la-upro-primeros-egresados-de-quines\/\" \/>\n<meta property=\"og:site_name\" content=\"Apuntes de San Luis\" \/>\n<meta property=\"article:published_time\" content=\"2023-11-23T22:24:10+00:00\" \/>\n<meta property=\"article:modified_time\" content=\"2023-11-23T23:35:41+00:00\" \/>\n<meta property=\"og:image\" content=\"https:\/\/apuntesdesanluis.com\/wp-content\/uploads\/2023\/11\/EGRESADOS-DE-QUINES.png\" \/>\n\t<meta property=\"og:image:width\" content=\"600\" \/>\n\t<meta property=\"og:image:height\" content=\"345\" \/>\n\t<meta property=\"og:image:type\" content=\"image\/png\" \/>\n<meta name=\"author\" content=\"apuntesdesanluis.com\" \/>\n<meta name=\"twitter:card\" content=\"summary_large_image\" \/>\n<meta name=\"twitter:label1\" content=\"Escrito por\" \/>\n\t<meta name=\"twitter:data1\" content=\"apuntesdesanluis.com\" \/>\n\t<meta name=\"twitter:label2\" content=\"Tiempo de lectura\" \/>\n\t<meta name=\"twitter:data2\" content=\"2 minutos\" \/>\n<script type=\"application\/ld+json\" class=\"yoast-schema-graph\">{\"@context\":\"https:\/\/schema.org\",\"@graph\":[{\"@type\":\"Article\",\"@id\":\"https:\/\/apuntesdesanluis.com\/index.php\/2023\/11\/23\/otro-logro-de-la-upro-primeros-egresados-de-quines\/#article\",\"isPartOf\":{\"@id\":\"https:\/\/apuntesdesanluis.com\/index.php\/2023\/11\/23\/otro-logro-de-la-upro-primeros-egresados-de-quines\/\"},\"author\":{\"name\":\"apuntesdesanluis.com\",\"@id\":\"https:\/\/apuntesdesanluis.com\/#\/schema\/person\/b55151d52296fcce64d1a72538a70b90\"},\"headline\":\"OTRO LOGRO DE LA UPRO: PRIMEROS EGRESADOS DE QUINES\",\"datePublished\":\"2023-11-23T22:24:10+00:00\",\"dateModified\":\"2023-11-23T23:35:41+00:00\",\"mainEntityOfPage\":{\"@id\":\"https:\/\/apuntesdesanluis.com\/index.php\/2023\/11\/23\/otro-logro-de-la-upro-primeros-egresados-de-quines\/\"},\"wordCount\":217,\"publisher\":{\"@id\":\"https:\/\/apuntesdesanluis.com\/#\/schema\/person\/b55151d52296fcce64d1a72538a70b90\"},\"image\":{\"@id\":\"https:\/\/apuntesdesanluis.com\/index.php\/2023\/11\/23\/otro-logro-de-la-upro-primeros-egresados-de-quines\/#primaryimage\"},\"thumbnailUrl\":\"https:\/\/apuntesdesanluis.com\/wp-content\/uploads\/2023\/11\/EGRESADOS-DE-QUINES.png\",\"articleSection\":[\"Ciudad\/Provincia\"],\"inLanguage\":\"es-AR\"},{\"@type\":\"WebPage\",\"@id\":\"https:\/\/apuntesdesanluis.com\/index.php\/2023\/11\/23\/otro-logro-de-la-upro-primeros-egresados-de-quines\/\",\"url\":\"https:\/\/apuntesdesanluis.com\/index.php\/2023\/11\/23\/otro-logro-de-la-upro-primeros-egresados-de-quines\/\",\"name\":\"OTRO LOGRO DE LA UPRO: PRIMEROS EGRESADOS DE QUINES - Apuntes de San Luis\",\"isPartOf\":{\"@id\":\"https:\/\/apuntesdesanluis.com\/#website\"},\"primaryImageOfPage\":{\"@id\":\"https:\/\/apuntesdesanluis.com\/index.php\/2023\/11\/23\/otro-logro-de-la-upro-primeros-egresados-de-quines\/#primaryimage\"},\"image\":{\"@id\":\"https:\/\/apuntesdesanluis.com\/index.php\/2023\/11\/23\/otro-logro-de-la-upro-primeros-egresados-de-quines\/#primaryimage\"},\"thumbnailUrl\":\"https:\/\/apuntesdesanluis.com\/wp-content\/uploads\/2023\/11\/EGRESADOS-DE-QUINES.png\",\"datePublished\":\"2023-11-23T22:24:10+00:00\",\"dateModified\":\"2023-11-23T23:35:41+00:00\",\"breadcrumb\":{\"@id\":\"https:\/\/apuntesdesanluis.com\/index.php\/2023\/11\/23\/otro-logro-de-la-upro-primeros-egresados-de-quines\/#breadcrumb\"},\"inLanguage\":\"es-AR\",\"potentialAction\":[{\"@type\":\"ReadAction\",\"target\":[\"https:\/\/apuntesdesanluis.com\/index.php\/2023\/11\/23\/otro-logro-de-la-upro-primeros-egresados-de-quines\/\"]}]},{\"@type\":\"ImageObject\",\"inLanguage\":\"es-AR\",\"@id\":\"https:\/\/apuntesdesanluis.com\/index.php\/2023\/11\/23\/otro-logro-de-la-upro-primeros-egresados-de-quines\/#primaryimage\",\"url\":\"https:\/\/apuntesdesanluis.com\/wp-content\/uploads\/2023\/11\/EGRESADOS-DE-QUINES.png\",\"contentUrl\":\"https:\/\/apuntesdesanluis.com\/wp-content\/uploads\/2023\/11\/EGRESADOS-DE-QUINES.png\",\"width\":600,\"height\":345},{\"@type\":\"BreadcrumbList\",\"@id\":\"https:\/\/apuntesdesanluis.com\/index.php\/2023\/11\/23\/otro-logro-de-la-upro-primeros-egresados-de-quines\/#breadcrumb\",\"itemListElement\":[{\"@type\":\"ListItem\",\"position\":1,\"name\":\"Inicio\",\"item\":\"https:\/\/apuntesdesanluis.com\/\"},{\"@type\":\"ListItem\",\"position\":2,\"name\":\"OTRO LOGRO DE LA UPRO: PRIMEROS EGRESADOS DE QUINES\"}]},{\"@type\":\"WebSite\",\"@id\":\"https:\/\/apuntesdesanluis.com\/#website\",\"url\":\"https:\/\/apuntesdesanluis.com\/\",\"name\":\"Apuntes de San Luis\",\"description\":\"\",\"publisher\":{\"@id\":\"https:\/\/apuntesdesanluis.com\/#\/schema\/person\/b55151d52296fcce64d1a72538a70b90\"},\"potentialAction\":[{\"@type\":\"SearchAction\",\"target\":{\"@type\":\"EntryPoint\",\"urlTemplate\":\"https:\/\/apuntesdesanluis.com\/?s={search_term_string}\"},\"query-input\":{\"@type\":\"PropertyValueSpecification\",\"valueRequired\":true,\"valueName\":\"search_term_string\"}}],\"inLanguage\":\"es-AR\"},{\"@type\":[\"Person\",\"Organization\"],\"@id\":\"https:\/\/apuntesdesanluis.com\/#\/schema\/person\/b55151d52296fcce64d1a72538a70b90\",\"name\":\"apuntesdesanluis.com\",\"image\":{\"@type\":\"ImageObject\",\"inLanguage\":\"es-AR\",\"@id\":\"https:\/\/apuntesdesanluis.com\/#\/schema\/person\/image\/\",\"url\":\"https:\/\/apuntesdesanluis.com\/wp-content\/uploads\/2023\/07\/cropped-apuntesdesanluis.png\",\"contentUrl\":\"https:\/\/apuntesdesanluis.com\/wp-content\/uploads\/2023\/07\/cropped-apuntesdesanluis.png\",\"width\":450,\"height\":112,\"caption\":\"apuntesdesanluis.com\"},\"logo\":{\"@id\":\"https:\/\/apuntesdesanluis.com\/#\/schema\/person\/image\/\"},\"sameAs\":[\"https:\/\/apuntesdesanluis.com\"],\"url\":\"https:\/\/apuntesdesanluis.com\/index.php\/author\/apuntesdesanluis-com\/\"}]}<\/script>\n<!-- \/ Yoast SEO plugin. -->","yoast_head_json":{"title":"OTRO LOGRO DE LA UPRO: PRIMEROS EGRESADOS DE QUINES - Apuntes de San Luis","robots":{"index":"index","follow":"follow","max-snippet":"max-snippet:-1","max-image-preview":"max-image-preview:large","max-video-preview":"max-video-preview:-1"},"canonical":"https:\/\/apuntesdesanluis.com\/index.php\/2023\/11\/23\/otro-logro-de-la-upro-primeros-egresados-de-quines\/","og_locale":"es_ES","og_type":"article","og_title":"OTRO LOGRO DE LA UPRO: PRIMEROS EGRESADOS DE QUINES - Apuntes de San Luis","og_description":"En el sal\u00f3n de actos ubicado en el primer piso del edificio de la Universidad...","og_url":"https:\/\/apuntesdesanluis.com\/index.php\/2023\/11\/23\/otro-logro-de-la-upro-primeros-egresados-de-quines\/","og_site_name":"Apuntes de San Luis","article_published_time":"2023-11-23T22:24:10+00:00","article_modified_time":"2023-11-23T23:35:41+00:00","og_image":[{"width":600,"height":345,"url":"https:\/\/apuntesdesanluis.com\/wp-content\/uploads\/2023\/11\/EGRESADOS-DE-QUINES.png","type":"image\/png"}],"author":"apuntesdesanluis.com","twitter_card":"summary_large_image","twitter_misc":{"Escrito por":"apuntesdesanluis.com","Tiempo de lectura":"2 minutos"},"schema":{"@context":"https:\/\/schema.org","@graph":[{"@type":"Article","@id":"https:\/\/apuntesdesanluis.com\/index.php\/2023\/11\/23\/otro-logro-de-la-upro-primeros-egresados-de-quines\/#article","isPartOf":{"@id":"https:\/\/apuntesdesanluis.com\/index.php\/2023\/11\/23\/otro-logro-de-la-upro-primeros-egresados-de-quines\/"},"author":{"name":"apuntesdesanluis.com","@id":"https:\/\/apuntesdesanluis.com\/#\/schema\/person\/b55151d52296fcce64d1a72538a70b90"},"headline":"OTRO LOGRO DE LA UPRO: PRIMEROS EGRESADOS DE QUINES","datePublished":"2023-11-23T22:24:10+00:00","dateModified":"2023-11-23T23:35:41+00:00","mainEntityOfPage":{"@id":"https:\/\/apuntesdesanluis.com\/index.php\/2023\/11\/23\/otro-logro-de-la-upro-primeros-egresados-de-quines\/"},"wordCount":217,"publisher":{"@id":"https:\/\/apuntesdesanluis.com\/#\/schema\/person\/b55151d52296fcce64d1a72538a70b90"},"image":{"@id":"https:\/\/apuntesdesanluis.com\/index.php\/2023\/11\/23\/otro-logro-de-la-upro-primeros-egresados-de-quines\/#primaryimage"},"thumbnailUrl":"https:\/\/apuntesdesanluis.com\/wp-content\/uploads\/2023\/11\/EGRESADOS-DE-QUINES.png","articleSection":["Ciudad\/Provincia"],"inLanguage":"es-AR"},{"@type":"WebPage","@id":"https:\/\/apuntesdesanluis.com\/index.php\/2023\/11\/23\/otro-logro-de-la-upro-primeros-egresados-de-quines\/","url":"https:\/\/apuntesdesanluis.com\/index.php\/2023\/11\/23\/otro-logro-de-la-upro-primeros-egresados-de-quines\/","name":"OTRO LOGRO DE LA UPRO: PRIMEROS EGRESADOS DE QUINES - Apuntes de San Luis","isPartOf":{"@id":"https:\/\/apuntesdesanluis.com\/#website"},"primaryImageOfPage":{"@id":"https:\/\/apuntesdesanluis.com\/index.php\/2023\/11\/23\/otro-logro-de-la-upro-primeros-egresados-de-quines\/#primaryimage"},"image":{"@id":"https:\/\/apuntesdesanluis.com\/index.php\/2023\/11\/23\/otro-logro-de-la-upro-primeros-egresados-de-quines\/#primaryimage"},"thumbnailUrl":"https:\/\/apuntesdesanluis.com\/wp-content\/uploads\/2023\/11\/EGRESADOS-DE-QUINES.png","datePublished":"2023-11-23T22:24:10+00:00","dateModified":"2023-11-23T23:35:41+00:00","breadcrumb":{"@id":"https:\/\/apuntesdesanluis.com\/index.php\/2023\/11\/23\/otro-logro-de-la-upro-primeros-egresados-de-quines\/#breadcrumb"},"inLanguage":"es-AR","potentialAction":[{"@type":"ReadAction","target":["https:\/\/apuntesdesanluis.com\/index.php\/2023\/11\/23\/otro-logro-de-la-upro-primeros-egresados-de-quines\/"]}]},{"@type":"ImageObject","inLanguage":"es-AR","@id":"https:\/\/apuntesdesanluis.com\/index.php\/2023\/11\/23\/otro-logro-de-la-upro-primeros-egresados-de-quines\/#primaryimage","url":"https:\/\/apuntesdesanluis.com\/wp-content\/uploads\/2023\/11\/EGRESADOS-DE-QUINES.png","contentUrl":"https:\/\/apuntesdesanluis.com\/wp-content\/uploads\/2023\/11\/EGRESADOS-DE-QUINES.png","width":600,"height":345},{"@type":"BreadcrumbList","@id":"https:\/\/apuntesdesanluis.com\/index.php\/2023\/11\/23\/otro-logro-de-la-upro-primeros-egresados-de-quines\/#breadcrumb","itemListElement":[{"@type":"ListItem","position":1,"name":"Inicio","item":"https:\/\/apuntesdesanluis.com\/"},{"@type":"ListItem","position":2,"name":"OTRO LOGRO DE LA UPRO: PRIMEROS EGRESADOS DE QUINES"}]},{"@type":"WebSite","@id":"https:\/\/apuntesdesanluis.com\/#website","url":"https:\/\/apuntesdesanluis.com\/","name":"Apuntes de San Luis","description":"","publisher":{"@id":"https:\/\/apuntesdesanluis.com\/#\/schema\/person\/b55151d52296fcce64d1a72538a70b90"},"potentialAction":[{"@type":"SearchAction","target":{"@type":"EntryPoint","urlTemplate":"https:\/\/apuntesdesanluis.com\/?s={search_term_string}"},"query-input":{"@type":"PropertyValueSpecification","valueRequired":true,"valueName":"search_term_string"}}],"inLanguage":"es-AR"},{"@type":["Person","Organization"],"@id":"https:\/\/apuntesdesanluis.com\/#\/schema\/person\/b55151d52296fcce64d1a72538a70b90","name":"apuntesdesanluis.com","image":{"@type":"ImageObject","inLanguage":"es-AR","@id":"https:\/\/apuntesdesanluis.com\/#\/schema\/person\/image\/","url":"https:\/\/apuntesdesanluis.com\/wp-content\/uploads\/2023\/07\/cropped-apuntesdesanluis.png","contentUrl":"https:\/\/apuntesdesanluis.com\/wp-content\/uploads\/2023\/07\/cropped-apuntesdesanluis.png","width":450,"height":112,"caption":"apuntesdesanluis.com"},"logo":{"@id":"https:\/\/apuntesdesanluis.com\/#\/schema\/person\/image\/"},"sameAs":["https:\/\/apuntesdesanluis.com"],"url":"https:\/\/apuntesdesanluis.com\/index.php\/author\/apuntesdesanluis-com\/"}]}},"featured_image_urls":{"full":["https:\/\/apuntesdesanluis.com\/wp-content\/uploads\/2023\/11\/EGRESADOS-DE-QUINES.png",600,345,false],"thumbnail":["https:\/\/apuntesdesanluis.com\/wp-content\/uploads\/2023\/11\/EGRESADOS-DE-QUINES-150x150.png",150,150,true],"medium":["https:\/\/apuntesdesanluis.com\/wp-content\/uploads\/2023\/11\/EGRESADOS-DE-QUINES-300x173.png",300,173,true],"medium_large":["https:\/\/apuntesdesanluis.com\/wp-content\/uploads\/2023\/11\/EGRESADOS-DE-QUINES.png",600,345,false],"large":["https:\/\/apuntesdesanluis.com\/wp-content\/uploads\/2023\/11\/EGRESADOS-DE-QUINES.png",600,345,false],"1536x1536":["https:\/\/apuntesdesanluis.com\/wp-content\/uploads\/2023\/11\/EGRESADOS-DE-QUINES.png",600,345,false],"2048x2048":["https:\/\/apuntesdesanluis.com\/wp-content\/uploads\/2023\/11\/EGRESADOS-DE-QUINES.png",600,345,false],"newsever-slider-full":["https:\/\/apuntesdesanluis.com\/wp-content\/uploads\/2023\/11\/EGRESADOS-DE-QUINES.png",600,345,false],"newsever-featured":["https:\/\/apuntesdesanluis.com\/wp-content\/uploads\/2023\/11\/EGRESADOS-DE-QUINES.png",600,345,false],"newsever-medium":["https:\/\/apuntesdesanluis.com\/wp-content\/uploads\/2023\/11\/EGRESADOS-DE-QUINES.png",600,345,false]},"author_info":{"display_name":"apuntesdesanluis.com","author_link":"https:\/\/apuntesdesanluis.com\/index.php\/author\/apuntesdesanluis-com\/"},"category_info":"<a href=\"https:\/\/apuntesdesanluis.com\/index.php\/category\/ciudad-provincia\/\" rel=\"category tag\">Ciudad\/Provincia<\/a>","tag_info":"Ciudad\/Provincia","comment_count":"0","_links":{"self":[{"href":"https:\/\/apuntesdesanluis.com\/index.php\/wp-json\/wp\/v2\/posts\/7277","targetHints":{"allow":["GET"]}}],"collection":[{"href":"https:\/\/apuntesdesanluis.com\/index.php\/wp-json\/wp\/v2\/posts"}],"about":[{"href":"https:\/\/apuntesdesanluis.com\/index.php\/wp-json\/wp\/v2\/types\/post"}],"author":[{"embeddable":true,"href":"https:\/\/apuntesdesanluis.com\/index.php\/wp-json\/wp\/v2\/users\/1"}],"replies":[{"embeddable":true,"href":"https:\/\/apuntesdesanluis.com\/index.php\/wp-json\/wp\/v2\/comments?post=7277"}],"version-history":[{"count":2,"href":"https:\/\/apuntesdesanluis.com\/index.php\/wp-json\/wp\/v2\/posts\/7277\/revisions"}],"predecessor-version":[{"id":7281,"href":"https:\/\/apuntesdesanluis.com\/index.php\/wp-json\/wp\/v2\/posts\/7277\/revisions\/7281"}],"wp:featuredmedia":[{"embeddable":true,"href":"https:\/\/apuntesdesanluis.com\/index.php\/wp-json\/wp\/v2\/media\/7278"}],"wp:attachment":[{"href":"https:\/\/apuntesdesanluis.com\/index.php\/wp-json\/wp\/v2\/media?parent=7277"}],"wp:term":[{"taxonomy":"category","embeddable":true,"href":"https:\/\/apuntesdesanluis.com\/index.php\/wp-json\/wp\/v2\/categories?post=7277"},{"taxonomy":"post_tag","embeddable":true,"href":"https:\/\/apuntesdesanluis.com\/index.php\/wp-json\/wp\/v2\/tags?post=7277"}],"curies":[{"name":"wp","href":"https:\/\/api.w.org\/{rel}","templated":true}]}}