{"id":7329,"date":"2023-11-24T08:45:12","date_gmt":"2023-11-24T11:45:12","guid":{"rendered":"https:\/\/apuntesdesanluis.com\/?p=7329"},"modified":"2023-11-24T08:46:23","modified_gmt":"2023-11-24T11:46:23","slug":"invitan-al-segundo-conversatorio-sobre-cannabis-medicinal-en-villa-mercedes","status":"publish","type":"post","link":"https:\/\/apuntesdesanluis.com\/index.php\/2023\/11\/24\/invitan-al-segundo-conversatorio-sobre-cannabis-medicinal-en-villa-mercedes\/","title":{"rendered":"INVITAN AL SEGUNDO CONVERSATORIO SOBRE CANNABIS MEDICINAL EN VILLA MERCEDES"},"content":{"rendered":"<h3>Se realizar\u00e1 este s\u00e1bado 25 a las 18:00 h, organizado desde el Concejo Deliberante e impulsado por el cuerpo deliberativo, la Universidad Nacional de San Luis y la Asociaci\u00f3n Libre Acci\u00f3n Puntana (ALAPu).<\/h3>\n<h3>Se contar\u00e1 con dos testimonios de integrantes de ALAPu (Mam\u00e1s de ni\u00f1os con TEA), una M\u00e9dica Cl\u00ednica perteneciente al sistema p\u00fablico de salud, una abogada, el Coordinador del Programa Cannabis de la Universidad Nacional de San Luis (UNSL) y un docente investigador de la UNSL<\/h3>\n<h3>Esta segunda charla abierta sobre Cannabis Medicinal es con entrada libre y gratuita y se desarrollar\u00e1 en el Auditorio de la UPrO (9 de Julio 1095).<\/h3>\n<p><img fetchpriority=\"high\" decoding=\"async\" class=\"wp-image-7330 aligncenter\" src=\"https:\/\/apuntesdesanluis.com\/wp-content\/uploads\/2023\/11\/35f88610-5067-4e2a-b0e0-53ef66afdca5-212x300.jpg\" alt=\"\" width=\"459\" height=\"650\" srcset=\"https:\/\/apuntesdesanluis.com\/wp-content\/uploads\/2023\/11\/35f88610-5067-4e2a-b0e0-53ef66afdca5-212x300.jpg 212w, https:\/\/apuntesdesanluis.com\/wp-content\/uploads\/2023\/11\/35f88610-5067-4e2a-b0e0-53ef66afdca5.jpg 600w\" sizes=\"(max-width: 459px) 100vw, 459px\" \/><\/p>\n","protected":false},"excerpt":{"rendered":"<p>Se realizar\u00e1 este s\u00e1bado 25 a las 18:00 h, organizado desde el Concejo Deliberante e&#8230;<\/p>\n","protected":false},"author":1,"featured_media":1177,"comment_status":"closed","ping_status":"closed","sticky":false,"template":"","format":"standard","meta":{"footnotes":""},"categories":[6],"tags":[],"class_list":["post-7329","post","type-post","status-publish","format-standard","has-post-thumbnail","hentry","category-ciudad-provincia"],"yoast_head":"<!-- This site is optimized with the Yoast SEO plugin v26.1.1 - https:\/\/yoast.com\/wordpress\/plugins\/seo\/ -->\n<title>INVITAN AL SEGUNDO CONVERSATORIO SOBRE CANNABIS MEDICINAL EN VILLA MERCEDES - Apuntes de San Luis<\/title>\n<meta name=\"robots\" content=\"index, follow, max-snippet:-1, max-image-preview:large, max-video-preview:-1\" \/>\n<link rel=\"canonical\" href=\"https:\/\/apuntesdesanluis.com\/index.php\/2023\/11\/24\/invitan-al-segundo-conversatorio-sobre-cannabis-medicinal-en-villa-mercedes\/\" \/>\n<meta property=\"og:locale\" content=\"es_ES\" \/>\n<meta property=\"og:type\" content=\"article\" \/>\n<meta property=\"og:title\" content=\"INVITAN AL SEGUNDO CONVERSATORIO SOBRE CANNABIS MEDICINAL EN VILLA MERCEDES - Apuntes de San Luis\" \/>\n<meta property=\"og:description\" content=\"Se realizar\u00e1 este s\u00e1bado 25 a las 18:00 h, organizado desde el Concejo Deliberante e...\" \/>\n<meta property=\"og:url\" content=\"https:\/\/apuntesdesanluis.com\/index.php\/2023\/11\/24\/invitan-al-segundo-conversatorio-sobre-cannabis-medicinal-en-villa-mercedes\/\" \/>\n<meta property=\"og:site_name\" content=\"Apuntes de San Luis\" \/>\n<meta property=\"article:published_time\" content=\"2023-11-24T11:45:12+00:00\" \/>\n<meta property=\"article:modified_time\" content=\"2023-11-24T11:46:23+00:00\" \/>\n<meta property=\"og:image\" content=\"https:\/\/apuntesdesanluis.com\/wp-content\/uploads\/2023\/08\/aceite-cannabis-marihuana.png\" \/>\n\t<meta property=\"og:image:width\" content=\"849\" \/>\n\t<meta property=\"og:image:height\" content=\"556\" \/>\n\t<meta property=\"og:image:type\" content=\"image\/png\" \/>\n<meta name=\"author\" content=\"apuntesdesanluis.com\" \/>\n<meta name=\"twitter:card\" content=\"summary_large_image\" \/>\n<meta name=\"twitter:label1\" content=\"Escrito por\" \/>\n\t<meta name=\"twitter:data1\" content=\"apuntesdesanluis.com\" \/>\n\t<meta name=\"twitter:label2\" content=\"Tiempo de lectura\" \/>\n\t<meta name=\"twitter:data2\" content=\"1 minuto\" \/>\n<script type=\"application\/ld+json\" class=\"yoast-schema-graph\">{\"@context\":\"https:\/\/schema.org\",\"@graph\":[{\"@type\":\"Article\",\"@id\":\"https:\/\/apuntesdesanluis.com\/index.php\/2023\/11\/24\/invitan-al-segundo-conversatorio-sobre-cannabis-medicinal-en-villa-mercedes\/#article\",\"isPartOf\":{\"@id\":\"https:\/\/apuntesdesanluis.com\/index.php\/2023\/11\/24\/invitan-al-segundo-conversatorio-sobre-cannabis-medicinal-en-villa-mercedes\/\"},\"author\":{\"name\":\"apuntesdesanluis.com\",\"@id\":\"https:\/\/apuntesdesanluis.com\/#\/schema\/person\/b55151d52296fcce64d1a72538a70b90\"},\"headline\":\"INVITAN AL SEGUNDO CONVERSATORIO SOBRE CANNABIS MEDICINAL EN VILLA MERCEDES\",\"datePublished\":\"2023-11-24T11:45:12+00:00\",\"dateModified\":\"2023-11-24T11:46:23+00:00\",\"mainEntityOfPage\":{\"@id\":\"https:\/\/apuntesdesanluis.com\/index.php\/2023\/11\/24\/invitan-al-segundo-conversatorio-sobre-cannabis-medicinal-en-villa-mercedes\/\"},\"wordCount\":118,\"publisher\":{\"@id\":\"https:\/\/apuntesdesanluis.com\/#\/schema\/person\/b55151d52296fcce64d1a72538a70b90\"},\"image\":{\"@id\":\"https:\/\/apuntesdesanluis.com\/index.php\/2023\/11\/24\/invitan-al-segundo-conversatorio-sobre-cannabis-medicinal-en-villa-mercedes\/#primaryimage\"},\"thumbnailUrl\":\"https:\/\/apuntesdesanluis.com\/wp-content\/uploads\/2023\/08\/aceite-cannabis-marihuana.png\",\"articleSection\":[\"Ciudad\/Provincia\"],\"inLanguage\":\"es-AR\"},{\"@type\":\"WebPage\",\"@id\":\"https:\/\/apuntesdesanluis.com\/index.php\/2023\/11\/24\/invitan-al-segundo-conversatorio-sobre-cannabis-medicinal-en-villa-mercedes\/\",\"url\":\"https:\/\/apuntesdesanluis.com\/index.php\/2023\/11\/24\/invitan-al-segundo-conversatorio-sobre-cannabis-medicinal-en-villa-mercedes\/\",\"name\":\"INVITAN AL SEGUNDO CONVERSATORIO SOBRE CANNABIS MEDICINAL EN VILLA MERCEDES - Apuntes de San Luis\",\"isPartOf\":{\"@id\":\"https:\/\/apuntesdesanluis.com\/#website\"},\"primaryImageOfPage\":{\"@id\":\"https:\/\/apuntesdesanluis.com\/index.php\/2023\/11\/24\/invitan-al-segundo-conversatorio-sobre-cannabis-medicinal-en-villa-mercedes\/#primaryimage\"},\"image\":{\"@id\":\"https:\/\/apuntesdesanluis.com\/index.php\/2023\/11\/24\/invitan-al-segundo-conversatorio-sobre-cannabis-medicinal-en-villa-mercedes\/#primaryimage\"},\"thumbnailUrl\":\"https:\/\/apuntesdesanluis.com\/wp-content\/uploads\/2023\/08\/aceite-cannabis-marihuana.png\",\"datePublished\":\"2023-11-24T11:45:12+00:00\",\"dateModified\":\"2023-11-24T11:46:23+00:00\",\"breadcrumb\":{\"@id\":\"https:\/\/apuntesdesanluis.com\/index.php\/2023\/11\/24\/invitan-al-segundo-conversatorio-sobre-cannabis-medicinal-en-villa-mercedes\/#breadcrumb\"},\"inLanguage\":\"es-AR\",\"potentialAction\":[{\"@type\":\"ReadAction\",\"target\":[\"https:\/\/apuntesdesanluis.com\/index.php\/2023\/11\/24\/invitan-al-segundo-conversatorio-sobre-cannabis-medicinal-en-villa-mercedes\/\"]}]},{\"@type\":\"ImageObject\",\"inLanguage\":\"es-AR\",\"@id\":\"https:\/\/apuntesdesanluis.com\/index.php\/2023\/11\/24\/invitan-al-segundo-conversatorio-sobre-cannabis-medicinal-en-villa-mercedes\/#primaryimage\",\"url\":\"https:\/\/apuntesdesanluis.com\/wp-content\/uploads\/2023\/08\/aceite-cannabis-marihuana.png\",\"contentUrl\":\"https:\/\/apuntesdesanluis.com\/wp-content\/uploads\/2023\/08\/aceite-cannabis-marihuana.png\",\"width\":849,\"height\":556},{\"@type\":\"BreadcrumbList\",\"@id\":\"https:\/\/apuntesdesanluis.com\/index.php\/2023\/11\/24\/invitan-al-segundo-conversatorio-sobre-cannabis-medicinal-en-villa-mercedes\/#breadcrumb\",\"itemListElement\":[{\"@type\":\"ListItem\",\"position\":1,\"name\":\"Inicio\",\"item\":\"https:\/\/apuntesdesanluis.com\/\"},{\"@type\":\"ListItem\",\"position\":2,\"name\":\"INVITAN AL SEGUNDO CONVERSATORIO SOBRE CANNABIS MEDICINAL EN VILLA MERCEDES\"}]},{\"@type\":\"WebSite\",\"@id\":\"https:\/\/apuntesdesanluis.com\/#website\",\"url\":\"https:\/\/apuntesdesanluis.com\/\",\"name\":\"Apuntes de San Luis\",\"description\":\"\",\"publisher\":{\"@id\":\"https:\/\/apuntesdesanluis.com\/#\/schema\/person\/b55151d52296fcce64d1a72538a70b90\"},\"potentialAction\":[{\"@type\":\"SearchAction\",\"target\":{\"@type\":\"EntryPoint\",\"urlTemplate\":\"https:\/\/apuntesdesanluis.com\/?s={search_term_string}\"},\"query-input\":{\"@type\":\"PropertyValueSpecification\",\"valueRequired\":true,\"valueName\":\"search_term_string\"}}],\"inLanguage\":\"es-AR\"},{\"@type\":[\"Person\",\"Organization\"],\"@id\":\"https:\/\/apuntesdesanluis.com\/#\/schema\/person\/b55151d52296fcce64d1a72538a70b90\",\"name\":\"apuntesdesanluis.com\",\"image\":{\"@type\":\"ImageObject\",\"inLanguage\":\"es-AR\",\"@id\":\"https:\/\/apuntesdesanluis.com\/#\/schema\/person\/image\/\",\"url\":\"https:\/\/apuntesdesanluis.com\/wp-content\/uploads\/2023\/07\/cropped-apuntesdesanluis.png\",\"contentUrl\":\"https:\/\/apuntesdesanluis.com\/wp-content\/uploads\/2023\/07\/cropped-apuntesdesanluis.png\",\"width\":450,\"height\":112,\"caption\":\"apuntesdesanluis.com\"},\"logo\":{\"@id\":\"https:\/\/apuntesdesanluis.com\/#\/schema\/person\/image\/\"},\"sameAs\":[\"https:\/\/apuntesdesanluis.com\"],\"url\":\"https:\/\/apuntesdesanluis.com\/index.php\/author\/apuntesdesanluis-com\/\"}]}<\/script>\n<!-- \/ Yoast SEO plugin. -->","yoast_head_json":{"title":"INVITAN AL SEGUNDO CONVERSATORIO SOBRE CANNABIS MEDICINAL EN VILLA MERCEDES - Apuntes de San Luis","robots":{"index":"index","follow":"follow","max-snippet":"max-snippet:-1","max-image-preview":"max-image-preview:large","max-video-preview":"max-video-preview:-1"},"canonical":"https:\/\/apuntesdesanluis.com\/index.php\/2023\/11\/24\/invitan-al-segundo-conversatorio-sobre-cannabis-medicinal-en-villa-mercedes\/","og_locale":"es_ES","og_type":"article","og_title":"INVITAN AL SEGUNDO CONVERSATORIO SOBRE CANNABIS MEDICINAL EN VILLA MERCEDES - Apuntes de San Luis","og_description":"Se realizar\u00e1 este s\u00e1bado 25 a las 18:00 h, organizado desde el Concejo Deliberante e...","og_url":"https:\/\/apuntesdesanluis.com\/index.php\/2023\/11\/24\/invitan-al-segundo-conversatorio-sobre-cannabis-medicinal-en-villa-mercedes\/","og_site_name":"Apuntes de San Luis","article_published_time":"2023-11-24T11:45:12+00:00","article_modified_time":"2023-11-24T11:46:23+00:00","og_image":[{"width":849,"height":556,"url":"https:\/\/apuntesdesanluis.com\/wp-content\/uploads\/2023\/08\/aceite-cannabis-marihuana.png","type":"image\/png"}],"author":"apuntesdesanluis.com","twitter_card":"summary_large_image","twitter_misc":{"Escrito por":"apuntesdesanluis.com","Tiempo de lectura":"1 minuto"},"schema":{"@context":"https:\/\/schema.org","@graph":[{"@type":"Article","@id":"https:\/\/apuntesdesanluis.com\/index.php\/2023\/11\/24\/invitan-al-segundo-conversatorio-sobre-cannabis-medicinal-en-villa-mercedes\/#article","isPartOf":{"@id":"https:\/\/apuntesdesanluis.com\/index.php\/2023\/11\/24\/invitan-al-segundo-conversatorio-sobre-cannabis-medicinal-en-villa-mercedes\/"},"author":{"name":"apuntesdesanluis.com","@id":"https:\/\/apuntesdesanluis.com\/#\/schema\/person\/b55151d52296fcce64d1a72538a70b90"},"headline":"INVITAN AL SEGUNDO CONVERSATORIO SOBRE CANNABIS MEDICINAL EN VILLA MERCEDES","datePublished":"2023-11-24T11:45:12+00:00","dateModified":"2023-11-24T11:46:23+00:00","mainEntityOfPage":{"@id":"https:\/\/apuntesdesanluis.com\/index.php\/2023\/11\/24\/invitan-al-segundo-conversatorio-sobre-cannabis-medicinal-en-villa-mercedes\/"},"wordCount":118,"publisher":{"@id":"https:\/\/apuntesdesanluis.com\/#\/schema\/person\/b55151d52296fcce64d1a72538a70b90"},"image":{"@id":"https:\/\/apuntesdesanluis.com\/index.php\/2023\/11\/24\/invitan-al-segundo-conversatorio-sobre-cannabis-medicinal-en-villa-mercedes\/#primaryimage"},"thumbnailUrl":"https:\/\/apuntesdesanluis.com\/wp-content\/uploads\/2023\/08\/aceite-cannabis-marihuana.png","articleSection":["Ciudad\/Provincia"],"inLanguage":"es-AR"},{"@type":"WebPage","@id":"https:\/\/apuntesdesanluis.com\/index.php\/2023\/11\/24\/invitan-al-segundo-conversatorio-sobre-cannabis-medicinal-en-villa-mercedes\/","url":"https:\/\/apuntesdesanluis.com\/index.php\/2023\/11\/24\/invitan-al-segundo-conversatorio-sobre-cannabis-medicinal-en-villa-mercedes\/","name":"INVITAN AL SEGUNDO CONVERSATORIO SOBRE CANNABIS MEDICINAL EN VILLA MERCEDES - Apuntes de San Luis","isPartOf":{"@id":"https:\/\/apuntesdesanluis.com\/#website"},"primaryImageOfPage":{"@id":"https:\/\/apuntesdesanluis.com\/index.php\/2023\/11\/24\/invitan-al-segundo-conversatorio-sobre-cannabis-medicinal-en-villa-mercedes\/#primaryimage"},"image":{"@id":"https:\/\/apuntesdesanluis.com\/index.php\/2023\/11\/24\/invitan-al-segundo-conversatorio-sobre-cannabis-medicinal-en-villa-mercedes\/#primaryimage"},"thumbnailUrl":"https:\/\/apuntesdesanluis.com\/wp-content\/uploads\/2023\/08\/aceite-cannabis-marihuana.png","datePublished":"2023-11-24T11:45:12+00:00","dateModified":"2023-11-24T11:46:23+00:00","breadcrumb":{"@id":"https:\/\/apuntesdesanluis.com\/index.php\/2023\/11\/24\/invitan-al-segundo-conversatorio-sobre-cannabis-medicinal-en-villa-mercedes\/#breadcrumb"},"inLanguage":"es-AR","potentialAction":[{"@type":"ReadAction","target":["https:\/\/apuntesdesanluis.com\/index.php\/2023\/11\/24\/invitan-al-segundo-conversatorio-sobre-cannabis-medicinal-en-villa-mercedes\/"]}]},{"@type":"ImageObject","inLanguage":"es-AR","@id":"https:\/\/apuntesdesanluis.com\/index.php\/2023\/11\/24\/invitan-al-segundo-conversatorio-sobre-cannabis-medicinal-en-villa-mercedes\/#primaryimage","url":"https:\/\/apuntesdesanluis.com\/wp-content\/uploads\/2023\/08\/aceite-cannabis-marihuana.png","contentUrl":"https:\/\/apuntesdesanluis.com\/wp-content\/uploads\/2023\/08\/aceite-cannabis-marihuana.png","width":849,"height":556},{"@type":"BreadcrumbList","@id":"https:\/\/apuntesdesanluis.com\/index.php\/2023\/11\/24\/invitan-al-segundo-conversatorio-sobre-cannabis-medicinal-en-villa-mercedes\/#breadcrumb","itemListElement":[{"@type":"ListItem","position":1,"name":"Inicio","item":"https:\/\/apuntesdesanluis.com\/"},{"@type":"ListItem","position":2,"name":"INVITAN AL SEGUNDO CONVERSATORIO SOBRE CANNABIS MEDICINAL EN VILLA MERCEDES"}]},{"@type":"WebSite","@id":"https:\/\/apuntesdesanluis.com\/#website","url":"https:\/\/apuntesdesanluis.com\/","name":"Apuntes de San Luis","description":"","publisher":{"@id":"https:\/\/apuntesdesanluis.com\/#\/schema\/person\/b55151d52296fcce64d1a72538a70b90"},"potentialAction":[{"@type":"SearchAction","target":{"@type":"EntryPoint","urlTemplate":"https:\/\/apuntesdesanluis.com\/?s={search_term_string}"},"query-input":{"@type":"PropertyValueSpecification","valueRequired":true,"valueName":"search_term_string"}}],"inLanguage":"es-AR"},{"@type":["Person","Organization"],"@id":"https:\/\/apuntesdesanluis.com\/#\/schema\/person\/b55151d52296fcce64d1a72538a70b90","name":"apuntesdesanluis.com","image":{"@type":"ImageObject","inLanguage":"es-AR","@id":"https:\/\/apuntesdesanluis.com\/#\/schema\/person\/image\/","url":"https:\/\/apuntesdesanluis.com\/wp-content\/uploads\/2023\/07\/cropped-apuntesdesanluis.png","contentUrl":"https:\/\/apuntesdesanluis.com\/wp-content\/uploads\/2023\/07\/cropped-apuntesdesanluis.png","width":450,"height":112,"caption":"apuntesdesanluis.com"},"logo":{"@id":"https:\/\/apuntesdesanluis.com\/#\/schema\/person\/image\/"},"sameAs":["https:\/\/apuntesdesanluis.com"],"url":"https:\/\/apuntesdesanluis.com\/index.php\/author\/apuntesdesanluis-com\/"}]}},"featured_image_urls":{"full":["https:\/\/apuntesdesanluis.com\/wp-content\/uploads\/2023\/08\/aceite-cannabis-marihuana.png",849,556,false],"thumbnail":["https:\/\/apuntesdesanluis.com\/wp-content\/uploads\/2023\/08\/aceite-cannabis-marihuana-150x150.png",150,150,true],"medium":["https:\/\/apuntesdesanluis.com\/wp-content\/uploads\/2023\/08\/aceite-cannabis-marihuana-300x196.png",300,196,true],"medium_large":["https:\/\/apuntesdesanluis.com\/wp-content\/uploads\/2023\/08\/aceite-cannabis-marihuana-768x503.png",640,419,true],"large":["https:\/\/apuntesdesanluis.com\/wp-content\/uploads\/2023\/08\/aceite-cannabis-marihuana.png",640,419,false],"1536x1536":["https:\/\/apuntesdesanluis.com\/wp-content\/uploads\/2023\/08\/aceite-cannabis-marihuana.png",849,556,false],"2048x2048":["https:\/\/apuntesdesanluis.com\/wp-content\/uploads\/2023\/08\/aceite-cannabis-marihuana.png",849,556,false],"newsever-slider-full":["https:\/\/apuntesdesanluis.com\/wp-content\/uploads\/2023\/08\/aceite-cannabis-marihuana.png",849,556,false],"newsever-featured":["https:\/\/apuntesdesanluis.com\/wp-content\/uploads\/2023\/08\/aceite-cannabis-marihuana.png",849,556,false],"newsever-medium":["https:\/\/apuntesdesanluis.com\/wp-content\/uploads\/2023\/08\/aceite-cannabis-marihuana-720x475.png",720,475,true]},"author_info":{"display_name":"apuntesdesanluis.com","author_link":"https:\/\/apuntesdesanluis.com\/index.php\/author\/apuntesdesanluis-com\/"},"category_info":"<a href=\"https:\/\/apuntesdesanluis.com\/index.php\/category\/ciudad-provincia\/\" rel=\"category tag\">Ciudad\/Provincia<\/a>","tag_info":"Ciudad\/Provincia","comment_count":"0","_links":{"self":[{"href":"https:\/\/apuntesdesanluis.com\/index.php\/wp-json\/wp\/v2\/posts\/7329","targetHints":{"allow":["GET"]}}],"collection":[{"href":"https:\/\/apuntesdesanluis.com\/index.php\/wp-json\/wp\/v2\/posts"}],"about":[{"href":"https:\/\/apuntesdesanluis.com\/index.php\/wp-json\/wp\/v2\/types\/post"}],"author":[{"embeddable":true,"href":"https:\/\/apuntesdesanluis.com\/index.php\/wp-json\/wp\/v2\/users\/1"}],"replies":[{"embeddable":true,"href":"https:\/\/apuntesdesanluis.com\/index.php\/wp-json\/wp\/v2\/comments?post=7329"}],"version-history":[{"count":2,"href":"https:\/\/apuntesdesanluis.com\/index.php\/wp-json\/wp\/v2\/posts\/7329\/revisions"}],"predecessor-version":[{"id":7332,"href":"https:\/\/apuntesdesanluis.com\/index.php\/wp-json\/wp\/v2\/posts\/7329\/revisions\/7332"}],"wp:featuredmedia":[{"embeddable":true,"href":"https:\/\/apuntesdesanluis.com\/index.php\/wp-json\/wp\/v2\/media\/1177"}],"wp:attachment":[{"href":"https:\/\/apuntesdesanluis.com\/index.php\/wp-json\/wp\/v2\/media?parent=7329"}],"wp:term":[{"taxonomy":"category","embeddable":true,"href":"https:\/\/apuntesdesanluis.com\/index.php\/wp-json\/wp\/v2\/categories?post=7329"},{"taxonomy":"post_tag","embeddable":true,"href":"https:\/\/apuntesdesanluis.com\/index.php\/wp-json\/wp\/v2\/tags?post=7329"}],"curies":[{"name":"wp","href":"https:\/\/api.w.org\/{rel}","templated":true}]}}