{"id":734,"date":"2023-07-30T21:43:56","date_gmt":"2023-07-31T00:43:56","guid":{"rendered":"https:\/\/apuntesdesanluis.com\/?p=734"},"modified":"2023-07-30T21:43:56","modified_gmt":"2023-07-31T00:43:56","slug":"milei-nombro-las-empresas-que-privatizara-si-es-presidente-nada-de-lo-que-haga-el-estado-es-eficiente","status":"publish","type":"post","link":"https:\/\/apuntesdesanluis.com\/index.php\/2023\/07\/30\/milei-nombro-las-empresas-que-privatizara-si-es-presidente-nada-de-lo-que-haga-el-estado-es-eficiente\/","title":{"rendered":"MILEI NOMBR\u00d3 LAS EMPRESAS QUE PRIVATIZAR\u00c1 SI ES PRESIDENTE: &#8220;NADA DE LO QUE HAGA EL ESTADO ES EFICIENTE&#8221;"},"content":{"rendered":"<h3>El precandidato presidencial de La Libertad Avanza,<strong> Javier Milei<\/strong>, se encuentra realizando el denominado &#8220;Tour de la Libertad&#8221; en distintos lugares del pa\u00eds. El diputado nacional visit\u00f3 la ciudad de Mar del Plata y revel\u00f3 cu\u00e1les ser\u00edan las empresas estatales que privatizar\u00eda si llega a ser elegido para ocupar el &#8220;sill\u00f3n de Rivadavia&#8221;.<\/h3>\n<h3>&#8220;Somos la \u00fanica opci\u00f3n para poner de pie a la Argentina&#8221;, comenz\u00f3 diciendo el economista libertario al llegar a la Plaza del Agua, ubicada en las calles Roca y G\u00fcemes, acompa\u00f1ado de su hermana y principal colaboradora, Karina Milei.<\/h3>\n<h3>&#8220;Una Argentina distinta es imposible con los mismos de siempre. Todos los otros son socios. No pod\u00e9s pretender resultados distintos haciendo siempre lo mismo&#8221;, prosigui\u00f3 con sus cr\u00edticas a los dirigentes de Uni\u00f3n por la Patria, ex Frente de Todos, y de Juntos por el Cambio.<\/h3>\n<h3>&#8220;Los \u00fanicos que queremos hacer un cambio de 180 grados en Argentina somos nosotros&#8221;, a\u00f1adi\u00f3 en referencia a los precandidatos de su espacio que arribaron con \u00e9l a &#8220;La Feliz&#8221;, como Carolina P\u00edparo -candidata a la gobernaci\u00f3n bonaerense- y los postulantes a diputados, &#8220;Bertie&#8221; Benegas Lynch, Marcela Pagano y Juliana Santill\u00e1n; adem\u00e1s del aspirante a Senador, Juan N\u00e1poli.<\/h3>\n<h3>&#8220;Somos los \u00fanicos que presentamos un programa de gobierno para una Argentina potencia en el lapso de 35 a 50 a\u00f1os y somos los \u00fanicos que estamos dispuestos a hacer todas las reformas necesarias y pagar los costos&#8221;, sentenci\u00f3 el legislador.<\/h3>\n<h3><strong>QUE EMPRESAS PRIVATIZAR\u00cdA MILEI<\/strong><\/h3>\n<h3>En un tramo de su discurso, el precandidato a presidente sostuvo que las primera dos empresas que privatizar\u00eda son YPF (Yacimientos Petrol\u00edferos Fiscales) y la l\u00ednea a\u00e9rea de bandera, Aerol\u00edneas Argentinas.<\/h3>\n<h3>\u201cYPF tiene que ser privatizada, como Aerol\u00edneas. Es un esc\u00e1ndalo la cantidad de empleados que ten\u00eda YPF cuando era del Estado, cuando fue del sector privado y ahora que volvi\u00f3 a tener la cantidad exorbitante de puestos pol\u00edticos\u201d, se\u00f1al\u00f3 durante la caminata.<\/h3>\n<h3>&#8220;Eso no funciona as\u00ed. No funciona el modelo de los kirchneristas&#8221;, advirti\u00f3. En tanto, tambi\u00e9n carg\u00f3 contra las pol\u00edticas implementadas por la coalici\u00f3n de Juntos por el Cambio: &#8220;Tampoco funciona ese modelo que proponen, que es decir que la van a hacer eficiente&#8221;.<\/h3>\n<h3>Sobre este punto, sostuvo que &#8220;no existe&#8221; y es un &#8220;ox\u00edmoron&#8221;, es decir, contradictorio. &#8220;Nada que haga el Estado es eficiente porque vos, para que algo sea eficiente, ten\u00e9s que pagar los costos de lo que hac\u00e9s&#8221;, a\u00f1adi\u00f3 Milei.<\/h3>\n<h3>En Mar del Plata, el referente de La Libertad Avanza fue recibido por Alejandro Carrancio, precandidato a primer Diputado Provincial bonaerense, y Rolando Demaio, precandidato a intendente de ese lugar. Seg\u00fan su itinerario, continuar\u00e1 el tour por la ciudad de Bah\u00eda Blanca.<\/h3>\n","protected":false},"excerpt":{"rendered":"<p>El precandidato presidencial de La Libertad Avanza, Javier Milei, se encuentra realizando el denominado &#8220;Tour&#8230;<\/p>\n","protected":false},"author":1,"featured_media":735,"comment_status":"closed","ping_status":"closed","sticky":false,"template":"","format":"standard","meta":{"footnotes":""},"categories":[5],"tags":[],"class_list":["post-734","post","type-post","status-publish","format-standard","has-post-thumbnail","hentry","category-nacionales-internacionales"],"yoast_head":"<!-- This site is optimized with the Yoast SEO plugin v26.1.1 - https:\/\/yoast.com\/wordpress\/plugins\/seo\/ -->\n<title>MILEI NOMBR\u00d3 LAS EMPRESAS QUE PRIVATIZAR\u00c1 SI ES PRESIDENTE: &quot;NADA DE LO QUE HAGA EL ESTADO ES EFICIENTE&quot; - Apuntes de San Luis<\/title>\n<meta name=\"robots\" content=\"index, follow, max-snippet:-1, max-image-preview:large, max-video-preview:-1\" \/>\n<link rel=\"canonical\" href=\"https:\/\/apuntesdesanluis.com\/index.php\/2023\/07\/30\/milei-nombro-las-empresas-que-privatizara-si-es-presidente-nada-de-lo-que-haga-el-estado-es-eficiente\/\" \/>\n<meta property=\"og:locale\" content=\"es_ES\" \/>\n<meta property=\"og:type\" content=\"article\" \/>\n<meta property=\"og:title\" content=\"MILEI NOMBR\u00d3 LAS EMPRESAS QUE PRIVATIZAR\u00c1 SI ES PRESIDENTE: &quot;NADA DE LO QUE HAGA EL ESTADO ES EFICIENTE&quot; - Apuntes de San Luis\" \/>\n<meta property=\"og:description\" content=\"El precandidato presidencial de La Libertad Avanza, Javier Milei, se encuentra realizando el denominado &#8220;Tour...\" \/>\n<meta property=\"og:url\" content=\"https:\/\/apuntesdesanluis.com\/index.php\/2023\/07\/30\/milei-nombro-las-empresas-que-privatizara-si-es-presidente-nada-de-lo-que-haga-el-estado-es-eficiente\/\" \/>\n<meta property=\"og:site_name\" content=\"Apuntes de San Luis\" \/>\n<meta property=\"article:published_time\" content=\"2023-07-31T00:43:56+00:00\" \/>\n<meta property=\"og:image\" content=\"https:\/\/apuntesdesanluis.com\/wp-content\/uploads\/2023\/07\/milei.png\" \/>\n\t<meta property=\"og:image:width\" content=\"846\" \/>\n\t<meta property=\"og:image:height\" content=\"544\" \/>\n\t<meta property=\"og:image:type\" content=\"image\/png\" \/>\n<meta name=\"author\" content=\"apuntesdesanluis.com\" \/>\n<meta name=\"twitter:card\" content=\"summary_large_image\" \/>\n<meta name=\"twitter:label1\" content=\"Escrito por\" \/>\n\t<meta name=\"twitter:data1\" content=\"apuntesdesanluis.com\" \/>\n\t<meta name=\"twitter:label2\" content=\"Tiempo de lectura\" \/>\n\t<meta name=\"twitter:data2\" content=\"3 minutos\" \/>\n<script type=\"application\/ld+json\" class=\"yoast-schema-graph\">{\"@context\":\"https:\/\/schema.org\",\"@graph\":[{\"@type\":\"Article\",\"@id\":\"https:\/\/apuntesdesanluis.com\/index.php\/2023\/07\/30\/milei-nombro-las-empresas-que-privatizara-si-es-presidente-nada-de-lo-que-haga-el-estado-es-eficiente\/#article\",\"isPartOf\":{\"@id\":\"https:\/\/apuntesdesanluis.com\/index.php\/2023\/07\/30\/milei-nombro-las-empresas-que-privatizara-si-es-presidente-nada-de-lo-que-haga-el-estado-es-eficiente\/\"},\"author\":{\"name\":\"apuntesdesanluis.com\",\"@id\":\"https:\/\/apuntesdesanluis.com\/#\/schema\/person\/b55151d52296fcce64d1a72538a70b90\"},\"headline\":\"MILEI NOMBR\u00d3 LAS EMPRESAS QUE PRIVATIZAR\u00c1 SI ES PRESIDENTE: &#8220;NADA DE LO QUE HAGA EL ESTADO ES EFICIENTE&#8221;\",\"datePublished\":\"2023-07-31T00:43:56+00:00\",\"mainEntityOfPage\":{\"@id\":\"https:\/\/apuntesdesanluis.com\/index.php\/2023\/07\/30\/milei-nombro-las-empresas-que-privatizara-si-es-presidente-nada-de-lo-que-haga-el-estado-es-eficiente\/\"},\"wordCount\":491,\"publisher\":{\"@id\":\"https:\/\/apuntesdesanluis.com\/#\/schema\/person\/b55151d52296fcce64d1a72538a70b90\"},\"image\":{\"@id\":\"https:\/\/apuntesdesanluis.com\/index.php\/2023\/07\/30\/milei-nombro-las-empresas-que-privatizara-si-es-presidente-nada-de-lo-que-haga-el-estado-es-eficiente\/#primaryimage\"},\"thumbnailUrl\":\"https:\/\/apuntesdesanluis.com\/wp-content\/uploads\/2023\/07\/milei.png\",\"articleSection\":[\"Nacionales\/Internacionales\"],\"inLanguage\":\"es-AR\"},{\"@type\":\"WebPage\",\"@id\":\"https:\/\/apuntesdesanluis.com\/index.php\/2023\/07\/30\/milei-nombro-las-empresas-que-privatizara-si-es-presidente-nada-de-lo-que-haga-el-estado-es-eficiente\/\",\"url\":\"https:\/\/apuntesdesanluis.com\/index.php\/2023\/07\/30\/milei-nombro-las-empresas-que-privatizara-si-es-presidente-nada-de-lo-que-haga-el-estado-es-eficiente\/\",\"name\":\"MILEI NOMBR\u00d3 LAS EMPRESAS QUE PRIVATIZAR\u00c1 SI ES PRESIDENTE: \\\"NADA DE LO QUE HAGA EL ESTADO ES EFICIENTE\\\" - Apuntes de San Luis\",\"isPartOf\":{\"@id\":\"https:\/\/apuntesdesanluis.com\/#website\"},\"primaryImageOfPage\":{\"@id\":\"https:\/\/apuntesdesanluis.com\/index.php\/2023\/07\/30\/milei-nombro-las-empresas-que-privatizara-si-es-presidente-nada-de-lo-que-haga-el-estado-es-eficiente\/#primaryimage\"},\"image\":{\"@id\":\"https:\/\/apuntesdesanluis.com\/index.php\/2023\/07\/30\/milei-nombro-las-empresas-que-privatizara-si-es-presidente-nada-de-lo-que-haga-el-estado-es-eficiente\/#primaryimage\"},\"thumbnailUrl\":\"https:\/\/apuntesdesanluis.com\/wp-content\/uploads\/2023\/07\/milei.png\",\"datePublished\":\"2023-07-31T00:43:56+00:00\",\"breadcrumb\":{\"@id\":\"https:\/\/apuntesdesanluis.com\/index.php\/2023\/07\/30\/milei-nombro-las-empresas-que-privatizara-si-es-presidente-nada-de-lo-que-haga-el-estado-es-eficiente\/#breadcrumb\"},\"inLanguage\":\"es-AR\",\"potentialAction\":[{\"@type\":\"ReadAction\",\"target\":[\"https:\/\/apuntesdesanluis.com\/index.php\/2023\/07\/30\/milei-nombro-las-empresas-que-privatizara-si-es-presidente-nada-de-lo-que-haga-el-estado-es-eficiente\/\"]}]},{\"@type\":\"ImageObject\",\"inLanguage\":\"es-AR\",\"@id\":\"https:\/\/apuntesdesanluis.com\/index.php\/2023\/07\/30\/milei-nombro-las-empresas-que-privatizara-si-es-presidente-nada-de-lo-que-haga-el-estado-es-eficiente\/#primaryimage\",\"url\":\"https:\/\/apuntesdesanluis.com\/wp-content\/uploads\/2023\/07\/milei.png\",\"contentUrl\":\"https:\/\/apuntesdesanluis.com\/wp-content\/uploads\/2023\/07\/milei.png\",\"width\":846,\"height\":544},{\"@type\":\"BreadcrumbList\",\"@id\":\"https:\/\/apuntesdesanluis.com\/index.php\/2023\/07\/30\/milei-nombro-las-empresas-que-privatizara-si-es-presidente-nada-de-lo-que-haga-el-estado-es-eficiente\/#breadcrumb\",\"itemListElement\":[{\"@type\":\"ListItem\",\"position\":1,\"name\":\"Inicio\",\"item\":\"https:\/\/apuntesdesanluis.com\/\"},{\"@type\":\"ListItem\",\"position\":2,\"name\":\"MILEI NOMBR\u00d3 LAS EMPRESAS QUE PRIVATIZAR\u00c1 SI ES PRESIDENTE: &#8220;NADA DE LO QUE HAGA EL ESTADO ES EFICIENTE&#8221;\"}]},{\"@type\":\"WebSite\",\"@id\":\"https:\/\/apuntesdesanluis.com\/#website\",\"url\":\"https:\/\/apuntesdesanluis.com\/\",\"name\":\"Apuntes de San Luis\",\"description\":\"\",\"publisher\":{\"@id\":\"https:\/\/apuntesdesanluis.com\/#\/schema\/person\/b55151d52296fcce64d1a72538a70b90\"},\"potentialAction\":[{\"@type\":\"SearchAction\",\"target\":{\"@type\":\"EntryPoint\",\"urlTemplate\":\"https:\/\/apuntesdesanluis.com\/?s={search_term_string}\"},\"query-input\":{\"@type\":\"PropertyValueSpecification\",\"valueRequired\":true,\"valueName\":\"search_term_string\"}}],\"inLanguage\":\"es-AR\"},{\"@type\":[\"Person\",\"Organization\"],\"@id\":\"https:\/\/apuntesdesanluis.com\/#\/schema\/person\/b55151d52296fcce64d1a72538a70b90\",\"name\":\"apuntesdesanluis.com\",\"image\":{\"@type\":\"ImageObject\",\"inLanguage\":\"es-AR\",\"@id\":\"https:\/\/apuntesdesanluis.com\/#\/schema\/person\/image\/\",\"url\":\"https:\/\/apuntesdesanluis.com\/wp-content\/uploads\/2023\/07\/cropped-apuntesdesanluis.png\",\"contentUrl\":\"https:\/\/apuntesdesanluis.com\/wp-content\/uploads\/2023\/07\/cropped-apuntesdesanluis.png\",\"width\":450,\"height\":112,\"caption\":\"apuntesdesanluis.com\"},\"logo\":{\"@id\":\"https:\/\/apuntesdesanluis.com\/#\/schema\/person\/image\/\"},\"sameAs\":[\"https:\/\/apuntesdesanluis.com\"],\"url\":\"https:\/\/apuntesdesanluis.com\/index.php\/author\/apuntesdesanluis-com\/\"}]}<\/script>\n<!-- \/ Yoast SEO plugin. -->","yoast_head_json":{"title":"MILEI NOMBR\u00d3 LAS EMPRESAS QUE PRIVATIZAR\u00c1 SI ES PRESIDENTE: \"NADA DE LO QUE HAGA EL ESTADO ES EFICIENTE\" - Apuntes de San Luis","robots":{"index":"index","follow":"follow","max-snippet":"max-snippet:-1","max-image-preview":"max-image-preview:large","max-video-preview":"max-video-preview:-1"},"canonical":"https:\/\/apuntesdesanluis.com\/index.php\/2023\/07\/30\/milei-nombro-las-empresas-que-privatizara-si-es-presidente-nada-de-lo-que-haga-el-estado-es-eficiente\/","og_locale":"es_ES","og_type":"article","og_title":"MILEI NOMBR\u00d3 LAS EMPRESAS QUE PRIVATIZAR\u00c1 SI ES PRESIDENTE: \"NADA DE LO QUE HAGA EL ESTADO ES EFICIENTE\" - Apuntes de San Luis","og_description":"El precandidato presidencial de La Libertad Avanza, Javier Milei, se encuentra realizando el denominado &#8220;Tour...","og_url":"https:\/\/apuntesdesanluis.com\/index.php\/2023\/07\/30\/milei-nombro-las-empresas-que-privatizara-si-es-presidente-nada-de-lo-que-haga-el-estado-es-eficiente\/","og_site_name":"Apuntes de San Luis","article_published_time":"2023-07-31T00:43:56+00:00","og_image":[{"width":846,"height":544,"url":"https:\/\/apuntesdesanluis.com\/wp-content\/uploads\/2023\/07\/milei.png","type":"image\/png"}],"author":"apuntesdesanluis.com","twitter_card":"summary_large_image","twitter_misc":{"Escrito por":"apuntesdesanluis.com","Tiempo de lectura":"3 minutos"},"schema":{"@context":"https:\/\/schema.org","@graph":[{"@type":"Article","@id":"https:\/\/apuntesdesanluis.com\/index.php\/2023\/07\/30\/milei-nombro-las-empresas-que-privatizara-si-es-presidente-nada-de-lo-que-haga-el-estado-es-eficiente\/#article","isPartOf":{"@id":"https:\/\/apuntesdesanluis.com\/index.php\/2023\/07\/30\/milei-nombro-las-empresas-que-privatizara-si-es-presidente-nada-de-lo-que-haga-el-estado-es-eficiente\/"},"author":{"name":"apuntesdesanluis.com","@id":"https:\/\/apuntesdesanluis.com\/#\/schema\/person\/b55151d52296fcce64d1a72538a70b90"},"headline":"MILEI NOMBR\u00d3 LAS EMPRESAS QUE PRIVATIZAR\u00c1 SI ES PRESIDENTE: &#8220;NADA DE LO QUE HAGA EL ESTADO ES EFICIENTE&#8221;","datePublished":"2023-07-31T00:43:56+00:00","mainEntityOfPage":{"@id":"https:\/\/apuntesdesanluis.com\/index.php\/2023\/07\/30\/milei-nombro-las-empresas-que-privatizara-si-es-presidente-nada-de-lo-que-haga-el-estado-es-eficiente\/"},"wordCount":491,"publisher":{"@id":"https:\/\/apuntesdesanluis.com\/#\/schema\/person\/b55151d52296fcce64d1a72538a70b90"},"image":{"@id":"https:\/\/apuntesdesanluis.com\/index.php\/2023\/07\/30\/milei-nombro-las-empresas-que-privatizara-si-es-presidente-nada-de-lo-que-haga-el-estado-es-eficiente\/#primaryimage"},"thumbnailUrl":"https:\/\/apuntesdesanluis.com\/wp-content\/uploads\/2023\/07\/milei.png","articleSection":["Nacionales\/Internacionales"],"inLanguage":"es-AR"},{"@type":"WebPage","@id":"https:\/\/apuntesdesanluis.com\/index.php\/2023\/07\/30\/milei-nombro-las-empresas-que-privatizara-si-es-presidente-nada-de-lo-que-haga-el-estado-es-eficiente\/","url":"https:\/\/apuntesdesanluis.com\/index.php\/2023\/07\/30\/milei-nombro-las-empresas-que-privatizara-si-es-presidente-nada-de-lo-que-haga-el-estado-es-eficiente\/","name":"MILEI NOMBR\u00d3 LAS EMPRESAS QUE PRIVATIZAR\u00c1 SI ES PRESIDENTE: \"NADA DE LO QUE HAGA EL ESTADO ES EFICIENTE\" - Apuntes de San Luis","isPartOf":{"@id":"https:\/\/apuntesdesanluis.com\/#website"},"primaryImageOfPage":{"@id":"https:\/\/apuntesdesanluis.com\/index.php\/2023\/07\/30\/milei-nombro-las-empresas-que-privatizara-si-es-presidente-nada-de-lo-que-haga-el-estado-es-eficiente\/#primaryimage"},"image":{"@id":"https:\/\/apuntesdesanluis.com\/index.php\/2023\/07\/30\/milei-nombro-las-empresas-que-privatizara-si-es-presidente-nada-de-lo-que-haga-el-estado-es-eficiente\/#primaryimage"},"thumbnailUrl":"https:\/\/apuntesdesanluis.com\/wp-content\/uploads\/2023\/07\/milei.png","datePublished":"2023-07-31T00:43:56+00:00","breadcrumb":{"@id":"https:\/\/apuntesdesanluis.com\/index.php\/2023\/07\/30\/milei-nombro-las-empresas-que-privatizara-si-es-presidente-nada-de-lo-que-haga-el-estado-es-eficiente\/#breadcrumb"},"inLanguage":"es-AR","potentialAction":[{"@type":"ReadAction","target":["https:\/\/apuntesdesanluis.com\/index.php\/2023\/07\/30\/milei-nombro-las-empresas-que-privatizara-si-es-presidente-nada-de-lo-que-haga-el-estado-es-eficiente\/"]}]},{"@type":"ImageObject","inLanguage":"es-AR","@id":"https:\/\/apuntesdesanluis.com\/index.php\/2023\/07\/30\/milei-nombro-las-empresas-que-privatizara-si-es-presidente-nada-de-lo-que-haga-el-estado-es-eficiente\/#primaryimage","url":"https:\/\/apuntesdesanluis.com\/wp-content\/uploads\/2023\/07\/milei.png","contentUrl":"https:\/\/apuntesdesanluis.com\/wp-content\/uploads\/2023\/07\/milei.png","width":846,"height":544},{"@type":"BreadcrumbList","@id":"https:\/\/apuntesdesanluis.com\/index.php\/2023\/07\/30\/milei-nombro-las-empresas-que-privatizara-si-es-presidente-nada-de-lo-que-haga-el-estado-es-eficiente\/#breadcrumb","itemListElement":[{"@type":"ListItem","position":1,"name":"Inicio","item":"https:\/\/apuntesdesanluis.com\/"},{"@type":"ListItem","position":2,"name":"MILEI NOMBR\u00d3 LAS EMPRESAS QUE PRIVATIZAR\u00c1 SI ES PRESIDENTE: &#8220;NADA DE LO QUE HAGA EL ESTADO ES EFICIENTE&#8221;"}]},{"@type":"WebSite","@id":"https:\/\/apuntesdesanluis.com\/#website","url":"https:\/\/apuntesdesanluis.com\/","name":"Apuntes de San Luis","description":"","publisher":{"@id":"https:\/\/apuntesdesanluis.com\/#\/schema\/person\/b55151d52296fcce64d1a72538a70b90"},"potentialAction":[{"@type":"SearchAction","target":{"@type":"EntryPoint","urlTemplate":"https:\/\/apuntesdesanluis.com\/?s={search_term_string}"},"query-input":{"@type":"PropertyValueSpecification","valueRequired":true,"valueName":"search_term_string"}}],"inLanguage":"es-AR"},{"@type":["Person","Organization"],"@id":"https:\/\/apuntesdesanluis.com\/#\/schema\/person\/b55151d52296fcce64d1a72538a70b90","name":"apuntesdesanluis.com","image":{"@type":"ImageObject","inLanguage":"es-AR","@id":"https:\/\/apuntesdesanluis.com\/#\/schema\/person\/image\/","url":"https:\/\/apuntesdesanluis.com\/wp-content\/uploads\/2023\/07\/cropped-apuntesdesanluis.png","contentUrl":"https:\/\/apuntesdesanluis.com\/wp-content\/uploads\/2023\/07\/cropped-apuntesdesanluis.png","width":450,"height":112,"caption":"apuntesdesanluis.com"},"logo":{"@id":"https:\/\/apuntesdesanluis.com\/#\/schema\/person\/image\/"},"sameAs":["https:\/\/apuntesdesanluis.com"],"url":"https:\/\/apuntesdesanluis.com\/index.php\/author\/apuntesdesanluis-com\/"}]}},"featured_image_urls":{"full":["https:\/\/apuntesdesanluis.com\/wp-content\/uploads\/2023\/07\/milei.png",846,544,false],"thumbnail":["https:\/\/apuntesdesanluis.com\/wp-content\/uploads\/2023\/07\/milei-150x150.png",150,150,true],"medium":["https:\/\/apuntesdesanluis.com\/wp-content\/uploads\/2023\/07\/milei-300x193.png",300,193,true],"medium_large":["https:\/\/apuntesdesanluis.com\/wp-content\/uploads\/2023\/07\/milei-768x494.png",640,412,true],"large":["https:\/\/apuntesdesanluis.com\/wp-content\/uploads\/2023\/07\/milei.png",640,412,false],"1536x1536":["https:\/\/apuntesdesanluis.com\/wp-content\/uploads\/2023\/07\/milei.png",846,544,false],"2048x2048":["https:\/\/apuntesdesanluis.com\/wp-content\/uploads\/2023\/07\/milei.png",846,544,false],"newsever-slider-full":["https:\/\/apuntesdesanluis.com\/wp-content\/uploads\/2023\/07\/milei.png",846,544,false],"newsever-featured":["https:\/\/apuntesdesanluis.com\/wp-content\/uploads\/2023\/07\/milei.png",846,544,false],"newsever-medium":["https:\/\/apuntesdesanluis.com\/wp-content\/uploads\/2023\/07\/milei-720x475.png",720,475,true]},"author_info":{"display_name":"apuntesdesanluis.com","author_link":"https:\/\/apuntesdesanluis.com\/index.php\/author\/apuntesdesanluis-com\/"},"category_info":"<a href=\"https:\/\/apuntesdesanluis.com\/index.php\/category\/nacionales-internacionales\/\" rel=\"category tag\">Nacionales\/Internacionales<\/a>","tag_info":"Nacionales\/Internacionales","comment_count":"0","_links":{"self":[{"href":"https:\/\/apuntesdesanluis.com\/index.php\/wp-json\/wp\/v2\/posts\/734","targetHints":{"allow":["GET"]}}],"collection":[{"href":"https:\/\/apuntesdesanluis.com\/index.php\/wp-json\/wp\/v2\/posts"}],"about":[{"href":"https:\/\/apuntesdesanluis.com\/index.php\/wp-json\/wp\/v2\/types\/post"}],"author":[{"embeddable":true,"href":"https:\/\/apuntesdesanluis.com\/index.php\/wp-json\/wp\/v2\/users\/1"}],"replies":[{"embeddable":true,"href":"https:\/\/apuntesdesanluis.com\/index.php\/wp-json\/wp\/v2\/comments?post=734"}],"version-history":[{"count":1,"href":"https:\/\/apuntesdesanluis.com\/index.php\/wp-json\/wp\/v2\/posts\/734\/revisions"}],"predecessor-version":[{"id":736,"href":"https:\/\/apuntesdesanluis.com\/index.php\/wp-json\/wp\/v2\/posts\/734\/revisions\/736"}],"wp:featuredmedia":[{"embeddable":true,"href":"https:\/\/apuntesdesanluis.com\/index.php\/wp-json\/wp\/v2\/media\/735"}],"wp:attachment":[{"href":"https:\/\/apuntesdesanluis.com\/index.php\/wp-json\/wp\/v2\/media?parent=734"}],"wp:term":[{"taxonomy":"category","embeddable":true,"href":"https:\/\/apuntesdesanluis.com\/index.php\/wp-json\/wp\/v2\/categories?post=734"},{"taxonomy":"post_tag","embeddable":true,"href":"https:\/\/apuntesdesanluis.com\/index.php\/wp-json\/wp\/v2\/tags?post=734"}],"curies":[{"name":"wp","href":"https:\/\/api.w.org\/{rel}","templated":true}]}}