{"id":7367,"date":"2023-11-26T18:23:00","date_gmt":"2023-11-26T21:23:00","guid":{"rendered":"https:\/\/apuntesdesanluis.com\/?p=7367"},"modified":"2023-11-26T18:23:33","modified_gmt":"2023-11-26T21:23:33","slug":"se-completo-la-obra-fisica-del-nuevo-radar-meteorologico-en-villa-reynolds","status":"publish","type":"post","link":"https:\/\/apuntesdesanluis.com\/index.php\/2023\/11\/26\/se-completo-la-obra-fisica-del-nuevo-radar-meteorologico-en-villa-reynolds\/","title":{"rendered":"SE COMPLET\u00d3 LA OBRA F\u00cdSICA DEL NUEVO RADAR METEOROL\u00d3GICO EN VILLA REYNOLDS"},"content":{"rendered":"<h3>Tras la puesta en marcha brindar\u00e1 datos en tiempo real, y permitir\u00e1 emitir alertas de corto plazo de tormentas, particularmente de granizo o vientos fuertes, con mayor precisi\u00f3n. El <strong>radar meteorol\u00f3gico<\/strong> es posible gracias al trabajo conjunto entre el Ministerio de Obras P\u00fablicas de Naci\u00f3n, el Gobierno de la provincia y la V Brigada A\u00e9rea.<\/h3>\n<p><iframe title=\"El nuevo radar permitir\u00e1 realizar pron\u00f3sticos meteorol\u00f3gicos y emitir alertas de tormentas\" width=\"640\" height=\"360\" src=\"https:\/\/www.youtube.com\/embed\/gpIs5eZGFrU?feature=oembed\" frameborder=\"0\" allow=\"accelerometer; autoplay; clipboard-write; encrypted-media; gyroscope; picture-in-picture; web-share\" referrerpolicy=\"strict-origin-when-cross-origin\" allowfullscreen><\/iframe><\/p>\n<h3>Este jueves el equipo de trabajo instal\u00f3 el radomo, una esfera que sirve de protecci\u00f3n del radar, en lo alto de la torre de 33 m instalada en la V Brigada A\u00e9rea de Villa Reynolds. De esta forma se concluy\u00f3 con la \u00faltima etapa de instalaci\u00f3n f\u00edsica de la obra, y se comienzan con las tareas de calibraci\u00f3n.<\/h3>\n<h3>Este radar forma parte del Proyecto SINARAME (Sistema Nacional de Radares Meteorol\u00f3gicos), el cual tiene como objetivo gestionar, integrar y operar todos los radares meteorol\u00f3gicos del pa\u00eds. La obra, financiada por el Ministerio de Obras P\u00fablicas de Naci\u00f3n a trav\u00e9s de INVAP, cont\u00f3 con el apoyo fundamental de la V Brigada A\u00e9rea que brinda el lugar f\u00edsico y seguridad al radar, y el Gobierno provincial, a trav\u00e9s del Ministerio de Ciencia y Tecnolog\u00eda, que brinda los servicios el\u00e9ctricos y de conectividad.<\/h3>\n<h3><img fetchpriority=\"high\" decoding=\"async\" class=\"wp-image-7368 aligncenter\" src=\"https:\/\/apuntesdesanluis.com\/wp-content\/uploads\/2023\/11\/radar-1-300x98.png\" alt=\"\" width=\"719\" height=\"235\" srcset=\"https:\/\/apuntesdesanluis.com\/wp-content\/uploads\/2023\/11\/radar-1-300x98.png 300w, https:\/\/apuntesdesanluis.com\/wp-content\/uploads\/2023\/11\/radar-1.png 600w\" sizes=\"(max-width: 719px) 100vw, 719px\" \/><\/h3>\n<p><img decoding=\"async\" class=\"wp-image-7369 aligncenter\" src=\"https:\/\/apuntesdesanluis.com\/wp-content\/uploads\/2023\/11\/radar-2-300x99.png\" alt=\"\" width=\"718\" height=\"237\" srcset=\"https:\/\/apuntesdesanluis.com\/wp-content\/uploads\/2023\/11\/radar-2-300x99.png 300w, https:\/\/apuntesdesanluis.com\/wp-content\/uploads\/2023\/11\/radar-2.png 600w\" sizes=\"(max-width: 718px) 100vw, 718px\" \/><\/p>\n<h3>El responsable de la REM, Guillermo Concha, explic\u00f3 el pr\u00f3ximo paso es la puesta a punto del radar, donde los datos de las 59 estaciones meteorol\u00f3gicas de la REM, distribuidas en toda la provincia, servir\u00e1n para constatar la informaci\u00f3n que brinde el radar para hacer los ajustes correspondiente.<\/h3>\n<h3>Una vez en marcha, la operaci\u00f3n del radar estar\u00e1 a cargo del Servicio Meteorol\u00f3gico Nacional (SMN), y este proporcionar\u00e1 los datos a distintos organismos, entre ellos la REM. \u201cDispondremos de los datos del radar para mejorar las alertas meteorol\u00f3gicas, la informaci\u00f3n que brinda REM incluir\u00e1 estos datos\u201d, indic\u00f3 el funcionario.<\/h3>\n<h3><img decoding=\"async\" class=\"wp-image-7370 aligncenter\" src=\"https:\/\/apuntesdesanluis.com\/wp-content\/uploads\/2023\/11\/radar-3-300x191.png\" alt=\"\" width=\"718\" height=\"457\" srcset=\"https:\/\/apuntesdesanluis.com\/wp-content\/uploads\/2023\/11\/radar-3-300x191.png 300w, https:\/\/apuntesdesanluis.com\/wp-content\/uploads\/2023\/11\/radar-3.png 596w\" sizes=\"(max-width: 718px) 100vw, 718px\" \/><\/h3>\n<h3>Por su parte, Ricardo Valenti, Jefe de la divisi\u00f3n Meteorolog\u00eda Militar, destac\u00f3 que con el nuevo radar \u201cpodremos contar con ojos en la regi\u00f3n para poder ver en tiempo real el desarrollo de tormentas y sistemas meteorol\u00f3gicos, y brindar mayor seguridad a las operaciones a\u00e9reas de la Fuerza A\u00e9rea Argentina\u201d.<\/h3>\n<p>&nbsp;<\/p>\n<p>&nbsp;<\/p>\n<p>&nbsp;<\/p>\n<p>&nbsp;<\/p>\n","protected":false},"excerpt":{"rendered":"<p>Tras la puesta en marcha brindar\u00e1 datos en tiempo real, y permitir\u00e1 emitir alertas de&#8230;<\/p>\n","protected":false},"author":1,"featured_media":7371,"comment_status":"closed","ping_status":"closed","sticky":false,"template":"","format":"standard","meta":{"footnotes":""},"categories":[6],"tags":[],"class_list":["post-7367","post","type-post","status-publish","format-standard","has-post-thumbnail","hentry","category-ciudad-provincia"],"yoast_head":"<!-- This site is optimized with the Yoast SEO plugin v26.1.1 - https:\/\/yoast.com\/wordpress\/plugins\/seo\/ -->\n<title>SE COMPLET\u00d3 LA OBRA F\u00cdSICA DEL NUEVO RADAR METEOROL\u00d3GICO EN VILLA REYNOLDS - Apuntes de San Luis<\/title>\n<meta name=\"robots\" content=\"index, follow, max-snippet:-1, max-image-preview:large, max-video-preview:-1\" \/>\n<link rel=\"canonical\" href=\"https:\/\/apuntesdesanluis.com\/index.php\/2023\/11\/26\/se-completo-la-obra-fisica-del-nuevo-radar-meteorologico-en-villa-reynolds\/\" \/>\n<meta property=\"og:locale\" content=\"es_ES\" \/>\n<meta property=\"og:type\" content=\"article\" \/>\n<meta property=\"og:title\" content=\"SE COMPLET\u00d3 LA OBRA F\u00cdSICA DEL NUEVO RADAR METEOROL\u00d3GICO EN VILLA REYNOLDS - Apuntes de San Luis\" \/>\n<meta property=\"og:description\" content=\"Tras la puesta en marcha brindar\u00e1 datos en tiempo real, y permitir\u00e1 emitir alertas de...\" \/>\n<meta property=\"og:url\" content=\"https:\/\/apuntesdesanluis.com\/index.php\/2023\/11\/26\/se-completo-la-obra-fisica-del-nuevo-radar-meteorologico-en-villa-reynolds\/\" \/>\n<meta property=\"og:site_name\" content=\"Apuntes de San Luis\" \/>\n<meta property=\"article:published_time\" content=\"2023-11-26T21:23:00+00:00\" \/>\n<meta property=\"article:modified_time\" content=\"2023-11-26T21:23:33+00:00\" \/>\n<meta property=\"og:image\" content=\"https:\/\/apuntesdesanluis.com\/wp-content\/uploads\/2023\/11\/radar-tapa.png\" \/>\n\t<meta property=\"og:image:width\" content=\"847\" \/>\n\t<meta property=\"og:image:height\" content=\"468\" \/>\n\t<meta property=\"og:image:type\" content=\"image\/png\" \/>\n<meta name=\"author\" content=\"apuntesdesanluis.com\" \/>\n<meta name=\"twitter:card\" content=\"summary_large_image\" \/>\n<meta name=\"twitter:label1\" content=\"Escrito por\" \/>\n\t<meta name=\"twitter:data1\" content=\"apuntesdesanluis.com\" \/>\n\t<meta name=\"twitter:label2\" content=\"Tiempo de lectura\" \/>\n\t<meta name=\"twitter:data2\" content=\"3 minutos\" \/>\n<script type=\"application\/ld+json\" class=\"yoast-schema-graph\">{\"@context\":\"https:\/\/schema.org\",\"@graph\":[{\"@type\":\"Article\",\"@id\":\"https:\/\/apuntesdesanluis.com\/index.php\/2023\/11\/26\/se-completo-la-obra-fisica-del-nuevo-radar-meteorologico-en-villa-reynolds\/#article\",\"isPartOf\":{\"@id\":\"https:\/\/apuntesdesanluis.com\/index.php\/2023\/11\/26\/se-completo-la-obra-fisica-del-nuevo-radar-meteorologico-en-villa-reynolds\/\"},\"author\":{\"name\":\"apuntesdesanluis.com\",\"@id\":\"https:\/\/apuntesdesanluis.com\/#\/schema\/person\/b55151d52296fcce64d1a72538a70b90\"},\"headline\":\"SE COMPLET\u00d3 LA OBRA F\u00cdSICA DEL NUEVO RADAR METEOROL\u00d3GICO EN VILLA REYNOLDS\",\"datePublished\":\"2023-11-26T21:23:00+00:00\",\"dateModified\":\"2023-11-26T21:23:33+00:00\",\"mainEntityOfPage\":{\"@id\":\"https:\/\/apuntesdesanluis.com\/index.php\/2023\/11\/26\/se-completo-la-obra-fisica-del-nuevo-radar-meteorologico-en-villa-reynolds\/\"},\"wordCount\":400,\"publisher\":{\"@id\":\"https:\/\/apuntesdesanluis.com\/#\/schema\/person\/b55151d52296fcce64d1a72538a70b90\"},\"image\":{\"@id\":\"https:\/\/apuntesdesanluis.com\/index.php\/2023\/11\/26\/se-completo-la-obra-fisica-del-nuevo-radar-meteorologico-en-villa-reynolds\/#primaryimage\"},\"thumbnailUrl\":\"https:\/\/apuntesdesanluis.com\/wp-content\/uploads\/2023\/11\/radar-tapa.png\",\"articleSection\":[\"Ciudad\/Provincia\"],\"inLanguage\":\"es-AR\"},{\"@type\":\"WebPage\",\"@id\":\"https:\/\/apuntesdesanluis.com\/index.php\/2023\/11\/26\/se-completo-la-obra-fisica-del-nuevo-radar-meteorologico-en-villa-reynolds\/\",\"url\":\"https:\/\/apuntesdesanluis.com\/index.php\/2023\/11\/26\/se-completo-la-obra-fisica-del-nuevo-radar-meteorologico-en-villa-reynolds\/\",\"name\":\"SE COMPLET\u00d3 LA OBRA F\u00cdSICA DEL NUEVO RADAR METEOROL\u00d3GICO EN VILLA REYNOLDS - Apuntes de San Luis\",\"isPartOf\":{\"@id\":\"https:\/\/apuntesdesanluis.com\/#website\"},\"primaryImageOfPage\":{\"@id\":\"https:\/\/apuntesdesanluis.com\/index.php\/2023\/11\/26\/se-completo-la-obra-fisica-del-nuevo-radar-meteorologico-en-villa-reynolds\/#primaryimage\"},\"image\":{\"@id\":\"https:\/\/apuntesdesanluis.com\/index.php\/2023\/11\/26\/se-completo-la-obra-fisica-del-nuevo-radar-meteorologico-en-villa-reynolds\/#primaryimage\"},\"thumbnailUrl\":\"https:\/\/apuntesdesanluis.com\/wp-content\/uploads\/2023\/11\/radar-tapa.png\",\"datePublished\":\"2023-11-26T21:23:00+00:00\",\"dateModified\":\"2023-11-26T21:23:33+00:00\",\"breadcrumb\":{\"@id\":\"https:\/\/apuntesdesanluis.com\/index.php\/2023\/11\/26\/se-completo-la-obra-fisica-del-nuevo-radar-meteorologico-en-villa-reynolds\/#breadcrumb\"},\"inLanguage\":\"es-AR\",\"potentialAction\":[{\"@type\":\"ReadAction\",\"target\":[\"https:\/\/apuntesdesanluis.com\/index.php\/2023\/11\/26\/se-completo-la-obra-fisica-del-nuevo-radar-meteorologico-en-villa-reynolds\/\"]}]},{\"@type\":\"ImageObject\",\"inLanguage\":\"es-AR\",\"@id\":\"https:\/\/apuntesdesanluis.com\/index.php\/2023\/11\/26\/se-completo-la-obra-fisica-del-nuevo-radar-meteorologico-en-villa-reynolds\/#primaryimage\",\"url\":\"https:\/\/apuntesdesanluis.com\/wp-content\/uploads\/2023\/11\/radar-tapa.png\",\"contentUrl\":\"https:\/\/apuntesdesanluis.com\/wp-content\/uploads\/2023\/11\/radar-tapa.png\",\"width\":847,\"height\":468},{\"@type\":\"BreadcrumbList\",\"@id\":\"https:\/\/apuntesdesanluis.com\/index.php\/2023\/11\/26\/se-completo-la-obra-fisica-del-nuevo-radar-meteorologico-en-villa-reynolds\/#breadcrumb\",\"itemListElement\":[{\"@type\":\"ListItem\",\"position\":1,\"name\":\"Inicio\",\"item\":\"https:\/\/apuntesdesanluis.com\/\"},{\"@type\":\"ListItem\",\"position\":2,\"name\":\"SE COMPLET\u00d3 LA OBRA F\u00cdSICA DEL NUEVO RADAR METEOROL\u00d3GICO EN VILLA REYNOLDS\"}]},{\"@type\":\"WebSite\",\"@id\":\"https:\/\/apuntesdesanluis.com\/#website\",\"url\":\"https:\/\/apuntesdesanluis.com\/\",\"name\":\"Apuntes de San Luis\",\"description\":\"\",\"publisher\":{\"@id\":\"https:\/\/apuntesdesanluis.com\/#\/schema\/person\/b55151d52296fcce64d1a72538a70b90\"},\"potentialAction\":[{\"@type\":\"SearchAction\",\"target\":{\"@type\":\"EntryPoint\",\"urlTemplate\":\"https:\/\/apuntesdesanluis.com\/?s={search_term_string}\"},\"query-input\":{\"@type\":\"PropertyValueSpecification\",\"valueRequired\":true,\"valueName\":\"search_term_string\"}}],\"inLanguage\":\"es-AR\"},{\"@type\":[\"Person\",\"Organization\"],\"@id\":\"https:\/\/apuntesdesanluis.com\/#\/schema\/person\/b55151d52296fcce64d1a72538a70b90\",\"name\":\"apuntesdesanluis.com\",\"image\":{\"@type\":\"ImageObject\",\"inLanguage\":\"es-AR\",\"@id\":\"https:\/\/apuntesdesanluis.com\/#\/schema\/person\/image\/\",\"url\":\"https:\/\/apuntesdesanluis.com\/wp-content\/uploads\/2023\/07\/cropped-apuntesdesanluis.png\",\"contentUrl\":\"https:\/\/apuntesdesanluis.com\/wp-content\/uploads\/2023\/07\/cropped-apuntesdesanluis.png\",\"width\":450,\"height\":112,\"caption\":\"apuntesdesanluis.com\"},\"logo\":{\"@id\":\"https:\/\/apuntesdesanluis.com\/#\/schema\/person\/image\/\"},\"sameAs\":[\"https:\/\/apuntesdesanluis.com\"],\"url\":\"https:\/\/apuntesdesanluis.com\/index.php\/author\/apuntesdesanluis-com\/\"}]}<\/script>\n<!-- \/ Yoast SEO plugin. -->","yoast_head_json":{"title":"SE COMPLET\u00d3 LA OBRA F\u00cdSICA DEL NUEVO RADAR METEOROL\u00d3GICO EN VILLA REYNOLDS - Apuntes de San Luis","robots":{"index":"index","follow":"follow","max-snippet":"max-snippet:-1","max-image-preview":"max-image-preview:large","max-video-preview":"max-video-preview:-1"},"canonical":"https:\/\/apuntesdesanluis.com\/index.php\/2023\/11\/26\/se-completo-la-obra-fisica-del-nuevo-radar-meteorologico-en-villa-reynolds\/","og_locale":"es_ES","og_type":"article","og_title":"SE COMPLET\u00d3 LA OBRA F\u00cdSICA DEL NUEVO RADAR METEOROL\u00d3GICO EN VILLA REYNOLDS - Apuntes de San Luis","og_description":"Tras la puesta en marcha brindar\u00e1 datos en tiempo real, y permitir\u00e1 emitir alertas de...","og_url":"https:\/\/apuntesdesanluis.com\/index.php\/2023\/11\/26\/se-completo-la-obra-fisica-del-nuevo-radar-meteorologico-en-villa-reynolds\/","og_site_name":"Apuntes de San Luis","article_published_time":"2023-11-26T21:23:00+00:00","article_modified_time":"2023-11-26T21:23:33+00:00","og_image":[{"width":847,"height":468,"url":"https:\/\/apuntesdesanluis.com\/wp-content\/uploads\/2023\/11\/radar-tapa.png","type":"image\/png"}],"author":"apuntesdesanluis.com","twitter_card":"summary_large_image","twitter_misc":{"Escrito por":"apuntesdesanluis.com","Tiempo de lectura":"3 minutos"},"schema":{"@context":"https:\/\/schema.org","@graph":[{"@type":"Article","@id":"https:\/\/apuntesdesanluis.com\/index.php\/2023\/11\/26\/se-completo-la-obra-fisica-del-nuevo-radar-meteorologico-en-villa-reynolds\/#article","isPartOf":{"@id":"https:\/\/apuntesdesanluis.com\/index.php\/2023\/11\/26\/se-completo-la-obra-fisica-del-nuevo-radar-meteorologico-en-villa-reynolds\/"},"author":{"name":"apuntesdesanluis.com","@id":"https:\/\/apuntesdesanluis.com\/#\/schema\/person\/b55151d52296fcce64d1a72538a70b90"},"headline":"SE COMPLET\u00d3 LA OBRA F\u00cdSICA DEL NUEVO RADAR METEOROL\u00d3GICO EN VILLA REYNOLDS","datePublished":"2023-11-26T21:23:00+00:00","dateModified":"2023-11-26T21:23:33+00:00","mainEntityOfPage":{"@id":"https:\/\/apuntesdesanluis.com\/index.php\/2023\/11\/26\/se-completo-la-obra-fisica-del-nuevo-radar-meteorologico-en-villa-reynolds\/"},"wordCount":400,"publisher":{"@id":"https:\/\/apuntesdesanluis.com\/#\/schema\/person\/b55151d52296fcce64d1a72538a70b90"},"image":{"@id":"https:\/\/apuntesdesanluis.com\/index.php\/2023\/11\/26\/se-completo-la-obra-fisica-del-nuevo-radar-meteorologico-en-villa-reynolds\/#primaryimage"},"thumbnailUrl":"https:\/\/apuntesdesanluis.com\/wp-content\/uploads\/2023\/11\/radar-tapa.png","articleSection":["Ciudad\/Provincia"],"inLanguage":"es-AR"},{"@type":"WebPage","@id":"https:\/\/apuntesdesanluis.com\/index.php\/2023\/11\/26\/se-completo-la-obra-fisica-del-nuevo-radar-meteorologico-en-villa-reynolds\/","url":"https:\/\/apuntesdesanluis.com\/index.php\/2023\/11\/26\/se-completo-la-obra-fisica-del-nuevo-radar-meteorologico-en-villa-reynolds\/","name":"SE COMPLET\u00d3 LA OBRA F\u00cdSICA DEL NUEVO RADAR METEOROL\u00d3GICO EN VILLA REYNOLDS - Apuntes de San Luis","isPartOf":{"@id":"https:\/\/apuntesdesanluis.com\/#website"},"primaryImageOfPage":{"@id":"https:\/\/apuntesdesanluis.com\/index.php\/2023\/11\/26\/se-completo-la-obra-fisica-del-nuevo-radar-meteorologico-en-villa-reynolds\/#primaryimage"},"image":{"@id":"https:\/\/apuntesdesanluis.com\/index.php\/2023\/11\/26\/se-completo-la-obra-fisica-del-nuevo-radar-meteorologico-en-villa-reynolds\/#primaryimage"},"thumbnailUrl":"https:\/\/apuntesdesanluis.com\/wp-content\/uploads\/2023\/11\/radar-tapa.png","datePublished":"2023-11-26T21:23:00+00:00","dateModified":"2023-11-26T21:23:33+00:00","breadcrumb":{"@id":"https:\/\/apuntesdesanluis.com\/index.php\/2023\/11\/26\/se-completo-la-obra-fisica-del-nuevo-radar-meteorologico-en-villa-reynolds\/#breadcrumb"},"inLanguage":"es-AR","potentialAction":[{"@type":"ReadAction","target":["https:\/\/apuntesdesanluis.com\/index.php\/2023\/11\/26\/se-completo-la-obra-fisica-del-nuevo-radar-meteorologico-en-villa-reynolds\/"]}]},{"@type":"ImageObject","inLanguage":"es-AR","@id":"https:\/\/apuntesdesanluis.com\/index.php\/2023\/11\/26\/se-completo-la-obra-fisica-del-nuevo-radar-meteorologico-en-villa-reynolds\/#primaryimage","url":"https:\/\/apuntesdesanluis.com\/wp-content\/uploads\/2023\/11\/radar-tapa.png","contentUrl":"https:\/\/apuntesdesanluis.com\/wp-content\/uploads\/2023\/11\/radar-tapa.png","width":847,"height":468},{"@type":"BreadcrumbList","@id":"https:\/\/apuntesdesanluis.com\/index.php\/2023\/11\/26\/se-completo-la-obra-fisica-del-nuevo-radar-meteorologico-en-villa-reynolds\/#breadcrumb","itemListElement":[{"@type":"ListItem","position":1,"name":"Inicio","item":"https:\/\/apuntesdesanluis.com\/"},{"@type":"ListItem","position":2,"name":"SE COMPLET\u00d3 LA OBRA F\u00cdSICA DEL NUEVO RADAR METEOROL\u00d3GICO EN VILLA REYNOLDS"}]},{"@type":"WebSite","@id":"https:\/\/apuntesdesanluis.com\/#website","url":"https:\/\/apuntesdesanluis.com\/","name":"Apuntes de San Luis","description":"","publisher":{"@id":"https:\/\/apuntesdesanluis.com\/#\/schema\/person\/b55151d52296fcce64d1a72538a70b90"},"potentialAction":[{"@type":"SearchAction","target":{"@type":"EntryPoint","urlTemplate":"https:\/\/apuntesdesanluis.com\/?s={search_term_string}"},"query-input":{"@type":"PropertyValueSpecification","valueRequired":true,"valueName":"search_term_string"}}],"inLanguage":"es-AR"},{"@type":["Person","Organization"],"@id":"https:\/\/apuntesdesanluis.com\/#\/schema\/person\/b55151d52296fcce64d1a72538a70b90","name":"apuntesdesanluis.com","image":{"@type":"ImageObject","inLanguage":"es-AR","@id":"https:\/\/apuntesdesanluis.com\/#\/schema\/person\/image\/","url":"https:\/\/apuntesdesanluis.com\/wp-content\/uploads\/2023\/07\/cropped-apuntesdesanluis.png","contentUrl":"https:\/\/apuntesdesanluis.com\/wp-content\/uploads\/2023\/07\/cropped-apuntesdesanluis.png","width":450,"height":112,"caption":"apuntesdesanluis.com"},"logo":{"@id":"https:\/\/apuntesdesanluis.com\/#\/schema\/person\/image\/"},"sameAs":["https:\/\/apuntesdesanluis.com"],"url":"https:\/\/apuntesdesanluis.com\/index.php\/author\/apuntesdesanluis-com\/"}]}},"featured_image_urls":{"full":["https:\/\/apuntesdesanluis.com\/wp-content\/uploads\/2023\/11\/radar-tapa.png",847,468,false],"thumbnail":["https:\/\/apuntesdesanluis.com\/wp-content\/uploads\/2023\/11\/radar-tapa-150x150.png",150,150,true],"medium":["https:\/\/apuntesdesanluis.com\/wp-content\/uploads\/2023\/11\/radar-tapa-300x166.png",300,166,true],"medium_large":["https:\/\/apuntesdesanluis.com\/wp-content\/uploads\/2023\/11\/radar-tapa-768x424.png",640,353,true],"large":["https:\/\/apuntesdesanluis.com\/wp-content\/uploads\/2023\/11\/radar-tapa.png",640,354,false],"1536x1536":["https:\/\/apuntesdesanluis.com\/wp-content\/uploads\/2023\/11\/radar-tapa.png",847,468,false],"2048x2048":["https:\/\/apuntesdesanluis.com\/wp-content\/uploads\/2023\/11\/radar-tapa.png",847,468,false],"newsever-slider-full":["https:\/\/apuntesdesanluis.com\/wp-content\/uploads\/2023\/11\/radar-tapa.png",847,468,false],"newsever-featured":["https:\/\/apuntesdesanluis.com\/wp-content\/uploads\/2023\/11\/radar-tapa.png",847,468,false],"newsever-medium":["https:\/\/apuntesdesanluis.com\/wp-content\/uploads\/2023\/11\/radar-tapa-720x468.png",720,468,true]},"author_info":{"display_name":"apuntesdesanluis.com","author_link":"https:\/\/apuntesdesanluis.com\/index.php\/author\/apuntesdesanluis-com\/"},"category_info":"<a href=\"https:\/\/apuntesdesanluis.com\/index.php\/category\/ciudad-provincia\/\" rel=\"category tag\">Ciudad\/Provincia<\/a>","tag_info":"Ciudad\/Provincia","comment_count":"0","_links":{"self":[{"href":"https:\/\/apuntesdesanluis.com\/index.php\/wp-json\/wp\/v2\/posts\/7367","targetHints":{"allow":["GET"]}}],"collection":[{"href":"https:\/\/apuntesdesanluis.com\/index.php\/wp-json\/wp\/v2\/posts"}],"about":[{"href":"https:\/\/apuntesdesanluis.com\/index.php\/wp-json\/wp\/v2\/types\/post"}],"author":[{"embeddable":true,"href":"https:\/\/apuntesdesanluis.com\/index.php\/wp-json\/wp\/v2\/users\/1"}],"replies":[{"embeddable":true,"href":"https:\/\/apuntesdesanluis.com\/index.php\/wp-json\/wp\/v2\/comments?post=7367"}],"version-history":[{"count":2,"href":"https:\/\/apuntesdesanluis.com\/index.php\/wp-json\/wp\/v2\/posts\/7367\/revisions"}],"predecessor-version":[{"id":7373,"href":"https:\/\/apuntesdesanluis.com\/index.php\/wp-json\/wp\/v2\/posts\/7367\/revisions\/7373"}],"wp:featuredmedia":[{"embeddable":true,"href":"https:\/\/apuntesdesanluis.com\/index.php\/wp-json\/wp\/v2\/media\/7371"}],"wp:attachment":[{"href":"https:\/\/apuntesdesanluis.com\/index.php\/wp-json\/wp\/v2\/media?parent=7367"}],"wp:term":[{"taxonomy":"category","embeddable":true,"href":"https:\/\/apuntesdesanluis.com\/index.php\/wp-json\/wp\/v2\/categories?post=7367"},{"taxonomy":"post_tag","embeddable":true,"href":"https:\/\/apuntesdesanluis.com\/index.php\/wp-json\/wp\/v2\/tags?post=7367"}],"curies":[{"name":"wp","href":"https:\/\/api.w.org\/{rel}","templated":true}]}}