{"id":7374,"date":"2023-11-26T18:47:29","date_gmt":"2023-11-26T21:47:29","guid":{"rendered":"https:\/\/apuntesdesanluis.com\/?p=7374"},"modified":"2023-11-26T18:48:08","modified_gmt":"2023-11-26T21:48:08","slug":"san-luis-fc-festejo-el-ascenso-pero-su-futuro-es-incierto","status":"publish","type":"post","link":"https:\/\/apuntesdesanluis.com\/index.php\/2023\/11\/26\/san-luis-fc-festejo-el-ascenso-pero-su-futuro-es-incierto\/","title":{"rendered":"SAN LUIS FC FESTEJ\u00d3 EL ASCENSO PERO SU FUTURO ES INCIERTO"},"content":{"rendered":"<h3>La performance de este equipo de f\u00fatbol femenino campe\u00f3n nacional, a muchos hace recordar la historia del combinado de GEPU, plagado de figuras y con un presupuesto millonario, que en la d\u00e9cada del \u00b490 gan\u00f3 todo y se ubic\u00f3 en la elite del b\u00e1squetbol nacional.<\/h3>\n<h3>En aquella oportunidad el Estado Provincial invert\u00eda importantes recursos, como en esta ocasi\u00f3n, donde cuenta con el \u201cmadrinazgo\u201d de la Secretaria de Deportes y ex candidata a senadora nacional de Uni\u00f3n por la Patria, <strong>Cintia Ram\u00edrez<\/strong>.<\/h3>\n<h3>Este s\u00e1bado, el \u201cJuan Gilberto Funes\u201d volvi\u00f3 a ser escenario de una tarde inolvidable para el f\u00fatbol femenino de la provincia. Es que, a dos fechas de conseguir el ascenso a Primera, <strong>San Luis FC<\/strong> disput\u00f3 el \u00faltimo juego de la temporada y festej\u00f3 a lo grande: 5-1 ante Camioneros y entrega del trofeo que las coron\u00f3 como campeonas de la Primera B de AFA.<\/h3>\n<h3>En la primera parte, Melina Salinas, Agostina Gulino y Nikol Laurnaga marcaron los goles para el equipo de Casteglione; Sandra N\u00fa\u00f1ez hab\u00eda puesto la igualdad para las porte\u00f1as. En el complemento, Pilar Rodr\u00edguez y Mara Alarc\u00f3n sellaron el 5-1 definitivo.<\/h3>\n<h3>Con este triunfo, San Luis FC alcanz\u00f3 los 61 puntos, fruto de 20 triunfos, un empate y una derrota. Estos n\u00fameros lo convirtieron en el gran ganador de la Fase Ascenso.<\/h3>\n<p><img fetchpriority=\"high\" decoding=\"async\" class=\"wp-image-7377 aligncenter\" src=\"https:\/\/apuntesdesanluis.com\/wp-content\/uploads\/2023\/11\/campeonas-300x169.png\" alt=\"\" width=\"685\" height=\"386\" srcset=\"https:\/\/apuntesdesanluis.com\/wp-content\/uploads\/2023\/11\/campeonas-300x169.png 300w, https:\/\/apuntesdesanluis.com\/wp-content\/uploads\/2023\/11\/campeonas.png 604w\" sizes=\"(max-width: 685px) 100vw, 685px\" \/><\/p>\n<h3>En 2024, la provincia volver\u00e1 a tener un representante en la Primera Divisi\u00f3n, luego de 44 a\u00f1os.<\/h3>\n<h3><strong>\u00bfCAMBIO DE SEDE?<\/strong><\/h3>\n<h3>Seg\u00fan inform\u00f3 El Chorrillero, la secretaria de Deportes y ex candidata a senadora nacional de Uni\u00f3n por la Patria, Cintia Ram\u00edrez, una vez que culmine el 10 de diciembre el mandato de la actual gesti\u00f3n, proyecta dedicarse a manejar el club San Luis F\u00fatbol Club, instituci\u00f3n que econ\u00f3micamente es sostenida con suculentos recursos discrecionales del Estado.<\/h3>\n<h3>El club que arm\u00f3 la funcionaria, utilizaba como sede las instalaciones del Complejo Ave F\u00e9nix de Juana Koslay. Tambi\u00e9n entrenaban y ten\u00edan prioridad a la hora de utilizar el estadio Juan Gilberto Funes de La Punta.<\/h3>\n<h3>El citado medio pudo confirmar que en las \u00faltimas horas Ram\u00edrez inici\u00f3 la mudanza a la Universidad de La Punta (ULP) de la infraestructura y las jugadoras. De hecho, se supo que Eugenia Catalfamo tras asumir como rectora, pese a los cuestionamientos por no cumplir con los requisitos que establece el estatuto de la casa de estudios, le inform\u00f3 al personal en su primera reuni\u00f3n que en las instalaciones se iba a recibir al San Luis FC.<\/h3>\n<p><img decoding=\"async\" class=\"wp-image-7376 aligncenter\" src=\"https:\/\/apuntesdesanluis.com\/wp-content\/uploads\/2023\/11\/catalfamo-y-cintia-ramirez-300x217.png\" alt=\"\" width=\"680\" height=\"492\" srcset=\"https:\/\/apuntesdesanluis.com\/wp-content\/uploads\/2023\/11\/catalfamo-y-cintia-ramirez-300x217.png 300w, https:\/\/apuntesdesanluis.com\/wp-content\/uploads\/2023\/11\/catalfamo-y-cintia-ramirez.png 600w\" sizes=\"(max-width: 680px) 100vw, 680px\" \/><\/p>\n<h3>El informe agrega:<\/h3>\n<h3>\u201cRam\u00edrez les asegur\u00f3 a las futbolistas que integran el plantel y que provienen de otras provincias que desde la pr\u00f3xima temporada ser\u00e1n alojadas en las residencias de la ULP, espacio que hist\u00f3ricamente estaba destinado al alojamiento de estudiantes del interior.<\/h3>\n<h3>Ya delineando la pr\u00f3xima temporada, Ram\u00edrez busca asegurarse una guarida. Esta semana envi\u00f3 a una persona de su confianza para que instale los materiales que se utilizaban en el Ave F\u00e9nix, en el Campus Abierto \u201cArturo Rodr\u00edguez Jurado\u201d de la Universidad de La Punta.<\/h3>\n<h3>El club de f\u00fatbol femenino fue equipado con costosa infraestructura: un ec\u00f3grafo port\u00e1til por $4 millones, 40 GPS de \u00faltima tecnolog\u00eda por $8 millones (dispositivos que no tiene ning\u00fan equipo del Federal A) y aparatos de kinesiolog\u00eda por $3,5 millones, entre otros equipos.<\/h3>\n<h3>Ram\u00edrez a trav\u00e9s de la secretar\u00eda de Deportes gestion\u00f3 y puso los fondos p\u00fablicos a disposici\u00f3n del San Luis F.C. Recibi\u00f3 recursos que duplicaron el apoyo a Estudiantes y Juventud que afrontan el Federal A de AFA. Fue el \u00fanico equipo cuyos partidos fueron transmitidos por Canal 13, tanto de local como visitantes.<\/h3>\n<h3>Este medio public\u00f3 en agosto que en el \u00faltimo tiempo los recursos del Estado que se destinaron al equipo de la funcionaria superaron los $300 millones.<\/h3>\n<h3>Rodr\u00edguez Sa\u00e1 con acuerdo de su bloque de senadores design\u00f3 a la referente de la agenda verde en la casa de Estudios en medios de fuertes cuestionamientos porque no cumple con requisitos de la legislaci\u00f3n nacional y provincial para ejercer el cargo.<\/h3>\n<h3>El gobernador electo, Claudio Poggi adelant\u00f3 que todos los funcionarios nombrados en forma irregular ser\u00e1n removidos de sus cargos a partir del 10 de diciembre\u201d.<\/h3>\n<p>&nbsp;<\/p>\n<p>&nbsp;<\/p>\n<p>&nbsp;<\/p>\n<p>&nbsp;<\/p>\n","protected":false},"excerpt":{"rendered":"<p>La performance de este equipo de f\u00fatbol femenino campe\u00f3n nacional, a muchos hace recordar la&#8230;<\/p>\n","protected":false},"author":1,"featured_media":7375,"comment_status":"closed","ping_status":"closed","sticky":false,"template":"","format":"standard","meta":{"footnotes":""},"categories":[6,8],"tags":[],"class_list":["post-7374","post","type-post","status-publish","format-standard","has-post-thumbnail","hentry","category-ciudad-provincia","category-deportes"],"yoast_head":"<!-- This site is optimized with the Yoast SEO plugin v26.1.1 - https:\/\/yoast.com\/wordpress\/plugins\/seo\/ -->\n<title>SAN LUIS FC FESTEJ\u00d3 EL ASCENSO PERO SU FUTURO ES INCIERTO - Apuntes de San Luis<\/title>\n<meta name=\"robots\" content=\"index, follow, max-snippet:-1, max-image-preview:large, max-video-preview:-1\" \/>\n<link rel=\"canonical\" href=\"https:\/\/apuntesdesanluis.com\/index.php\/2023\/11\/26\/san-luis-fc-festejo-el-ascenso-pero-su-futuro-es-incierto\/\" \/>\n<meta property=\"og:locale\" content=\"es_ES\" \/>\n<meta property=\"og:type\" content=\"article\" \/>\n<meta property=\"og:title\" content=\"SAN LUIS FC FESTEJ\u00d3 EL ASCENSO PERO SU FUTURO ES INCIERTO - Apuntes de San Luis\" \/>\n<meta property=\"og:description\" content=\"La performance de este equipo de f\u00fatbol femenino campe\u00f3n nacional, a muchos hace recordar la...\" \/>\n<meta property=\"og:url\" content=\"https:\/\/apuntesdesanluis.com\/index.php\/2023\/11\/26\/san-luis-fc-festejo-el-ascenso-pero-su-futuro-es-incierto\/\" \/>\n<meta property=\"og:site_name\" content=\"Apuntes de San Luis\" \/>\n<meta property=\"article:published_time\" content=\"2023-11-26T21:47:29+00:00\" \/>\n<meta property=\"article:modified_time\" content=\"2023-11-26T21:48:08+00:00\" \/>\n<meta property=\"og:image\" content=\"https:\/\/apuntesdesanluis.com\/wp-content\/uploads\/2023\/11\/san-luis-fc-1.png\" \/>\n\t<meta property=\"og:image:width\" content=\"610\" \/>\n\t<meta property=\"og:image:height\" content=\"383\" \/>\n\t<meta property=\"og:image:type\" content=\"image\/png\" \/>\n<meta name=\"author\" content=\"apuntesdesanluis.com\" \/>\n<meta name=\"twitter:card\" content=\"summary_large_image\" \/>\n<meta name=\"twitter:label1\" content=\"Escrito por\" \/>\n\t<meta name=\"twitter:data1\" content=\"apuntesdesanluis.com\" \/>\n\t<meta name=\"twitter:label2\" content=\"Tiempo de lectura\" \/>\n\t<meta name=\"twitter:data2\" content=\"4 minutos\" \/>\n<script type=\"application\/ld+json\" class=\"yoast-schema-graph\">{\"@context\":\"https:\/\/schema.org\",\"@graph\":[{\"@type\":\"Article\",\"@id\":\"https:\/\/apuntesdesanluis.com\/index.php\/2023\/11\/26\/san-luis-fc-festejo-el-ascenso-pero-su-futuro-es-incierto\/#article\",\"isPartOf\":{\"@id\":\"https:\/\/apuntesdesanluis.com\/index.php\/2023\/11\/26\/san-luis-fc-festejo-el-ascenso-pero-su-futuro-es-incierto\/\"},\"author\":{\"name\":\"apuntesdesanluis.com\",\"@id\":\"https:\/\/apuntesdesanluis.com\/#\/schema\/person\/b55151d52296fcce64d1a72538a70b90\"},\"headline\":\"SAN LUIS FC FESTEJ\u00d3 EL ASCENSO PERO SU FUTURO ES INCIERTO\",\"datePublished\":\"2023-11-26T21:47:29+00:00\",\"dateModified\":\"2023-11-26T21:48:08+00:00\",\"mainEntityOfPage\":{\"@id\":\"https:\/\/apuntesdesanluis.com\/index.php\/2023\/11\/26\/san-luis-fc-festejo-el-ascenso-pero-su-futuro-es-incierto\/\"},\"wordCount\":737,\"publisher\":{\"@id\":\"https:\/\/apuntesdesanluis.com\/#\/schema\/person\/b55151d52296fcce64d1a72538a70b90\"},\"image\":{\"@id\":\"https:\/\/apuntesdesanluis.com\/index.php\/2023\/11\/26\/san-luis-fc-festejo-el-ascenso-pero-su-futuro-es-incierto\/#primaryimage\"},\"thumbnailUrl\":\"https:\/\/apuntesdesanluis.com\/wp-content\/uploads\/2023\/11\/san-luis-fc-1.png\",\"articleSection\":[\"Ciudad\/Provincia\",\"Deportes\"],\"inLanguage\":\"es-AR\"},{\"@type\":\"WebPage\",\"@id\":\"https:\/\/apuntesdesanluis.com\/index.php\/2023\/11\/26\/san-luis-fc-festejo-el-ascenso-pero-su-futuro-es-incierto\/\",\"url\":\"https:\/\/apuntesdesanluis.com\/index.php\/2023\/11\/26\/san-luis-fc-festejo-el-ascenso-pero-su-futuro-es-incierto\/\",\"name\":\"SAN LUIS FC FESTEJ\u00d3 EL ASCENSO PERO SU FUTURO ES INCIERTO - Apuntes de San Luis\",\"isPartOf\":{\"@id\":\"https:\/\/apuntesdesanluis.com\/#website\"},\"primaryImageOfPage\":{\"@id\":\"https:\/\/apuntesdesanluis.com\/index.php\/2023\/11\/26\/san-luis-fc-festejo-el-ascenso-pero-su-futuro-es-incierto\/#primaryimage\"},\"image\":{\"@id\":\"https:\/\/apuntesdesanluis.com\/index.php\/2023\/11\/26\/san-luis-fc-festejo-el-ascenso-pero-su-futuro-es-incierto\/#primaryimage\"},\"thumbnailUrl\":\"https:\/\/apuntesdesanluis.com\/wp-content\/uploads\/2023\/11\/san-luis-fc-1.png\",\"datePublished\":\"2023-11-26T21:47:29+00:00\",\"dateModified\":\"2023-11-26T21:48:08+00:00\",\"breadcrumb\":{\"@id\":\"https:\/\/apuntesdesanluis.com\/index.php\/2023\/11\/26\/san-luis-fc-festejo-el-ascenso-pero-su-futuro-es-incierto\/#breadcrumb\"},\"inLanguage\":\"es-AR\",\"potentialAction\":[{\"@type\":\"ReadAction\",\"target\":[\"https:\/\/apuntesdesanluis.com\/index.php\/2023\/11\/26\/san-luis-fc-festejo-el-ascenso-pero-su-futuro-es-incierto\/\"]}]},{\"@type\":\"ImageObject\",\"inLanguage\":\"es-AR\",\"@id\":\"https:\/\/apuntesdesanluis.com\/index.php\/2023\/11\/26\/san-luis-fc-festejo-el-ascenso-pero-su-futuro-es-incierto\/#primaryimage\",\"url\":\"https:\/\/apuntesdesanluis.com\/wp-content\/uploads\/2023\/11\/san-luis-fc-1.png\",\"contentUrl\":\"https:\/\/apuntesdesanluis.com\/wp-content\/uploads\/2023\/11\/san-luis-fc-1.png\",\"width\":610,\"height\":383},{\"@type\":\"BreadcrumbList\",\"@id\":\"https:\/\/apuntesdesanluis.com\/index.php\/2023\/11\/26\/san-luis-fc-festejo-el-ascenso-pero-su-futuro-es-incierto\/#breadcrumb\",\"itemListElement\":[{\"@type\":\"ListItem\",\"position\":1,\"name\":\"Inicio\",\"item\":\"https:\/\/apuntesdesanluis.com\/\"},{\"@type\":\"ListItem\",\"position\":2,\"name\":\"SAN LUIS FC FESTEJ\u00d3 EL ASCENSO PERO SU FUTURO ES INCIERTO\"}]},{\"@type\":\"WebSite\",\"@id\":\"https:\/\/apuntesdesanluis.com\/#website\",\"url\":\"https:\/\/apuntesdesanluis.com\/\",\"name\":\"Apuntes de San Luis\",\"description\":\"\",\"publisher\":{\"@id\":\"https:\/\/apuntesdesanluis.com\/#\/schema\/person\/b55151d52296fcce64d1a72538a70b90\"},\"potentialAction\":[{\"@type\":\"SearchAction\",\"target\":{\"@type\":\"EntryPoint\",\"urlTemplate\":\"https:\/\/apuntesdesanluis.com\/?s={search_term_string}\"},\"query-input\":{\"@type\":\"PropertyValueSpecification\",\"valueRequired\":true,\"valueName\":\"search_term_string\"}}],\"inLanguage\":\"es-AR\"},{\"@type\":[\"Person\",\"Organization\"],\"@id\":\"https:\/\/apuntesdesanluis.com\/#\/schema\/person\/b55151d52296fcce64d1a72538a70b90\",\"name\":\"apuntesdesanluis.com\",\"image\":{\"@type\":\"ImageObject\",\"inLanguage\":\"es-AR\",\"@id\":\"https:\/\/apuntesdesanluis.com\/#\/schema\/person\/image\/\",\"url\":\"https:\/\/apuntesdesanluis.com\/wp-content\/uploads\/2023\/07\/cropped-apuntesdesanluis.png\",\"contentUrl\":\"https:\/\/apuntesdesanluis.com\/wp-content\/uploads\/2023\/07\/cropped-apuntesdesanluis.png\",\"width\":450,\"height\":112,\"caption\":\"apuntesdesanluis.com\"},\"logo\":{\"@id\":\"https:\/\/apuntesdesanluis.com\/#\/schema\/person\/image\/\"},\"sameAs\":[\"https:\/\/apuntesdesanluis.com\"],\"url\":\"https:\/\/apuntesdesanluis.com\/index.php\/author\/apuntesdesanluis-com\/\"}]}<\/script>\n<!-- \/ Yoast SEO plugin. -->","yoast_head_json":{"title":"SAN LUIS FC FESTEJ\u00d3 EL ASCENSO PERO SU FUTURO ES INCIERTO - Apuntes de San Luis","robots":{"index":"index","follow":"follow","max-snippet":"max-snippet:-1","max-image-preview":"max-image-preview:large","max-video-preview":"max-video-preview:-1"},"canonical":"https:\/\/apuntesdesanluis.com\/index.php\/2023\/11\/26\/san-luis-fc-festejo-el-ascenso-pero-su-futuro-es-incierto\/","og_locale":"es_ES","og_type":"article","og_title":"SAN LUIS FC FESTEJ\u00d3 EL ASCENSO PERO SU FUTURO ES INCIERTO - Apuntes de San Luis","og_description":"La performance de este equipo de f\u00fatbol femenino campe\u00f3n nacional, a muchos hace recordar la...","og_url":"https:\/\/apuntesdesanluis.com\/index.php\/2023\/11\/26\/san-luis-fc-festejo-el-ascenso-pero-su-futuro-es-incierto\/","og_site_name":"Apuntes de San Luis","article_published_time":"2023-11-26T21:47:29+00:00","article_modified_time":"2023-11-26T21:48:08+00:00","og_image":[{"width":610,"height":383,"url":"https:\/\/apuntesdesanluis.com\/wp-content\/uploads\/2023\/11\/san-luis-fc-1.png","type":"image\/png"}],"author":"apuntesdesanluis.com","twitter_card":"summary_large_image","twitter_misc":{"Escrito por":"apuntesdesanluis.com","Tiempo de lectura":"4 minutos"},"schema":{"@context":"https:\/\/schema.org","@graph":[{"@type":"Article","@id":"https:\/\/apuntesdesanluis.com\/index.php\/2023\/11\/26\/san-luis-fc-festejo-el-ascenso-pero-su-futuro-es-incierto\/#article","isPartOf":{"@id":"https:\/\/apuntesdesanluis.com\/index.php\/2023\/11\/26\/san-luis-fc-festejo-el-ascenso-pero-su-futuro-es-incierto\/"},"author":{"name":"apuntesdesanluis.com","@id":"https:\/\/apuntesdesanluis.com\/#\/schema\/person\/b55151d52296fcce64d1a72538a70b90"},"headline":"SAN LUIS FC FESTEJ\u00d3 EL ASCENSO PERO SU FUTURO ES INCIERTO","datePublished":"2023-11-26T21:47:29+00:00","dateModified":"2023-11-26T21:48:08+00:00","mainEntityOfPage":{"@id":"https:\/\/apuntesdesanluis.com\/index.php\/2023\/11\/26\/san-luis-fc-festejo-el-ascenso-pero-su-futuro-es-incierto\/"},"wordCount":737,"publisher":{"@id":"https:\/\/apuntesdesanluis.com\/#\/schema\/person\/b55151d52296fcce64d1a72538a70b90"},"image":{"@id":"https:\/\/apuntesdesanluis.com\/index.php\/2023\/11\/26\/san-luis-fc-festejo-el-ascenso-pero-su-futuro-es-incierto\/#primaryimage"},"thumbnailUrl":"https:\/\/apuntesdesanluis.com\/wp-content\/uploads\/2023\/11\/san-luis-fc-1.png","articleSection":["Ciudad\/Provincia","Deportes"],"inLanguage":"es-AR"},{"@type":"WebPage","@id":"https:\/\/apuntesdesanluis.com\/index.php\/2023\/11\/26\/san-luis-fc-festejo-el-ascenso-pero-su-futuro-es-incierto\/","url":"https:\/\/apuntesdesanluis.com\/index.php\/2023\/11\/26\/san-luis-fc-festejo-el-ascenso-pero-su-futuro-es-incierto\/","name":"SAN LUIS FC FESTEJ\u00d3 EL ASCENSO PERO SU FUTURO ES INCIERTO - Apuntes de San Luis","isPartOf":{"@id":"https:\/\/apuntesdesanluis.com\/#website"},"primaryImageOfPage":{"@id":"https:\/\/apuntesdesanluis.com\/index.php\/2023\/11\/26\/san-luis-fc-festejo-el-ascenso-pero-su-futuro-es-incierto\/#primaryimage"},"image":{"@id":"https:\/\/apuntesdesanluis.com\/index.php\/2023\/11\/26\/san-luis-fc-festejo-el-ascenso-pero-su-futuro-es-incierto\/#primaryimage"},"thumbnailUrl":"https:\/\/apuntesdesanluis.com\/wp-content\/uploads\/2023\/11\/san-luis-fc-1.png","datePublished":"2023-11-26T21:47:29+00:00","dateModified":"2023-11-26T21:48:08+00:00","breadcrumb":{"@id":"https:\/\/apuntesdesanluis.com\/index.php\/2023\/11\/26\/san-luis-fc-festejo-el-ascenso-pero-su-futuro-es-incierto\/#breadcrumb"},"inLanguage":"es-AR","potentialAction":[{"@type":"ReadAction","target":["https:\/\/apuntesdesanluis.com\/index.php\/2023\/11\/26\/san-luis-fc-festejo-el-ascenso-pero-su-futuro-es-incierto\/"]}]},{"@type":"ImageObject","inLanguage":"es-AR","@id":"https:\/\/apuntesdesanluis.com\/index.php\/2023\/11\/26\/san-luis-fc-festejo-el-ascenso-pero-su-futuro-es-incierto\/#primaryimage","url":"https:\/\/apuntesdesanluis.com\/wp-content\/uploads\/2023\/11\/san-luis-fc-1.png","contentUrl":"https:\/\/apuntesdesanluis.com\/wp-content\/uploads\/2023\/11\/san-luis-fc-1.png","width":610,"height":383},{"@type":"BreadcrumbList","@id":"https:\/\/apuntesdesanluis.com\/index.php\/2023\/11\/26\/san-luis-fc-festejo-el-ascenso-pero-su-futuro-es-incierto\/#breadcrumb","itemListElement":[{"@type":"ListItem","position":1,"name":"Inicio","item":"https:\/\/apuntesdesanluis.com\/"},{"@type":"ListItem","position":2,"name":"SAN LUIS FC FESTEJ\u00d3 EL ASCENSO PERO SU FUTURO ES INCIERTO"}]},{"@type":"WebSite","@id":"https:\/\/apuntesdesanluis.com\/#website","url":"https:\/\/apuntesdesanluis.com\/","name":"Apuntes de San Luis","description":"","publisher":{"@id":"https:\/\/apuntesdesanluis.com\/#\/schema\/person\/b55151d52296fcce64d1a72538a70b90"},"potentialAction":[{"@type":"SearchAction","target":{"@type":"EntryPoint","urlTemplate":"https:\/\/apuntesdesanluis.com\/?s={search_term_string}"},"query-input":{"@type":"PropertyValueSpecification","valueRequired":true,"valueName":"search_term_string"}}],"inLanguage":"es-AR"},{"@type":["Person","Organization"],"@id":"https:\/\/apuntesdesanluis.com\/#\/schema\/person\/b55151d52296fcce64d1a72538a70b90","name":"apuntesdesanluis.com","image":{"@type":"ImageObject","inLanguage":"es-AR","@id":"https:\/\/apuntesdesanluis.com\/#\/schema\/person\/image\/","url":"https:\/\/apuntesdesanluis.com\/wp-content\/uploads\/2023\/07\/cropped-apuntesdesanluis.png","contentUrl":"https:\/\/apuntesdesanluis.com\/wp-content\/uploads\/2023\/07\/cropped-apuntesdesanluis.png","width":450,"height":112,"caption":"apuntesdesanluis.com"},"logo":{"@id":"https:\/\/apuntesdesanluis.com\/#\/schema\/person\/image\/"},"sameAs":["https:\/\/apuntesdesanluis.com"],"url":"https:\/\/apuntesdesanluis.com\/index.php\/author\/apuntesdesanluis-com\/"}]}},"featured_image_urls":{"full":["https:\/\/apuntesdesanluis.com\/wp-content\/uploads\/2023\/11\/san-luis-fc-1.png",610,383,false],"thumbnail":["https:\/\/apuntesdesanluis.com\/wp-content\/uploads\/2023\/11\/san-luis-fc-1-150x150.png",150,150,true],"medium":["https:\/\/apuntesdesanluis.com\/wp-content\/uploads\/2023\/11\/san-luis-fc-1-300x188.png",300,188,true],"medium_large":["https:\/\/apuntesdesanluis.com\/wp-content\/uploads\/2023\/11\/san-luis-fc-1.png",610,383,false],"large":["https:\/\/apuntesdesanluis.com\/wp-content\/uploads\/2023\/11\/san-luis-fc-1.png",610,383,false],"1536x1536":["https:\/\/apuntesdesanluis.com\/wp-content\/uploads\/2023\/11\/san-luis-fc-1.png",610,383,false],"2048x2048":["https:\/\/apuntesdesanluis.com\/wp-content\/uploads\/2023\/11\/san-luis-fc-1.png",610,383,false],"newsever-slider-full":["https:\/\/apuntesdesanluis.com\/wp-content\/uploads\/2023\/11\/san-luis-fc-1.png",610,383,false],"newsever-featured":["https:\/\/apuntesdesanluis.com\/wp-content\/uploads\/2023\/11\/san-luis-fc-1.png",610,383,false],"newsever-medium":["https:\/\/apuntesdesanluis.com\/wp-content\/uploads\/2023\/11\/san-luis-fc-1.png",610,383,false]},"author_info":{"display_name":"apuntesdesanluis.com","author_link":"https:\/\/apuntesdesanluis.com\/index.php\/author\/apuntesdesanluis-com\/"},"category_info":"<a href=\"https:\/\/apuntesdesanluis.com\/index.php\/category\/ciudad-provincia\/\" rel=\"category tag\">Ciudad\/Provincia<\/a> <a href=\"https:\/\/apuntesdesanluis.com\/index.php\/category\/deportes\/\" rel=\"category tag\">Deportes<\/a>","tag_info":"Deportes","comment_count":"0","_links":{"self":[{"href":"https:\/\/apuntesdesanluis.com\/index.php\/wp-json\/wp\/v2\/posts\/7374","targetHints":{"allow":["GET"]}}],"collection":[{"href":"https:\/\/apuntesdesanluis.com\/index.php\/wp-json\/wp\/v2\/posts"}],"about":[{"href":"https:\/\/apuntesdesanluis.com\/index.php\/wp-json\/wp\/v2\/types\/post"}],"author":[{"embeddable":true,"href":"https:\/\/apuntesdesanluis.com\/index.php\/wp-json\/wp\/v2\/users\/1"}],"replies":[{"embeddable":true,"href":"https:\/\/apuntesdesanluis.com\/index.php\/wp-json\/wp\/v2\/comments?post=7374"}],"version-history":[{"count":2,"href":"https:\/\/apuntesdesanluis.com\/index.php\/wp-json\/wp\/v2\/posts\/7374\/revisions"}],"predecessor-version":[{"id":7379,"href":"https:\/\/apuntesdesanluis.com\/index.php\/wp-json\/wp\/v2\/posts\/7374\/revisions\/7379"}],"wp:featuredmedia":[{"embeddable":true,"href":"https:\/\/apuntesdesanluis.com\/index.php\/wp-json\/wp\/v2\/media\/7375"}],"wp:attachment":[{"href":"https:\/\/apuntesdesanluis.com\/index.php\/wp-json\/wp\/v2\/media?parent=7374"}],"wp:term":[{"taxonomy":"category","embeddable":true,"href":"https:\/\/apuntesdesanluis.com\/index.php\/wp-json\/wp\/v2\/categories?post=7374"},{"taxonomy":"post_tag","embeddable":true,"href":"https:\/\/apuntesdesanluis.com\/index.php\/wp-json\/wp\/v2\/tags?post=7374"}],"curies":[{"name":"wp","href":"https:\/\/api.w.org\/{rel}","templated":true}]}}