{"id":7382,"date":"2023-11-26T19:03:54","date_gmt":"2023-11-26T22:03:54","guid":{"rendered":"https:\/\/apuntesdesanluis.com\/?p=7382"},"modified":"2023-11-26T19:03:54","modified_gmt":"2023-11-26T22:03:54","slug":"presentan-visiones-la-nueva-revista-de-la-escuela-de-economia-y-negocios-de-la-fcejs","status":"publish","type":"post","link":"https:\/\/apuntesdesanluis.com\/index.php\/2023\/11\/26\/presentan-visiones-la-nueva-revista-de-la-escuela-de-economia-y-negocios-de-la-fcejs\/","title":{"rendered":"PRESENTAN \u201cVISIONES\u201d, LA NUEVA REVISTA DE LA ESCUELA DE ECONOM\u00cdA Y NEGOCIOS DE LA FCEJS"},"content":{"rendered":"<h3>La <strong>Facultad de Ciencias Econ\u00f3micas, Jur\u00eddicas y Sociales<\/strong> de la Universidad Nacional de San Luis lanzar\u00e1 <strong>\u201cVisiones\u201d<\/strong>, la revista digital del <strong>Instituto Escuela de Econom\u00eda, Negocios y Transferencia Tecnol\u00f3gica<\/strong>, con el prop\u00f3sito inicial de divulgar los proyectos de investigaci\u00f3n que se desarrollan en la UNSL, las opiniones y art\u00edculos acad\u00e9micos, pero tambi\u00e9n generar y articular la participaci\u00f3n de la comunidad en cada una de las publicaciones.<\/h3>\n<h3>La presentaci\u00f3n de \u201cVisiones\u201d se realizar\u00e1 el pr\u00f3ximo <strong>mi\u00e9rcoles a las 10<\/strong>, en el Instituto EEN&amp;TT, con el lanzamiento del primer n\u00famero de la revista y una comunicaci\u00f3n v\u00eda ZOOM con el doctor <strong>Donato Gonz\u00e1lez<\/strong>, acad\u00e9mico de la Universidad de Guadalajara, M\u00e9xico, uno de los colaboradores de la publicaci\u00f3n.<\/h3>\n<h3>Jorge Sosa, Subdirector Financiero y Legal del Instituto EEN&amp;TT coment\u00f3 que el proyecto tiene el objetivo de brindarle a toda la comunidad universitaria \u201cuna revista de tipo digital con caracter\u00edstica de divulgaci\u00f3n cient\u00edfica para darle un espacio a art\u00edculos de tem\u00e1tica econ\u00f3mica, jur\u00eddica y social\u201d, y adelant\u00f3 que para el primer n\u00famero, que tiene casi 90 p\u00e1ginas, \u201chemos recibido publicaciones de ingenieros, de profesionales de Ciencias Econ\u00f3micas y de las Ciencias Sociales\u201d, que fueron analizados por un Comit\u00e9 Revisor, compuesto por docentes de los Departamentos de Econom\u00eda, de Jur\u00eddicas y Pol\u00edticas y de Sociales.<\/h3>\n<h3>Destac\u00f3 que la revista constituye \u201cun proceso nuevo para nosotros\u201d y que tendr\u00e1 un car\u00e1cter amplio \u201cya que tambi\u00e9n se propone la participaci\u00f3n de los miembros de la comunidad en general y de otras universidades\u2026 Son cuestiones que vamos a ir puliendo. La idea es que en un a\u00f1o tenga la caracter\u00edstica de divulgaci\u00f3n de tipo cient\u00edfica, lo cual requerir\u00e1 algunos replanteos al formato inicial\u201d.<\/h3>\n<h3>\u201cVisiones\u201d ser\u00e1 de acceso p\u00fablico y gratuito. \u201cEstar\u00e1 dentro de la p\u00e1gina de la EEN&amp;TT (https:\/\/eentt.fcejs.unsl.edu.ar\/), desde donde se podr\u00e1 ingresar a trav\u00e9s de un link. Tendr\u00e1 un formato que permitir\u00e1 su descarga\u201d, detall\u00f3. La Comisi\u00f3n Organizadora de la publicaci\u00f3n la preside Sosa y Gabriel Zambrano, quien ser\u00e1 el director de la publicaci\u00f3n.<\/h3>\n<h3>\u201cPara el acto de lanzamiento hacemos extensiva la invitaci\u00f3n a toda la comunidad universitaria y a la comunidad en general. Nos han adelantado la participaci\u00f3n el Consejo Profesional de Ciencias Econ\u00f3micas y el Colegio de Abogados, entre otras instituciones, ya que, como lo he dicho anteriormente, la idea es no solamente circunscribirlo a la comunidad universitaria, sino que sea un \u00e1mbito para que todos puedan visualizarlo y tambi\u00e9n participar con trabajos y propuestas. El espacio es propicio para ser un \u00e1mbito de difusi\u00f3n y participaci\u00f3n\u201d, agreg\u00f3.<\/h3>\n","protected":false},"excerpt":{"rendered":"<p>La Facultad de Ciencias Econ\u00f3micas, Jur\u00eddicas y Sociales de la Universidad Nacional de San Luis&#8230;<\/p>\n","protected":false},"author":1,"featured_media":7383,"comment_status":"closed","ping_status":"closed","sticky":false,"template":"","format":"standard","meta":{"footnotes":""},"categories":[6],"tags":[],"class_list":["post-7382","post","type-post","status-publish","format-standard","has-post-thumbnail","hentry","category-ciudad-provincia"],"yoast_head":"<!-- This site is optimized with the Yoast SEO plugin v26.1.1 - https:\/\/yoast.com\/wordpress\/plugins\/seo\/ -->\n<title>PRESENTAN \u201cVISIONES\u201d, LA NUEVA REVISTA DE LA ESCUELA DE ECONOM\u00cdA Y NEGOCIOS DE LA FCEJS - Apuntes de San Luis<\/title>\n<meta name=\"robots\" content=\"index, follow, max-snippet:-1, max-image-preview:large, max-video-preview:-1\" \/>\n<link rel=\"canonical\" href=\"https:\/\/apuntesdesanluis.com\/index.php\/2023\/11\/26\/presentan-visiones-la-nueva-revista-de-la-escuela-de-economia-y-negocios-de-la-fcejs\/\" \/>\n<meta property=\"og:locale\" content=\"es_ES\" \/>\n<meta property=\"og:type\" content=\"article\" \/>\n<meta property=\"og:title\" content=\"PRESENTAN \u201cVISIONES\u201d, LA NUEVA REVISTA DE LA ESCUELA DE ECONOM\u00cdA Y NEGOCIOS DE LA FCEJS - Apuntes de San Luis\" \/>\n<meta property=\"og:description\" content=\"La Facultad de Ciencias Econ\u00f3micas, Jur\u00eddicas y Sociales de la Universidad Nacional de San Luis...\" \/>\n<meta property=\"og:url\" content=\"https:\/\/apuntesdesanluis.com\/index.php\/2023\/11\/26\/presentan-visiones-la-nueva-revista-de-la-escuela-de-economia-y-negocios-de-la-fcejs\/\" \/>\n<meta property=\"og:site_name\" content=\"Apuntes de San Luis\" \/>\n<meta property=\"article:published_time\" content=\"2023-11-26T22:03:54+00:00\" \/>\n<meta property=\"og:image\" content=\"https:\/\/apuntesdesanluis.com\/wp-content\/uploads\/2023\/11\/revista-visiones.png\" \/>\n\t<meta property=\"og:image:width\" content=\"564\" \/>\n\t<meta property=\"og:image:height\" content=\"321\" \/>\n\t<meta property=\"og:image:type\" content=\"image\/png\" \/>\n<meta name=\"author\" content=\"apuntesdesanluis.com\" \/>\n<meta name=\"twitter:card\" content=\"summary_large_image\" \/>\n<meta name=\"twitter:label1\" content=\"Escrito por\" \/>\n\t<meta name=\"twitter:data1\" content=\"apuntesdesanluis.com\" \/>\n\t<meta name=\"twitter:label2\" content=\"Tiempo de lectura\" \/>\n\t<meta name=\"twitter:data2\" content=\"2 minutos\" \/>\n<script type=\"application\/ld+json\" class=\"yoast-schema-graph\">{\"@context\":\"https:\/\/schema.org\",\"@graph\":[{\"@type\":\"Article\",\"@id\":\"https:\/\/apuntesdesanluis.com\/index.php\/2023\/11\/26\/presentan-visiones-la-nueva-revista-de-la-escuela-de-economia-y-negocios-de-la-fcejs\/#article\",\"isPartOf\":{\"@id\":\"https:\/\/apuntesdesanluis.com\/index.php\/2023\/11\/26\/presentan-visiones-la-nueva-revista-de-la-escuela-de-economia-y-negocios-de-la-fcejs\/\"},\"author\":{\"name\":\"apuntesdesanluis.com\",\"@id\":\"https:\/\/apuntesdesanluis.com\/#\/schema\/person\/b55151d52296fcce64d1a72538a70b90\"},\"headline\":\"PRESENTAN \u201cVISIONES\u201d, LA NUEVA REVISTA DE LA ESCUELA DE ECONOM\u00cdA Y NEGOCIOS DE LA FCEJS\",\"datePublished\":\"2023-11-26T22:03:54+00:00\",\"mainEntityOfPage\":{\"@id\":\"https:\/\/apuntesdesanluis.com\/index.php\/2023\/11\/26\/presentan-visiones-la-nueva-revista-de-la-escuela-de-economia-y-negocios-de-la-fcejs\/\"},\"wordCount\":490,\"publisher\":{\"@id\":\"https:\/\/apuntesdesanluis.com\/#\/schema\/person\/b55151d52296fcce64d1a72538a70b90\"},\"image\":{\"@id\":\"https:\/\/apuntesdesanluis.com\/index.php\/2023\/11\/26\/presentan-visiones-la-nueva-revista-de-la-escuela-de-economia-y-negocios-de-la-fcejs\/#primaryimage\"},\"thumbnailUrl\":\"https:\/\/apuntesdesanluis.com\/wp-content\/uploads\/2023\/11\/revista-visiones.png\",\"articleSection\":[\"Ciudad\/Provincia\"],\"inLanguage\":\"es-AR\"},{\"@type\":\"WebPage\",\"@id\":\"https:\/\/apuntesdesanluis.com\/index.php\/2023\/11\/26\/presentan-visiones-la-nueva-revista-de-la-escuela-de-economia-y-negocios-de-la-fcejs\/\",\"url\":\"https:\/\/apuntesdesanluis.com\/index.php\/2023\/11\/26\/presentan-visiones-la-nueva-revista-de-la-escuela-de-economia-y-negocios-de-la-fcejs\/\",\"name\":\"PRESENTAN \u201cVISIONES\u201d, LA NUEVA REVISTA DE LA ESCUELA DE ECONOM\u00cdA Y NEGOCIOS DE LA FCEJS - Apuntes de San Luis\",\"isPartOf\":{\"@id\":\"https:\/\/apuntesdesanluis.com\/#website\"},\"primaryImageOfPage\":{\"@id\":\"https:\/\/apuntesdesanluis.com\/index.php\/2023\/11\/26\/presentan-visiones-la-nueva-revista-de-la-escuela-de-economia-y-negocios-de-la-fcejs\/#primaryimage\"},\"image\":{\"@id\":\"https:\/\/apuntesdesanluis.com\/index.php\/2023\/11\/26\/presentan-visiones-la-nueva-revista-de-la-escuela-de-economia-y-negocios-de-la-fcejs\/#primaryimage\"},\"thumbnailUrl\":\"https:\/\/apuntesdesanluis.com\/wp-content\/uploads\/2023\/11\/revista-visiones.png\",\"datePublished\":\"2023-11-26T22:03:54+00:00\",\"breadcrumb\":{\"@id\":\"https:\/\/apuntesdesanluis.com\/index.php\/2023\/11\/26\/presentan-visiones-la-nueva-revista-de-la-escuela-de-economia-y-negocios-de-la-fcejs\/#breadcrumb\"},\"inLanguage\":\"es-AR\",\"potentialAction\":[{\"@type\":\"ReadAction\",\"target\":[\"https:\/\/apuntesdesanluis.com\/index.php\/2023\/11\/26\/presentan-visiones-la-nueva-revista-de-la-escuela-de-economia-y-negocios-de-la-fcejs\/\"]}]},{\"@type\":\"ImageObject\",\"inLanguage\":\"es-AR\",\"@id\":\"https:\/\/apuntesdesanluis.com\/index.php\/2023\/11\/26\/presentan-visiones-la-nueva-revista-de-la-escuela-de-economia-y-negocios-de-la-fcejs\/#primaryimage\",\"url\":\"https:\/\/apuntesdesanluis.com\/wp-content\/uploads\/2023\/11\/revista-visiones.png\",\"contentUrl\":\"https:\/\/apuntesdesanluis.com\/wp-content\/uploads\/2023\/11\/revista-visiones.png\",\"width\":564,\"height\":321},{\"@type\":\"BreadcrumbList\",\"@id\":\"https:\/\/apuntesdesanluis.com\/index.php\/2023\/11\/26\/presentan-visiones-la-nueva-revista-de-la-escuela-de-economia-y-negocios-de-la-fcejs\/#breadcrumb\",\"itemListElement\":[{\"@type\":\"ListItem\",\"position\":1,\"name\":\"Inicio\",\"item\":\"https:\/\/apuntesdesanluis.com\/\"},{\"@type\":\"ListItem\",\"position\":2,\"name\":\"PRESENTAN \u201cVISIONES\u201d, LA NUEVA REVISTA DE LA ESCUELA DE ECONOM\u00cdA Y NEGOCIOS DE LA FCEJS\"}]},{\"@type\":\"WebSite\",\"@id\":\"https:\/\/apuntesdesanluis.com\/#website\",\"url\":\"https:\/\/apuntesdesanluis.com\/\",\"name\":\"Apuntes de San Luis\",\"description\":\"\",\"publisher\":{\"@id\":\"https:\/\/apuntesdesanluis.com\/#\/schema\/person\/b55151d52296fcce64d1a72538a70b90\"},\"potentialAction\":[{\"@type\":\"SearchAction\",\"target\":{\"@type\":\"EntryPoint\",\"urlTemplate\":\"https:\/\/apuntesdesanluis.com\/?s={search_term_string}\"},\"query-input\":{\"@type\":\"PropertyValueSpecification\",\"valueRequired\":true,\"valueName\":\"search_term_string\"}}],\"inLanguage\":\"es-AR\"},{\"@type\":[\"Person\",\"Organization\"],\"@id\":\"https:\/\/apuntesdesanluis.com\/#\/schema\/person\/b55151d52296fcce64d1a72538a70b90\",\"name\":\"apuntesdesanluis.com\",\"image\":{\"@type\":\"ImageObject\",\"inLanguage\":\"es-AR\",\"@id\":\"https:\/\/apuntesdesanluis.com\/#\/schema\/person\/image\/\",\"url\":\"https:\/\/apuntesdesanluis.com\/wp-content\/uploads\/2023\/07\/cropped-apuntesdesanluis.png\",\"contentUrl\":\"https:\/\/apuntesdesanluis.com\/wp-content\/uploads\/2023\/07\/cropped-apuntesdesanluis.png\",\"width\":450,\"height\":112,\"caption\":\"apuntesdesanluis.com\"},\"logo\":{\"@id\":\"https:\/\/apuntesdesanluis.com\/#\/schema\/person\/image\/\"},\"sameAs\":[\"https:\/\/apuntesdesanluis.com\"],\"url\":\"https:\/\/apuntesdesanluis.com\/index.php\/author\/apuntesdesanluis-com\/\"}]}<\/script>\n<!-- \/ Yoast SEO plugin. -->","yoast_head_json":{"title":"PRESENTAN \u201cVISIONES\u201d, LA NUEVA REVISTA DE LA ESCUELA DE ECONOM\u00cdA Y NEGOCIOS DE LA FCEJS - Apuntes de San Luis","robots":{"index":"index","follow":"follow","max-snippet":"max-snippet:-1","max-image-preview":"max-image-preview:large","max-video-preview":"max-video-preview:-1"},"canonical":"https:\/\/apuntesdesanluis.com\/index.php\/2023\/11\/26\/presentan-visiones-la-nueva-revista-de-la-escuela-de-economia-y-negocios-de-la-fcejs\/","og_locale":"es_ES","og_type":"article","og_title":"PRESENTAN \u201cVISIONES\u201d, LA NUEVA REVISTA DE LA ESCUELA DE ECONOM\u00cdA Y NEGOCIOS DE LA FCEJS - Apuntes de San Luis","og_description":"La Facultad de Ciencias Econ\u00f3micas, Jur\u00eddicas y Sociales de la Universidad Nacional de San Luis...","og_url":"https:\/\/apuntesdesanluis.com\/index.php\/2023\/11\/26\/presentan-visiones-la-nueva-revista-de-la-escuela-de-economia-y-negocios-de-la-fcejs\/","og_site_name":"Apuntes de San Luis","article_published_time":"2023-11-26T22:03:54+00:00","og_image":[{"width":564,"height":321,"url":"https:\/\/apuntesdesanluis.com\/wp-content\/uploads\/2023\/11\/revista-visiones.png","type":"image\/png"}],"author":"apuntesdesanluis.com","twitter_card":"summary_large_image","twitter_misc":{"Escrito por":"apuntesdesanluis.com","Tiempo de lectura":"2 minutos"},"schema":{"@context":"https:\/\/schema.org","@graph":[{"@type":"Article","@id":"https:\/\/apuntesdesanluis.com\/index.php\/2023\/11\/26\/presentan-visiones-la-nueva-revista-de-la-escuela-de-economia-y-negocios-de-la-fcejs\/#article","isPartOf":{"@id":"https:\/\/apuntesdesanluis.com\/index.php\/2023\/11\/26\/presentan-visiones-la-nueva-revista-de-la-escuela-de-economia-y-negocios-de-la-fcejs\/"},"author":{"name":"apuntesdesanluis.com","@id":"https:\/\/apuntesdesanluis.com\/#\/schema\/person\/b55151d52296fcce64d1a72538a70b90"},"headline":"PRESENTAN \u201cVISIONES\u201d, LA NUEVA REVISTA DE LA ESCUELA DE ECONOM\u00cdA Y NEGOCIOS DE LA FCEJS","datePublished":"2023-11-26T22:03:54+00:00","mainEntityOfPage":{"@id":"https:\/\/apuntesdesanluis.com\/index.php\/2023\/11\/26\/presentan-visiones-la-nueva-revista-de-la-escuela-de-economia-y-negocios-de-la-fcejs\/"},"wordCount":490,"publisher":{"@id":"https:\/\/apuntesdesanluis.com\/#\/schema\/person\/b55151d52296fcce64d1a72538a70b90"},"image":{"@id":"https:\/\/apuntesdesanluis.com\/index.php\/2023\/11\/26\/presentan-visiones-la-nueva-revista-de-la-escuela-de-economia-y-negocios-de-la-fcejs\/#primaryimage"},"thumbnailUrl":"https:\/\/apuntesdesanluis.com\/wp-content\/uploads\/2023\/11\/revista-visiones.png","articleSection":["Ciudad\/Provincia"],"inLanguage":"es-AR"},{"@type":"WebPage","@id":"https:\/\/apuntesdesanluis.com\/index.php\/2023\/11\/26\/presentan-visiones-la-nueva-revista-de-la-escuela-de-economia-y-negocios-de-la-fcejs\/","url":"https:\/\/apuntesdesanluis.com\/index.php\/2023\/11\/26\/presentan-visiones-la-nueva-revista-de-la-escuela-de-economia-y-negocios-de-la-fcejs\/","name":"PRESENTAN \u201cVISIONES\u201d, LA NUEVA REVISTA DE LA ESCUELA DE ECONOM\u00cdA Y NEGOCIOS DE LA FCEJS - Apuntes de San Luis","isPartOf":{"@id":"https:\/\/apuntesdesanluis.com\/#website"},"primaryImageOfPage":{"@id":"https:\/\/apuntesdesanluis.com\/index.php\/2023\/11\/26\/presentan-visiones-la-nueva-revista-de-la-escuela-de-economia-y-negocios-de-la-fcejs\/#primaryimage"},"image":{"@id":"https:\/\/apuntesdesanluis.com\/index.php\/2023\/11\/26\/presentan-visiones-la-nueva-revista-de-la-escuela-de-economia-y-negocios-de-la-fcejs\/#primaryimage"},"thumbnailUrl":"https:\/\/apuntesdesanluis.com\/wp-content\/uploads\/2023\/11\/revista-visiones.png","datePublished":"2023-11-26T22:03:54+00:00","breadcrumb":{"@id":"https:\/\/apuntesdesanluis.com\/index.php\/2023\/11\/26\/presentan-visiones-la-nueva-revista-de-la-escuela-de-economia-y-negocios-de-la-fcejs\/#breadcrumb"},"inLanguage":"es-AR","potentialAction":[{"@type":"ReadAction","target":["https:\/\/apuntesdesanluis.com\/index.php\/2023\/11\/26\/presentan-visiones-la-nueva-revista-de-la-escuela-de-economia-y-negocios-de-la-fcejs\/"]}]},{"@type":"ImageObject","inLanguage":"es-AR","@id":"https:\/\/apuntesdesanluis.com\/index.php\/2023\/11\/26\/presentan-visiones-la-nueva-revista-de-la-escuela-de-economia-y-negocios-de-la-fcejs\/#primaryimage","url":"https:\/\/apuntesdesanluis.com\/wp-content\/uploads\/2023\/11\/revista-visiones.png","contentUrl":"https:\/\/apuntesdesanluis.com\/wp-content\/uploads\/2023\/11\/revista-visiones.png","width":564,"height":321},{"@type":"BreadcrumbList","@id":"https:\/\/apuntesdesanluis.com\/index.php\/2023\/11\/26\/presentan-visiones-la-nueva-revista-de-la-escuela-de-economia-y-negocios-de-la-fcejs\/#breadcrumb","itemListElement":[{"@type":"ListItem","position":1,"name":"Inicio","item":"https:\/\/apuntesdesanluis.com\/"},{"@type":"ListItem","position":2,"name":"PRESENTAN \u201cVISIONES\u201d, LA NUEVA REVISTA DE LA ESCUELA DE ECONOM\u00cdA Y NEGOCIOS DE LA FCEJS"}]},{"@type":"WebSite","@id":"https:\/\/apuntesdesanluis.com\/#website","url":"https:\/\/apuntesdesanluis.com\/","name":"Apuntes de San Luis","description":"","publisher":{"@id":"https:\/\/apuntesdesanluis.com\/#\/schema\/person\/b55151d52296fcce64d1a72538a70b90"},"potentialAction":[{"@type":"SearchAction","target":{"@type":"EntryPoint","urlTemplate":"https:\/\/apuntesdesanluis.com\/?s={search_term_string}"},"query-input":{"@type":"PropertyValueSpecification","valueRequired":true,"valueName":"search_term_string"}}],"inLanguage":"es-AR"},{"@type":["Person","Organization"],"@id":"https:\/\/apuntesdesanluis.com\/#\/schema\/person\/b55151d52296fcce64d1a72538a70b90","name":"apuntesdesanluis.com","image":{"@type":"ImageObject","inLanguage":"es-AR","@id":"https:\/\/apuntesdesanluis.com\/#\/schema\/person\/image\/","url":"https:\/\/apuntesdesanluis.com\/wp-content\/uploads\/2023\/07\/cropped-apuntesdesanluis.png","contentUrl":"https:\/\/apuntesdesanluis.com\/wp-content\/uploads\/2023\/07\/cropped-apuntesdesanluis.png","width":450,"height":112,"caption":"apuntesdesanluis.com"},"logo":{"@id":"https:\/\/apuntesdesanluis.com\/#\/schema\/person\/image\/"},"sameAs":["https:\/\/apuntesdesanluis.com"],"url":"https:\/\/apuntesdesanluis.com\/index.php\/author\/apuntesdesanluis-com\/"}]}},"featured_image_urls":{"full":["https:\/\/apuntesdesanluis.com\/wp-content\/uploads\/2023\/11\/revista-visiones.png",564,321,false],"thumbnail":["https:\/\/apuntesdesanluis.com\/wp-content\/uploads\/2023\/11\/revista-visiones-150x150.png",150,150,true],"medium":["https:\/\/apuntesdesanluis.com\/wp-content\/uploads\/2023\/11\/revista-visiones-300x171.png",300,171,true],"medium_large":["https:\/\/apuntesdesanluis.com\/wp-content\/uploads\/2023\/11\/revista-visiones.png",564,321,false],"large":["https:\/\/apuntesdesanluis.com\/wp-content\/uploads\/2023\/11\/revista-visiones.png",564,321,false],"1536x1536":["https:\/\/apuntesdesanluis.com\/wp-content\/uploads\/2023\/11\/revista-visiones.png",564,321,false],"2048x2048":["https:\/\/apuntesdesanluis.com\/wp-content\/uploads\/2023\/11\/revista-visiones.png",564,321,false],"newsever-slider-full":["https:\/\/apuntesdesanluis.com\/wp-content\/uploads\/2023\/11\/revista-visiones.png",564,321,false],"newsever-featured":["https:\/\/apuntesdesanluis.com\/wp-content\/uploads\/2023\/11\/revista-visiones.png",564,321,false],"newsever-medium":["https:\/\/apuntesdesanluis.com\/wp-content\/uploads\/2023\/11\/revista-visiones.png",564,321,false]},"author_info":{"display_name":"apuntesdesanluis.com","author_link":"https:\/\/apuntesdesanluis.com\/index.php\/author\/apuntesdesanluis-com\/"},"category_info":"<a href=\"https:\/\/apuntesdesanluis.com\/index.php\/category\/ciudad-provincia\/\" rel=\"category tag\">Ciudad\/Provincia<\/a>","tag_info":"Ciudad\/Provincia","comment_count":"0","_links":{"self":[{"href":"https:\/\/apuntesdesanluis.com\/index.php\/wp-json\/wp\/v2\/posts\/7382","targetHints":{"allow":["GET"]}}],"collection":[{"href":"https:\/\/apuntesdesanluis.com\/index.php\/wp-json\/wp\/v2\/posts"}],"about":[{"href":"https:\/\/apuntesdesanluis.com\/index.php\/wp-json\/wp\/v2\/types\/post"}],"author":[{"embeddable":true,"href":"https:\/\/apuntesdesanluis.com\/index.php\/wp-json\/wp\/v2\/users\/1"}],"replies":[{"embeddable":true,"href":"https:\/\/apuntesdesanluis.com\/index.php\/wp-json\/wp\/v2\/comments?post=7382"}],"version-history":[{"count":1,"href":"https:\/\/apuntesdesanluis.com\/index.php\/wp-json\/wp\/v2\/posts\/7382\/revisions"}],"predecessor-version":[{"id":7384,"href":"https:\/\/apuntesdesanluis.com\/index.php\/wp-json\/wp\/v2\/posts\/7382\/revisions\/7384"}],"wp:featuredmedia":[{"embeddable":true,"href":"https:\/\/apuntesdesanluis.com\/index.php\/wp-json\/wp\/v2\/media\/7383"}],"wp:attachment":[{"href":"https:\/\/apuntesdesanluis.com\/index.php\/wp-json\/wp\/v2\/media?parent=7382"}],"wp:term":[{"taxonomy":"category","embeddable":true,"href":"https:\/\/apuntesdesanluis.com\/index.php\/wp-json\/wp\/v2\/categories?post=7382"},{"taxonomy":"post_tag","embeddable":true,"href":"https:\/\/apuntesdesanluis.com\/index.php\/wp-json\/wp\/v2\/tags?post=7382"}],"curies":[{"name":"wp","href":"https:\/\/api.w.org\/{rel}","templated":true}]}}