{"id":7385,"date":"2023-11-26T19:09:10","date_gmt":"2023-11-26T22:09:10","guid":{"rendered":"https:\/\/apuntesdesanluis.com\/?p=7385"},"modified":"2023-11-26T19:19:19","modified_gmt":"2023-11-26T22:19:19","slug":"milei-viaja-a-estados-unidos-y-suma-actividades-en-su-agenda","status":"publish","type":"post","link":"https:\/\/apuntesdesanluis.com\/index.php\/2023\/11\/26\/milei-viaja-a-estados-unidos-y-suma-actividades-en-su-agenda\/","title":{"rendered":"MILEI VIAJA ESTE DOMINGO A ESTADOS UNIDOS Y SUMA ACTIVIDADES EN SU AGENDA"},"content":{"rendered":"<h3>El presidente electo, <strong>Javier Milei<\/strong>, viajar\u00e1 esta noche a Nueva York, Estados Unidos, para visitar &#8220;El Ohel&#8221;, la tumba del rabino Menachem Mendel Schneerson, y sum\u00f3 una segunda escala en Washington para apuntalar su agenda econ\u00f3mica.<\/h3>\n<h3>Se trata del vuelo que posterg\u00f3 el libertario el jueves pasado, y que ten\u00eda previsto para el viernes, por las fren\u00e9ticas negociaciones y nombramientos en la conformaci\u00f3n de su futuro Gabinete de ministros.<\/h3>\n<h3>Tras despejar dudas, como por ejemplo en los titulares en las c\u00fapulas de Anses e YPF, que quedaron en manos de Osvaldo Giordano y Horacio Mar\u00edn, respectivamente, Milei reactiv\u00f3 la visita a suelo norteamericano.<\/h3>\n<h3>Milei, que asumir\u00e1 el pr\u00f3ximo 10 de diciembre, estar\u00e1 acompa\u00f1ado de su asesor y un hombre clave en La Libertad Avanza, Santiago Caputo. Varios medios aseguraron que Luis &#8220;Toto&#8221; Caputo ser\u00e1 parte de la comitiva, junto con Karina Milei y quien ser\u00e1 el futuro jefe de Gabinete Nicol\u00e1s Posse.<\/h3>\n<h3>Caputo es uno de los apuntados a quedarse con la cartera de Econom\u00eda.<\/h3>\n<h3>El ex ministro de Finanzas y titular del Banco Central de la Rep\u00fablica Argentina (BCRA) tiene un plan para desarticular las Leliqs que sedujo a Milei y a su equipo.<\/h3>\n<h3>Hace pocas horas, Demi\u00e1n Reidel, que era el apuntado para quedarse con la Presidencia del BCRA se abri\u00f3 en la carrera. Algo similar ocurri\u00f3 durante la semana pasada con Emilio Ocampo, quien ten\u00eda el plan de dolarizaci\u00f3n preferido por Milei.<\/h3>\n<p>&nbsp;<\/p>\n<p>&nbsp;<\/p>\n<p>&nbsp;<\/p>\n<p>&nbsp;<\/p>\n","protected":false},"excerpt":{"rendered":"<p>El presidente electo, Javier Milei, viajar\u00e1 esta noche a Nueva York, Estados Unidos, para visitar&#8230;<\/p>\n","protected":false},"author":1,"featured_media":7386,"comment_status":"closed","ping_status":"closed","sticky":false,"template":"","format":"standard","meta":{"footnotes":""},"categories":[5],"tags":[],"class_list":["post-7385","post","type-post","status-publish","format-standard","has-post-thumbnail","hentry","category-nacionales-internacionales"],"yoast_head":"<!-- This site is optimized with the Yoast SEO plugin v26.1.1 - https:\/\/yoast.com\/wordpress\/plugins\/seo\/ -->\n<title>MILEI VIAJA ESTE DOMINGO A ESTADOS UNIDOS Y SUMA ACTIVIDADES EN SU AGENDA - Apuntes de San Luis<\/title>\n<meta name=\"robots\" content=\"index, follow, max-snippet:-1, max-image-preview:large, max-video-preview:-1\" \/>\n<link rel=\"canonical\" href=\"https:\/\/apuntesdesanluis.com\/index.php\/2023\/11\/26\/milei-viaja-a-estados-unidos-y-suma-actividades-en-su-agenda\/\" \/>\n<meta property=\"og:locale\" content=\"es_ES\" \/>\n<meta property=\"og:type\" content=\"article\" \/>\n<meta property=\"og:title\" content=\"MILEI VIAJA ESTE DOMINGO A ESTADOS UNIDOS Y SUMA ACTIVIDADES EN SU AGENDA - Apuntes de San Luis\" \/>\n<meta property=\"og:description\" content=\"El presidente electo, Javier Milei, viajar\u00e1 esta noche a Nueva York, Estados Unidos, para visitar...\" \/>\n<meta property=\"og:url\" content=\"https:\/\/apuntesdesanluis.com\/index.php\/2023\/11\/26\/milei-viaja-a-estados-unidos-y-suma-actividades-en-su-agenda\/\" \/>\n<meta property=\"og:site_name\" content=\"Apuntes de San Luis\" \/>\n<meta property=\"article:published_time\" content=\"2023-11-26T22:09:10+00:00\" \/>\n<meta property=\"article:modified_time\" content=\"2023-11-26T22:19:19+00:00\" \/>\n<meta property=\"og:image\" content=\"https:\/\/apuntesdesanluis.com\/wp-content\/uploads\/2023\/11\/milei-9.png\" \/>\n\t<meta property=\"og:image:width\" content=\"728\" \/>\n\t<meta property=\"og:image:height\" content=\"466\" \/>\n\t<meta property=\"og:image:type\" content=\"image\/png\" \/>\n<meta name=\"author\" content=\"apuntesdesanluis.com\" \/>\n<meta name=\"twitter:card\" content=\"summary_large_image\" \/>\n<meta name=\"twitter:label1\" content=\"Escrito por\" \/>\n\t<meta name=\"twitter:data1\" content=\"apuntesdesanluis.com\" \/>\n\t<meta name=\"twitter:label2\" content=\"Tiempo de lectura\" \/>\n\t<meta name=\"twitter:data2\" content=\"2 minutos\" \/>\n<script type=\"application\/ld+json\" class=\"yoast-schema-graph\">{\"@context\":\"https:\/\/schema.org\",\"@graph\":[{\"@type\":\"Article\",\"@id\":\"https:\/\/apuntesdesanluis.com\/index.php\/2023\/11\/26\/milei-viaja-a-estados-unidos-y-suma-actividades-en-su-agenda\/#article\",\"isPartOf\":{\"@id\":\"https:\/\/apuntesdesanluis.com\/index.php\/2023\/11\/26\/milei-viaja-a-estados-unidos-y-suma-actividades-en-su-agenda\/\"},\"author\":{\"name\":\"apuntesdesanluis.com\",\"@id\":\"https:\/\/apuntesdesanluis.com\/#\/schema\/person\/b55151d52296fcce64d1a72538a70b90\"},\"headline\":\"MILEI VIAJA ESTE DOMINGO A ESTADOS UNIDOS Y SUMA ACTIVIDADES EN SU AGENDA\",\"datePublished\":\"2023-11-26T22:09:10+00:00\",\"dateModified\":\"2023-11-26T22:19:19+00:00\",\"mainEntityOfPage\":{\"@id\":\"https:\/\/apuntesdesanluis.com\/index.php\/2023\/11\/26\/milei-viaja-a-estados-unidos-y-suma-actividades-en-su-agenda\/\"},\"wordCount\":265,\"publisher\":{\"@id\":\"https:\/\/apuntesdesanluis.com\/#\/schema\/person\/b55151d52296fcce64d1a72538a70b90\"},\"image\":{\"@id\":\"https:\/\/apuntesdesanluis.com\/index.php\/2023\/11\/26\/milei-viaja-a-estados-unidos-y-suma-actividades-en-su-agenda\/#primaryimage\"},\"thumbnailUrl\":\"https:\/\/apuntesdesanluis.com\/wp-content\/uploads\/2023\/11\/milei-9.png\",\"articleSection\":[\"Nacionales\/Internacionales\"],\"inLanguage\":\"es-AR\"},{\"@type\":\"WebPage\",\"@id\":\"https:\/\/apuntesdesanluis.com\/index.php\/2023\/11\/26\/milei-viaja-a-estados-unidos-y-suma-actividades-en-su-agenda\/\",\"url\":\"https:\/\/apuntesdesanluis.com\/index.php\/2023\/11\/26\/milei-viaja-a-estados-unidos-y-suma-actividades-en-su-agenda\/\",\"name\":\"MILEI VIAJA ESTE DOMINGO A ESTADOS UNIDOS Y SUMA ACTIVIDADES EN SU AGENDA - Apuntes de San Luis\",\"isPartOf\":{\"@id\":\"https:\/\/apuntesdesanluis.com\/#website\"},\"primaryImageOfPage\":{\"@id\":\"https:\/\/apuntesdesanluis.com\/index.php\/2023\/11\/26\/milei-viaja-a-estados-unidos-y-suma-actividades-en-su-agenda\/#primaryimage\"},\"image\":{\"@id\":\"https:\/\/apuntesdesanluis.com\/index.php\/2023\/11\/26\/milei-viaja-a-estados-unidos-y-suma-actividades-en-su-agenda\/#primaryimage\"},\"thumbnailUrl\":\"https:\/\/apuntesdesanluis.com\/wp-content\/uploads\/2023\/11\/milei-9.png\",\"datePublished\":\"2023-11-26T22:09:10+00:00\",\"dateModified\":\"2023-11-26T22:19:19+00:00\",\"breadcrumb\":{\"@id\":\"https:\/\/apuntesdesanluis.com\/index.php\/2023\/11\/26\/milei-viaja-a-estados-unidos-y-suma-actividades-en-su-agenda\/#breadcrumb\"},\"inLanguage\":\"es-AR\",\"potentialAction\":[{\"@type\":\"ReadAction\",\"target\":[\"https:\/\/apuntesdesanluis.com\/index.php\/2023\/11\/26\/milei-viaja-a-estados-unidos-y-suma-actividades-en-su-agenda\/\"]}]},{\"@type\":\"ImageObject\",\"inLanguage\":\"es-AR\",\"@id\":\"https:\/\/apuntesdesanluis.com\/index.php\/2023\/11\/26\/milei-viaja-a-estados-unidos-y-suma-actividades-en-su-agenda\/#primaryimage\",\"url\":\"https:\/\/apuntesdesanluis.com\/wp-content\/uploads\/2023\/11\/milei-9.png\",\"contentUrl\":\"https:\/\/apuntesdesanluis.com\/wp-content\/uploads\/2023\/11\/milei-9.png\",\"width\":728,\"height\":466},{\"@type\":\"BreadcrumbList\",\"@id\":\"https:\/\/apuntesdesanluis.com\/index.php\/2023\/11\/26\/milei-viaja-a-estados-unidos-y-suma-actividades-en-su-agenda\/#breadcrumb\",\"itemListElement\":[{\"@type\":\"ListItem\",\"position\":1,\"name\":\"Inicio\",\"item\":\"https:\/\/apuntesdesanluis.com\/\"},{\"@type\":\"ListItem\",\"position\":2,\"name\":\"MILEI VIAJA ESTE DOMINGO A ESTADOS UNIDOS Y SUMA ACTIVIDADES EN SU AGENDA\"}]},{\"@type\":\"WebSite\",\"@id\":\"https:\/\/apuntesdesanluis.com\/#website\",\"url\":\"https:\/\/apuntesdesanluis.com\/\",\"name\":\"Apuntes de San Luis\",\"description\":\"\",\"publisher\":{\"@id\":\"https:\/\/apuntesdesanluis.com\/#\/schema\/person\/b55151d52296fcce64d1a72538a70b90\"},\"potentialAction\":[{\"@type\":\"SearchAction\",\"target\":{\"@type\":\"EntryPoint\",\"urlTemplate\":\"https:\/\/apuntesdesanluis.com\/?s={search_term_string}\"},\"query-input\":{\"@type\":\"PropertyValueSpecification\",\"valueRequired\":true,\"valueName\":\"search_term_string\"}}],\"inLanguage\":\"es-AR\"},{\"@type\":[\"Person\",\"Organization\"],\"@id\":\"https:\/\/apuntesdesanluis.com\/#\/schema\/person\/b55151d52296fcce64d1a72538a70b90\",\"name\":\"apuntesdesanluis.com\",\"image\":{\"@type\":\"ImageObject\",\"inLanguage\":\"es-AR\",\"@id\":\"https:\/\/apuntesdesanluis.com\/#\/schema\/person\/image\/\",\"url\":\"https:\/\/apuntesdesanluis.com\/wp-content\/uploads\/2023\/07\/cropped-apuntesdesanluis.png\",\"contentUrl\":\"https:\/\/apuntesdesanluis.com\/wp-content\/uploads\/2023\/07\/cropped-apuntesdesanluis.png\",\"width\":450,\"height\":112,\"caption\":\"apuntesdesanluis.com\"},\"logo\":{\"@id\":\"https:\/\/apuntesdesanluis.com\/#\/schema\/person\/image\/\"},\"sameAs\":[\"https:\/\/apuntesdesanluis.com\"],\"url\":\"https:\/\/apuntesdesanluis.com\/index.php\/author\/apuntesdesanluis-com\/\"}]}<\/script>\n<!-- \/ Yoast SEO plugin. -->","yoast_head_json":{"title":"MILEI VIAJA ESTE DOMINGO A ESTADOS UNIDOS Y SUMA ACTIVIDADES EN SU AGENDA - Apuntes de San Luis","robots":{"index":"index","follow":"follow","max-snippet":"max-snippet:-1","max-image-preview":"max-image-preview:large","max-video-preview":"max-video-preview:-1"},"canonical":"https:\/\/apuntesdesanluis.com\/index.php\/2023\/11\/26\/milei-viaja-a-estados-unidos-y-suma-actividades-en-su-agenda\/","og_locale":"es_ES","og_type":"article","og_title":"MILEI VIAJA ESTE DOMINGO A ESTADOS UNIDOS Y SUMA ACTIVIDADES EN SU AGENDA - Apuntes de San Luis","og_description":"El presidente electo, Javier Milei, viajar\u00e1 esta noche a Nueva York, Estados Unidos, para visitar...","og_url":"https:\/\/apuntesdesanluis.com\/index.php\/2023\/11\/26\/milei-viaja-a-estados-unidos-y-suma-actividades-en-su-agenda\/","og_site_name":"Apuntes de San Luis","article_published_time":"2023-11-26T22:09:10+00:00","article_modified_time":"2023-11-26T22:19:19+00:00","og_image":[{"width":728,"height":466,"url":"https:\/\/apuntesdesanluis.com\/wp-content\/uploads\/2023\/11\/milei-9.png","type":"image\/png"}],"author":"apuntesdesanluis.com","twitter_card":"summary_large_image","twitter_misc":{"Escrito por":"apuntesdesanluis.com","Tiempo de lectura":"2 minutos"},"schema":{"@context":"https:\/\/schema.org","@graph":[{"@type":"Article","@id":"https:\/\/apuntesdesanluis.com\/index.php\/2023\/11\/26\/milei-viaja-a-estados-unidos-y-suma-actividades-en-su-agenda\/#article","isPartOf":{"@id":"https:\/\/apuntesdesanluis.com\/index.php\/2023\/11\/26\/milei-viaja-a-estados-unidos-y-suma-actividades-en-su-agenda\/"},"author":{"name":"apuntesdesanluis.com","@id":"https:\/\/apuntesdesanluis.com\/#\/schema\/person\/b55151d52296fcce64d1a72538a70b90"},"headline":"MILEI VIAJA ESTE DOMINGO A ESTADOS UNIDOS Y SUMA ACTIVIDADES EN SU AGENDA","datePublished":"2023-11-26T22:09:10+00:00","dateModified":"2023-11-26T22:19:19+00:00","mainEntityOfPage":{"@id":"https:\/\/apuntesdesanluis.com\/index.php\/2023\/11\/26\/milei-viaja-a-estados-unidos-y-suma-actividades-en-su-agenda\/"},"wordCount":265,"publisher":{"@id":"https:\/\/apuntesdesanluis.com\/#\/schema\/person\/b55151d52296fcce64d1a72538a70b90"},"image":{"@id":"https:\/\/apuntesdesanluis.com\/index.php\/2023\/11\/26\/milei-viaja-a-estados-unidos-y-suma-actividades-en-su-agenda\/#primaryimage"},"thumbnailUrl":"https:\/\/apuntesdesanluis.com\/wp-content\/uploads\/2023\/11\/milei-9.png","articleSection":["Nacionales\/Internacionales"],"inLanguage":"es-AR"},{"@type":"WebPage","@id":"https:\/\/apuntesdesanluis.com\/index.php\/2023\/11\/26\/milei-viaja-a-estados-unidos-y-suma-actividades-en-su-agenda\/","url":"https:\/\/apuntesdesanluis.com\/index.php\/2023\/11\/26\/milei-viaja-a-estados-unidos-y-suma-actividades-en-su-agenda\/","name":"MILEI VIAJA ESTE DOMINGO A ESTADOS UNIDOS Y SUMA ACTIVIDADES EN SU AGENDA - Apuntes de San Luis","isPartOf":{"@id":"https:\/\/apuntesdesanluis.com\/#website"},"primaryImageOfPage":{"@id":"https:\/\/apuntesdesanluis.com\/index.php\/2023\/11\/26\/milei-viaja-a-estados-unidos-y-suma-actividades-en-su-agenda\/#primaryimage"},"image":{"@id":"https:\/\/apuntesdesanluis.com\/index.php\/2023\/11\/26\/milei-viaja-a-estados-unidos-y-suma-actividades-en-su-agenda\/#primaryimage"},"thumbnailUrl":"https:\/\/apuntesdesanluis.com\/wp-content\/uploads\/2023\/11\/milei-9.png","datePublished":"2023-11-26T22:09:10+00:00","dateModified":"2023-11-26T22:19:19+00:00","breadcrumb":{"@id":"https:\/\/apuntesdesanluis.com\/index.php\/2023\/11\/26\/milei-viaja-a-estados-unidos-y-suma-actividades-en-su-agenda\/#breadcrumb"},"inLanguage":"es-AR","potentialAction":[{"@type":"ReadAction","target":["https:\/\/apuntesdesanluis.com\/index.php\/2023\/11\/26\/milei-viaja-a-estados-unidos-y-suma-actividades-en-su-agenda\/"]}]},{"@type":"ImageObject","inLanguage":"es-AR","@id":"https:\/\/apuntesdesanluis.com\/index.php\/2023\/11\/26\/milei-viaja-a-estados-unidos-y-suma-actividades-en-su-agenda\/#primaryimage","url":"https:\/\/apuntesdesanluis.com\/wp-content\/uploads\/2023\/11\/milei-9.png","contentUrl":"https:\/\/apuntesdesanluis.com\/wp-content\/uploads\/2023\/11\/milei-9.png","width":728,"height":466},{"@type":"BreadcrumbList","@id":"https:\/\/apuntesdesanluis.com\/index.php\/2023\/11\/26\/milei-viaja-a-estados-unidos-y-suma-actividades-en-su-agenda\/#breadcrumb","itemListElement":[{"@type":"ListItem","position":1,"name":"Inicio","item":"https:\/\/apuntesdesanluis.com\/"},{"@type":"ListItem","position":2,"name":"MILEI VIAJA ESTE DOMINGO A ESTADOS UNIDOS Y SUMA ACTIVIDADES EN SU AGENDA"}]},{"@type":"WebSite","@id":"https:\/\/apuntesdesanluis.com\/#website","url":"https:\/\/apuntesdesanluis.com\/","name":"Apuntes de San Luis","description":"","publisher":{"@id":"https:\/\/apuntesdesanluis.com\/#\/schema\/person\/b55151d52296fcce64d1a72538a70b90"},"potentialAction":[{"@type":"SearchAction","target":{"@type":"EntryPoint","urlTemplate":"https:\/\/apuntesdesanluis.com\/?s={search_term_string}"},"query-input":{"@type":"PropertyValueSpecification","valueRequired":true,"valueName":"search_term_string"}}],"inLanguage":"es-AR"},{"@type":["Person","Organization"],"@id":"https:\/\/apuntesdesanluis.com\/#\/schema\/person\/b55151d52296fcce64d1a72538a70b90","name":"apuntesdesanluis.com","image":{"@type":"ImageObject","inLanguage":"es-AR","@id":"https:\/\/apuntesdesanluis.com\/#\/schema\/person\/image\/","url":"https:\/\/apuntesdesanluis.com\/wp-content\/uploads\/2023\/07\/cropped-apuntesdesanluis.png","contentUrl":"https:\/\/apuntesdesanluis.com\/wp-content\/uploads\/2023\/07\/cropped-apuntesdesanluis.png","width":450,"height":112,"caption":"apuntesdesanluis.com"},"logo":{"@id":"https:\/\/apuntesdesanluis.com\/#\/schema\/person\/image\/"},"sameAs":["https:\/\/apuntesdesanluis.com"],"url":"https:\/\/apuntesdesanluis.com\/index.php\/author\/apuntesdesanluis-com\/"}]}},"featured_image_urls":{"full":["https:\/\/apuntesdesanluis.com\/wp-content\/uploads\/2023\/11\/milei-9.png",728,466,false],"thumbnail":["https:\/\/apuntesdesanluis.com\/wp-content\/uploads\/2023\/11\/milei-9-150x150.png",150,150,true],"medium":["https:\/\/apuntesdesanluis.com\/wp-content\/uploads\/2023\/11\/milei-9-300x192.png",300,192,true],"medium_large":["https:\/\/apuntesdesanluis.com\/wp-content\/uploads\/2023\/11\/milei-9.png",640,410,false],"large":["https:\/\/apuntesdesanluis.com\/wp-content\/uploads\/2023\/11\/milei-9.png",640,410,false],"1536x1536":["https:\/\/apuntesdesanluis.com\/wp-content\/uploads\/2023\/11\/milei-9.png",728,466,false],"2048x2048":["https:\/\/apuntesdesanluis.com\/wp-content\/uploads\/2023\/11\/milei-9.png",728,466,false],"newsever-slider-full":["https:\/\/apuntesdesanluis.com\/wp-content\/uploads\/2023\/11\/milei-9.png",728,466,false],"newsever-featured":["https:\/\/apuntesdesanluis.com\/wp-content\/uploads\/2023\/11\/milei-9.png",728,466,false],"newsever-medium":["https:\/\/apuntesdesanluis.com\/wp-content\/uploads\/2023\/11\/milei-9-720x466.png",720,466,true]},"author_info":{"display_name":"apuntesdesanluis.com","author_link":"https:\/\/apuntesdesanluis.com\/index.php\/author\/apuntesdesanluis-com\/"},"category_info":"<a href=\"https:\/\/apuntesdesanluis.com\/index.php\/category\/nacionales-internacionales\/\" rel=\"category tag\">Nacionales\/Internacionales<\/a>","tag_info":"Nacionales\/Internacionales","comment_count":"0","_links":{"self":[{"href":"https:\/\/apuntesdesanluis.com\/index.php\/wp-json\/wp\/v2\/posts\/7385","targetHints":{"allow":["GET"]}}],"collection":[{"href":"https:\/\/apuntesdesanluis.com\/index.php\/wp-json\/wp\/v2\/posts"}],"about":[{"href":"https:\/\/apuntesdesanluis.com\/index.php\/wp-json\/wp\/v2\/types\/post"}],"author":[{"embeddable":true,"href":"https:\/\/apuntesdesanluis.com\/index.php\/wp-json\/wp\/v2\/users\/1"}],"replies":[{"embeddable":true,"href":"https:\/\/apuntesdesanluis.com\/index.php\/wp-json\/wp\/v2\/comments?post=7385"}],"version-history":[{"count":4,"href":"https:\/\/apuntesdesanluis.com\/index.php\/wp-json\/wp\/v2\/posts\/7385\/revisions"}],"predecessor-version":[{"id":7394,"href":"https:\/\/apuntesdesanluis.com\/index.php\/wp-json\/wp\/v2\/posts\/7385\/revisions\/7394"}],"wp:featuredmedia":[{"embeddable":true,"href":"https:\/\/apuntesdesanluis.com\/index.php\/wp-json\/wp\/v2\/media\/7386"}],"wp:attachment":[{"href":"https:\/\/apuntesdesanluis.com\/index.php\/wp-json\/wp\/v2\/media?parent=7385"}],"wp:term":[{"taxonomy":"category","embeddable":true,"href":"https:\/\/apuntesdesanluis.com\/index.php\/wp-json\/wp\/v2\/categories?post=7385"},{"taxonomy":"post_tag","embeddable":true,"href":"https:\/\/apuntesdesanluis.com\/index.php\/wp-json\/wp\/v2\/tags?post=7385"}],"curies":[{"name":"wp","href":"https:\/\/api.w.org\/{rel}","templated":true}]}}