{"id":7388,"date":"2023-11-26T19:16:10","date_gmt":"2023-11-26T22:16:10","guid":{"rendered":"https:\/\/apuntesdesanluis.com\/?p=7388"},"modified":"2023-11-26T19:16:10","modified_gmt":"2023-11-26T22:16:10","slug":"viaje-relampago-de-diana-mondino-a-brasil-para-distender-la-relacion-entre-milei-y-lula-da-silva","status":"publish","type":"post","link":"https:\/\/apuntesdesanluis.com\/index.php\/2023\/11\/26\/viaje-relampago-de-diana-mondino-a-brasil-para-distender-la-relacion-entre-milei-y-lula-da-silva\/","title":{"rendered":"VIAJE REL\u00c1MPAGO DE DIANA MONDINO A BRASIL PARA DISTENDER LA RELACI\u00d3N ENTRE MILEI Y LULA DA SILVA"},"content":{"rendered":"<h3>Fue el embajador<strong> Daniel Scioli<\/strong> quien inici\u00f3 la gesti\u00f3n y le propuso el encuentro a la futura Canciller.<\/h3>\n<h3>El encuentro se charl\u00f3 y se program\u00f3 con prudencia y en secreto para que no trascendiera. Una vez que el objetivo qued\u00f3 consensuado, el embajador en Brasil Daniel Scioli lo comparti\u00f3 con la futura Canciller <strong>Diana Mondino<\/strong>: la idea era un viaje rel\u00e1mpago a Brasilia para comenzar las gestiones de distensi\u00f3n del v\u00ednculo entre el presidente electo, <strong>Javier Milei<\/strong>\u00a0y <strong>Lula da Silva<\/strong>, primer mandatario brasile\u00f1o. La funcionaria acept\u00f3 y se concret\u00f3 este domingo.<\/h3>\n<h3>As\u00ed, Mondino y Scioli se reunieron este mediod\u00eda en el Palacio Itamaraty con el canciller brasile\u00f1o Mauro Vieira y Celso Amorim, asesor especial para asuntos de relaciones internacionales de Lula, seg\u00fan informaron fuentes diplom\u00e1ticas.<\/h3>\n<p><img fetchpriority=\"high\" decoding=\"async\" class=\"wp-image-7390 aligncenter\" src=\"https:\/\/apuntesdesanluis.com\/wp-content\/uploads\/2023\/11\/mondino-300x250.png\" alt=\"\" width=\"730\" height=\"608\" srcset=\"https:\/\/apuntesdesanluis.com\/wp-content\/uploads\/2023\/11\/mondino-300x250.png 300w, https:\/\/apuntesdesanluis.com\/wp-content\/uploads\/2023\/11\/mondino-768x641.png 768w, https:\/\/apuntesdesanluis.com\/wp-content\/uploads\/2023\/11\/mondino.png 853w\" sizes=\"(max-width: 730px) 100vw, 730px\" \/><\/p>\n<h3>Y, en ese contexto, contaron a este medio que la futura Canciller le entreg\u00f3 en mano a Mauro Vieira la invitaci\u00f3n para Lula para la asunci\u00f3n de Milei del 10 de diciembre, escrita por el presidente electo.<\/h3>\n<h3>Detr\u00e1s de ese gesto hay mucha historia. Hay que recordar que Lula hab\u00eda avisado la semana pasada que no viajar\u00eda para la investidura del libertario, molesto por dichos previos del l\u00edder de La Libertad Avanza (LLA) hacia su persona: lo llam\u00f3 \u201cladr\u00f3n\u201d y \u201ccomunista furioso\u201den varios reportajes durante la campa\u00f1a electoral, seg\u00fan record\u00f3 Amorim.<\/h3>\n<h3>La negativa del primer mandatario de Brasil no fue azarosa: se conoci\u00f3 luego de que el presidente electo invitara a Jair Bolsonaro a Buenos Aires para la asunci\u00f3n. Justamente, Bolsonaro y Lula son adversarios pol\u00edticos.<\/h3>\n<h3>Lo cierto es que con el objetivo de distender la relaci\u00f3n entre Milei y Lula, Scioli el mi\u00e9rcoles pasado se reuni\u00f3 con el Embajador de Brasil en Argentina. Tras ese encuentro, se comunic\u00f3 con Guillermo Francos, uno de los principales asesores del l\u00edder de LLA y futuro ministro del Interior, y le comunic\u00f3 sus gestiones. Recibi\u00f3 el aval para avanzar de quien fuera el titular del Banco Provincia cuando el motonauta fue Gobernador bonaerense.<\/h3>\n<h3>El pr\u00f3ximo paso de Scioli fue dialogar con Amorim, un hombre de extrema confianza de Lula. Tambi\u00e9n all\u00ed consigui\u00f3 el visto bueno para gestionar un encuentro clave. Luego, lleg\u00f3 el momento de comentarle a Mondino el avance de las tratativas y le propuso viajar en secreto a Brasilia: ella acept\u00f3.<\/h3>\n<h3>As\u00ed, este domingo Scioli, Amorim, Viera y Mondino comenzaron en Brasilia a poner en marcha el operativo de distensi\u00f3n de las relaciones entre Lula y Milei y, como gesto, la futura Canciller llev\u00f3 la invitaci\u00f3n para la investidura que escribi\u00f3 el propio libertario.<\/h3>\n<h3>En el texto, reza: \u201cS\u00e9 que usted conoce y valora cabalmente lo que significa este momento de transici\u00f3n para el recorrido hist\u00f3rico de la Rep\u00fablica Argentina, su pueblo, y naturalmente para m\u00ed y el equipo de colaboradores que me acompa\u00f1ar\u00e1n en la ya pr\u00f3xima gesti\u00f3n de Gobierno\u201d.<\/h3>\n<h3>Y contin\u00faa: \u201cAmbas naciones tenemos muchos desaf\u00edos por delante y estoy convencido de que un cambio en lo econ\u00f3mico, en lo social y lo cultural, basado en los principios de la libertad, nos posicionar\u00e1n como pa\u00edses competitivos en los que sus ciudadanos pueden desarrollar al m\u00e1ximo sus capacidades y, as\u00ed, elegir el futuro que deseen\u201d.<\/h3>\n<h3>Tambi\u00e9n destac\u00f3 que desea que ambos pa\u00edses sigan \u201ccompartiendo \u00e1reas de complementariedad\u201d que permitan que \u201ctodo este accionar conjunto se traduzca, en ambos lados, en crecimiento y prosperidad para argentinos y brasile\u00f1os\u201d.<\/h3>\n<h3>\u00a0\u201cDeseo que el tiempo en com\u00fan como Presidentes y Jefes de Gobierno sea una etapa de trabajo fruct\u00edfero y construcci\u00f3n de lazos que consoliden el papel que Argentina y Brasil pueden y deben cumplir en el concierto de Naciones\u201d, fue el \u00faltimo concepto antes de cerrar con un \u201cesperando poder encontrarlo en esta pr\u00f3xima ocasi\u00f3n\u201d en relaci\u00f3n a la asunci\u00f3n del 10 de diciembre.<\/h3>\n<h3>Durante su primer discurso como presidente electo, Milei asegur\u00f3 que mantendr\u00e1 relaciones con todas las naciones del mundo que quieran comerciar con Argentina, y busc\u00f3 transmitir tranquilidad respecto de lo que ser\u00e1 su futura pol\u00edtica exterior. No obstante, a lo largo de su recorrido como dirigente fue tajante a la hora de se\u00f1alar que en su gobierno va a procurar que el intercambio prevalezca en las relaciones entre privados, m\u00e1s all\u00e1 del rol que deben tener los Estados en el comercio internacional.<\/h3>\n<p>&nbsp;<\/p>\n<p>&nbsp;<\/p>\n<p>&nbsp;<\/p>\n","protected":false},"excerpt":{"rendered":"<p>Fue el embajador Daniel Scioli quien inici\u00f3 la gesti\u00f3n y le propuso el encuentro a&#8230;<\/p>\n","protected":false},"author":1,"featured_media":7389,"comment_status":"closed","ping_status":"closed","sticky":false,"template":"","format":"standard","meta":{"footnotes":""},"categories":[5],"tags":[],"class_list":["post-7388","post","type-post","status-publish","format-standard","has-post-thumbnail","hentry","category-nacionales-internacionales"],"yoast_head":"<!-- This site is optimized with the Yoast SEO plugin v26.1.1 - https:\/\/yoast.com\/wordpress\/plugins\/seo\/ -->\n<title>VIAJE REL\u00c1MPAGO DE DIANA MONDINO A BRASIL PARA DISTENDER LA RELACI\u00d3N ENTRE MILEI Y LULA DA SILVA - Apuntes de San Luis<\/title>\n<meta name=\"robots\" content=\"index, follow, max-snippet:-1, max-image-preview:large, max-video-preview:-1\" \/>\n<link rel=\"canonical\" href=\"https:\/\/apuntesdesanluis.com\/index.php\/2023\/11\/26\/viaje-relampago-de-diana-mondino-a-brasil-para-distender-la-relacion-entre-milei-y-lula-da-silva\/\" \/>\n<meta property=\"og:locale\" content=\"es_ES\" \/>\n<meta property=\"og:type\" content=\"article\" \/>\n<meta property=\"og:title\" content=\"VIAJE REL\u00c1MPAGO DE DIANA MONDINO A BRASIL PARA DISTENDER LA RELACI\u00d3N ENTRE MILEI Y LULA DA SILVA - Apuntes de San Luis\" \/>\n<meta property=\"og:description\" content=\"Fue el embajador Daniel Scioli quien inici\u00f3 la gesti\u00f3n y le propuso el encuentro a...\" \/>\n<meta property=\"og:url\" content=\"https:\/\/apuntesdesanluis.com\/index.php\/2023\/11\/26\/viaje-relampago-de-diana-mondino-a-brasil-para-distender-la-relacion-entre-milei-y-lula-da-silva\/\" \/>\n<meta property=\"og:site_name\" content=\"Apuntes de San Luis\" \/>\n<meta property=\"article:published_time\" content=\"2023-11-26T22:16:10+00:00\" \/>\n<meta property=\"og:image\" content=\"https:\/\/apuntesdesanluis.com\/wp-content\/uploads\/2023\/11\/cancilleres.png\" \/>\n\t<meta property=\"og:image:width\" content=\"851\" \/>\n\t<meta property=\"og:image:height\" content=\"519\" \/>\n\t<meta property=\"og:image:type\" content=\"image\/png\" \/>\n<meta name=\"author\" content=\"apuntesdesanluis.com\" \/>\n<meta name=\"twitter:card\" content=\"summary_large_image\" \/>\n<meta name=\"twitter:label1\" content=\"Escrito por\" \/>\n\t<meta name=\"twitter:data1\" content=\"apuntesdesanluis.com\" \/>\n\t<meta name=\"twitter:label2\" content=\"Tiempo de lectura\" \/>\n\t<meta name=\"twitter:data2\" content=\"4 minutos\" \/>\n<script type=\"application\/ld+json\" class=\"yoast-schema-graph\">{\"@context\":\"https:\/\/schema.org\",\"@graph\":[{\"@type\":\"Article\",\"@id\":\"https:\/\/apuntesdesanluis.com\/index.php\/2023\/11\/26\/viaje-relampago-de-diana-mondino-a-brasil-para-distender-la-relacion-entre-milei-y-lula-da-silva\/#article\",\"isPartOf\":{\"@id\":\"https:\/\/apuntesdesanluis.com\/index.php\/2023\/11\/26\/viaje-relampago-de-diana-mondino-a-brasil-para-distender-la-relacion-entre-milei-y-lula-da-silva\/\"},\"author\":{\"name\":\"apuntesdesanluis.com\",\"@id\":\"https:\/\/apuntesdesanluis.com\/#\/schema\/person\/b55151d52296fcce64d1a72538a70b90\"},\"headline\":\"VIAJE REL\u00c1MPAGO DE DIANA MONDINO A BRASIL PARA DISTENDER LA RELACI\u00d3N ENTRE MILEI Y LULA DA SILVA\",\"datePublished\":\"2023-11-26T22:16:10+00:00\",\"mainEntityOfPage\":{\"@id\":\"https:\/\/apuntesdesanluis.com\/index.php\/2023\/11\/26\/viaje-relampago-de-diana-mondino-a-brasil-para-distender-la-relacion-entre-milei-y-lula-da-silva\/\"},\"wordCount\":773,\"publisher\":{\"@id\":\"https:\/\/apuntesdesanluis.com\/#\/schema\/person\/b55151d52296fcce64d1a72538a70b90\"},\"image\":{\"@id\":\"https:\/\/apuntesdesanluis.com\/index.php\/2023\/11\/26\/viaje-relampago-de-diana-mondino-a-brasil-para-distender-la-relacion-entre-milei-y-lula-da-silva\/#primaryimage\"},\"thumbnailUrl\":\"https:\/\/apuntesdesanluis.com\/wp-content\/uploads\/2023\/11\/cancilleres.png\",\"articleSection\":[\"Nacionales\/Internacionales\"],\"inLanguage\":\"es-AR\"},{\"@type\":\"WebPage\",\"@id\":\"https:\/\/apuntesdesanluis.com\/index.php\/2023\/11\/26\/viaje-relampago-de-diana-mondino-a-brasil-para-distender-la-relacion-entre-milei-y-lula-da-silva\/\",\"url\":\"https:\/\/apuntesdesanluis.com\/index.php\/2023\/11\/26\/viaje-relampago-de-diana-mondino-a-brasil-para-distender-la-relacion-entre-milei-y-lula-da-silva\/\",\"name\":\"VIAJE REL\u00c1MPAGO DE DIANA MONDINO A BRASIL PARA DISTENDER LA RELACI\u00d3N ENTRE MILEI Y LULA DA SILVA - Apuntes de San Luis\",\"isPartOf\":{\"@id\":\"https:\/\/apuntesdesanluis.com\/#website\"},\"primaryImageOfPage\":{\"@id\":\"https:\/\/apuntesdesanluis.com\/index.php\/2023\/11\/26\/viaje-relampago-de-diana-mondino-a-brasil-para-distender-la-relacion-entre-milei-y-lula-da-silva\/#primaryimage\"},\"image\":{\"@id\":\"https:\/\/apuntesdesanluis.com\/index.php\/2023\/11\/26\/viaje-relampago-de-diana-mondino-a-brasil-para-distender-la-relacion-entre-milei-y-lula-da-silva\/#primaryimage\"},\"thumbnailUrl\":\"https:\/\/apuntesdesanluis.com\/wp-content\/uploads\/2023\/11\/cancilleres.png\",\"datePublished\":\"2023-11-26T22:16:10+00:00\",\"breadcrumb\":{\"@id\":\"https:\/\/apuntesdesanluis.com\/index.php\/2023\/11\/26\/viaje-relampago-de-diana-mondino-a-brasil-para-distender-la-relacion-entre-milei-y-lula-da-silva\/#breadcrumb\"},\"inLanguage\":\"es-AR\",\"potentialAction\":[{\"@type\":\"ReadAction\",\"target\":[\"https:\/\/apuntesdesanluis.com\/index.php\/2023\/11\/26\/viaje-relampago-de-diana-mondino-a-brasil-para-distender-la-relacion-entre-milei-y-lula-da-silva\/\"]}]},{\"@type\":\"ImageObject\",\"inLanguage\":\"es-AR\",\"@id\":\"https:\/\/apuntesdesanluis.com\/index.php\/2023\/11\/26\/viaje-relampago-de-diana-mondino-a-brasil-para-distender-la-relacion-entre-milei-y-lula-da-silva\/#primaryimage\",\"url\":\"https:\/\/apuntesdesanluis.com\/wp-content\/uploads\/2023\/11\/cancilleres.png\",\"contentUrl\":\"https:\/\/apuntesdesanluis.com\/wp-content\/uploads\/2023\/11\/cancilleres.png\",\"width\":851,\"height\":519},{\"@type\":\"BreadcrumbList\",\"@id\":\"https:\/\/apuntesdesanluis.com\/index.php\/2023\/11\/26\/viaje-relampago-de-diana-mondino-a-brasil-para-distender-la-relacion-entre-milei-y-lula-da-silva\/#breadcrumb\",\"itemListElement\":[{\"@type\":\"ListItem\",\"position\":1,\"name\":\"Inicio\",\"item\":\"https:\/\/apuntesdesanluis.com\/\"},{\"@type\":\"ListItem\",\"position\":2,\"name\":\"VIAJE REL\u00c1MPAGO DE DIANA MONDINO A BRASIL PARA DISTENDER LA RELACI\u00d3N ENTRE MILEI Y LULA DA SILVA\"}]},{\"@type\":\"WebSite\",\"@id\":\"https:\/\/apuntesdesanluis.com\/#website\",\"url\":\"https:\/\/apuntesdesanluis.com\/\",\"name\":\"Apuntes de San Luis\",\"description\":\"\",\"publisher\":{\"@id\":\"https:\/\/apuntesdesanluis.com\/#\/schema\/person\/b55151d52296fcce64d1a72538a70b90\"},\"potentialAction\":[{\"@type\":\"SearchAction\",\"target\":{\"@type\":\"EntryPoint\",\"urlTemplate\":\"https:\/\/apuntesdesanluis.com\/?s={search_term_string}\"},\"query-input\":{\"@type\":\"PropertyValueSpecification\",\"valueRequired\":true,\"valueName\":\"search_term_string\"}}],\"inLanguage\":\"es-AR\"},{\"@type\":[\"Person\",\"Organization\"],\"@id\":\"https:\/\/apuntesdesanluis.com\/#\/schema\/person\/b55151d52296fcce64d1a72538a70b90\",\"name\":\"apuntesdesanluis.com\",\"image\":{\"@type\":\"ImageObject\",\"inLanguage\":\"es-AR\",\"@id\":\"https:\/\/apuntesdesanluis.com\/#\/schema\/person\/image\/\",\"url\":\"https:\/\/apuntesdesanluis.com\/wp-content\/uploads\/2023\/07\/cropped-apuntesdesanluis.png\",\"contentUrl\":\"https:\/\/apuntesdesanluis.com\/wp-content\/uploads\/2023\/07\/cropped-apuntesdesanluis.png\",\"width\":450,\"height\":112,\"caption\":\"apuntesdesanluis.com\"},\"logo\":{\"@id\":\"https:\/\/apuntesdesanluis.com\/#\/schema\/person\/image\/\"},\"sameAs\":[\"https:\/\/apuntesdesanluis.com\"],\"url\":\"https:\/\/apuntesdesanluis.com\/index.php\/author\/apuntesdesanluis-com\/\"}]}<\/script>\n<!-- \/ Yoast SEO plugin. -->","yoast_head_json":{"title":"VIAJE REL\u00c1MPAGO DE DIANA MONDINO A BRASIL PARA DISTENDER LA RELACI\u00d3N ENTRE MILEI Y LULA DA SILVA - Apuntes de San Luis","robots":{"index":"index","follow":"follow","max-snippet":"max-snippet:-1","max-image-preview":"max-image-preview:large","max-video-preview":"max-video-preview:-1"},"canonical":"https:\/\/apuntesdesanluis.com\/index.php\/2023\/11\/26\/viaje-relampago-de-diana-mondino-a-brasil-para-distender-la-relacion-entre-milei-y-lula-da-silva\/","og_locale":"es_ES","og_type":"article","og_title":"VIAJE REL\u00c1MPAGO DE DIANA MONDINO A BRASIL PARA DISTENDER LA RELACI\u00d3N ENTRE MILEI Y LULA DA SILVA - Apuntes de San Luis","og_description":"Fue el embajador Daniel Scioli quien inici\u00f3 la gesti\u00f3n y le propuso el encuentro a...","og_url":"https:\/\/apuntesdesanluis.com\/index.php\/2023\/11\/26\/viaje-relampago-de-diana-mondino-a-brasil-para-distender-la-relacion-entre-milei-y-lula-da-silva\/","og_site_name":"Apuntes de San Luis","article_published_time":"2023-11-26T22:16:10+00:00","og_image":[{"width":851,"height":519,"url":"https:\/\/apuntesdesanluis.com\/wp-content\/uploads\/2023\/11\/cancilleres.png","type":"image\/png"}],"author":"apuntesdesanluis.com","twitter_card":"summary_large_image","twitter_misc":{"Escrito por":"apuntesdesanluis.com","Tiempo de lectura":"4 minutos"},"schema":{"@context":"https:\/\/schema.org","@graph":[{"@type":"Article","@id":"https:\/\/apuntesdesanluis.com\/index.php\/2023\/11\/26\/viaje-relampago-de-diana-mondino-a-brasil-para-distender-la-relacion-entre-milei-y-lula-da-silva\/#article","isPartOf":{"@id":"https:\/\/apuntesdesanluis.com\/index.php\/2023\/11\/26\/viaje-relampago-de-diana-mondino-a-brasil-para-distender-la-relacion-entre-milei-y-lula-da-silva\/"},"author":{"name":"apuntesdesanluis.com","@id":"https:\/\/apuntesdesanluis.com\/#\/schema\/person\/b55151d52296fcce64d1a72538a70b90"},"headline":"VIAJE REL\u00c1MPAGO DE DIANA MONDINO A BRASIL PARA DISTENDER LA RELACI\u00d3N ENTRE MILEI Y LULA DA SILVA","datePublished":"2023-11-26T22:16:10+00:00","mainEntityOfPage":{"@id":"https:\/\/apuntesdesanluis.com\/index.php\/2023\/11\/26\/viaje-relampago-de-diana-mondino-a-brasil-para-distender-la-relacion-entre-milei-y-lula-da-silva\/"},"wordCount":773,"publisher":{"@id":"https:\/\/apuntesdesanluis.com\/#\/schema\/person\/b55151d52296fcce64d1a72538a70b90"},"image":{"@id":"https:\/\/apuntesdesanluis.com\/index.php\/2023\/11\/26\/viaje-relampago-de-diana-mondino-a-brasil-para-distender-la-relacion-entre-milei-y-lula-da-silva\/#primaryimage"},"thumbnailUrl":"https:\/\/apuntesdesanluis.com\/wp-content\/uploads\/2023\/11\/cancilleres.png","articleSection":["Nacionales\/Internacionales"],"inLanguage":"es-AR"},{"@type":"WebPage","@id":"https:\/\/apuntesdesanluis.com\/index.php\/2023\/11\/26\/viaje-relampago-de-diana-mondino-a-brasil-para-distender-la-relacion-entre-milei-y-lula-da-silva\/","url":"https:\/\/apuntesdesanluis.com\/index.php\/2023\/11\/26\/viaje-relampago-de-diana-mondino-a-brasil-para-distender-la-relacion-entre-milei-y-lula-da-silva\/","name":"VIAJE REL\u00c1MPAGO DE DIANA MONDINO A BRASIL PARA DISTENDER LA RELACI\u00d3N ENTRE MILEI Y LULA DA SILVA - Apuntes de San Luis","isPartOf":{"@id":"https:\/\/apuntesdesanluis.com\/#website"},"primaryImageOfPage":{"@id":"https:\/\/apuntesdesanluis.com\/index.php\/2023\/11\/26\/viaje-relampago-de-diana-mondino-a-brasil-para-distender-la-relacion-entre-milei-y-lula-da-silva\/#primaryimage"},"image":{"@id":"https:\/\/apuntesdesanluis.com\/index.php\/2023\/11\/26\/viaje-relampago-de-diana-mondino-a-brasil-para-distender-la-relacion-entre-milei-y-lula-da-silva\/#primaryimage"},"thumbnailUrl":"https:\/\/apuntesdesanluis.com\/wp-content\/uploads\/2023\/11\/cancilleres.png","datePublished":"2023-11-26T22:16:10+00:00","breadcrumb":{"@id":"https:\/\/apuntesdesanluis.com\/index.php\/2023\/11\/26\/viaje-relampago-de-diana-mondino-a-brasil-para-distender-la-relacion-entre-milei-y-lula-da-silva\/#breadcrumb"},"inLanguage":"es-AR","potentialAction":[{"@type":"ReadAction","target":["https:\/\/apuntesdesanluis.com\/index.php\/2023\/11\/26\/viaje-relampago-de-diana-mondino-a-brasil-para-distender-la-relacion-entre-milei-y-lula-da-silva\/"]}]},{"@type":"ImageObject","inLanguage":"es-AR","@id":"https:\/\/apuntesdesanluis.com\/index.php\/2023\/11\/26\/viaje-relampago-de-diana-mondino-a-brasil-para-distender-la-relacion-entre-milei-y-lula-da-silva\/#primaryimage","url":"https:\/\/apuntesdesanluis.com\/wp-content\/uploads\/2023\/11\/cancilleres.png","contentUrl":"https:\/\/apuntesdesanluis.com\/wp-content\/uploads\/2023\/11\/cancilleres.png","width":851,"height":519},{"@type":"BreadcrumbList","@id":"https:\/\/apuntesdesanluis.com\/index.php\/2023\/11\/26\/viaje-relampago-de-diana-mondino-a-brasil-para-distender-la-relacion-entre-milei-y-lula-da-silva\/#breadcrumb","itemListElement":[{"@type":"ListItem","position":1,"name":"Inicio","item":"https:\/\/apuntesdesanluis.com\/"},{"@type":"ListItem","position":2,"name":"VIAJE REL\u00c1MPAGO DE DIANA MONDINO A BRASIL PARA DISTENDER LA RELACI\u00d3N ENTRE MILEI Y LULA DA SILVA"}]},{"@type":"WebSite","@id":"https:\/\/apuntesdesanluis.com\/#website","url":"https:\/\/apuntesdesanluis.com\/","name":"Apuntes de San Luis","description":"","publisher":{"@id":"https:\/\/apuntesdesanluis.com\/#\/schema\/person\/b55151d52296fcce64d1a72538a70b90"},"potentialAction":[{"@type":"SearchAction","target":{"@type":"EntryPoint","urlTemplate":"https:\/\/apuntesdesanluis.com\/?s={search_term_string}"},"query-input":{"@type":"PropertyValueSpecification","valueRequired":true,"valueName":"search_term_string"}}],"inLanguage":"es-AR"},{"@type":["Person","Organization"],"@id":"https:\/\/apuntesdesanluis.com\/#\/schema\/person\/b55151d52296fcce64d1a72538a70b90","name":"apuntesdesanluis.com","image":{"@type":"ImageObject","inLanguage":"es-AR","@id":"https:\/\/apuntesdesanluis.com\/#\/schema\/person\/image\/","url":"https:\/\/apuntesdesanluis.com\/wp-content\/uploads\/2023\/07\/cropped-apuntesdesanluis.png","contentUrl":"https:\/\/apuntesdesanluis.com\/wp-content\/uploads\/2023\/07\/cropped-apuntesdesanluis.png","width":450,"height":112,"caption":"apuntesdesanluis.com"},"logo":{"@id":"https:\/\/apuntesdesanluis.com\/#\/schema\/person\/image\/"},"sameAs":["https:\/\/apuntesdesanluis.com"],"url":"https:\/\/apuntesdesanluis.com\/index.php\/author\/apuntesdesanluis-com\/"}]}},"featured_image_urls":{"full":["https:\/\/apuntesdesanluis.com\/wp-content\/uploads\/2023\/11\/cancilleres.png",851,519,false],"thumbnail":["https:\/\/apuntesdesanluis.com\/wp-content\/uploads\/2023\/11\/cancilleres-150x150.png",150,150,true],"medium":["https:\/\/apuntesdesanluis.com\/wp-content\/uploads\/2023\/11\/cancilleres-300x183.png",300,183,true],"medium_large":["https:\/\/apuntesdesanluis.com\/wp-content\/uploads\/2023\/11\/cancilleres-768x468.png",640,390,true],"large":["https:\/\/apuntesdesanluis.com\/wp-content\/uploads\/2023\/11\/cancilleres.png",640,390,false],"1536x1536":["https:\/\/apuntesdesanluis.com\/wp-content\/uploads\/2023\/11\/cancilleres.png",851,519,false],"2048x2048":["https:\/\/apuntesdesanluis.com\/wp-content\/uploads\/2023\/11\/cancilleres.png",851,519,false],"newsever-slider-full":["https:\/\/apuntesdesanluis.com\/wp-content\/uploads\/2023\/11\/cancilleres.png",851,519,false],"newsever-featured":["https:\/\/apuntesdesanluis.com\/wp-content\/uploads\/2023\/11\/cancilleres.png",851,519,false],"newsever-medium":["https:\/\/apuntesdesanluis.com\/wp-content\/uploads\/2023\/11\/cancilleres-720x475.png",720,475,true]},"author_info":{"display_name":"apuntesdesanluis.com","author_link":"https:\/\/apuntesdesanluis.com\/index.php\/author\/apuntesdesanluis-com\/"},"category_info":"<a href=\"https:\/\/apuntesdesanluis.com\/index.php\/category\/nacionales-internacionales\/\" rel=\"category tag\">Nacionales\/Internacionales<\/a>","tag_info":"Nacionales\/Internacionales","comment_count":"0","_links":{"self":[{"href":"https:\/\/apuntesdesanluis.com\/index.php\/wp-json\/wp\/v2\/posts\/7388","targetHints":{"allow":["GET"]}}],"collection":[{"href":"https:\/\/apuntesdesanluis.com\/index.php\/wp-json\/wp\/v2\/posts"}],"about":[{"href":"https:\/\/apuntesdesanluis.com\/index.php\/wp-json\/wp\/v2\/types\/post"}],"author":[{"embeddable":true,"href":"https:\/\/apuntesdesanluis.com\/index.php\/wp-json\/wp\/v2\/users\/1"}],"replies":[{"embeddable":true,"href":"https:\/\/apuntesdesanluis.com\/index.php\/wp-json\/wp\/v2\/comments?post=7388"}],"version-history":[{"count":1,"href":"https:\/\/apuntesdesanluis.com\/index.php\/wp-json\/wp\/v2\/posts\/7388\/revisions"}],"predecessor-version":[{"id":7391,"href":"https:\/\/apuntesdesanluis.com\/index.php\/wp-json\/wp\/v2\/posts\/7388\/revisions\/7391"}],"wp:featuredmedia":[{"embeddable":true,"href":"https:\/\/apuntesdesanluis.com\/index.php\/wp-json\/wp\/v2\/media\/7389"}],"wp:attachment":[{"href":"https:\/\/apuntesdesanluis.com\/index.php\/wp-json\/wp\/v2\/media?parent=7388"}],"wp:term":[{"taxonomy":"category","embeddable":true,"href":"https:\/\/apuntesdesanluis.com\/index.php\/wp-json\/wp\/v2\/categories?post=7388"},{"taxonomy":"post_tag","embeddable":true,"href":"https:\/\/apuntesdesanluis.com\/index.php\/wp-json\/wp\/v2\/tags?post=7388"}],"curies":[{"name":"wp","href":"https:\/\/api.w.org\/{rel}","templated":true}]}}