{"id":7398,"date":"2023-11-25T19:31:18","date_gmt":"2023-11-25T22:31:18","guid":{"rendered":"https:\/\/apuntesdesanluis.com\/?p=7398"},"modified":"2023-11-26T19:32:10","modified_gmt":"2023-11-26T22:32:10","slug":"una-diputada-saltena-asumio-a-su-banca-con-un-vestido-de-novia-hoy-me-caso-con-la-gente","status":"publish","type":"post","link":"https:\/\/apuntesdesanluis.com\/index.php\/2023\/11\/25\/una-diputada-saltena-asumio-a-su-banca-con-un-vestido-de-novia-hoy-me-caso-con-la-gente\/","title":{"rendered":"UNA DIPUTADA SALTE\u00d1A ASUMI\u00d3 A SU BANCA CON UN VESTIDO DE NOVIA: \u201cHOY ME CASO CON LA GENTE\u201d"},"content":{"rendered":"<h3>Una diputada salte\u00f1a protagoniz\u00f3 un ins\u00f3lito momento el viernes, cuando jur\u00f3 para asumir a su banca en la legislatura local, donde asisti\u00f3 con un vestido de novia. \u201cHoy me caso con la gente\u201d, expres\u00f3 con l\u00e1grimas en los ojos.<\/h3>\n<h3>Se trata de <strong>Griselda Galleguillos<\/strong>, quien se desempe\u00f1\u00f3 anteriormente como concejal del departamento de Rosario de Lerma. &#8220;Esto es un s\u00edmbolo profundo de compromiso con mi comunidad&#8221;, mencion\u00f3.<\/h3>\n<h3>La nueva legisladora provincial hizo una dedicatoria especial por su vestimenta: &#8220;Cuando inici\u00e9 mi carrera pol\u00edtica hace 10 a\u00f1os hubo un se\u00f1or de mi pueblo, Don Flores, que me visitaba seguido para apoyarme y darme fuerza&#8221;.<\/h3>\n<h3>&#8220;Me dec\u00eda que cuando llegara a diputada me ponga el vestido de novia y el anillo porque eso simbolizar\u00eda el compromiso con la ciudad y la provincia&#8221;, remarc\u00f3 este viernes ante la prensa.<\/h3>\n<h3>&#8220;Hoy \u00e9l no est\u00e1 aqu\u00ed, se lo llev\u00f3 la pandemia. En nombre de Don Flores y de todas las personas que ya no est\u00e1n con nosotros, tengo el compromiso de casarme con ustedes, de cuidarlos, de protegerlos durante mi gesti\u00f3n\u201d, finaliz\u00f3.<\/h3>\n<h3>La electa diputada reconoci\u00f3 que apoya al espacio de\u00a0<strong>Ahora Patria<\/strong>, devenido en La Libertad Avanza del electo presidente Javier Milei, y dentro de la C\u00e1mara \u2013cuya composici\u00f3n es por dem\u00e1s favorable al gobernador, Gustavo S\u00e1enz- apuntar\u00e1, adem\u00e1s de \u201cdesenmascarar\u201d al poder, a \u00a0hacer m\u00e1s eficiente la gesti\u00f3n del mandatario provincial.<\/h3>\n<h3>Galleguillos, durante la campa\u00f1a, tambi\u00e9n protagoniz\u00f3 otro ins\u00f3lito momento. Entonces, reversion\u00f3 el hit de Shakira y Bizarrap para criticar al gobernador Gustavo S\u00e1enz.<\/h3>\n<p><iframe title=\"\ud83c\udfa4 El ins\u00f3lito spot de una candidata a diputada con el hit de Shakira y Bizarrap\" width=\"640\" height=\"360\" src=\"https:\/\/www.youtube.com\/embed\/F_1YGWin-cs?feature=oembed\" frameborder=\"0\" allow=\"accelerometer; autoplay; clipboard-write; encrypted-media; gyroscope; picture-in-picture; web-share\" referrerpolicy=\"strict-origin-when-cross-origin\" allowfullscreen><\/iframe><\/p>\n<h3>&#8220;Lleg\u00f3 el tiempo de elecci\u00f3n. \u00c9l compra voto, quiere ir por la reelecci\u00f3n. Tanto que te la das de cantor, cuando cantas Rosa Rosa es la peor versi\u00f3n\u201d, comenz\u00f3.<\/h3>\n<h3>\u201cSorry, gober, hace rato, me di cuenta que usted es un gato. Ya cans\u00f3 con tanto teatro y verso barato. Nuestra gente buena no est\u00e1 pa chantas como t\u00fa uh uh uh uh&#8221;, sum\u00f3.<\/h3>\n<h3>Y cerr\u00f3: &#8220;El cargo te qued\u00f3 grande, por eso est\u00e1s con candidatos como t\u00fa uh uh uh uh&#8221;.<\/h3>\n<h3>En 2011, cuando lanz\u00f3 su precandidatura como senadora provincial, hab\u00eda lanzado otro spot bizarro, por lo que tiene antecedentes de este tipo de apariciones que llaman la atenci\u00f3n.<\/h3>\n<p><iframe title=\"EL BIZARRO SPOT DE UNA PRECANDIDATA A SENADORA SALTE\u00d1A DE OLMEDO.\" width=\"640\" height=\"360\" src=\"https:\/\/www.youtube.com\/embed\/PLGU0sSvKxs?feature=oembed\" frameborder=\"0\" allow=\"accelerometer; autoplay; clipboard-write; encrypted-media; gyroscope; picture-in-picture; web-share\" referrerpolicy=\"strict-origin-when-cross-origin\" allowfullscreen><\/iframe><\/p>\n<h3><\/h3>\n<h3><\/h3>\n<h3><\/h3>\n<p>&nbsp;<\/p>\n","protected":false},"excerpt":{"rendered":"<p>Una diputada salte\u00f1a protagoniz\u00f3 un ins\u00f3lito momento el viernes, cuando jur\u00f3 para asumir a su&#8230;<\/p>\n","protected":false},"author":1,"featured_media":7399,"comment_status":"closed","ping_status":"closed","sticky":false,"template":"","format":"standard","meta":{"footnotes":""},"categories":[5],"tags":[],"class_list":["post-7398","post","type-post","status-publish","format-standard","has-post-thumbnail","hentry","category-nacionales-internacionales"],"yoast_head":"<!-- This site is optimized with the Yoast SEO plugin v26.1.1 - https:\/\/yoast.com\/wordpress\/plugins\/seo\/ -->\n<title>UNA DIPUTADA SALTE\u00d1A ASUMI\u00d3 A SU BANCA CON UN VESTIDO DE NOVIA: \u201cHOY ME CASO CON LA GENTE\u201d - Apuntes de San Luis<\/title>\n<meta name=\"robots\" content=\"index, follow, max-snippet:-1, max-image-preview:large, max-video-preview:-1\" \/>\n<link rel=\"canonical\" href=\"https:\/\/apuntesdesanluis.com\/index.php\/2023\/11\/25\/una-diputada-saltena-asumio-a-su-banca-con-un-vestido-de-novia-hoy-me-caso-con-la-gente\/\" \/>\n<meta property=\"og:locale\" content=\"es_ES\" \/>\n<meta property=\"og:type\" content=\"article\" \/>\n<meta property=\"og:title\" content=\"UNA DIPUTADA SALTE\u00d1A ASUMI\u00d3 A SU BANCA CON UN VESTIDO DE NOVIA: \u201cHOY ME CASO CON LA GENTE\u201d - Apuntes de San Luis\" \/>\n<meta property=\"og:description\" content=\"Una diputada salte\u00f1a protagoniz\u00f3 un ins\u00f3lito momento el viernes, cuando jur\u00f3 para asumir a su...\" \/>\n<meta property=\"og:url\" content=\"https:\/\/apuntesdesanluis.com\/index.php\/2023\/11\/25\/una-diputada-saltena-asumio-a-su-banca-con-un-vestido-de-novia-hoy-me-caso-con-la-gente\/\" \/>\n<meta property=\"og:site_name\" content=\"Apuntes de San Luis\" \/>\n<meta property=\"article:published_time\" content=\"2023-11-25T22:31:18+00:00\" \/>\n<meta property=\"article:modified_time\" content=\"2023-11-26T22:32:10+00:00\" \/>\n<meta property=\"og:image\" content=\"https:\/\/apuntesdesanluis.com\/wp-content\/uploads\/2023\/11\/GISELDA.png\" \/>\n\t<meta property=\"og:image:width\" content=\"714\" \/>\n\t<meta property=\"og:image:height\" content=\"427\" \/>\n\t<meta property=\"og:image:type\" content=\"image\/png\" \/>\n<meta name=\"author\" content=\"apuntesdesanluis.com\" \/>\n<meta name=\"twitter:card\" content=\"summary_large_image\" \/>\n<meta name=\"twitter:label1\" content=\"Escrito por\" \/>\n\t<meta name=\"twitter:data1\" content=\"apuntesdesanluis.com\" \/>\n\t<meta name=\"twitter:label2\" content=\"Tiempo de lectura\" \/>\n\t<meta name=\"twitter:data2\" content=\"2 minutos\" \/>\n<script type=\"application\/ld+json\" class=\"yoast-schema-graph\">{\"@context\":\"https:\/\/schema.org\",\"@graph\":[{\"@type\":\"Article\",\"@id\":\"https:\/\/apuntesdesanluis.com\/index.php\/2023\/11\/25\/una-diputada-saltena-asumio-a-su-banca-con-un-vestido-de-novia-hoy-me-caso-con-la-gente\/#article\",\"isPartOf\":{\"@id\":\"https:\/\/apuntesdesanluis.com\/index.php\/2023\/11\/25\/una-diputada-saltena-asumio-a-su-banca-con-un-vestido-de-novia-hoy-me-caso-con-la-gente\/\"},\"author\":{\"name\":\"apuntesdesanluis.com\",\"@id\":\"https:\/\/apuntesdesanluis.com\/#\/schema\/person\/b55151d52296fcce64d1a72538a70b90\"},\"headline\":\"UNA DIPUTADA SALTE\u00d1A ASUMI\u00d3 A SU BANCA CON UN VESTIDO DE NOVIA: \u201cHOY ME CASO CON LA GENTE\u201d\",\"datePublished\":\"2023-11-25T22:31:18+00:00\",\"dateModified\":\"2023-11-26T22:32:10+00:00\",\"mainEntityOfPage\":{\"@id\":\"https:\/\/apuntesdesanluis.com\/index.php\/2023\/11\/25\/una-diputada-saltena-asumio-a-su-banca-con-un-vestido-de-novia-hoy-me-caso-con-la-gente\/\"},\"wordCount\":426,\"publisher\":{\"@id\":\"https:\/\/apuntesdesanluis.com\/#\/schema\/person\/b55151d52296fcce64d1a72538a70b90\"},\"image\":{\"@id\":\"https:\/\/apuntesdesanluis.com\/index.php\/2023\/11\/25\/una-diputada-saltena-asumio-a-su-banca-con-un-vestido-de-novia-hoy-me-caso-con-la-gente\/#primaryimage\"},\"thumbnailUrl\":\"https:\/\/apuntesdesanluis.com\/wp-content\/uploads\/2023\/11\/GISELDA.png\",\"articleSection\":[\"Nacionales\/Internacionales\"],\"inLanguage\":\"es-AR\"},{\"@type\":\"WebPage\",\"@id\":\"https:\/\/apuntesdesanluis.com\/index.php\/2023\/11\/25\/una-diputada-saltena-asumio-a-su-banca-con-un-vestido-de-novia-hoy-me-caso-con-la-gente\/\",\"url\":\"https:\/\/apuntesdesanluis.com\/index.php\/2023\/11\/25\/una-diputada-saltena-asumio-a-su-banca-con-un-vestido-de-novia-hoy-me-caso-con-la-gente\/\",\"name\":\"UNA DIPUTADA SALTE\u00d1A ASUMI\u00d3 A SU BANCA CON UN VESTIDO DE NOVIA: \u201cHOY ME CASO CON LA GENTE\u201d - Apuntes de San Luis\",\"isPartOf\":{\"@id\":\"https:\/\/apuntesdesanluis.com\/#website\"},\"primaryImageOfPage\":{\"@id\":\"https:\/\/apuntesdesanluis.com\/index.php\/2023\/11\/25\/una-diputada-saltena-asumio-a-su-banca-con-un-vestido-de-novia-hoy-me-caso-con-la-gente\/#primaryimage\"},\"image\":{\"@id\":\"https:\/\/apuntesdesanluis.com\/index.php\/2023\/11\/25\/una-diputada-saltena-asumio-a-su-banca-con-un-vestido-de-novia-hoy-me-caso-con-la-gente\/#primaryimage\"},\"thumbnailUrl\":\"https:\/\/apuntesdesanluis.com\/wp-content\/uploads\/2023\/11\/GISELDA.png\",\"datePublished\":\"2023-11-25T22:31:18+00:00\",\"dateModified\":\"2023-11-26T22:32:10+00:00\",\"breadcrumb\":{\"@id\":\"https:\/\/apuntesdesanluis.com\/index.php\/2023\/11\/25\/una-diputada-saltena-asumio-a-su-banca-con-un-vestido-de-novia-hoy-me-caso-con-la-gente\/#breadcrumb\"},\"inLanguage\":\"es-AR\",\"potentialAction\":[{\"@type\":\"ReadAction\",\"target\":[\"https:\/\/apuntesdesanluis.com\/index.php\/2023\/11\/25\/una-diputada-saltena-asumio-a-su-banca-con-un-vestido-de-novia-hoy-me-caso-con-la-gente\/\"]}]},{\"@type\":\"ImageObject\",\"inLanguage\":\"es-AR\",\"@id\":\"https:\/\/apuntesdesanluis.com\/index.php\/2023\/11\/25\/una-diputada-saltena-asumio-a-su-banca-con-un-vestido-de-novia-hoy-me-caso-con-la-gente\/#primaryimage\",\"url\":\"https:\/\/apuntesdesanluis.com\/wp-content\/uploads\/2023\/11\/GISELDA.png\",\"contentUrl\":\"https:\/\/apuntesdesanluis.com\/wp-content\/uploads\/2023\/11\/GISELDA.png\",\"width\":714,\"height\":427},{\"@type\":\"BreadcrumbList\",\"@id\":\"https:\/\/apuntesdesanluis.com\/index.php\/2023\/11\/25\/una-diputada-saltena-asumio-a-su-banca-con-un-vestido-de-novia-hoy-me-caso-con-la-gente\/#breadcrumb\",\"itemListElement\":[{\"@type\":\"ListItem\",\"position\":1,\"name\":\"Inicio\",\"item\":\"https:\/\/apuntesdesanluis.com\/\"},{\"@type\":\"ListItem\",\"position\":2,\"name\":\"UNA DIPUTADA SALTE\u00d1A ASUMI\u00d3 A SU BANCA CON UN VESTIDO DE NOVIA: \u201cHOY ME CASO CON LA GENTE\u201d\"}]},{\"@type\":\"WebSite\",\"@id\":\"https:\/\/apuntesdesanluis.com\/#website\",\"url\":\"https:\/\/apuntesdesanluis.com\/\",\"name\":\"Apuntes de San Luis\",\"description\":\"\",\"publisher\":{\"@id\":\"https:\/\/apuntesdesanluis.com\/#\/schema\/person\/b55151d52296fcce64d1a72538a70b90\"},\"potentialAction\":[{\"@type\":\"SearchAction\",\"target\":{\"@type\":\"EntryPoint\",\"urlTemplate\":\"https:\/\/apuntesdesanluis.com\/?s={search_term_string}\"},\"query-input\":{\"@type\":\"PropertyValueSpecification\",\"valueRequired\":true,\"valueName\":\"search_term_string\"}}],\"inLanguage\":\"es-AR\"},{\"@type\":[\"Person\",\"Organization\"],\"@id\":\"https:\/\/apuntesdesanluis.com\/#\/schema\/person\/b55151d52296fcce64d1a72538a70b90\",\"name\":\"apuntesdesanluis.com\",\"image\":{\"@type\":\"ImageObject\",\"inLanguage\":\"es-AR\",\"@id\":\"https:\/\/apuntesdesanluis.com\/#\/schema\/person\/image\/\",\"url\":\"https:\/\/apuntesdesanluis.com\/wp-content\/uploads\/2023\/07\/cropped-apuntesdesanluis.png\",\"contentUrl\":\"https:\/\/apuntesdesanluis.com\/wp-content\/uploads\/2023\/07\/cropped-apuntesdesanluis.png\",\"width\":450,\"height\":112,\"caption\":\"apuntesdesanluis.com\"},\"logo\":{\"@id\":\"https:\/\/apuntesdesanluis.com\/#\/schema\/person\/image\/\"},\"sameAs\":[\"https:\/\/apuntesdesanluis.com\"],\"url\":\"https:\/\/apuntesdesanluis.com\/index.php\/author\/apuntesdesanluis-com\/\"}]}<\/script>\n<!-- \/ Yoast SEO plugin. -->","yoast_head_json":{"title":"UNA DIPUTADA SALTE\u00d1A ASUMI\u00d3 A SU BANCA CON UN VESTIDO DE NOVIA: \u201cHOY ME CASO CON LA GENTE\u201d - Apuntes de San Luis","robots":{"index":"index","follow":"follow","max-snippet":"max-snippet:-1","max-image-preview":"max-image-preview:large","max-video-preview":"max-video-preview:-1"},"canonical":"https:\/\/apuntesdesanluis.com\/index.php\/2023\/11\/25\/una-diputada-saltena-asumio-a-su-banca-con-un-vestido-de-novia-hoy-me-caso-con-la-gente\/","og_locale":"es_ES","og_type":"article","og_title":"UNA DIPUTADA SALTE\u00d1A ASUMI\u00d3 A SU BANCA CON UN VESTIDO DE NOVIA: \u201cHOY ME CASO CON LA GENTE\u201d - Apuntes de San Luis","og_description":"Una diputada salte\u00f1a protagoniz\u00f3 un ins\u00f3lito momento el viernes, cuando jur\u00f3 para asumir a su...","og_url":"https:\/\/apuntesdesanluis.com\/index.php\/2023\/11\/25\/una-diputada-saltena-asumio-a-su-banca-con-un-vestido-de-novia-hoy-me-caso-con-la-gente\/","og_site_name":"Apuntes de San Luis","article_published_time":"2023-11-25T22:31:18+00:00","article_modified_time":"2023-11-26T22:32:10+00:00","og_image":[{"width":714,"height":427,"url":"https:\/\/apuntesdesanluis.com\/wp-content\/uploads\/2023\/11\/GISELDA.png","type":"image\/png"}],"author":"apuntesdesanluis.com","twitter_card":"summary_large_image","twitter_misc":{"Escrito por":"apuntesdesanluis.com","Tiempo de lectura":"2 minutos"},"schema":{"@context":"https:\/\/schema.org","@graph":[{"@type":"Article","@id":"https:\/\/apuntesdesanluis.com\/index.php\/2023\/11\/25\/una-diputada-saltena-asumio-a-su-banca-con-un-vestido-de-novia-hoy-me-caso-con-la-gente\/#article","isPartOf":{"@id":"https:\/\/apuntesdesanluis.com\/index.php\/2023\/11\/25\/una-diputada-saltena-asumio-a-su-banca-con-un-vestido-de-novia-hoy-me-caso-con-la-gente\/"},"author":{"name":"apuntesdesanluis.com","@id":"https:\/\/apuntesdesanluis.com\/#\/schema\/person\/b55151d52296fcce64d1a72538a70b90"},"headline":"UNA DIPUTADA SALTE\u00d1A ASUMI\u00d3 A SU BANCA CON UN VESTIDO DE NOVIA: \u201cHOY ME CASO CON LA GENTE\u201d","datePublished":"2023-11-25T22:31:18+00:00","dateModified":"2023-11-26T22:32:10+00:00","mainEntityOfPage":{"@id":"https:\/\/apuntesdesanluis.com\/index.php\/2023\/11\/25\/una-diputada-saltena-asumio-a-su-banca-con-un-vestido-de-novia-hoy-me-caso-con-la-gente\/"},"wordCount":426,"publisher":{"@id":"https:\/\/apuntesdesanluis.com\/#\/schema\/person\/b55151d52296fcce64d1a72538a70b90"},"image":{"@id":"https:\/\/apuntesdesanluis.com\/index.php\/2023\/11\/25\/una-diputada-saltena-asumio-a-su-banca-con-un-vestido-de-novia-hoy-me-caso-con-la-gente\/#primaryimage"},"thumbnailUrl":"https:\/\/apuntesdesanluis.com\/wp-content\/uploads\/2023\/11\/GISELDA.png","articleSection":["Nacionales\/Internacionales"],"inLanguage":"es-AR"},{"@type":"WebPage","@id":"https:\/\/apuntesdesanluis.com\/index.php\/2023\/11\/25\/una-diputada-saltena-asumio-a-su-banca-con-un-vestido-de-novia-hoy-me-caso-con-la-gente\/","url":"https:\/\/apuntesdesanluis.com\/index.php\/2023\/11\/25\/una-diputada-saltena-asumio-a-su-banca-con-un-vestido-de-novia-hoy-me-caso-con-la-gente\/","name":"UNA DIPUTADA SALTE\u00d1A ASUMI\u00d3 A SU BANCA CON UN VESTIDO DE NOVIA: \u201cHOY ME CASO CON LA GENTE\u201d - Apuntes de San Luis","isPartOf":{"@id":"https:\/\/apuntesdesanluis.com\/#website"},"primaryImageOfPage":{"@id":"https:\/\/apuntesdesanluis.com\/index.php\/2023\/11\/25\/una-diputada-saltena-asumio-a-su-banca-con-un-vestido-de-novia-hoy-me-caso-con-la-gente\/#primaryimage"},"image":{"@id":"https:\/\/apuntesdesanluis.com\/index.php\/2023\/11\/25\/una-diputada-saltena-asumio-a-su-banca-con-un-vestido-de-novia-hoy-me-caso-con-la-gente\/#primaryimage"},"thumbnailUrl":"https:\/\/apuntesdesanluis.com\/wp-content\/uploads\/2023\/11\/GISELDA.png","datePublished":"2023-11-25T22:31:18+00:00","dateModified":"2023-11-26T22:32:10+00:00","breadcrumb":{"@id":"https:\/\/apuntesdesanluis.com\/index.php\/2023\/11\/25\/una-diputada-saltena-asumio-a-su-banca-con-un-vestido-de-novia-hoy-me-caso-con-la-gente\/#breadcrumb"},"inLanguage":"es-AR","potentialAction":[{"@type":"ReadAction","target":["https:\/\/apuntesdesanluis.com\/index.php\/2023\/11\/25\/una-diputada-saltena-asumio-a-su-banca-con-un-vestido-de-novia-hoy-me-caso-con-la-gente\/"]}]},{"@type":"ImageObject","inLanguage":"es-AR","@id":"https:\/\/apuntesdesanluis.com\/index.php\/2023\/11\/25\/una-diputada-saltena-asumio-a-su-banca-con-un-vestido-de-novia-hoy-me-caso-con-la-gente\/#primaryimage","url":"https:\/\/apuntesdesanluis.com\/wp-content\/uploads\/2023\/11\/GISELDA.png","contentUrl":"https:\/\/apuntesdesanluis.com\/wp-content\/uploads\/2023\/11\/GISELDA.png","width":714,"height":427},{"@type":"BreadcrumbList","@id":"https:\/\/apuntesdesanluis.com\/index.php\/2023\/11\/25\/una-diputada-saltena-asumio-a-su-banca-con-un-vestido-de-novia-hoy-me-caso-con-la-gente\/#breadcrumb","itemListElement":[{"@type":"ListItem","position":1,"name":"Inicio","item":"https:\/\/apuntesdesanluis.com\/"},{"@type":"ListItem","position":2,"name":"UNA DIPUTADA SALTE\u00d1A ASUMI\u00d3 A SU BANCA CON UN VESTIDO DE NOVIA: \u201cHOY ME CASO CON LA GENTE\u201d"}]},{"@type":"WebSite","@id":"https:\/\/apuntesdesanluis.com\/#website","url":"https:\/\/apuntesdesanluis.com\/","name":"Apuntes de San Luis","description":"","publisher":{"@id":"https:\/\/apuntesdesanluis.com\/#\/schema\/person\/b55151d52296fcce64d1a72538a70b90"},"potentialAction":[{"@type":"SearchAction","target":{"@type":"EntryPoint","urlTemplate":"https:\/\/apuntesdesanluis.com\/?s={search_term_string}"},"query-input":{"@type":"PropertyValueSpecification","valueRequired":true,"valueName":"search_term_string"}}],"inLanguage":"es-AR"},{"@type":["Person","Organization"],"@id":"https:\/\/apuntesdesanluis.com\/#\/schema\/person\/b55151d52296fcce64d1a72538a70b90","name":"apuntesdesanluis.com","image":{"@type":"ImageObject","inLanguage":"es-AR","@id":"https:\/\/apuntesdesanluis.com\/#\/schema\/person\/image\/","url":"https:\/\/apuntesdesanluis.com\/wp-content\/uploads\/2023\/07\/cropped-apuntesdesanluis.png","contentUrl":"https:\/\/apuntesdesanluis.com\/wp-content\/uploads\/2023\/07\/cropped-apuntesdesanluis.png","width":450,"height":112,"caption":"apuntesdesanluis.com"},"logo":{"@id":"https:\/\/apuntesdesanluis.com\/#\/schema\/person\/image\/"},"sameAs":["https:\/\/apuntesdesanluis.com"],"url":"https:\/\/apuntesdesanluis.com\/index.php\/author\/apuntesdesanluis-com\/"}]}},"featured_image_urls":{"full":["https:\/\/apuntesdesanluis.com\/wp-content\/uploads\/2023\/11\/GISELDA.png",714,427,false],"thumbnail":["https:\/\/apuntesdesanluis.com\/wp-content\/uploads\/2023\/11\/GISELDA-150x150.png",150,150,true],"medium":["https:\/\/apuntesdesanluis.com\/wp-content\/uploads\/2023\/11\/GISELDA-300x179.png",300,179,true],"medium_large":["https:\/\/apuntesdesanluis.com\/wp-content\/uploads\/2023\/11\/GISELDA.png",640,383,false],"large":["https:\/\/apuntesdesanluis.com\/wp-content\/uploads\/2023\/11\/GISELDA.png",640,383,false],"1536x1536":["https:\/\/apuntesdesanluis.com\/wp-content\/uploads\/2023\/11\/GISELDA.png",714,427,false],"2048x2048":["https:\/\/apuntesdesanluis.com\/wp-content\/uploads\/2023\/11\/GISELDA.png",714,427,false],"newsever-slider-full":["https:\/\/apuntesdesanluis.com\/wp-content\/uploads\/2023\/11\/GISELDA.png",714,427,false],"newsever-featured":["https:\/\/apuntesdesanluis.com\/wp-content\/uploads\/2023\/11\/GISELDA.png",714,427,false],"newsever-medium":["https:\/\/apuntesdesanluis.com\/wp-content\/uploads\/2023\/11\/GISELDA.png",714,427,false]},"author_info":{"display_name":"apuntesdesanluis.com","author_link":"https:\/\/apuntesdesanluis.com\/index.php\/author\/apuntesdesanluis-com\/"},"category_info":"<a href=\"https:\/\/apuntesdesanluis.com\/index.php\/category\/nacionales-internacionales\/\" rel=\"category tag\">Nacionales\/Internacionales<\/a>","tag_info":"Nacionales\/Internacionales","comment_count":"0","_links":{"self":[{"href":"https:\/\/apuntesdesanluis.com\/index.php\/wp-json\/wp\/v2\/posts\/7398","targetHints":{"allow":["GET"]}}],"collection":[{"href":"https:\/\/apuntesdesanluis.com\/index.php\/wp-json\/wp\/v2\/posts"}],"about":[{"href":"https:\/\/apuntesdesanluis.com\/index.php\/wp-json\/wp\/v2\/types\/post"}],"author":[{"embeddable":true,"href":"https:\/\/apuntesdesanluis.com\/index.php\/wp-json\/wp\/v2\/users\/1"}],"replies":[{"embeddable":true,"href":"https:\/\/apuntesdesanluis.com\/index.php\/wp-json\/wp\/v2\/comments?post=7398"}],"version-history":[{"count":2,"href":"https:\/\/apuntesdesanluis.com\/index.php\/wp-json\/wp\/v2\/posts\/7398\/revisions"}],"predecessor-version":[{"id":7401,"href":"https:\/\/apuntesdesanluis.com\/index.php\/wp-json\/wp\/v2\/posts\/7398\/revisions\/7401"}],"wp:featuredmedia":[{"embeddable":true,"href":"https:\/\/apuntesdesanluis.com\/index.php\/wp-json\/wp\/v2\/media\/7399"}],"wp:attachment":[{"href":"https:\/\/apuntesdesanluis.com\/index.php\/wp-json\/wp\/v2\/media?parent=7398"}],"wp:term":[{"taxonomy":"category","embeddable":true,"href":"https:\/\/apuntesdesanluis.com\/index.php\/wp-json\/wp\/v2\/categories?post=7398"},{"taxonomy":"post_tag","embeddable":true,"href":"https:\/\/apuntesdesanluis.com\/index.php\/wp-json\/wp\/v2\/tags?post=7398"}],"curies":[{"name":"wp","href":"https:\/\/api.w.org\/{rel}","templated":true}]}}