{"id":7402,"date":"2023-11-26T19:38:23","date_gmt":"2023-11-26T22:38:23","guid":{"rendered":"https:\/\/apuntesdesanluis.com\/?p=7402"},"modified":"2023-11-26T19:38:23","modified_gmt":"2023-11-26T22:38:23","slug":"afirman-que-chubut-no-podra-pagar-salarios-por-la-rebaja-en-ganancias","status":"publish","type":"post","link":"https:\/\/apuntesdesanluis.com\/index.php\/2023\/11\/26\/afirman-que-chubut-no-podra-pagar-salarios-por-la-rebaja-en-ganancias\/","title":{"rendered":"AFIRMAN QUE CHUBUT NO PODR\u00c1 PAGAR SALARIOS POR LA REBAJA EN GANANCIAS"},"content":{"rendered":"<h3>El gobernador electo de Chubut todav\u00eda no asumi\u00f3, pero ya hace ruido. Fue tajante al se\u00f1alar que su provincia no podr\u00e1 afrontar los compromisos salariales del \u00faltimo mes del a\u00f1o por la rebaja impositiva dispuesta en campa\u00f1a.<\/h3>\n<h3>El gobernador electo de Chubut, <strong>Ignacio Torres<\/strong>, advirti\u00f3 este domingo que la provincia no va a poder pagar los aguinaldos debido a que la rebaja del Impuesto a las Ganancias, que impuls\u00f3 el ministro de Econom\u00eda Sergio Massa en el Congreso, le rest\u00f3 fondos de coparticipaci\u00f3n.<\/h3>\n<h3>&#8220;Chubut no va a poder pagar los aguinaldos producto de la irresponsabilidad de Massa. Hay otras provincias en esta situaci\u00f3n&#8221;, alert\u00f3 Torres en declaraciones al programa &#8220;Si pasa, pasa&#8221;, que conduce Ignacio Ortelli por Radio Rivadavia.<\/h3>\n<h3>El dirigente de Juntos por el Cambio consider\u00f3 que &#8220;hay sobrada jurisprudencia&#8221; para cuestionar ante los tribunales la ley que establece la eliminaci\u00f3n del tributo para casi todos los salarios.<\/h3>\n<h3>En ese sentido, Torres indic\u00f3 que el presidente Alberto Fern\u00e1ndez deber\u00eda compensar por medio de un DNU a las provincias por los fondos que perdieron en la decisi\u00f3n del peronismo llevada a cabo en medio de la campa\u00f1a electoral con un contundente mensaje: &#8220;Este gobierno tiene que resolver sus propias cagadas&#8221;.<\/h3>\n<h3>El mandatario electo de Chubut consider\u00f3 que la cuesti\u00f3n &#8220;deber\u00eda resolverse desde el Tesoro nacional&#8221; y agreg\u00f3 que &#8220;no tiene que haber una ingenier\u00eda fiscal&#8221; tal cual le hab\u00eda garantizado Massa a los gobernadores del Norte Grande a quienes prometi\u00f3 coparticipar el Impuesto al Cheque, algo que no ocurri\u00f3.<\/h3>\n<h3>INTERNA EN JUNTOS POR EL CAMBIO<\/h3>\n<h3>En otro aspecto, Torres ratific\u00f3 que dentro de la alianza Juntos por el Cambio los gobernadores y los legisladores del espacio van a tener protagonismo en la elaboraci\u00f3n de estrategias parlamentarias y de pol\u00edtica en general. Con respecto a Patricia Bullrich, quien se sumar\u00e1 al gabinete de Javier Milei como ministra de Seguridad, remarc\u00f3 que el grupo de gobernadores de la oposici\u00f3n manifestaron que &#8220;ante la posibilidad de acompa\u00f1amiento a t\u00edtulo personal no se iban \u2018a manifestar en contra\u2019&#8221;.<\/h3>\n<h3>&#8220;El mensaje es que la Mesa de Juntos por el Cambio no va m\u00e1s\u201d, defini\u00f3 categ\u00f3ricamente el gobernador electo de Chubut. Y a\u00f1adi\u00f3: \u201cEs impensable que actores que tiene alg\u00fan partido sat\u00e9lite que se siente en mismas condiciones que un Pullaro (por el gobernador electo de Santa Fe, Maximiano Pullaro)&#8221;. Y continu\u00f3: &#8220;Alguien que no ten\u00eda ni un concejal tuviera la misma voz vinculante que un gobernador&#8221;.<\/h3>\n<h3>Cansado de la elipsis discursiva, Torres le puso nombre y apellido al conflicto y afirm\u00f3: &#8220;Margarita Stolbizer no tiene nada que hacer en esa mesa&#8221;, al se\u00f1alar que desde el GEN &#8220;plantaron una lista en Chubut en alianza con el oficialismo&#8221;. Y concluy\u00f3 que &#8220;no va a haber m\u00e1s enviados ni coordinadores, la relaci\u00f3n con el Parlamento va a ser directa con los gobernadores&#8221;.<\/h3>\n<p>&nbsp;<\/p>\n<p>&nbsp;<\/p>\n<p>&nbsp;<\/p>\n<p>&nbsp;<\/p>\n","protected":false},"excerpt":{"rendered":"<p>El gobernador electo de Chubut todav\u00eda no asumi\u00f3, pero ya hace ruido. Fue tajante al&#8230;<\/p>\n","protected":false},"author":1,"featured_media":7403,"comment_status":"closed","ping_status":"closed","sticky":false,"template":"","format":"standard","meta":{"footnotes":""},"categories":[5],"tags":[],"class_list":["post-7402","post","type-post","status-publish","format-standard","has-post-thumbnail","hentry","category-nacionales-internacionales"],"yoast_head":"<!-- This site is optimized with the Yoast SEO plugin v26.1.1 - https:\/\/yoast.com\/wordpress\/plugins\/seo\/ -->\n<title>AFIRMAN QUE CHUBUT NO PODR\u00c1 PAGAR SALARIOS POR LA REBAJA EN GANANCIAS - Apuntes de San Luis<\/title>\n<meta name=\"robots\" content=\"index, follow, max-snippet:-1, max-image-preview:large, max-video-preview:-1\" \/>\n<link rel=\"canonical\" href=\"https:\/\/apuntesdesanluis.com\/index.php\/2023\/11\/26\/afirman-que-chubut-no-podra-pagar-salarios-por-la-rebaja-en-ganancias\/\" \/>\n<meta property=\"og:locale\" content=\"es_ES\" \/>\n<meta property=\"og:type\" content=\"article\" \/>\n<meta property=\"og:title\" content=\"AFIRMAN QUE CHUBUT NO PODR\u00c1 PAGAR SALARIOS POR LA REBAJA EN GANANCIAS - Apuntes de San Luis\" \/>\n<meta property=\"og:description\" content=\"El gobernador electo de Chubut todav\u00eda no asumi\u00f3, pero ya hace ruido. Fue tajante al...\" \/>\n<meta property=\"og:url\" content=\"https:\/\/apuntesdesanluis.com\/index.php\/2023\/11\/26\/afirman-que-chubut-no-podra-pagar-salarios-por-la-rebaja-en-ganancias\/\" \/>\n<meta property=\"og:site_name\" content=\"Apuntes de San Luis\" \/>\n<meta property=\"article:published_time\" content=\"2023-11-26T22:38:23+00:00\" \/>\n<meta property=\"og:image\" content=\"https:\/\/apuntesdesanluis.com\/wp-content\/uploads\/2023\/11\/GOBERNADOR-CHUBUT.png\" \/>\n\t<meta property=\"og:image:width\" content=\"903\" \/>\n\t<meta property=\"og:image:height\" content=\"506\" \/>\n\t<meta property=\"og:image:type\" content=\"image\/png\" \/>\n<meta name=\"author\" content=\"apuntesdesanluis.com\" \/>\n<meta name=\"twitter:card\" content=\"summary_large_image\" \/>\n<meta name=\"twitter:label1\" content=\"Escrito por\" \/>\n\t<meta name=\"twitter:data1\" content=\"apuntesdesanluis.com\" \/>\n\t<meta name=\"twitter:label2\" content=\"Tiempo de lectura\" \/>\n\t<meta name=\"twitter:data2\" content=\"3 minutos\" \/>\n<script type=\"application\/ld+json\" class=\"yoast-schema-graph\">{\"@context\":\"https:\/\/schema.org\",\"@graph\":[{\"@type\":\"Article\",\"@id\":\"https:\/\/apuntesdesanluis.com\/index.php\/2023\/11\/26\/afirman-que-chubut-no-podra-pagar-salarios-por-la-rebaja-en-ganancias\/#article\",\"isPartOf\":{\"@id\":\"https:\/\/apuntesdesanluis.com\/index.php\/2023\/11\/26\/afirman-que-chubut-no-podra-pagar-salarios-por-la-rebaja-en-ganancias\/\"},\"author\":{\"name\":\"apuntesdesanluis.com\",\"@id\":\"https:\/\/apuntesdesanluis.com\/#\/schema\/person\/b55151d52296fcce64d1a72538a70b90\"},\"headline\":\"AFIRMAN QUE CHUBUT NO PODR\u00c1 PAGAR SALARIOS POR LA REBAJA EN GANANCIAS\",\"datePublished\":\"2023-11-26T22:38:23+00:00\",\"mainEntityOfPage\":{\"@id\":\"https:\/\/apuntesdesanluis.com\/index.php\/2023\/11\/26\/afirman-que-chubut-no-podra-pagar-salarios-por-la-rebaja-en-ganancias\/\"},\"wordCount\":511,\"publisher\":{\"@id\":\"https:\/\/apuntesdesanluis.com\/#\/schema\/person\/b55151d52296fcce64d1a72538a70b90\"},\"image\":{\"@id\":\"https:\/\/apuntesdesanluis.com\/index.php\/2023\/11\/26\/afirman-que-chubut-no-podra-pagar-salarios-por-la-rebaja-en-ganancias\/#primaryimage\"},\"thumbnailUrl\":\"https:\/\/apuntesdesanluis.com\/wp-content\/uploads\/2023\/11\/GOBERNADOR-CHUBUT.png\",\"articleSection\":[\"Nacionales\/Internacionales\"],\"inLanguage\":\"es-AR\"},{\"@type\":\"WebPage\",\"@id\":\"https:\/\/apuntesdesanluis.com\/index.php\/2023\/11\/26\/afirman-que-chubut-no-podra-pagar-salarios-por-la-rebaja-en-ganancias\/\",\"url\":\"https:\/\/apuntesdesanluis.com\/index.php\/2023\/11\/26\/afirman-que-chubut-no-podra-pagar-salarios-por-la-rebaja-en-ganancias\/\",\"name\":\"AFIRMAN QUE CHUBUT NO PODR\u00c1 PAGAR SALARIOS POR LA REBAJA EN GANANCIAS - Apuntes de San Luis\",\"isPartOf\":{\"@id\":\"https:\/\/apuntesdesanluis.com\/#website\"},\"primaryImageOfPage\":{\"@id\":\"https:\/\/apuntesdesanluis.com\/index.php\/2023\/11\/26\/afirman-que-chubut-no-podra-pagar-salarios-por-la-rebaja-en-ganancias\/#primaryimage\"},\"image\":{\"@id\":\"https:\/\/apuntesdesanluis.com\/index.php\/2023\/11\/26\/afirman-que-chubut-no-podra-pagar-salarios-por-la-rebaja-en-ganancias\/#primaryimage\"},\"thumbnailUrl\":\"https:\/\/apuntesdesanluis.com\/wp-content\/uploads\/2023\/11\/GOBERNADOR-CHUBUT.png\",\"datePublished\":\"2023-11-26T22:38:23+00:00\",\"breadcrumb\":{\"@id\":\"https:\/\/apuntesdesanluis.com\/index.php\/2023\/11\/26\/afirman-que-chubut-no-podra-pagar-salarios-por-la-rebaja-en-ganancias\/#breadcrumb\"},\"inLanguage\":\"es-AR\",\"potentialAction\":[{\"@type\":\"ReadAction\",\"target\":[\"https:\/\/apuntesdesanluis.com\/index.php\/2023\/11\/26\/afirman-que-chubut-no-podra-pagar-salarios-por-la-rebaja-en-ganancias\/\"]}]},{\"@type\":\"ImageObject\",\"inLanguage\":\"es-AR\",\"@id\":\"https:\/\/apuntesdesanluis.com\/index.php\/2023\/11\/26\/afirman-que-chubut-no-podra-pagar-salarios-por-la-rebaja-en-ganancias\/#primaryimage\",\"url\":\"https:\/\/apuntesdesanluis.com\/wp-content\/uploads\/2023\/11\/GOBERNADOR-CHUBUT.png\",\"contentUrl\":\"https:\/\/apuntesdesanluis.com\/wp-content\/uploads\/2023\/11\/GOBERNADOR-CHUBUT.png\",\"width\":903,\"height\":506},{\"@type\":\"BreadcrumbList\",\"@id\":\"https:\/\/apuntesdesanluis.com\/index.php\/2023\/11\/26\/afirman-que-chubut-no-podra-pagar-salarios-por-la-rebaja-en-ganancias\/#breadcrumb\",\"itemListElement\":[{\"@type\":\"ListItem\",\"position\":1,\"name\":\"Inicio\",\"item\":\"https:\/\/apuntesdesanluis.com\/\"},{\"@type\":\"ListItem\",\"position\":2,\"name\":\"AFIRMAN QUE CHUBUT NO PODR\u00c1 PAGAR SALARIOS POR LA REBAJA EN GANANCIAS\"}]},{\"@type\":\"WebSite\",\"@id\":\"https:\/\/apuntesdesanluis.com\/#website\",\"url\":\"https:\/\/apuntesdesanluis.com\/\",\"name\":\"Apuntes de San Luis\",\"description\":\"\",\"publisher\":{\"@id\":\"https:\/\/apuntesdesanluis.com\/#\/schema\/person\/b55151d52296fcce64d1a72538a70b90\"},\"potentialAction\":[{\"@type\":\"SearchAction\",\"target\":{\"@type\":\"EntryPoint\",\"urlTemplate\":\"https:\/\/apuntesdesanluis.com\/?s={search_term_string}\"},\"query-input\":{\"@type\":\"PropertyValueSpecification\",\"valueRequired\":true,\"valueName\":\"search_term_string\"}}],\"inLanguage\":\"es-AR\"},{\"@type\":[\"Person\",\"Organization\"],\"@id\":\"https:\/\/apuntesdesanluis.com\/#\/schema\/person\/b55151d52296fcce64d1a72538a70b90\",\"name\":\"apuntesdesanluis.com\",\"image\":{\"@type\":\"ImageObject\",\"inLanguage\":\"es-AR\",\"@id\":\"https:\/\/apuntesdesanluis.com\/#\/schema\/person\/image\/\",\"url\":\"https:\/\/apuntesdesanluis.com\/wp-content\/uploads\/2023\/07\/cropped-apuntesdesanluis.png\",\"contentUrl\":\"https:\/\/apuntesdesanluis.com\/wp-content\/uploads\/2023\/07\/cropped-apuntesdesanluis.png\",\"width\":450,\"height\":112,\"caption\":\"apuntesdesanluis.com\"},\"logo\":{\"@id\":\"https:\/\/apuntesdesanluis.com\/#\/schema\/person\/image\/\"},\"sameAs\":[\"https:\/\/apuntesdesanluis.com\"],\"url\":\"https:\/\/apuntesdesanluis.com\/index.php\/author\/apuntesdesanluis-com\/\"}]}<\/script>\n<!-- \/ Yoast SEO plugin. -->","yoast_head_json":{"title":"AFIRMAN QUE CHUBUT NO PODR\u00c1 PAGAR SALARIOS POR LA REBAJA EN GANANCIAS - Apuntes de San Luis","robots":{"index":"index","follow":"follow","max-snippet":"max-snippet:-1","max-image-preview":"max-image-preview:large","max-video-preview":"max-video-preview:-1"},"canonical":"https:\/\/apuntesdesanluis.com\/index.php\/2023\/11\/26\/afirman-que-chubut-no-podra-pagar-salarios-por-la-rebaja-en-ganancias\/","og_locale":"es_ES","og_type":"article","og_title":"AFIRMAN QUE CHUBUT NO PODR\u00c1 PAGAR SALARIOS POR LA REBAJA EN GANANCIAS - Apuntes de San Luis","og_description":"El gobernador electo de Chubut todav\u00eda no asumi\u00f3, pero ya hace ruido. Fue tajante al...","og_url":"https:\/\/apuntesdesanluis.com\/index.php\/2023\/11\/26\/afirman-que-chubut-no-podra-pagar-salarios-por-la-rebaja-en-ganancias\/","og_site_name":"Apuntes de San Luis","article_published_time":"2023-11-26T22:38:23+00:00","og_image":[{"width":903,"height":506,"url":"https:\/\/apuntesdesanluis.com\/wp-content\/uploads\/2023\/11\/GOBERNADOR-CHUBUT.png","type":"image\/png"}],"author":"apuntesdesanluis.com","twitter_card":"summary_large_image","twitter_misc":{"Escrito por":"apuntesdesanluis.com","Tiempo de lectura":"3 minutos"},"schema":{"@context":"https:\/\/schema.org","@graph":[{"@type":"Article","@id":"https:\/\/apuntesdesanluis.com\/index.php\/2023\/11\/26\/afirman-que-chubut-no-podra-pagar-salarios-por-la-rebaja-en-ganancias\/#article","isPartOf":{"@id":"https:\/\/apuntesdesanluis.com\/index.php\/2023\/11\/26\/afirman-que-chubut-no-podra-pagar-salarios-por-la-rebaja-en-ganancias\/"},"author":{"name":"apuntesdesanluis.com","@id":"https:\/\/apuntesdesanluis.com\/#\/schema\/person\/b55151d52296fcce64d1a72538a70b90"},"headline":"AFIRMAN QUE CHUBUT NO PODR\u00c1 PAGAR SALARIOS POR LA REBAJA EN GANANCIAS","datePublished":"2023-11-26T22:38:23+00:00","mainEntityOfPage":{"@id":"https:\/\/apuntesdesanluis.com\/index.php\/2023\/11\/26\/afirman-que-chubut-no-podra-pagar-salarios-por-la-rebaja-en-ganancias\/"},"wordCount":511,"publisher":{"@id":"https:\/\/apuntesdesanluis.com\/#\/schema\/person\/b55151d52296fcce64d1a72538a70b90"},"image":{"@id":"https:\/\/apuntesdesanluis.com\/index.php\/2023\/11\/26\/afirman-que-chubut-no-podra-pagar-salarios-por-la-rebaja-en-ganancias\/#primaryimage"},"thumbnailUrl":"https:\/\/apuntesdesanluis.com\/wp-content\/uploads\/2023\/11\/GOBERNADOR-CHUBUT.png","articleSection":["Nacionales\/Internacionales"],"inLanguage":"es-AR"},{"@type":"WebPage","@id":"https:\/\/apuntesdesanluis.com\/index.php\/2023\/11\/26\/afirman-que-chubut-no-podra-pagar-salarios-por-la-rebaja-en-ganancias\/","url":"https:\/\/apuntesdesanluis.com\/index.php\/2023\/11\/26\/afirman-que-chubut-no-podra-pagar-salarios-por-la-rebaja-en-ganancias\/","name":"AFIRMAN QUE CHUBUT NO PODR\u00c1 PAGAR SALARIOS POR LA REBAJA EN GANANCIAS - Apuntes de San Luis","isPartOf":{"@id":"https:\/\/apuntesdesanluis.com\/#website"},"primaryImageOfPage":{"@id":"https:\/\/apuntesdesanluis.com\/index.php\/2023\/11\/26\/afirman-que-chubut-no-podra-pagar-salarios-por-la-rebaja-en-ganancias\/#primaryimage"},"image":{"@id":"https:\/\/apuntesdesanluis.com\/index.php\/2023\/11\/26\/afirman-que-chubut-no-podra-pagar-salarios-por-la-rebaja-en-ganancias\/#primaryimage"},"thumbnailUrl":"https:\/\/apuntesdesanluis.com\/wp-content\/uploads\/2023\/11\/GOBERNADOR-CHUBUT.png","datePublished":"2023-11-26T22:38:23+00:00","breadcrumb":{"@id":"https:\/\/apuntesdesanluis.com\/index.php\/2023\/11\/26\/afirman-que-chubut-no-podra-pagar-salarios-por-la-rebaja-en-ganancias\/#breadcrumb"},"inLanguage":"es-AR","potentialAction":[{"@type":"ReadAction","target":["https:\/\/apuntesdesanluis.com\/index.php\/2023\/11\/26\/afirman-que-chubut-no-podra-pagar-salarios-por-la-rebaja-en-ganancias\/"]}]},{"@type":"ImageObject","inLanguage":"es-AR","@id":"https:\/\/apuntesdesanluis.com\/index.php\/2023\/11\/26\/afirman-que-chubut-no-podra-pagar-salarios-por-la-rebaja-en-ganancias\/#primaryimage","url":"https:\/\/apuntesdesanluis.com\/wp-content\/uploads\/2023\/11\/GOBERNADOR-CHUBUT.png","contentUrl":"https:\/\/apuntesdesanluis.com\/wp-content\/uploads\/2023\/11\/GOBERNADOR-CHUBUT.png","width":903,"height":506},{"@type":"BreadcrumbList","@id":"https:\/\/apuntesdesanluis.com\/index.php\/2023\/11\/26\/afirman-que-chubut-no-podra-pagar-salarios-por-la-rebaja-en-ganancias\/#breadcrumb","itemListElement":[{"@type":"ListItem","position":1,"name":"Inicio","item":"https:\/\/apuntesdesanluis.com\/"},{"@type":"ListItem","position":2,"name":"AFIRMAN QUE CHUBUT NO PODR\u00c1 PAGAR SALARIOS POR LA REBAJA EN GANANCIAS"}]},{"@type":"WebSite","@id":"https:\/\/apuntesdesanluis.com\/#website","url":"https:\/\/apuntesdesanluis.com\/","name":"Apuntes de San Luis","description":"","publisher":{"@id":"https:\/\/apuntesdesanluis.com\/#\/schema\/person\/b55151d52296fcce64d1a72538a70b90"},"potentialAction":[{"@type":"SearchAction","target":{"@type":"EntryPoint","urlTemplate":"https:\/\/apuntesdesanluis.com\/?s={search_term_string}"},"query-input":{"@type":"PropertyValueSpecification","valueRequired":true,"valueName":"search_term_string"}}],"inLanguage":"es-AR"},{"@type":["Person","Organization"],"@id":"https:\/\/apuntesdesanluis.com\/#\/schema\/person\/b55151d52296fcce64d1a72538a70b90","name":"apuntesdesanluis.com","image":{"@type":"ImageObject","inLanguage":"es-AR","@id":"https:\/\/apuntesdesanluis.com\/#\/schema\/person\/image\/","url":"https:\/\/apuntesdesanluis.com\/wp-content\/uploads\/2023\/07\/cropped-apuntesdesanluis.png","contentUrl":"https:\/\/apuntesdesanluis.com\/wp-content\/uploads\/2023\/07\/cropped-apuntesdesanluis.png","width":450,"height":112,"caption":"apuntesdesanluis.com"},"logo":{"@id":"https:\/\/apuntesdesanluis.com\/#\/schema\/person\/image\/"},"sameAs":["https:\/\/apuntesdesanluis.com"],"url":"https:\/\/apuntesdesanluis.com\/index.php\/author\/apuntesdesanluis-com\/"}]}},"featured_image_urls":{"full":["https:\/\/apuntesdesanluis.com\/wp-content\/uploads\/2023\/11\/GOBERNADOR-CHUBUT.png",903,506,false],"thumbnail":["https:\/\/apuntesdesanluis.com\/wp-content\/uploads\/2023\/11\/GOBERNADOR-CHUBUT-150x150.png",150,150,true],"medium":["https:\/\/apuntesdesanluis.com\/wp-content\/uploads\/2023\/11\/GOBERNADOR-CHUBUT-300x168.png",300,168,true],"medium_large":["https:\/\/apuntesdesanluis.com\/wp-content\/uploads\/2023\/11\/GOBERNADOR-CHUBUT-768x430.png",640,358,true],"large":["https:\/\/apuntesdesanluis.com\/wp-content\/uploads\/2023\/11\/GOBERNADOR-CHUBUT.png",640,359,false],"1536x1536":["https:\/\/apuntesdesanluis.com\/wp-content\/uploads\/2023\/11\/GOBERNADOR-CHUBUT.png",903,506,false],"2048x2048":["https:\/\/apuntesdesanluis.com\/wp-content\/uploads\/2023\/11\/GOBERNADOR-CHUBUT.png",903,506,false],"newsever-slider-full":["https:\/\/apuntesdesanluis.com\/wp-content\/uploads\/2023\/11\/GOBERNADOR-CHUBUT.png",903,506,false],"newsever-featured":["https:\/\/apuntesdesanluis.com\/wp-content\/uploads\/2023\/11\/GOBERNADOR-CHUBUT.png",903,506,false],"newsever-medium":["https:\/\/apuntesdesanluis.com\/wp-content\/uploads\/2023\/11\/GOBERNADOR-CHUBUT-720x475.png",720,475,true]},"author_info":{"display_name":"apuntesdesanluis.com","author_link":"https:\/\/apuntesdesanluis.com\/index.php\/author\/apuntesdesanluis-com\/"},"category_info":"<a href=\"https:\/\/apuntesdesanluis.com\/index.php\/category\/nacionales-internacionales\/\" rel=\"category tag\">Nacionales\/Internacionales<\/a>","tag_info":"Nacionales\/Internacionales","comment_count":"0","_links":{"self":[{"href":"https:\/\/apuntesdesanluis.com\/index.php\/wp-json\/wp\/v2\/posts\/7402","targetHints":{"allow":["GET"]}}],"collection":[{"href":"https:\/\/apuntesdesanluis.com\/index.php\/wp-json\/wp\/v2\/posts"}],"about":[{"href":"https:\/\/apuntesdesanluis.com\/index.php\/wp-json\/wp\/v2\/types\/post"}],"author":[{"embeddable":true,"href":"https:\/\/apuntesdesanluis.com\/index.php\/wp-json\/wp\/v2\/users\/1"}],"replies":[{"embeddable":true,"href":"https:\/\/apuntesdesanluis.com\/index.php\/wp-json\/wp\/v2\/comments?post=7402"}],"version-history":[{"count":1,"href":"https:\/\/apuntesdesanluis.com\/index.php\/wp-json\/wp\/v2\/posts\/7402\/revisions"}],"predecessor-version":[{"id":7404,"href":"https:\/\/apuntesdesanluis.com\/index.php\/wp-json\/wp\/v2\/posts\/7402\/revisions\/7404"}],"wp:featuredmedia":[{"embeddable":true,"href":"https:\/\/apuntesdesanluis.com\/index.php\/wp-json\/wp\/v2\/media\/7403"}],"wp:attachment":[{"href":"https:\/\/apuntesdesanluis.com\/index.php\/wp-json\/wp\/v2\/media?parent=7402"}],"wp:term":[{"taxonomy":"category","embeddable":true,"href":"https:\/\/apuntesdesanluis.com\/index.php\/wp-json\/wp\/v2\/categories?post=7402"},{"taxonomy":"post_tag","embeddable":true,"href":"https:\/\/apuntesdesanluis.com\/index.php\/wp-json\/wp\/v2\/tags?post=7402"}],"curies":[{"name":"wp","href":"https:\/\/api.w.org\/{rel}","templated":true}]}}