{"id":7409,"date":"2023-11-26T12:41:09","date_gmt":"2023-11-26T15:41:09","guid":{"rendered":"https:\/\/apuntesdesanluis.com\/?p=7409"},"modified":"2023-11-27T00:43:00","modified_gmt":"2023-11-27T03:43:00","slug":"confirmaron-la-condena-a-sebastian-villa-a-dos-anos-de-carcel-por-violencia-de-genero","status":"publish","type":"post","link":"https:\/\/apuntesdesanluis.com\/index.php\/2023\/11\/26\/confirmaron-la-condena-a-sebastian-villa-a-dos-anos-de-carcel-por-violencia-de-genero\/","title":{"rendered":"CONFIRMARON LA CONDENA A SEBASTI\u00c1N VILLA A DOS A\u00d1OS DE C\u00c1RCEL POR VIOLENCIA DE G\u00c9NERO"},"content":{"rendered":"<h3>La C\u00e1mara de Apelaciones de Lomas de Zamora confirm\u00f3 la condena a dos a\u00f1os y un mes de prisi\u00f3n al ex futbolista de Boca<strong> Sebasti\u00e1n Villa<\/strong> por violencia de g\u00e9nero contra su ex pareja Daniela Cortes, en abril de 2020.<\/h3>\n<h3>Lo ratific\u00f3 la sala segunda de la C\u00e1mara de Apelaci\u00f3n y Garant\u00edas en lo Penal Departamental de Lomas de Zamora. El fallo cuenta con la firma de los camaristas Pablo Little y Alejandro Rojas, quienes avalaron lo dictado en junio de este a\u00f1o por la jueza Correccional 2 de Lomas de Zamora, Claudia D\u00e1valos.<\/h3>\n<h3>Villa, que acaba de ser contratado por Beroe de Bulgaria, tambi\u00e9n afronta otro proceso judicial en el que est\u00e1 imputado. Se trata de la causa en la que se lo acusa por abusar sexualmente de una joven de 26 a\u00f1os, en junio de 2021.<\/h3>\n<h3>Respecto del caso vinculado a Cort\u00e9s, Villa fue declarado culpable de los delitos &#8220;amenazas coactivas en concurso real con lesiones leves agravadas por el v\u00ednculo en contexto de violencia de g\u00e9nero&#8221;.<\/h3>\n<h3>A ra\u00edz de ello, Boca opt\u00f3 por apartarlo del plantel pese a que ten\u00eda contrato hasta 2024, algo que gener\u00f3 cortocircuitos entre el club y el futbolista colombiano.<\/h3>\n<h3>Ahora Villa sum\u00f3 un nuevo dolor de cabeza por la confirmaci\u00f3n de la Justicia, que ratific\u00f3 los 25 meses de prisi\u00f3n por violencia de g\u00e9nero en abril de 2020 contra Cort\u00e9s, en una casa de un barrio privado de la localidad bonaerense de Canning.<\/h3>\n<p>&nbsp;<\/p>\n<p>&nbsp;<\/p>\n<p>&nbsp;<\/p>\n<p>&nbsp;<\/p>\n","protected":false},"excerpt":{"rendered":"<p>La C\u00e1mara de Apelaciones de Lomas de Zamora confirm\u00f3 la condena a dos a\u00f1os y&#8230;<\/p>\n","protected":false},"author":1,"featured_media":7410,"comment_status":"closed","ping_status":"closed","sticky":false,"template":"","format":"standard","meta":{"footnotes":""},"categories":[5],"tags":[],"class_list":["post-7409","post","type-post","status-publish","format-standard","has-post-thumbnail","hentry","category-nacionales-internacionales"],"yoast_head":"<!-- This site is optimized with the Yoast SEO plugin v26.1.1 - https:\/\/yoast.com\/wordpress\/plugins\/seo\/ -->\n<title>CONFIRMARON LA CONDENA A SEBASTI\u00c1N VILLA A DOS A\u00d1OS DE C\u00c1RCEL POR VIOLENCIA DE G\u00c9NERO - Apuntes de San Luis<\/title>\n<meta name=\"robots\" content=\"index, follow, max-snippet:-1, max-image-preview:large, max-video-preview:-1\" \/>\n<link rel=\"canonical\" href=\"https:\/\/apuntesdesanluis.com\/index.php\/2023\/11\/26\/confirmaron-la-condena-a-sebastian-villa-a-dos-anos-de-carcel-por-violencia-de-genero\/\" \/>\n<meta property=\"og:locale\" content=\"es_ES\" \/>\n<meta property=\"og:type\" content=\"article\" \/>\n<meta property=\"og:title\" content=\"CONFIRMARON LA CONDENA A SEBASTI\u00c1N VILLA A DOS A\u00d1OS DE C\u00c1RCEL POR VIOLENCIA DE G\u00c9NERO - Apuntes de San Luis\" \/>\n<meta property=\"og:description\" content=\"La C\u00e1mara de Apelaciones de Lomas de Zamora confirm\u00f3 la condena a dos a\u00f1os y...\" \/>\n<meta property=\"og:url\" content=\"https:\/\/apuntesdesanluis.com\/index.php\/2023\/11\/26\/confirmaron-la-condena-a-sebastian-villa-a-dos-anos-de-carcel-por-violencia-de-genero\/\" \/>\n<meta property=\"og:site_name\" content=\"Apuntes de San Luis\" \/>\n<meta property=\"article:published_time\" content=\"2023-11-26T15:41:09+00:00\" \/>\n<meta property=\"article:modified_time\" content=\"2023-11-27T03:43:00+00:00\" \/>\n<meta property=\"og:image\" content=\"https:\/\/apuntesdesanluis.com\/wp-content\/uploads\/2023\/11\/villa.png\" \/>\n\t<meta property=\"og:image:width\" content=\"846\" \/>\n\t<meta property=\"og:image:height\" content=\"486\" \/>\n\t<meta property=\"og:image:type\" content=\"image\/png\" \/>\n<meta name=\"author\" content=\"apuntesdesanluis.com\" \/>\n<meta name=\"twitter:card\" content=\"summary_large_image\" \/>\n<meta name=\"twitter:label1\" content=\"Escrito por\" \/>\n\t<meta name=\"twitter:data1\" content=\"apuntesdesanluis.com\" \/>\n\t<meta name=\"twitter:label2\" content=\"Tiempo de lectura\" \/>\n\t<meta name=\"twitter:data2\" content=\"2 minutos\" \/>\n<script type=\"application\/ld+json\" class=\"yoast-schema-graph\">{\"@context\":\"https:\/\/schema.org\",\"@graph\":[{\"@type\":\"Article\",\"@id\":\"https:\/\/apuntesdesanluis.com\/index.php\/2023\/11\/26\/confirmaron-la-condena-a-sebastian-villa-a-dos-anos-de-carcel-por-violencia-de-genero\/#article\",\"isPartOf\":{\"@id\":\"https:\/\/apuntesdesanluis.com\/index.php\/2023\/11\/26\/confirmaron-la-condena-a-sebastian-villa-a-dos-anos-de-carcel-por-violencia-de-genero\/\"},\"author\":{\"name\":\"apuntesdesanluis.com\",\"@id\":\"https:\/\/apuntesdesanluis.com\/#\/schema\/person\/b55151d52296fcce64d1a72538a70b90\"},\"headline\":\"CONFIRMARON LA CONDENA A SEBASTI\u00c1N VILLA A DOS A\u00d1OS DE C\u00c1RCEL POR VIOLENCIA DE G\u00c9NERO\",\"datePublished\":\"2023-11-26T15:41:09+00:00\",\"dateModified\":\"2023-11-27T03:43:00+00:00\",\"mainEntityOfPage\":{\"@id\":\"https:\/\/apuntesdesanluis.com\/index.php\/2023\/11\/26\/confirmaron-la-condena-a-sebastian-villa-a-dos-anos-de-carcel-por-violencia-de-genero\/\"},\"wordCount\":278,\"publisher\":{\"@id\":\"https:\/\/apuntesdesanluis.com\/#\/schema\/person\/b55151d52296fcce64d1a72538a70b90\"},\"image\":{\"@id\":\"https:\/\/apuntesdesanluis.com\/index.php\/2023\/11\/26\/confirmaron-la-condena-a-sebastian-villa-a-dos-anos-de-carcel-por-violencia-de-genero\/#primaryimage\"},\"thumbnailUrl\":\"https:\/\/apuntesdesanluis.com\/wp-content\/uploads\/2023\/11\/villa.png\",\"articleSection\":[\"Nacionales\/Internacionales\"],\"inLanguage\":\"es-AR\"},{\"@type\":\"WebPage\",\"@id\":\"https:\/\/apuntesdesanluis.com\/index.php\/2023\/11\/26\/confirmaron-la-condena-a-sebastian-villa-a-dos-anos-de-carcel-por-violencia-de-genero\/\",\"url\":\"https:\/\/apuntesdesanluis.com\/index.php\/2023\/11\/26\/confirmaron-la-condena-a-sebastian-villa-a-dos-anos-de-carcel-por-violencia-de-genero\/\",\"name\":\"CONFIRMARON LA CONDENA A SEBASTI\u00c1N VILLA A DOS A\u00d1OS DE C\u00c1RCEL POR VIOLENCIA DE G\u00c9NERO - Apuntes de San Luis\",\"isPartOf\":{\"@id\":\"https:\/\/apuntesdesanluis.com\/#website\"},\"primaryImageOfPage\":{\"@id\":\"https:\/\/apuntesdesanluis.com\/index.php\/2023\/11\/26\/confirmaron-la-condena-a-sebastian-villa-a-dos-anos-de-carcel-por-violencia-de-genero\/#primaryimage\"},\"image\":{\"@id\":\"https:\/\/apuntesdesanluis.com\/index.php\/2023\/11\/26\/confirmaron-la-condena-a-sebastian-villa-a-dos-anos-de-carcel-por-violencia-de-genero\/#primaryimage\"},\"thumbnailUrl\":\"https:\/\/apuntesdesanluis.com\/wp-content\/uploads\/2023\/11\/villa.png\",\"datePublished\":\"2023-11-26T15:41:09+00:00\",\"dateModified\":\"2023-11-27T03:43:00+00:00\",\"breadcrumb\":{\"@id\":\"https:\/\/apuntesdesanluis.com\/index.php\/2023\/11\/26\/confirmaron-la-condena-a-sebastian-villa-a-dos-anos-de-carcel-por-violencia-de-genero\/#breadcrumb\"},\"inLanguage\":\"es-AR\",\"potentialAction\":[{\"@type\":\"ReadAction\",\"target\":[\"https:\/\/apuntesdesanluis.com\/index.php\/2023\/11\/26\/confirmaron-la-condena-a-sebastian-villa-a-dos-anos-de-carcel-por-violencia-de-genero\/\"]}]},{\"@type\":\"ImageObject\",\"inLanguage\":\"es-AR\",\"@id\":\"https:\/\/apuntesdesanluis.com\/index.php\/2023\/11\/26\/confirmaron-la-condena-a-sebastian-villa-a-dos-anos-de-carcel-por-violencia-de-genero\/#primaryimage\",\"url\":\"https:\/\/apuntesdesanluis.com\/wp-content\/uploads\/2023\/11\/villa.png\",\"contentUrl\":\"https:\/\/apuntesdesanluis.com\/wp-content\/uploads\/2023\/11\/villa.png\",\"width\":846,\"height\":486},{\"@type\":\"BreadcrumbList\",\"@id\":\"https:\/\/apuntesdesanluis.com\/index.php\/2023\/11\/26\/confirmaron-la-condena-a-sebastian-villa-a-dos-anos-de-carcel-por-violencia-de-genero\/#breadcrumb\",\"itemListElement\":[{\"@type\":\"ListItem\",\"position\":1,\"name\":\"Inicio\",\"item\":\"https:\/\/apuntesdesanluis.com\/\"},{\"@type\":\"ListItem\",\"position\":2,\"name\":\"CONFIRMARON LA CONDENA A SEBASTI\u00c1N VILLA A DOS A\u00d1OS DE C\u00c1RCEL POR VIOLENCIA DE G\u00c9NERO\"}]},{\"@type\":\"WebSite\",\"@id\":\"https:\/\/apuntesdesanluis.com\/#website\",\"url\":\"https:\/\/apuntesdesanluis.com\/\",\"name\":\"Apuntes de San Luis\",\"description\":\"\",\"publisher\":{\"@id\":\"https:\/\/apuntesdesanluis.com\/#\/schema\/person\/b55151d52296fcce64d1a72538a70b90\"},\"potentialAction\":[{\"@type\":\"SearchAction\",\"target\":{\"@type\":\"EntryPoint\",\"urlTemplate\":\"https:\/\/apuntesdesanluis.com\/?s={search_term_string}\"},\"query-input\":{\"@type\":\"PropertyValueSpecification\",\"valueRequired\":true,\"valueName\":\"search_term_string\"}}],\"inLanguage\":\"es-AR\"},{\"@type\":[\"Person\",\"Organization\"],\"@id\":\"https:\/\/apuntesdesanluis.com\/#\/schema\/person\/b55151d52296fcce64d1a72538a70b90\",\"name\":\"apuntesdesanluis.com\",\"image\":{\"@type\":\"ImageObject\",\"inLanguage\":\"es-AR\",\"@id\":\"https:\/\/apuntesdesanluis.com\/#\/schema\/person\/image\/\",\"url\":\"https:\/\/apuntesdesanluis.com\/wp-content\/uploads\/2023\/07\/cropped-apuntesdesanluis.png\",\"contentUrl\":\"https:\/\/apuntesdesanluis.com\/wp-content\/uploads\/2023\/07\/cropped-apuntesdesanluis.png\",\"width\":450,\"height\":112,\"caption\":\"apuntesdesanluis.com\"},\"logo\":{\"@id\":\"https:\/\/apuntesdesanluis.com\/#\/schema\/person\/image\/\"},\"sameAs\":[\"https:\/\/apuntesdesanluis.com\"],\"url\":\"https:\/\/apuntesdesanluis.com\/index.php\/author\/apuntesdesanluis-com\/\"}]}<\/script>\n<!-- \/ Yoast SEO plugin. -->","yoast_head_json":{"title":"CONFIRMARON LA CONDENA A SEBASTI\u00c1N VILLA A DOS A\u00d1OS DE C\u00c1RCEL POR VIOLENCIA DE G\u00c9NERO - Apuntes de San Luis","robots":{"index":"index","follow":"follow","max-snippet":"max-snippet:-1","max-image-preview":"max-image-preview:large","max-video-preview":"max-video-preview:-1"},"canonical":"https:\/\/apuntesdesanluis.com\/index.php\/2023\/11\/26\/confirmaron-la-condena-a-sebastian-villa-a-dos-anos-de-carcel-por-violencia-de-genero\/","og_locale":"es_ES","og_type":"article","og_title":"CONFIRMARON LA CONDENA A SEBASTI\u00c1N VILLA A DOS A\u00d1OS DE C\u00c1RCEL POR VIOLENCIA DE G\u00c9NERO - Apuntes de San Luis","og_description":"La C\u00e1mara de Apelaciones de Lomas de Zamora confirm\u00f3 la condena a dos a\u00f1os y...","og_url":"https:\/\/apuntesdesanluis.com\/index.php\/2023\/11\/26\/confirmaron-la-condena-a-sebastian-villa-a-dos-anos-de-carcel-por-violencia-de-genero\/","og_site_name":"Apuntes de San Luis","article_published_time":"2023-11-26T15:41:09+00:00","article_modified_time":"2023-11-27T03:43:00+00:00","og_image":[{"width":846,"height":486,"url":"https:\/\/apuntesdesanluis.com\/wp-content\/uploads\/2023\/11\/villa.png","type":"image\/png"}],"author":"apuntesdesanluis.com","twitter_card":"summary_large_image","twitter_misc":{"Escrito por":"apuntesdesanluis.com","Tiempo de lectura":"2 minutos"},"schema":{"@context":"https:\/\/schema.org","@graph":[{"@type":"Article","@id":"https:\/\/apuntesdesanluis.com\/index.php\/2023\/11\/26\/confirmaron-la-condena-a-sebastian-villa-a-dos-anos-de-carcel-por-violencia-de-genero\/#article","isPartOf":{"@id":"https:\/\/apuntesdesanluis.com\/index.php\/2023\/11\/26\/confirmaron-la-condena-a-sebastian-villa-a-dos-anos-de-carcel-por-violencia-de-genero\/"},"author":{"name":"apuntesdesanluis.com","@id":"https:\/\/apuntesdesanluis.com\/#\/schema\/person\/b55151d52296fcce64d1a72538a70b90"},"headline":"CONFIRMARON LA CONDENA A SEBASTI\u00c1N VILLA A DOS A\u00d1OS DE C\u00c1RCEL POR VIOLENCIA DE G\u00c9NERO","datePublished":"2023-11-26T15:41:09+00:00","dateModified":"2023-11-27T03:43:00+00:00","mainEntityOfPage":{"@id":"https:\/\/apuntesdesanluis.com\/index.php\/2023\/11\/26\/confirmaron-la-condena-a-sebastian-villa-a-dos-anos-de-carcel-por-violencia-de-genero\/"},"wordCount":278,"publisher":{"@id":"https:\/\/apuntesdesanluis.com\/#\/schema\/person\/b55151d52296fcce64d1a72538a70b90"},"image":{"@id":"https:\/\/apuntesdesanluis.com\/index.php\/2023\/11\/26\/confirmaron-la-condena-a-sebastian-villa-a-dos-anos-de-carcel-por-violencia-de-genero\/#primaryimage"},"thumbnailUrl":"https:\/\/apuntesdesanluis.com\/wp-content\/uploads\/2023\/11\/villa.png","articleSection":["Nacionales\/Internacionales"],"inLanguage":"es-AR"},{"@type":"WebPage","@id":"https:\/\/apuntesdesanluis.com\/index.php\/2023\/11\/26\/confirmaron-la-condena-a-sebastian-villa-a-dos-anos-de-carcel-por-violencia-de-genero\/","url":"https:\/\/apuntesdesanluis.com\/index.php\/2023\/11\/26\/confirmaron-la-condena-a-sebastian-villa-a-dos-anos-de-carcel-por-violencia-de-genero\/","name":"CONFIRMARON LA CONDENA A SEBASTI\u00c1N VILLA A DOS A\u00d1OS DE C\u00c1RCEL POR VIOLENCIA DE G\u00c9NERO - Apuntes de San Luis","isPartOf":{"@id":"https:\/\/apuntesdesanluis.com\/#website"},"primaryImageOfPage":{"@id":"https:\/\/apuntesdesanluis.com\/index.php\/2023\/11\/26\/confirmaron-la-condena-a-sebastian-villa-a-dos-anos-de-carcel-por-violencia-de-genero\/#primaryimage"},"image":{"@id":"https:\/\/apuntesdesanluis.com\/index.php\/2023\/11\/26\/confirmaron-la-condena-a-sebastian-villa-a-dos-anos-de-carcel-por-violencia-de-genero\/#primaryimage"},"thumbnailUrl":"https:\/\/apuntesdesanluis.com\/wp-content\/uploads\/2023\/11\/villa.png","datePublished":"2023-11-26T15:41:09+00:00","dateModified":"2023-11-27T03:43:00+00:00","breadcrumb":{"@id":"https:\/\/apuntesdesanluis.com\/index.php\/2023\/11\/26\/confirmaron-la-condena-a-sebastian-villa-a-dos-anos-de-carcel-por-violencia-de-genero\/#breadcrumb"},"inLanguage":"es-AR","potentialAction":[{"@type":"ReadAction","target":["https:\/\/apuntesdesanluis.com\/index.php\/2023\/11\/26\/confirmaron-la-condena-a-sebastian-villa-a-dos-anos-de-carcel-por-violencia-de-genero\/"]}]},{"@type":"ImageObject","inLanguage":"es-AR","@id":"https:\/\/apuntesdesanluis.com\/index.php\/2023\/11\/26\/confirmaron-la-condena-a-sebastian-villa-a-dos-anos-de-carcel-por-violencia-de-genero\/#primaryimage","url":"https:\/\/apuntesdesanluis.com\/wp-content\/uploads\/2023\/11\/villa.png","contentUrl":"https:\/\/apuntesdesanluis.com\/wp-content\/uploads\/2023\/11\/villa.png","width":846,"height":486},{"@type":"BreadcrumbList","@id":"https:\/\/apuntesdesanluis.com\/index.php\/2023\/11\/26\/confirmaron-la-condena-a-sebastian-villa-a-dos-anos-de-carcel-por-violencia-de-genero\/#breadcrumb","itemListElement":[{"@type":"ListItem","position":1,"name":"Inicio","item":"https:\/\/apuntesdesanluis.com\/"},{"@type":"ListItem","position":2,"name":"CONFIRMARON LA CONDENA A SEBASTI\u00c1N VILLA A DOS A\u00d1OS DE C\u00c1RCEL POR VIOLENCIA DE G\u00c9NERO"}]},{"@type":"WebSite","@id":"https:\/\/apuntesdesanluis.com\/#website","url":"https:\/\/apuntesdesanluis.com\/","name":"Apuntes de San Luis","description":"","publisher":{"@id":"https:\/\/apuntesdesanluis.com\/#\/schema\/person\/b55151d52296fcce64d1a72538a70b90"},"potentialAction":[{"@type":"SearchAction","target":{"@type":"EntryPoint","urlTemplate":"https:\/\/apuntesdesanluis.com\/?s={search_term_string}"},"query-input":{"@type":"PropertyValueSpecification","valueRequired":true,"valueName":"search_term_string"}}],"inLanguage":"es-AR"},{"@type":["Person","Organization"],"@id":"https:\/\/apuntesdesanluis.com\/#\/schema\/person\/b55151d52296fcce64d1a72538a70b90","name":"apuntesdesanluis.com","image":{"@type":"ImageObject","inLanguage":"es-AR","@id":"https:\/\/apuntesdesanluis.com\/#\/schema\/person\/image\/","url":"https:\/\/apuntesdesanluis.com\/wp-content\/uploads\/2023\/07\/cropped-apuntesdesanluis.png","contentUrl":"https:\/\/apuntesdesanluis.com\/wp-content\/uploads\/2023\/07\/cropped-apuntesdesanluis.png","width":450,"height":112,"caption":"apuntesdesanluis.com"},"logo":{"@id":"https:\/\/apuntesdesanluis.com\/#\/schema\/person\/image\/"},"sameAs":["https:\/\/apuntesdesanluis.com"],"url":"https:\/\/apuntesdesanluis.com\/index.php\/author\/apuntesdesanluis-com\/"}]}},"featured_image_urls":{"full":["https:\/\/apuntesdesanluis.com\/wp-content\/uploads\/2023\/11\/villa.png",846,486,false],"thumbnail":["https:\/\/apuntesdesanluis.com\/wp-content\/uploads\/2023\/11\/villa-150x150.png",150,150,true],"medium":["https:\/\/apuntesdesanluis.com\/wp-content\/uploads\/2023\/11\/villa-300x172.png",300,172,true],"medium_large":["https:\/\/apuntesdesanluis.com\/wp-content\/uploads\/2023\/11\/villa-768x441.png",640,368,true],"large":["https:\/\/apuntesdesanluis.com\/wp-content\/uploads\/2023\/11\/villa.png",640,368,false],"1536x1536":["https:\/\/apuntesdesanluis.com\/wp-content\/uploads\/2023\/11\/villa.png",846,486,false],"2048x2048":["https:\/\/apuntesdesanluis.com\/wp-content\/uploads\/2023\/11\/villa.png",846,486,false],"newsever-slider-full":["https:\/\/apuntesdesanluis.com\/wp-content\/uploads\/2023\/11\/villa.png",846,486,false],"newsever-featured":["https:\/\/apuntesdesanluis.com\/wp-content\/uploads\/2023\/11\/villa.png",846,486,false],"newsever-medium":["https:\/\/apuntesdesanluis.com\/wp-content\/uploads\/2023\/11\/villa-720x475.png",720,475,true]},"author_info":{"display_name":"apuntesdesanluis.com","author_link":"https:\/\/apuntesdesanluis.com\/index.php\/author\/apuntesdesanluis-com\/"},"category_info":"<a href=\"https:\/\/apuntesdesanluis.com\/index.php\/category\/nacionales-internacionales\/\" rel=\"category tag\">Nacionales\/Internacionales<\/a>","tag_info":"Nacionales\/Internacionales","comment_count":"0","_links":{"self":[{"href":"https:\/\/apuntesdesanluis.com\/index.php\/wp-json\/wp\/v2\/posts\/7409","targetHints":{"allow":["GET"]}}],"collection":[{"href":"https:\/\/apuntesdesanluis.com\/index.php\/wp-json\/wp\/v2\/posts"}],"about":[{"href":"https:\/\/apuntesdesanluis.com\/index.php\/wp-json\/wp\/v2\/types\/post"}],"author":[{"embeddable":true,"href":"https:\/\/apuntesdesanluis.com\/index.php\/wp-json\/wp\/v2\/users\/1"}],"replies":[{"embeddable":true,"href":"https:\/\/apuntesdesanluis.com\/index.php\/wp-json\/wp\/v2\/comments?post=7409"}],"version-history":[{"count":1,"href":"https:\/\/apuntesdesanluis.com\/index.php\/wp-json\/wp\/v2\/posts\/7409\/revisions"}],"predecessor-version":[{"id":7411,"href":"https:\/\/apuntesdesanluis.com\/index.php\/wp-json\/wp\/v2\/posts\/7409\/revisions\/7411"}],"wp:featuredmedia":[{"embeddable":true,"href":"https:\/\/apuntesdesanluis.com\/index.php\/wp-json\/wp\/v2\/media\/7410"}],"wp:attachment":[{"href":"https:\/\/apuntesdesanluis.com\/index.php\/wp-json\/wp\/v2\/media?parent=7409"}],"wp:term":[{"taxonomy":"category","embeddable":true,"href":"https:\/\/apuntesdesanluis.com\/index.php\/wp-json\/wp\/v2\/categories?post=7409"},{"taxonomy":"post_tag","embeddable":true,"href":"https:\/\/apuntesdesanluis.com\/index.php\/wp-json\/wp\/v2\/tags?post=7409"}],"curies":[{"name":"wp","href":"https:\/\/api.w.org\/{rel}","templated":true}]}}