{"id":7412,"date":"2023-11-26T16:52:21","date_gmt":"2023-11-26T19:52:21","guid":{"rendered":"https:\/\/apuntesdesanluis.com\/?p=7412"},"modified":"2023-11-27T00:52:47","modified_gmt":"2023-11-27T03:52:47","slug":"se-realizo-el-segundo-conversatorio-sobre-cannabis-medicinal","status":"publish","type":"post","link":"https:\/\/apuntesdesanluis.com\/index.php\/2023\/11\/26\/se-realizo-el-segundo-conversatorio-sobre-cannabis-medicinal\/","title":{"rendered":"SE REALIZ\u00d3 EL SEGUNDO CONVERSATORIO SOBRE CANNABIS MEDICINAL"},"content":{"rendered":"<h3>El pasado s\u00e1bado 25 se llev\u00f3 a cabo el segundo conversatorio del \u201cCannabis Medicinal, capacitaci\u00f3n desarrollada en el Auditorio de la Universidad de Oficios Eva Per\u00f3n (Upro), encuentro organizado por la Asociaci\u00f3n Libre Acci\u00f3n Puntana (ALAPU) e impulsado por la Universidad Nacional de San Luis y el Concejo Deliberante de Villa Mercedes.<\/h3>\n<h3>Participaron del conversatorio la Presidenta Provisional del HCD Prof. <strong>Lucia Lacerda Traversi<\/strong> acompa\u00f1ada por la Concejal <strong>Gabriela L\u00f3pez<\/strong> y\u00a0 el Concejal <strong>Jorge Rosales<\/strong>, junto a <strong>Santiago Scully<\/strong>, Cofundador de la Asociaci\u00f3n Libre Acci\u00f3n Puntana (ALAPu).<\/h3>\n<h3>Se\u00f1alaron al comenzar la jornada que es muy importante la idea de crear un \u00e1mbito donde se pueda generar un debate e intercambio de informaci\u00f3n, testimonios y di\u00e1logo entre diferentes agentes sociales involucrados en la tem\u00e1tica, incluidos las organizaciones sociales, la salud p\u00fablica y el conocimiento cient\u00edfico.<\/h3>\n<h3>En esta segunda capacitaci\u00f3n, se cont\u00f3 con la participaci\u00f3n de mam\u00e1s de ni\u00f1os con TEA. En esta oportunidad Anal\u00eda Mercado y Johana Castillo narraron sus propios testimonios y experiencias vividas con sus respectivos hijos Luca y Mauro.<\/h3>\n<p><img fetchpriority=\"high\" decoding=\"async\" class=\"wp-image-7414 aligncenter\" src=\"https:\/\/apuntesdesanluis.com\/wp-content\/uploads\/2023\/11\/explicacion-300x172.jpg\" alt=\"\" width=\"759\" height=\"435\" srcset=\"https:\/\/apuntesdesanluis.com\/wp-content\/uploads\/2023\/11\/explicacion-300x172.jpg 300w, https:\/\/apuntesdesanluis.com\/wp-content\/uploads\/2023\/11\/explicacion.jpg 584w\" sizes=\"(max-width: 759px) 100vw, 759px\" \/><\/p>\n<h3>Seguidamente, la Abogada Agostina Salvarredi brind\u00f3 detalles sobre las garant\u00edas de la elaboraci\u00f3n del cannabis medicinal, donde el ente regulador REPROCANN es el Registro Nacional de Pacientes en Tratamiento con Cannabis que regula la Ley N\u00b0 27.350 del Uso Medicinal de la Planta de Cannabis y sus derivados, y que permite a aquellas personas que cuenten con indicaci\u00f3n m\u00e9dica solicitar la autorizaci\u00f3n para cultivar para s\u00ed, o mediante un tercero (cultivadora\/or solidario\/a u ONGs).<\/h3>\n<h3>Desde una mirada de la Salud P\u00fablica la M\u00e9dica Susana Scully verti\u00f3 sus observaciones acerca de la tem\u00e1tica en cuesti\u00f3n.<\/h3>\n<p><img decoding=\"async\" class=\"wp-image-7415 aligncenter\" src=\"https:\/\/apuntesdesanluis.com\/wp-content\/uploads\/2023\/11\/publico-300x204.jpg\" alt=\"\" width=\"759\" height=\"516\" srcset=\"https:\/\/apuntesdesanluis.com\/wp-content\/uploads\/2023\/11\/publico-300x204.jpg 300w, https:\/\/apuntesdesanluis.com\/wp-content\/uploads\/2023\/11\/publico.jpg 600w\" sizes=\"(max-width: 759px) 100vw, 759px\" \/><\/p>\n<h3>Para concluir el Dr. Francisco Cecati, Coordinador del Programa Cannabis de la Universidad Nacional de San Luis, indic\u00f3 d\u00f3nde se realizan estudios del cannabis medicinal e indic\u00f3 que la mayor\u00eda de las investigaciones se realizan en patolog\u00edas neurol\u00f3gicas o neurodegenerativas.<\/h3>\n<p>&nbsp;<\/p>\n<p>&nbsp;<\/p>\n<p>&nbsp;<\/p>\n<p>&nbsp;<\/p>\n<p>&nbsp;<\/p>\n","protected":false},"excerpt":{"rendered":"<p>El pasado s\u00e1bado 25 se llev\u00f3 a cabo el segundo conversatorio del \u201cCannabis Medicinal, capacitaci\u00f3n&#8230;<\/p>\n","protected":false},"author":1,"featured_media":7413,"comment_status":"closed","ping_status":"closed","sticky":false,"template":"","format":"standard","meta":{"footnotes":""},"categories":[6],"tags":[],"class_list":["post-7412","post","type-post","status-publish","format-standard","has-post-thumbnail","hentry","category-ciudad-provincia"],"yoast_head":"<!-- This site is optimized with the Yoast SEO plugin v26.1.1 - https:\/\/yoast.com\/wordpress\/plugins\/seo\/ -->\n<title>SE REALIZ\u00d3 EL SEGUNDO CONVERSATORIO SOBRE CANNABIS MEDICINAL - Apuntes de San Luis<\/title>\n<meta name=\"robots\" content=\"index, follow, max-snippet:-1, max-image-preview:large, max-video-preview:-1\" \/>\n<link rel=\"canonical\" href=\"https:\/\/apuntesdesanluis.com\/index.php\/2023\/11\/26\/se-realizo-el-segundo-conversatorio-sobre-cannabis-medicinal\/\" \/>\n<meta property=\"og:locale\" content=\"es_ES\" \/>\n<meta property=\"og:type\" content=\"article\" \/>\n<meta property=\"og:title\" content=\"SE REALIZ\u00d3 EL SEGUNDO CONVERSATORIO SOBRE CANNABIS MEDICINAL - Apuntes de San Luis\" \/>\n<meta property=\"og:description\" content=\"El pasado s\u00e1bado 25 se llev\u00f3 a cabo el segundo conversatorio del \u201cCannabis Medicinal, capacitaci\u00f3n...\" \/>\n<meta property=\"og:url\" content=\"https:\/\/apuntesdesanluis.com\/index.php\/2023\/11\/26\/se-realizo-el-segundo-conversatorio-sobre-cannabis-medicinal\/\" \/>\n<meta property=\"og:site_name\" content=\"Apuntes de San Luis\" \/>\n<meta property=\"article:published_time\" content=\"2023-11-26T19:52:21+00:00\" \/>\n<meta property=\"article:modified_time\" content=\"2023-11-27T03:52:47+00:00\" \/>\n<meta property=\"og:image\" content=\"https:\/\/apuntesdesanluis.com\/wp-content\/uploads\/2023\/11\/rosales-scully.jpg\" \/>\n\t<meta property=\"og:image:width\" content=\"592\" \/>\n\t<meta property=\"og:image:height\" content=\"345\" \/>\n\t<meta property=\"og:image:type\" content=\"image\/jpeg\" \/>\n<meta name=\"author\" content=\"apuntesdesanluis.com\" \/>\n<meta name=\"twitter:card\" content=\"summary_large_image\" \/>\n<meta name=\"twitter:label1\" content=\"Escrito por\" \/>\n\t<meta name=\"twitter:data1\" content=\"apuntesdesanluis.com\" \/>\n\t<meta name=\"twitter:label2\" content=\"Tiempo de lectura\" \/>\n\t<meta name=\"twitter:data2\" content=\"2 minutos\" \/>\n<script type=\"application\/ld+json\" class=\"yoast-schema-graph\">{\"@context\":\"https:\/\/schema.org\",\"@graph\":[{\"@type\":\"Article\",\"@id\":\"https:\/\/apuntesdesanluis.com\/index.php\/2023\/11\/26\/se-realizo-el-segundo-conversatorio-sobre-cannabis-medicinal\/#article\",\"isPartOf\":{\"@id\":\"https:\/\/apuntesdesanluis.com\/index.php\/2023\/11\/26\/se-realizo-el-segundo-conversatorio-sobre-cannabis-medicinal\/\"},\"author\":{\"name\":\"apuntesdesanluis.com\",\"@id\":\"https:\/\/apuntesdesanluis.com\/#\/schema\/person\/b55151d52296fcce64d1a72538a70b90\"},\"headline\":\"SE REALIZ\u00d3 EL SEGUNDO CONVERSATORIO SOBRE CANNABIS MEDICINAL\",\"datePublished\":\"2023-11-26T19:52:21+00:00\",\"dateModified\":\"2023-11-27T03:52:47+00:00\",\"mainEntityOfPage\":{\"@id\":\"https:\/\/apuntesdesanluis.com\/index.php\/2023\/11\/26\/se-realizo-el-segundo-conversatorio-sobre-cannabis-medicinal\/\"},\"wordCount\":351,\"publisher\":{\"@id\":\"https:\/\/apuntesdesanluis.com\/#\/schema\/person\/b55151d52296fcce64d1a72538a70b90\"},\"image\":{\"@id\":\"https:\/\/apuntesdesanluis.com\/index.php\/2023\/11\/26\/se-realizo-el-segundo-conversatorio-sobre-cannabis-medicinal\/#primaryimage\"},\"thumbnailUrl\":\"https:\/\/apuntesdesanluis.com\/wp-content\/uploads\/2023\/11\/rosales-scully.jpg\",\"articleSection\":[\"Ciudad\/Provincia\"],\"inLanguage\":\"es-AR\"},{\"@type\":\"WebPage\",\"@id\":\"https:\/\/apuntesdesanluis.com\/index.php\/2023\/11\/26\/se-realizo-el-segundo-conversatorio-sobre-cannabis-medicinal\/\",\"url\":\"https:\/\/apuntesdesanluis.com\/index.php\/2023\/11\/26\/se-realizo-el-segundo-conversatorio-sobre-cannabis-medicinal\/\",\"name\":\"SE REALIZ\u00d3 EL SEGUNDO CONVERSATORIO SOBRE CANNABIS MEDICINAL - Apuntes de San Luis\",\"isPartOf\":{\"@id\":\"https:\/\/apuntesdesanluis.com\/#website\"},\"primaryImageOfPage\":{\"@id\":\"https:\/\/apuntesdesanluis.com\/index.php\/2023\/11\/26\/se-realizo-el-segundo-conversatorio-sobre-cannabis-medicinal\/#primaryimage\"},\"image\":{\"@id\":\"https:\/\/apuntesdesanluis.com\/index.php\/2023\/11\/26\/se-realizo-el-segundo-conversatorio-sobre-cannabis-medicinal\/#primaryimage\"},\"thumbnailUrl\":\"https:\/\/apuntesdesanluis.com\/wp-content\/uploads\/2023\/11\/rosales-scully.jpg\",\"datePublished\":\"2023-11-26T19:52:21+00:00\",\"dateModified\":\"2023-11-27T03:52:47+00:00\",\"breadcrumb\":{\"@id\":\"https:\/\/apuntesdesanluis.com\/index.php\/2023\/11\/26\/se-realizo-el-segundo-conversatorio-sobre-cannabis-medicinal\/#breadcrumb\"},\"inLanguage\":\"es-AR\",\"potentialAction\":[{\"@type\":\"ReadAction\",\"target\":[\"https:\/\/apuntesdesanluis.com\/index.php\/2023\/11\/26\/se-realizo-el-segundo-conversatorio-sobre-cannabis-medicinal\/\"]}]},{\"@type\":\"ImageObject\",\"inLanguage\":\"es-AR\",\"@id\":\"https:\/\/apuntesdesanluis.com\/index.php\/2023\/11\/26\/se-realizo-el-segundo-conversatorio-sobre-cannabis-medicinal\/#primaryimage\",\"url\":\"https:\/\/apuntesdesanluis.com\/wp-content\/uploads\/2023\/11\/rosales-scully.jpg\",\"contentUrl\":\"https:\/\/apuntesdesanluis.com\/wp-content\/uploads\/2023\/11\/rosales-scully.jpg\",\"width\":592,\"height\":345},{\"@type\":\"BreadcrumbList\",\"@id\":\"https:\/\/apuntesdesanluis.com\/index.php\/2023\/11\/26\/se-realizo-el-segundo-conversatorio-sobre-cannabis-medicinal\/#breadcrumb\",\"itemListElement\":[{\"@type\":\"ListItem\",\"position\":1,\"name\":\"Inicio\",\"item\":\"https:\/\/apuntesdesanluis.com\/\"},{\"@type\":\"ListItem\",\"position\":2,\"name\":\"SE REALIZ\u00d3 EL SEGUNDO CONVERSATORIO SOBRE CANNABIS MEDICINAL\"}]},{\"@type\":\"WebSite\",\"@id\":\"https:\/\/apuntesdesanluis.com\/#website\",\"url\":\"https:\/\/apuntesdesanluis.com\/\",\"name\":\"Apuntes de San Luis\",\"description\":\"\",\"publisher\":{\"@id\":\"https:\/\/apuntesdesanluis.com\/#\/schema\/person\/b55151d52296fcce64d1a72538a70b90\"},\"potentialAction\":[{\"@type\":\"SearchAction\",\"target\":{\"@type\":\"EntryPoint\",\"urlTemplate\":\"https:\/\/apuntesdesanluis.com\/?s={search_term_string}\"},\"query-input\":{\"@type\":\"PropertyValueSpecification\",\"valueRequired\":true,\"valueName\":\"search_term_string\"}}],\"inLanguage\":\"es-AR\"},{\"@type\":[\"Person\",\"Organization\"],\"@id\":\"https:\/\/apuntesdesanluis.com\/#\/schema\/person\/b55151d52296fcce64d1a72538a70b90\",\"name\":\"apuntesdesanluis.com\",\"image\":{\"@type\":\"ImageObject\",\"inLanguage\":\"es-AR\",\"@id\":\"https:\/\/apuntesdesanluis.com\/#\/schema\/person\/image\/\",\"url\":\"https:\/\/apuntesdesanluis.com\/wp-content\/uploads\/2023\/07\/cropped-apuntesdesanluis.png\",\"contentUrl\":\"https:\/\/apuntesdesanluis.com\/wp-content\/uploads\/2023\/07\/cropped-apuntesdesanluis.png\",\"width\":450,\"height\":112,\"caption\":\"apuntesdesanluis.com\"},\"logo\":{\"@id\":\"https:\/\/apuntesdesanluis.com\/#\/schema\/person\/image\/\"},\"sameAs\":[\"https:\/\/apuntesdesanluis.com\"],\"url\":\"https:\/\/apuntesdesanluis.com\/index.php\/author\/apuntesdesanluis-com\/\"}]}<\/script>\n<!-- \/ Yoast SEO plugin. -->","yoast_head_json":{"title":"SE REALIZ\u00d3 EL SEGUNDO CONVERSATORIO SOBRE CANNABIS MEDICINAL - Apuntes de San Luis","robots":{"index":"index","follow":"follow","max-snippet":"max-snippet:-1","max-image-preview":"max-image-preview:large","max-video-preview":"max-video-preview:-1"},"canonical":"https:\/\/apuntesdesanluis.com\/index.php\/2023\/11\/26\/se-realizo-el-segundo-conversatorio-sobre-cannabis-medicinal\/","og_locale":"es_ES","og_type":"article","og_title":"SE REALIZ\u00d3 EL SEGUNDO CONVERSATORIO SOBRE CANNABIS MEDICINAL - Apuntes de San Luis","og_description":"El pasado s\u00e1bado 25 se llev\u00f3 a cabo el segundo conversatorio del \u201cCannabis Medicinal, capacitaci\u00f3n...","og_url":"https:\/\/apuntesdesanluis.com\/index.php\/2023\/11\/26\/se-realizo-el-segundo-conversatorio-sobre-cannabis-medicinal\/","og_site_name":"Apuntes de San Luis","article_published_time":"2023-11-26T19:52:21+00:00","article_modified_time":"2023-11-27T03:52:47+00:00","og_image":[{"width":592,"height":345,"url":"https:\/\/apuntesdesanluis.com\/wp-content\/uploads\/2023\/11\/rosales-scully.jpg","type":"image\/jpeg"}],"author":"apuntesdesanluis.com","twitter_card":"summary_large_image","twitter_misc":{"Escrito por":"apuntesdesanluis.com","Tiempo de lectura":"2 minutos"},"schema":{"@context":"https:\/\/schema.org","@graph":[{"@type":"Article","@id":"https:\/\/apuntesdesanluis.com\/index.php\/2023\/11\/26\/se-realizo-el-segundo-conversatorio-sobre-cannabis-medicinal\/#article","isPartOf":{"@id":"https:\/\/apuntesdesanluis.com\/index.php\/2023\/11\/26\/se-realizo-el-segundo-conversatorio-sobre-cannabis-medicinal\/"},"author":{"name":"apuntesdesanluis.com","@id":"https:\/\/apuntesdesanluis.com\/#\/schema\/person\/b55151d52296fcce64d1a72538a70b90"},"headline":"SE REALIZ\u00d3 EL SEGUNDO CONVERSATORIO SOBRE CANNABIS MEDICINAL","datePublished":"2023-11-26T19:52:21+00:00","dateModified":"2023-11-27T03:52:47+00:00","mainEntityOfPage":{"@id":"https:\/\/apuntesdesanluis.com\/index.php\/2023\/11\/26\/se-realizo-el-segundo-conversatorio-sobre-cannabis-medicinal\/"},"wordCount":351,"publisher":{"@id":"https:\/\/apuntesdesanluis.com\/#\/schema\/person\/b55151d52296fcce64d1a72538a70b90"},"image":{"@id":"https:\/\/apuntesdesanluis.com\/index.php\/2023\/11\/26\/se-realizo-el-segundo-conversatorio-sobre-cannabis-medicinal\/#primaryimage"},"thumbnailUrl":"https:\/\/apuntesdesanluis.com\/wp-content\/uploads\/2023\/11\/rosales-scully.jpg","articleSection":["Ciudad\/Provincia"],"inLanguage":"es-AR"},{"@type":"WebPage","@id":"https:\/\/apuntesdesanluis.com\/index.php\/2023\/11\/26\/se-realizo-el-segundo-conversatorio-sobre-cannabis-medicinal\/","url":"https:\/\/apuntesdesanluis.com\/index.php\/2023\/11\/26\/se-realizo-el-segundo-conversatorio-sobre-cannabis-medicinal\/","name":"SE REALIZ\u00d3 EL SEGUNDO CONVERSATORIO SOBRE CANNABIS MEDICINAL - Apuntes de San Luis","isPartOf":{"@id":"https:\/\/apuntesdesanluis.com\/#website"},"primaryImageOfPage":{"@id":"https:\/\/apuntesdesanluis.com\/index.php\/2023\/11\/26\/se-realizo-el-segundo-conversatorio-sobre-cannabis-medicinal\/#primaryimage"},"image":{"@id":"https:\/\/apuntesdesanluis.com\/index.php\/2023\/11\/26\/se-realizo-el-segundo-conversatorio-sobre-cannabis-medicinal\/#primaryimage"},"thumbnailUrl":"https:\/\/apuntesdesanluis.com\/wp-content\/uploads\/2023\/11\/rosales-scully.jpg","datePublished":"2023-11-26T19:52:21+00:00","dateModified":"2023-11-27T03:52:47+00:00","breadcrumb":{"@id":"https:\/\/apuntesdesanluis.com\/index.php\/2023\/11\/26\/se-realizo-el-segundo-conversatorio-sobre-cannabis-medicinal\/#breadcrumb"},"inLanguage":"es-AR","potentialAction":[{"@type":"ReadAction","target":["https:\/\/apuntesdesanluis.com\/index.php\/2023\/11\/26\/se-realizo-el-segundo-conversatorio-sobre-cannabis-medicinal\/"]}]},{"@type":"ImageObject","inLanguage":"es-AR","@id":"https:\/\/apuntesdesanluis.com\/index.php\/2023\/11\/26\/se-realizo-el-segundo-conversatorio-sobre-cannabis-medicinal\/#primaryimage","url":"https:\/\/apuntesdesanluis.com\/wp-content\/uploads\/2023\/11\/rosales-scully.jpg","contentUrl":"https:\/\/apuntesdesanluis.com\/wp-content\/uploads\/2023\/11\/rosales-scully.jpg","width":592,"height":345},{"@type":"BreadcrumbList","@id":"https:\/\/apuntesdesanluis.com\/index.php\/2023\/11\/26\/se-realizo-el-segundo-conversatorio-sobre-cannabis-medicinal\/#breadcrumb","itemListElement":[{"@type":"ListItem","position":1,"name":"Inicio","item":"https:\/\/apuntesdesanluis.com\/"},{"@type":"ListItem","position":2,"name":"SE REALIZ\u00d3 EL SEGUNDO CONVERSATORIO SOBRE CANNABIS MEDICINAL"}]},{"@type":"WebSite","@id":"https:\/\/apuntesdesanluis.com\/#website","url":"https:\/\/apuntesdesanluis.com\/","name":"Apuntes de San Luis","description":"","publisher":{"@id":"https:\/\/apuntesdesanluis.com\/#\/schema\/person\/b55151d52296fcce64d1a72538a70b90"},"potentialAction":[{"@type":"SearchAction","target":{"@type":"EntryPoint","urlTemplate":"https:\/\/apuntesdesanluis.com\/?s={search_term_string}"},"query-input":{"@type":"PropertyValueSpecification","valueRequired":true,"valueName":"search_term_string"}}],"inLanguage":"es-AR"},{"@type":["Person","Organization"],"@id":"https:\/\/apuntesdesanluis.com\/#\/schema\/person\/b55151d52296fcce64d1a72538a70b90","name":"apuntesdesanluis.com","image":{"@type":"ImageObject","inLanguage":"es-AR","@id":"https:\/\/apuntesdesanluis.com\/#\/schema\/person\/image\/","url":"https:\/\/apuntesdesanluis.com\/wp-content\/uploads\/2023\/07\/cropped-apuntesdesanluis.png","contentUrl":"https:\/\/apuntesdesanluis.com\/wp-content\/uploads\/2023\/07\/cropped-apuntesdesanluis.png","width":450,"height":112,"caption":"apuntesdesanluis.com"},"logo":{"@id":"https:\/\/apuntesdesanluis.com\/#\/schema\/person\/image\/"},"sameAs":["https:\/\/apuntesdesanluis.com"],"url":"https:\/\/apuntesdesanluis.com\/index.php\/author\/apuntesdesanluis-com\/"}]}},"featured_image_urls":{"full":["https:\/\/apuntesdesanluis.com\/wp-content\/uploads\/2023\/11\/rosales-scully.jpg",592,345,false],"thumbnail":["https:\/\/apuntesdesanluis.com\/wp-content\/uploads\/2023\/11\/rosales-scully-150x150.jpg",150,150,true],"medium":["https:\/\/apuntesdesanluis.com\/wp-content\/uploads\/2023\/11\/rosales-scully-300x175.jpg",300,175,true],"medium_large":["https:\/\/apuntesdesanluis.com\/wp-content\/uploads\/2023\/11\/rosales-scully.jpg",592,345,false],"large":["https:\/\/apuntesdesanluis.com\/wp-content\/uploads\/2023\/11\/rosales-scully.jpg",592,345,false],"1536x1536":["https:\/\/apuntesdesanluis.com\/wp-content\/uploads\/2023\/11\/rosales-scully.jpg",592,345,false],"2048x2048":["https:\/\/apuntesdesanluis.com\/wp-content\/uploads\/2023\/11\/rosales-scully.jpg",592,345,false],"newsever-slider-full":["https:\/\/apuntesdesanluis.com\/wp-content\/uploads\/2023\/11\/rosales-scully.jpg",592,345,false],"newsever-featured":["https:\/\/apuntesdesanluis.com\/wp-content\/uploads\/2023\/11\/rosales-scully.jpg",592,345,false],"newsever-medium":["https:\/\/apuntesdesanluis.com\/wp-content\/uploads\/2023\/11\/rosales-scully.jpg",592,345,false]},"author_info":{"display_name":"apuntesdesanluis.com","author_link":"https:\/\/apuntesdesanluis.com\/index.php\/author\/apuntesdesanluis-com\/"},"category_info":"<a href=\"https:\/\/apuntesdesanluis.com\/index.php\/category\/ciudad-provincia\/\" rel=\"category tag\">Ciudad\/Provincia<\/a>","tag_info":"Ciudad\/Provincia","comment_count":"0","_links":{"self":[{"href":"https:\/\/apuntesdesanluis.com\/index.php\/wp-json\/wp\/v2\/posts\/7412","targetHints":{"allow":["GET"]}}],"collection":[{"href":"https:\/\/apuntesdesanluis.com\/index.php\/wp-json\/wp\/v2\/posts"}],"about":[{"href":"https:\/\/apuntesdesanluis.com\/index.php\/wp-json\/wp\/v2\/types\/post"}],"author":[{"embeddable":true,"href":"https:\/\/apuntesdesanluis.com\/index.php\/wp-json\/wp\/v2\/users\/1"}],"replies":[{"embeddable":true,"href":"https:\/\/apuntesdesanluis.com\/index.php\/wp-json\/wp\/v2\/comments?post=7412"}],"version-history":[{"count":1,"href":"https:\/\/apuntesdesanluis.com\/index.php\/wp-json\/wp\/v2\/posts\/7412\/revisions"}],"predecessor-version":[{"id":7416,"href":"https:\/\/apuntesdesanluis.com\/index.php\/wp-json\/wp\/v2\/posts\/7412\/revisions\/7416"}],"wp:featuredmedia":[{"embeddable":true,"href":"https:\/\/apuntesdesanluis.com\/index.php\/wp-json\/wp\/v2\/media\/7413"}],"wp:attachment":[{"href":"https:\/\/apuntesdesanluis.com\/index.php\/wp-json\/wp\/v2\/media?parent=7412"}],"wp:term":[{"taxonomy":"category","embeddable":true,"href":"https:\/\/apuntesdesanluis.com\/index.php\/wp-json\/wp\/v2\/categories?post=7412"},{"taxonomy":"post_tag","embeddable":true,"href":"https:\/\/apuntesdesanluis.com\/index.php\/wp-json\/wp\/v2\/tags?post=7412"}],"curies":[{"name":"wp","href":"https:\/\/api.w.org\/{rel}","templated":true}]}}