{"id":7425,"date":"2023-11-27T10:12:13","date_gmt":"2023-11-27T13:12:13","guid":{"rendered":"https:\/\/apuntesdesanluis.com\/?p=7425"},"modified":"2023-11-27T16:18:31","modified_gmt":"2023-11-27T19:18:31","slug":"el-puma-esta-vez-rugio-con-acertijos-su-banda-musical","status":"publish","type":"post","link":"https:\/\/apuntesdesanluis.com\/index.php\/2023\/11\/27\/el-puma-esta-vez-rugio-con-acertijos-su-banda-musical\/","title":{"rendered":"EL PUMA ESTA VEZ RUGI\u00d3 CON \u201cACERTIJOS\u201d, SU BANDA MUSICAL"},"content":{"rendered":"<h3>Este domingo en el estudio A de La Casa, el grupo liderado por <strong>Daniel \u201cEl Puma\u201d Rodr\u00edguez<\/strong> le dio vida a una pasi\u00f3n que lo acompa\u00f1a hace 30 a\u00f1os y que este a\u00f1o fecund\u00f3 en nueve meses. \u201c<strong>Una Vez M\u00e1s<\/strong>\u201d, lleva por nombre su primer trabajo discogr\u00e1fico.<\/h3>\n<h3>Diez canciones y una puesta en escena impactante quedaron registradas en el recital que brindaron en el estudio de Casa de la M\u00fasica, para un p\u00fablico \u00edntimo y selecto.<\/h3>\n<h3>Los integrantes de la banda, Andr\u00e9s Federigi en bater\u00eda, Gustavo Barsanti en guitarra y Pablo Garis en bajo, se percibieron visiblemente emocionados por los resultados. El grupo tiene 6 videos clips y festejaron las cien mil reproducciones de uno de sus temas principales.<\/h3>\n<h3><img fetchpriority=\"high\" decoding=\"async\" class=\"wp-image-7427 aligncenter\" src=\"https:\/\/apuntesdesanluis.com\/wp-content\/uploads\/2023\/11\/Puma-acertijos-300x168.jpg\" alt=\"\" width=\"798\" height=\"447\" srcset=\"https:\/\/apuntesdesanluis.com\/wp-content\/uploads\/2023\/11\/Puma-acertijos-300x168.jpg 300w, https:\/\/apuntesdesanluis.com\/wp-content\/uploads\/2023\/11\/Puma-acertijos.jpg 600w\" sizes=\"(max-width: 798px) 100vw, 798px\" \/><\/h3>\n<h3>\u201cHoy fue una jornada inolvidable, so\u00f1amos y trabajamos mucho para conseguir este encuentro con el p\u00fablico y nuestros allegados. \u201cUna Vez M\u00e1s\u201d es el nombre que elegimos para el disco, porque consideramos que siempre es importante sobreponerse a cualquier ca\u00edda, siempre es importante volver a empezar una vez m\u00e1s, confiar en uno mismo y no dejar de so\u00f1ar\u201d, explic\u00f3 el Puma.<\/h3>\n<h3>\u201cSomos un gran equipo; no solo de m\u00fasicos, sino tambi\u00e9n de productores, camar\u00f3grafos, trabajadores visuales, representantes, operador, tenemos m\u00e1s de quince personas trabajando en este proyecto. Pronto estaremos en San Juan, Mendoza, Buenos Aires, La Rioja, Uruguay y en Villa Mercedes\u201d, afirm\u00f3.\u00a0 \u201cGracias a Casa de la M\u00fasica por permitirnos estar ac\u00e1 para presentar el disco\u201d, cerr\u00f3 el Puma.<\/h3>\n","protected":false},"excerpt":{"rendered":"<p>Este domingo en el estudio A de La Casa, el grupo liderado por Daniel \u201cEl&#8230;<\/p>\n","protected":false},"author":1,"featured_media":7426,"comment_status":"closed","ping_status":"closed","sticky":false,"template":"","format":"standard","meta":{"footnotes":""},"categories":[6],"tags":[],"class_list":["post-7425","post","type-post","status-publish","format-standard","has-post-thumbnail","hentry","category-ciudad-provincia"],"yoast_head":"<!-- This site is optimized with the Yoast SEO plugin v26.1.1 - https:\/\/yoast.com\/wordpress\/plugins\/seo\/ -->\n<title>EL PUMA ESTA VEZ RUGI\u00d3 CON \u201cACERTIJOS\u201d, SU BANDA MUSICAL - Apuntes de San Luis<\/title>\n<meta name=\"robots\" content=\"index, follow, max-snippet:-1, max-image-preview:large, max-video-preview:-1\" \/>\n<link rel=\"canonical\" href=\"https:\/\/apuntesdesanluis.com\/index.php\/2023\/11\/27\/el-puma-esta-vez-rugio-con-acertijos-su-banda-musical\/\" \/>\n<meta property=\"og:locale\" content=\"es_ES\" \/>\n<meta property=\"og:type\" content=\"article\" \/>\n<meta property=\"og:title\" content=\"EL PUMA ESTA VEZ RUGI\u00d3 CON \u201cACERTIJOS\u201d, SU BANDA MUSICAL - Apuntes de San Luis\" \/>\n<meta property=\"og:description\" content=\"Este domingo en el estudio A de La Casa, el grupo liderado por Daniel \u201cEl...\" \/>\n<meta property=\"og:url\" content=\"https:\/\/apuntesdesanluis.com\/index.php\/2023\/11\/27\/el-puma-esta-vez-rugio-con-acertijos-su-banda-musical\/\" \/>\n<meta property=\"og:site_name\" content=\"Apuntes de San Luis\" \/>\n<meta property=\"article:published_time\" content=\"2023-11-27T13:12:13+00:00\" \/>\n<meta property=\"article:modified_time\" content=\"2023-11-27T19:18:31+00:00\" \/>\n<meta property=\"og:image\" content=\"https:\/\/apuntesdesanluis.com\/wp-content\/uploads\/2023\/11\/acertijos-puma.jpg\" \/>\n\t<meta property=\"og:image:width\" content=\"594\" \/>\n\t<meta property=\"og:image:height\" content=\"321\" \/>\n\t<meta property=\"og:image:type\" content=\"image\/jpeg\" \/>\n<meta name=\"author\" content=\"apuntesdesanluis.com\" \/>\n<meta name=\"twitter:card\" content=\"summary_large_image\" \/>\n<meta name=\"twitter:label1\" content=\"Escrito por\" \/>\n\t<meta name=\"twitter:data1\" content=\"apuntesdesanluis.com\" \/>\n\t<meta name=\"twitter:label2\" content=\"Tiempo de lectura\" \/>\n\t<meta name=\"twitter:data2\" content=\"2 minutos\" \/>\n<script type=\"application\/ld+json\" class=\"yoast-schema-graph\">{\"@context\":\"https:\/\/schema.org\",\"@graph\":[{\"@type\":\"Article\",\"@id\":\"https:\/\/apuntesdesanluis.com\/index.php\/2023\/11\/27\/el-puma-esta-vez-rugio-con-acertijos-su-banda-musical\/#article\",\"isPartOf\":{\"@id\":\"https:\/\/apuntesdesanluis.com\/index.php\/2023\/11\/27\/el-puma-esta-vez-rugio-con-acertijos-su-banda-musical\/\"},\"author\":{\"name\":\"apuntesdesanluis.com\",\"@id\":\"https:\/\/apuntesdesanluis.com\/#\/schema\/person\/b55151d52296fcce64d1a72538a70b90\"},\"headline\":\"EL PUMA ESTA VEZ RUGI\u00d3 CON \u201cACERTIJOS\u201d, SU BANDA MUSICAL\",\"datePublished\":\"2023-11-27T13:12:13+00:00\",\"dateModified\":\"2023-11-27T19:18:31+00:00\",\"mainEntityOfPage\":{\"@id\":\"https:\/\/apuntesdesanluis.com\/index.php\/2023\/11\/27\/el-puma-esta-vez-rugio-con-acertijos-su-banda-musical\/\"},\"wordCount\":269,\"publisher\":{\"@id\":\"https:\/\/apuntesdesanluis.com\/#\/schema\/person\/b55151d52296fcce64d1a72538a70b90\"},\"image\":{\"@id\":\"https:\/\/apuntesdesanluis.com\/index.php\/2023\/11\/27\/el-puma-esta-vez-rugio-con-acertijos-su-banda-musical\/#primaryimage\"},\"thumbnailUrl\":\"https:\/\/apuntesdesanluis.com\/wp-content\/uploads\/2023\/11\/acertijos-puma.jpg\",\"articleSection\":[\"Ciudad\/Provincia\"],\"inLanguage\":\"es-AR\"},{\"@type\":\"WebPage\",\"@id\":\"https:\/\/apuntesdesanluis.com\/index.php\/2023\/11\/27\/el-puma-esta-vez-rugio-con-acertijos-su-banda-musical\/\",\"url\":\"https:\/\/apuntesdesanluis.com\/index.php\/2023\/11\/27\/el-puma-esta-vez-rugio-con-acertijos-su-banda-musical\/\",\"name\":\"EL PUMA ESTA VEZ RUGI\u00d3 CON \u201cACERTIJOS\u201d, SU BANDA MUSICAL - Apuntes de San Luis\",\"isPartOf\":{\"@id\":\"https:\/\/apuntesdesanluis.com\/#website\"},\"primaryImageOfPage\":{\"@id\":\"https:\/\/apuntesdesanluis.com\/index.php\/2023\/11\/27\/el-puma-esta-vez-rugio-con-acertijos-su-banda-musical\/#primaryimage\"},\"image\":{\"@id\":\"https:\/\/apuntesdesanluis.com\/index.php\/2023\/11\/27\/el-puma-esta-vez-rugio-con-acertijos-su-banda-musical\/#primaryimage\"},\"thumbnailUrl\":\"https:\/\/apuntesdesanluis.com\/wp-content\/uploads\/2023\/11\/acertijos-puma.jpg\",\"datePublished\":\"2023-11-27T13:12:13+00:00\",\"dateModified\":\"2023-11-27T19:18:31+00:00\",\"breadcrumb\":{\"@id\":\"https:\/\/apuntesdesanluis.com\/index.php\/2023\/11\/27\/el-puma-esta-vez-rugio-con-acertijos-su-banda-musical\/#breadcrumb\"},\"inLanguage\":\"es-AR\",\"potentialAction\":[{\"@type\":\"ReadAction\",\"target\":[\"https:\/\/apuntesdesanluis.com\/index.php\/2023\/11\/27\/el-puma-esta-vez-rugio-con-acertijos-su-banda-musical\/\"]}]},{\"@type\":\"ImageObject\",\"inLanguage\":\"es-AR\",\"@id\":\"https:\/\/apuntesdesanluis.com\/index.php\/2023\/11\/27\/el-puma-esta-vez-rugio-con-acertijos-su-banda-musical\/#primaryimage\",\"url\":\"https:\/\/apuntesdesanluis.com\/wp-content\/uploads\/2023\/11\/acertijos-puma.jpg\",\"contentUrl\":\"https:\/\/apuntesdesanluis.com\/wp-content\/uploads\/2023\/11\/acertijos-puma.jpg\",\"width\":594,\"height\":321},{\"@type\":\"BreadcrumbList\",\"@id\":\"https:\/\/apuntesdesanluis.com\/index.php\/2023\/11\/27\/el-puma-esta-vez-rugio-con-acertijos-su-banda-musical\/#breadcrumb\",\"itemListElement\":[{\"@type\":\"ListItem\",\"position\":1,\"name\":\"Inicio\",\"item\":\"https:\/\/apuntesdesanluis.com\/\"},{\"@type\":\"ListItem\",\"position\":2,\"name\":\"EL PUMA ESTA VEZ RUGI\u00d3 CON \u201cACERTIJOS\u201d, SU BANDA MUSICAL\"}]},{\"@type\":\"WebSite\",\"@id\":\"https:\/\/apuntesdesanluis.com\/#website\",\"url\":\"https:\/\/apuntesdesanluis.com\/\",\"name\":\"Apuntes de San Luis\",\"description\":\"\",\"publisher\":{\"@id\":\"https:\/\/apuntesdesanluis.com\/#\/schema\/person\/b55151d52296fcce64d1a72538a70b90\"},\"potentialAction\":[{\"@type\":\"SearchAction\",\"target\":{\"@type\":\"EntryPoint\",\"urlTemplate\":\"https:\/\/apuntesdesanluis.com\/?s={search_term_string}\"},\"query-input\":{\"@type\":\"PropertyValueSpecification\",\"valueRequired\":true,\"valueName\":\"search_term_string\"}}],\"inLanguage\":\"es-AR\"},{\"@type\":[\"Person\",\"Organization\"],\"@id\":\"https:\/\/apuntesdesanluis.com\/#\/schema\/person\/b55151d52296fcce64d1a72538a70b90\",\"name\":\"apuntesdesanluis.com\",\"image\":{\"@type\":\"ImageObject\",\"inLanguage\":\"es-AR\",\"@id\":\"https:\/\/apuntesdesanluis.com\/#\/schema\/person\/image\/\",\"url\":\"https:\/\/apuntesdesanluis.com\/wp-content\/uploads\/2023\/07\/cropped-apuntesdesanluis.png\",\"contentUrl\":\"https:\/\/apuntesdesanluis.com\/wp-content\/uploads\/2023\/07\/cropped-apuntesdesanluis.png\",\"width\":450,\"height\":112,\"caption\":\"apuntesdesanluis.com\"},\"logo\":{\"@id\":\"https:\/\/apuntesdesanluis.com\/#\/schema\/person\/image\/\"},\"sameAs\":[\"https:\/\/apuntesdesanluis.com\"],\"url\":\"https:\/\/apuntesdesanluis.com\/index.php\/author\/apuntesdesanluis-com\/\"}]}<\/script>\n<!-- \/ Yoast SEO plugin. -->","yoast_head_json":{"title":"EL PUMA ESTA VEZ RUGI\u00d3 CON \u201cACERTIJOS\u201d, SU BANDA MUSICAL - Apuntes de San Luis","robots":{"index":"index","follow":"follow","max-snippet":"max-snippet:-1","max-image-preview":"max-image-preview:large","max-video-preview":"max-video-preview:-1"},"canonical":"https:\/\/apuntesdesanluis.com\/index.php\/2023\/11\/27\/el-puma-esta-vez-rugio-con-acertijos-su-banda-musical\/","og_locale":"es_ES","og_type":"article","og_title":"EL PUMA ESTA VEZ RUGI\u00d3 CON \u201cACERTIJOS\u201d, SU BANDA MUSICAL - Apuntes de San Luis","og_description":"Este domingo en el estudio A de La Casa, el grupo liderado por Daniel \u201cEl...","og_url":"https:\/\/apuntesdesanluis.com\/index.php\/2023\/11\/27\/el-puma-esta-vez-rugio-con-acertijos-su-banda-musical\/","og_site_name":"Apuntes de San Luis","article_published_time":"2023-11-27T13:12:13+00:00","article_modified_time":"2023-11-27T19:18:31+00:00","og_image":[{"width":594,"height":321,"url":"https:\/\/apuntesdesanluis.com\/wp-content\/uploads\/2023\/11\/acertijos-puma.jpg","type":"image\/jpeg"}],"author":"apuntesdesanluis.com","twitter_card":"summary_large_image","twitter_misc":{"Escrito por":"apuntesdesanluis.com","Tiempo de lectura":"2 minutos"},"schema":{"@context":"https:\/\/schema.org","@graph":[{"@type":"Article","@id":"https:\/\/apuntesdesanluis.com\/index.php\/2023\/11\/27\/el-puma-esta-vez-rugio-con-acertijos-su-banda-musical\/#article","isPartOf":{"@id":"https:\/\/apuntesdesanluis.com\/index.php\/2023\/11\/27\/el-puma-esta-vez-rugio-con-acertijos-su-banda-musical\/"},"author":{"name":"apuntesdesanluis.com","@id":"https:\/\/apuntesdesanluis.com\/#\/schema\/person\/b55151d52296fcce64d1a72538a70b90"},"headline":"EL PUMA ESTA VEZ RUGI\u00d3 CON \u201cACERTIJOS\u201d, SU BANDA MUSICAL","datePublished":"2023-11-27T13:12:13+00:00","dateModified":"2023-11-27T19:18:31+00:00","mainEntityOfPage":{"@id":"https:\/\/apuntesdesanluis.com\/index.php\/2023\/11\/27\/el-puma-esta-vez-rugio-con-acertijos-su-banda-musical\/"},"wordCount":269,"publisher":{"@id":"https:\/\/apuntesdesanluis.com\/#\/schema\/person\/b55151d52296fcce64d1a72538a70b90"},"image":{"@id":"https:\/\/apuntesdesanluis.com\/index.php\/2023\/11\/27\/el-puma-esta-vez-rugio-con-acertijos-su-banda-musical\/#primaryimage"},"thumbnailUrl":"https:\/\/apuntesdesanluis.com\/wp-content\/uploads\/2023\/11\/acertijos-puma.jpg","articleSection":["Ciudad\/Provincia"],"inLanguage":"es-AR"},{"@type":"WebPage","@id":"https:\/\/apuntesdesanluis.com\/index.php\/2023\/11\/27\/el-puma-esta-vez-rugio-con-acertijos-su-banda-musical\/","url":"https:\/\/apuntesdesanluis.com\/index.php\/2023\/11\/27\/el-puma-esta-vez-rugio-con-acertijos-su-banda-musical\/","name":"EL PUMA ESTA VEZ RUGI\u00d3 CON \u201cACERTIJOS\u201d, SU BANDA MUSICAL - Apuntes de San Luis","isPartOf":{"@id":"https:\/\/apuntesdesanluis.com\/#website"},"primaryImageOfPage":{"@id":"https:\/\/apuntesdesanluis.com\/index.php\/2023\/11\/27\/el-puma-esta-vez-rugio-con-acertijos-su-banda-musical\/#primaryimage"},"image":{"@id":"https:\/\/apuntesdesanluis.com\/index.php\/2023\/11\/27\/el-puma-esta-vez-rugio-con-acertijos-su-banda-musical\/#primaryimage"},"thumbnailUrl":"https:\/\/apuntesdesanluis.com\/wp-content\/uploads\/2023\/11\/acertijos-puma.jpg","datePublished":"2023-11-27T13:12:13+00:00","dateModified":"2023-11-27T19:18:31+00:00","breadcrumb":{"@id":"https:\/\/apuntesdesanluis.com\/index.php\/2023\/11\/27\/el-puma-esta-vez-rugio-con-acertijos-su-banda-musical\/#breadcrumb"},"inLanguage":"es-AR","potentialAction":[{"@type":"ReadAction","target":["https:\/\/apuntesdesanluis.com\/index.php\/2023\/11\/27\/el-puma-esta-vez-rugio-con-acertijos-su-banda-musical\/"]}]},{"@type":"ImageObject","inLanguage":"es-AR","@id":"https:\/\/apuntesdesanluis.com\/index.php\/2023\/11\/27\/el-puma-esta-vez-rugio-con-acertijos-su-banda-musical\/#primaryimage","url":"https:\/\/apuntesdesanluis.com\/wp-content\/uploads\/2023\/11\/acertijos-puma.jpg","contentUrl":"https:\/\/apuntesdesanluis.com\/wp-content\/uploads\/2023\/11\/acertijos-puma.jpg","width":594,"height":321},{"@type":"BreadcrumbList","@id":"https:\/\/apuntesdesanluis.com\/index.php\/2023\/11\/27\/el-puma-esta-vez-rugio-con-acertijos-su-banda-musical\/#breadcrumb","itemListElement":[{"@type":"ListItem","position":1,"name":"Inicio","item":"https:\/\/apuntesdesanluis.com\/"},{"@type":"ListItem","position":2,"name":"EL PUMA ESTA VEZ RUGI\u00d3 CON \u201cACERTIJOS\u201d, SU BANDA MUSICAL"}]},{"@type":"WebSite","@id":"https:\/\/apuntesdesanluis.com\/#website","url":"https:\/\/apuntesdesanluis.com\/","name":"Apuntes de San Luis","description":"","publisher":{"@id":"https:\/\/apuntesdesanluis.com\/#\/schema\/person\/b55151d52296fcce64d1a72538a70b90"},"potentialAction":[{"@type":"SearchAction","target":{"@type":"EntryPoint","urlTemplate":"https:\/\/apuntesdesanluis.com\/?s={search_term_string}"},"query-input":{"@type":"PropertyValueSpecification","valueRequired":true,"valueName":"search_term_string"}}],"inLanguage":"es-AR"},{"@type":["Person","Organization"],"@id":"https:\/\/apuntesdesanluis.com\/#\/schema\/person\/b55151d52296fcce64d1a72538a70b90","name":"apuntesdesanluis.com","image":{"@type":"ImageObject","inLanguage":"es-AR","@id":"https:\/\/apuntesdesanluis.com\/#\/schema\/person\/image\/","url":"https:\/\/apuntesdesanluis.com\/wp-content\/uploads\/2023\/07\/cropped-apuntesdesanluis.png","contentUrl":"https:\/\/apuntesdesanluis.com\/wp-content\/uploads\/2023\/07\/cropped-apuntesdesanluis.png","width":450,"height":112,"caption":"apuntesdesanluis.com"},"logo":{"@id":"https:\/\/apuntesdesanluis.com\/#\/schema\/person\/image\/"},"sameAs":["https:\/\/apuntesdesanluis.com"],"url":"https:\/\/apuntesdesanluis.com\/index.php\/author\/apuntesdesanluis-com\/"}]}},"featured_image_urls":{"full":["https:\/\/apuntesdesanluis.com\/wp-content\/uploads\/2023\/11\/acertijos-puma.jpg",594,321,false],"thumbnail":["https:\/\/apuntesdesanluis.com\/wp-content\/uploads\/2023\/11\/acertijos-puma-150x150.jpg",150,150,true],"medium":["https:\/\/apuntesdesanluis.com\/wp-content\/uploads\/2023\/11\/acertijos-puma-300x162.jpg",300,162,true],"medium_large":["https:\/\/apuntesdesanluis.com\/wp-content\/uploads\/2023\/11\/acertijos-puma.jpg",594,321,false],"large":["https:\/\/apuntesdesanluis.com\/wp-content\/uploads\/2023\/11\/acertijos-puma.jpg",594,321,false],"1536x1536":["https:\/\/apuntesdesanluis.com\/wp-content\/uploads\/2023\/11\/acertijos-puma.jpg",594,321,false],"2048x2048":["https:\/\/apuntesdesanluis.com\/wp-content\/uploads\/2023\/11\/acertijos-puma.jpg",594,321,false],"newsever-slider-full":["https:\/\/apuntesdesanluis.com\/wp-content\/uploads\/2023\/11\/acertijos-puma.jpg",594,321,false],"newsever-featured":["https:\/\/apuntesdesanluis.com\/wp-content\/uploads\/2023\/11\/acertijos-puma.jpg",594,321,false],"newsever-medium":["https:\/\/apuntesdesanluis.com\/wp-content\/uploads\/2023\/11\/acertijos-puma.jpg",594,321,false]},"author_info":{"display_name":"apuntesdesanluis.com","author_link":"https:\/\/apuntesdesanluis.com\/index.php\/author\/apuntesdesanluis-com\/"},"category_info":"<a href=\"https:\/\/apuntesdesanluis.com\/index.php\/category\/ciudad-provincia\/\" rel=\"category tag\">Ciudad\/Provincia<\/a>","tag_info":"Ciudad\/Provincia","comment_count":"0","_links":{"self":[{"href":"https:\/\/apuntesdesanluis.com\/index.php\/wp-json\/wp\/v2\/posts\/7425","targetHints":{"allow":["GET"]}}],"collection":[{"href":"https:\/\/apuntesdesanluis.com\/index.php\/wp-json\/wp\/v2\/posts"}],"about":[{"href":"https:\/\/apuntesdesanluis.com\/index.php\/wp-json\/wp\/v2\/types\/post"}],"author":[{"embeddable":true,"href":"https:\/\/apuntesdesanluis.com\/index.php\/wp-json\/wp\/v2\/users\/1"}],"replies":[{"embeddable":true,"href":"https:\/\/apuntesdesanluis.com\/index.php\/wp-json\/wp\/v2\/comments?post=7425"}],"version-history":[{"count":1,"href":"https:\/\/apuntesdesanluis.com\/index.php\/wp-json\/wp\/v2\/posts\/7425\/revisions"}],"predecessor-version":[{"id":7428,"href":"https:\/\/apuntesdesanluis.com\/index.php\/wp-json\/wp\/v2\/posts\/7425\/revisions\/7428"}],"wp:featuredmedia":[{"embeddable":true,"href":"https:\/\/apuntesdesanluis.com\/index.php\/wp-json\/wp\/v2\/media\/7426"}],"wp:attachment":[{"href":"https:\/\/apuntesdesanluis.com\/index.php\/wp-json\/wp\/v2\/media?parent=7425"}],"wp:term":[{"taxonomy":"category","embeddable":true,"href":"https:\/\/apuntesdesanluis.com\/index.php\/wp-json\/wp\/v2\/categories?post=7425"},{"taxonomy":"post_tag","embeddable":true,"href":"https:\/\/apuntesdesanluis.com\/index.php\/wp-json\/wp\/v2\/tags?post=7425"}],"curies":[{"name":"wp","href":"https:\/\/api.w.org\/{rel}","templated":true}]}}