{"id":7429,"date":"2023-11-27T17:10:15","date_gmt":"2023-11-27T20:10:15","guid":{"rendered":"https:\/\/apuntesdesanluis.com\/?p=7429"},"modified":"2023-11-27T17:10:15","modified_gmt":"2023-11-27T20:10:15","slug":"caso-amancay-sandoval-continuara-preso-hasta-el-10-de-diciembre","status":"publish","type":"post","link":"https:\/\/apuntesdesanluis.com\/index.php\/2023\/11\/27\/caso-amancay-sandoval-continuara-preso-hasta-el-10-de-diciembre\/","title":{"rendered":"CASO AMANCAY: SANDOVAL CONTINUAR\u00c1 PRESO HASTA EL 10 DE DICIEMBRE"},"content":{"rendered":"<h3><strong>Jonathan Sandoval,<\/strong> el conductor de 38 a\u00f1os imputado por la muerte de <strong>Roc\u00edo Amancay Pedernera<\/strong>, continuar\u00e1 alojado en el Servicio Penitenciario Provincial bajo prisi\u00f3n preventiva. Este lunes se conoci\u00f3 la resoluci\u00f3n del Tribunal de Impugnaciones de la ciudad de San Luis, que rechaza el recurso de revisi\u00f3n presentado por la defensa del imputado y confirma el dictamen del Juzgado de Garant\u00edas N\u00ba 2, del 9 de noviembre 2023, de no hacer lugar al pedido de excarcelaci\u00f3n planteado por los abogados del acusado.<\/h3>\n<h3>La prisi\u00f3n preventiva impuesta a Sandoval fue fijada por el t\u00e9rmino de ciento veinte d\u00edas y se vence, en principio, el pr\u00f3ximo 10 de diciembre. \u201cTeniendo en cuenta el plazo a\u00fan no cumplido y que la Fiscal\u00eda no solo determin\u00f3 las evidencias que restan por producirse, sino que especific\u00f3 de forma concreta cuales son las medidas que la libertad del imputado podr\u00eda hacer peligrar, entre ellas la declaraci\u00f3n de su pareja, de vecinos y otros conocidos y de dos testigos presenciales del hecho, resulta absolutamente proporcional y razonable la medida de coerci\u00f3n impuesta en virtud de la particular complejidad que presenta la investigaci\u00f3n\u201d, dice en sus fundamentos la resoluci\u00f3n del Tribunal de Impugnaciones.<\/h3>\n<h3>El Tribunal de Impugnaciones est\u00e1 integrado por Laura Molino en presidencia y las vocal\u00edas de Yanina Del Viso y Jorge Sabaini Zapata.<\/h3>\n<h3>Y agreg\u00f3: \u201ces en esta l\u00ednea, que este Tribunal habr\u00e1 de excepcionar la garant\u00eda en juego, en orden a la gravedad del hecho imputado, como as\u00ed tambi\u00e9n a la concurrencia de riesgos procesales\u201d, por lo que debe confirmarse la decisi\u00f3n del juez de Garant\u00edas.<\/h3>\n<h3>Marcos Ju\u00e1rez, abogado de Sandoval, interpuso el mi\u00e9rcoles pasado un recurso de revisi\u00f3n de medida de coerci\u00f3n donde solicit\u00f3 que se concediera la excarcelaci\u00f3n de su defendido y\/o se morigerara por la de prisi\u00f3n domiciliaria.<\/h3>\n<h3>El ingeniero agrimensor de 38 a\u00f1os es el \u00fanico imputado en la causa bajo la acusaci\u00f3n de homicidio simple con dolo eventual. El hecho ocurri\u00f3 el s\u00e1bado 29 de julio entre las 4:15 y 4:30 de la madrugada. Roc\u00edo Amancay Pedernera, de 20 a\u00f1os, volv\u00eda de su trabajo en su motocicleta azul marca Keller cuando fue embestida por la camioneta en la Avenida Santos Ortiz, a la altura del Barrio Tibilleti. Ambos rodados transitaban en la misma direcci\u00f3n, de oeste a este.<\/h3>\n<h3>La presentaci\u00f3n fue contra la resoluci\u00f3n del Juzgado de Garant\u00edas N\u00ba 2, que en fecha 9 de noviembre de 2023 rechaz\u00f3 el pedido de cese de la prisi\u00f3n preventiva presentado por la defensa. En la audiencia de la semana pasada, el abogado reiter\u00f3 la solicitud de excarcelaci\u00f3n a favor de Sandoval y ofreci\u00f3 una cauci\u00f3n real sobre un inmueble valuado en 300 mil d\u00f3lares.<\/h3>\n<h3>Por otra parte, indic\u00f3 que el nuevo c\u00f3digo procesal penal incorpor\u00f3 la posibilidad de la morigeraci\u00f3n de la prisi\u00f3n preventiva mediante la prisi\u00f3n domiciliaria, como alternativa a la primera, lo que solicit\u00f3 subsidiariamente, y expres\u00f3 que debe fundarse en que su defendido tiene una hija de dos a\u00f1os y adem\u00e1s esta \u00faltima medida le permitir\u00eda continuar con su trabajo de forma remota.<\/h3>\n<h3>LA PALABRA DEL TRIBUNAL<\/h3>\n<h3>\u2013 \u201cEn lo concreto, tal como expresara la Fiscal\u00eda, el imputado al no ponerse inmediatamente a disposici\u00f3n de la justicia habr\u00eda frustrado la posibilidad de realizar la prueba de alcoholemia correspondiente entre otras medidas, asimismo habr\u00eda lavado el veh\u00edculo que estar\u00eda implicado en el hecho y habr\u00eda intentado deshacerse de la \u00f3ptica del motoveh\u00edculo en el cual se habr\u00eda conducido la v\u00edctima, lo cual habilitar\u00eda la imposici\u00f3n de la medida de coerci\u00f3n motivo de esta revisi\u00f3n\u201d.<\/h3>\n<h3>-\u201cTales caracter\u00edsticas hacen presumir que el imputado podr\u00eda entorpecer la investigaci\u00f3n en todo lo concerniente a la producci\u00f3n de las evidencias faltantes, no resultando suficientes a los fines de tutelar el proceso y en virtud de lo expuesto, ninguna de las dem\u00e1s medidas de coerci\u00f3n establecidas en el Art. 201 del C\u00f3digo Procesal\u201d.<\/h3>\n<h3>Respecto al pedido de prisi\u00f3n domiciliaria:<\/h3>\n<h3>-\u201cEl pedido ante este Tribunal luce por dem\u00e1s prematuro, puesto que si bien se hizo referencia al domicilio donde cumplir\u00eda eventualmente la medida el imputado, no se acompa\u00f1aron los informes correspondientes que justificar\u00edan la conveniencia de su concesi\u00f3n, como tampoco la defensa siquiera justific\u00f3 su pedido en los supuestos expresamente establecidos en el mencionado Art. 10 CP. Dicho pedido tampoco fue debidamente analizado por el juez de garant\u00edas interviniente, por cuanto el an\u00e1lisis por parte de este Tribunal violar\u00eda la garant\u00eda del doble conforme, criterio que ya ha sido sentado por este Tribunal en numerosos precedentes\u201d.<\/h3>\n","protected":false},"excerpt":{"rendered":"<p>Jonathan Sandoval, el conductor de 38 a\u00f1os imputado por la muerte de Roc\u00edo Amancay Pedernera,&#8230;<\/p>\n","protected":false},"author":1,"featured_media":7430,"comment_status":"closed","ping_status":"closed","sticky":false,"template":"","format":"standard","meta":{"footnotes":""},"categories":[6],"tags":[],"class_list":["post-7429","post","type-post","status-publish","format-standard","has-post-thumbnail","hentry","category-ciudad-provincia"],"yoast_head":"<!-- This site is optimized with the Yoast SEO plugin v26.1.1 - https:\/\/yoast.com\/wordpress\/plugins\/seo\/ -->\n<title>CASO AMANCAY: SANDOVAL CONTINUAR\u00c1 PRESO HASTA EL 10 DE DICIEMBRE - Apuntes de San Luis<\/title>\n<meta name=\"robots\" content=\"index, follow, max-snippet:-1, max-image-preview:large, max-video-preview:-1\" \/>\n<link rel=\"canonical\" href=\"https:\/\/apuntesdesanluis.com\/index.php\/2023\/11\/27\/caso-amancay-sandoval-continuara-preso-hasta-el-10-de-diciembre\/\" \/>\n<meta property=\"og:locale\" content=\"es_ES\" \/>\n<meta property=\"og:type\" content=\"article\" \/>\n<meta property=\"og:title\" content=\"CASO AMANCAY: SANDOVAL CONTINUAR\u00c1 PRESO HASTA EL 10 DE DICIEMBRE - Apuntes de San Luis\" \/>\n<meta property=\"og:description\" content=\"Jonathan Sandoval, el conductor de 38 a\u00f1os imputado por la muerte de Roc\u00edo Amancay Pedernera,...\" \/>\n<meta property=\"og:url\" content=\"https:\/\/apuntesdesanluis.com\/index.php\/2023\/11\/27\/caso-amancay-sandoval-continuara-preso-hasta-el-10-de-diciembre\/\" \/>\n<meta property=\"og:site_name\" content=\"Apuntes de San Luis\" \/>\n<meta property=\"article:published_time\" content=\"2023-11-27T20:10:15+00:00\" \/>\n<meta property=\"og:image\" content=\"https:\/\/apuntesdesanluis.com\/wp-content\/uploads\/2023\/11\/CASO-AMANCAY.jpg\" \/>\n\t<meta property=\"og:image:width\" content=\"628\" \/>\n\t<meta property=\"og:image:height\" content=\"349\" \/>\n\t<meta property=\"og:image:type\" content=\"image\/jpeg\" \/>\n<meta name=\"author\" content=\"apuntesdesanluis.com\" \/>\n<meta name=\"twitter:card\" content=\"summary_large_image\" \/>\n<meta name=\"twitter:label1\" content=\"Escrito por\" \/>\n\t<meta name=\"twitter:data1\" content=\"apuntesdesanluis.com\" \/>\n\t<meta name=\"twitter:label2\" content=\"Tiempo de lectura\" \/>\n\t<meta name=\"twitter:data2\" content=\"4 minutos\" \/>\n<script type=\"application\/ld+json\" class=\"yoast-schema-graph\">{\"@context\":\"https:\/\/schema.org\",\"@graph\":[{\"@type\":\"Article\",\"@id\":\"https:\/\/apuntesdesanluis.com\/index.php\/2023\/11\/27\/caso-amancay-sandoval-continuara-preso-hasta-el-10-de-diciembre\/#article\",\"isPartOf\":{\"@id\":\"https:\/\/apuntesdesanluis.com\/index.php\/2023\/11\/27\/caso-amancay-sandoval-continuara-preso-hasta-el-10-de-diciembre\/\"},\"author\":{\"name\":\"apuntesdesanluis.com\",\"@id\":\"https:\/\/apuntesdesanluis.com\/#\/schema\/person\/b55151d52296fcce64d1a72538a70b90\"},\"headline\":\"CASO AMANCAY: SANDOVAL CONTINUAR\u00c1 PRESO HASTA EL 10 DE DICIEMBRE\",\"datePublished\":\"2023-11-27T20:10:15+00:00\",\"mainEntityOfPage\":{\"@id\":\"https:\/\/apuntesdesanluis.com\/index.php\/2023\/11\/27\/caso-amancay-sandoval-continuara-preso-hasta-el-10-de-diciembre\/\"},\"wordCount\":816,\"publisher\":{\"@id\":\"https:\/\/apuntesdesanluis.com\/#\/schema\/person\/b55151d52296fcce64d1a72538a70b90\"},\"image\":{\"@id\":\"https:\/\/apuntesdesanluis.com\/index.php\/2023\/11\/27\/caso-amancay-sandoval-continuara-preso-hasta-el-10-de-diciembre\/#primaryimage\"},\"thumbnailUrl\":\"https:\/\/apuntesdesanluis.com\/wp-content\/uploads\/2023\/11\/CASO-AMANCAY.jpg\",\"articleSection\":[\"Ciudad\/Provincia\"],\"inLanguage\":\"es-AR\"},{\"@type\":\"WebPage\",\"@id\":\"https:\/\/apuntesdesanluis.com\/index.php\/2023\/11\/27\/caso-amancay-sandoval-continuara-preso-hasta-el-10-de-diciembre\/\",\"url\":\"https:\/\/apuntesdesanluis.com\/index.php\/2023\/11\/27\/caso-amancay-sandoval-continuara-preso-hasta-el-10-de-diciembre\/\",\"name\":\"CASO AMANCAY: SANDOVAL CONTINUAR\u00c1 PRESO HASTA EL 10 DE DICIEMBRE - Apuntes de San Luis\",\"isPartOf\":{\"@id\":\"https:\/\/apuntesdesanluis.com\/#website\"},\"primaryImageOfPage\":{\"@id\":\"https:\/\/apuntesdesanluis.com\/index.php\/2023\/11\/27\/caso-amancay-sandoval-continuara-preso-hasta-el-10-de-diciembre\/#primaryimage\"},\"image\":{\"@id\":\"https:\/\/apuntesdesanluis.com\/index.php\/2023\/11\/27\/caso-amancay-sandoval-continuara-preso-hasta-el-10-de-diciembre\/#primaryimage\"},\"thumbnailUrl\":\"https:\/\/apuntesdesanluis.com\/wp-content\/uploads\/2023\/11\/CASO-AMANCAY.jpg\",\"datePublished\":\"2023-11-27T20:10:15+00:00\",\"breadcrumb\":{\"@id\":\"https:\/\/apuntesdesanluis.com\/index.php\/2023\/11\/27\/caso-amancay-sandoval-continuara-preso-hasta-el-10-de-diciembre\/#breadcrumb\"},\"inLanguage\":\"es-AR\",\"potentialAction\":[{\"@type\":\"ReadAction\",\"target\":[\"https:\/\/apuntesdesanluis.com\/index.php\/2023\/11\/27\/caso-amancay-sandoval-continuara-preso-hasta-el-10-de-diciembre\/\"]}]},{\"@type\":\"ImageObject\",\"inLanguage\":\"es-AR\",\"@id\":\"https:\/\/apuntesdesanluis.com\/index.php\/2023\/11\/27\/caso-amancay-sandoval-continuara-preso-hasta-el-10-de-diciembre\/#primaryimage\",\"url\":\"https:\/\/apuntesdesanluis.com\/wp-content\/uploads\/2023\/11\/CASO-AMANCAY.jpg\",\"contentUrl\":\"https:\/\/apuntesdesanluis.com\/wp-content\/uploads\/2023\/11\/CASO-AMANCAY.jpg\",\"width\":628,\"height\":349},{\"@type\":\"BreadcrumbList\",\"@id\":\"https:\/\/apuntesdesanluis.com\/index.php\/2023\/11\/27\/caso-amancay-sandoval-continuara-preso-hasta-el-10-de-diciembre\/#breadcrumb\",\"itemListElement\":[{\"@type\":\"ListItem\",\"position\":1,\"name\":\"Inicio\",\"item\":\"https:\/\/apuntesdesanluis.com\/\"},{\"@type\":\"ListItem\",\"position\":2,\"name\":\"CASO AMANCAY: SANDOVAL CONTINUAR\u00c1 PRESO HASTA EL 10 DE DICIEMBRE\"}]},{\"@type\":\"WebSite\",\"@id\":\"https:\/\/apuntesdesanluis.com\/#website\",\"url\":\"https:\/\/apuntesdesanluis.com\/\",\"name\":\"Apuntes de San Luis\",\"description\":\"\",\"publisher\":{\"@id\":\"https:\/\/apuntesdesanluis.com\/#\/schema\/person\/b55151d52296fcce64d1a72538a70b90\"},\"potentialAction\":[{\"@type\":\"SearchAction\",\"target\":{\"@type\":\"EntryPoint\",\"urlTemplate\":\"https:\/\/apuntesdesanluis.com\/?s={search_term_string}\"},\"query-input\":{\"@type\":\"PropertyValueSpecification\",\"valueRequired\":true,\"valueName\":\"search_term_string\"}}],\"inLanguage\":\"es-AR\"},{\"@type\":[\"Person\",\"Organization\"],\"@id\":\"https:\/\/apuntesdesanluis.com\/#\/schema\/person\/b55151d52296fcce64d1a72538a70b90\",\"name\":\"apuntesdesanluis.com\",\"image\":{\"@type\":\"ImageObject\",\"inLanguage\":\"es-AR\",\"@id\":\"https:\/\/apuntesdesanluis.com\/#\/schema\/person\/image\/\",\"url\":\"https:\/\/apuntesdesanluis.com\/wp-content\/uploads\/2023\/07\/cropped-apuntesdesanluis.png\",\"contentUrl\":\"https:\/\/apuntesdesanluis.com\/wp-content\/uploads\/2023\/07\/cropped-apuntesdesanluis.png\",\"width\":450,\"height\":112,\"caption\":\"apuntesdesanluis.com\"},\"logo\":{\"@id\":\"https:\/\/apuntesdesanluis.com\/#\/schema\/person\/image\/\"},\"sameAs\":[\"https:\/\/apuntesdesanluis.com\"],\"url\":\"https:\/\/apuntesdesanluis.com\/index.php\/author\/apuntesdesanluis-com\/\"}]}<\/script>\n<!-- \/ Yoast SEO plugin. -->","yoast_head_json":{"title":"CASO AMANCAY: SANDOVAL CONTINUAR\u00c1 PRESO HASTA EL 10 DE DICIEMBRE - Apuntes de San Luis","robots":{"index":"index","follow":"follow","max-snippet":"max-snippet:-1","max-image-preview":"max-image-preview:large","max-video-preview":"max-video-preview:-1"},"canonical":"https:\/\/apuntesdesanluis.com\/index.php\/2023\/11\/27\/caso-amancay-sandoval-continuara-preso-hasta-el-10-de-diciembre\/","og_locale":"es_ES","og_type":"article","og_title":"CASO AMANCAY: SANDOVAL CONTINUAR\u00c1 PRESO HASTA EL 10 DE DICIEMBRE - Apuntes de San Luis","og_description":"Jonathan Sandoval, el conductor de 38 a\u00f1os imputado por la muerte de Roc\u00edo Amancay Pedernera,...","og_url":"https:\/\/apuntesdesanluis.com\/index.php\/2023\/11\/27\/caso-amancay-sandoval-continuara-preso-hasta-el-10-de-diciembre\/","og_site_name":"Apuntes de San Luis","article_published_time":"2023-11-27T20:10:15+00:00","og_image":[{"width":628,"height":349,"url":"https:\/\/apuntesdesanluis.com\/wp-content\/uploads\/2023\/11\/CASO-AMANCAY.jpg","type":"image\/jpeg"}],"author":"apuntesdesanluis.com","twitter_card":"summary_large_image","twitter_misc":{"Escrito por":"apuntesdesanluis.com","Tiempo de lectura":"4 minutos"},"schema":{"@context":"https:\/\/schema.org","@graph":[{"@type":"Article","@id":"https:\/\/apuntesdesanluis.com\/index.php\/2023\/11\/27\/caso-amancay-sandoval-continuara-preso-hasta-el-10-de-diciembre\/#article","isPartOf":{"@id":"https:\/\/apuntesdesanluis.com\/index.php\/2023\/11\/27\/caso-amancay-sandoval-continuara-preso-hasta-el-10-de-diciembre\/"},"author":{"name":"apuntesdesanluis.com","@id":"https:\/\/apuntesdesanluis.com\/#\/schema\/person\/b55151d52296fcce64d1a72538a70b90"},"headline":"CASO AMANCAY: SANDOVAL CONTINUAR\u00c1 PRESO HASTA EL 10 DE DICIEMBRE","datePublished":"2023-11-27T20:10:15+00:00","mainEntityOfPage":{"@id":"https:\/\/apuntesdesanluis.com\/index.php\/2023\/11\/27\/caso-amancay-sandoval-continuara-preso-hasta-el-10-de-diciembre\/"},"wordCount":816,"publisher":{"@id":"https:\/\/apuntesdesanluis.com\/#\/schema\/person\/b55151d52296fcce64d1a72538a70b90"},"image":{"@id":"https:\/\/apuntesdesanluis.com\/index.php\/2023\/11\/27\/caso-amancay-sandoval-continuara-preso-hasta-el-10-de-diciembre\/#primaryimage"},"thumbnailUrl":"https:\/\/apuntesdesanluis.com\/wp-content\/uploads\/2023\/11\/CASO-AMANCAY.jpg","articleSection":["Ciudad\/Provincia"],"inLanguage":"es-AR"},{"@type":"WebPage","@id":"https:\/\/apuntesdesanluis.com\/index.php\/2023\/11\/27\/caso-amancay-sandoval-continuara-preso-hasta-el-10-de-diciembre\/","url":"https:\/\/apuntesdesanluis.com\/index.php\/2023\/11\/27\/caso-amancay-sandoval-continuara-preso-hasta-el-10-de-diciembre\/","name":"CASO AMANCAY: SANDOVAL CONTINUAR\u00c1 PRESO HASTA EL 10 DE DICIEMBRE - Apuntes de San Luis","isPartOf":{"@id":"https:\/\/apuntesdesanluis.com\/#website"},"primaryImageOfPage":{"@id":"https:\/\/apuntesdesanluis.com\/index.php\/2023\/11\/27\/caso-amancay-sandoval-continuara-preso-hasta-el-10-de-diciembre\/#primaryimage"},"image":{"@id":"https:\/\/apuntesdesanluis.com\/index.php\/2023\/11\/27\/caso-amancay-sandoval-continuara-preso-hasta-el-10-de-diciembre\/#primaryimage"},"thumbnailUrl":"https:\/\/apuntesdesanluis.com\/wp-content\/uploads\/2023\/11\/CASO-AMANCAY.jpg","datePublished":"2023-11-27T20:10:15+00:00","breadcrumb":{"@id":"https:\/\/apuntesdesanluis.com\/index.php\/2023\/11\/27\/caso-amancay-sandoval-continuara-preso-hasta-el-10-de-diciembre\/#breadcrumb"},"inLanguage":"es-AR","potentialAction":[{"@type":"ReadAction","target":["https:\/\/apuntesdesanluis.com\/index.php\/2023\/11\/27\/caso-amancay-sandoval-continuara-preso-hasta-el-10-de-diciembre\/"]}]},{"@type":"ImageObject","inLanguage":"es-AR","@id":"https:\/\/apuntesdesanluis.com\/index.php\/2023\/11\/27\/caso-amancay-sandoval-continuara-preso-hasta-el-10-de-diciembre\/#primaryimage","url":"https:\/\/apuntesdesanluis.com\/wp-content\/uploads\/2023\/11\/CASO-AMANCAY.jpg","contentUrl":"https:\/\/apuntesdesanluis.com\/wp-content\/uploads\/2023\/11\/CASO-AMANCAY.jpg","width":628,"height":349},{"@type":"BreadcrumbList","@id":"https:\/\/apuntesdesanluis.com\/index.php\/2023\/11\/27\/caso-amancay-sandoval-continuara-preso-hasta-el-10-de-diciembre\/#breadcrumb","itemListElement":[{"@type":"ListItem","position":1,"name":"Inicio","item":"https:\/\/apuntesdesanluis.com\/"},{"@type":"ListItem","position":2,"name":"CASO AMANCAY: SANDOVAL CONTINUAR\u00c1 PRESO HASTA EL 10 DE DICIEMBRE"}]},{"@type":"WebSite","@id":"https:\/\/apuntesdesanluis.com\/#website","url":"https:\/\/apuntesdesanluis.com\/","name":"Apuntes de San Luis","description":"","publisher":{"@id":"https:\/\/apuntesdesanluis.com\/#\/schema\/person\/b55151d52296fcce64d1a72538a70b90"},"potentialAction":[{"@type":"SearchAction","target":{"@type":"EntryPoint","urlTemplate":"https:\/\/apuntesdesanluis.com\/?s={search_term_string}"},"query-input":{"@type":"PropertyValueSpecification","valueRequired":true,"valueName":"search_term_string"}}],"inLanguage":"es-AR"},{"@type":["Person","Organization"],"@id":"https:\/\/apuntesdesanluis.com\/#\/schema\/person\/b55151d52296fcce64d1a72538a70b90","name":"apuntesdesanluis.com","image":{"@type":"ImageObject","inLanguage":"es-AR","@id":"https:\/\/apuntesdesanluis.com\/#\/schema\/person\/image\/","url":"https:\/\/apuntesdesanluis.com\/wp-content\/uploads\/2023\/07\/cropped-apuntesdesanluis.png","contentUrl":"https:\/\/apuntesdesanluis.com\/wp-content\/uploads\/2023\/07\/cropped-apuntesdesanluis.png","width":450,"height":112,"caption":"apuntesdesanluis.com"},"logo":{"@id":"https:\/\/apuntesdesanluis.com\/#\/schema\/person\/image\/"},"sameAs":["https:\/\/apuntesdesanluis.com"],"url":"https:\/\/apuntesdesanluis.com\/index.php\/author\/apuntesdesanluis-com\/"}]}},"featured_image_urls":{"full":["https:\/\/apuntesdesanluis.com\/wp-content\/uploads\/2023\/11\/CASO-AMANCAY.jpg",628,349,false],"thumbnail":["https:\/\/apuntesdesanluis.com\/wp-content\/uploads\/2023\/11\/CASO-AMANCAY-150x150.jpg",150,150,true],"medium":["https:\/\/apuntesdesanluis.com\/wp-content\/uploads\/2023\/11\/CASO-AMANCAY-300x167.jpg",300,167,true],"medium_large":["https:\/\/apuntesdesanluis.com\/wp-content\/uploads\/2023\/11\/CASO-AMANCAY.jpg",628,349,false],"large":["https:\/\/apuntesdesanluis.com\/wp-content\/uploads\/2023\/11\/CASO-AMANCAY.jpg",628,349,false],"1536x1536":["https:\/\/apuntesdesanluis.com\/wp-content\/uploads\/2023\/11\/CASO-AMANCAY.jpg",628,349,false],"2048x2048":["https:\/\/apuntesdesanluis.com\/wp-content\/uploads\/2023\/11\/CASO-AMANCAY.jpg",628,349,false],"newsever-slider-full":["https:\/\/apuntesdesanluis.com\/wp-content\/uploads\/2023\/11\/CASO-AMANCAY.jpg",628,349,false],"newsever-featured":["https:\/\/apuntesdesanluis.com\/wp-content\/uploads\/2023\/11\/CASO-AMANCAY.jpg",628,349,false],"newsever-medium":["https:\/\/apuntesdesanluis.com\/wp-content\/uploads\/2023\/11\/CASO-AMANCAY.jpg",628,349,false]},"author_info":{"display_name":"apuntesdesanluis.com","author_link":"https:\/\/apuntesdesanluis.com\/index.php\/author\/apuntesdesanluis-com\/"},"category_info":"<a href=\"https:\/\/apuntesdesanluis.com\/index.php\/category\/ciudad-provincia\/\" rel=\"category tag\">Ciudad\/Provincia<\/a>","tag_info":"Ciudad\/Provincia","comment_count":"0","_links":{"self":[{"href":"https:\/\/apuntesdesanluis.com\/index.php\/wp-json\/wp\/v2\/posts\/7429","targetHints":{"allow":["GET"]}}],"collection":[{"href":"https:\/\/apuntesdesanluis.com\/index.php\/wp-json\/wp\/v2\/posts"}],"about":[{"href":"https:\/\/apuntesdesanluis.com\/index.php\/wp-json\/wp\/v2\/types\/post"}],"author":[{"embeddable":true,"href":"https:\/\/apuntesdesanluis.com\/index.php\/wp-json\/wp\/v2\/users\/1"}],"replies":[{"embeddable":true,"href":"https:\/\/apuntesdesanluis.com\/index.php\/wp-json\/wp\/v2\/comments?post=7429"}],"version-history":[{"count":1,"href":"https:\/\/apuntesdesanluis.com\/index.php\/wp-json\/wp\/v2\/posts\/7429\/revisions"}],"predecessor-version":[{"id":7431,"href":"https:\/\/apuntesdesanluis.com\/index.php\/wp-json\/wp\/v2\/posts\/7429\/revisions\/7431"}],"wp:featuredmedia":[{"embeddable":true,"href":"https:\/\/apuntesdesanluis.com\/index.php\/wp-json\/wp\/v2\/media\/7430"}],"wp:attachment":[{"href":"https:\/\/apuntesdesanluis.com\/index.php\/wp-json\/wp\/v2\/media?parent=7429"}],"wp:term":[{"taxonomy":"category","embeddable":true,"href":"https:\/\/apuntesdesanluis.com\/index.php\/wp-json\/wp\/v2\/categories?post=7429"},{"taxonomy":"post_tag","embeddable":true,"href":"https:\/\/apuntesdesanluis.com\/index.php\/wp-json\/wp\/v2\/tags?post=7429"}],"curies":[{"name":"wp","href":"https:\/\/api.w.org\/{rel}","templated":true}]}}