{"id":7459,"date":"2023-11-27T19:54:27","date_gmt":"2023-11-27T22:54:27","guid":{"rendered":"https:\/\/apuntesdesanluis.com\/?p=7459"},"modified":"2023-11-27T19:54:27","modified_gmt":"2023-11-27T22:54:27","slug":"nueva-reunion-por-la-transicion-faurie-encabezo-la-comitiva-en-nombre-de-milei","status":"publish","type":"post","link":"https:\/\/apuntesdesanluis.com\/index.php\/2023\/11\/27\/nueva-reunion-por-la-transicion-faurie-encabezo-la-comitiva-en-nombre-de-milei\/","title":{"rendered":"NUEVA REUNI\u00d3N POR LA TRANSICI\u00d3N: FAURIE ENCABEZ\u00d3 LA COMITIVA EN NOMBRE DE MILEI"},"content":{"rendered":"<h3>Un grupo de representantes de La Libertad Avanza encabezado por el ex canciller<strong> Jorge Faurie<\/strong> estuvo en Casa Rosada, al mismo tiempo que el presidente electo Javier Milei se encuentra en Estados Unidos, para interiorizarse sobre detalles de la transici\u00f3n y empezar a organizar el operativo que se pondr\u00e1 en marcha el 10 de diciembre.<\/h3>\n<h3>La reuni\u00f3n de este lunes se dio entre personal de Ceremonial, Casa Militar, Seguridad y Comunicaci\u00f3n de Casa Rosada y los referentes de LLA.<\/h3>\n<h3>Seg\u00fan supo Noticias Argentinas, el encuentro se extendi\u00f3 por dos horas entre las 11 y las 13.<\/h3>\n<h3>El c\u00f3nclave incluy\u00f3 una recorrida completa por Balcarce 50 y se abordaron detalles de la log\u00edstica para la asunci\u00f3n del 10 de diciembre, ya que el presidente electo ir\u00e1 desde el Congreso a la Casa Rosada tras jurar.<\/h3>\n<h3>Fuentes de la reuni\u00f3n indicaron a NA que el equipo de Milei pregunt\u00f3 si se pod\u00eda aumentar el n\u00famero de sillas en el Sal\u00f3n Blanco, donde jurar\u00e1n los ministros de Milei.<\/h3>\n<h3>Faurie, ex canciller de Mauricio Macri, es otro de los dirigentes que comenz\u00f3 a trabajar en conjunto con el presidente electo de la mano del ex presidente.<\/h3>\n<h3>Por estas horas, el ex ministro de Relaciones Exteriores se concentra en la organizaci\u00f3n de la jura de los ministros de Javier Milei que suceder\u00e1 inmediatamente despu\u00e9s del discurso que asunci\u00f3n que brindar\u00e1 el libertario en el recinto de la C\u00e1mara de Diputados.<\/h3>\n<h3>Luego, se trasladar\u00e1 a la Casa Rosada, donde una vez como presidente en ejercicio le tomar\u00e1 juramento a todo su Gabinete de ministros.<\/h3>\n<p>&nbsp;<\/p>\n<p>&nbsp;<\/p>\n<p>&nbsp;<\/p>\n","protected":false},"excerpt":{"rendered":"<p>Un grupo de representantes de La Libertad Avanza encabezado por el ex canciller Jorge Faurie&#8230;<\/p>\n","protected":false},"author":1,"featured_media":7460,"comment_status":"closed","ping_status":"closed","sticky":false,"template":"","format":"standard","meta":{"footnotes":""},"categories":[5],"tags":[],"class_list":["post-7459","post","type-post","status-publish","format-standard","has-post-thumbnail","hentry","category-nacionales-internacionales"],"yoast_head":"<!-- This site is optimized with the Yoast SEO plugin v26.1.1 - https:\/\/yoast.com\/wordpress\/plugins\/seo\/ -->\n<title>NUEVA REUNI\u00d3N POR LA TRANSICI\u00d3N: FAURIE ENCABEZ\u00d3 LA COMITIVA EN NOMBRE DE MILEI - Apuntes de San Luis<\/title>\n<meta name=\"robots\" content=\"index, follow, max-snippet:-1, max-image-preview:large, max-video-preview:-1\" \/>\n<link rel=\"canonical\" href=\"https:\/\/apuntesdesanluis.com\/index.php\/2023\/11\/27\/nueva-reunion-por-la-transicion-faurie-encabezo-la-comitiva-en-nombre-de-milei\/\" \/>\n<meta property=\"og:locale\" content=\"es_ES\" \/>\n<meta property=\"og:type\" content=\"article\" \/>\n<meta property=\"og:title\" content=\"NUEVA REUNI\u00d3N POR LA TRANSICI\u00d3N: FAURIE ENCABEZ\u00d3 LA COMITIVA EN NOMBRE DE MILEI - Apuntes de San Luis\" \/>\n<meta property=\"og:description\" content=\"Un grupo de representantes de La Libertad Avanza encabezado por el ex canciller Jorge Faurie...\" \/>\n<meta property=\"og:url\" content=\"https:\/\/apuntesdesanluis.com\/index.php\/2023\/11\/27\/nueva-reunion-por-la-transicion-faurie-encabezo-la-comitiva-en-nombre-de-milei\/\" \/>\n<meta property=\"og:site_name\" content=\"Apuntes de San Luis\" \/>\n<meta property=\"article:published_time\" content=\"2023-11-27T22:54:27+00:00\" \/>\n<meta property=\"og:image\" content=\"https:\/\/apuntesdesanluis.com\/wp-content\/uploads\/2023\/11\/casa-rosada.png\" \/>\n\t<meta property=\"og:image:width\" content=\"600\" \/>\n\t<meta property=\"og:image:height\" content=\"347\" \/>\n\t<meta property=\"og:image:type\" content=\"image\/png\" \/>\n<meta name=\"author\" content=\"apuntesdesanluis.com\" \/>\n<meta name=\"twitter:card\" content=\"summary_large_image\" \/>\n<meta name=\"twitter:label1\" content=\"Escrito por\" \/>\n\t<meta name=\"twitter:data1\" content=\"apuntesdesanluis.com\" \/>\n\t<meta name=\"twitter:label2\" content=\"Tiempo de lectura\" \/>\n\t<meta name=\"twitter:data2\" content=\"2 minutos\" \/>\n<script type=\"application\/ld+json\" class=\"yoast-schema-graph\">{\"@context\":\"https:\/\/schema.org\",\"@graph\":[{\"@type\":\"Article\",\"@id\":\"https:\/\/apuntesdesanluis.com\/index.php\/2023\/11\/27\/nueva-reunion-por-la-transicion-faurie-encabezo-la-comitiva-en-nombre-de-milei\/#article\",\"isPartOf\":{\"@id\":\"https:\/\/apuntesdesanluis.com\/index.php\/2023\/11\/27\/nueva-reunion-por-la-transicion-faurie-encabezo-la-comitiva-en-nombre-de-milei\/\"},\"author\":{\"name\":\"apuntesdesanluis.com\",\"@id\":\"https:\/\/apuntesdesanluis.com\/#\/schema\/person\/b55151d52296fcce64d1a72538a70b90\"},\"headline\":\"NUEVA REUNI\u00d3N POR LA TRANSICI\u00d3N: FAURIE ENCABEZ\u00d3 LA COMITIVA EN NOMBRE DE MILEI\",\"datePublished\":\"2023-11-27T22:54:27+00:00\",\"mainEntityOfPage\":{\"@id\":\"https:\/\/apuntesdesanluis.com\/index.php\/2023\/11\/27\/nueva-reunion-por-la-transicion-faurie-encabezo-la-comitiva-en-nombre-de-milei\/\"},\"wordCount\":287,\"publisher\":{\"@id\":\"https:\/\/apuntesdesanluis.com\/#\/schema\/person\/b55151d52296fcce64d1a72538a70b90\"},\"image\":{\"@id\":\"https:\/\/apuntesdesanluis.com\/index.php\/2023\/11\/27\/nueva-reunion-por-la-transicion-faurie-encabezo-la-comitiva-en-nombre-de-milei\/#primaryimage\"},\"thumbnailUrl\":\"https:\/\/apuntesdesanluis.com\/wp-content\/uploads\/2023\/11\/casa-rosada.png\",\"articleSection\":[\"Nacionales\/Internacionales\"],\"inLanguage\":\"es-AR\"},{\"@type\":\"WebPage\",\"@id\":\"https:\/\/apuntesdesanluis.com\/index.php\/2023\/11\/27\/nueva-reunion-por-la-transicion-faurie-encabezo-la-comitiva-en-nombre-de-milei\/\",\"url\":\"https:\/\/apuntesdesanluis.com\/index.php\/2023\/11\/27\/nueva-reunion-por-la-transicion-faurie-encabezo-la-comitiva-en-nombre-de-milei\/\",\"name\":\"NUEVA REUNI\u00d3N POR LA TRANSICI\u00d3N: FAURIE ENCABEZ\u00d3 LA COMITIVA EN NOMBRE DE MILEI - Apuntes de San Luis\",\"isPartOf\":{\"@id\":\"https:\/\/apuntesdesanluis.com\/#website\"},\"primaryImageOfPage\":{\"@id\":\"https:\/\/apuntesdesanluis.com\/index.php\/2023\/11\/27\/nueva-reunion-por-la-transicion-faurie-encabezo-la-comitiva-en-nombre-de-milei\/#primaryimage\"},\"image\":{\"@id\":\"https:\/\/apuntesdesanluis.com\/index.php\/2023\/11\/27\/nueva-reunion-por-la-transicion-faurie-encabezo-la-comitiva-en-nombre-de-milei\/#primaryimage\"},\"thumbnailUrl\":\"https:\/\/apuntesdesanluis.com\/wp-content\/uploads\/2023\/11\/casa-rosada.png\",\"datePublished\":\"2023-11-27T22:54:27+00:00\",\"breadcrumb\":{\"@id\":\"https:\/\/apuntesdesanluis.com\/index.php\/2023\/11\/27\/nueva-reunion-por-la-transicion-faurie-encabezo-la-comitiva-en-nombre-de-milei\/#breadcrumb\"},\"inLanguage\":\"es-AR\",\"potentialAction\":[{\"@type\":\"ReadAction\",\"target\":[\"https:\/\/apuntesdesanluis.com\/index.php\/2023\/11\/27\/nueva-reunion-por-la-transicion-faurie-encabezo-la-comitiva-en-nombre-de-milei\/\"]}]},{\"@type\":\"ImageObject\",\"inLanguage\":\"es-AR\",\"@id\":\"https:\/\/apuntesdesanluis.com\/index.php\/2023\/11\/27\/nueva-reunion-por-la-transicion-faurie-encabezo-la-comitiva-en-nombre-de-milei\/#primaryimage\",\"url\":\"https:\/\/apuntesdesanluis.com\/wp-content\/uploads\/2023\/11\/casa-rosada.png\",\"contentUrl\":\"https:\/\/apuntesdesanluis.com\/wp-content\/uploads\/2023\/11\/casa-rosada.png\",\"width\":600,\"height\":347},{\"@type\":\"BreadcrumbList\",\"@id\":\"https:\/\/apuntesdesanluis.com\/index.php\/2023\/11\/27\/nueva-reunion-por-la-transicion-faurie-encabezo-la-comitiva-en-nombre-de-milei\/#breadcrumb\",\"itemListElement\":[{\"@type\":\"ListItem\",\"position\":1,\"name\":\"Inicio\",\"item\":\"https:\/\/apuntesdesanluis.com\/\"},{\"@type\":\"ListItem\",\"position\":2,\"name\":\"NUEVA REUNI\u00d3N POR LA TRANSICI\u00d3N: FAURIE ENCABEZ\u00d3 LA COMITIVA EN NOMBRE DE MILEI\"}]},{\"@type\":\"WebSite\",\"@id\":\"https:\/\/apuntesdesanluis.com\/#website\",\"url\":\"https:\/\/apuntesdesanluis.com\/\",\"name\":\"Apuntes de San Luis\",\"description\":\"\",\"publisher\":{\"@id\":\"https:\/\/apuntesdesanluis.com\/#\/schema\/person\/b55151d52296fcce64d1a72538a70b90\"},\"potentialAction\":[{\"@type\":\"SearchAction\",\"target\":{\"@type\":\"EntryPoint\",\"urlTemplate\":\"https:\/\/apuntesdesanluis.com\/?s={search_term_string}\"},\"query-input\":{\"@type\":\"PropertyValueSpecification\",\"valueRequired\":true,\"valueName\":\"search_term_string\"}}],\"inLanguage\":\"es-AR\"},{\"@type\":[\"Person\",\"Organization\"],\"@id\":\"https:\/\/apuntesdesanluis.com\/#\/schema\/person\/b55151d52296fcce64d1a72538a70b90\",\"name\":\"apuntesdesanluis.com\",\"image\":{\"@type\":\"ImageObject\",\"inLanguage\":\"es-AR\",\"@id\":\"https:\/\/apuntesdesanluis.com\/#\/schema\/person\/image\/\",\"url\":\"https:\/\/apuntesdesanluis.com\/wp-content\/uploads\/2023\/07\/cropped-apuntesdesanluis.png\",\"contentUrl\":\"https:\/\/apuntesdesanluis.com\/wp-content\/uploads\/2023\/07\/cropped-apuntesdesanluis.png\",\"width\":450,\"height\":112,\"caption\":\"apuntesdesanluis.com\"},\"logo\":{\"@id\":\"https:\/\/apuntesdesanluis.com\/#\/schema\/person\/image\/\"},\"sameAs\":[\"https:\/\/apuntesdesanluis.com\"],\"url\":\"https:\/\/apuntesdesanluis.com\/index.php\/author\/apuntesdesanluis-com\/\"}]}<\/script>\n<!-- \/ Yoast SEO plugin. -->","yoast_head_json":{"title":"NUEVA REUNI\u00d3N POR LA TRANSICI\u00d3N: FAURIE ENCABEZ\u00d3 LA COMITIVA EN NOMBRE DE MILEI - Apuntes de San Luis","robots":{"index":"index","follow":"follow","max-snippet":"max-snippet:-1","max-image-preview":"max-image-preview:large","max-video-preview":"max-video-preview:-1"},"canonical":"https:\/\/apuntesdesanluis.com\/index.php\/2023\/11\/27\/nueva-reunion-por-la-transicion-faurie-encabezo-la-comitiva-en-nombre-de-milei\/","og_locale":"es_ES","og_type":"article","og_title":"NUEVA REUNI\u00d3N POR LA TRANSICI\u00d3N: FAURIE ENCABEZ\u00d3 LA COMITIVA EN NOMBRE DE MILEI - Apuntes de San Luis","og_description":"Un grupo de representantes de La Libertad Avanza encabezado por el ex canciller Jorge Faurie...","og_url":"https:\/\/apuntesdesanluis.com\/index.php\/2023\/11\/27\/nueva-reunion-por-la-transicion-faurie-encabezo-la-comitiva-en-nombre-de-milei\/","og_site_name":"Apuntes de San Luis","article_published_time":"2023-11-27T22:54:27+00:00","og_image":[{"width":600,"height":347,"url":"https:\/\/apuntesdesanluis.com\/wp-content\/uploads\/2023\/11\/casa-rosada.png","type":"image\/png"}],"author":"apuntesdesanluis.com","twitter_card":"summary_large_image","twitter_misc":{"Escrito por":"apuntesdesanluis.com","Tiempo de lectura":"2 minutos"},"schema":{"@context":"https:\/\/schema.org","@graph":[{"@type":"Article","@id":"https:\/\/apuntesdesanluis.com\/index.php\/2023\/11\/27\/nueva-reunion-por-la-transicion-faurie-encabezo-la-comitiva-en-nombre-de-milei\/#article","isPartOf":{"@id":"https:\/\/apuntesdesanluis.com\/index.php\/2023\/11\/27\/nueva-reunion-por-la-transicion-faurie-encabezo-la-comitiva-en-nombre-de-milei\/"},"author":{"name":"apuntesdesanluis.com","@id":"https:\/\/apuntesdesanluis.com\/#\/schema\/person\/b55151d52296fcce64d1a72538a70b90"},"headline":"NUEVA REUNI\u00d3N POR LA TRANSICI\u00d3N: FAURIE ENCABEZ\u00d3 LA COMITIVA EN NOMBRE DE MILEI","datePublished":"2023-11-27T22:54:27+00:00","mainEntityOfPage":{"@id":"https:\/\/apuntesdesanluis.com\/index.php\/2023\/11\/27\/nueva-reunion-por-la-transicion-faurie-encabezo-la-comitiva-en-nombre-de-milei\/"},"wordCount":287,"publisher":{"@id":"https:\/\/apuntesdesanluis.com\/#\/schema\/person\/b55151d52296fcce64d1a72538a70b90"},"image":{"@id":"https:\/\/apuntesdesanluis.com\/index.php\/2023\/11\/27\/nueva-reunion-por-la-transicion-faurie-encabezo-la-comitiva-en-nombre-de-milei\/#primaryimage"},"thumbnailUrl":"https:\/\/apuntesdesanluis.com\/wp-content\/uploads\/2023\/11\/casa-rosada.png","articleSection":["Nacionales\/Internacionales"],"inLanguage":"es-AR"},{"@type":"WebPage","@id":"https:\/\/apuntesdesanluis.com\/index.php\/2023\/11\/27\/nueva-reunion-por-la-transicion-faurie-encabezo-la-comitiva-en-nombre-de-milei\/","url":"https:\/\/apuntesdesanluis.com\/index.php\/2023\/11\/27\/nueva-reunion-por-la-transicion-faurie-encabezo-la-comitiva-en-nombre-de-milei\/","name":"NUEVA REUNI\u00d3N POR LA TRANSICI\u00d3N: FAURIE ENCABEZ\u00d3 LA COMITIVA EN NOMBRE DE MILEI - Apuntes de San Luis","isPartOf":{"@id":"https:\/\/apuntesdesanluis.com\/#website"},"primaryImageOfPage":{"@id":"https:\/\/apuntesdesanluis.com\/index.php\/2023\/11\/27\/nueva-reunion-por-la-transicion-faurie-encabezo-la-comitiva-en-nombre-de-milei\/#primaryimage"},"image":{"@id":"https:\/\/apuntesdesanluis.com\/index.php\/2023\/11\/27\/nueva-reunion-por-la-transicion-faurie-encabezo-la-comitiva-en-nombre-de-milei\/#primaryimage"},"thumbnailUrl":"https:\/\/apuntesdesanluis.com\/wp-content\/uploads\/2023\/11\/casa-rosada.png","datePublished":"2023-11-27T22:54:27+00:00","breadcrumb":{"@id":"https:\/\/apuntesdesanluis.com\/index.php\/2023\/11\/27\/nueva-reunion-por-la-transicion-faurie-encabezo-la-comitiva-en-nombre-de-milei\/#breadcrumb"},"inLanguage":"es-AR","potentialAction":[{"@type":"ReadAction","target":["https:\/\/apuntesdesanluis.com\/index.php\/2023\/11\/27\/nueva-reunion-por-la-transicion-faurie-encabezo-la-comitiva-en-nombre-de-milei\/"]}]},{"@type":"ImageObject","inLanguage":"es-AR","@id":"https:\/\/apuntesdesanluis.com\/index.php\/2023\/11\/27\/nueva-reunion-por-la-transicion-faurie-encabezo-la-comitiva-en-nombre-de-milei\/#primaryimage","url":"https:\/\/apuntesdesanluis.com\/wp-content\/uploads\/2023\/11\/casa-rosada.png","contentUrl":"https:\/\/apuntesdesanluis.com\/wp-content\/uploads\/2023\/11\/casa-rosada.png","width":600,"height":347},{"@type":"BreadcrumbList","@id":"https:\/\/apuntesdesanluis.com\/index.php\/2023\/11\/27\/nueva-reunion-por-la-transicion-faurie-encabezo-la-comitiva-en-nombre-de-milei\/#breadcrumb","itemListElement":[{"@type":"ListItem","position":1,"name":"Inicio","item":"https:\/\/apuntesdesanluis.com\/"},{"@type":"ListItem","position":2,"name":"NUEVA REUNI\u00d3N POR LA TRANSICI\u00d3N: FAURIE ENCABEZ\u00d3 LA COMITIVA EN NOMBRE DE MILEI"}]},{"@type":"WebSite","@id":"https:\/\/apuntesdesanluis.com\/#website","url":"https:\/\/apuntesdesanluis.com\/","name":"Apuntes de San Luis","description":"","publisher":{"@id":"https:\/\/apuntesdesanluis.com\/#\/schema\/person\/b55151d52296fcce64d1a72538a70b90"},"potentialAction":[{"@type":"SearchAction","target":{"@type":"EntryPoint","urlTemplate":"https:\/\/apuntesdesanluis.com\/?s={search_term_string}"},"query-input":{"@type":"PropertyValueSpecification","valueRequired":true,"valueName":"search_term_string"}}],"inLanguage":"es-AR"},{"@type":["Person","Organization"],"@id":"https:\/\/apuntesdesanluis.com\/#\/schema\/person\/b55151d52296fcce64d1a72538a70b90","name":"apuntesdesanluis.com","image":{"@type":"ImageObject","inLanguage":"es-AR","@id":"https:\/\/apuntesdesanluis.com\/#\/schema\/person\/image\/","url":"https:\/\/apuntesdesanluis.com\/wp-content\/uploads\/2023\/07\/cropped-apuntesdesanluis.png","contentUrl":"https:\/\/apuntesdesanluis.com\/wp-content\/uploads\/2023\/07\/cropped-apuntesdesanluis.png","width":450,"height":112,"caption":"apuntesdesanluis.com"},"logo":{"@id":"https:\/\/apuntesdesanluis.com\/#\/schema\/person\/image\/"},"sameAs":["https:\/\/apuntesdesanluis.com"],"url":"https:\/\/apuntesdesanluis.com\/index.php\/author\/apuntesdesanluis-com\/"}]}},"featured_image_urls":{"full":["https:\/\/apuntesdesanluis.com\/wp-content\/uploads\/2023\/11\/casa-rosada.png",600,347,false],"thumbnail":["https:\/\/apuntesdesanluis.com\/wp-content\/uploads\/2023\/11\/casa-rosada-150x150.png",150,150,true],"medium":["https:\/\/apuntesdesanluis.com\/wp-content\/uploads\/2023\/11\/casa-rosada-300x174.png",300,174,true],"medium_large":["https:\/\/apuntesdesanluis.com\/wp-content\/uploads\/2023\/11\/casa-rosada.png",600,347,false],"large":["https:\/\/apuntesdesanluis.com\/wp-content\/uploads\/2023\/11\/casa-rosada.png",600,347,false],"1536x1536":["https:\/\/apuntesdesanluis.com\/wp-content\/uploads\/2023\/11\/casa-rosada.png",600,347,false],"2048x2048":["https:\/\/apuntesdesanluis.com\/wp-content\/uploads\/2023\/11\/casa-rosada.png",600,347,false],"newsever-slider-full":["https:\/\/apuntesdesanluis.com\/wp-content\/uploads\/2023\/11\/casa-rosada.png",600,347,false],"newsever-featured":["https:\/\/apuntesdesanluis.com\/wp-content\/uploads\/2023\/11\/casa-rosada.png",600,347,false],"newsever-medium":["https:\/\/apuntesdesanluis.com\/wp-content\/uploads\/2023\/11\/casa-rosada.png",600,347,false]},"author_info":{"display_name":"apuntesdesanluis.com","author_link":"https:\/\/apuntesdesanluis.com\/index.php\/author\/apuntesdesanluis-com\/"},"category_info":"<a href=\"https:\/\/apuntesdesanluis.com\/index.php\/category\/nacionales-internacionales\/\" rel=\"category tag\">Nacionales\/Internacionales<\/a>","tag_info":"Nacionales\/Internacionales","comment_count":"0","_links":{"self":[{"href":"https:\/\/apuntesdesanluis.com\/index.php\/wp-json\/wp\/v2\/posts\/7459","targetHints":{"allow":["GET"]}}],"collection":[{"href":"https:\/\/apuntesdesanluis.com\/index.php\/wp-json\/wp\/v2\/posts"}],"about":[{"href":"https:\/\/apuntesdesanluis.com\/index.php\/wp-json\/wp\/v2\/types\/post"}],"author":[{"embeddable":true,"href":"https:\/\/apuntesdesanluis.com\/index.php\/wp-json\/wp\/v2\/users\/1"}],"replies":[{"embeddable":true,"href":"https:\/\/apuntesdesanluis.com\/index.php\/wp-json\/wp\/v2\/comments?post=7459"}],"version-history":[{"count":1,"href":"https:\/\/apuntesdesanluis.com\/index.php\/wp-json\/wp\/v2\/posts\/7459\/revisions"}],"predecessor-version":[{"id":7461,"href":"https:\/\/apuntesdesanluis.com\/index.php\/wp-json\/wp\/v2\/posts\/7459\/revisions\/7461"}],"wp:featuredmedia":[{"embeddable":true,"href":"https:\/\/apuntesdesanluis.com\/index.php\/wp-json\/wp\/v2\/media\/7460"}],"wp:attachment":[{"href":"https:\/\/apuntesdesanluis.com\/index.php\/wp-json\/wp\/v2\/media?parent=7459"}],"wp:term":[{"taxonomy":"category","embeddable":true,"href":"https:\/\/apuntesdesanluis.com\/index.php\/wp-json\/wp\/v2\/categories?post=7459"},{"taxonomy":"post_tag","embeddable":true,"href":"https:\/\/apuntesdesanluis.com\/index.php\/wp-json\/wp\/v2\/tags?post=7459"}],"curies":[{"name":"wp","href":"https:\/\/api.w.org\/{rel}","templated":true}]}}