{"id":7462,"date":"2023-11-27T19:58:56","date_gmt":"2023-11-27T22:58:56","guid":{"rendered":"https:\/\/apuntesdesanluis.com\/?p=7462"},"modified":"2023-11-27T19:59:08","modified_gmt":"2023-11-27T22:59:08","slug":"el-dolar-inicio-la-semana-en-baja-y-cayeron-las-cotizaciones-financieras","status":"publish","type":"post","link":"https:\/\/apuntesdesanluis.com\/index.php\/2023\/11\/27\/el-dolar-inicio-la-semana-en-baja-y-cayeron-las-cotizaciones-financieras\/","title":{"rendered":"EL D\u00d3LAR INICI\u00d3 LA SEMANA EN BAJA Y CAYERON LAS COTIZACIONES FINANCIERAS"},"content":{"rendered":"<h3>El d\u00f3lar blue cerr\u00f3 en el inicio de la semana a <strong>$ 990<\/strong> en la punta vendedora y los tipos de cambio financieros se derrumbaron por debajo de los valores previos a la \u00faltima elecci\u00f3n,\u00a0 seg\u00fan los principales indicadores del mercado.<\/h3>\n<h3>La divisa paralela oper\u00f3 casi toda la rueda debajo de los $ 1.000, cerr\u00f3 cinco pesos por debajo de la cotizaci\u00f3n del viernes y la brecha con el d\u00f3lar oficial se ubica en torno al 164%.<\/h3>\n<h3>Los d\u00f3lares financieros bajan con fuerza en la bolsa porte\u00f1a y el d\u00f3lar MEP cay\u00f3 hasta $863,21, se ubica en los valores previos al balotaje y la brecha con el oficial se posiciona en el 140,4%.<\/h3>\n<h3>El d\u00f3lar Contado con Liquidaci\u00f3n baja hasta los $ 892,8 y el spread con el oficial desciende al 148,0 %.<\/h3>\n<h3>El MEP o d\u00f3lar Bolsa baja aproximadamente un 11% y perfora los $ 900, ante el reacomodamientos de las expectativas econ\u00f3micas, mientras que el Contado con Liquidaci\u00f3n pierde m\u00e1s del 3,0%.<\/h3>\n<h3>Este tipo de cambio, que es el que utilizan las empresas, hab\u00eda acumulado la semana pasada una suba del 5,5%.<\/h3>\n<h3>Para operadores del mercado, los d\u00f3lares financieros siguen las expectativas positivas que reflejan los activos financieros en la Bolsa porte\u00f1a.<\/h3>\n<h3>El Banco Central (BCRA) comenz\u00f3 la semana con ventas por US$ 7 millones para atender necesidades del mercado y el\u00a0 acumulado del mes lleg\u00f3 a los US$ 416 millones de compras netas.<\/h3>\n<h3>El d\u00f3lar oficial, sin la carga impositiva, termin\u00f3 en $ 376,69 para la venta, seg\u00fan el promedio de los principales bancos privados del sistema financiero, mientras que en el Banco Naci\u00f3n el billete cerr\u00f3 a $ 374,50 en la punta vendedora.<\/h3>\n<h3>El denominado d\u00f3lar tarjeta o turista y el ahorro o solidario, con los impuestos terminaron la rueda a $ 960,5, mientras que el d\u00f3lar mayorista cerr\u00f3 a $ 359,00, $ 1,40 arriba del cierre del viernes pasado.<\/h3>\n<h3>El d\u00f3lar cripto o Bitcoin opera a $962,03, seg\u00fan el promedio del mercado.<\/h3>\n<p>&nbsp;<\/p>\n","protected":false},"excerpt":{"rendered":"<p>El d\u00f3lar blue cerr\u00f3 en el inicio de la semana a $ 990 en la&#8230;<\/p>\n","protected":false},"author":1,"featured_media":7463,"comment_status":"closed","ping_status":"closed","sticky":false,"template":"","format":"standard","meta":{"footnotes":""},"categories":[5],"tags":[],"class_list":["post-7462","post","type-post","status-publish","format-standard","has-post-thumbnail","hentry","category-nacionales-internacionales"],"yoast_head":"<!-- This site is optimized with the Yoast SEO plugin v26.1.1 - https:\/\/yoast.com\/wordpress\/plugins\/seo\/ -->\n<title>EL D\u00d3LAR INICI\u00d3 LA SEMANA EN BAJA Y CAYERON LAS COTIZACIONES FINANCIERAS - Apuntes de San Luis<\/title>\n<meta name=\"robots\" content=\"index, follow, max-snippet:-1, max-image-preview:large, max-video-preview:-1\" \/>\n<link rel=\"canonical\" href=\"https:\/\/apuntesdesanluis.com\/index.php\/2023\/11\/27\/el-dolar-inicio-la-semana-en-baja-y-cayeron-las-cotizaciones-financieras\/\" \/>\n<meta property=\"og:locale\" content=\"es_ES\" \/>\n<meta property=\"og:type\" content=\"article\" \/>\n<meta property=\"og:title\" content=\"EL D\u00d3LAR INICI\u00d3 LA SEMANA EN BAJA Y CAYERON LAS COTIZACIONES FINANCIERAS - Apuntes de San Luis\" \/>\n<meta property=\"og:description\" content=\"El d\u00f3lar blue cerr\u00f3 en el inicio de la semana a $ 990 en la...\" \/>\n<meta property=\"og:url\" content=\"https:\/\/apuntesdesanluis.com\/index.php\/2023\/11\/27\/el-dolar-inicio-la-semana-en-baja-y-cayeron-las-cotizaciones-financieras\/\" \/>\n<meta property=\"og:site_name\" content=\"Apuntes de San Luis\" \/>\n<meta property=\"article:published_time\" content=\"2023-11-27T22:58:56+00:00\" \/>\n<meta property=\"article:modified_time\" content=\"2023-11-27T22:59:08+00:00\" \/>\n<meta property=\"og:image\" content=\"https:\/\/apuntesdesanluis.com\/wp-content\/uploads\/2023\/11\/dolar-2.png\" \/>\n\t<meta property=\"og:image:width\" content=\"600\" \/>\n\t<meta property=\"og:image:height\" content=\"334\" \/>\n\t<meta property=\"og:image:type\" content=\"image\/png\" \/>\n<meta name=\"author\" content=\"apuntesdesanluis.com\" \/>\n<meta name=\"twitter:card\" content=\"summary_large_image\" \/>\n<meta name=\"twitter:label1\" content=\"Escrito por\" \/>\n\t<meta name=\"twitter:data1\" content=\"apuntesdesanluis.com\" \/>\n\t<meta name=\"twitter:label2\" content=\"Tiempo de lectura\" \/>\n\t<meta name=\"twitter:data2\" content=\"2 minutos\" \/>\n<script type=\"application\/ld+json\" class=\"yoast-schema-graph\">{\"@context\":\"https:\/\/schema.org\",\"@graph\":[{\"@type\":\"Article\",\"@id\":\"https:\/\/apuntesdesanluis.com\/index.php\/2023\/11\/27\/el-dolar-inicio-la-semana-en-baja-y-cayeron-las-cotizaciones-financieras\/#article\",\"isPartOf\":{\"@id\":\"https:\/\/apuntesdesanluis.com\/index.php\/2023\/11\/27\/el-dolar-inicio-la-semana-en-baja-y-cayeron-las-cotizaciones-financieras\/\"},\"author\":{\"name\":\"apuntesdesanluis.com\",\"@id\":\"https:\/\/apuntesdesanluis.com\/#\/schema\/person\/b55151d52296fcce64d1a72538a70b90\"},\"headline\":\"EL D\u00d3LAR INICI\u00d3 LA SEMANA EN BAJA Y CAYERON LAS COTIZACIONES FINANCIERAS\",\"datePublished\":\"2023-11-27T22:58:56+00:00\",\"dateModified\":\"2023-11-27T22:59:08+00:00\",\"mainEntityOfPage\":{\"@id\":\"https:\/\/apuntesdesanluis.com\/index.php\/2023\/11\/27\/el-dolar-inicio-la-semana-en-baja-y-cayeron-las-cotizaciones-financieras\/\"},\"wordCount\":336,\"publisher\":{\"@id\":\"https:\/\/apuntesdesanluis.com\/#\/schema\/person\/b55151d52296fcce64d1a72538a70b90\"},\"image\":{\"@id\":\"https:\/\/apuntesdesanluis.com\/index.php\/2023\/11\/27\/el-dolar-inicio-la-semana-en-baja-y-cayeron-las-cotizaciones-financieras\/#primaryimage\"},\"thumbnailUrl\":\"https:\/\/apuntesdesanluis.com\/wp-content\/uploads\/2023\/11\/dolar-2.png\",\"articleSection\":[\"Nacionales\/Internacionales\"],\"inLanguage\":\"es-AR\"},{\"@type\":\"WebPage\",\"@id\":\"https:\/\/apuntesdesanluis.com\/index.php\/2023\/11\/27\/el-dolar-inicio-la-semana-en-baja-y-cayeron-las-cotizaciones-financieras\/\",\"url\":\"https:\/\/apuntesdesanluis.com\/index.php\/2023\/11\/27\/el-dolar-inicio-la-semana-en-baja-y-cayeron-las-cotizaciones-financieras\/\",\"name\":\"EL D\u00d3LAR INICI\u00d3 LA SEMANA EN BAJA Y CAYERON LAS COTIZACIONES FINANCIERAS - Apuntes de San Luis\",\"isPartOf\":{\"@id\":\"https:\/\/apuntesdesanluis.com\/#website\"},\"primaryImageOfPage\":{\"@id\":\"https:\/\/apuntesdesanluis.com\/index.php\/2023\/11\/27\/el-dolar-inicio-la-semana-en-baja-y-cayeron-las-cotizaciones-financieras\/#primaryimage\"},\"image\":{\"@id\":\"https:\/\/apuntesdesanluis.com\/index.php\/2023\/11\/27\/el-dolar-inicio-la-semana-en-baja-y-cayeron-las-cotizaciones-financieras\/#primaryimage\"},\"thumbnailUrl\":\"https:\/\/apuntesdesanluis.com\/wp-content\/uploads\/2023\/11\/dolar-2.png\",\"datePublished\":\"2023-11-27T22:58:56+00:00\",\"dateModified\":\"2023-11-27T22:59:08+00:00\",\"breadcrumb\":{\"@id\":\"https:\/\/apuntesdesanluis.com\/index.php\/2023\/11\/27\/el-dolar-inicio-la-semana-en-baja-y-cayeron-las-cotizaciones-financieras\/#breadcrumb\"},\"inLanguage\":\"es-AR\",\"potentialAction\":[{\"@type\":\"ReadAction\",\"target\":[\"https:\/\/apuntesdesanluis.com\/index.php\/2023\/11\/27\/el-dolar-inicio-la-semana-en-baja-y-cayeron-las-cotizaciones-financieras\/\"]}]},{\"@type\":\"ImageObject\",\"inLanguage\":\"es-AR\",\"@id\":\"https:\/\/apuntesdesanluis.com\/index.php\/2023\/11\/27\/el-dolar-inicio-la-semana-en-baja-y-cayeron-las-cotizaciones-financieras\/#primaryimage\",\"url\":\"https:\/\/apuntesdesanluis.com\/wp-content\/uploads\/2023\/11\/dolar-2.png\",\"contentUrl\":\"https:\/\/apuntesdesanluis.com\/wp-content\/uploads\/2023\/11\/dolar-2.png\",\"width\":600,\"height\":334},{\"@type\":\"BreadcrumbList\",\"@id\":\"https:\/\/apuntesdesanluis.com\/index.php\/2023\/11\/27\/el-dolar-inicio-la-semana-en-baja-y-cayeron-las-cotizaciones-financieras\/#breadcrumb\",\"itemListElement\":[{\"@type\":\"ListItem\",\"position\":1,\"name\":\"Inicio\",\"item\":\"https:\/\/apuntesdesanluis.com\/\"},{\"@type\":\"ListItem\",\"position\":2,\"name\":\"EL D\u00d3LAR INICI\u00d3 LA SEMANA EN BAJA Y CAYERON LAS COTIZACIONES FINANCIERAS\"}]},{\"@type\":\"WebSite\",\"@id\":\"https:\/\/apuntesdesanluis.com\/#website\",\"url\":\"https:\/\/apuntesdesanluis.com\/\",\"name\":\"Apuntes de San Luis\",\"description\":\"\",\"publisher\":{\"@id\":\"https:\/\/apuntesdesanluis.com\/#\/schema\/person\/b55151d52296fcce64d1a72538a70b90\"},\"potentialAction\":[{\"@type\":\"SearchAction\",\"target\":{\"@type\":\"EntryPoint\",\"urlTemplate\":\"https:\/\/apuntesdesanluis.com\/?s={search_term_string}\"},\"query-input\":{\"@type\":\"PropertyValueSpecification\",\"valueRequired\":true,\"valueName\":\"search_term_string\"}}],\"inLanguage\":\"es-AR\"},{\"@type\":[\"Person\",\"Organization\"],\"@id\":\"https:\/\/apuntesdesanluis.com\/#\/schema\/person\/b55151d52296fcce64d1a72538a70b90\",\"name\":\"apuntesdesanluis.com\",\"image\":{\"@type\":\"ImageObject\",\"inLanguage\":\"es-AR\",\"@id\":\"https:\/\/apuntesdesanluis.com\/#\/schema\/person\/image\/\",\"url\":\"https:\/\/apuntesdesanluis.com\/wp-content\/uploads\/2023\/07\/cropped-apuntesdesanluis.png\",\"contentUrl\":\"https:\/\/apuntesdesanluis.com\/wp-content\/uploads\/2023\/07\/cropped-apuntesdesanluis.png\",\"width\":450,\"height\":112,\"caption\":\"apuntesdesanluis.com\"},\"logo\":{\"@id\":\"https:\/\/apuntesdesanluis.com\/#\/schema\/person\/image\/\"},\"sameAs\":[\"https:\/\/apuntesdesanluis.com\"],\"url\":\"https:\/\/apuntesdesanluis.com\/index.php\/author\/apuntesdesanluis-com\/\"}]}<\/script>\n<!-- \/ Yoast SEO plugin. -->","yoast_head_json":{"title":"EL D\u00d3LAR INICI\u00d3 LA SEMANA EN BAJA Y CAYERON LAS COTIZACIONES FINANCIERAS - Apuntes de San Luis","robots":{"index":"index","follow":"follow","max-snippet":"max-snippet:-1","max-image-preview":"max-image-preview:large","max-video-preview":"max-video-preview:-1"},"canonical":"https:\/\/apuntesdesanluis.com\/index.php\/2023\/11\/27\/el-dolar-inicio-la-semana-en-baja-y-cayeron-las-cotizaciones-financieras\/","og_locale":"es_ES","og_type":"article","og_title":"EL D\u00d3LAR INICI\u00d3 LA SEMANA EN BAJA Y CAYERON LAS COTIZACIONES FINANCIERAS - Apuntes de San Luis","og_description":"El d\u00f3lar blue cerr\u00f3 en el inicio de la semana a $ 990 en la...","og_url":"https:\/\/apuntesdesanluis.com\/index.php\/2023\/11\/27\/el-dolar-inicio-la-semana-en-baja-y-cayeron-las-cotizaciones-financieras\/","og_site_name":"Apuntes de San Luis","article_published_time":"2023-11-27T22:58:56+00:00","article_modified_time":"2023-11-27T22:59:08+00:00","og_image":[{"width":600,"height":334,"url":"https:\/\/apuntesdesanluis.com\/wp-content\/uploads\/2023\/11\/dolar-2.png","type":"image\/png"}],"author":"apuntesdesanluis.com","twitter_card":"summary_large_image","twitter_misc":{"Escrito por":"apuntesdesanluis.com","Tiempo de lectura":"2 minutos"},"schema":{"@context":"https:\/\/schema.org","@graph":[{"@type":"Article","@id":"https:\/\/apuntesdesanluis.com\/index.php\/2023\/11\/27\/el-dolar-inicio-la-semana-en-baja-y-cayeron-las-cotizaciones-financieras\/#article","isPartOf":{"@id":"https:\/\/apuntesdesanluis.com\/index.php\/2023\/11\/27\/el-dolar-inicio-la-semana-en-baja-y-cayeron-las-cotizaciones-financieras\/"},"author":{"name":"apuntesdesanluis.com","@id":"https:\/\/apuntesdesanluis.com\/#\/schema\/person\/b55151d52296fcce64d1a72538a70b90"},"headline":"EL D\u00d3LAR INICI\u00d3 LA SEMANA EN BAJA Y CAYERON LAS COTIZACIONES FINANCIERAS","datePublished":"2023-11-27T22:58:56+00:00","dateModified":"2023-11-27T22:59:08+00:00","mainEntityOfPage":{"@id":"https:\/\/apuntesdesanluis.com\/index.php\/2023\/11\/27\/el-dolar-inicio-la-semana-en-baja-y-cayeron-las-cotizaciones-financieras\/"},"wordCount":336,"publisher":{"@id":"https:\/\/apuntesdesanluis.com\/#\/schema\/person\/b55151d52296fcce64d1a72538a70b90"},"image":{"@id":"https:\/\/apuntesdesanluis.com\/index.php\/2023\/11\/27\/el-dolar-inicio-la-semana-en-baja-y-cayeron-las-cotizaciones-financieras\/#primaryimage"},"thumbnailUrl":"https:\/\/apuntesdesanluis.com\/wp-content\/uploads\/2023\/11\/dolar-2.png","articleSection":["Nacionales\/Internacionales"],"inLanguage":"es-AR"},{"@type":"WebPage","@id":"https:\/\/apuntesdesanluis.com\/index.php\/2023\/11\/27\/el-dolar-inicio-la-semana-en-baja-y-cayeron-las-cotizaciones-financieras\/","url":"https:\/\/apuntesdesanluis.com\/index.php\/2023\/11\/27\/el-dolar-inicio-la-semana-en-baja-y-cayeron-las-cotizaciones-financieras\/","name":"EL D\u00d3LAR INICI\u00d3 LA SEMANA EN BAJA Y CAYERON LAS COTIZACIONES FINANCIERAS - Apuntes de San Luis","isPartOf":{"@id":"https:\/\/apuntesdesanluis.com\/#website"},"primaryImageOfPage":{"@id":"https:\/\/apuntesdesanluis.com\/index.php\/2023\/11\/27\/el-dolar-inicio-la-semana-en-baja-y-cayeron-las-cotizaciones-financieras\/#primaryimage"},"image":{"@id":"https:\/\/apuntesdesanluis.com\/index.php\/2023\/11\/27\/el-dolar-inicio-la-semana-en-baja-y-cayeron-las-cotizaciones-financieras\/#primaryimage"},"thumbnailUrl":"https:\/\/apuntesdesanluis.com\/wp-content\/uploads\/2023\/11\/dolar-2.png","datePublished":"2023-11-27T22:58:56+00:00","dateModified":"2023-11-27T22:59:08+00:00","breadcrumb":{"@id":"https:\/\/apuntesdesanluis.com\/index.php\/2023\/11\/27\/el-dolar-inicio-la-semana-en-baja-y-cayeron-las-cotizaciones-financieras\/#breadcrumb"},"inLanguage":"es-AR","potentialAction":[{"@type":"ReadAction","target":["https:\/\/apuntesdesanluis.com\/index.php\/2023\/11\/27\/el-dolar-inicio-la-semana-en-baja-y-cayeron-las-cotizaciones-financieras\/"]}]},{"@type":"ImageObject","inLanguage":"es-AR","@id":"https:\/\/apuntesdesanluis.com\/index.php\/2023\/11\/27\/el-dolar-inicio-la-semana-en-baja-y-cayeron-las-cotizaciones-financieras\/#primaryimage","url":"https:\/\/apuntesdesanluis.com\/wp-content\/uploads\/2023\/11\/dolar-2.png","contentUrl":"https:\/\/apuntesdesanluis.com\/wp-content\/uploads\/2023\/11\/dolar-2.png","width":600,"height":334},{"@type":"BreadcrumbList","@id":"https:\/\/apuntesdesanluis.com\/index.php\/2023\/11\/27\/el-dolar-inicio-la-semana-en-baja-y-cayeron-las-cotizaciones-financieras\/#breadcrumb","itemListElement":[{"@type":"ListItem","position":1,"name":"Inicio","item":"https:\/\/apuntesdesanluis.com\/"},{"@type":"ListItem","position":2,"name":"EL D\u00d3LAR INICI\u00d3 LA SEMANA EN BAJA Y CAYERON LAS COTIZACIONES FINANCIERAS"}]},{"@type":"WebSite","@id":"https:\/\/apuntesdesanluis.com\/#website","url":"https:\/\/apuntesdesanluis.com\/","name":"Apuntes de San Luis","description":"","publisher":{"@id":"https:\/\/apuntesdesanluis.com\/#\/schema\/person\/b55151d52296fcce64d1a72538a70b90"},"potentialAction":[{"@type":"SearchAction","target":{"@type":"EntryPoint","urlTemplate":"https:\/\/apuntesdesanluis.com\/?s={search_term_string}"},"query-input":{"@type":"PropertyValueSpecification","valueRequired":true,"valueName":"search_term_string"}}],"inLanguage":"es-AR"},{"@type":["Person","Organization"],"@id":"https:\/\/apuntesdesanluis.com\/#\/schema\/person\/b55151d52296fcce64d1a72538a70b90","name":"apuntesdesanluis.com","image":{"@type":"ImageObject","inLanguage":"es-AR","@id":"https:\/\/apuntesdesanluis.com\/#\/schema\/person\/image\/","url":"https:\/\/apuntesdesanluis.com\/wp-content\/uploads\/2023\/07\/cropped-apuntesdesanluis.png","contentUrl":"https:\/\/apuntesdesanluis.com\/wp-content\/uploads\/2023\/07\/cropped-apuntesdesanluis.png","width":450,"height":112,"caption":"apuntesdesanluis.com"},"logo":{"@id":"https:\/\/apuntesdesanluis.com\/#\/schema\/person\/image\/"},"sameAs":["https:\/\/apuntesdesanluis.com"],"url":"https:\/\/apuntesdesanluis.com\/index.php\/author\/apuntesdesanluis-com\/"}]}},"featured_image_urls":{"full":["https:\/\/apuntesdesanluis.com\/wp-content\/uploads\/2023\/11\/dolar-2.png",600,334,false],"thumbnail":["https:\/\/apuntesdesanluis.com\/wp-content\/uploads\/2023\/11\/dolar-2-150x150.png",150,150,true],"medium":["https:\/\/apuntesdesanluis.com\/wp-content\/uploads\/2023\/11\/dolar-2-300x167.png",300,167,true],"medium_large":["https:\/\/apuntesdesanluis.com\/wp-content\/uploads\/2023\/11\/dolar-2.png",600,334,false],"large":["https:\/\/apuntesdesanluis.com\/wp-content\/uploads\/2023\/11\/dolar-2.png",600,334,false],"1536x1536":["https:\/\/apuntesdesanluis.com\/wp-content\/uploads\/2023\/11\/dolar-2.png",600,334,false],"2048x2048":["https:\/\/apuntesdesanluis.com\/wp-content\/uploads\/2023\/11\/dolar-2.png",600,334,false],"newsever-slider-full":["https:\/\/apuntesdesanluis.com\/wp-content\/uploads\/2023\/11\/dolar-2.png",600,334,false],"newsever-featured":["https:\/\/apuntesdesanluis.com\/wp-content\/uploads\/2023\/11\/dolar-2.png",600,334,false],"newsever-medium":["https:\/\/apuntesdesanluis.com\/wp-content\/uploads\/2023\/11\/dolar-2.png",600,334,false]},"author_info":{"display_name":"apuntesdesanluis.com","author_link":"https:\/\/apuntesdesanluis.com\/index.php\/author\/apuntesdesanluis-com\/"},"category_info":"<a href=\"https:\/\/apuntesdesanluis.com\/index.php\/category\/nacionales-internacionales\/\" rel=\"category tag\">Nacionales\/Internacionales<\/a>","tag_info":"Nacionales\/Internacionales","comment_count":"0","_links":{"self":[{"href":"https:\/\/apuntesdesanluis.com\/index.php\/wp-json\/wp\/v2\/posts\/7462","targetHints":{"allow":["GET"]}}],"collection":[{"href":"https:\/\/apuntesdesanluis.com\/index.php\/wp-json\/wp\/v2\/posts"}],"about":[{"href":"https:\/\/apuntesdesanluis.com\/index.php\/wp-json\/wp\/v2\/types\/post"}],"author":[{"embeddable":true,"href":"https:\/\/apuntesdesanluis.com\/index.php\/wp-json\/wp\/v2\/users\/1"}],"replies":[{"embeddable":true,"href":"https:\/\/apuntesdesanluis.com\/index.php\/wp-json\/wp\/v2\/comments?post=7462"}],"version-history":[{"count":2,"href":"https:\/\/apuntesdesanluis.com\/index.php\/wp-json\/wp\/v2\/posts\/7462\/revisions"}],"predecessor-version":[{"id":7465,"href":"https:\/\/apuntesdesanluis.com\/index.php\/wp-json\/wp\/v2\/posts\/7462\/revisions\/7465"}],"wp:featuredmedia":[{"embeddable":true,"href":"https:\/\/apuntesdesanluis.com\/index.php\/wp-json\/wp\/v2\/media\/7463"}],"wp:attachment":[{"href":"https:\/\/apuntesdesanluis.com\/index.php\/wp-json\/wp\/v2\/media?parent=7462"}],"wp:term":[{"taxonomy":"category","embeddable":true,"href":"https:\/\/apuntesdesanluis.com\/index.php\/wp-json\/wp\/v2\/categories?post=7462"},{"taxonomy":"post_tag","embeddable":true,"href":"https:\/\/apuntesdesanluis.com\/index.php\/wp-json\/wp\/v2\/tags?post=7462"}],"curies":[{"name":"wp","href":"https:\/\/api.w.org\/{rel}","templated":true}]}}