{"id":7466,"date":"2023-11-27T20:09:20","date_gmt":"2023-11-27T23:09:20","guid":{"rendered":"https:\/\/apuntesdesanluis.com\/?p=7466"},"modified":"2023-11-27T20:09:20","modified_gmt":"2023-11-27T23:09:20","slug":"gaza-se-llego-a-un-acuerdo-y-la-tregua-se-extendera-por-dos-dias","status":"publish","type":"post","link":"https:\/\/apuntesdesanluis.com\/index.php\/2023\/11\/27\/gaza-se-llego-a-un-acuerdo-y-la-tregua-se-extendera-por-dos-dias\/","title":{"rendered":"GAZA: SE LLEG\u00d3 A UN ACUERDO Y LA TREGUA SE EXTENDER\u00c1 POR DOS D\u00cdAS"},"content":{"rendered":"<h3>El mediador <strong>Qatar<\/strong> dijo el lunes que se hab\u00eda llegado a un acuerdo para extender por dos d\u00edas la tregua entre las fuerzas israel\u00edes y el grupo militante Ham\u00e1s en Gaza, continuando una pausa a una guerra de casi dos meses que ha matado a miles de personas y arrasado el enclave palestino.<\/h3>\n<h3>&#8220;Se ha alcanzado un acuerdo para extender la tregua humanitaria por dos d\u00edas m\u00e1s en la Franja de Gaza&#8221;, dijo un portavoz del Ministerio de Relaciones Exteriores en una publicaci\u00f3n en la red social X.<\/h3>\n<h3>Ham\u00e1s tambi\u00e9n dijo que hab\u00eda acordado una extensi\u00f3n de dos d\u00edas de la tregua con Qatar y Egipto, quienes han estado facilitando negociaciones indirectas entre las dos partes. No hubo comentarios inmediatos de Israel.<\/h3>\n<h3>&#8220;Se ha llegado a un acuerdo con los hermanos de Qatar y Egipto para prorrogar la tregua humanitaria temporal dos d\u00edas m\u00e1s, con las mismas condiciones que en la tregua anterior&#8221;, dijo un responsable de Ham\u00e1s en una llamada telef\u00f3nica con Reuters.<\/h3>\n<h3>Antes de las declaraciones, el jefe del Servicio de Informaci\u00f3n Estatal de Egipto, Diaa Rashwan, hab\u00eda dicho que un acuerdo de extensi\u00f3n estaba cerca e incluir\u00eda la liberaci\u00f3n de 20 rehenes israel\u00edes entre los capturados por Hamas durante su ataque del 7 de octubre al sur de Israel.<\/h3>\n<h3>A cambio, 60 prisioneros palestinos retenidos en c\u00e1rceles israel\u00edes ser\u00edan liberados, dijo.<\/h3>\n<h3>La tregua inicial deb\u00eda finalizar el lunes por la noche.<\/h3>\n<h3>Dado que se espera la liberaci\u00f3n de 11 rehenes israel\u00edes el lunes, contin\u00faan las negociaciones para la liberaci\u00f3n de 33 palestinos, a\u00f1adi\u00f3 Rashwan.<\/h3>\n<h3>La tregua de cuatro d\u00edas acordada la semana pasada es la primera interrupci\u00f3n de los combates en las siete semanas transcurridas desde que Ham\u00e1s mat\u00f3 a 1.200 personas y se llev\u00f3 a Gaza a unos 240 rehenes.<\/h3>\n<h3>En respuesta a ese ataque, Israel ha bombardeado el enclave y ha montado una ofensiva terrestre en el norte. Unos 14.800 palestinos han muerto, seg\u00fan las autoridades sanitarias de Gaza, y cientos de miles han sido desplazados.<\/h3>\n<h3>Amplias zonas del enclave gobernado por Ham\u00e1s han sido arrasadas por ataques a\u00e9reos y bombardeos de artiller\u00eda israel\u00edes, y se ha desarrollado una crisis humanitaria por la escasez de suministros de alimentos, combustible, agua potable y medicinas.<\/h3>\n<h3>El domingo, Ham\u00e1s liber\u00f3 a 17 personas, incluida una ni\u00f1a israel\u00ed-estadounidense de cuatro a\u00f1os, elevando a 58 el n\u00famero total que el grupo militante ha liberado desde el viernes, incluidos extranjeros. Israel puso en libertad a 39 prisioneros palestinos adolescentes el domingo, elevando el n\u00famero total de liberados bajo la tregua a 117.<\/h3>\n","protected":false},"excerpt":{"rendered":"<p>El mediador Qatar dijo el lunes que se hab\u00eda llegado a un acuerdo para extender&#8230;<\/p>\n","protected":false},"author":1,"featured_media":7467,"comment_status":"closed","ping_status":"closed","sticky":false,"template":"","format":"standard","meta":{"footnotes":""},"categories":[5],"tags":[],"class_list":["post-7466","post","type-post","status-publish","format-standard","has-post-thumbnail","hentry","category-nacionales-internacionales"],"yoast_head":"<!-- This site is optimized with the Yoast SEO plugin v26.1.1 - https:\/\/yoast.com\/wordpress\/plugins\/seo\/ -->\n<title>GAZA: SE LLEG\u00d3 A UN ACUERDO Y LA TREGUA SE EXTENDER\u00c1 POR DOS D\u00cdAS - Apuntes de San Luis<\/title>\n<meta name=\"robots\" content=\"index, follow, max-snippet:-1, max-image-preview:large, max-video-preview:-1\" \/>\n<link rel=\"canonical\" href=\"https:\/\/apuntesdesanluis.com\/index.php\/2023\/11\/27\/gaza-se-llego-a-un-acuerdo-y-la-tregua-se-extendera-por-dos-dias\/\" \/>\n<meta property=\"og:locale\" content=\"es_ES\" \/>\n<meta property=\"og:type\" content=\"article\" \/>\n<meta property=\"og:title\" content=\"GAZA: SE LLEG\u00d3 A UN ACUERDO Y LA TREGUA SE EXTENDER\u00c1 POR DOS D\u00cdAS - Apuntes de San Luis\" \/>\n<meta property=\"og:description\" content=\"El mediador Qatar dijo el lunes que se hab\u00eda llegado a un acuerdo para extender...\" \/>\n<meta property=\"og:url\" content=\"https:\/\/apuntesdesanluis.com\/index.php\/2023\/11\/27\/gaza-se-llego-a-un-acuerdo-y-la-tregua-se-extendera-por-dos-dias\/\" \/>\n<meta property=\"og:site_name\" content=\"Apuntes de San Luis\" \/>\n<meta property=\"article:published_time\" content=\"2023-11-27T23:09:20+00:00\" \/>\n<meta property=\"og:image\" content=\"https:\/\/apuntesdesanluis.com\/wp-content\/uploads\/2023\/11\/guerra.png\" \/>\n\t<meta property=\"og:image:width\" content=\"821\" \/>\n\t<meta property=\"og:image:height\" content=\"532\" \/>\n\t<meta property=\"og:image:type\" content=\"image\/png\" \/>\n<meta name=\"author\" content=\"apuntesdesanluis.com\" \/>\n<meta name=\"twitter:card\" content=\"summary_large_image\" \/>\n<meta name=\"twitter:label1\" content=\"Escrito por\" \/>\n\t<meta name=\"twitter:data1\" content=\"apuntesdesanluis.com\" \/>\n\t<meta name=\"twitter:label2\" content=\"Tiempo de lectura\" \/>\n\t<meta name=\"twitter:data2\" content=\"2 minutos\" \/>\n<script type=\"application\/ld+json\" class=\"yoast-schema-graph\">{\"@context\":\"https:\/\/schema.org\",\"@graph\":[{\"@type\":\"Article\",\"@id\":\"https:\/\/apuntesdesanluis.com\/index.php\/2023\/11\/27\/gaza-se-llego-a-un-acuerdo-y-la-tregua-se-extendera-por-dos-dias\/#article\",\"isPartOf\":{\"@id\":\"https:\/\/apuntesdesanluis.com\/index.php\/2023\/11\/27\/gaza-se-llego-a-un-acuerdo-y-la-tregua-se-extendera-por-dos-dias\/\"},\"author\":{\"name\":\"apuntesdesanluis.com\",\"@id\":\"https:\/\/apuntesdesanluis.com\/#\/schema\/person\/b55151d52296fcce64d1a72538a70b90\"},\"headline\":\"GAZA: SE LLEG\u00d3 A UN ACUERDO Y LA TREGUA SE EXTENDER\u00c1 POR DOS D\u00cdAS\",\"datePublished\":\"2023-11-27T23:09:20+00:00\",\"mainEntityOfPage\":{\"@id\":\"https:\/\/apuntesdesanluis.com\/index.php\/2023\/11\/27\/gaza-se-llego-a-un-acuerdo-y-la-tregua-se-extendera-por-dos-dias\/\"},\"wordCount\":469,\"publisher\":{\"@id\":\"https:\/\/apuntesdesanluis.com\/#\/schema\/person\/b55151d52296fcce64d1a72538a70b90\"},\"image\":{\"@id\":\"https:\/\/apuntesdesanluis.com\/index.php\/2023\/11\/27\/gaza-se-llego-a-un-acuerdo-y-la-tregua-se-extendera-por-dos-dias\/#primaryimage\"},\"thumbnailUrl\":\"https:\/\/apuntesdesanluis.com\/wp-content\/uploads\/2023\/11\/guerra.png\",\"articleSection\":[\"Nacionales\/Internacionales\"],\"inLanguage\":\"es-AR\"},{\"@type\":\"WebPage\",\"@id\":\"https:\/\/apuntesdesanluis.com\/index.php\/2023\/11\/27\/gaza-se-llego-a-un-acuerdo-y-la-tregua-se-extendera-por-dos-dias\/\",\"url\":\"https:\/\/apuntesdesanluis.com\/index.php\/2023\/11\/27\/gaza-se-llego-a-un-acuerdo-y-la-tregua-se-extendera-por-dos-dias\/\",\"name\":\"GAZA: SE LLEG\u00d3 A UN ACUERDO Y LA TREGUA SE EXTENDER\u00c1 POR DOS D\u00cdAS - Apuntes de San Luis\",\"isPartOf\":{\"@id\":\"https:\/\/apuntesdesanluis.com\/#website\"},\"primaryImageOfPage\":{\"@id\":\"https:\/\/apuntesdesanluis.com\/index.php\/2023\/11\/27\/gaza-se-llego-a-un-acuerdo-y-la-tregua-se-extendera-por-dos-dias\/#primaryimage\"},\"image\":{\"@id\":\"https:\/\/apuntesdesanluis.com\/index.php\/2023\/11\/27\/gaza-se-llego-a-un-acuerdo-y-la-tregua-se-extendera-por-dos-dias\/#primaryimage\"},\"thumbnailUrl\":\"https:\/\/apuntesdesanluis.com\/wp-content\/uploads\/2023\/11\/guerra.png\",\"datePublished\":\"2023-11-27T23:09:20+00:00\",\"breadcrumb\":{\"@id\":\"https:\/\/apuntesdesanluis.com\/index.php\/2023\/11\/27\/gaza-se-llego-a-un-acuerdo-y-la-tregua-se-extendera-por-dos-dias\/#breadcrumb\"},\"inLanguage\":\"es-AR\",\"potentialAction\":[{\"@type\":\"ReadAction\",\"target\":[\"https:\/\/apuntesdesanluis.com\/index.php\/2023\/11\/27\/gaza-se-llego-a-un-acuerdo-y-la-tregua-se-extendera-por-dos-dias\/\"]}]},{\"@type\":\"ImageObject\",\"inLanguage\":\"es-AR\",\"@id\":\"https:\/\/apuntesdesanluis.com\/index.php\/2023\/11\/27\/gaza-se-llego-a-un-acuerdo-y-la-tregua-se-extendera-por-dos-dias\/#primaryimage\",\"url\":\"https:\/\/apuntesdesanluis.com\/wp-content\/uploads\/2023\/11\/guerra.png\",\"contentUrl\":\"https:\/\/apuntesdesanluis.com\/wp-content\/uploads\/2023\/11\/guerra.png\",\"width\":821,\"height\":532},{\"@type\":\"BreadcrumbList\",\"@id\":\"https:\/\/apuntesdesanluis.com\/index.php\/2023\/11\/27\/gaza-se-llego-a-un-acuerdo-y-la-tregua-se-extendera-por-dos-dias\/#breadcrumb\",\"itemListElement\":[{\"@type\":\"ListItem\",\"position\":1,\"name\":\"Inicio\",\"item\":\"https:\/\/apuntesdesanluis.com\/\"},{\"@type\":\"ListItem\",\"position\":2,\"name\":\"GAZA: SE LLEG\u00d3 A UN ACUERDO Y LA TREGUA SE EXTENDER\u00c1 POR DOS D\u00cdAS\"}]},{\"@type\":\"WebSite\",\"@id\":\"https:\/\/apuntesdesanluis.com\/#website\",\"url\":\"https:\/\/apuntesdesanluis.com\/\",\"name\":\"Apuntes de San Luis\",\"description\":\"\",\"publisher\":{\"@id\":\"https:\/\/apuntesdesanluis.com\/#\/schema\/person\/b55151d52296fcce64d1a72538a70b90\"},\"potentialAction\":[{\"@type\":\"SearchAction\",\"target\":{\"@type\":\"EntryPoint\",\"urlTemplate\":\"https:\/\/apuntesdesanluis.com\/?s={search_term_string}\"},\"query-input\":{\"@type\":\"PropertyValueSpecification\",\"valueRequired\":true,\"valueName\":\"search_term_string\"}}],\"inLanguage\":\"es-AR\"},{\"@type\":[\"Person\",\"Organization\"],\"@id\":\"https:\/\/apuntesdesanluis.com\/#\/schema\/person\/b55151d52296fcce64d1a72538a70b90\",\"name\":\"apuntesdesanluis.com\",\"image\":{\"@type\":\"ImageObject\",\"inLanguage\":\"es-AR\",\"@id\":\"https:\/\/apuntesdesanluis.com\/#\/schema\/person\/image\/\",\"url\":\"https:\/\/apuntesdesanluis.com\/wp-content\/uploads\/2023\/07\/cropped-apuntesdesanluis.png\",\"contentUrl\":\"https:\/\/apuntesdesanluis.com\/wp-content\/uploads\/2023\/07\/cropped-apuntesdesanluis.png\",\"width\":450,\"height\":112,\"caption\":\"apuntesdesanluis.com\"},\"logo\":{\"@id\":\"https:\/\/apuntesdesanluis.com\/#\/schema\/person\/image\/\"},\"sameAs\":[\"https:\/\/apuntesdesanluis.com\"],\"url\":\"https:\/\/apuntesdesanluis.com\/index.php\/author\/apuntesdesanluis-com\/\"}]}<\/script>\n<!-- \/ Yoast SEO plugin. -->","yoast_head_json":{"title":"GAZA: SE LLEG\u00d3 A UN ACUERDO Y LA TREGUA SE EXTENDER\u00c1 POR DOS D\u00cdAS - Apuntes de San Luis","robots":{"index":"index","follow":"follow","max-snippet":"max-snippet:-1","max-image-preview":"max-image-preview:large","max-video-preview":"max-video-preview:-1"},"canonical":"https:\/\/apuntesdesanluis.com\/index.php\/2023\/11\/27\/gaza-se-llego-a-un-acuerdo-y-la-tregua-se-extendera-por-dos-dias\/","og_locale":"es_ES","og_type":"article","og_title":"GAZA: SE LLEG\u00d3 A UN ACUERDO Y LA TREGUA SE EXTENDER\u00c1 POR DOS D\u00cdAS - Apuntes de San Luis","og_description":"El mediador Qatar dijo el lunes que se hab\u00eda llegado a un acuerdo para extender...","og_url":"https:\/\/apuntesdesanluis.com\/index.php\/2023\/11\/27\/gaza-se-llego-a-un-acuerdo-y-la-tregua-se-extendera-por-dos-dias\/","og_site_name":"Apuntes de San Luis","article_published_time":"2023-11-27T23:09:20+00:00","og_image":[{"width":821,"height":532,"url":"https:\/\/apuntesdesanluis.com\/wp-content\/uploads\/2023\/11\/guerra.png","type":"image\/png"}],"author":"apuntesdesanluis.com","twitter_card":"summary_large_image","twitter_misc":{"Escrito por":"apuntesdesanluis.com","Tiempo de lectura":"2 minutos"},"schema":{"@context":"https:\/\/schema.org","@graph":[{"@type":"Article","@id":"https:\/\/apuntesdesanluis.com\/index.php\/2023\/11\/27\/gaza-se-llego-a-un-acuerdo-y-la-tregua-se-extendera-por-dos-dias\/#article","isPartOf":{"@id":"https:\/\/apuntesdesanluis.com\/index.php\/2023\/11\/27\/gaza-se-llego-a-un-acuerdo-y-la-tregua-se-extendera-por-dos-dias\/"},"author":{"name":"apuntesdesanluis.com","@id":"https:\/\/apuntesdesanluis.com\/#\/schema\/person\/b55151d52296fcce64d1a72538a70b90"},"headline":"GAZA: SE LLEG\u00d3 A UN ACUERDO Y LA TREGUA SE EXTENDER\u00c1 POR DOS D\u00cdAS","datePublished":"2023-11-27T23:09:20+00:00","mainEntityOfPage":{"@id":"https:\/\/apuntesdesanluis.com\/index.php\/2023\/11\/27\/gaza-se-llego-a-un-acuerdo-y-la-tregua-se-extendera-por-dos-dias\/"},"wordCount":469,"publisher":{"@id":"https:\/\/apuntesdesanluis.com\/#\/schema\/person\/b55151d52296fcce64d1a72538a70b90"},"image":{"@id":"https:\/\/apuntesdesanluis.com\/index.php\/2023\/11\/27\/gaza-se-llego-a-un-acuerdo-y-la-tregua-se-extendera-por-dos-dias\/#primaryimage"},"thumbnailUrl":"https:\/\/apuntesdesanluis.com\/wp-content\/uploads\/2023\/11\/guerra.png","articleSection":["Nacionales\/Internacionales"],"inLanguage":"es-AR"},{"@type":"WebPage","@id":"https:\/\/apuntesdesanluis.com\/index.php\/2023\/11\/27\/gaza-se-llego-a-un-acuerdo-y-la-tregua-se-extendera-por-dos-dias\/","url":"https:\/\/apuntesdesanluis.com\/index.php\/2023\/11\/27\/gaza-se-llego-a-un-acuerdo-y-la-tregua-se-extendera-por-dos-dias\/","name":"GAZA: SE LLEG\u00d3 A UN ACUERDO Y LA TREGUA SE EXTENDER\u00c1 POR DOS D\u00cdAS - Apuntes de San Luis","isPartOf":{"@id":"https:\/\/apuntesdesanluis.com\/#website"},"primaryImageOfPage":{"@id":"https:\/\/apuntesdesanluis.com\/index.php\/2023\/11\/27\/gaza-se-llego-a-un-acuerdo-y-la-tregua-se-extendera-por-dos-dias\/#primaryimage"},"image":{"@id":"https:\/\/apuntesdesanluis.com\/index.php\/2023\/11\/27\/gaza-se-llego-a-un-acuerdo-y-la-tregua-se-extendera-por-dos-dias\/#primaryimage"},"thumbnailUrl":"https:\/\/apuntesdesanluis.com\/wp-content\/uploads\/2023\/11\/guerra.png","datePublished":"2023-11-27T23:09:20+00:00","breadcrumb":{"@id":"https:\/\/apuntesdesanluis.com\/index.php\/2023\/11\/27\/gaza-se-llego-a-un-acuerdo-y-la-tregua-se-extendera-por-dos-dias\/#breadcrumb"},"inLanguage":"es-AR","potentialAction":[{"@type":"ReadAction","target":["https:\/\/apuntesdesanluis.com\/index.php\/2023\/11\/27\/gaza-se-llego-a-un-acuerdo-y-la-tregua-se-extendera-por-dos-dias\/"]}]},{"@type":"ImageObject","inLanguage":"es-AR","@id":"https:\/\/apuntesdesanluis.com\/index.php\/2023\/11\/27\/gaza-se-llego-a-un-acuerdo-y-la-tregua-se-extendera-por-dos-dias\/#primaryimage","url":"https:\/\/apuntesdesanluis.com\/wp-content\/uploads\/2023\/11\/guerra.png","contentUrl":"https:\/\/apuntesdesanluis.com\/wp-content\/uploads\/2023\/11\/guerra.png","width":821,"height":532},{"@type":"BreadcrumbList","@id":"https:\/\/apuntesdesanluis.com\/index.php\/2023\/11\/27\/gaza-se-llego-a-un-acuerdo-y-la-tregua-se-extendera-por-dos-dias\/#breadcrumb","itemListElement":[{"@type":"ListItem","position":1,"name":"Inicio","item":"https:\/\/apuntesdesanluis.com\/"},{"@type":"ListItem","position":2,"name":"GAZA: SE LLEG\u00d3 A UN ACUERDO Y LA TREGUA SE EXTENDER\u00c1 POR DOS D\u00cdAS"}]},{"@type":"WebSite","@id":"https:\/\/apuntesdesanluis.com\/#website","url":"https:\/\/apuntesdesanluis.com\/","name":"Apuntes de San Luis","description":"","publisher":{"@id":"https:\/\/apuntesdesanluis.com\/#\/schema\/person\/b55151d52296fcce64d1a72538a70b90"},"potentialAction":[{"@type":"SearchAction","target":{"@type":"EntryPoint","urlTemplate":"https:\/\/apuntesdesanluis.com\/?s={search_term_string}"},"query-input":{"@type":"PropertyValueSpecification","valueRequired":true,"valueName":"search_term_string"}}],"inLanguage":"es-AR"},{"@type":["Person","Organization"],"@id":"https:\/\/apuntesdesanluis.com\/#\/schema\/person\/b55151d52296fcce64d1a72538a70b90","name":"apuntesdesanluis.com","image":{"@type":"ImageObject","inLanguage":"es-AR","@id":"https:\/\/apuntesdesanluis.com\/#\/schema\/person\/image\/","url":"https:\/\/apuntesdesanluis.com\/wp-content\/uploads\/2023\/07\/cropped-apuntesdesanluis.png","contentUrl":"https:\/\/apuntesdesanluis.com\/wp-content\/uploads\/2023\/07\/cropped-apuntesdesanluis.png","width":450,"height":112,"caption":"apuntesdesanluis.com"},"logo":{"@id":"https:\/\/apuntesdesanluis.com\/#\/schema\/person\/image\/"},"sameAs":["https:\/\/apuntesdesanluis.com"],"url":"https:\/\/apuntesdesanluis.com\/index.php\/author\/apuntesdesanluis-com\/"}]}},"featured_image_urls":{"full":["https:\/\/apuntesdesanluis.com\/wp-content\/uploads\/2023\/11\/guerra.png",821,532,false],"thumbnail":["https:\/\/apuntesdesanluis.com\/wp-content\/uploads\/2023\/11\/guerra-150x150.png",150,150,true],"medium":["https:\/\/apuntesdesanluis.com\/wp-content\/uploads\/2023\/11\/guerra-300x194.png",300,194,true],"medium_large":["https:\/\/apuntesdesanluis.com\/wp-content\/uploads\/2023\/11\/guerra-768x498.png",640,415,true],"large":["https:\/\/apuntesdesanluis.com\/wp-content\/uploads\/2023\/11\/guerra.png",640,415,false],"1536x1536":["https:\/\/apuntesdesanluis.com\/wp-content\/uploads\/2023\/11\/guerra.png",821,532,false],"2048x2048":["https:\/\/apuntesdesanluis.com\/wp-content\/uploads\/2023\/11\/guerra.png",821,532,false],"newsever-slider-full":["https:\/\/apuntesdesanluis.com\/wp-content\/uploads\/2023\/11\/guerra.png",821,532,false],"newsever-featured":["https:\/\/apuntesdesanluis.com\/wp-content\/uploads\/2023\/11\/guerra.png",821,532,false],"newsever-medium":["https:\/\/apuntesdesanluis.com\/wp-content\/uploads\/2023\/11\/guerra-720x475.png",720,475,true]},"author_info":{"display_name":"apuntesdesanluis.com","author_link":"https:\/\/apuntesdesanluis.com\/index.php\/author\/apuntesdesanluis-com\/"},"category_info":"<a href=\"https:\/\/apuntesdesanluis.com\/index.php\/category\/nacionales-internacionales\/\" rel=\"category tag\">Nacionales\/Internacionales<\/a>","tag_info":"Nacionales\/Internacionales","comment_count":"0","_links":{"self":[{"href":"https:\/\/apuntesdesanluis.com\/index.php\/wp-json\/wp\/v2\/posts\/7466","targetHints":{"allow":["GET"]}}],"collection":[{"href":"https:\/\/apuntesdesanluis.com\/index.php\/wp-json\/wp\/v2\/posts"}],"about":[{"href":"https:\/\/apuntesdesanluis.com\/index.php\/wp-json\/wp\/v2\/types\/post"}],"author":[{"embeddable":true,"href":"https:\/\/apuntesdesanluis.com\/index.php\/wp-json\/wp\/v2\/users\/1"}],"replies":[{"embeddable":true,"href":"https:\/\/apuntesdesanluis.com\/index.php\/wp-json\/wp\/v2\/comments?post=7466"}],"version-history":[{"count":1,"href":"https:\/\/apuntesdesanluis.com\/index.php\/wp-json\/wp\/v2\/posts\/7466\/revisions"}],"predecessor-version":[{"id":7468,"href":"https:\/\/apuntesdesanluis.com\/index.php\/wp-json\/wp\/v2\/posts\/7466\/revisions\/7468"}],"wp:featuredmedia":[{"embeddable":true,"href":"https:\/\/apuntesdesanluis.com\/index.php\/wp-json\/wp\/v2\/media\/7467"}],"wp:attachment":[{"href":"https:\/\/apuntesdesanluis.com\/index.php\/wp-json\/wp\/v2\/media?parent=7466"}],"wp:term":[{"taxonomy":"category","embeddable":true,"href":"https:\/\/apuntesdesanluis.com\/index.php\/wp-json\/wp\/v2\/categories?post=7466"},{"taxonomy":"post_tag","embeddable":true,"href":"https:\/\/apuntesdesanluis.com\/index.php\/wp-json\/wp\/v2\/tags?post=7466"}],"curies":[{"name":"wp","href":"https:\/\/api.w.org\/{rel}","templated":true}]}}