{"id":747,"date":"2023-07-31T08:00:37","date_gmt":"2023-07-31T11:00:37","guid":{"rendered":"https:\/\/apuntesdesanluis.com\/?p=747"},"modified":"2023-07-31T08:00:37","modified_gmt":"2023-07-31T11:00:37","slug":"elecciones-en-chubut-torres-de-jxc-se-impuso-sobre-luque-en-una-renida-eleccion","status":"publish","type":"post","link":"https:\/\/apuntesdesanluis.com\/index.php\/2023\/07\/31\/elecciones-en-chubut-torres-de-jxc-se-impuso-sobre-luque-en-una-renida-eleccion\/","title":{"rendered":"ELECCIONES EN CHUBUT: TORRES DE JXC SE IMPUSO SOBRE LUQUE EN UNA RE\u00d1IDA ELECCI\u00d3N"},"content":{"rendered":"<h3>El candidato a gobernador de Chubut de Juntos por el Cambio, <strong>Ignacio &#8220;Nacho&#8221; Torres<\/strong>, triunf\u00f3 en los comicios locales por 5.229 votos por sobre el oficialista <strong>Juan Pablo Luque<\/strong>.<\/h3>\n<h3>Con el 100 por ciento de las mesas escrutadas, Torres sacaba el 35,71 de los votos y Luque 34,11%.<\/h3>\n<h3>La carga de datos comenz\u00f3 pasadas las 21:00 hs. con una diferencia de m\u00e1s de 7 puntos a favor del senador de Juntos por el Cambio, pero a medida que empezaron a cargarse las mesas de Comodoro Rivadavia, ciudad de la que Luque es intendente, la ventaja se fue achicando.<\/h3>\n<h3>Pasadas las 23.30, el primero en hablar fue Luque, que se adjudic\u00f3 la victoria y dijo que su recuento le da una ventaja de &#8220;800 votos&#8221;.<\/h3>\n<h3>&#8220;El recuento nos da una diferencia de cerca de 800 votos a favor nuestro para Gobernador, pero para nosotros es importante que un electorado de m\u00e1s de 250.000 personas, una diferencia de 800 votos es poca, por eso vamos a esperar el recuento definitivo&#8221;, resalt\u00f3 en declaraciones a la prensa en su b\u00fanker en Comodoro Rivadavia.<\/h3>\n<h3>Minutos m\u00e1s tarde, Torres habl\u00f3 desde Trelew y tambi\u00e9n se declar\u00f3 ganador: &#8220;Quieren confundir porque no pueden entender c\u00f3mo este pibe al que ningunearon les demostr\u00f3 que despu\u00e9s de 20 a\u00f1os vamos a terminar con la desidia en esta provincia&#8221;.<\/h3>\n<h3>Poco antes de la medianoche, acompa\u00f1ado de cerca por los postulantes presidenciales de Juntos por el Cambio, Horacio Rodr\u00edguez Larreta y Patricia Bullrich, el postulante opositor afirm\u00f3 que &#8220;Chubut hoy cambi\u00f3 su historia&#8221;.<\/h3>\n<h3>&#8220;Quieren salir a decir que esto se resuelve en el escrutinio&#8230; esto se resuelve hoy, se\u00f1ores, porque hoy Chubut cambi\u00f3 su historia. No nos van a enga\u00f1ar m\u00e1s, se les acab\u00f3 la joda&#8221;, recalc\u00f3 el senador nacional.<\/h3>\n<h3>Estuvieron habilitados 474.242 ciudadanos chubutenses en el padr\u00f3n electoral, de los cuales se estima que participaron un 65% de ellos aproximadamente. Se eligieron los candidatos para gobernador, su vice, legisladores locales y otros cargos municipales hasta 2027.<\/h3>\n<h3>Luego de Torres, Larreta tom\u00f3 el micr\u00f3fono y felicit\u00f3 al dirigente chubutense. \u201cVamos a estar juntos para ganarle al kirchnerismo. Ese es nuestro compromiso\u201d, enfatiz\u00f3 el jefe de Gobierno. Su discurso fue breve, con anclaje nacional y una conclusi\u00f3n nacional. A su turno, Bullrich dio un discurso m\u00e1s extenso. Acapar\u00f3 el escenario y busc\u00f3 arengar a la militancia.<\/h3>\n<h3>En ese contexto, se vivi\u00f3 el momento m\u00e1s inc\u00f3modo. \u201cSe siente, se siente, Patricia presidente\u201d, core\u00f3 una parte del p\u00fablico. La ex ministra de Seguridad, con actitud conciliadora, busc\u00f3 salir de esa situaci\u00f3n con una broma. \u201cEl 13 vamos a discutir con Larreta qui\u00e9n es presidente. Ahora estamos para acompa\u00f1ar a Nacho. Tranquilos\u201d, pidi\u00f3.<\/h3>\n<h3>Larreta sonri\u00f3 y le palme\u00f3 el hombro. La situaci\u00f3n se descontractur\u00f3. \u201cNo se peleen, queremos que est\u00e9n juntos\u201d, empezaron a pedir, de pronto, los militantes. De igual modo, el aire qued\u00f3 espeso.<\/h3>\n","protected":false},"excerpt":{"rendered":"<p>El candidato a gobernador de Chubut de Juntos por el Cambio, Ignacio &#8220;Nacho&#8221; Torres, triunf\u00f3&#8230;<\/p>\n","protected":false},"author":1,"featured_media":748,"comment_status":"closed","ping_status":"closed","sticky":false,"template":"","format":"standard","meta":{"footnotes":""},"categories":[5],"tags":[],"class_list":["post-747","post","type-post","status-publish","format-standard","has-post-thumbnail","hentry","category-nacionales-internacionales"],"yoast_head":"<!-- This site is optimized with the Yoast SEO plugin v26.1.1 - https:\/\/yoast.com\/wordpress\/plugins\/seo\/ -->\n<title>ELECCIONES EN CHUBUT: TORRES DE JXC SE IMPUSO SOBRE LUQUE EN UNA RE\u00d1IDA ELECCI\u00d3N - Apuntes de San Luis<\/title>\n<meta name=\"robots\" content=\"index, follow, max-snippet:-1, max-image-preview:large, max-video-preview:-1\" \/>\n<link rel=\"canonical\" href=\"https:\/\/apuntesdesanluis.com\/index.php\/2023\/07\/31\/elecciones-en-chubut-torres-de-jxc-se-impuso-sobre-luque-en-una-renida-eleccion\/\" \/>\n<meta property=\"og:locale\" content=\"es_ES\" \/>\n<meta property=\"og:type\" content=\"article\" \/>\n<meta property=\"og:title\" content=\"ELECCIONES EN CHUBUT: TORRES DE JXC SE IMPUSO SOBRE LUQUE EN UNA RE\u00d1IDA ELECCI\u00d3N - Apuntes de San Luis\" \/>\n<meta property=\"og:description\" content=\"El candidato a gobernador de Chubut de Juntos por el Cambio, Ignacio &#8220;Nacho&#8221; Torres, triunf\u00f3...\" \/>\n<meta property=\"og:url\" content=\"https:\/\/apuntesdesanluis.com\/index.php\/2023\/07\/31\/elecciones-en-chubut-torres-de-jxc-se-impuso-sobre-luque-en-una-renida-eleccion\/\" \/>\n<meta property=\"og:site_name\" content=\"Apuntes de San Luis\" \/>\n<meta property=\"article:published_time\" content=\"2023-07-31T11:00:37+00:00\" \/>\n<meta property=\"og:image\" content=\"https:\/\/apuntesdesanluis.com\/wp-content\/uploads\/2023\/07\/nacho-torres.png\" \/>\n\t<meta property=\"og:image:width\" content=\"750\" \/>\n\t<meta property=\"og:image:height\" content=\"442\" \/>\n\t<meta property=\"og:image:type\" content=\"image\/png\" \/>\n<meta name=\"author\" content=\"apuntesdesanluis.com\" \/>\n<meta name=\"twitter:card\" content=\"summary_large_image\" \/>\n<meta name=\"twitter:label1\" content=\"Escrito por\" \/>\n\t<meta name=\"twitter:data1\" content=\"apuntesdesanluis.com\" \/>\n\t<meta name=\"twitter:label2\" content=\"Tiempo de lectura\" \/>\n\t<meta name=\"twitter:data2\" content=\"3 minutos\" \/>\n<script type=\"application\/ld+json\" class=\"yoast-schema-graph\">{\"@context\":\"https:\/\/schema.org\",\"@graph\":[{\"@type\":\"Article\",\"@id\":\"https:\/\/apuntesdesanluis.com\/index.php\/2023\/07\/31\/elecciones-en-chubut-torres-de-jxc-se-impuso-sobre-luque-en-una-renida-eleccion\/#article\",\"isPartOf\":{\"@id\":\"https:\/\/apuntesdesanluis.com\/index.php\/2023\/07\/31\/elecciones-en-chubut-torres-de-jxc-se-impuso-sobre-luque-en-una-renida-eleccion\/\"},\"author\":{\"name\":\"apuntesdesanluis.com\",\"@id\":\"https:\/\/apuntesdesanluis.com\/#\/schema\/person\/b55151d52296fcce64d1a72538a70b90\"},\"headline\":\"ELECCIONES EN CHUBUT: TORRES DE JXC SE IMPUSO SOBRE LUQUE EN UNA RE\u00d1IDA ELECCI\u00d3N\",\"datePublished\":\"2023-07-31T11:00:37+00:00\",\"mainEntityOfPage\":{\"@id\":\"https:\/\/apuntesdesanluis.com\/index.php\/2023\/07\/31\/elecciones-en-chubut-torres-de-jxc-se-impuso-sobre-luque-en-una-renida-eleccion\/\"},\"wordCount\":496,\"publisher\":{\"@id\":\"https:\/\/apuntesdesanluis.com\/#\/schema\/person\/b55151d52296fcce64d1a72538a70b90\"},\"image\":{\"@id\":\"https:\/\/apuntesdesanluis.com\/index.php\/2023\/07\/31\/elecciones-en-chubut-torres-de-jxc-se-impuso-sobre-luque-en-una-renida-eleccion\/#primaryimage\"},\"thumbnailUrl\":\"https:\/\/apuntesdesanluis.com\/wp-content\/uploads\/2023\/07\/nacho-torres.png\",\"articleSection\":[\"Nacionales\/Internacionales\"],\"inLanguage\":\"es-AR\"},{\"@type\":\"WebPage\",\"@id\":\"https:\/\/apuntesdesanluis.com\/index.php\/2023\/07\/31\/elecciones-en-chubut-torres-de-jxc-se-impuso-sobre-luque-en-una-renida-eleccion\/\",\"url\":\"https:\/\/apuntesdesanluis.com\/index.php\/2023\/07\/31\/elecciones-en-chubut-torres-de-jxc-se-impuso-sobre-luque-en-una-renida-eleccion\/\",\"name\":\"ELECCIONES EN CHUBUT: TORRES DE JXC SE IMPUSO SOBRE LUQUE EN UNA RE\u00d1IDA ELECCI\u00d3N - Apuntes de San Luis\",\"isPartOf\":{\"@id\":\"https:\/\/apuntesdesanluis.com\/#website\"},\"primaryImageOfPage\":{\"@id\":\"https:\/\/apuntesdesanluis.com\/index.php\/2023\/07\/31\/elecciones-en-chubut-torres-de-jxc-se-impuso-sobre-luque-en-una-renida-eleccion\/#primaryimage\"},\"image\":{\"@id\":\"https:\/\/apuntesdesanluis.com\/index.php\/2023\/07\/31\/elecciones-en-chubut-torres-de-jxc-se-impuso-sobre-luque-en-una-renida-eleccion\/#primaryimage\"},\"thumbnailUrl\":\"https:\/\/apuntesdesanluis.com\/wp-content\/uploads\/2023\/07\/nacho-torres.png\",\"datePublished\":\"2023-07-31T11:00:37+00:00\",\"breadcrumb\":{\"@id\":\"https:\/\/apuntesdesanluis.com\/index.php\/2023\/07\/31\/elecciones-en-chubut-torres-de-jxc-se-impuso-sobre-luque-en-una-renida-eleccion\/#breadcrumb\"},\"inLanguage\":\"es-AR\",\"potentialAction\":[{\"@type\":\"ReadAction\",\"target\":[\"https:\/\/apuntesdesanluis.com\/index.php\/2023\/07\/31\/elecciones-en-chubut-torres-de-jxc-se-impuso-sobre-luque-en-una-renida-eleccion\/\"]}]},{\"@type\":\"ImageObject\",\"inLanguage\":\"es-AR\",\"@id\":\"https:\/\/apuntesdesanluis.com\/index.php\/2023\/07\/31\/elecciones-en-chubut-torres-de-jxc-se-impuso-sobre-luque-en-una-renida-eleccion\/#primaryimage\",\"url\":\"https:\/\/apuntesdesanluis.com\/wp-content\/uploads\/2023\/07\/nacho-torres.png\",\"contentUrl\":\"https:\/\/apuntesdesanluis.com\/wp-content\/uploads\/2023\/07\/nacho-torres.png\",\"width\":750,\"height\":442},{\"@type\":\"BreadcrumbList\",\"@id\":\"https:\/\/apuntesdesanluis.com\/index.php\/2023\/07\/31\/elecciones-en-chubut-torres-de-jxc-se-impuso-sobre-luque-en-una-renida-eleccion\/#breadcrumb\",\"itemListElement\":[{\"@type\":\"ListItem\",\"position\":1,\"name\":\"Inicio\",\"item\":\"https:\/\/apuntesdesanluis.com\/\"},{\"@type\":\"ListItem\",\"position\":2,\"name\":\"ELECCIONES EN CHUBUT: TORRES DE JXC SE IMPUSO SOBRE LUQUE EN UNA RE\u00d1IDA ELECCI\u00d3N\"}]},{\"@type\":\"WebSite\",\"@id\":\"https:\/\/apuntesdesanluis.com\/#website\",\"url\":\"https:\/\/apuntesdesanluis.com\/\",\"name\":\"Apuntes de San Luis\",\"description\":\"\",\"publisher\":{\"@id\":\"https:\/\/apuntesdesanluis.com\/#\/schema\/person\/b55151d52296fcce64d1a72538a70b90\"},\"potentialAction\":[{\"@type\":\"SearchAction\",\"target\":{\"@type\":\"EntryPoint\",\"urlTemplate\":\"https:\/\/apuntesdesanluis.com\/?s={search_term_string}\"},\"query-input\":{\"@type\":\"PropertyValueSpecification\",\"valueRequired\":true,\"valueName\":\"search_term_string\"}}],\"inLanguage\":\"es-AR\"},{\"@type\":[\"Person\",\"Organization\"],\"@id\":\"https:\/\/apuntesdesanluis.com\/#\/schema\/person\/b55151d52296fcce64d1a72538a70b90\",\"name\":\"apuntesdesanluis.com\",\"image\":{\"@type\":\"ImageObject\",\"inLanguage\":\"es-AR\",\"@id\":\"https:\/\/apuntesdesanluis.com\/#\/schema\/person\/image\/\",\"url\":\"https:\/\/apuntesdesanluis.com\/wp-content\/uploads\/2023\/07\/cropped-apuntesdesanluis.png\",\"contentUrl\":\"https:\/\/apuntesdesanluis.com\/wp-content\/uploads\/2023\/07\/cropped-apuntesdesanluis.png\",\"width\":450,\"height\":112,\"caption\":\"apuntesdesanluis.com\"},\"logo\":{\"@id\":\"https:\/\/apuntesdesanluis.com\/#\/schema\/person\/image\/\"},\"sameAs\":[\"https:\/\/apuntesdesanluis.com\"],\"url\":\"https:\/\/apuntesdesanluis.com\/index.php\/author\/apuntesdesanluis-com\/\"}]}<\/script>\n<!-- \/ Yoast SEO plugin. -->","yoast_head_json":{"title":"ELECCIONES EN CHUBUT: TORRES DE JXC SE IMPUSO SOBRE LUQUE EN UNA RE\u00d1IDA ELECCI\u00d3N - Apuntes de San Luis","robots":{"index":"index","follow":"follow","max-snippet":"max-snippet:-1","max-image-preview":"max-image-preview:large","max-video-preview":"max-video-preview:-1"},"canonical":"https:\/\/apuntesdesanluis.com\/index.php\/2023\/07\/31\/elecciones-en-chubut-torres-de-jxc-se-impuso-sobre-luque-en-una-renida-eleccion\/","og_locale":"es_ES","og_type":"article","og_title":"ELECCIONES EN CHUBUT: TORRES DE JXC SE IMPUSO SOBRE LUQUE EN UNA RE\u00d1IDA ELECCI\u00d3N - Apuntes de San Luis","og_description":"El candidato a gobernador de Chubut de Juntos por el Cambio, Ignacio &#8220;Nacho&#8221; Torres, triunf\u00f3...","og_url":"https:\/\/apuntesdesanluis.com\/index.php\/2023\/07\/31\/elecciones-en-chubut-torres-de-jxc-se-impuso-sobre-luque-en-una-renida-eleccion\/","og_site_name":"Apuntes de San Luis","article_published_time":"2023-07-31T11:00:37+00:00","og_image":[{"width":750,"height":442,"url":"https:\/\/apuntesdesanluis.com\/wp-content\/uploads\/2023\/07\/nacho-torres.png","type":"image\/png"}],"author":"apuntesdesanluis.com","twitter_card":"summary_large_image","twitter_misc":{"Escrito por":"apuntesdesanluis.com","Tiempo de lectura":"3 minutos"},"schema":{"@context":"https:\/\/schema.org","@graph":[{"@type":"Article","@id":"https:\/\/apuntesdesanluis.com\/index.php\/2023\/07\/31\/elecciones-en-chubut-torres-de-jxc-se-impuso-sobre-luque-en-una-renida-eleccion\/#article","isPartOf":{"@id":"https:\/\/apuntesdesanluis.com\/index.php\/2023\/07\/31\/elecciones-en-chubut-torres-de-jxc-se-impuso-sobre-luque-en-una-renida-eleccion\/"},"author":{"name":"apuntesdesanluis.com","@id":"https:\/\/apuntesdesanluis.com\/#\/schema\/person\/b55151d52296fcce64d1a72538a70b90"},"headline":"ELECCIONES EN CHUBUT: TORRES DE JXC SE IMPUSO SOBRE LUQUE EN UNA RE\u00d1IDA ELECCI\u00d3N","datePublished":"2023-07-31T11:00:37+00:00","mainEntityOfPage":{"@id":"https:\/\/apuntesdesanluis.com\/index.php\/2023\/07\/31\/elecciones-en-chubut-torres-de-jxc-se-impuso-sobre-luque-en-una-renida-eleccion\/"},"wordCount":496,"publisher":{"@id":"https:\/\/apuntesdesanluis.com\/#\/schema\/person\/b55151d52296fcce64d1a72538a70b90"},"image":{"@id":"https:\/\/apuntesdesanluis.com\/index.php\/2023\/07\/31\/elecciones-en-chubut-torres-de-jxc-se-impuso-sobre-luque-en-una-renida-eleccion\/#primaryimage"},"thumbnailUrl":"https:\/\/apuntesdesanluis.com\/wp-content\/uploads\/2023\/07\/nacho-torres.png","articleSection":["Nacionales\/Internacionales"],"inLanguage":"es-AR"},{"@type":"WebPage","@id":"https:\/\/apuntesdesanluis.com\/index.php\/2023\/07\/31\/elecciones-en-chubut-torres-de-jxc-se-impuso-sobre-luque-en-una-renida-eleccion\/","url":"https:\/\/apuntesdesanluis.com\/index.php\/2023\/07\/31\/elecciones-en-chubut-torres-de-jxc-se-impuso-sobre-luque-en-una-renida-eleccion\/","name":"ELECCIONES EN CHUBUT: TORRES DE JXC SE IMPUSO SOBRE LUQUE EN UNA RE\u00d1IDA ELECCI\u00d3N - Apuntes de San Luis","isPartOf":{"@id":"https:\/\/apuntesdesanluis.com\/#website"},"primaryImageOfPage":{"@id":"https:\/\/apuntesdesanluis.com\/index.php\/2023\/07\/31\/elecciones-en-chubut-torres-de-jxc-se-impuso-sobre-luque-en-una-renida-eleccion\/#primaryimage"},"image":{"@id":"https:\/\/apuntesdesanluis.com\/index.php\/2023\/07\/31\/elecciones-en-chubut-torres-de-jxc-se-impuso-sobre-luque-en-una-renida-eleccion\/#primaryimage"},"thumbnailUrl":"https:\/\/apuntesdesanluis.com\/wp-content\/uploads\/2023\/07\/nacho-torres.png","datePublished":"2023-07-31T11:00:37+00:00","breadcrumb":{"@id":"https:\/\/apuntesdesanluis.com\/index.php\/2023\/07\/31\/elecciones-en-chubut-torres-de-jxc-se-impuso-sobre-luque-en-una-renida-eleccion\/#breadcrumb"},"inLanguage":"es-AR","potentialAction":[{"@type":"ReadAction","target":["https:\/\/apuntesdesanluis.com\/index.php\/2023\/07\/31\/elecciones-en-chubut-torres-de-jxc-se-impuso-sobre-luque-en-una-renida-eleccion\/"]}]},{"@type":"ImageObject","inLanguage":"es-AR","@id":"https:\/\/apuntesdesanluis.com\/index.php\/2023\/07\/31\/elecciones-en-chubut-torres-de-jxc-se-impuso-sobre-luque-en-una-renida-eleccion\/#primaryimage","url":"https:\/\/apuntesdesanluis.com\/wp-content\/uploads\/2023\/07\/nacho-torres.png","contentUrl":"https:\/\/apuntesdesanluis.com\/wp-content\/uploads\/2023\/07\/nacho-torres.png","width":750,"height":442},{"@type":"BreadcrumbList","@id":"https:\/\/apuntesdesanluis.com\/index.php\/2023\/07\/31\/elecciones-en-chubut-torres-de-jxc-se-impuso-sobre-luque-en-una-renida-eleccion\/#breadcrumb","itemListElement":[{"@type":"ListItem","position":1,"name":"Inicio","item":"https:\/\/apuntesdesanluis.com\/"},{"@type":"ListItem","position":2,"name":"ELECCIONES EN CHUBUT: TORRES DE JXC SE IMPUSO SOBRE LUQUE EN UNA RE\u00d1IDA ELECCI\u00d3N"}]},{"@type":"WebSite","@id":"https:\/\/apuntesdesanluis.com\/#website","url":"https:\/\/apuntesdesanluis.com\/","name":"Apuntes de San Luis","description":"","publisher":{"@id":"https:\/\/apuntesdesanluis.com\/#\/schema\/person\/b55151d52296fcce64d1a72538a70b90"},"potentialAction":[{"@type":"SearchAction","target":{"@type":"EntryPoint","urlTemplate":"https:\/\/apuntesdesanluis.com\/?s={search_term_string}"},"query-input":{"@type":"PropertyValueSpecification","valueRequired":true,"valueName":"search_term_string"}}],"inLanguage":"es-AR"},{"@type":["Person","Organization"],"@id":"https:\/\/apuntesdesanluis.com\/#\/schema\/person\/b55151d52296fcce64d1a72538a70b90","name":"apuntesdesanluis.com","image":{"@type":"ImageObject","inLanguage":"es-AR","@id":"https:\/\/apuntesdesanluis.com\/#\/schema\/person\/image\/","url":"https:\/\/apuntesdesanluis.com\/wp-content\/uploads\/2023\/07\/cropped-apuntesdesanluis.png","contentUrl":"https:\/\/apuntesdesanluis.com\/wp-content\/uploads\/2023\/07\/cropped-apuntesdesanluis.png","width":450,"height":112,"caption":"apuntesdesanluis.com"},"logo":{"@id":"https:\/\/apuntesdesanluis.com\/#\/schema\/person\/image\/"},"sameAs":["https:\/\/apuntesdesanluis.com"],"url":"https:\/\/apuntesdesanluis.com\/index.php\/author\/apuntesdesanluis-com\/"}]}},"featured_image_urls":{"full":["https:\/\/apuntesdesanluis.com\/wp-content\/uploads\/2023\/07\/nacho-torres.png",750,442,false],"thumbnail":["https:\/\/apuntesdesanluis.com\/wp-content\/uploads\/2023\/07\/nacho-torres-150x150.png",150,150,true],"medium":["https:\/\/apuntesdesanluis.com\/wp-content\/uploads\/2023\/07\/nacho-torres-300x177.png",300,177,true],"medium_large":["https:\/\/apuntesdesanluis.com\/wp-content\/uploads\/2023\/07\/nacho-torres.png",640,377,false],"large":["https:\/\/apuntesdesanluis.com\/wp-content\/uploads\/2023\/07\/nacho-torres.png",640,377,false],"1536x1536":["https:\/\/apuntesdesanluis.com\/wp-content\/uploads\/2023\/07\/nacho-torres.png",750,442,false],"2048x2048":["https:\/\/apuntesdesanluis.com\/wp-content\/uploads\/2023\/07\/nacho-torres.png",750,442,false],"newsever-slider-full":["https:\/\/apuntesdesanluis.com\/wp-content\/uploads\/2023\/07\/nacho-torres.png",750,442,false],"newsever-featured":["https:\/\/apuntesdesanluis.com\/wp-content\/uploads\/2023\/07\/nacho-torres.png",750,442,false],"newsever-medium":["https:\/\/apuntesdesanluis.com\/wp-content\/uploads\/2023\/07\/nacho-torres-720x442.png",720,442,true]},"author_info":{"display_name":"apuntesdesanluis.com","author_link":"https:\/\/apuntesdesanluis.com\/index.php\/author\/apuntesdesanluis-com\/"},"category_info":"<a href=\"https:\/\/apuntesdesanluis.com\/index.php\/category\/nacionales-internacionales\/\" rel=\"category tag\">Nacionales\/Internacionales<\/a>","tag_info":"Nacionales\/Internacionales","comment_count":"0","_links":{"self":[{"href":"https:\/\/apuntesdesanluis.com\/index.php\/wp-json\/wp\/v2\/posts\/747","targetHints":{"allow":["GET"]}}],"collection":[{"href":"https:\/\/apuntesdesanluis.com\/index.php\/wp-json\/wp\/v2\/posts"}],"about":[{"href":"https:\/\/apuntesdesanluis.com\/index.php\/wp-json\/wp\/v2\/types\/post"}],"author":[{"embeddable":true,"href":"https:\/\/apuntesdesanluis.com\/index.php\/wp-json\/wp\/v2\/users\/1"}],"replies":[{"embeddable":true,"href":"https:\/\/apuntesdesanluis.com\/index.php\/wp-json\/wp\/v2\/comments?post=747"}],"version-history":[{"count":1,"href":"https:\/\/apuntesdesanluis.com\/index.php\/wp-json\/wp\/v2\/posts\/747\/revisions"}],"predecessor-version":[{"id":749,"href":"https:\/\/apuntesdesanluis.com\/index.php\/wp-json\/wp\/v2\/posts\/747\/revisions\/749"}],"wp:featuredmedia":[{"embeddable":true,"href":"https:\/\/apuntesdesanluis.com\/index.php\/wp-json\/wp\/v2\/media\/748"}],"wp:attachment":[{"href":"https:\/\/apuntesdesanluis.com\/index.php\/wp-json\/wp\/v2\/media?parent=747"}],"wp:term":[{"taxonomy":"category","embeddable":true,"href":"https:\/\/apuntesdesanluis.com\/index.php\/wp-json\/wp\/v2\/categories?post=747"},{"taxonomy":"post_tag","embeddable":true,"href":"https:\/\/apuntesdesanluis.com\/index.php\/wp-json\/wp\/v2\/tags?post=747"}],"curies":[{"name":"wp","href":"https:\/\/api.w.org\/{rel}","templated":true}]}}