{"id":7490,"date":"2023-11-28T07:37:17","date_gmt":"2023-11-28T10:37:17","guid":{"rendered":"https:\/\/apuntesdesanluis.com\/?p=7490"},"modified":"2023-11-28T07:38:12","modified_gmt":"2023-11-28T10:38:12","slug":"bartolo-abdala-presidira-el-bloque-de-senadores-libertarios","status":"publish","type":"post","link":"https:\/\/apuntesdesanluis.com\/index.php\/2023\/11\/28\/bartolo-abdala-presidira-el-bloque-de-senadores-libertarios\/","title":{"rendered":"BARTOLO ABDALA PRESIDIR\u00c1 EL BLOQUE DE SENADORES LIBERTARIOS"},"content":{"rendered":"<h3>El puntano <strong>Bartolom\u00e9 Abdala<\/strong> fue elegido en una apretada votaci\u00f3n entre los siete senadores que tendr\u00e1 La Libertad Avanza a partir del pr\u00f3ximo 10 de diciembre, cuando <strong>Javier Milei<\/strong> asuma la presidencia de la Naci\u00f3n, inform\u00f3 el diario La Naci\u00f3n.<\/h3>\n<h3>Ex dirigente del Pro y exlegislador provincial, Bartolo Abdala, cerr\u00f3 su apoyo a Milei en diciembre del a\u00f1o pasado, luego de una serie de negociaciones con Carlos Kikuchi, ahora desplazado del centro de la toma decisiones en la Libertad Avanza.<\/h3>\n<h3>El formose\u00f1o <strong>Francisco Paoltroni<\/strong> aparece como postulante para la presidencia provisional, pero la postulaci\u00f3n no fue oficializada.<\/h3>\n<p><img fetchpriority=\"high\" decoding=\"async\" class=\"wp-image-7491 aligncenter\" src=\"https:\/\/apuntesdesanluis.com\/wp-content\/uploads\/2023\/11\/Bloque-senadores-libertarios-223x300.jpg\" alt=\"\" width=\"668\" height=\"899\" srcset=\"https:\/\/apuntesdesanluis.com\/wp-content\/uploads\/2023\/11\/Bloque-senadores-libertarios-223x300.jpg 223w, https:\/\/apuntesdesanluis.com\/wp-content\/uploads\/2023\/11\/Bloque-senadores-libertarios.jpg 580w\" sizes=\"(max-width: 668px) 100vw, 668px\" \/><\/p>\n<h3>Abdala, senador electo por San Luis, fue designado presidente del bloque libertario de la C\u00e1mara alta durante una reuni\u00f3n celebrada en el barrio de N\u00fa\u00f1ez y luego de una re\u00f1ida votaci\u00f3n en la que se impuso por 4 votos a 3 a Ezequiel Atauche, empresario que encabez\u00f3 la lista de senadores de La Libertad Avanza que gan\u00f3 las elecciones de Jujuy postergando a Juntos por el Cambio y al PJ.<\/h3>\n<h3>Abdala lleg\u00f3 a ser presidente de Pro en San Luis, pero termin\u00f3 rompiendo en 2021 con la escuder\u00eda amarilla molesto por la decisi\u00f3n de Patricia Bullrich, entonces al frente de Pro, de intervenir y designar al frente del partido provincial a Esteban Garrido.<\/h3>\n<h3>El motivo del cortocircuito con la conducci\u00f3n nacional de Pro fue la decisi\u00f3n de Bullrich de apoyar al peronista disidente Claudio Poggi, por entonces senador nacional, como candidato a encabezar la n\u00f3mina de diputados nacionales, cargo que consigui\u00f3.<\/h3>\n<h3>Abdala se fue del Pro dando un portazo y calificando como una falta de respeto la decisi\u00f3n de la conducci\u00f3n nacional del partido. Un a\u00f1o despu\u00e9s, cerr\u00f3 el acuerdo con Milei. \u201cCreo que Javier es el que mejor representa las ideas de la libertad que ten\u00eda el propio Mauricio Macri al inicio de su carrera pol\u00edtica y que despu\u00e9s, cuando fue gobierno, no supo o pudo aplicar. Por eso me convenc\u00ed a acompa\u00f1arlo a \u00e9l\u201d, dijo en aquella oportunidad al ahora senador nacional electo.<\/h3>\n<p><img decoding=\"async\" class=\"wp-image-7492 aligncenter\" src=\"https:\/\/apuntesdesanluis.com\/wp-content\/uploads\/2023\/11\/abdala-y-milei-300x200.png\" alt=\"\" width=\"686\" height=\"457\" srcset=\"https:\/\/apuntesdesanluis.com\/wp-content\/uploads\/2023\/11\/abdala-y-milei-300x200.png 300w, https:\/\/apuntesdesanluis.com\/wp-content\/uploads\/2023\/11\/abdala-y-milei-768x512.png 768w, https:\/\/apuntesdesanluis.com\/wp-content\/uploads\/2023\/11\/abdala-y-milei.png 843w\" sizes=\"(max-width: 686px) 100vw, 686px\" \/><\/p>\n<h3>En la elecci\u00f3n del 22 de octubre La Libertad Avanza obtuvo siete bancas para el Senado, producto de haber ganado las elecciones en las provincias de San Luis (adem\u00e1s de Abdala ingresar\u00e1 la peronista <strong>Ivana Arrascaeta<\/strong>); y Jujuy, donde fueron elegidos Atauche y la pastora evangelista Vilma Bedia.<\/h3>\n<h3>Adem\u00e1s, producto de haber sido la segunda fuerza m\u00e1s votada, consigui\u00f3 ganar un esca\u00f1o en La Rioja, Juan Carlos Pagotto; San Juan, Bruno Olivera Lucero; y Formosa, Francisco Paoltroni.<\/h3>\n","protected":false},"excerpt":{"rendered":"<p>El puntano Bartolom\u00e9 Abdala fue elegido en una apretada votaci\u00f3n entre los siete senadores que&#8230;<\/p>\n","protected":false},"author":1,"featured_media":5585,"comment_status":"closed","ping_status":"closed","sticky":false,"template":"","format":"standard","meta":{"footnotes":""},"categories":[5],"tags":[],"class_list":["post-7490","post","type-post","status-publish","format-standard","has-post-thumbnail","hentry","category-nacionales-internacionales"],"yoast_head":"<!-- This site is optimized with the Yoast SEO plugin v26.1.1 - https:\/\/yoast.com\/wordpress\/plugins\/seo\/ -->\n<title>BARTOLO ABDALA PRESIDIR\u00c1 EL BLOQUE DE SENADORES LIBERTARIOS - Apuntes de San Luis<\/title>\n<meta name=\"robots\" content=\"index, follow, max-snippet:-1, max-image-preview:large, max-video-preview:-1\" \/>\n<link rel=\"canonical\" href=\"https:\/\/apuntesdesanluis.com\/index.php\/2023\/11\/28\/bartolo-abdala-presidira-el-bloque-de-senadores-libertarios\/\" \/>\n<meta property=\"og:locale\" content=\"es_ES\" \/>\n<meta property=\"og:type\" content=\"article\" \/>\n<meta property=\"og:title\" content=\"BARTOLO ABDALA PRESIDIR\u00c1 EL BLOQUE DE SENADORES LIBERTARIOS - Apuntes de San Luis\" \/>\n<meta property=\"og:description\" content=\"El puntano Bartolom\u00e9 Abdala fue elegido en una apretada votaci\u00f3n entre los siete senadores que...\" \/>\n<meta property=\"og:url\" content=\"https:\/\/apuntesdesanluis.com\/index.php\/2023\/11\/28\/bartolo-abdala-presidira-el-bloque-de-senadores-libertarios\/\" \/>\n<meta property=\"og:site_name\" content=\"Apuntes de San Luis\" \/>\n<meta property=\"article:published_time\" content=\"2023-11-28T10:37:17+00:00\" \/>\n<meta property=\"article:modified_time\" content=\"2023-11-28T10:38:12+00:00\" \/>\n<meta property=\"og:image\" content=\"https:\/\/apuntesdesanluis.com\/wp-content\/uploads\/2023\/10\/libertarios-abdala-arrascaeta.png\" \/>\n\t<meta property=\"og:image:width\" content=\"765\" \/>\n\t<meta property=\"og:image:height\" content=\"496\" \/>\n\t<meta property=\"og:image:type\" content=\"image\/png\" \/>\n<meta name=\"author\" content=\"apuntesdesanluis.com\" \/>\n<meta name=\"twitter:card\" content=\"summary_large_image\" \/>\n<meta name=\"twitter:label1\" content=\"Escrito por\" \/>\n\t<meta name=\"twitter:data1\" content=\"apuntesdesanluis.com\" \/>\n\t<meta name=\"twitter:label2\" content=\"Tiempo de lectura\" \/>\n\t<meta name=\"twitter:data2\" content=\"3 minutos\" \/>\n<script type=\"application\/ld+json\" class=\"yoast-schema-graph\">{\"@context\":\"https:\/\/schema.org\",\"@graph\":[{\"@type\":\"Article\",\"@id\":\"https:\/\/apuntesdesanluis.com\/index.php\/2023\/11\/28\/bartolo-abdala-presidira-el-bloque-de-senadores-libertarios\/#article\",\"isPartOf\":{\"@id\":\"https:\/\/apuntesdesanluis.com\/index.php\/2023\/11\/28\/bartolo-abdala-presidira-el-bloque-de-senadores-libertarios\/\"},\"author\":{\"name\":\"apuntesdesanluis.com\",\"@id\":\"https:\/\/apuntesdesanluis.com\/#\/schema\/person\/b55151d52296fcce64d1a72538a70b90\"},\"headline\":\"BARTOLO ABDALA PRESIDIR\u00c1 EL BLOQUE DE SENADORES LIBERTARIOS\",\"datePublished\":\"2023-11-28T10:37:17+00:00\",\"dateModified\":\"2023-11-28T10:38:12+00:00\",\"mainEntityOfPage\":{\"@id\":\"https:\/\/apuntesdesanluis.com\/index.php\/2023\/11\/28\/bartolo-abdala-presidira-el-bloque-de-senadores-libertarios\/\"},\"wordCount\":442,\"publisher\":{\"@id\":\"https:\/\/apuntesdesanluis.com\/#\/schema\/person\/b55151d52296fcce64d1a72538a70b90\"},\"image\":{\"@id\":\"https:\/\/apuntesdesanluis.com\/index.php\/2023\/11\/28\/bartolo-abdala-presidira-el-bloque-de-senadores-libertarios\/#primaryimage\"},\"thumbnailUrl\":\"https:\/\/apuntesdesanluis.com\/wp-content\/uploads\/2023\/10\/libertarios-abdala-arrascaeta.png\",\"articleSection\":[\"Nacionales\/Internacionales\"],\"inLanguage\":\"es-AR\"},{\"@type\":\"WebPage\",\"@id\":\"https:\/\/apuntesdesanluis.com\/index.php\/2023\/11\/28\/bartolo-abdala-presidira-el-bloque-de-senadores-libertarios\/\",\"url\":\"https:\/\/apuntesdesanluis.com\/index.php\/2023\/11\/28\/bartolo-abdala-presidira-el-bloque-de-senadores-libertarios\/\",\"name\":\"BARTOLO ABDALA PRESIDIR\u00c1 EL BLOQUE DE SENADORES LIBERTARIOS - Apuntes de San Luis\",\"isPartOf\":{\"@id\":\"https:\/\/apuntesdesanluis.com\/#website\"},\"primaryImageOfPage\":{\"@id\":\"https:\/\/apuntesdesanluis.com\/index.php\/2023\/11\/28\/bartolo-abdala-presidira-el-bloque-de-senadores-libertarios\/#primaryimage\"},\"image\":{\"@id\":\"https:\/\/apuntesdesanluis.com\/index.php\/2023\/11\/28\/bartolo-abdala-presidira-el-bloque-de-senadores-libertarios\/#primaryimage\"},\"thumbnailUrl\":\"https:\/\/apuntesdesanluis.com\/wp-content\/uploads\/2023\/10\/libertarios-abdala-arrascaeta.png\",\"datePublished\":\"2023-11-28T10:37:17+00:00\",\"dateModified\":\"2023-11-28T10:38:12+00:00\",\"breadcrumb\":{\"@id\":\"https:\/\/apuntesdesanluis.com\/index.php\/2023\/11\/28\/bartolo-abdala-presidira-el-bloque-de-senadores-libertarios\/#breadcrumb\"},\"inLanguage\":\"es-AR\",\"potentialAction\":[{\"@type\":\"ReadAction\",\"target\":[\"https:\/\/apuntesdesanluis.com\/index.php\/2023\/11\/28\/bartolo-abdala-presidira-el-bloque-de-senadores-libertarios\/\"]}]},{\"@type\":\"ImageObject\",\"inLanguage\":\"es-AR\",\"@id\":\"https:\/\/apuntesdesanluis.com\/index.php\/2023\/11\/28\/bartolo-abdala-presidira-el-bloque-de-senadores-libertarios\/#primaryimage\",\"url\":\"https:\/\/apuntesdesanluis.com\/wp-content\/uploads\/2023\/10\/libertarios-abdala-arrascaeta.png\",\"contentUrl\":\"https:\/\/apuntesdesanluis.com\/wp-content\/uploads\/2023\/10\/libertarios-abdala-arrascaeta.png\",\"width\":765,\"height\":496},{\"@type\":\"BreadcrumbList\",\"@id\":\"https:\/\/apuntesdesanluis.com\/index.php\/2023\/11\/28\/bartolo-abdala-presidira-el-bloque-de-senadores-libertarios\/#breadcrumb\",\"itemListElement\":[{\"@type\":\"ListItem\",\"position\":1,\"name\":\"Inicio\",\"item\":\"https:\/\/apuntesdesanluis.com\/\"},{\"@type\":\"ListItem\",\"position\":2,\"name\":\"BARTOLO ABDALA PRESIDIR\u00c1 EL BLOQUE DE SENADORES LIBERTARIOS\"}]},{\"@type\":\"WebSite\",\"@id\":\"https:\/\/apuntesdesanluis.com\/#website\",\"url\":\"https:\/\/apuntesdesanluis.com\/\",\"name\":\"Apuntes de San Luis\",\"description\":\"\",\"publisher\":{\"@id\":\"https:\/\/apuntesdesanluis.com\/#\/schema\/person\/b55151d52296fcce64d1a72538a70b90\"},\"potentialAction\":[{\"@type\":\"SearchAction\",\"target\":{\"@type\":\"EntryPoint\",\"urlTemplate\":\"https:\/\/apuntesdesanluis.com\/?s={search_term_string}\"},\"query-input\":{\"@type\":\"PropertyValueSpecification\",\"valueRequired\":true,\"valueName\":\"search_term_string\"}}],\"inLanguage\":\"es-AR\"},{\"@type\":[\"Person\",\"Organization\"],\"@id\":\"https:\/\/apuntesdesanluis.com\/#\/schema\/person\/b55151d52296fcce64d1a72538a70b90\",\"name\":\"apuntesdesanluis.com\",\"image\":{\"@type\":\"ImageObject\",\"inLanguage\":\"es-AR\",\"@id\":\"https:\/\/apuntesdesanluis.com\/#\/schema\/person\/image\/\",\"url\":\"https:\/\/apuntesdesanluis.com\/wp-content\/uploads\/2023\/07\/cropped-apuntesdesanluis.png\",\"contentUrl\":\"https:\/\/apuntesdesanluis.com\/wp-content\/uploads\/2023\/07\/cropped-apuntesdesanluis.png\",\"width\":450,\"height\":112,\"caption\":\"apuntesdesanluis.com\"},\"logo\":{\"@id\":\"https:\/\/apuntesdesanluis.com\/#\/schema\/person\/image\/\"},\"sameAs\":[\"https:\/\/apuntesdesanluis.com\"],\"url\":\"https:\/\/apuntesdesanluis.com\/index.php\/author\/apuntesdesanluis-com\/\"}]}<\/script>\n<!-- \/ Yoast SEO plugin. -->","yoast_head_json":{"title":"BARTOLO ABDALA PRESIDIR\u00c1 EL BLOQUE DE SENADORES LIBERTARIOS - Apuntes de San Luis","robots":{"index":"index","follow":"follow","max-snippet":"max-snippet:-1","max-image-preview":"max-image-preview:large","max-video-preview":"max-video-preview:-1"},"canonical":"https:\/\/apuntesdesanluis.com\/index.php\/2023\/11\/28\/bartolo-abdala-presidira-el-bloque-de-senadores-libertarios\/","og_locale":"es_ES","og_type":"article","og_title":"BARTOLO ABDALA PRESIDIR\u00c1 EL BLOQUE DE SENADORES LIBERTARIOS - Apuntes de San Luis","og_description":"El puntano Bartolom\u00e9 Abdala fue elegido en una apretada votaci\u00f3n entre los siete senadores que...","og_url":"https:\/\/apuntesdesanluis.com\/index.php\/2023\/11\/28\/bartolo-abdala-presidira-el-bloque-de-senadores-libertarios\/","og_site_name":"Apuntes de San Luis","article_published_time":"2023-11-28T10:37:17+00:00","article_modified_time":"2023-11-28T10:38:12+00:00","og_image":[{"width":765,"height":496,"url":"https:\/\/apuntesdesanluis.com\/wp-content\/uploads\/2023\/10\/libertarios-abdala-arrascaeta.png","type":"image\/png"}],"author":"apuntesdesanluis.com","twitter_card":"summary_large_image","twitter_misc":{"Escrito por":"apuntesdesanluis.com","Tiempo de lectura":"3 minutos"},"schema":{"@context":"https:\/\/schema.org","@graph":[{"@type":"Article","@id":"https:\/\/apuntesdesanluis.com\/index.php\/2023\/11\/28\/bartolo-abdala-presidira-el-bloque-de-senadores-libertarios\/#article","isPartOf":{"@id":"https:\/\/apuntesdesanluis.com\/index.php\/2023\/11\/28\/bartolo-abdala-presidira-el-bloque-de-senadores-libertarios\/"},"author":{"name":"apuntesdesanluis.com","@id":"https:\/\/apuntesdesanluis.com\/#\/schema\/person\/b55151d52296fcce64d1a72538a70b90"},"headline":"BARTOLO ABDALA PRESIDIR\u00c1 EL BLOQUE DE SENADORES LIBERTARIOS","datePublished":"2023-11-28T10:37:17+00:00","dateModified":"2023-11-28T10:38:12+00:00","mainEntityOfPage":{"@id":"https:\/\/apuntesdesanluis.com\/index.php\/2023\/11\/28\/bartolo-abdala-presidira-el-bloque-de-senadores-libertarios\/"},"wordCount":442,"publisher":{"@id":"https:\/\/apuntesdesanluis.com\/#\/schema\/person\/b55151d52296fcce64d1a72538a70b90"},"image":{"@id":"https:\/\/apuntesdesanluis.com\/index.php\/2023\/11\/28\/bartolo-abdala-presidira-el-bloque-de-senadores-libertarios\/#primaryimage"},"thumbnailUrl":"https:\/\/apuntesdesanluis.com\/wp-content\/uploads\/2023\/10\/libertarios-abdala-arrascaeta.png","articleSection":["Nacionales\/Internacionales"],"inLanguage":"es-AR"},{"@type":"WebPage","@id":"https:\/\/apuntesdesanluis.com\/index.php\/2023\/11\/28\/bartolo-abdala-presidira-el-bloque-de-senadores-libertarios\/","url":"https:\/\/apuntesdesanluis.com\/index.php\/2023\/11\/28\/bartolo-abdala-presidira-el-bloque-de-senadores-libertarios\/","name":"BARTOLO ABDALA PRESIDIR\u00c1 EL BLOQUE DE SENADORES LIBERTARIOS - Apuntes de San Luis","isPartOf":{"@id":"https:\/\/apuntesdesanluis.com\/#website"},"primaryImageOfPage":{"@id":"https:\/\/apuntesdesanluis.com\/index.php\/2023\/11\/28\/bartolo-abdala-presidira-el-bloque-de-senadores-libertarios\/#primaryimage"},"image":{"@id":"https:\/\/apuntesdesanluis.com\/index.php\/2023\/11\/28\/bartolo-abdala-presidira-el-bloque-de-senadores-libertarios\/#primaryimage"},"thumbnailUrl":"https:\/\/apuntesdesanluis.com\/wp-content\/uploads\/2023\/10\/libertarios-abdala-arrascaeta.png","datePublished":"2023-11-28T10:37:17+00:00","dateModified":"2023-11-28T10:38:12+00:00","breadcrumb":{"@id":"https:\/\/apuntesdesanluis.com\/index.php\/2023\/11\/28\/bartolo-abdala-presidira-el-bloque-de-senadores-libertarios\/#breadcrumb"},"inLanguage":"es-AR","potentialAction":[{"@type":"ReadAction","target":["https:\/\/apuntesdesanluis.com\/index.php\/2023\/11\/28\/bartolo-abdala-presidira-el-bloque-de-senadores-libertarios\/"]}]},{"@type":"ImageObject","inLanguage":"es-AR","@id":"https:\/\/apuntesdesanluis.com\/index.php\/2023\/11\/28\/bartolo-abdala-presidira-el-bloque-de-senadores-libertarios\/#primaryimage","url":"https:\/\/apuntesdesanluis.com\/wp-content\/uploads\/2023\/10\/libertarios-abdala-arrascaeta.png","contentUrl":"https:\/\/apuntesdesanluis.com\/wp-content\/uploads\/2023\/10\/libertarios-abdala-arrascaeta.png","width":765,"height":496},{"@type":"BreadcrumbList","@id":"https:\/\/apuntesdesanluis.com\/index.php\/2023\/11\/28\/bartolo-abdala-presidira-el-bloque-de-senadores-libertarios\/#breadcrumb","itemListElement":[{"@type":"ListItem","position":1,"name":"Inicio","item":"https:\/\/apuntesdesanluis.com\/"},{"@type":"ListItem","position":2,"name":"BARTOLO ABDALA PRESIDIR\u00c1 EL BLOQUE DE SENADORES LIBERTARIOS"}]},{"@type":"WebSite","@id":"https:\/\/apuntesdesanluis.com\/#website","url":"https:\/\/apuntesdesanluis.com\/","name":"Apuntes de San Luis","description":"","publisher":{"@id":"https:\/\/apuntesdesanluis.com\/#\/schema\/person\/b55151d52296fcce64d1a72538a70b90"},"potentialAction":[{"@type":"SearchAction","target":{"@type":"EntryPoint","urlTemplate":"https:\/\/apuntesdesanluis.com\/?s={search_term_string}"},"query-input":{"@type":"PropertyValueSpecification","valueRequired":true,"valueName":"search_term_string"}}],"inLanguage":"es-AR"},{"@type":["Person","Organization"],"@id":"https:\/\/apuntesdesanluis.com\/#\/schema\/person\/b55151d52296fcce64d1a72538a70b90","name":"apuntesdesanluis.com","image":{"@type":"ImageObject","inLanguage":"es-AR","@id":"https:\/\/apuntesdesanluis.com\/#\/schema\/person\/image\/","url":"https:\/\/apuntesdesanluis.com\/wp-content\/uploads\/2023\/07\/cropped-apuntesdesanluis.png","contentUrl":"https:\/\/apuntesdesanluis.com\/wp-content\/uploads\/2023\/07\/cropped-apuntesdesanluis.png","width":450,"height":112,"caption":"apuntesdesanluis.com"},"logo":{"@id":"https:\/\/apuntesdesanluis.com\/#\/schema\/person\/image\/"},"sameAs":["https:\/\/apuntesdesanluis.com"],"url":"https:\/\/apuntesdesanluis.com\/index.php\/author\/apuntesdesanluis-com\/"}]}},"featured_image_urls":{"full":["https:\/\/apuntesdesanluis.com\/wp-content\/uploads\/2023\/10\/libertarios-abdala-arrascaeta.png",765,496,false],"thumbnail":["https:\/\/apuntesdesanluis.com\/wp-content\/uploads\/2023\/10\/libertarios-abdala-arrascaeta-150x150.png",150,150,true],"medium":["https:\/\/apuntesdesanluis.com\/wp-content\/uploads\/2023\/10\/libertarios-abdala-arrascaeta-300x195.png",300,195,true],"medium_large":["https:\/\/apuntesdesanluis.com\/wp-content\/uploads\/2023\/10\/libertarios-abdala-arrascaeta.png",640,415,false],"large":["https:\/\/apuntesdesanluis.com\/wp-content\/uploads\/2023\/10\/libertarios-abdala-arrascaeta.png",640,415,false],"1536x1536":["https:\/\/apuntesdesanluis.com\/wp-content\/uploads\/2023\/10\/libertarios-abdala-arrascaeta.png",765,496,false],"2048x2048":["https:\/\/apuntesdesanluis.com\/wp-content\/uploads\/2023\/10\/libertarios-abdala-arrascaeta.png",765,496,false],"newsever-slider-full":["https:\/\/apuntesdesanluis.com\/wp-content\/uploads\/2023\/10\/libertarios-abdala-arrascaeta.png",765,496,false],"newsever-featured":["https:\/\/apuntesdesanluis.com\/wp-content\/uploads\/2023\/10\/libertarios-abdala-arrascaeta.png",765,496,false],"newsever-medium":["https:\/\/apuntesdesanluis.com\/wp-content\/uploads\/2023\/10\/libertarios-abdala-arrascaeta-720x475.png",720,475,true]},"author_info":{"display_name":"apuntesdesanluis.com","author_link":"https:\/\/apuntesdesanluis.com\/index.php\/author\/apuntesdesanluis-com\/"},"category_info":"<a href=\"https:\/\/apuntesdesanluis.com\/index.php\/category\/nacionales-internacionales\/\" rel=\"category tag\">Nacionales\/Internacionales<\/a>","tag_info":"Nacionales\/Internacionales","comment_count":"0","_links":{"self":[{"href":"https:\/\/apuntesdesanluis.com\/index.php\/wp-json\/wp\/v2\/posts\/7490","targetHints":{"allow":["GET"]}}],"collection":[{"href":"https:\/\/apuntesdesanluis.com\/index.php\/wp-json\/wp\/v2\/posts"}],"about":[{"href":"https:\/\/apuntesdesanluis.com\/index.php\/wp-json\/wp\/v2\/types\/post"}],"author":[{"embeddable":true,"href":"https:\/\/apuntesdesanluis.com\/index.php\/wp-json\/wp\/v2\/users\/1"}],"replies":[{"embeddable":true,"href":"https:\/\/apuntesdesanluis.com\/index.php\/wp-json\/wp\/v2\/comments?post=7490"}],"version-history":[{"count":3,"href":"https:\/\/apuntesdesanluis.com\/index.php\/wp-json\/wp\/v2\/posts\/7490\/revisions"}],"predecessor-version":[{"id":7495,"href":"https:\/\/apuntesdesanluis.com\/index.php\/wp-json\/wp\/v2\/posts\/7490\/revisions\/7495"}],"wp:featuredmedia":[{"embeddable":true,"href":"https:\/\/apuntesdesanluis.com\/index.php\/wp-json\/wp\/v2\/media\/5585"}],"wp:attachment":[{"href":"https:\/\/apuntesdesanluis.com\/index.php\/wp-json\/wp\/v2\/media?parent=7490"}],"wp:term":[{"taxonomy":"category","embeddable":true,"href":"https:\/\/apuntesdesanluis.com\/index.php\/wp-json\/wp\/v2\/categories?post=7490"},{"taxonomy":"post_tag","embeddable":true,"href":"https:\/\/apuntesdesanluis.com\/index.php\/wp-json\/wp\/v2\/tags?post=7490"}],"curies":[{"name":"wp","href":"https:\/\/api.w.org\/{rel}","templated":true}]}}