{"id":7496,"date":"2023-11-28T19:09:44","date_gmt":"2023-11-28T22:09:44","guid":{"rendered":"https:\/\/apuntesdesanluis.com\/?p=7496"},"modified":"2023-11-28T19:11:57","modified_gmt":"2023-11-28T22:11:57","slug":"invitan-a-prenderse-en-la-semana-de-los-sabores-en-merlo","status":"publish","type":"post","link":"https:\/\/apuntesdesanluis.com\/index.php\/2023\/11\/28\/invitan-a-prenderse-en-la-semana-de-los-sabores-en-merlo\/","title":{"rendered":"INVITAN A PRENDERSE EN LA \u201cSEMANA DE LOS SABORES\u201d, EN MERLO"},"content":{"rendered":"<h3>En el marco del Lanzamiento de Temporada Verano 2024, la Secretar\u00eda de Gesti\u00f3n, Calidad y Productos Tur\u00edsticos de Villa de Merlo se complace en presentar una propuesta gastron\u00f3mica que deleitar\u00e1 a los residentes y visitantes por igual.<\/h3>\n<h3>Del 30 de noviembre al 2 de diciembre podr\u00e1n disfrutar de un fest\u00edn de sabores, descuentos y promociones en locales gastron\u00f3micos del destino.<\/h3>\n<h3>Esta iniciativa busca celebrar la diversidad culinaria de Villa de Merlo y fomentar el encuentro entre la comunidad y los visitantes.<\/h3>\n<h3><strong>PROGRAMACI\u00d3N<\/strong><\/h3>\n<h3><strong>Jueves 30 de noviembre:<\/strong> Noche de los Sabores: Escaneando un c\u00f3digo QR, los comensales podr\u00e1n acceder a informaci\u00f3n detallada sobre los establecimientos adheridos y disfrutar de promociones y descuentos exclusivos en restaurantes.<\/h3>\n<h3><strong>Viernes 1 de diciembre:<\/strong> Noche de Tragos y Apertura de Temporada 2024: La competencia de bartenders en Av. del Sol ser\u00e1 el punto inicial, musicalizada por DJ Lucianno Celi y DJ Nat Hilgen, seguida por la apertura oficial de la Temporada de Verano 2024 en la que se entregar\u00e1n distinciones a diferentes agentes tur\u00edsticos que contribuyen al desarrollo del destino.<\/h3>\n<h3>Para culminar la noche, disfrutaremos de la banda en vivo DYNAMO, asegurando un ambiente vibrante y festivo.\u00a0Inicio:19 h.\u00a0Lugar: Avenida del Sol entre calle Conlara y Av. de la Luna.<\/h3>\n<h3><strong>S\u00e1bado 2 de diciembre:<\/strong> Tarde de T\u00e9. Aquellos que deseen podr\u00e1n disfrutar de una tarde de sabores exquisitos mientras eligen entre una variada selecci\u00f3n de t\u00e9s y pasteler\u00eda en los locales participantes.<\/h3>\n<h3>En esta temporada que se aproxima, el Municipio espera seguir consolidando a Villa de Merlo como el destino preferido para aquellos que buscan experiencias aut\u00e9nticas y hospitalidad excepcional.<\/h3>\n<p>&nbsp;<\/p>\n<p>&nbsp;<\/p>\n<p>&nbsp;<\/p>\n<p>&nbsp;<\/p>\n","protected":false},"excerpt":{"rendered":"<p>En el marco del Lanzamiento de Temporada Verano 2024, la Secretar\u00eda de Gesti\u00f3n, Calidad y&#8230;<\/p>\n","protected":false},"author":1,"featured_media":7497,"comment_status":"closed","ping_status":"closed","sticky":false,"template":"","format":"standard","meta":{"footnotes":""},"categories":[6],"tags":[],"class_list":["post-7496","post","type-post","status-publish","format-standard","has-post-thumbnail","hentry","category-ciudad-provincia"],"yoast_head":"<!-- This site is optimized with the Yoast SEO plugin v26.1.1 - https:\/\/yoast.com\/wordpress\/plugins\/seo\/ -->\n<title>INVITAN A PRENDERSE EN LA \u201cSEMANA DE LOS SABORES\u201d, EN MERLO - Apuntes de San Luis<\/title>\n<meta name=\"robots\" content=\"index, follow, max-snippet:-1, max-image-preview:large, max-video-preview:-1\" \/>\n<link rel=\"canonical\" href=\"https:\/\/apuntesdesanluis.com\/index.php\/2023\/11\/28\/invitan-a-prenderse-en-la-semana-de-los-sabores-en-merlo\/\" \/>\n<meta property=\"og:locale\" content=\"es_ES\" \/>\n<meta property=\"og:type\" content=\"article\" \/>\n<meta property=\"og:title\" content=\"INVITAN A PRENDERSE EN LA \u201cSEMANA DE LOS SABORES\u201d, EN MERLO - Apuntes de San Luis\" \/>\n<meta property=\"og:description\" content=\"En el marco del Lanzamiento de Temporada Verano 2024, la Secretar\u00eda de Gesti\u00f3n, Calidad y...\" \/>\n<meta property=\"og:url\" content=\"https:\/\/apuntesdesanluis.com\/index.php\/2023\/11\/28\/invitan-a-prenderse-en-la-semana-de-los-sabores-en-merlo\/\" \/>\n<meta property=\"og:site_name\" content=\"Apuntes de San Luis\" \/>\n<meta property=\"article:published_time\" content=\"2023-11-28T22:09:44+00:00\" \/>\n<meta property=\"article:modified_time\" content=\"2023-11-28T22:11:57+00:00\" \/>\n<meta property=\"og:image\" content=\"https:\/\/apuntesdesanluis.com\/wp-content\/uploads\/2023\/11\/semana-de-sabores.png\" \/>\n\t<meta property=\"og:image:width\" content=\"583\" \/>\n\t<meta property=\"og:image:height\" content=\"332\" \/>\n\t<meta property=\"og:image:type\" content=\"image\/png\" \/>\n<meta name=\"author\" content=\"apuntesdesanluis.com\" \/>\n<meta name=\"twitter:card\" content=\"summary_large_image\" \/>\n<meta name=\"twitter:label1\" content=\"Escrito por\" \/>\n\t<meta name=\"twitter:data1\" content=\"apuntesdesanluis.com\" \/>\n\t<meta name=\"twitter:label2\" content=\"Tiempo de lectura\" \/>\n\t<meta name=\"twitter:data2\" content=\"2 minutos\" \/>\n<script type=\"application\/ld+json\" class=\"yoast-schema-graph\">{\"@context\":\"https:\/\/schema.org\",\"@graph\":[{\"@type\":\"Article\",\"@id\":\"https:\/\/apuntesdesanluis.com\/index.php\/2023\/11\/28\/invitan-a-prenderse-en-la-semana-de-los-sabores-en-merlo\/#article\",\"isPartOf\":{\"@id\":\"https:\/\/apuntesdesanluis.com\/index.php\/2023\/11\/28\/invitan-a-prenderse-en-la-semana-de-los-sabores-en-merlo\/\"},\"author\":{\"name\":\"apuntesdesanluis.com\",\"@id\":\"https:\/\/apuntesdesanluis.com\/#\/schema\/person\/b55151d52296fcce64d1a72538a70b90\"},\"headline\":\"INVITAN A PRENDERSE EN LA \u201cSEMANA DE LOS SABORES\u201d, EN MERLO\",\"datePublished\":\"2023-11-28T22:09:44+00:00\",\"dateModified\":\"2023-11-28T22:11:57+00:00\",\"mainEntityOfPage\":{\"@id\":\"https:\/\/apuntesdesanluis.com\/index.php\/2023\/11\/28\/invitan-a-prenderse-en-la-semana-de-los-sabores-en-merlo\/\"},\"wordCount\":291,\"publisher\":{\"@id\":\"https:\/\/apuntesdesanluis.com\/#\/schema\/person\/b55151d52296fcce64d1a72538a70b90\"},\"image\":{\"@id\":\"https:\/\/apuntesdesanluis.com\/index.php\/2023\/11\/28\/invitan-a-prenderse-en-la-semana-de-los-sabores-en-merlo\/#primaryimage\"},\"thumbnailUrl\":\"https:\/\/apuntesdesanluis.com\/wp-content\/uploads\/2023\/11\/semana-de-sabores.png\",\"articleSection\":[\"Ciudad\/Provincia\"],\"inLanguage\":\"es-AR\"},{\"@type\":\"WebPage\",\"@id\":\"https:\/\/apuntesdesanluis.com\/index.php\/2023\/11\/28\/invitan-a-prenderse-en-la-semana-de-los-sabores-en-merlo\/\",\"url\":\"https:\/\/apuntesdesanluis.com\/index.php\/2023\/11\/28\/invitan-a-prenderse-en-la-semana-de-los-sabores-en-merlo\/\",\"name\":\"INVITAN A PRENDERSE EN LA \u201cSEMANA DE LOS SABORES\u201d, EN MERLO - Apuntes de San Luis\",\"isPartOf\":{\"@id\":\"https:\/\/apuntesdesanluis.com\/#website\"},\"primaryImageOfPage\":{\"@id\":\"https:\/\/apuntesdesanluis.com\/index.php\/2023\/11\/28\/invitan-a-prenderse-en-la-semana-de-los-sabores-en-merlo\/#primaryimage\"},\"image\":{\"@id\":\"https:\/\/apuntesdesanluis.com\/index.php\/2023\/11\/28\/invitan-a-prenderse-en-la-semana-de-los-sabores-en-merlo\/#primaryimage\"},\"thumbnailUrl\":\"https:\/\/apuntesdesanluis.com\/wp-content\/uploads\/2023\/11\/semana-de-sabores.png\",\"datePublished\":\"2023-11-28T22:09:44+00:00\",\"dateModified\":\"2023-11-28T22:11:57+00:00\",\"breadcrumb\":{\"@id\":\"https:\/\/apuntesdesanluis.com\/index.php\/2023\/11\/28\/invitan-a-prenderse-en-la-semana-de-los-sabores-en-merlo\/#breadcrumb\"},\"inLanguage\":\"es-AR\",\"potentialAction\":[{\"@type\":\"ReadAction\",\"target\":[\"https:\/\/apuntesdesanluis.com\/index.php\/2023\/11\/28\/invitan-a-prenderse-en-la-semana-de-los-sabores-en-merlo\/\"]}]},{\"@type\":\"ImageObject\",\"inLanguage\":\"es-AR\",\"@id\":\"https:\/\/apuntesdesanluis.com\/index.php\/2023\/11\/28\/invitan-a-prenderse-en-la-semana-de-los-sabores-en-merlo\/#primaryimage\",\"url\":\"https:\/\/apuntesdesanluis.com\/wp-content\/uploads\/2023\/11\/semana-de-sabores.png\",\"contentUrl\":\"https:\/\/apuntesdesanluis.com\/wp-content\/uploads\/2023\/11\/semana-de-sabores.png\",\"width\":583,\"height\":332},{\"@type\":\"BreadcrumbList\",\"@id\":\"https:\/\/apuntesdesanluis.com\/index.php\/2023\/11\/28\/invitan-a-prenderse-en-la-semana-de-los-sabores-en-merlo\/#breadcrumb\",\"itemListElement\":[{\"@type\":\"ListItem\",\"position\":1,\"name\":\"Inicio\",\"item\":\"https:\/\/apuntesdesanluis.com\/\"},{\"@type\":\"ListItem\",\"position\":2,\"name\":\"INVITAN A PRENDERSE EN LA \u201cSEMANA DE LOS SABORES\u201d, EN MERLO\"}]},{\"@type\":\"WebSite\",\"@id\":\"https:\/\/apuntesdesanluis.com\/#website\",\"url\":\"https:\/\/apuntesdesanluis.com\/\",\"name\":\"Apuntes de San Luis\",\"description\":\"\",\"publisher\":{\"@id\":\"https:\/\/apuntesdesanluis.com\/#\/schema\/person\/b55151d52296fcce64d1a72538a70b90\"},\"potentialAction\":[{\"@type\":\"SearchAction\",\"target\":{\"@type\":\"EntryPoint\",\"urlTemplate\":\"https:\/\/apuntesdesanluis.com\/?s={search_term_string}\"},\"query-input\":{\"@type\":\"PropertyValueSpecification\",\"valueRequired\":true,\"valueName\":\"search_term_string\"}}],\"inLanguage\":\"es-AR\"},{\"@type\":[\"Person\",\"Organization\"],\"@id\":\"https:\/\/apuntesdesanluis.com\/#\/schema\/person\/b55151d52296fcce64d1a72538a70b90\",\"name\":\"apuntesdesanluis.com\",\"image\":{\"@type\":\"ImageObject\",\"inLanguage\":\"es-AR\",\"@id\":\"https:\/\/apuntesdesanluis.com\/#\/schema\/person\/image\/\",\"url\":\"https:\/\/apuntesdesanluis.com\/wp-content\/uploads\/2023\/07\/cropped-apuntesdesanluis.png\",\"contentUrl\":\"https:\/\/apuntesdesanluis.com\/wp-content\/uploads\/2023\/07\/cropped-apuntesdesanluis.png\",\"width\":450,\"height\":112,\"caption\":\"apuntesdesanluis.com\"},\"logo\":{\"@id\":\"https:\/\/apuntesdesanluis.com\/#\/schema\/person\/image\/\"},\"sameAs\":[\"https:\/\/apuntesdesanluis.com\"],\"url\":\"https:\/\/apuntesdesanluis.com\/index.php\/author\/apuntesdesanluis-com\/\"}]}<\/script>\n<!-- \/ Yoast SEO plugin. -->","yoast_head_json":{"title":"INVITAN A PRENDERSE EN LA \u201cSEMANA DE LOS SABORES\u201d, EN MERLO - Apuntes de San Luis","robots":{"index":"index","follow":"follow","max-snippet":"max-snippet:-1","max-image-preview":"max-image-preview:large","max-video-preview":"max-video-preview:-1"},"canonical":"https:\/\/apuntesdesanluis.com\/index.php\/2023\/11\/28\/invitan-a-prenderse-en-la-semana-de-los-sabores-en-merlo\/","og_locale":"es_ES","og_type":"article","og_title":"INVITAN A PRENDERSE EN LA \u201cSEMANA DE LOS SABORES\u201d, EN MERLO - Apuntes de San Luis","og_description":"En el marco del Lanzamiento de Temporada Verano 2024, la Secretar\u00eda de Gesti\u00f3n, Calidad y...","og_url":"https:\/\/apuntesdesanluis.com\/index.php\/2023\/11\/28\/invitan-a-prenderse-en-la-semana-de-los-sabores-en-merlo\/","og_site_name":"Apuntes de San Luis","article_published_time":"2023-11-28T22:09:44+00:00","article_modified_time":"2023-11-28T22:11:57+00:00","og_image":[{"width":583,"height":332,"url":"https:\/\/apuntesdesanluis.com\/wp-content\/uploads\/2023\/11\/semana-de-sabores.png","type":"image\/png"}],"author":"apuntesdesanluis.com","twitter_card":"summary_large_image","twitter_misc":{"Escrito por":"apuntesdesanluis.com","Tiempo de lectura":"2 minutos"},"schema":{"@context":"https:\/\/schema.org","@graph":[{"@type":"Article","@id":"https:\/\/apuntesdesanluis.com\/index.php\/2023\/11\/28\/invitan-a-prenderse-en-la-semana-de-los-sabores-en-merlo\/#article","isPartOf":{"@id":"https:\/\/apuntesdesanluis.com\/index.php\/2023\/11\/28\/invitan-a-prenderse-en-la-semana-de-los-sabores-en-merlo\/"},"author":{"name":"apuntesdesanluis.com","@id":"https:\/\/apuntesdesanluis.com\/#\/schema\/person\/b55151d52296fcce64d1a72538a70b90"},"headline":"INVITAN A PRENDERSE EN LA \u201cSEMANA DE LOS SABORES\u201d, EN MERLO","datePublished":"2023-11-28T22:09:44+00:00","dateModified":"2023-11-28T22:11:57+00:00","mainEntityOfPage":{"@id":"https:\/\/apuntesdesanluis.com\/index.php\/2023\/11\/28\/invitan-a-prenderse-en-la-semana-de-los-sabores-en-merlo\/"},"wordCount":291,"publisher":{"@id":"https:\/\/apuntesdesanluis.com\/#\/schema\/person\/b55151d52296fcce64d1a72538a70b90"},"image":{"@id":"https:\/\/apuntesdesanluis.com\/index.php\/2023\/11\/28\/invitan-a-prenderse-en-la-semana-de-los-sabores-en-merlo\/#primaryimage"},"thumbnailUrl":"https:\/\/apuntesdesanluis.com\/wp-content\/uploads\/2023\/11\/semana-de-sabores.png","articleSection":["Ciudad\/Provincia"],"inLanguage":"es-AR"},{"@type":"WebPage","@id":"https:\/\/apuntesdesanluis.com\/index.php\/2023\/11\/28\/invitan-a-prenderse-en-la-semana-de-los-sabores-en-merlo\/","url":"https:\/\/apuntesdesanluis.com\/index.php\/2023\/11\/28\/invitan-a-prenderse-en-la-semana-de-los-sabores-en-merlo\/","name":"INVITAN A PRENDERSE EN LA \u201cSEMANA DE LOS SABORES\u201d, EN MERLO - Apuntes de San Luis","isPartOf":{"@id":"https:\/\/apuntesdesanluis.com\/#website"},"primaryImageOfPage":{"@id":"https:\/\/apuntesdesanluis.com\/index.php\/2023\/11\/28\/invitan-a-prenderse-en-la-semana-de-los-sabores-en-merlo\/#primaryimage"},"image":{"@id":"https:\/\/apuntesdesanluis.com\/index.php\/2023\/11\/28\/invitan-a-prenderse-en-la-semana-de-los-sabores-en-merlo\/#primaryimage"},"thumbnailUrl":"https:\/\/apuntesdesanluis.com\/wp-content\/uploads\/2023\/11\/semana-de-sabores.png","datePublished":"2023-11-28T22:09:44+00:00","dateModified":"2023-11-28T22:11:57+00:00","breadcrumb":{"@id":"https:\/\/apuntesdesanluis.com\/index.php\/2023\/11\/28\/invitan-a-prenderse-en-la-semana-de-los-sabores-en-merlo\/#breadcrumb"},"inLanguage":"es-AR","potentialAction":[{"@type":"ReadAction","target":["https:\/\/apuntesdesanluis.com\/index.php\/2023\/11\/28\/invitan-a-prenderse-en-la-semana-de-los-sabores-en-merlo\/"]}]},{"@type":"ImageObject","inLanguage":"es-AR","@id":"https:\/\/apuntesdesanluis.com\/index.php\/2023\/11\/28\/invitan-a-prenderse-en-la-semana-de-los-sabores-en-merlo\/#primaryimage","url":"https:\/\/apuntesdesanluis.com\/wp-content\/uploads\/2023\/11\/semana-de-sabores.png","contentUrl":"https:\/\/apuntesdesanluis.com\/wp-content\/uploads\/2023\/11\/semana-de-sabores.png","width":583,"height":332},{"@type":"BreadcrumbList","@id":"https:\/\/apuntesdesanluis.com\/index.php\/2023\/11\/28\/invitan-a-prenderse-en-la-semana-de-los-sabores-en-merlo\/#breadcrumb","itemListElement":[{"@type":"ListItem","position":1,"name":"Inicio","item":"https:\/\/apuntesdesanluis.com\/"},{"@type":"ListItem","position":2,"name":"INVITAN A PRENDERSE EN LA \u201cSEMANA DE LOS SABORES\u201d, EN MERLO"}]},{"@type":"WebSite","@id":"https:\/\/apuntesdesanluis.com\/#website","url":"https:\/\/apuntesdesanluis.com\/","name":"Apuntes de San Luis","description":"","publisher":{"@id":"https:\/\/apuntesdesanluis.com\/#\/schema\/person\/b55151d52296fcce64d1a72538a70b90"},"potentialAction":[{"@type":"SearchAction","target":{"@type":"EntryPoint","urlTemplate":"https:\/\/apuntesdesanluis.com\/?s={search_term_string}"},"query-input":{"@type":"PropertyValueSpecification","valueRequired":true,"valueName":"search_term_string"}}],"inLanguage":"es-AR"},{"@type":["Person","Organization"],"@id":"https:\/\/apuntesdesanluis.com\/#\/schema\/person\/b55151d52296fcce64d1a72538a70b90","name":"apuntesdesanluis.com","image":{"@type":"ImageObject","inLanguage":"es-AR","@id":"https:\/\/apuntesdesanluis.com\/#\/schema\/person\/image\/","url":"https:\/\/apuntesdesanluis.com\/wp-content\/uploads\/2023\/07\/cropped-apuntesdesanluis.png","contentUrl":"https:\/\/apuntesdesanluis.com\/wp-content\/uploads\/2023\/07\/cropped-apuntesdesanluis.png","width":450,"height":112,"caption":"apuntesdesanluis.com"},"logo":{"@id":"https:\/\/apuntesdesanluis.com\/#\/schema\/person\/image\/"},"sameAs":["https:\/\/apuntesdesanluis.com"],"url":"https:\/\/apuntesdesanluis.com\/index.php\/author\/apuntesdesanluis-com\/"}]}},"featured_image_urls":{"full":["https:\/\/apuntesdesanluis.com\/wp-content\/uploads\/2023\/11\/semana-de-sabores.png",583,332,false],"thumbnail":["https:\/\/apuntesdesanluis.com\/wp-content\/uploads\/2023\/11\/semana-de-sabores-150x150.png",150,150,true],"medium":["https:\/\/apuntesdesanluis.com\/wp-content\/uploads\/2023\/11\/semana-de-sabores-300x171.png",300,171,true],"medium_large":["https:\/\/apuntesdesanluis.com\/wp-content\/uploads\/2023\/11\/semana-de-sabores.png",583,332,false],"large":["https:\/\/apuntesdesanluis.com\/wp-content\/uploads\/2023\/11\/semana-de-sabores.png",583,332,false],"1536x1536":["https:\/\/apuntesdesanluis.com\/wp-content\/uploads\/2023\/11\/semana-de-sabores.png",583,332,false],"2048x2048":["https:\/\/apuntesdesanluis.com\/wp-content\/uploads\/2023\/11\/semana-de-sabores.png",583,332,false],"newsever-slider-full":["https:\/\/apuntesdesanluis.com\/wp-content\/uploads\/2023\/11\/semana-de-sabores.png",583,332,false],"newsever-featured":["https:\/\/apuntesdesanluis.com\/wp-content\/uploads\/2023\/11\/semana-de-sabores.png",583,332,false],"newsever-medium":["https:\/\/apuntesdesanluis.com\/wp-content\/uploads\/2023\/11\/semana-de-sabores.png",583,332,false]},"author_info":{"display_name":"apuntesdesanluis.com","author_link":"https:\/\/apuntesdesanluis.com\/index.php\/author\/apuntesdesanluis-com\/"},"category_info":"<a href=\"https:\/\/apuntesdesanluis.com\/index.php\/category\/ciudad-provincia\/\" rel=\"category tag\">Ciudad\/Provincia<\/a>","tag_info":"Ciudad\/Provincia","comment_count":"0","_links":{"self":[{"href":"https:\/\/apuntesdesanluis.com\/index.php\/wp-json\/wp\/v2\/posts\/7496","targetHints":{"allow":["GET"]}}],"collection":[{"href":"https:\/\/apuntesdesanluis.com\/index.php\/wp-json\/wp\/v2\/posts"}],"about":[{"href":"https:\/\/apuntesdesanluis.com\/index.php\/wp-json\/wp\/v2\/types\/post"}],"author":[{"embeddable":true,"href":"https:\/\/apuntesdesanluis.com\/index.php\/wp-json\/wp\/v2\/users\/1"}],"replies":[{"embeddable":true,"href":"https:\/\/apuntesdesanluis.com\/index.php\/wp-json\/wp\/v2\/comments?post=7496"}],"version-history":[{"count":4,"href":"https:\/\/apuntesdesanluis.com\/index.php\/wp-json\/wp\/v2\/posts\/7496\/revisions"}],"predecessor-version":[{"id":7501,"href":"https:\/\/apuntesdesanluis.com\/index.php\/wp-json\/wp\/v2\/posts\/7496\/revisions\/7501"}],"wp:featuredmedia":[{"embeddable":true,"href":"https:\/\/apuntesdesanluis.com\/index.php\/wp-json\/wp\/v2\/media\/7497"}],"wp:attachment":[{"href":"https:\/\/apuntesdesanluis.com\/index.php\/wp-json\/wp\/v2\/media?parent=7496"}],"wp:term":[{"taxonomy":"category","embeddable":true,"href":"https:\/\/apuntesdesanluis.com\/index.php\/wp-json\/wp\/v2\/categories?post=7496"},{"taxonomy":"post_tag","embeddable":true,"href":"https:\/\/apuntesdesanluis.com\/index.php\/wp-json\/wp\/v2\/tags?post=7496"}],"curies":[{"name":"wp","href":"https:\/\/api.w.org\/{rel}","templated":true}]}}