{"id":7502,"date":"2023-11-28T19:21:25","date_gmt":"2023-11-28T22:21:25","guid":{"rendered":"https:\/\/apuntesdesanluis.com\/?p=7502"},"modified":"2023-11-28T19:21:25","modified_gmt":"2023-11-28T22:21:25","slug":"te-perdono-pero-portate-bien-un-ano-de-prision-en-suspenso-por-amenazar-a-su-ex-pareja","status":"publish","type":"post","link":"https:\/\/apuntesdesanluis.com\/index.php\/2023\/11\/28\/te-perdono-pero-portate-bien-un-ano-de-prision-en-suspenso-por-amenazar-a-su-ex-pareja\/","title":{"rendered":"\u201cTE PERDONO, PERO PORTATE BIEN\u201d: UN A\u00d1O DE PRISI\u00d3N EN SUSPENSO POR AMENAZAR A SU EX PAREJA"},"content":{"rendered":"<h3>El hecho ocurri\u00f3 en la localidad de Los Molles y tanto el violento como su v\u00edctima acordaron los t\u00e9rminos en un juicio abreviado.<\/h3>\n<h3>El imputado deber\u00e1 abstenerse de relacionarse de manera agresiva, intimidante, perturbadora u hostigar de cualquier forma a la damnificada; adem\u00e1s de someterse a tratamiento psicol\u00f3gico-psiqui\u00e1trico para reaprender conductas y eliminar actitudes machistas de su repertorio de vida.<\/h3>\n<h3>Este martes, la Jueza de la C\u00e1mara de Apelaciones de la Tercera Circunscripci\u00f3n, Sandra Elizabeth Piguillem, conden\u00f3 a G.H.S. como autor material del delito de amenazas cometidas en contexto de violencia de g\u00e9nero.<\/h3>\n<h3>El hecho juzgado ocurri\u00f3 el 23 de marzo de 2022, en la localidad de Los Molles, Departamento Jun\u00edn. Conforme al relato de la fiscal\u00eda, el hombre de 46 a\u00f1os amenaz\u00f3 de muerte a su ex pareja y madre de su hija, luego de que la mujer -que lo denunci\u00f3 anteriormente por violencia familiar- lo bloqueara de WhatsApp. Ante la imposibilidad de contactarse por esa v\u00eda, G.H.S. se present\u00f3 en el domicilio de su ex, la increp\u00f3, la golpe\u00f3 y amenaz\u00f3 con matarla.<\/h3>\n<h3>Este 28 de noviembre, la representante del Ministerio P\u00fablico Fiscal, Adriana Cangelosi, inform\u00f3 al tribunal el acuerdo arribado con la defensa del imputado, Dres. Mar\u00eda de los \u00c1ngeles Tapia y Tob\u00edas Gonz\u00e1lez, para finalizar el proceso mediante un juicio abreviado.<\/h3>\n<h3>En ese marco, el acusado reconoci\u00f3 la existencia del hecho, la calificaci\u00f3n legal y su autor\u00eda en el mismo. A su vez, acept\u00f3 la imposici\u00f3n de una pena de prisi\u00f3n en suspenso y someterse a tratamiento psicol\u00f3gico-psiqui\u00e1trico.<\/h3>\n<h3>La v\u00edctima tambi\u00e9n estuvo presente en la audiencia. Manifest\u00f3 que quiere llevarse bien con el padre de su hija y que no es su intenci\u00f3n que \u00e9l vaya preso, pero s\u00ed que la justicia garantice el cumplimiento de la terapia propuesta para evitar nuevas situaciones de violencia.<\/h3>\n<h3>Luego de escuchar a ambas partes, la magistrada resolvi\u00f3 homologar el acuerdo de juicio abreviado dictando, en consecuencia, el siguiente veredicto:<\/h3>\n<h3>Declarar a G.H.S. culpable, como autor material y penalmente responsable del delito de amenazas cometidas en contexto de violencia de g\u00e9nero, conden\u00e1ndolo a sufrir la pena de un a\u00f1o de prisi\u00f3n en suspenso, accesorias de ley y costas procesales.<\/h3>\n<h3>Asimismo, le impuso las siguientes reglas de conducta, que el imputado deber\u00e1 cumplir para mantener el beneficio de la libertad condicional: fijar residencia y someterse al cuidado de un patronato; abstenerse de relacionarse de manera agresiva, intimidante, perturbadora u hostigar de cualquier forma a la damnificada; y, por el t\u00e9rmino de dos a\u00f1os, como m\u00ednimo, someterse a tratamiento psicol\u00f3gico-psiqui\u00e1trico para que reaprenda conductas y elimine actitudes machistas de su repertorio de vida. Tal tratamiento, deber\u00e1 iniciarlo en un t\u00e9rmino no mayor a 10 d\u00edas, debiendo informar al tribunal en qu\u00e9 consiste la terapia que llevar\u00e1 a cabo y qui\u00e9nes ser\u00e1n los profesionales tratantes, adem\u00e1s de presentar constancia de su cumplimiento.<\/h3>\n<h3>Finalmente, la jueza le aclar\u00f3 al ahora condenado que, de no acatar dichas pautas, el Tribunal podr\u00e1 disponer que no se compute como plazo de cumplimiento todo o parte del tiempo transcurrido hasta ese momento. Y, en caso de persistir o reiterar el incumplimiento, se le revocar\u00e1 la condicionalidad de la condena y deber\u00e1 cumplir la totalidad de la pena de prisi\u00f3n de manera efectiva.<\/h3>\n<p>&nbsp;<\/p>\n<p>&nbsp;<\/p>\n<p>&nbsp;<\/p>\n<p>&nbsp;<\/p>\n","protected":false},"excerpt":{"rendered":"<p>El hecho ocurri\u00f3 en la localidad de Los Molles y tanto el violento como su&#8230;<\/p>\n","protected":false},"author":1,"featured_media":7503,"comment_status":"closed","ping_status":"closed","sticky":false,"template":"","format":"standard","meta":{"footnotes":""},"categories":[6],"tags":[],"class_list":["post-7502","post","type-post","status-publish","format-standard","has-post-thumbnail","hentry","category-ciudad-provincia"],"yoast_head":"<!-- This site is optimized with the Yoast SEO plugin v26.1.1 - https:\/\/yoast.com\/wordpress\/plugins\/seo\/ -->\n<title>\u201cTE PERDONO, PERO PORTATE BIEN\u201d: UN A\u00d1O DE PRISI\u00d3N EN SUSPENSO POR AMENAZAR A SU EX PAREJA - Apuntes de San Luis<\/title>\n<meta name=\"robots\" content=\"index, follow, max-snippet:-1, max-image-preview:large, max-video-preview:-1\" \/>\n<link rel=\"canonical\" href=\"https:\/\/apuntesdesanluis.com\/index.php\/2023\/11\/28\/te-perdono-pero-portate-bien-un-ano-de-prision-en-suspenso-por-amenazar-a-su-ex-pareja\/\" \/>\n<meta property=\"og:locale\" content=\"es_ES\" \/>\n<meta property=\"og:type\" content=\"article\" \/>\n<meta property=\"og:title\" content=\"\u201cTE PERDONO, PERO PORTATE BIEN\u201d: UN A\u00d1O DE PRISI\u00d3N EN SUSPENSO POR AMENAZAR A SU EX PAREJA - Apuntes de San Luis\" \/>\n<meta property=\"og:description\" content=\"El hecho ocurri\u00f3 en la localidad de Los Molles y tanto el violento como su...\" \/>\n<meta property=\"og:url\" content=\"https:\/\/apuntesdesanluis.com\/index.php\/2023\/11\/28\/te-perdono-pero-portate-bien-un-ano-de-prision-en-suspenso-por-amenazar-a-su-ex-pareja\/\" \/>\n<meta property=\"og:site_name\" content=\"Apuntes de San Luis\" \/>\n<meta property=\"article:published_time\" content=\"2023-11-28T22:21:25+00:00\" \/>\n<meta property=\"og:image\" content=\"https:\/\/apuntesdesanluis.com\/wp-content\/uploads\/2023\/11\/poder-judicial.png\" \/>\n\t<meta property=\"og:image:width\" content=\"600\" \/>\n\t<meta property=\"og:image:height\" content=\"354\" \/>\n\t<meta property=\"og:image:type\" content=\"image\/png\" \/>\n<meta name=\"author\" content=\"apuntesdesanluis.com\" \/>\n<meta name=\"twitter:card\" content=\"summary_large_image\" \/>\n<meta name=\"twitter:label1\" content=\"Escrito por\" \/>\n\t<meta name=\"twitter:data1\" content=\"apuntesdesanluis.com\" \/>\n\t<meta name=\"twitter:label2\" content=\"Tiempo de lectura\" \/>\n\t<meta name=\"twitter:data2\" content=\"3 minutos\" \/>\n<script type=\"application\/ld+json\" class=\"yoast-schema-graph\">{\"@context\":\"https:\/\/schema.org\",\"@graph\":[{\"@type\":\"Article\",\"@id\":\"https:\/\/apuntesdesanluis.com\/index.php\/2023\/11\/28\/te-perdono-pero-portate-bien-un-ano-de-prision-en-suspenso-por-amenazar-a-su-ex-pareja\/#article\",\"isPartOf\":{\"@id\":\"https:\/\/apuntesdesanluis.com\/index.php\/2023\/11\/28\/te-perdono-pero-portate-bien-un-ano-de-prision-en-suspenso-por-amenazar-a-su-ex-pareja\/\"},\"author\":{\"name\":\"apuntesdesanluis.com\",\"@id\":\"https:\/\/apuntesdesanluis.com\/#\/schema\/person\/b55151d52296fcce64d1a72538a70b90\"},\"headline\":\"\u201cTE PERDONO, PERO PORTATE BIEN\u201d: UN A\u00d1O DE PRISI\u00d3N EN SUSPENSO POR AMENAZAR A SU EX PAREJA\",\"datePublished\":\"2023-11-28T22:21:25+00:00\",\"mainEntityOfPage\":{\"@id\":\"https:\/\/apuntesdesanluis.com\/index.php\/2023\/11\/28\/te-perdono-pero-portate-bien-un-ano-de-prision-en-suspenso-por-amenazar-a-su-ex-pareja\/\"},\"wordCount\":598,\"publisher\":{\"@id\":\"https:\/\/apuntesdesanluis.com\/#\/schema\/person\/b55151d52296fcce64d1a72538a70b90\"},\"image\":{\"@id\":\"https:\/\/apuntesdesanluis.com\/index.php\/2023\/11\/28\/te-perdono-pero-portate-bien-un-ano-de-prision-en-suspenso-por-amenazar-a-su-ex-pareja\/#primaryimage\"},\"thumbnailUrl\":\"https:\/\/apuntesdesanluis.com\/wp-content\/uploads\/2023\/11\/poder-judicial.png\",\"articleSection\":[\"Ciudad\/Provincia\"],\"inLanguage\":\"es-AR\"},{\"@type\":\"WebPage\",\"@id\":\"https:\/\/apuntesdesanluis.com\/index.php\/2023\/11\/28\/te-perdono-pero-portate-bien-un-ano-de-prision-en-suspenso-por-amenazar-a-su-ex-pareja\/\",\"url\":\"https:\/\/apuntesdesanluis.com\/index.php\/2023\/11\/28\/te-perdono-pero-portate-bien-un-ano-de-prision-en-suspenso-por-amenazar-a-su-ex-pareja\/\",\"name\":\"\u201cTE PERDONO, PERO PORTATE BIEN\u201d: UN A\u00d1O DE PRISI\u00d3N EN SUSPENSO POR AMENAZAR A SU EX PAREJA - Apuntes de San Luis\",\"isPartOf\":{\"@id\":\"https:\/\/apuntesdesanluis.com\/#website\"},\"primaryImageOfPage\":{\"@id\":\"https:\/\/apuntesdesanluis.com\/index.php\/2023\/11\/28\/te-perdono-pero-portate-bien-un-ano-de-prision-en-suspenso-por-amenazar-a-su-ex-pareja\/#primaryimage\"},\"image\":{\"@id\":\"https:\/\/apuntesdesanluis.com\/index.php\/2023\/11\/28\/te-perdono-pero-portate-bien-un-ano-de-prision-en-suspenso-por-amenazar-a-su-ex-pareja\/#primaryimage\"},\"thumbnailUrl\":\"https:\/\/apuntesdesanluis.com\/wp-content\/uploads\/2023\/11\/poder-judicial.png\",\"datePublished\":\"2023-11-28T22:21:25+00:00\",\"breadcrumb\":{\"@id\":\"https:\/\/apuntesdesanluis.com\/index.php\/2023\/11\/28\/te-perdono-pero-portate-bien-un-ano-de-prision-en-suspenso-por-amenazar-a-su-ex-pareja\/#breadcrumb\"},\"inLanguage\":\"es-AR\",\"potentialAction\":[{\"@type\":\"ReadAction\",\"target\":[\"https:\/\/apuntesdesanluis.com\/index.php\/2023\/11\/28\/te-perdono-pero-portate-bien-un-ano-de-prision-en-suspenso-por-amenazar-a-su-ex-pareja\/\"]}]},{\"@type\":\"ImageObject\",\"inLanguage\":\"es-AR\",\"@id\":\"https:\/\/apuntesdesanluis.com\/index.php\/2023\/11\/28\/te-perdono-pero-portate-bien-un-ano-de-prision-en-suspenso-por-amenazar-a-su-ex-pareja\/#primaryimage\",\"url\":\"https:\/\/apuntesdesanluis.com\/wp-content\/uploads\/2023\/11\/poder-judicial.png\",\"contentUrl\":\"https:\/\/apuntesdesanluis.com\/wp-content\/uploads\/2023\/11\/poder-judicial.png\",\"width\":600,\"height\":354},{\"@type\":\"BreadcrumbList\",\"@id\":\"https:\/\/apuntesdesanluis.com\/index.php\/2023\/11\/28\/te-perdono-pero-portate-bien-un-ano-de-prision-en-suspenso-por-amenazar-a-su-ex-pareja\/#breadcrumb\",\"itemListElement\":[{\"@type\":\"ListItem\",\"position\":1,\"name\":\"Inicio\",\"item\":\"https:\/\/apuntesdesanluis.com\/\"},{\"@type\":\"ListItem\",\"position\":2,\"name\":\"\u201cTE PERDONO, PERO PORTATE BIEN\u201d: UN A\u00d1O DE PRISI\u00d3N EN SUSPENSO POR AMENAZAR A SU EX PAREJA\"}]},{\"@type\":\"WebSite\",\"@id\":\"https:\/\/apuntesdesanluis.com\/#website\",\"url\":\"https:\/\/apuntesdesanluis.com\/\",\"name\":\"Apuntes de San Luis\",\"description\":\"\",\"publisher\":{\"@id\":\"https:\/\/apuntesdesanluis.com\/#\/schema\/person\/b55151d52296fcce64d1a72538a70b90\"},\"potentialAction\":[{\"@type\":\"SearchAction\",\"target\":{\"@type\":\"EntryPoint\",\"urlTemplate\":\"https:\/\/apuntesdesanluis.com\/?s={search_term_string}\"},\"query-input\":{\"@type\":\"PropertyValueSpecification\",\"valueRequired\":true,\"valueName\":\"search_term_string\"}}],\"inLanguage\":\"es-AR\"},{\"@type\":[\"Person\",\"Organization\"],\"@id\":\"https:\/\/apuntesdesanluis.com\/#\/schema\/person\/b55151d52296fcce64d1a72538a70b90\",\"name\":\"apuntesdesanluis.com\",\"image\":{\"@type\":\"ImageObject\",\"inLanguage\":\"es-AR\",\"@id\":\"https:\/\/apuntesdesanluis.com\/#\/schema\/person\/image\/\",\"url\":\"https:\/\/apuntesdesanluis.com\/wp-content\/uploads\/2023\/07\/cropped-apuntesdesanluis.png\",\"contentUrl\":\"https:\/\/apuntesdesanluis.com\/wp-content\/uploads\/2023\/07\/cropped-apuntesdesanluis.png\",\"width\":450,\"height\":112,\"caption\":\"apuntesdesanluis.com\"},\"logo\":{\"@id\":\"https:\/\/apuntesdesanluis.com\/#\/schema\/person\/image\/\"},\"sameAs\":[\"https:\/\/apuntesdesanluis.com\"],\"url\":\"https:\/\/apuntesdesanluis.com\/index.php\/author\/apuntesdesanluis-com\/\"}]}<\/script>\n<!-- \/ Yoast SEO plugin. -->","yoast_head_json":{"title":"\u201cTE PERDONO, PERO PORTATE BIEN\u201d: UN A\u00d1O DE PRISI\u00d3N EN SUSPENSO POR AMENAZAR A SU EX PAREJA - Apuntes de San Luis","robots":{"index":"index","follow":"follow","max-snippet":"max-snippet:-1","max-image-preview":"max-image-preview:large","max-video-preview":"max-video-preview:-1"},"canonical":"https:\/\/apuntesdesanluis.com\/index.php\/2023\/11\/28\/te-perdono-pero-portate-bien-un-ano-de-prision-en-suspenso-por-amenazar-a-su-ex-pareja\/","og_locale":"es_ES","og_type":"article","og_title":"\u201cTE PERDONO, PERO PORTATE BIEN\u201d: UN A\u00d1O DE PRISI\u00d3N EN SUSPENSO POR AMENAZAR A SU EX PAREJA - Apuntes de San Luis","og_description":"El hecho ocurri\u00f3 en la localidad de Los Molles y tanto el violento como su...","og_url":"https:\/\/apuntesdesanluis.com\/index.php\/2023\/11\/28\/te-perdono-pero-portate-bien-un-ano-de-prision-en-suspenso-por-amenazar-a-su-ex-pareja\/","og_site_name":"Apuntes de San Luis","article_published_time":"2023-11-28T22:21:25+00:00","og_image":[{"width":600,"height":354,"url":"https:\/\/apuntesdesanluis.com\/wp-content\/uploads\/2023\/11\/poder-judicial.png","type":"image\/png"}],"author":"apuntesdesanluis.com","twitter_card":"summary_large_image","twitter_misc":{"Escrito por":"apuntesdesanluis.com","Tiempo de lectura":"3 minutos"},"schema":{"@context":"https:\/\/schema.org","@graph":[{"@type":"Article","@id":"https:\/\/apuntesdesanluis.com\/index.php\/2023\/11\/28\/te-perdono-pero-portate-bien-un-ano-de-prision-en-suspenso-por-amenazar-a-su-ex-pareja\/#article","isPartOf":{"@id":"https:\/\/apuntesdesanluis.com\/index.php\/2023\/11\/28\/te-perdono-pero-portate-bien-un-ano-de-prision-en-suspenso-por-amenazar-a-su-ex-pareja\/"},"author":{"name":"apuntesdesanluis.com","@id":"https:\/\/apuntesdesanluis.com\/#\/schema\/person\/b55151d52296fcce64d1a72538a70b90"},"headline":"\u201cTE PERDONO, PERO PORTATE BIEN\u201d: UN A\u00d1O DE PRISI\u00d3N EN SUSPENSO POR AMENAZAR A SU EX PAREJA","datePublished":"2023-11-28T22:21:25+00:00","mainEntityOfPage":{"@id":"https:\/\/apuntesdesanluis.com\/index.php\/2023\/11\/28\/te-perdono-pero-portate-bien-un-ano-de-prision-en-suspenso-por-amenazar-a-su-ex-pareja\/"},"wordCount":598,"publisher":{"@id":"https:\/\/apuntesdesanluis.com\/#\/schema\/person\/b55151d52296fcce64d1a72538a70b90"},"image":{"@id":"https:\/\/apuntesdesanluis.com\/index.php\/2023\/11\/28\/te-perdono-pero-portate-bien-un-ano-de-prision-en-suspenso-por-amenazar-a-su-ex-pareja\/#primaryimage"},"thumbnailUrl":"https:\/\/apuntesdesanluis.com\/wp-content\/uploads\/2023\/11\/poder-judicial.png","articleSection":["Ciudad\/Provincia"],"inLanguage":"es-AR"},{"@type":"WebPage","@id":"https:\/\/apuntesdesanluis.com\/index.php\/2023\/11\/28\/te-perdono-pero-portate-bien-un-ano-de-prision-en-suspenso-por-amenazar-a-su-ex-pareja\/","url":"https:\/\/apuntesdesanluis.com\/index.php\/2023\/11\/28\/te-perdono-pero-portate-bien-un-ano-de-prision-en-suspenso-por-amenazar-a-su-ex-pareja\/","name":"\u201cTE PERDONO, PERO PORTATE BIEN\u201d: UN A\u00d1O DE PRISI\u00d3N EN SUSPENSO POR AMENAZAR A SU EX PAREJA - Apuntes de San Luis","isPartOf":{"@id":"https:\/\/apuntesdesanluis.com\/#website"},"primaryImageOfPage":{"@id":"https:\/\/apuntesdesanluis.com\/index.php\/2023\/11\/28\/te-perdono-pero-portate-bien-un-ano-de-prision-en-suspenso-por-amenazar-a-su-ex-pareja\/#primaryimage"},"image":{"@id":"https:\/\/apuntesdesanluis.com\/index.php\/2023\/11\/28\/te-perdono-pero-portate-bien-un-ano-de-prision-en-suspenso-por-amenazar-a-su-ex-pareja\/#primaryimage"},"thumbnailUrl":"https:\/\/apuntesdesanluis.com\/wp-content\/uploads\/2023\/11\/poder-judicial.png","datePublished":"2023-11-28T22:21:25+00:00","breadcrumb":{"@id":"https:\/\/apuntesdesanluis.com\/index.php\/2023\/11\/28\/te-perdono-pero-portate-bien-un-ano-de-prision-en-suspenso-por-amenazar-a-su-ex-pareja\/#breadcrumb"},"inLanguage":"es-AR","potentialAction":[{"@type":"ReadAction","target":["https:\/\/apuntesdesanluis.com\/index.php\/2023\/11\/28\/te-perdono-pero-portate-bien-un-ano-de-prision-en-suspenso-por-amenazar-a-su-ex-pareja\/"]}]},{"@type":"ImageObject","inLanguage":"es-AR","@id":"https:\/\/apuntesdesanluis.com\/index.php\/2023\/11\/28\/te-perdono-pero-portate-bien-un-ano-de-prision-en-suspenso-por-amenazar-a-su-ex-pareja\/#primaryimage","url":"https:\/\/apuntesdesanluis.com\/wp-content\/uploads\/2023\/11\/poder-judicial.png","contentUrl":"https:\/\/apuntesdesanluis.com\/wp-content\/uploads\/2023\/11\/poder-judicial.png","width":600,"height":354},{"@type":"BreadcrumbList","@id":"https:\/\/apuntesdesanluis.com\/index.php\/2023\/11\/28\/te-perdono-pero-portate-bien-un-ano-de-prision-en-suspenso-por-amenazar-a-su-ex-pareja\/#breadcrumb","itemListElement":[{"@type":"ListItem","position":1,"name":"Inicio","item":"https:\/\/apuntesdesanluis.com\/"},{"@type":"ListItem","position":2,"name":"\u201cTE PERDONO, PERO PORTATE BIEN\u201d: UN A\u00d1O DE PRISI\u00d3N EN SUSPENSO POR AMENAZAR A SU EX PAREJA"}]},{"@type":"WebSite","@id":"https:\/\/apuntesdesanluis.com\/#website","url":"https:\/\/apuntesdesanluis.com\/","name":"Apuntes de San Luis","description":"","publisher":{"@id":"https:\/\/apuntesdesanluis.com\/#\/schema\/person\/b55151d52296fcce64d1a72538a70b90"},"potentialAction":[{"@type":"SearchAction","target":{"@type":"EntryPoint","urlTemplate":"https:\/\/apuntesdesanluis.com\/?s={search_term_string}"},"query-input":{"@type":"PropertyValueSpecification","valueRequired":true,"valueName":"search_term_string"}}],"inLanguage":"es-AR"},{"@type":["Person","Organization"],"@id":"https:\/\/apuntesdesanluis.com\/#\/schema\/person\/b55151d52296fcce64d1a72538a70b90","name":"apuntesdesanluis.com","image":{"@type":"ImageObject","inLanguage":"es-AR","@id":"https:\/\/apuntesdesanluis.com\/#\/schema\/person\/image\/","url":"https:\/\/apuntesdesanluis.com\/wp-content\/uploads\/2023\/07\/cropped-apuntesdesanluis.png","contentUrl":"https:\/\/apuntesdesanluis.com\/wp-content\/uploads\/2023\/07\/cropped-apuntesdesanluis.png","width":450,"height":112,"caption":"apuntesdesanluis.com"},"logo":{"@id":"https:\/\/apuntesdesanluis.com\/#\/schema\/person\/image\/"},"sameAs":["https:\/\/apuntesdesanluis.com"],"url":"https:\/\/apuntesdesanluis.com\/index.php\/author\/apuntesdesanluis-com\/"}]}},"featured_image_urls":{"full":["https:\/\/apuntesdesanluis.com\/wp-content\/uploads\/2023\/11\/poder-judicial.png",600,354,false],"thumbnail":["https:\/\/apuntesdesanluis.com\/wp-content\/uploads\/2023\/11\/poder-judicial-150x150.png",150,150,true],"medium":["https:\/\/apuntesdesanluis.com\/wp-content\/uploads\/2023\/11\/poder-judicial-300x177.png",300,177,true],"medium_large":["https:\/\/apuntesdesanluis.com\/wp-content\/uploads\/2023\/11\/poder-judicial.png",600,354,false],"large":["https:\/\/apuntesdesanluis.com\/wp-content\/uploads\/2023\/11\/poder-judicial.png",600,354,false],"1536x1536":["https:\/\/apuntesdesanluis.com\/wp-content\/uploads\/2023\/11\/poder-judicial.png",600,354,false],"2048x2048":["https:\/\/apuntesdesanluis.com\/wp-content\/uploads\/2023\/11\/poder-judicial.png",600,354,false],"newsever-slider-full":["https:\/\/apuntesdesanluis.com\/wp-content\/uploads\/2023\/11\/poder-judicial.png",600,354,false],"newsever-featured":["https:\/\/apuntesdesanluis.com\/wp-content\/uploads\/2023\/11\/poder-judicial.png",600,354,false],"newsever-medium":["https:\/\/apuntesdesanluis.com\/wp-content\/uploads\/2023\/11\/poder-judicial.png",600,354,false]},"author_info":{"display_name":"apuntesdesanluis.com","author_link":"https:\/\/apuntesdesanluis.com\/index.php\/author\/apuntesdesanluis-com\/"},"category_info":"<a href=\"https:\/\/apuntesdesanluis.com\/index.php\/category\/ciudad-provincia\/\" rel=\"category tag\">Ciudad\/Provincia<\/a>","tag_info":"Ciudad\/Provincia","comment_count":"0","_links":{"self":[{"href":"https:\/\/apuntesdesanluis.com\/index.php\/wp-json\/wp\/v2\/posts\/7502","targetHints":{"allow":["GET"]}}],"collection":[{"href":"https:\/\/apuntesdesanluis.com\/index.php\/wp-json\/wp\/v2\/posts"}],"about":[{"href":"https:\/\/apuntesdesanluis.com\/index.php\/wp-json\/wp\/v2\/types\/post"}],"author":[{"embeddable":true,"href":"https:\/\/apuntesdesanluis.com\/index.php\/wp-json\/wp\/v2\/users\/1"}],"replies":[{"embeddable":true,"href":"https:\/\/apuntesdesanluis.com\/index.php\/wp-json\/wp\/v2\/comments?post=7502"}],"version-history":[{"count":1,"href":"https:\/\/apuntesdesanluis.com\/index.php\/wp-json\/wp\/v2\/posts\/7502\/revisions"}],"predecessor-version":[{"id":7504,"href":"https:\/\/apuntesdesanluis.com\/index.php\/wp-json\/wp\/v2\/posts\/7502\/revisions\/7504"}],"wp:featuredmedia":[{"embeddable":true,"href":"https:\/\/apuntesdesanluis.com\/index.php\/wp-json\/wp\/v2\/media\/7503"}],"wp:attachment":[{"href":"https:\/\/apuntesdesanluis.com\/index.php\/wp-json\/wp\/v2\/media?parent=7502"}],"wp:term":[{"taxonomy":"category","embeddable":true,"href":"https:\/\/apuntesdesanluis.com\/index.php\/wp-json\/wp\/v2\/categories?post=7502"},{"taxonomy":"post_tag","embeddable":true,"href":"https:\/\/apuntesdesanluis.com\/index.php\/wp-json\/wp\/v2\/tags?post=7502"}],"curies":[{"name":"wp","href":"https:\/\/api.w.org\/{rel}","templated":true}]}}