{"id":7505,"date":"2023-11-28T20:30:14","date_gmt":"2023-11-28T23:30:14","guid":{"rendered":"https:\/\/apuntesdesanluis.com\/?p=7505"},"modified":"2023-11-28T20:30:39","modified_gmt":"2023-11-28T23:30:39","slug":"pucci-participo-de-un-plenario-nacional-de-referentes-universitarios","status":"publish","type":"post","link":"https:\/\/apuntesdesanluis.com\/index.php\/2023\/11\/28\/pucci-participo-de-un-plenario-nacional-de-referentes-universitarios\/","title":{"rendered":"PUCCI PARTICIP\u00d3 DE UN PLENARIO NACIONAL DE REFERENTES UNIVERSITARIOS"},"content":{"rendered":"<h3>Este martes el Ing.<strong> Arnoldo Pucci<\/strong>, Secretario General de la Asociaci\u00f3n Gremial de Docentes e Investigadores de la Universidad Nacional de Villa Mercedes (ADOI) y Director de Seguridad y Salud Laboral de CONADU, particip\u00f3 del <strong>Plenario Nacional de Referentes Universitarios<\/strong>.<\/h3>\n<h3>El mismo cont\u00f3 con la presencia del Ministro de Educaci\u00f3n Mgter. Jaime Perczyk y el Secretario de Pol\u00edticas Universitarias Cdr. Oscar Alpa, entre otras autoridades nacionales.<\/h3>\n<h3>Durante el encuentro \u201cse realiz\u00f3 un balance de los \u00faltimos cuatro a\u00f1os de gesti\u00f3n, remarcando la importancia que ha tenido en este ultimo tiempo la defensa de la Educaci\u00f3n P\u00fablica, Gratuita, Inclusiva y de Calidad y en especial el fortalecimiento de nuestro sistema universitario, debido a la importancia por la diferentes obras de infraestructura de todas las universidades p\u00fablicas del pa\u00eds y el fortalecimiento de los recursos humanos de todas nuestras universidades nacionales\u201d.<\/h3>\n<h3>Por otro lado, dijo Pucci, \u201cse asumi\u00f3 el compromiso de continuar unidos entre todos y m\u00e1s para los tiempos que vienen, en defensa de nuestra Universidad P\u00fablica, Gratuita, Inclusiva y de Calidad a trav\u00e9s de la formaci\u00f3n de comisiones organizadas a trav\u00e9s de una org\u00e1nica de la que participen todos los sectores del \u00e1mbito universitario\u201d.<\/h3>\n<p>&nbsp;<\/p>\n<p>&nbsp;<\/p>\n<p>&nbsp;<\/p>\n","protected":false},"excerpt":{"rendered":"<p>Este martes el Ing. Arnoldo Pucci, Secretario General de la Asociaci\u00f3n Gremial de Docentes e&#8230;<\/p>\n","protected":false},"author":1,"featured_media":7506,"comment_status":"closed","ping_status":"closed","sticky":false,"template":"","format":"standard","meta":{"footnotes":""},"categories":[6],"tags":[],"class_list":["post-7505","post","type-post","status-publish","format-standard","has-post-thumbnail","hentry","category-ciudad-provincia"],"yoast_head":"<!-- This site is optimized with the Yoast SEO plugin v26.1.1 - https:\/\/yoast.com\/wordpress\/plugins\/seo\/ -->\n<title>PUCCI PARTICIP\u00d3 DE UN PLENARIO NACIONAL DE REFERENTES UNIVERSITARIOS - Apuntes de San Luis<\/title>\n<meta name=\"robots\" content=\"index, follow, max-snippet:-1, max-image-preview:large, max-video-preview:-1\" \/>\n<link rel=\"canonical\" href=\"https:\/\/apuntesdesanluis.com\/index.php\/2023\/11\/28\/pucci-participo-de-un-plenario-nacional-de-referentes-universitarios\/\" \/>\n<meta property=\"og:locale\" content=\"es_ES\" \/>\n<meta property=\"og:type\" content=\"article\" \/>\n<meta property=\"og:title\" content=\"PUCCI PARTICIP\u00d3 DE UN PLENARIO NACIONAL DE REFERENTES UNIVERSITARIOS - Apuntes de San Luis\" \/>\n<meta property=\"og:description\" content=\"Este martes el Ing. Arnoldo Pucci, Secretario General de la Asociaci\u00f3n Gremial de Docentes e...\" \/>\n<meta property=\"og:url\" content=\"https:\/\/apuntesdesanluis.com\/index.php\/2023\/11\/28\/pucci-participo-de-un-plenario-nacional-de-referentes-universitarios\/\" \/>\n<meta property=\"og:site_name\" content=\"Apuntes de San Luis\" \/>\n<meta property=\"article:published_time\" content=\"2023-11-28T23:30:14+00:00\" \/>\n<meta property=\"article:modified_time\" content=\"2023-11-28T23:30:39+00:00\" \/>\n<meta property=\"og:image\" content=\"https:\/\/apuntesdesanluis.com\/wp-content\/uploads\/2023\/11\/plenario-uni.png\" \/>\n\t<meta property=\"og:image:width\" content=\"562\" \/>\n\t<meta property=\"og:image:height\" content=\"290\" \/>\n\t<meta property=\"og:image:type\" content=\"image\/png\" \/>\n<meta name=\"author\" content=\"apuntesdesanluis.com\" \/>\n<meta name=\"twitter:card\" content=\"summary_large_image\" \/>\n<meta name=\"twitter:label1\" content=\"Escrito por\" \/>\n\t<meta name=\"twitter:data1\" content=\"apuntesdesanluis.com\" \/>\n\t<meta name=\"twitter:label2\" content=\"Tiempo de lectura\" \/>\n\t<meta name=\"twitter:data2\" content=\"1 minuto\" \/>\n<script type=\"application\/ld+json\" class=\"yoast-schema-graph\">{\"@context\":\"https:\/\/schema.org\",\"@graph\":[{\"@type\":\"Article\",\"@id\":\"https:\/\/apuntesdesanluis.com\/index.php\/2023\/11\/28\/pucci-participo-de-un-plenario-nacional-de-referentes-universitarios\/#article\",\"isPartOf\":{\"@id\":\"https:\/\/apuntesdesanluis.com\/index.php\/2023\/11\/28\/pucci-participo-de-un-plenario-nacional-de-referentes-universitarios\/\"},\"author\":{\"name\":\"apuntesdesanluis.com\",\"@id\":\"https:\/\/apuntesdesanluis.com\/#\/schema\/person\/b55151d52296fcce64d1a72538a70b90\"},\"headline\":\"PUCCI PARTICIP\u00d3 DE UN PLENARIO NACIONAL DE REFERENTES UNIVERSITARIOS\",\"datePublished\":\"2023-11-28T23:30:14+00:00\",\"dateModified\":\"2023-11-28T23:30:39+00:00\",\"mainEntityOfPage\":{\"@id\":\"https:\/\/apuntesdesanluis.com\/index.php\/2023\/11\/28\/pucci-participo-de-un-plenario-nacional-de-referentes-universitarios\/\"},\"wordCount\":221,\"publisher\":{\"@id\":\"https:\/\/apuntesdesanluis.com\/#\/schema\/person\/b55151d52296fcce64d1a72538a70b90\"},\"image\":{\"@id\":\"https:\/\/apuntesdesanluis.com\/index.php\/2023\/11\/28\/pucci-participo-de-un-plenario-nacional-de-referentes-universitarios\/#primaryimage\"},\"thumbnailUrl\":\"https:\/\/apuntesdesanluis.com\/wp-content\/uploads\/2023\/11\/plenario-uni.png\",\"articleSection\":[\"Ciudad\/Provincia\"],\"inLanguage\":\"es-AR\"},{\"@type\":\"WebPage\",\"@id\":\"https:\/\/apuntesdesanluis.com\/index.php\/2023\/11\/28\/pucci-participo-de-un-plenario-nacional-de-referentes-universitarios\/\",\"url\":\"https:\/\/apuntesdesanluis.com\/index.php\/2023\/11\/28\/pucci-participo-de-un-plenario-nacional-de-referentes-universitarios\/\",\"name\":\"PUCCI PARTICIP\u00d3 DE UN PLENARIO NACIONAL DE REFERENTES UNIVERSITARIOS - Apuntes de San Luis\",\"isPartOf\":{\"@id\":\"https:\/\/apuntesdesanluis.com\/#website\"},\"primaryImageOfPage\":{\"@id\":\"https:\/\/apuntesdesanluis.com\/index.php\/2023\/11\/28\/pucci-participo-de-un-plenario-nacional-de-referentes-universitarios\/#primaryimage\"},\"image\":{\"@id\":\"https:\/\/apuntesdesanluis.com\/index.php\/2023\/11\/28\/pucci-participo-de-un-plenario-nacional-de-referentes-universitarios\/#primaryimage\"},\"thumbnailUrl\":\"https:\/\/apuntesdesanluis.com\/wp-content\/uploads\/2023\/11\/plenario-uni.png\",\"datePublished\":\"2023-11-28T23:30:14+00:00\",\"dateModified\":\"2023-11-28T23:30:39+00:00\",\"breadcrumb\":{\"@id\":\"https:\/\/apuntesdesanluis.com\/index.php\/2023\/11\/28\/pucci-participo-de-un-plenario-nacional-de-referentes-universitarios\/#breadcrumb\"},\"inLanguage\":\"es-AR\",\"potentialAction\":[{\"@type\":\"ReadAction\",\"target\":[\"https:\/\/apuntesdesanluis.com\/index.php\/2023\/11\/28\/pucci-participo-de-un-plenario-nacional-de-referentes-universitarios\/\"]}]},{\"@type\":\"ImageObject\",\"inLanguage\":\"es-AR\",\"@id\":\"https:\/\/apuntesdesanluis.com\/index.php\/2023\/11\/28\/pucci-participo-de-un-plenario-nacional-de-referentes-universitarios\/#primaryimage\",\"url\":\"https:\/\/apuntesdesanluis.com\/wp-content\/uploads\/2023\/11\/plenario-uni.png\",\"contentUrl\":\"https:\/\/apuntesdesanluis.com\/wp-content\/uploads\/2023\/11\/plenario-uni.png\",\"width\":562,\"height\":290},{\"@type\":\"BreadcrumbList\",\"@id\":\"https:\/\/apuntesdesanluis.com\/index.php\/2023\/11\/28\/pucci-participo-de-un-plenario-nacional-de-referentes-universitarios\/#breadcrumb\",\"itemListElement\":[{\"@type\":\"ListItem\",\"position\":1,\"name\":\"Inicio\",\"item\":\"https:\/\/apuntesdesanluis.com\/\"},{\"@type\":\"ListItem\",\"position\":2,\"name\":\"PUCCI PARTICIP\u00d3 DE UN PLENARIO NACIONAL DE REFERENTES UNIVERSITARIOS\"}]},{\"@type\":\"WebSite\",\"@id\":\"https:\/\/apuntesdesanluis.com\/#website\",\"url\":\"https:\/\/apuntesdesanluis.com\/\",\"name\":\"Apuntes de San Luis\",\"description\":\"\",\"publisher\":{\"@id\":\"https:\/\/apuntesdesanluis.com\/#\/schema\/person\/b55151d52296fcce64d1a72538a70b90\"},\"potentialAction\":[{\"@type\":\"SearchAction\",\"target\":{\"@type\":\"EntryPoint\",\"urlTemplate\":\"https:\/\/apuntesdesanluis.com\/?s={search_term_string}\"},\"query-input\":{\"@type\":\"PropertyValueSpecification\",\"valueRequired\":true,\"valueName\":\"search_term_string\"}}],\"inLanguage\":\"es-AR\"},{\"@type\":[\"Person\",\"Organization\"],\"@id\":\"https:\/\/apuntesdesanluis.com\/#\/schema\/person\/b55151d52296fcce64d1a72538a70b90\",\"name\":\"apuntesdesanluis.com\",\"image\":{\"@type\":\"ImageObject\",\"inLanguage\":\"es-AR\",\"@id\":\"https:\/\/apuntesdesanluis.com\/#\/schema\/person\/image\/\",\"url\":\"https:\/\/apuntesdesanluis.com\/wp-content\/uploads\/2023\/07\/cropped-apuntesdesanluis.png\",\"contentUrl\":\"https:\/\/apuntesdesanluis.com\/wp-content\/uploads\/2023\/07\/cropped-apuntesdesanluis.png\",\"width\":450,\"height\":112,\"caption\":\"apuntesdesanluis.com\"},\"logo\":{\"@id\":\"https:\/\/apuntesdesanluis.com\/#\/schema\/person\/image\/\"},\"sameAs\":[\"https:\/\/apuntesdesanluis.com\"],\"url\":\"https:\/\/apuntesdesanluis.com\/index.php\/author\/apuntesdesanluis-com\/\"}]}<\/script>\n<!-- \/ Yoast SEO plugin. -->","yoast_head_json":{"title":"PUCCI PARTICIP\u00d3 DE UN PLENARIO NACIONAL DE REFERENTES UNIVERSITARIOS - Apuntes de San Luis","robots":{"index":"index","follow":"follow","max-snippet":"max-snippet:-1","max-image-preview":"max-image-preview:large","max-video-preview":"max-video-preview:-1"},"canonical":"https:\/\/apuntesdesanluis.com\/index.php\/2023\/11\/28\/pucci-participo-de-un-plenario-nacional-de-referentes-universitarios\/","og_locale":"es_ES","og_type":"article","og_title":"PUCCI PARTICIP\u00d3 DE UN PLENARIO NACIONAL DE REFERENTES UNIVERSITARIOS - Apuntes de San Luis","og_description":"Este martes el Ing. Arnoldo Pucci, Secretario General de la Asociaci\u00f3n Gremial de Docentes e...","og_url":"https:\/\/apuntesdesanluis.com\/index.php\/2023\/11\/28\/pucci-participo-de-un-plenario-nacional-de-referentes-universitarios\/","og_site_name":"Apuntes de San Luis","article_published_time":"2023-11-28T23:30:14+00:00","article_modified_time":"2023-11-28T23:30:39+00:00","og_image":[{"width":562,"height":290,"url":"https:\/\/apuntesdesanluis.com\/wp-content\/uploads\/2023\/11\/plenario-uni.png","type":"image\/png"}],"author":"apuntesdesanluis.com","twitter_card":"summary_large_image","twitter_misc":{"Escrito por":"apuntesdesanluis.com","Tiempo de lectura":"1 minuto"},"schema":{"@context":"https:\/\/schema.org","@graph":[{"@type":"Article","@id":"https:\/\/apuntesdesanluis.com\/index.php\/2023\/11\/28\/pucci-participo-de-un-plenario-nacional-de-referentes-universitarios\/#article","isPartOf":{"@id":"https:\/\/apuntesdesanluis.com\/index.php\/2023\/11\/28\/pucci-participo-de-un-plenario-nacional-de-referentes-universitarios\/"},"author":{"name":"apuntesdesanluis.com","@id":"https:\/\/apuntesdesanluis.com\/#\/schema\/person\/b55151d52296fcce64d1a72538a70b90"},"headline":"PUCCI PARTICIP\u00d3 DE UN PLENARIO NACIONAL DE REFERENTES UNIVERSITARIOS","datePublished":"2023-11-28T23:30:14+00:00","dateModified":"2023-11-28T23:30:39+00:00","mainEntityOfPage":{"@id":"https:\/\/apuntesdesanluis.com\/index.php\/2023\/11\/28\/pucci-participo-de-un-plenario-nacional-de-referentes-universitarios\/"},"wordCount":221,"publisher":{"@id":"https:\/\/apuntesdesanluis.com\/#\/schema\/person\/b55151d52296fcce64d1a72538a70b90"},"image":{"@id":"https:\/\/apuntesdesanluis.com\/index.php\/2023\/11\/28\/pucci-participo-de-un-plenario-nacional-de-referentes-universitarios\/#primaryimage"},"thumbnailUrl":"https:\/\/apuntesdesanluis.com\/wp-content\/uploads\/2023\/11\/plenario-uni.png","articleSection":["Ciudad\/Provincia"],"inLanguage":"es-AR"},{"@type":"WebPage","@id":"https:\/\/apuntesdesanluis.com\/index.php\/2023\/11\/28\/pucci-participo-de-un-plenario-nacional-de-referentes-universitarios\/","url":"https:\/\/apuntesdesanluis.com\/index.php\/2023\/11\/28\/pucci-participo-de-un-plenario-nacional-de-referentes-universitarios\/","name":"PUCCI PARTICIP\u00d3 DE UN PLENARIO NACIONAL DE REFERENTES UNIVERSITARIOS - Apuntes de San Luis","isPartOf":{"@id":"https:\/\/apuntesdesanluis.com\/#website"},"primaryImageOfPage":{"@id":"https:\/\/apuntesdesanluis.com\/index.php\/2023\/11\/28\/pucci-participo-de-un-plenario-nacional-de-referentes-universitarios\/#primaryimage"},"image":{"@id":"https:\/\/apuntesdesanluis.com\/index.php\/2023\/11\/28\/pucci-participo-de-un-plenario-nacional-de-referentes-universitarios\/#primaryimage"},"thumbnailUrl":"https:\/\/apuntesdesanluis.com\/wp-content\/uploads\/2023\/11\/plenario-uni.png","datePublished":"2023-11-28T23:30:14+00:00","dateModified":"2023-11-28T23:30:39+00:00","breadcrumb":{"@id":"https:\/\/apuntesdesanluis.com\/index.php\/2023\/11\/28\/pucci-participo-de-un-plenario-nacional-de-referentes-universitarios\/#breadcrumb"},"inLanguage":"es-AR","potentialAction":[{"@type":"ReadAction","target":["https:\/\/apuntesdesanluis.com\/index.php\/2023\/11\/28\/pucci-participo-de-un-plenario-nacional-de-referentes-universitarios\/"]}]},{"@type":"ImageObject","inLanguage":"es-AR","@id":"https:\/\/apuntesdesanluis.com\/index.php\/2023\/11\/28\/pucci-participo-de-un-plenario-nacional-de-referentes-universitarios\/#primaryimage","url":"https:\/\/apuntesdesanluis.com\/wp-content\/uploads\/2023\/11\/plenario-uni.png","contentUrl":"https:\/\/apuntesdesanluis.com\/wp-content\/uploads\/2023\/11\/plenario-uni.png","width":562,"height":290},{"@type":"BreadcrumbList","@id":"https:\/\/apuntesdesanluis.com\/index.php\/2023\/11\/28\/pucci-participo-de-un-plenario-nacional-de-referentes-universitarios\/#breadcrumb","itemListElement":[{"@type":"ListItem","position":1,"name":"Inicio","item":"https:\/\/apuntesdesanluis.com\/"},{"@type":"ListItem","position":2,"name":"PUCCI PARTICIP\u00d3 DE UN PLENARIO NACIONAL DE REFERENTES UNIVERSITARIOS"}]},{"@type":"WebSite","@id":"https:\/\/apuntesdesanluis.com\/#website","url":"https:\/\/apuntesdesanluis.com\/","name":"Apuntes de San Luis","description":"","publisher":{"@id":"https:\/\/apuntesdesanluis.com\/#\/schema\/person\/b55151d52296fcce64d1a72538a70b90"},"potentialAction":[{"@type":"SearchAction","target":{"@type":"EntryPoint","urlTemplate":"https:\/\/apuntesdesanluis.com\/?s={search_term_string}"},"query-input":{"@type":"PropertyValueSpecification","valueRequired":true,"valueName":"search_term_string"}}],"inLanguage":"es-AR"},{"@type":["Person","Organization"],"@id":"https:\/\/apuntesdesanluis.com\/#\/schema\/person\/b55151d52296fcce64d1a72538a70b90","name":"apuntesdesanluis.com","image":{"@type":"ImageObject","inLanguage":"es-AR","@id":"https:\/\/apuntesdesanluis.com\/#\/schema\/person\/image\/","url":"https:\/\/apuntesdesanluis.com\/wp-content\/uploads\/2023\/07\/cropped-apuntesdesanluis.png","contentUrl":"https:\/\/apuntesdesanluis.com\/wp-content\/uploads\/2023\/07\/cropped-apuntesdesanluis.png","width":450,"height":112,"caption":"apuntesdesanluis.com"},"logo":{"@id":"https:\/\/apuntesdesanluis.com\/#\/schema\/person\/image\/"},"sameAs":["https:\/\/apuntesdesanluis.com"],"url":"https:\/\/apuntesdesanluis.com\/index.php\/author\/apuntesdesanluis-com\/"}]}},"featured_image_urls":{"full":["https:\/\/apuntesdesanluis.com\/wp-content\/uploads\/2023\/11\/plenario-uni.png",562,290,false],"thumbnail":["https:\/\/apuntesdesanluis.com\/wp-content\/uploads\/2023\/11\/plenario-uni-150x150.png",150,150,true],"medium":["https:\/\/apuntesdesanluis.com\/wp-content\/uploads\/2023\/11\/plenario-uni-300x155.png",300,155,true],"medium_large":["https:\/\/apuntesdesanluis.com\/wp-content\/uploads\/2023\/11\/plenario-uni.png",562,290,false],"large":["https:\/\/apuntesdesanluis.com\/wp-content\/uploads\/2023\/11\/plenario-uni.png",562,290,false],"1536x1536":["https:\/\/apuntesdesanluis.com\/wp-content\/uploads\/2023\/11\/plenario-uni.png",562,290,false],"2048x2048":["https:\/\/apuntesdesanluis.com\/wp-content\/uploads\/2023\/11\/plenario-uni.png",562,290,false],"newsever-slider-full":["https:\/\/apuntesdesanluis.com\/wp-content\/uploads\/2023\/11\/plenario-uni.png",562,290,false],"newsever-featured":["https:\/\/apuntesdesanluis.com\/wp-content\/uploads\/2023\/11\/plenario-uni.png",562,290,false],"newsever-medium":["https:\/\/apuntesdesanluis.com\/wp-content\/uploads\/2023\/11\/plenario-uni.png",562,290,false]},"author_info":{"display_name":"apuntesdesanluis.com","author_link":"https:\/\/apuntesdesanluis.com\/index.php\/author\/apuntesdesanluis-com\/"},"category_info":"<a href=\"https:\/\/apuntesdesanluis.com\/index.php\/category\/ciudad-provincia\/\" rel=\"category tag\">Ciudad\/Provincia<\/a>","tag_info":"Ciudad\/Provincia","comment_count":"0","_links":{"self":[{"href":"https:\/\/apuntesdesanluis.com\/index.php\/wp-json\/wp\/v2\/posts\/7505","targetHints":{"allow":["GET"]}}],"collection":[{"href":"https:\/\/apuntesdesanluis.com\/index.php\/wp-json\/wp\/v2\/posts"}],"about":[{"href":"https:\/\/apuntesdesanluis.com\/index.php\/wp-json\/wp\/v2\/types\/post"}],"author":[{"embeddable":true,"href":"https:\/\/apuntesdesanluis.com\/index.php\/wp-json\/wp\/v2\/users\/1"}],"replies":[{"embeddable":true,"href":"https:\/\/apuntesdesanluis.com\/index.php\/wp-json\/wp\/v2\/comments?post=7505"}],"version-history":[{"count":2,"href":"https:\/\/apuntesdesanluis.com\/index.php\/wp-json\/wp\/v2\/posts\/7505\/revisions"}],"predecessor-version":[{"id":7508,"href":"https:\/\/apuntesdesanluis.com\/index.php\/wp-json\/wp\/v2\/posts\/7505\/revisions\/7508"}],"wp:featuredmedia":[{"embeddable":true,"href":"https:\/\/apuntesdesanluis.com\/index.php\/wp-json\/wp\/v2\/media\/7506"}],"wp:attachment":[{"href":"https:\/\/apuntesdesanluis.com\/index.php\/wp-json\/wp\/v2\/media?parent=7505"}],"wp:term":[{"taxonomy":"category","embeddable":true,"href":"https:\/\/apuntesdesanluis.com\/index.php\/wp-json\/wp\/v2\/categories?post=7505"},{"taxonomy":"post_tag","embeddable":true,"href":"https:\/\/apuntesdesanluis.com\/index.php\/wp-json\/wp\/v2\/tags?post=7505"}],"curies":[{"name":"wp","href":"https:\/\/api.w.org\/{rel}","templated":true}]}}