{"id":7512,"date":"2023-11-28T20:39:13","date_gmt":"2023-11-28T23:39:13","guid":{"rendered":"https:\/\/apuntesdesanluis.com\/?p=7512"},"modified":"2023-11-28T20:40:08","modified_gmt":"2023-11-28T23:40:08","slug":"egresaron-nuevos-profesionales-de-la-upro-del-departamento-dupuy","status":"publish","type":"post","link":"https:\/\/apuntesdesanluis.com\/index.php\/2023\/11\/28\/egresaron-nuevos-profesionales-de-la-upro-del-departamento-dupuy\/","title":{"rendered":"EGRESARON NUEVOS PROFESIONALES DE LA UPRO DEL DEPARTAMENTO DUPUY"},"content":{"rendered":"<h3>En la E<strong>xtensi\u00f3n Buena Esperanza<\/strong> egresaron los primeros 10 <strong>Operadores de Maquinaria Agr\u00edcola de Precisi\u00f3n para la Producci\u00f3n<\/strong>, un curso creado espec\u00edficamente para los residentes en la zona del Departamento Dupuy y alrededores.<\/h3>\n<h3>\u201cNuestra curr\u00edcula siempre se va adaptando a las necesidades del mercado y de la regi\u00f3n en la cual nos encontramos. No es lo mismo la realidad de una zona rural como \u00e9sta, que la de los conglomerados urbanos. Es por eso que surgi\u00f3 esta idea, de ofrecer mano de obra calificada para las nuevas tecnolog\u00edas que se utilizan en los campos\u201d, coment\u00f3 el rector de la UPrO, <strong>Joaqu\u00edn Surroca<\/strong>, sobre estos primeros egresados.<\/h3>\n<h3>La sede, ubicada en el ingreso norte de la localidad, tambi\u00e9n brinda las opciones de Cocina Profesional e Internacional e Instalador Sanitarista Matriculado, cuyos primeros profesionales estar\u00e1n para mediados del a\u00f1o pr\u00f3ximo.<\/h3>\n<h3><img fetchpriority=\"high\" decoding=\"async\" class=\"wp-image-7514 aligncenter\" src=\"https:\/\/apuntesdesanluis.com\/wp-content\/uploads\/2023\/11\/egresados-300x198.png\" alt=\"\" width=\"838\" height=\"553\" srcset=\"https:\/\/apuntesdesanluis.com\/wp-content\/uploads\/2023\/11\/egresados-300x198.png 300w, https:\/\/apuntesdesanluis.com\/wp-content\/uploads\/2023\/11\/egresados.png 600w\" sizes=\"(max-width: 838px) 100vw, 838px\" \/><\/h3>\n<h3>El intendente <strong>Fernando Larroude<\/strong>, entreg\u00f3 kits a los egresados y destac\u00f3 la importancia de la universidad en la regi\u00f3n: \u201cEn nuestro caso, esta extensi\u00f3n cubre todo el departamento Dupuy, por lo que nos llegan alumnos de Fort\u00edn El Patria, Batavia y Nueva Galia. Es decir que abarca toda la zona. Hoy, el avance tecnol\u00f3gico en materia agr\u00edcola es enorme; por lo cual, tener estos nuevos operadores garantizar\u00e1 cubrir puestos laborales que antes lo hac\u00edan gente de afuera\u201d, destac\u00f3.<\/h3>\n<h3>Este martes tambi\u00e9n estaba previsto que recibieran sus diplomas y kits los egresados de las sedes de<strong> Tilisarao<\/strong> y este mi\u00e9rcoles los de <strong>Merlo<\/strong>.<\/h3>\n<p>&nbsp;<\/p>\n<p>&nbsp;<\/p>\n<p>&nbsp;<\/p>\n<p>&nbsp;<\/p>\n","protected":false},"excerpt":{"rendered":"<p>En la Extensi\u00f3n Buena Esperanza egresaron los primeros 10 Operadores de Maquinaria Agr\u00edcola de Precisi\u00f3n&#8230;<\/p>\n","protected":false},"author":1,"featured_media":7513,"comment_status":"closed","ping_status":"closed","sticky":false,"template":"","format":"standard","meta":{"footnotes":""},"categories":[6],"tags":[],"class_list":["post-7512","post","type-post","status-publish","format-standard","has-post-thumbnail","hentry","category-ciudad-provincia"],"yoast_head":"<!-- This site is optimized with the Yoast SEO plugin v26.1.1 - https:\/\/yoast.com\/wordpress\/plugins\/seo\/ -->\n<title>EGRESARON NUEVOS PROFESIONALES DE LA UPRO DEL DEPARTAMENTO DUPUY - Apuntes de San Luis<\/title>\n<meta name=\"robots\" content=\"index, follow, max-snippet:-1, max-image-preview:large, max-video-preview:-1\" \/>\n<link rel=\"canonical\" href=\"https:\/\/apuntesdesanluis.com\/index.php\/2023\/11\/28\/egresaron-nuevos-profesionales-de-la-upro-del-departamento-dupuy\/\" \/>\n<meta property=\"og:locale\" content=\"es_ES\" \/>\n<meta property=\"og:type\" content=\"article\" \/>\n<meta property=\"og:title\" content=\"EGRESARON NUEVOS PROFESIONALES DE LA UPRO DEL DEPARTAMENTO DUPUY - Apuntes de San Luis\" \/>\n<meta property=\"og:description\" content=\"En la Extensi\u00f3n Buena Esperanza egresaron los primeros 10 Operadores de Maquinaria Agr\u00edcola de Precisi\u00f3n...\" \/>\n<meta property=\"og:url\" content=\"https:\/\/apuntesdesanluis.com\/index.php\/2023\/11\/28\/egresaron-nuevos-profesionales-de-la-upro-del-departamento-dupuy\/\" \/>\n<meta property=\"og:site_name\" content=\"Apuntes de San Luis\" \/>\n<meta property=\"article:published_time\" content=\"2023-11-28T23:39:13+00:00\" \/>\n<meta property=\"article:modified_time\" content=\"2023-11-28T23:40:08+00:00\" \/>\n<meta property=\"og:image\" content=\"https:\/\/apuntesdesanluis.com\/wp-content\/uploads\/2023\/11\/upro-buena-esperanza.png\" \/>\n\t<meta property=\"og:image:width\" content=\"600\" \/>\n\t<meta property=\"og:image:height\" content=\"353\" \/>\n\t<meta property=\"og:image:type\" content=\"image\/png\" \/>\n<meta name=\"author\" content=\"apuntesdesanluis.com\" \/>\n<meta name=\"twitter:card\" content=\"summary_large_image\" \/>\n<meta name=\"twitter:label1\" content=\"Escrito por\" \/>\n\t<meta name=\"twitter:data1\" content=\"apuntesdesanluis.com\" \/>\n\t<meta name=\"twitter:label2\" content=\"Tiempo de lectura\" \/>\n\t<meta name=\"twitter:data2\" content=\"2 minutos\" \/>\n<script type=\"application\/ld+json\" class=\"yoast-schema-graph\">{\"@context\":\"https:\/\/schema.org\",\"@graph\":[{\"@type\":\"Article\",\"@id\":\"https:\/\/apuntesdesanluis.com\/index.php\/2023\/11\/28\/egresaron-nuevos-profesionales-de-la-upro-del-departamento-dupuy\/#article\",\"isPartOf\":{\"@id\":\"https:\/\/apuntesdesanluis.com\/index.php\/2023\/11\/28\/egresaron-nuevos-profesionales-de-la-upro-del-departamento-dupuy\/\"},\"author\":{\"name\":\"apuntesdesanluis.com\",\"@id\":\"https:\/\/apuntesdesanluis.com\/#\/schema\/person\/b55151d52296fcce64d1a72538a70b90\"},\"headline\":\"EGRESARON NUEVOS PROFESIONALES DE LA UPRO DEL DEPARTAMENTO DUPUY\",\"datePublished\":\"2023-11-28T23:39:13+00:00\",\"dateModified\":\"2023-11-28T23:40:08+00:00\",\"mainEntityOfPage\":{\"@id\":\"https:\/\/apuntesdesanluis.com\/index.php\/2023\/11\/28\/egresaron-nuevos-profesionales-de-la-upro-del-departamento-dupuy\/\"},\"wordCount\":273,\"publisher\":{\"@id\":\"https:\/\/apuntesdesanluis.com\/#\/schema\/person\/b55151d52296fcce64d1a72538a70b90\"},\"image\":{\"@id\":\"https:\/\/apuntesdesanluis.com\/index.php\/2023\/11\/28\/egresaron-nuevos-profesionales-de-la-upro-del-departamento-dupuy\/#primaryimage\"},\"thumbnailUrl\":\"https:\/\/apuntesdesanluis.com\/wp-content\/uploads\/2023\/11\/upro-buena-esperanza.png\",\"articleSection\":[\"Ciudad\/Provincia\"],\"inLanguage\":\"es-AR\"},{\"@type\":\"WebPage\",\"@id\":\"https:\/\/apuntesdesanluis.com\/index.php\/2023\/11\/28\/egresaron-nuevos-profesionales-de-la-upro-del-departamento-dupuy\/\",\"url\":\"https:\/\/apuntesdesanluis.com\/index.php\/2023\/11\/28\/egresaron-nuevos-profesionales-de-la-upro-del-departamento-dupuy\/\",\"name\":\"EGRESARON NUEVOS PROFESIONALES DE LA UPRO DEL DEPARTAMENTO DUPUY - Apuntes de San Luis\",\"isPartOf\":{\"@id\":\"https:\/\/apuntesdesanluis.com\/#website\"},\"primaryImageOfPage\":{\"@id\":\"https:\/\/apuntesdesanluis.com\/index.php\/2023\/11\/28\/egresaron-nuevos-profesionales-de-la-upro-del-departamento-dupuy\/#primaryimage\"},\"image\":{\"@id\":\"https:\/\/apuntesdesanluis.com\/index.php\/2023\/11\/28\/egresaron-nuevos-profesionales-de-la-upro-del-departamento-dupuy\/#primaryimage\"},\"thumbnailUrl\":\"https:\/\/apuntesdesanluis.com\/wp-content\/uploads\/2023\/11\/upro-buena-esperanza.png\",\"datePublished\":\"2023-11-28T23:39:13+00:00\",\"dateModified\":\"2023-11-28T23:40:08+00:00\",\"breadcrumb\":{\"@id\":\"https:\/\/apuntesdesanluis.com\/index.php\/2023\/11\/28\/egresaron-nuevos-profesionales-de-la-upro-del-departamento-dupuy\/#breadcrumb\"},\"inLanguage\":\"es-AR\",\"potentialAction\":[{\"@type\":\"ReadAction\",\"target\":[\"https:\/\/apuntesdesanluis.com\/index.php\/2023\/11\/28\/egresaron-nuevos-profesionales-de-la-upro-del-departamento-dupuy\/\"]}]},{\"@type\":\"ImageObject\",\"inLanguage\":\"es-AR\",\"@id\":\"https:\/\/apuntesdesanluis.com\/index.php\/2023\/11\/28\/egresaron-nuevos-profesionales-de-la-upro-del-departamento-dupuy\/#primaryimage\",\"url\":\"https:\/\/apuntesdesanluis.com\/wp-content\/uploads\/2023\/11\/upro-buena-esperanza.png\",\"contentUrl\":\"https:\/\/apuntesdesanluis.com\/wp-content\/uploads\/2023\/11\/upro-buena-esperanza.png\",\"width\":600,\"height\":353},{\"@type\":\"BreadcrumbList\",\"@id\":\"https:\/\/apuntesdesanluis.com\/index.php\/2023\/11\/28\/egresaron-nuevos-profesionales-de-la-upro-del-departamento-dupuy\/#breadcrumb\",\"itemListElement\":[{\"@type\":\"ListItem\",\"position\":1,\"name\":\"Inicio\",\"item\":\"https:\/\/apuntesdesanluis.com\/\"},{\"@type\":\"ListItem\",\"position\":2,\"name\":\"EGRESARON NUEVOS PROFESIONALES DE LA UPRO DEL DEPARTAMENTO DUPUY\"}]},{\"@type\":\"WebSite\",\"@id\":\"https:\/\/apuntesdesanluis.com\/#website\",\"url\":\"https:\/\/apuntesdesanluis.com\/\",\"name\":\"Apuntes de San Luis\",\"description\":\"\",\"publisher\":{\"@id\":\"https:\/\/apuntesdesanluis.com\/#\/schema\/person\/b55151d52296fcce64d1a72538a70b90\"},\"potentialAction\":[{\"@type\":\"SearchAction\",\"target\":{\"@type\":\"EntryPoint\",\"urlTemplate\":\"https:\/\/apuntesdesanluis.com\/?s={search_term_string}\"},\"query-input\":{\"@type\":\"PropertyValueSpecification\",\"valueRequired\":true,\"valueName\":\"search_term_string\"}}],\"inLanguage\":\"es-AR\"},{\"@type\":[\"Person\",\"Organization\"],\"@id\":\"https:\/\/apuntesdesanluis.com\/#\/schema\/person\/b55151d52296fcce64d1a72538a70b90\",\"name\":\"apuntesdesanluis.com\",\"image\":{\"@type\":\"ImageObject\",\"inLanguage\":\"es-AR\",\"@id\":\"https:\/\/apuntesdesanluis.com\/#\/schema\/person\/image\/\",\"url\":\"https:\/\/apuntesdesanluis.com\/wp-content\/uploads\/2023\/07\/cropped-apuntesdesanluis.png\",\"contentUrl\":\"https:\/\/apuntesdesanluis.com\/wp-content\/uploads\/2023\/07\/cropped-apuntesdesanluis.png\",\"width\":450,\"height\":112,\"caption\":\"apuntesdesanluis.com\"},\"logo\":{\"@id\":\"https:\/\/apuntesdesanluis.com\/#\/schema\/person\/image\/\"},\"sameAs\":[\"https:\/\/apuntesdesanluis.com\"],\"url\":\"https:\/\/apuntesdesanluis.com\/index.php\/author\/apuntesdesanluis-com\/\"}]}<\/script>\n<!-- \/ Yoast SEO plugin. -->","yoast_head_json":{"title":"EGRESARON NUEVOS PROFESIONALES DE LA UPRO DEL DEPARTAMENTO DUPUY - Apuntes de San Luis","robots":{"index":"index","follow":"follow","max-snippet":"max-snippet:-1","max-image-preview":"max-image-preview:large","max-video-preview":"max-video-preview:-1"},"canonical":"https:\/\/apuntesdesanluis.com\/index.php\/2023\/11\/28\/egresaron-nuevos-profesionales-de-la-upro-del-departamento-dupuy\/","og_locale":"es_ES","og_type":"article","og_title":"EGRESARON NUEVOS PROFESIONALES DE LA UPRO DEL DEPARTAMENTO DUPUY - Apuntes de San Luis","og_description":"En la Extensi\u00f3n Buena Esperanza egresaron los primeros 10 Operadores de Maquinaria Agr\u00edcola de Precisi\u00f3n...","og_url":"https:\/\/apuntesdesanluis.com\/index.php\/2023\/11\/28\/egresaron-nuevos-profesionales-de-la-upro-del-departamento-dupuy\/","og_site_name":"Apuntes de San Luis","article_published_time":"2023-11-28T23:39:13+00:00","article_modified_time":"2023-11-28T23:40:08+00:00","og_image":[{"width":600,"height":353,"url":"https:\/\/apuntesdesanluis.com\/wp-content\/uploads\/2023\/11\/upro-buena-esperanza.png","type":"image\/png"}],"author":"apuntesdesanluis.com","twitter_card":"summary_large_image","twitter_misc":{"Escrito por":"apuntesdesanluis.com","Tiempo de lectura":"2 minutos"},"schema":{"@context":"https:\/\/schema.org","@graph":[{"@type":"Article","@id":"https:\/\/apuntesdesanluis.com\/index.php\/2023\/11\/28\/egresaron-nuevos-profesionales-de-la-upro-del-departamento-dupuy\/#article","isPartOf":{"@id":"https:\/\/apuntesdesanluis.com\/index.php\/2023\/11\/28\/egresaron-nuevos-profesionales-de-la-upro-del-departamento-dupuy\/"},"author":{"name":"apuntesdesanluis.com","@id":"https:\/\/apuntesdesanluis.com\/#\/schema\/person\/b55151d52296fcce64d1a72538a70b90"},"headline":"EGRESARON NUEVOS PROFESIONALES DE LA UPRO DEL DEPARTAMENTO DUPUY","datePublished":"2023-11-28T23:39:13+00:00","dateModified":"2023-11-28T23:40:08+00:00","mainEntityOfPage":{"@id":"https:\/\/apuntesdesanluis.com\/index.php\/2023\/11\/28\/egresaron-nuevos-profesionales-de-la-upro-del-departamento-dupuy\/"},"wordCount":273,"publisher":{"@id":"https:\/\/apuntesdesanluis.com\/#\/schema\/person\/b55151d52296fcce64d1a72538a70b90"},"image":{"@id":"https:\/\/apuntesdesanluis.com\/index.php\/2023\/11\/28\/egresaron-nuevos-profesionales-de-la-upro-del-departamento-dupuy\/#primaryimage"},"thumbnailUrl":"https:\/\/apuntesdesanluis.com\/wp-content\/uploads\/2023\/11\/upro-buena-esperanza.png","articleSection":["Ciudad\/Provincia"],"inLanguage":"es-AR"},{"@type":"WebPage","@id":"https:\/\/apuntesdesanluis.com\/index.php\/2023\/11\/28\/egresaron-nuevos-profesionales-de-la-upro-del-departamento-dupuy\/","url":"https:\/\/apuntesdesanluis.com\/index.php\/2023\/11\/28\/egresaron-nuevos-profesionales-de-la-upro-del-departamento-dupuy\/","name":"EGRESARON NUEVOS PROFESIONALES DE LA UPRO DEL DEPARTAMENTO DUPUY - Apuntes de San Luis","isPartOf":{"@id":"https:\/\/apuntesdesanluis.com\/#website"},"primaryImageOfPage":{"@id":"https:\/\/apuntesdesanluis.com\/index.php\/2023\/11\/28\/egresaron-nuevos-profesionales-de-la-upro-del-departamento-dupuy\/#primaryimage"},"image":{"@id":"https:\/\/apuntesdesanluis.com\/index.php\/2023\/11\/28\/egresaron-nuevos-profesionales-de-la-upro-del-departamento-dupuy\/#primaryimage"},"thumbnailUrl":"https:\/\/apuntesdesanluis.com\/wp-content\/uploads\/2023\/11\/upro-buena-esperanza.png","datePublished":"2023-11-28T23:39:13+00:00","dateModified":"2023-11-28T23:40:08+00:00","breadcrumb":{"@id":"https:\/\/apuntesdesanluis.com\/index.php\/2023\/11\/28\/egresaron-nuevos-profesionales-de-la-upro-del-departamento-dupuy\/#breadcrumb"},"inLanguage":"es-AR","potentialAction":[{"@type":"ReadAction","target":["https:\/\/apuntesdesanluis.com\/index.php\/2023\/11\/28\/egresaron-nuevos-profesionales-de-la-upro-del-departamento-dupuy\/"]}]},{"@type":"ImageObject","inLanguage":"es-AR","@id":"https:\/\/apuntesdesanluis.com\/index.php\/2023\/11\/28\/egresaron-nuevos-profesionales-de-la-upro-del-departamento-dupuy\/#primaryimage","url":"https:\/\/apuntesdesanluis.com\/wp-content\/uploads\/2023\/11\/upro-buena-esperanza.png","contentUrl":"https:\/\/apuntesdesanluis.com\/wp-content\/uploads\/2023\/11\/upro-buena-esperanza.png","width":600,"height":353},{"@type":"BreadcrumbList","@id":"https:\/\/apuntesdesanluis.com\/index.php\/2023\/11\/28\/egresaron-nuevos-profesionales-de-la-upro-del-departamento-dupuy\/#breadcrumb","itemListElement":[{"@type":"ListItem","position":1,"name":"Inicio","item":"https:\/\/apuntesdesanluis.com\/"},{"@type":"ListItem","position":2,"name":"EGRESARON NUEVOS PROFESIONALES DE LA UPRO DEL DEPARTAMENTO DUPUY"}]},{"@type":"WebSite","@id":"https:\/\/apuntesdesanluis.com\/#website","url":"https:\/\/apuntesdesanluis.com\/","name":"Apuntes de San Luis","description":"","publisher":{"@id":"https:\/\/apuntesdesanluis.com\/#\/schema\/person\/b55151d52296fcce64d1a72538a70b90"},"potentialAction":[{"@type":"SearchAction","target":{"@type":"EntryPoint","urlTemplate":"https:\/\/apuntesdesanluis.com\/?s={search_term_string}"},"query-input":{"@type":"PropertyValueSpecification","valueRequired":true,"valueName":"search_term_string"}}],"inLanguage":"es-AR"},{"@type":["Person","Organization"],"@id":"https:\/\/apuntesdesanluis.com\/#\/schema\/person\/b55151d52296fcce64d1a72538a70b90","name":"apuntesdesanluis.com","image":{"@type":"ImageObject","inLanguage":"es-AR","@id":"https:\/\/apuntesdesanluis.com\/#\/schema\/person\/image\/","url":"https:\/\/apuntesdesanluis.com\/wp-content\/uploads\/2023\/07\/cropped-apuntesdesanluis.png","contentUrl":"https:\/\/apuntesdesanluis.com\/wp-content\/uploads\/2023\/07\/cropped-apuntesdesanluis.png","width":450,"height":112,"caption":"apuntesdesanluis.com"},"logo":{"@id":"https:\/\/apuntesdesanluis.com\/#\/schema\/person\/image\/"},"sameAs":["https:\/\/apuntesdesanluis.com"],"url":"https:\/\/apuntesdesanluis.com\/index.php\/author\/apuntesdesanluis-com\/"}]}},"featured_image_urls":{"full":["https:\/\/apuntesdesanluis.com\/wp-content\/uploads\/2023\/11\/upro-buena-esperanza.png",600,353,false],"thumbnail":["https:\/\/apuntesdesanluis.com\/wp-content\/uploads\/2023\/11\/upro-buena-esperanza-150x150.png",150,150,true],"medium":["https:\/\/apuntesdesanluis.com\/wp-content\/uploads\/2023\/11\/upro-buena-esperanza-300x177.png",300,177,true],"medium_large":["https:\/\/apuntesdesanluis.com\/wp-content\/uploads\/2023\/11\/upro-buena-esperanza.png",600,353,false],"large":["https:\/\/apuntesdesanluis.com\/wp-content\/uploads\/2023\/11\/upro-buena-esperanza.png",600,353,false],"1536x1536":["https:\/\/apuntesdesanluis.com\/wp-content\/uploads\/2023\/11\/upro-buena-esperanza.png",600,353,false],"2048x2048":["https:\/\/apuntesdesanluis.com\/wp-content\/uploads\/2023\/11\/upro-buena-esperanza.png",600,353,false],"newsever-slider-full":["https:\/\/apuntesdesanluis.com\/wp-content\/uploads\/2023\/11\/upro-buena-esperanza.png",600,353,false],"newsever-featured":["https:\/\/apuntesdesanluis.com\/wp-content\/uploads\/2023\/11\/upro-buena-esperanza.png",600,353,false],"newsever-medium":["https:\/\/apuntesdesanluis.com\/wp-content\/uploads\/2023\/11\/upro-buena-esperanza.png",600,353,false]},"author_info":{"display_name":"apuntesdesanluis.com","author_link":"https:\/\/apuntesdesanluis.com\/index.php\/author\/apuntesdesanluis-com\/"},"category_info":"<a href=\"https:\/\/apuntesdesanluis.com\/index.php\/category\/ciudad-provincia\/\" rel=\"category tag\">Ciudad\/Provincia<\/a>","tag_info":"Ciudad\/Provincia","comment_count":"0","_links":{"self":[{"href":"https:\/\/apuntesdesanluis.com\/index.php\/wp-json\/wp\/v2\/posts\/7512","targetHints":{"allow":["GET"]}}],"collection":[{"href":"https:\/\/apuntesdesanluis.com\/index.php\/wp-json\/wp\/v2\/posts"}],"about":[{"href":"https:\/\/apuntesdesanluis.com\/index.php\/wp-json\/wp\/v2\/types\/post"}],"author":[{"embeddable":true,"href":"https:\/\/apuntesdesanluis.com\/index.php\/wp-json\/wp\/v2\/users\/1"}],"replies":[{"embeddable":true,"href":"https:\/\/apuntesdesanluis.com\/index.php\/wp-json\/wp\/v2\/comments?post=7512"}],"version-history":[{"count":2,"href":"https:\/\/apuntesdesanluis.com\/index.php\/wp-json\/wp\/v2\/posts\/7512\/revisions"}],"predecessor-version":[{"id":7516,"href":"https:\/\/apuntesdesanluis.com\/index.php\/wp-json\/wp\/v2\/posts\/7512\/revisions\/7516"}],"wp:featuredmedia":[{"embeddable":true,"href":"https:\/\/apuntesdesanluis.com\/index.php\/wp-json\/wp\/v2\/media\/7513"}],"wp:attachment":[{"href":"https:\/\/apuntesdesanluis.com\/index.php\/wp-json\/wp\/v2\/media?parent=7512"}],"wp:term":[{"taxonomy":"category","embeddable":true,"href":"https:\/\/apuntesdesanluis.com\/index.php\/wp-json\/wp\/v2\/categories?post=7512"},{"taxonomy":"post_tag","embeddable":true,"href":"https:\/\/apuntesdesanluis.com\/index.php\/wp-json\/wp\/v2\/tags?post=7512"}],"curies":[{"name":"wp","href":"https:\/\/api.w.org\/{rel}","templated":true}]}}