{"id":7517,"date":"2023-11-28T20:49:05","date_gmt":"2023-11-28T23:49:05","guid":{"rendered":"https:\/\/apuntesdesanluis.com\/?p=7517"},"modified":"2023-11-28T20:50:06","modified_gmt":"2023-11-28T23:50:06","slug":"actividades-en-merlo-por-el-dia-internacional-de-las-personas-con-discapacidad","status":"publish","type":"post","link":"https:\/\/apuntesdesanluis.com\/index.php\/2023\/11\/28\/actividades-en-merlo-por-el-dia-internacional-de-las-personas-con-discapacidad\/","title":{"rendered":"ACTIVIDADES EN MERLO POR EL D\u00cdA INTERNACIONAL DE LAS PERSONAS CON DISCAPACIDAD"},"content":{"rendered":"<h3>El Municipio de la Villa de Merlo invita a participar de una serie de propuestas destinadas a promover los derechos y el bienestar de las personas con discapacidades en todos los \u00e1mbitos de la sociedad. Ser\u00e1 el 1, 2 y 3 de diciembre.<\/h3>\n<h3>Desde que en 1992 la Asamblea General de las Naciones Unidas proclam\u00f3 el d\u00eda 3 de diciembre como D\u00eda Internacional de las Personas con Discapacidad, esta fecha se celebra en todo el mundo con el objetivo de promover los derechos y el bienestar de las personas con discapacidades en todos los \u00e1mbitos de la sociedad y visibilizar y sensibilizar sobre pr\u00e1cticas antidiscriminatorias hacia este colectivo.<\/h3>\n<h3>En este contexto, la Direcci\u00f3n de Pol\u00edticas de la Discapacidad organiz\u00f3 una serie de actividades las cuales se llevar\u00e1n a cabo durante el 1, 2 y 3 de diciembre con el fin de visibilizar y promover los derechos de las personas con discapacidad.<\/h3>\n<h3>Para brindar una experiencia inolvidable, en la jornada se sumar\u00e1n la Secretaria de Gesti\u00f3n Cultural e Identidad Merlina, la Secretar\u00eda de Ambiente, Producci\u00f3n y Desarrollo Sustentable, la Secretar\u00eda de Deporte, Recreaci\u00f3n y H\u00e1bitos Saludables, la Secretar\u00eda de Gesti\u00f3n y Calidad de Productos Tur\u00edsticos y personas con discapacidad junto a sus familiares, aportado una gran variedad de actividades para los asistentes.<\/h3>\n<h3>Cronograma:<\/h3>\n<h3><strong>1 DE DICIEMBRE <\/strong>en la Plaza Piedra Blanca arriba (por mal tiempo se realiza en la Casa del Bicentenario) de 9.30 a 12.00 hs.<\/h3>\n<h3>-Desayuno saludable.<\/h3>\n<h3>-Colocaci\u00f3n del Kit cultural accesible en la Casa del Bicentenario.<\/h3>\n<h3>-Taller de artes pl\u00e1stica.<\/h3>\n<h3>-Mural inclusivo.<\/h3>\n<h3>-Cortito y al pie (espect\u00e1culo para toda la familia).<\/h3>\n<h3>-Taller de Folklore inclusivo (profesora M\u00f3nica Garc\u00eda).<\/h3>\n<h3><strong>2 DE DICIEMBRE <\/strong>en la Plaza Piedra Blanca Arriba de 17:00 A 20:00 hs.<\/h3>\n<h3>-Actividades recreativas deportivas.<\/h3>\n<h3>&#8211; Correcaminata.<\/h3>\n<h3>&#8211; Charla sobre perspectiva de discapacidad (M\u00f3nica Dom\u00ednguez).<\/h3>\n<h3>-Charla turismo accesible.<\/h3>\n<h3>&#8211; karaoke.<\/h3>\n<h3>-Clase de Zumba (Julieta Galv\u00e1n).<\/h3>\n<h3>-Secretar\u00eda de Medio Ambiente (juegos, huerta, entrega de semillas y plantines).<\/h3>\n<h3><strong>3 DE DICIEMBRE <\/strong>en la \u201cVieja Estaci\u00f3n\u201d de 18:00 a 21:00 hs.<\/h3>\n<h3>Baile inclusivo con tem\u00e1tica de fiesta de disfraces. Se deber\u00e1 llevar algo para compartir y participar\u00e1n el Dj Mart\u00edn Bachatu y Clayluz.<\/h3>\n","protected":false},"excerpt":{"rendered":"<p>El Municipio de la Villa de Merlo invita a participar de una serie de propuestas&#8230;<\/p>\n","protected":false},"author":1,"featured_media":7518,"comment_status":"closed","ping_status":"closed","sticky":false,"template":"","format":"standard","meta":{"footnotes":""},"categories":[6],"tags":[],"class_list":["post-7517","post","type-post","status-publish","format-standard","has-post-thumbnail","hentry","category-ciudad-provincia"],"yoast_head":"<!-- This site is optimized with the Yoast SEO plugin v26.1.1 - https:\/\/yoast.com\/wordpress\/plugins\/seo\/ -->\n<title>ACTIVIDADES EN MERLO POR EL D\u00cdA INTERNACIONAL DE LAS PERSONAS CON DISCAPACIDAD - Apuntes de San Luis<\/title>\n<meta name=\"robots\" content=\"index, follow, max-snippet:-1, max-image-preview:large, max-video-preview:-1\" \/>\n<link rel=\"canonical\" href=\"https:\/\/apuntesdesanluis.com\/index.php\/2023\/11\/28\/actividades-en-merlo-por-el-dia-internacional-de-las-personas-con-discapacidad\/\" \/>\n<meta property=\"og:locale\" content=\"es_ES\" \/>\n<meta property=\"og:type\" content=\"article\" \/>\n<meta property=\"og:title\" content=\"ACTIVIDADES EN MERLO POR EL D\u00cdA INTERNACIONAL DE LAS PERSONAS CON DISCAPACIDAD - Apuntes de San Luis\" \/>\n<meta property=\"og:description\" content=\"El Municipio de la Villa de Merlo invita a participar de una serie de propuestas...\" \/>\n<meta property=\"og:url\" content=\"https:\/\/apuntesdesanluis.com\/index.php\/2023\/11\/28\/actividades-en-merlo-por-el-dia-internacional-de-las-personas-con-discapacidad\/\" \/>\n<meta property=\"og:site_name\" content=\"Apuntes de San Luis\" \/>\n<meta property=\"article:published_time\" content=\"2023-11-28T23:49:05+00:00\" \/>\n<meta property=\"article:modified_time\" content=\"2023-11-28T23:50:06+00:00\" \/>\n<meta property=\"og:image\" content=\"https:\/\/apuntesdesanluis.com\/wp-content\/uploads\/2023\/11\/actividades-inclusivas.jpg\" \/>\n\t<meta property=\"og:image:width\" content=\"600\" \/>\n\t<meta property=\"og:image:height\" content=\"375\" \/>\n\t<meta property=\"og:image:type\" content=\"image\/jpeg\" \/>\n<meta name=\"author\" content=\"apuntesdesanluis.com\" \/>\n<meta name=\"twitter:card\" content=\"summary_large_image\" \/>\n<meta name=\"twitter:label1\" content=\"Escrito por\" \/>\n\t<meta name=\"twitter:data1\" content=\"apuntesdesanluis.com\" \/>\n\t<meta name=\"twitter:label2\" content=\"Tiempo de lectura\" \/>\n\t<meta name=\"twitter:data2\" content=\"2 minutos\" \/>\n<script type=\"application\/ld+json\" class=\"yoast-schema-graph\">{\"@context\":\"https:\/\/schema.org\",\"@graph\":[{\"@type\":\"Article\",\"@id\":\"https:\/\/apuntesdesanluis.com\/index.php\/2023\/11\/28\/actividades-en-merlo-por-el-dia-internacional-de-las-personas-con-discapacidad\/#article\",\"isPartOf\":{\"@id\":\"https:\/\/apuntesdesanluis.com\/index.php\/2023\/11\/28\/actividades-en-merlo-por-el-dia-internacional-de-las-personas-con-discapacidad\/\"},\"author\":{\"name\":\"apuntesdesanluis.com\",\"@id\":\"https:\/\/apuntesdesanluis.com\/#\/schema\/person\/b55151d52296fcce64d1a72538a70b90\"},\"headline\":\"ACTIVIDADES EN MERLO POR EL D\u00cdA INTERNACIONAL DE LAS PERSONAS CON DISCAPACIDAD\",\"datePublished\":\"2023-11-28T23:49:05+00:00\",\"dateModified\":\"2023-11-28T23:50:06+00:00\",\"mainEntityOfPage\":{\"@id\":\"https:\/\/apuntesdesanluis.com\/index.php\/2023\/11\/28\/actividades-en-merlo-por-el-dia-internacional-de-las-personas-con-discapacidad\/\"},\"wordCount\":377,\"publisher\":{\"@id\":\"https:\/\/apuntesdesanluis.com\/#\/schema\/person\/b55151d52296fcce64d1a72538a70b90\"},\"image\":{\"@id\":\"https:\/\/apuntesdesanluis.com\/index.php\/2023\/11\/28\/actividades-en-merlo-por-el-dia-internacional-de-las-personas-con-discapacidad\/#primaryimage\"},\"thumbnailUrl\":\"https:\/\/apuntesdesanluis.com\/wp-content\/uploads\/2023\/11\/actividades-inclusivas.jpg\",\"articleSection\":[\"Ciudad\/Provincia\"],\"inLanguage\":\"es-AR\"},{\"@type\":\"WebPage\",\"@id\":\"https:\/\/apuntesdesanluis.com\/index.php\/2023\/11\/28\/actividades-en-merlo-por-el-dia-internacional-de-las-personas-con-discapacidad\/\",\"url\":\"https:\/\/apuntesdesanluis.com\/index.php\/2023\/11\/28\/actividades-en-merlo-por-el-dia-internacional-de-las-personas-con-discapacidad\/\",\"name\":\"ACTIVIDADES EN MERLO POR EL D\u00cdA INTERNACIONAL DE LAS PERSONAS CON DISCAPACIDAD - Apuntes de San Luis\",\"isPartOf\":{\"@id\":\"https:\/\/apuntesdesanluis.com\/#website\"},\"primaryImageOfPage\":{\"@id\":\"https:\/\/apuntesdesanluis.com\/index.php\/2023\/11\/28\/actividades-en-merlo-por-el-dia-internacional-de-las-personas-con-discapacidad\/#primaryimage\"},\"image\":{\"@id\":\"https:\/\/apuntesdesanluis.com\/index.php\/2023\/11\/28\/actividades-en-merlo-por-el-dia-internacional-de-las-personas-con-discapacidad\/#primaryimage\"},\"thumbnailUrl\":\"https:\/\/apuntesdesanluis.com\/wp-content\/uploads\/2023\/11\/actividades-inclusivas.jpg\",\"datePublished\":\"2023-11-28T23:49:05+00:00\",\"dateModified\":\"2023-11-28T23:50:06+00:00\",\"breadcrumb\":{\"@id\":\"https:\/\/apuntesdesanluis.com\/index.php\/2023\/11\/28\/actividades-en-merlo-por-el-dia-internacional-de-las-personas-con-discapacidad\/#breadcrumb\"},\"inLanguage\":\"es-AR\",\"potentialAction\":[{\"@type\":\"ReadAction\",\"target\":[\"https:\/\/apuntesdesanluis.com\/index.php\/2023\/11\/28\/actividades-en-merlo-por-el-dia-internacional-de-las-personas-con-discapacidad\/\"]}]},{\"@type\":\"ImageObject\",\"inLanguage\":\"es-AR\",\"@id\":\"https:\/\/apuntesdesanluis.com\/index.php\/2023\/11\/28\/actividades-en-merlo-por-el-dia-internacional-de-las-personas-con-discapacidad\/#primaryimage\",\"url\":\"https:\/\/apuntesdesanluis.com\/wp-content\/uploads\/2023\/11\/actividades-inclusivas.jpg\",\"contentUrl\":\"https:\/\/apuntesdesanluis.com\/wp-content\/uploads\/2023\/11\/actividades-inclusivas.jpg\",\"width\":600,\"height\":375},{\"@type\":\"BreadcrumbList\",\"@id\":\"https:\/\/apuntesdesanluis.com\/index.php\/2023\/11\/28\/actividades-en-merlo-por-el-dia-internacional-de-las-personas-con-discapacidad\/#breadcrumb\",\"itemListElement\":[{\"@type\":\"ListItem\",\"position\":1,\"name\":\"Inicio\",\"item\":\"https:\/\/apuntesdesanluis.com\/\"},{\"@type\":\"ListItem\",\"position\":2,\"name\":\"ACTIVIDADES EN MERLO POR EL D\u00cdA INTERNACIONAL DE LAS PERSONAS CON DISCAPACIDAD\"}]},{\"@type\":\"WebSite\",\"@id\":\"https:\/\/apuntesdesanluis.com\/#website\",\"url\":\"https:\/\/apuntesdesanluis.com\/\",\"name\":\"Apuntes de San Luis\",\"description\":\"\",\"publisher\":{\"@id\":\"https:\/\/apuntesdesanluis.com\/#\/schema\/person\/b55151d52296fcce64d1a72538a70b90\"},\"potentialAction\":[{\"@type\":\"SearchAction\",\"target\":{\"@type\":\"EntryPoint\",\"urlTemplate\":\"https:\/\/apuntesdesanluis.com\/?s={search_term_string}\"},\"query-input\":{\"@type\":\"PropertyValueSpecification\",\"valueRequired\":true,\"valueName\":\"search_term_string\"}}],\"inLanguage\":\"es-AR\"},{\"@type\":[\"Person\",\"Organization\"],\"@id\":\"https:\/\/apuntesdesanluis.com\/#\/schema\/person\/b55151d52296fcce64d1a72538a70b90\",\"name\":\"apuntesdesanluis.com\",\"image\":{\"@type\":\"ImageObject\",\"inLanguage\":\"es-AR\",\"@id\":\"https:\/\/apuntesdesanluis.com\/#\/schema\/person\/image\/\",\"url\":\"https:\/\/apuntesdesanluis.com\/wp-content\/uploads\/2023\/07\/cropped-apuntesdesanluis.png\",\"contentUrl\":\"https:\/\/apuntesdesanluis.com\/wp-content\/uploads\/2023\/07\/cropped-apuntesdesanluis.png\",\"width\":450,\"height\":112,\"caption\":\"apuntesdesanluis.com\"},\"logo\":{\"@id\":\"https:\/\/apuntesdesanluis.com\/#\/schema\/person\/image\/\"},\"sameAs\":[\"https:\/\/apuntesdesanluis.com\"],\"url\":\"https:\/\/apuntesdesanluis.com\/index.php\/author\/apuntesdesanluis-com\/\"}]}<\/script>\n<!-- \/ Yoast SEO plugin. -->","yoast_head_json":{"title":"ACTIVIDADES EN MERLO POR EL D\u00cdA INTERNACIONAL DE LAS PERSONAS CON DISCAPACIDAD - Apuntes de San Luis","robots":{"index":"index","follow":"follow","max-snippet":"max-snippet:-1","max-image-preview":"max-image-preview:large","max-video-preview":"max-video-preview:-1"},"canonical":"https:\/\/apuntesdesanluis.com\/index.php\/2023\/11\/28\/actividades-en-merlo-por-el-dia-internacional-de-las-personas-con-discapacidad\/","og_locale":"es_ES","og_type":"article","og_title":"ACTIVIDADES EN MERLO POR EL D\u00cdA INTERNACIONAL DE LAS PERSONAS CON DISCAPACIDAD - Apuntes de San Luis","og_description":"El Municipio de la Villa de Merlo invita a participar de una serie de propuestas...","og_url":"https:\/\/apuntesdesanluis.com\/index.php\/2023\/11\/28\/actividades-en-merlo-por-el-dia-internacional-de-las-personas-con-discapacidad\/","og_site_name":"Apuntes de San Luis","article_published_time":"2023-11-28T23:49:05+00:00","article_modified_time":"2023-11-28T23:50:06+00:00","og_image":[{"width":600,"height":375,"url":"https:\/\/apuntesdesanluis.com\/wp-content\/uploads\/2023\/11\/actividades-inclusivas.jpg","type":"image\/jpeg"}],"author":"apuntesdesanluis.com","twitter_card":"summary_large_image","twitter_misc":{"Escrito por":"apuntesdesanluis.com","Tiempo de lectura":"2 minutos"},"schema":{"@context":"https:\/\/schema.org","@graph":[{"@type":"Article","@id":"https:\/\/apuntesdesanluis.com\/index.php\/2023\/11\/28\/actividades-en-merlo-por-el-dia-internacional-de-las-personas-con-discapacidad\/#article","isPartOf":{"@id":"https:\/\/apuntesdesanluis.com\/index.php\/2023\/11\/28\/actividades-en-merlo-por-el-dia-internacional-de-las-personas-con-discapacidad\/"},"author":{"name":"apuntesdesanluis.com","@id":"https:\/\/apuntesdesanluis.com\/#\/schema\/person\/b55151d52296fcce64d1a72538a70b90"},"headline":"ACTIVIDADES EN MERLO POR EL D\u00cdA INTERNACIONAL DE LAS PERSONAS CON DISCAPACIDAD","datePublished":"2023-11-28T23:49:05+00:00","dateModified":"2023-11-28T23:50:06+00:00","mainEntityOfPage":{"@id":"https:\/\/apuntesdesanluis.com\/index.php\/2023\/11\/28\/actividades-en-merlo-por-el-dia-internacional-de-las-personas-con-discapacidad\/"},"wordCount":377,"publisher":{"@id":"https:\/\/apuntesdesanluis.com\/#\/schema\/person\/b55151d52296fcce64d1a72538a70b90"},"image":{"@id":"https:\/\/apuntesdesanluis.com\/index.php\/2023\/11\/28\/actividades-en-merlo-por-el-dia-internacional-de-las-personas-con-discapacidad\/#primaryimage"},"thumbnailUrl":"https:\/\/apuntesdesanluis.com\/wp-content\/uploads\/2023\/11\/actividades-inclusivas.jpg","articleSection":["Ciudad\/Provincia"],"inLanguage":"es-AR"},{"@type":"WebPage","@id":"https:\/\/apuntesdesanluis.com\/index.php\/2023\/11\/28\/actividades-en-merlo-por-el-dia-internacional-de-las-personas-con-discapacidad\/","url":"https:\/\/apuntesdesanluis.com\/index.php\/2023\/11\/28\/actividades-en-merlo-por-el-dia-internacional-de-las-personas-con-discapacidad\/","name":"ACTIVIDADES EN MERLO POR EL D\u00cdA INTERNACIONAL DE LAS PERSONAS CON DISCAPACIDAD - Apuntes de San Luis","isPartOf":{"@id":"https:\/\/apuntesdesanluis.com\/#website"},"primaryImageOfPage":{"@id":"https:\/\/apuntesdesanluis.com\/index.php\/2023\/11\/28\/actividades-en-merlo-por-el-dia-internacional-de-las-personas-con-discapacidad\/#primaryimage"},"image":{"@id":"https:\/\/apuntesdesanluis.com\/index.php\/2023\/11\/28\/actividades-en-merlo-por-el-dia-internacional-de-las-personas-con-discapacidad\/#primaryimage"},"thumbnailUrl":"https:\/\/apuntesdesanluis.com\/wp-content\/uploads\/2023\/11\/actividades-inclusivas.jpg","datePublished":"2023-11-28T23:49:05+00:00","dateModified":"2023-11-28T23:50:06+00:00","breadcrumb":{"@id":"https:\/\/apuntesdesanluis.com\/index.php\/2023\/11\/28\/actividades-en-merlo-por-el-dia-internacional-de-las-personas-con-discapacidad\/#breadcrumb"},"inLanguage":"es-AR","potentialAction":[{"@type":"ReadAction","target":["https:\/\/apuntesdesanluis.com\/index.php\/2023\/11\/28\/actividades-en-merlo-por-el-dia-internacional-de-las-personas-con-discapacidad\/"]}]},{"@type":"ImageObject","inLanguage":"es-AR","@id":"https:\/\/apuntesdesanluis.com\/index.php\/2023\/11\/28\/actividades-en-merlo-por-el-dia-internacional-de-las-personas-con-discapacidad\/#primaryimage","url":"https:\/\/apuntesdesanluis.com\/wp-content\/uploads\/2023\/11\/actividades-inclusivas.jpg","contentUrl":"https:\/\/apuntesdesanluis.com\/wp-content\/uploads\/2023\/11\/actividades-inclusivas.jpg","width":600,"height":375},{"@type":"BreadcrumbList","@id":"https:\/\/apuntesdesanluis.com\/index.php\/2023\/11\/28\/actividades-en-merlo-por-el-dia-internacional-de-las-personas-con-discapacidad\/#breadcrumb","itemListElement":[{"@type":"ListItem","position":1,"name":"Inicio","item":"https:\/\/apuntesdesanluis.com\/"},{"@type":"ListItem","position":2,"name":"ACTIVIDADES EN MERLO POR EL D\u00cdA INTERNACIONAL DE LAS PERSONAS CON DISCAPACIDAD"}]},{"@type":"WebSite","@id":"https:\/\/apuntesdesanluis.com\/#website","url":"https:\/\/apuntesdesanluis.com\/","name":"Apuntes de San Luis","description":"","publisher":{"@id":"https:\/\/apuntesdesanluis.com\/#\/schema\/person\/b55151d52296fcce64d1a72538a70b90"},"potentialAction":[{"@type":"SearchAction","target":{"@type":"EntryPoint","urlTemplate":"https:\/\/apuntesdesanluis.com\/?s={search_term_string}"},"query-input":{"@type":"PropertyValueSpecification","valueRequired":true,"valueName":"search_term_string"}}],"inLanguage":"es-AR"},{"@type":["Person","Organization"],"@id":"https:\/\/apuntesdesanluis.com\/#\/schema\/person\/b55151d52296fcce64d1a72538a70b90","name":"apuntesdesanluis.com","image":{"@type":"ImageObject","inLanguage":"es-AR","@id":"https:\/\/apuntesdesanluis.com\/#\/schema\/person\/image\/","url":"https:\/\/apuntesdesanluis.com\/wp-content\/uploads\/2023\/07\/cropped-apuntesdesanluis.png","contentUrl":"https:\/\/apuntesdesanluis.com\/wp-content\/uploads\/2023\/07\/cropped-apuntesdesanluis.png","width":450,"height":112,"caption":"apuntesdesanluis.com"},"logo":{"@id":"https:\/\/apuntesdesanluis.com\/#\/schema\/person\/image\/"},"sameAs":["https:\/\/apuntesdesanluis.com"],"url":"https:\/\/apuntesdesanluis.com\/index.php\/author\/apuntesdesanluis-com\/"}]}},"featured_image_urls":{"full":["https:\/\/apuntesdesanluis.com\/wp-content\/uploads\/2023\/11\/actividades-inclusivas.jpg",600,375,false],"thumbnail":["https:\/\/apuntesdesanluis.com\/wp-content\/uploads\/2023\/11\/actividades-inclusivas-150x150.jpg",150,150,true],"medium":["https:\/\/apuntesdesanluis.com\/wp-content\/uploads\/2023\/11\/actividades-inclusivas-300x188.jpg",300,188,true],"medium_large":["https:\/\/apuntesdesanluis.com\/wp-content\/uploads\/2023\/11\/actividades-inclusivas.jpg",600,375,false],"large":["https:\/\/apuntesdesanluis.com\/wp-content\/uploads\/2023\/11\/actividades-inclusivas.jpg",600,375,false],"1536x1536":["https:\/\/apuntesdesanluis.com\/wp-content\/uploads\/2023\/11\/actividades-inclusivas.jpg",600,375,false],"2048x2048":["https:\/\/apuntesdesanluis.com\/wp-content\/uploads\/2023\/11\/actividades-inclusivas.jpg",600,375,false],"newsever-slider-full":["https:\/\/apuntesdesanluis.com\/wp-content\/uploads\/2023\/11\/actividades-inclusivas.jpg",600,375,false],"newsever-featured":["https:\/\/apuntesdesanluis.com\/wp-content\/uploads\/2023\/11\/actividades-inclusivas.jpg",600,375,false],"newsever-medium":["https:\/\/apuntesdesanluis.com\/wp-content\/uploads\/2023\/11\/actividades-inclusivas.jpg",600,375,false]},"author_info":{"display_name":"apuntesdesanluis.com","author_link":"https:\/\/apuntesdesanluis.com\/index.php\/author\/apuntesdesanluis-com\/"},"category_info":"<a href=\"https:\/\/apuntesdesanluis.com\/index.php\/category\/ciudad-provincia\/\" rel=\"category tag\">Ciudad\/Provincia<\/a>","tag_info":"Ciudad\/Provincia","comment_count":"0","_links":{"self":[{"href":"https:\/\/apuntesdesanluis.com\/index.php\/wp-json\/wp\/v2\/posts\/7517","targetHints":{"allow":["GET"]}}],"collection":[{"href":"https:\/\/apuntesdesanluis.com\/index.php\/wp-json\/wp\/v2\/posts"}],"about":[{"href":"https:\/\/apuntesdesanluis.com\/index.php\/wp-json\/wp\/v2\/types\/post"}],"author":[{"embeddable":true,"href":"https:\/\/apuntesdesanluis.com\/index.php\/wp-json\/wp\/v2\/users\/1"}],"replies":[{"embeddable":true,"href":"https:\/\/apuntesdesanluis.com\/index.php\/wp-json\/wp\/v2\/comments?post=7517"}],"version-history":[{"count":2,"href":"https:\/\/apuntesdesanluis.com\/index.php\/wp-json\/wp\/v2\/posts\/7517\/revisions"}],"predecessor-version":[{"id":7520,"href":"https:\/\/apuntesdesanluis.com\/index.php\/wp-json\/wp\/v2\/posts\/7517\/revisions\/7520"}],"wp:featuredmedia":[{"embeddable":true,"href":"https:\/\/apuntesdesanluis.com\/index.php\/wp-json\/wp\/v2\/media\/7518"}],"wp:attachment":[{"href":"https:\/\/apuntesdesanluis.com\/index.php\/wp-json\/wp\/v2\/media?parent=7517"}],"wp:term":[{"taxonomy":"category","embeddable":true,"href":"https:\/\/apuntesdesanluis.com\/index.php\/wp-json\/wp\/v2\/categories?post=7517"},{"taxonomy":"post_tag","embeddable":true,"href":"https:\/\/apuntesdesanluis.com\/index.php\/wp-json\/wp\/v2\/tags?post=7517"}],"curies":[{"name":"wp","href":"https:\/\/api.w.org\/{rel}","templated":true}]}}