{"id":7544,"date":"2023-11-28T22:08:09","date_gmt":"2023-11-29T01:08:09","guid":{"rendered":"https:\/\/apuntesdesanluis.com\/?p=7544"},"modified":"2023-11-28T22:08:09","modified_gmt":"2023-11-29T01:08:09","slug":"milei-se-reunio-con-jack-sullivan-y-juan-gonzalez-en-la-casa-blanca-y-concluyo-su-agenda-en-ee-uu","status":"publish","type":"post","link":"https:\/\/apuntesdesanluis.com\/index.php\/2023\/11\/28\/milei-se-reunio-con-jack-sullivan-y-juan-gonzalez-en-la-casa-blanca-y-concluyo-su-agenda-en-ee-uu\/","title":{"rendered":"MILEI SE REUNI\u00d3 CON JACK SULLIVAN Y JUAN GONZ\u00c1LEZ EN LA CASA BLANCA Y CONCLUY\u00d3 SU AGENDA EN EE.UU."},"content":{"rendered":"<h3>El presidente electo, <strong>Javier Milei,<\/strong> se reuni\u00f3 en la Casa Blanca con el asesor de Seguridad Nacional, <strong>Jake Sullivan<\/strong>, y <strong>Juan Gonz\u00e1lez<\/strong>, asesor de la administraci\u00f3n dem\u00f3crata de Am\u00e9rica Latina, ambas figuras que responden al presidente de Estados Unidos, Joe Biden.<\/h3>\n<h3>En declaraciones a la salida del encuentro, Milei calific\u00f3 a la reuni\u00f3n como &#8220;excelente&#8221; y agreg\u00f3: &#8220;Estamos muy satisfechos y muy contentos con lo que ocurri\u00f3 en la reuni\u00f3n&#8221;.<\/h3>\n<h3>&#8220;Hablamos acerca de la situaci\u00f3n argentina y los desaf\u00edos que tenemos en este gobierno y cu\u00e1l es nuestra postura a nivel internacional&#8221;, detall\u00f3 el economista.<\/h3>\n<h3>El libertario fue acompa\u00f1ado por su hermana, Karina Milei; el asesor Santiago Caputo, Luis &#8220;Toto&#8221; Caputo (futuro ministro de Econom\u00eda) y Nicol\u00e1s Posse (futuro jefe de Gabinete).<\/h3>\n<h3>Mientras Milei se reun\u00eda con Sullivan y Gonz\u00e1lez, &#8220;Toto&#8221; Caputo y Posse mantuvieron su propio c\u00f3nclave con representantes del Fondo Monetario Internacional (FMI) y del Tesoro norteamericano.<\/h3>\n<h3>Milei arrib\u00f3 anoche a Washington y se aloj\u00f3 con su comitiva en el hotel Hay-Adams. Tambi\u00e9n integr\u00f3 el equipo el empresario Gerardo Werthein y el embajador de EE.UU en Argentina, Marc Stanley. Werthein suena para ser el embajador argentino en suelo estadounidense.<\/h3>\n<h3>Ayer, el mandatario electo tuvo un paso por Nueva York para visitar la tumba del rabino Menachem Mendel Schneerson, conocido como &#8220;el Rebe de Lubavitch&#8221;, y se reuni\u00f3 con el ex presidente Bill Clinton.<\/h3>\n<h3>Se esperaba que Milei emprendiera su regreso hoy mismo para Buenos Aires y retomara su agenda ma\u00f1ana mi\u00e9rcoles. A\u00fan restan definir casilleros importantes en su Gabinete nacional.<\/h3>\n<h3>Adem\u00e1s, ma\u00f1ana se realizar\u00e1 en el Congreso de la Naci\u00f3n la proclamaci\u00f3n de la f\u00f3rmula presidencial electa. Al cierre de esta nota, Noticias Argentinas pudo confirmar la presencia de la vicepresidenta electa, Victoria Villarruel. Todav\u00eda no hay precisiones sobre la eventual asestencia de Milei.<\/h3>\n<h3>El paso de Milei por la capital norteamericana y la reuni\u00f3n de Caputo y Posse no es casual. La Argentina mantiene compromisos de pago en 2024 por unos US$12.000 millones.<\/h3>\n<h3>Adem\u00e1s de desarmar las Leliqs, el cronograma con el FMI obligar\u00e1 a Milei y a su equipo de Hacienda a una renegociaci\u00f3n de la deuda.<\/h3>\n<h3><\/h3>\n<p>&nbsp;<\/p>\n<p>&nbsp;<\/p>\n<p>&nbsp;<\/p>\n","protected":false},"excerpt":{"rendered":"<p>El presidente electo, Javier Milei, se reuni\u00f3 en la Casa Blanca con el asesor de&#8230;<\/p>\n","protected":false},"author":1,"featured_media":7545,"comment_status":"closed","ping_status":"closed","sticky":false,"template":"","format":"standard","meta":{"footnotes":""},"categories":[5],"tags":[],"class_list":["post-7544","post","type-post","status-publish","format-standard","has-post-thumbnail","hentry","category-nacionales-internacionales"],"yoast_head":"<!-- This site is optimized with the Yoast SEO plugin v26.1.1 - https:\/\/yoast.com\/wordpress\/plugins\/seo\/ -->\n<title>MILEI SE REUNI\u00d3 CON JACK SULLIVAN Y JUAN GONZ\u00c1LEZ EN LA CASA BLANCA Y CONCLUY\u00d3 SU AGENDA EN EE.UU. - Apuntes de San Luis<\/title>\n<meta name=\"robots\" content=\"index, follow, max-snippet:-1, max-image-preview:large, max-video-preview:-1\" \/>\n<link rel=\"canonical\" href=\"https:\/\/apuntesdesanluis.com\/index.php\/2023\/11\/28\/milei-se-reunio-con-jack-sullivan-y-juan-gonzalez-en-la-casa-blanca-y-concluyo-su-agenda-en-ee-uu\/\" \/>\n<meta property=\"og:locale\" content=\"es_ES\" \/>\n<meta property=\"og:type\" content=\"article\" \/>\n<meta property=\"og:title\" content=\"MILEI SE REUNI\u00d3 CON JACK SULLIVAN Y JUAN GONZ\u00c1LEZ EN LA CASA BLANCA Y CONCLUY\u00d3 SU AGENDA EN EE.UU. - Apuntes de San Luis\" \/>\n<meta property=\"og:description\" content=\"El presidente electo, Javier Milei, se reuni\u00f3 en la Casa Blanca con el asesor de...\" \/>\n<meta property=\"og:url\" content=\"https:\/\/apuntesdesanluis.com\/index.php\/2023\/11\/28\/milei-se-reunio-con-jack-sullivan-y-juan-gonzalez-en-la-casa-blanca-y-concluyo-su-agenda-en-ee-uu\/\" \/>\n<meta property=\"og:site_name\" content=\"Apuntes de San Luis\" \/>\n<meta property=\"article:published_time\" content=\"2023-11-29T01:08:09+00:00\" \/>\n<meta property=\"og:image\" content=\"https:\/\/apuntesdesanluis.com\/wp-content\/uploads\/2023\/11\/funcionarios-con-milei.png\" \/>\n\t<meta property=\"og:image:width\" content=\"600\" \/>\n\t<meta property=\"og:image:height\" content=\"416\" \/>\n\t<meta property=\"og:image:type\" content=\"image\/png\" \/>\n<meta name=\"author\" content=\"apuntesdesanluis.com\" \/>\n<meta name=\"twitter:card\" content=\"summary_large_image\" \/>\n<meta name=\"twitter:label1\" content=\"Escrito por\" \/>\n\t<meta name=\"twitter:data1\" content=\"apuntesdesanluis.com\" \/>\n\t<meta name=\"twitter:label2\" content=\"Tiempo de lectura\" \/>\n\t<meta name=\"twitter:data2\" content=\"2 minutos\" \/>\n<script type=\"application\/ld+json\" class=\"yoast-schema-graph\">{\"@context\":\"https:\/\/schema.org\",\"@graph\":[{\"@type\":\"Article\",\"@id\":\"https:\/\/apuntesdesanluis.com\/index.php\/2023\/11\/28\/milei-se-reunio-con-jack-sullivan-y-juan-gonzalez-en-la-casa-blanca-y-concluyo-su-agenda-en-ee-uu\/#article\",\"isPartOf\":{\"@id\":\"https:\/\/apuntesdesanluis.com\/index.php\/2023\/11\/28\/milei-se-reunio-con-jack-sullivan-y-juan-gonzalez-en-la-casa-blanca-y-concluyo-su-agenda-en-ee-uu\/\"},\"author\":{\"name\":\"apuntesdesanluis.com\",\"@id\":\"https:\/\/apuntesdesanluis.com\/#\/schema\/person\/b55151d52296fcce64d1a72538a70b90\"},\"headline\":\"MILEI SE REUNI\u00d3 CON JACK SULLIVAN Y JUAN GONZ\u00c1LEZ EN LA CASA BLANCA Y CONCLUY\u00d3 SU AGENDA EN EE.UU.\",\"datePublished\":\"2023-11-29T01:08:09+00:00\",\"mainEntityOfPage\":{\"@id\":\"https:\/\/apuntesdesanluis.com\/index.php\/2023\/11\/28\/milei-se-reunio-con-jack-sullivan-y-juan-gonzalez-en-la-casa-blanca-y-concluyo-su-agenda-en-ee-uu\/\"},\"wordCount\":403,\"publisher\":{\"@id\":\"https:\/\/apuntesdesanluis.com\/#\/schema\/person\/b55151d52296fcce64d1a72538a70b90\"},\"image\":{\"@id\":\"https:\/\/apuntesdesanluis.com\/index.php\/2023\/11\/28\/milei-se-reunio-con-jack-sullivan-y-juan-gonzalez-en-la-casa-blanca-y-concluyo-su-agenda-en-ee-uu\/#primaryimage\"},\"thumbnailUrl\":\"https:\/\/apuntesdesanluis.com\/wp-content\/uploads\/2023\/11\/funcionarios-con-milei.png\",\"articleSection\":[\"Nacionales\/Internacionales\"],\"inLanguage\":\"es-AR\"},{\"@type\":\"WebPage\",\"@id\":\"https:\/\/apuntesdesanluis.com\/index.php\/2023\/11\/28\/milei-se-reunio-con-jack-sullivan-y-juan-gonzalez-en-la-casa-blanca-y-concluyo-su-agenda-en-ee-uu\/\",\"url\":\"https:\/\/apuntesdesanluis.com\/index.php\/2023\/11\/28\/milei-se-reunio-con-jack-sullivan-y-juan-gonzalez-en-la-casa-blanca-y-concluyo-su-agenda-en-ee-uu\/\",\"name\":\"MILEI SE REUNI\u00d3 CON JACK SULLIVAN Y JUAN GONZ\u00c1LEZ EN LA CASA BLANCA Y CONCLUY\u00d3 SU AGENDA EN EE.UU. - Apuntes de San Luis\",\"isPartOf\":{\"@id\":\"https:\/\/apuntesdesanluis.com\/#website\"},\"primaryImageOfPage\":{\"@id\":\"https:\/\/apuntesdesanluis.com\/index.php\/2023\/11\/28\/milei-se-reunio-con-jack-sullivan-y-juan-gonzalez-en-la-casa-blanca-y-concluyo-su-agenda-en-ee-uu\/#primaryimage\"},\"image\":{\"@id\":\"https:\/\/apuntesdesanluis.com\/index.php\/2023\/11\/28\/milei-se-reunio-con-jack-sullivan-y-juan-gonzalez-en-la-casa-blanca-y-concluyo-su-agenda-en-ee-uu\/#primaryimage\"},\"thumbnailUrl\":\"https:\/\/apuntesdesanluis.com\/wp-content\/uploads\/2023\/11\/funcionarios-con-milei.png\",\"datePublished\":\"2023-11-29T01:08:09+00:00\",\"breadcrumb\":{\"@id\":\"https:\/\/apuntesdesanluis.com\/index.php\/2023\/11\/28\/milei-se-reunio-con-jack-sullivan-y-juan-gonzalez-en-la-casa-blanca-y-concluyo-su-agenda-en-ee-uu\/#breadcrumb\"},\"inLanguage\":\"es-AR\",\"potentialAction\":[{\"@type\":\"ReadAction\",\"target\":[\"https:\/\/apuntesdesanluis.com\/index.php\/2023\/11\/28\/milei-se-reunio-con-jack-sullivan-y-juan-gonzalez-en-la-casa-blanca-y-concluyo-su-agenda-en-ee-uu\/\"]}]},{\"@type\":\"ImageObject\",\"inLanguage\":\"es-AR\",\"@id\":\"https:\/\/apuntesdesanluis.com\/index.php\/2023\/11\/28\/milei-se-reunio-con-jack-sullivan-y-juan-gonzalez-en-la-casa-blanca-y-concluyo-su-agenda-en-ee-uu\/#primaryimage\",\"url\":\"https:\/\/apuntesdesanluis.com\/wp-content\/uploads\/2023\/11\/funcionarios-con-milei.png\",\"contentUrl\":\"https:\/\/apuntesdesanluis.com\/wp-content\/uploads\/2023\/11\/funcionarios-con-milei.png\",\"width\":600,\"height\":416},{\"@type\":\"BreadcrumbList\",\"@id\":\"https:\/\/apuntesdesanluis.com\/index.php\/2023\/11\/28\/milei-se-reunio-con-jack-sullivan-y-juan-gonzalez-en-la-casa-blanca-y-concluyo-su-agenda-en-ee-uu\/#breadcrumb\",\"itemListElement\":[{\"@type\":\"ListItem\",\"position\":1,\"name\":\"Inicio\",\"item\":\"https:\/\/apuntesdesanluis.com\/\"},{\"@type\":\"ListItem\",\"position\":2,\"name\":\"MILEI SE REUNI\u00d3 CON JACK SULLIVAN Y JUAN GONZ\u00c1LEZ EN LA CASA BLANCA Y CONCLUY\u00d3 SU AGENDA EN EE.UU.\"}]},{\"@type\":\"WebSite\",\"@id\":\"https:\/\/apuntesdesanluis.com\/#website\",\"url\":\"https:\/\/apuntesdesanluis.com\/\",\"name\":\"Apuntes de San Luis\",\"description\":\"\",\"publisher\":{\"@id\":\"https:\/\/apuntesdesanluis.com\/#\/schema\/person\/b55151d52296fcce64d1a72538a70b90\"},\"potentialAction\":[{\"@type\":\"SearchAction\",\"target\":{\"@type\":\"EntryPoint\",\"urlTemplate\":\"https:\/\/apuntesdesanluis.com\/?s={search_term_string}\"},\"query-input\":{\"@type\":\"PropertyValueSpecification\",\"valueRequired\":true,\"valueName\":\"search_term_string\"}}],\"inLanguage\":\"es-AR\"},{\"@type\":[\"Person\",\"Organization\"],\"@id\":\"https:\/\/apuntesdesanluis.com\/#\/schema\/person\/b55151d52296fcce64d1a72538a70b90\",\"name\":\"apuntesdesanluis.com\",\"image\":{\"@type\":\"ImageObject\",\"inLanguage\":\"es-AR\",\"@id\":\"https:\/\/apuntesdesanluis.com\/#\/schema\/person\/image\/\",\"url\":\"https:\/\/apuntesdesanluis.com\/wp-content\/uploads\/2023\/07\/cropped-apuntesdesanluis.png\",\"contentUrl\":\"https:\/\/apuntesdesanluis.com\/wp-content\/uploads\/2023\/07\/cropped-apuntesdesanluis.png\",\"width\":450,\"height\":112,\"caption\":\"apuntesdesanluis.com\"},\"logo\":{\"@id\":\"https:\/\/apuntesdesanluis.com\/#\/schema\/person\/image\/\"},\"sameAs\":[\"https:\/\/apuntesdesanluis.com\"],\"url\":\"https:\/\/apuntesdesanluis.com\/index.php\/author\/apuntesdesanluis-com\/\"}]}<\/script>\n<!-- \/ Yoast SEO plugin. -->","yoast_head_json":{"title":"MILEI SE REUNI\u00d3 CON JACK SULLIVAN Y JUAN GONZ\u00c1LEZ EN LA CASA BLANCA Y CONCLUY\u00d3 SU AGENDA EN EE.UU. - Apuntes de San Luis","robots":{"index":"index","follow":"follow","max-snippet":"max-snippet:-1","max-image-preview":"max-image-preview:large","max-video-preview":"max-video-preview:-1"},"canonical":"https:\/\/apuntesdesanluis.com\/index.php\/2023\/11\/28\/milei-se-reunio-con-jack-sullivan-y-juan-gonzalez-en-la-casa-blanca-y-concluyo-su-agenda-en-ee-uu\/","og_locale":"es_ES","og_type":"article","og_title":"MILEI SE REUNI\u00d3 CON JACK SULLIVAN Y JUAN GONZ\u00c1LEZ EN LA CASA BLANCA Y CONCLUY\u00d3 SU AGENDA EN EE.UU. - Apuntes de San Luis","og_description":"El presidente electo, Javier Milei, se reuni\u00f3 en la Casa Blanca con el asesor de...","og_url":"https:\/\/apuntesdesanluis.com\/index.php\/2023\/11\/28\/milei-se-reunio-con-jack-sullivan-y-juan-gonzalez-en-la-casa-blanca-y-concluyo-su-agenda-en-ee-uu\/","og_site_name":"Apuntes de San Luis","article_published_time":"2023-11-29T01:08:09+00:00","og_image":[{"width":600,"height":416,"url":"https:\/\/apuntesdesanluis.com\/wp-content\/uploads\/2023\/11\/funcionarios-con-milei.png","type":"image\/png"}],"author":"apuntesdesanluis.com","twitter_card":"summary_large_image","twitter_misc":{"Escrito por":"apuntesdesanluis.com","Tiempo de lectura":"2 minutos"},"schema":{"@context":"https:\/\/schema.org","@graph":[{"@type":"Article","@id":"https:\/\/apuntesdesanluis.com\/index.php\/2023\/11\/28\/milei-se-reunio-con-jack-sullivan-y-juan-gonzalez-en-la-casa-blanca-y-concluyo-su-agenda-en-ee-uu\/#article","isPartOf":{"@id":"https:\/\/apuntesdesanluis.com\/index.php\/2023\/11\/28\/milei-se-reunio-con-jack-sullivan-y-juan-gonzalez-en-la-casa-blanca-y-concluyo-su-agenda-en-ee-uu\/"},"author":{"name":"apuntesdesanluis.com","@id":"https:\/\/apuntesdesanluis.com\/#\/schema\/person\/b55151d52296fcce64d1a72538a70b90"},"headline":"MILEI SE REUNI\u00d3 CON JACK SULLIVAN Y JUAN GONZ\u00c1LEZ EN LA CASA BLANCA Y CONCLUY\u00d3 SU AGENDA EN EE.UU.","datePublished":"2023-11-29T01:08:09+00:00","mainEntityOfPage":{"@id":"https:\/\/apuntesdesanluis.com\/index.php\/2023\/11\/28\/milei-se-reunio-con-jack-sullivan-y-juan-gonzalez-en-la-casa-blanca-y-concluyo-su-agenda-en-ee-uu\/"},"wordCount":403,"publisher":{"@id":"https:\/\/apuntesdesanluis.com\/#\/schema\/person\/b55151d52296fcce64d1a72538a70b90"},"image":{"@id":"https:\/\/apuntesdesanluis.com\/index.php\/2023\/11\/28\/milei-se-reunio-con-jack-sullivan-y-juan-gonzalez-en-la-casa-blanca-y-concluyo-su-agenda-en-ee-uu\/#primaryimage"},"thumbnailUrl":"https:\/\/apuntesdesanluis.com\/wp-content\/uploads\/2023\/11\/funcionarios-con-milei.png","articleSection":["Nacionales\/Internacionales"],"inLanguage":"es-AR"},{"@type":"WebPage","@id":"https:\/\/apuntesdesanluis.com\/index.php\/2023\/11\/28\/milei-se-reunio-con-jack-sullivan-y-juan-gonzalez-en-la-casa-blanca-y-concluyo-su-agenda-en-ee-uu\/","url":"https:\/\/apuntesdesanluis.com\/index.php\/2023\/11\/28\/milei-se-reunio-con-jack-sullivan-y-juan-gonzalez-en-la-casa-blanca-y-concluyo-su-agenda-en-ee-uu\/","name":"MILEI SE REUNI\u00d3 CON JACK SULLIVAN Y JUAN GONZ\u00c1LEZ EN LA CASA BLANCA Y CONCLUY\u00d3 SU AGENDA EN EE.UU. - Apuntes de San Luis","isPartOf":{"@id":"https:\/\/apuntesdesanluis.com\/#website"},"primaryImageOfPage":{"@id":"https:\/\/apuntesdesanluis.com\/index.php\/2023\/11\/28\/milei-se-reunio-con-jack-sullivan-y-juan-gonzalez-en-la-casa-blanca-y-concluyo-su-agenda-en-ee-uu\/#primaryimage"},"image":{"@id":"https:\/\/apuntesdesanluis.com\/index.php\/2023\/11\/28\/milei-se-reunio-con-jack-sullivan-y-juan-gonzalez-en-la-casa-blanca-y-concluyo-su-agenda-en-ee-uu\/#primaryimage"},"thumbnailUrl":"https:\/\/apuntesdesanluis.com\/wp-content\/uploads\/2023\/11\/funcionarios-con-milei.png","datePublished":"2023-11-29T01:08:09+00:00","breadcrumb":{"@id":"https:\/\/apuntesdesanluis.com\/index.php\/2023\/11\/28\/milei-se-reunio-con-jack-sullivan-y-juan-gonzalez-en-la-casa-blanca-y-concluyo-su-agenda-en-ee-uu\/#breadcrumb"},"inLanguage":"es-AR","potentialAction":[{"@type":"ReadAction","target":["https:\/\/apuntesdesanluis.com\/index.php\/2023\/11\/28\/milei-se-reunio-con-jack-sullivan-y-juan-gonzalez-en-la-casa-blanca-y-concluyo-su-agenda-en-ee-uu\/"]}]},{"@type":"ImageObject","inLanguage":"es-AR","@id":"https:\/\/apuntesdesanluis.com\/index.php\/2023\/11\/28\/milei-se-reunio-con-jack-sullivan-y-juan-gonzalez-en-la-casa-blanca-y-concluyo-su-agenda-en-ee-uu\/#primaryimage","url":"https:\/\/apuntesdesanluis.com\/wp-content\/uploads\/2023\/11\/funcionarios-con-milei.png","contentUrl":"https:\/\/apuntesdesanluis.com\/wp-content\/uploads\/2023\/11\/funcionarios-con-milei.png","width":600,"height":416},{"@type":"BreadcrumbList","@id":"https:\/\/apuntesdesanluis.com\/index.php\/2023\/11\/28\/milei-se-reunio-con-jack-sullivan-y-juan-gonzalez-en-la-casa-blanca-y-concluyo-su-agenda-en-ee-uu\/#breadcrumb","itemListElement":[{"@type":"ListItem","position":1,"name":"Inicio","item":"https:\/\/apuntesdesanluis.com\/"},{"@type":"ListItem","position":2,"name":"MILEI SE REUNI\u00d3 CON JACK SULLIVAN Y JUAN GONZ\u00c1LEZ EN LA CASA BLANCA Y CONCLUY\u00d3 SU AGENDA EN EE.UU."}]},{"@type":"WebSite","@id":"https:\/\/apuntesdesanluis.com\/#website","url":"https:\/\/apuntesdesanluis.com\/","name":"Apuntes de San Luis","description":"","publisher":{"@id":"https:\/\/apuntesdesanluis.com\/#\/schema\/person\/b55151d52296fcce64d1a72538a70b90"},"potentialAction":[{"@type":"SearchAction","target":{"@type":"EntryPoint","urlTemplate":"https:\/\/apuntesdesanluis.com\/?s={search_term_string}"},"query-input":{"@type":"PropertyValueSpecification","valueRequired":true,"valueName":"search_term_string"}}],"inLanguage":"es-AR"},{"@type":["Person","Organization"],"@id":"https:\/\/apuntesdesanluis.com\/#\/schema\/person\/b55151d52296fcce64d1a72538a70b90","name":"apuntesdesanluis.com","image":{"@type":"ImageObject","inLanguage":"es-AR","@id":"https:\/\/apuntesdesanluis.com\/#\/schema\/person\/image\/","url":"https:\/\/apuntesdesanluis.com\/wp-content\/uploads\/2023\/07\/cropped-apuntesdesanluis.png","contentUrl":"https:\/\/apuntesdesanluis.com\/wp-content\/uploads\/2023\/07\/cropped-apuntesdesanluis.png","width":450,"height":112,"caption":"apuntesdesanluis.com"},"logo":{"@id":"https:\/\/apuntesdesanluis.com\/#\/schema\/person\/image\/"},"sameAs":["https:\/\/apuntesdesanluis.com"],"url":"https:\/\/apuntesdesanluis.com\/index.php\/author\/apuntesdesanluis-com\/"}]}},"featured_image_urls":{"full":["https:\/\/apuntesdesanluis.com\/wp-content\/uploads\/2023\/11\/funcionarios-con-milei.png",600,416,false],"thumbnail":["https:\/\/apuntesdesanluis.com\/wp-content\/uploads\/2023\/11\/funcionarios-con-milei-150x150.png",150,150,true],"medium":["https:\/\/apuntesdesanluis.com\/wp-content\/uploads\/2023\/11\/funcionarios-con-milei-300x208.png",300,208,true],"medium_large":["https:\/\/apuntesdesanluis.com\/wp-content\/uploads\/2023\/11\/funcionarios-con-milei.png",600,416,false],"large":["https:\/\/apuntesdesanluis.com\/wp-content\/uploads\/2023\/11\/funcionarios-con-milei.png",600,416,false],"1536x1536":["https:\/\/apuntesdesanluis.com\/wp-content\/uploads\/2023\/11\/funcionarios-con-milei.png",600,416,false],"2048x2048":["https:\/\/apuntesdesanluis.com\/wp-content\/uploads\/2023\/11\/funcionarios-con-milei.png",600,416,false],"newsever-slider-full":["https:\/\/apuntesdesanluis.com\/wp-content\/uploads\/2023\/11\/funcionarios-con-milei.png",600,416,false],"newsever-featured":["https:\/\/apuntesdesanluis.com\/wp-content\/uploads\/2023\/11\/funcionarios-con-milei.png",600,416,false],"newsever-medium":["https:\/\/apuntesdesanluis.com\/wp-content\/uploads\/2023\/11\/funcionarios-con-milei.png",600,416,false]},"author_info":{"display_name":"apuntesdesanluis.com","author_link":"https:\/\/apuntesdesanluis.com\/index.php\/author\/apuntesdesanluis-com\/"},"category_info":"<a href=\"https:\/\/apuntesdesanluis.com\/index.php\/category\/nacionales-internacionales\/\" rel=\"category tag\">Nacionales\/Internacionales<\/a>","tag_info":"Nacionales\/Internacionales","comment_count":"0","_links":{"self":[{"href":"https:\/\/apuntesdesanluis.com\/index.php\/wp-json\/wp\/v2\/posts\/7544","targetHints":{"allow":["GET"]}}],"collection":[{"href":"https:\/\/apuntesdesanluis.com\/index.php\/wp-json\/wp\/v2\/posts"}],"about":[{"href":"https:\/\/apuntesdesanluis.com\/index.php\/wp-json\/wp\/v2\/types\/post"}],"author":[{"embeddable":true,"href":"https:\/\/apuntesdesanluis.com\/index.php\/wp-json\/wp\/v2\/users\/1"}],"replies":[{"embeddable":true,"href":"https:\/\/apuntesdesanluis.com\/index.php\/wp-json\/wp\/v2\/comments?post=7544"}],"version-history":[{"count":1,"href":"https:\/\/apuntesdesanluis.com\/index.php\/wp-json\/wp\/v2\/posts\/7544\/revisions"}],"predecessor-version":[{"id":7546,"href":"https:\/\/apuntesdesanluis.com\/index.php\/wp-json\/wp\/v2\/posts\/7544\/revisions\/7546"}],"wp:featuredmedia":[{"embeddable":true,"href":"https:\/\/apuntesdesanluis.com\/index.php\/wp-json\/wp\/v2\/media\/7545"}],"wp:attachment":[{"href":"https:\/\/apuntesdesanluis.com\/index.php\/wp-json\/wp\/v2\/media?parent=7544"}],"wp:term":[{"taxonomy":"category","embeddable":true,"href":"https:\/\/apuntesdesanluis.com\/index.php\/wp-json\/wp\/v2\/categories?post=7544"},{"taxonomy":"post_tag","embeddable":true,"href":"https:\/\/apuntesdesanluis.com\/index.php\/wp-json\/wp\/v2\/tags?post=7544"}],"curies":[{"name":"wp","href":"https:\/\/api.w.org\/{rel}","templated":true}]}}