{"id":7551,"date":"2023-11-28T22:22:58","date_gmt":"2023-11-29T01:22:58","guid":{"rendered":"https:\/\/apuntesdesanluis.com\/?p=7551"},"modified":"2023-11-29T00:44:34","modified_gmt":"2023-11-29T03:44:34","slug":"milei-viajo-a-estados-unidos-en-un-avion-privado-pagado-por-werthein","status":"publish","type":"post","link":"https:\/\/apuntesdesanluis.com\/index.php\/2023\/11\/28\/milei-viajo-a-estados-unidos-en-un-avion-privado-pagado-por-werthein\/","title":{"rendered":"MILEI VIAJ\u00d3 A ESTADOS UNIDOS EN UN AVI\u00d3N PRIVADO PAGADO POR WERTHEIN"},"content":{"rendered":"<h3><strong>Javier Milei<\/strong> viaj\u00f3 a Estados Unidos en un avi\u00f3n privado que habr\u00eda &#8220;facilitado&#8221; el empresario <strong>Gerardo Werthein<\/strong>, mencionado como el futuro embajador argentino en Estados Unidos.<\/h3>\n<h3>El presidente electo viaj\u00f3 el domingo por la noche en un avi\u00f3n Gulfstream GV de la empresa <strong>Bairefly<\/strong>, una compa\u00f1\u00eda que suele ser utilizada por el mundo de la pol\u00edtica.<\/h3>\n<h3>Seg\u00fan los trascendidos, el costo del vuelo a Estados Unidos oscila entre los <strong>230 mil y 250 mil d\u00f3lares<\/strong>. Los gastos del viaje habr\u00edan estado a cargo de <strong>Werthein<\/strong>, se\u00f1alado junto a <strong>Paolo Rocca de Techint<\/strong> como uno de los mayores aportantes a la campa\u00f1a del libertario.<\/h3>\n<h3>El Gulfstream GV que hab\u00eda pagado Werthein es un lujoso avi\u00f3n de largo alcance con capacidad para 14 pasajeros y asientos convertibles en camas. Adem\u00e1s de Milei y Werthein, viajaron Luis &#8220;Toto&#8221; Caputo, Nicol\u00e1s Posse, Karina Milei y Marc Stanley.<\/h3>\n<h3>El viaje en avi\u00f3n privado de Milei gener\u00f3 pol\u00e9mica en redes sociales y cr\u00edticas de muchos usuarios que remarcaron que se trata de un mensaje bastante contradictorio con su discurso anticasta y de ir en contra de los privilegios de la pol\u00edtica.<\/h3>\n<h3>Pero adem\u00e1s abre grandes interrogantes sobre pr\u00f3ximas incompatibilidades que podr\u00edan derivar en causas judiciales porque Werthein.<\/h3>\n<h3>Werthein es un empresario muy poderoso con intereses de todo tipo, en el sector financiero, de las telecomunicaciones, la construcci\u00f3n y los seguros, entre varios m\u00e1s. Respecto al presunto rol que podr\u00eda asumir como embajador en Estados Unidos tambi\u00e9n se abren dudas sobre si continuar\u00e1 en sus empresas.<\/h3>\n<p><img fetchpriority=\"high\" decoding=\"async\" class=\"wp-image-7555 aligncenter\" src=\"https:\/\/apuntesdesanluis.com\/wp-content\/uploads\/2023\/11\/whertein-300x185.png\" alt=\"\" width=\"861\" height=\"531\" srcset=\"https:\/\/apuntesdesanluis.com\/wp-content\/uploads\/2023\/11\/whertein-300x185.png 300w, https:\/\/apuntesdesanluis.com\/wp-content\/uploads\/2023\/11\/whertein-1024x630.png 1024w, https:\/\/apuntesdesanluis.com\/wp-content\/uploads\/2023\/11\/whertein.png 1039w\" sizes=\"(max-width: 861px) 100vw, 861px\" \/><\/p>\n<h4 style=\"text-align: center;\"><em>Gerardo Werthein, mencionado como el futuro embajador argentino en Estados Unidos.<\/em><\/h4>\n<h3>Algo similar a lo que pasa con Eduardo Eurnekian que mantiene un lazo de a\u00f1os de trabajo con Milei y se observa como la fuerza preponderante del nuevo gobierno que adem\u00e1s del propio presidente suma a otros tres empleados suyos en puestos claves: Nicol\u00e1s Posse en la jefatura de Gabinete, Guillermo Francos en el ministerio del Interior y Mariano C\u00faneo Libarona como ministro de Justicia.<\/h3>\n<h3>A Werthein, Eurnekian y Paolo Rocca se los menciona como los grandes sponsor privados de la campa\u00f1a de Milei.<\/h3>\n<h3>La posibilidad de incompatibilidades ya hab\u00eda generado inconvenientes con la designaci\u00f3n de Luis Caputo, por las causas que arrastra desde su gesti\u00f3n durante el macrismo. Como cont\u00f3 LPO,\u00a0 la esposa de Caputo, Ximena Ruiz Hanglin, se llev\u00f3 varios dolores de cabeza cuando fue procesada en una causa por compra de d\u00f3lar futuro a trav\u00e9s del Fondo de Inversiones Axis que era propiedad de su marido con quien compart\u00edan la cuenta.<\/h3>\n<h3>En ese entonces, se investig\u00f3 al matrimonio por la adquisici\u00f3n de d\u00f3lar futuro que luego de la devaluaci\u00f3n decretada por el propio Caputo le report\u00f3 ganancias por m\u00e1s de 30 millones de pesos. Sin embargo, el futuro ministro de Econom\u00eda y su esposa fueron sobrese\u00eddos porque la justicia entendi\u00f3 que no hubo fraude en la compra de divisas.<\/h3>\n<h3>Sin embargo, antes de aceptar el cargo, Caputo repiti\u00f3 por todos lados que &#8220;si asumo como ministro mi mujer me mata&#8221;. Ahora el riesgo de nuevas causas est\u00e1 latente, Axis est\u00e1 entre los fondos que se menciona como posibles integrantes de un pool que le preste plata a la Argentina para rescatar las leliqs, aunque por la mala imagen que Caputo dej\u00f3 en Wall Street, la jugada no est\u00e1 f\u00e1cil. (LPO)<\/h3>\n<p>&nbsp;<\/p>\n<p>&nbsp;<\/p>\n<p>&nbsp;<\/p>\n","protected":false},"excerpt":{"rendered":"<p>Javier Milei viaj\u00f3 a Estados Unidos en un avi\u00f3n privado que habr\u00eda &#8220;facilitado&#8221; el empresario&#8230;<\/p>\n","protected":false},"author":1,"featured_media":7552,"comment_status":"closed","ping_status":"closed","sticky":false,"template":"","format":"standard","meta":{"footnotes":""},"categories":[5],"tags":[],"class_list":["post-7551","post","type-post","status-publish","format-standard","has-post-thumbnail","hentry","category-nacionales-internacionales"],"yoast_head":"<!-- This site is optimized with the Yoast SEO plugin v26.1.1 - https:\/\/yoast.com\/wordpress\/plugins\/seo\/ -->\n<title>MILEI VIAJ\u00d3 A ESTADOS UNIDOS EN UN AVI\u00d3N PRIVADO PAGADO POR WERTHEIN - Apuntes de San Luis<\/title>\n<meta name=\"robots\" content=\"index, follow, max-snippet:-1, max-image-preview:large, max-video-preview:-1\" \/>\n<link rel=\"canonical\" href=\"https:\/\/apuntesdesanluis.com\/index.php\/2023\/11\/28\/milei-viajo-a-estados-unidos-en-un-avion-privado-pagado-por-werthein\/\" \/>\n<meta property=\"og:locale\" content=\"es_ES\" \/>\n<meta property=\"og:type\" content=\"article\" \/>\n<meta property=\"og:title\" content=\"MILEI VIAJ\u00d3 A ESTADOS UNIDOS EN UN AVI\u00d3N PRIVADO PAGADO POR WERTHEIN - Apuntes de San Luis\" \/>\n<meta property=\"og:description\" content=\"Javier Milei viaj\u00f3 a Estados Unidos en un avi\u00f3n privado que habr\u00eda &#8220;facilitado&#8221; el empresario...\" \/>\n<meta property=\"og:url\" content=\"https:\/\/apuntesdesanluis.com\/index.php\/2023\/11\/28\/milei-viajo-a-estados-unidos-en-un-avion-privado-pagado-por-werthein\/\" \/>\n<meta property=\"og:site_name\" content=\"Apuntes de San Luis\" \/>\n<meta property=\"article:published_time\" content=\"2023-11-29T01:22:58+00:00\" \/>\n<meta property=\"article:modified_time\" content=\"2023-11-29T03:44:34+00:00\" \/>\n<meta property=\"og:image\" content=\"https:\/\/apuntesdesanluis.com\/wp-content\/uploads\/2023\/11\/avion.jpg\" \/>\n\t<meta property=\"og:image:width\" content=\"700\" \/>\n\t<meta property=\"og:image:height\" content=\"393\" \/>\n\t<meta property=\"og:image:type\" content=\"image\/jpeg\" \/>\n<meta name=\"author\" content=\"apuntesdesanluis.com\" \/>\n<meta name=\"twitter:card\" content=\"summary_large_image\" \/>\n<meta name=\"twitter:label1\" content=\"Escrito por\" \/>\n\t<meta name=\"twitter:data1\" content=\"apuntesdesanluis.com\" \/>\n\t<meta name=\"twitter:label2\" content=\"Tiempo de lectura\" \/>\n\t<meta name=\"twitter:data2\" content=\"3 minutos\" \/>\n<script type=\"application\/ld+json\" class=\"yoast-schema-graph\">{\"@context\":\"https:\/\/schema.org\",\"@graph\":[{\"@type\":\"Article\",\"@id\":\"https:\/\/apuntesdesanluis.com\/index.php\/2023\/11\/28\/milei-viajo-a-estados-unidos-en-un-avion-privado-pagado-por-werthein\/#article\",\"isPartOf\":{\"@id\":\"https:\/\/apuntesdesanluis.com\/index.php\/2023\/11\/28\/milei-viajo-a-estados-unidos-en-un-avion-privado-pagado-por-werthein\/\"},\"author\":{\"name\":\"apuntesdesanluis.com\",\"@id\":\"https:\/\/apuntesdesanluis.com\/#\/schema\/person\/b55151d52296fcce64d1a72538a70b90\"},\"headline\":\"MILEI VIAJ\u00d3 A ESTADOS UNIDOS EN UN AVI\u00d3N PRIVADO PAGADO POR WERTHEIN\",\"datePublished\":\"2023-11-29T01:22:58+00:00\",\"dateModified\":\"2023-11-29T03:44:34+00:00\",\"mainEntityOfPage\":{\"@id\":\"https:\/\/apuntesdesanluis.com\/index.php\/2023\/11\/28\/milei-viajo-a-estados-unidos-en-un-avion-privado-pagado-por-werthein\/\"},\"wordCount\":598,\"publisher\":{\"@id\":\"https:\/\/apuntesdesanluis.com\/#\/schema\/person\/b55151d52296fcce64d1a72538a70b90\"},\"image\":{\"@id\":\"https:\/\/apuntesdesanluis.com\/index.php\/2023\/11\/28\/milei-viajo-a-estados-unidos-en-un-avion-privado-pagado-por-werthein\/#primaryimage\"},\"thumbnailUrl\":\"https:\/\/apuntesdesanluis.com\/wp-content\/uploads\/2023\/11\/avion.jpg\",\"articleSection\":[\"Nacionales\/Internacionales\"],\"inLanguage\":\"es-AR\"},{\"@type\":\"WebPage\",\"@id\":\"https:\/\/apuntesdesanluis.com\/index.php\/2023\/11\/28\/milei-viajo-a-estados-unidos-en-un-avion-privado-pagado-por-werthein\/\",\"url\":\"https:\/\/apuntesdesanluis.com\/index.php\/2023\/11\/28\/milei-viajo-a-estados-unidos-en-un-avion-privado-pagado-por-werthein\/\",\"name\":\"MILEI VIAJ\u00d3 A ESTADOS UNIDOS EN UN AVI\u00d3N PRIVADO PAGADO POR WERTHEIN - Apuntes de San Luis\",\"isPartOf\":{\"@id\":\"https:\/\/apuntesdesanluis.com\/#website\"},\"primaryImageOfPage\":{\"@id\":\"https:\/\/apuntesdesanluis.com\/index.php\/2023\/11\/28\/milei-viajo-a-estados-unidos-en-un-avion-privado-pagado-por-werthein\/#primaryimage\"},\"image\":{\"@id\":\"https:\/\/apuntesdesanluis.com\/index.php\/2023\/11\/28\/milei-viajo-a-estados-unidos-en-un-avion-privado-pagado-por-werthein\/#primaryimage\"},\"thumbnailUrl\":\"https:\/\/apuntesdesanluis.com\/wp-content\/uploads\/2023\/11\/avion.jpg\",\"datePublished\":\"2023-11-29T01:22:58+00:00\",\"dateModified\":\"2023-11-29T03:44:34+00:00\",\"breadcrumb\":{\"@id\":\"https:\/\/apuntesdesanluis.com\/index.php\/2023\/11\/28\/milei-viajo-a-estados-unidos-en-un-avion-privado-pagado-por-werthein\/#breadcrumb\"},\"inLanguage\":\"es-AR\",\"potentialAction\":[{\"@type\":\"ReadAction\",\"target\":[\"https:\/\/apuntesdesanluis.com\/index.php\/2023\/11\/28\/milei-viajo-a-estados-unidos-en-un-avion-privado-pagado-por-werthein\/\"]}]},{\"@type\":\"ImageObject\",\"inLanguage\":\"es-AR\",\"@id\":\"https:\/\/apuntesdesanluis.com\/index.php\/2023\/11\/28\/milei-viajo-a-estados-unidos-en-un-avion-privado-pagado-por-werthein\/#primaryimage\",\"url\":\"https:\/\/apuntesdesanluis.com\/wp-content\/uploads\/2023\/11\/avion.jpg\",\"contentUrl\":\"https:\/\/apuntesdesanluis.com\/wp-content\/uploads\/2023\/11\/avion.jpg\",\"width\":700,\"height\":393},{\"@type\":\"BreadcrumbList\",\"@id\":\"https:\/\/apuntesdesanluis.com\/index.php\/2023\/11\/28\/milei-viajo-a-estados-unidos-en-un-avion-privado-pagado-por-werthein\/#breadcrumb\",\"itemListElement\":[{\"@type\":\"ListItem\",\"position\":1,\"name\":\"Inicio\",\"item\":\"https:\/\/apuntesdesanluis.com\/\"},{\"@type\":\"ListItem\",\"position\":2,\"name\":\"MILEI VIAJ\u00d3 A ESTADOS UNIDOS EN UN AVI\u00d3N PRIVADO PAGADO POR WERTHEIN\"}]},{\"@type\":\"WebSite\",\"@id\":\"https:\/\/apuntesdesanluis.com\/#website\",\"url\":\"https:\/\/apuntesdesanluis.com\/\",\"name\":\"Apuntes de San Luis\",\"description\":\"\",\"publisher\":{\"@id\":\"https:\/\/apuntesdesanluis.com\/#\/schema\/person\/b55151d52296fcce64d1a72538a70b90\"},\"potentialAction\":[{\"@type\":\"SearchAction\",\"target\":{\"@type\":\"EntryPoint\",\"urlTemplate\":\"https:\/\/apuntesdesanluis.com\/?s={search_term_string}\"},\"query-input\":{\"@type\":\"PropertyValueSpecification\",\"valueRequired\":true,\"valueName\":\"search_term_string\"}}],\"inLanguage\":\"es-AR\"},{\"@type\":[\"Person\",\"Organization\"],\"@id\":\"https:\/\/apuntesdesanluis.com\/#\/schema\/person\/b55151d52296fcce64d1a72538a70b90\",\"name\":\"apuntesdesanluis.com\",\"image\":{\"@type\":\"ImageObject\",\"inLanguage\":\"es-AR\",\"@id\":\"https:\/\/apuntesdesanluis.com\/#\/schema\/person\/image\/\",\"url\":\"https:\/\/apuntesdesanluis.com\/wp-content\/uploads\/2023\/07\/cropped-apuntesdesanluis.png\",\"contentUrl\":\"https:\/\/apuntesdesanluis.com\/wp-content\/uploads\/2023\/07\/cropped-apuntesdesanluis.png\",\"width\":450,\"height\":112,\"caption\":\"apuntesdesanluis.com\"},\"logo\":{\"@id\":\"https:\/\/apuntesdesanluis.com\/#\/schema\/person\/image\/\"},\"sameAs\":[\"https:\/\/apuntesdesanluis.com\"],\"url\":\"https:\/\/apuntesdesanluis.com\/index.php\/author\/apuntesdesanluis-com\/\"}]}<\/script>\n<!-- \/ Yoast SEO plugin. -->","yoast_head_json":{"title":"MILEI VIAJ\u00d3 A ESTADOS UNIDOS EN UN AVI\u00d3N PRIVADO PAGADO POR WERTHEIN - Apuntes de San Luis","robots":{"index":"index","follow":"follow","max-snippet":"max-snippet:-1","max-image-preview":"max-image-preview:large","max-video-preview":"max-video-preview:-1"},"canonical":"https:\/\/apuntesdesanluis.com\/index.php\/2023\/11\/28\/milei-viajo-a-estados-unidos-en-un-avion-privado-pagado-por-werthein\/","og_locale":"es_ES","og_type":"article","og_title":"MILEI VIAJ\u00d3 A ESTADOS UNIDOS EN UN AVI\u00d3N PRIVADO PAGADO POR WERTHEIN - Apuntes de San Luis","og_description":"Javier Milei viaj\u00f3 a Estados Unidos en un avi\u00f3n privado que habr\u00eda &#8220;facilitado&#8221; el empresario...","og_url":"https:\/\/apuntesdesanluis.com\/index.php\/2023\/11\/28\/milei-viajo-a-estados-unidos-en-un-avion-privado-pagado-por-werthein\/","og_site_name":"Apuntes de San Luis","article_published_time":"2023-11-29T01:22:58+00:00","article_modified_time":"2023-11-29T03:44:34+00:00","og_image":[{"width":700,"height":393,"url":"https:\/\/apuntesdesanluis.com\/wp-content\/uploads\/2023\/11\/avion.jpg","type":"image\/jpeg"}],"author":"apuntesdesanluis.com","twitter_card":"summary_large_image","twitter_misc":{"Escrito por":"apuntesdesanluis.com","Tiempo de lectura":"3 minutos"},"schema":{"@context":"https:\/\/schema.org","@graph":[{"@type":"Article","@id":"https:\/\/apuntesdesanluis.com\/index.php\/2023\/11\/28\/milei-viajo-a-estados-unidos-en-un-avion-privado-pagado-por-werthein\/#article","isPartOf":{"@id":"https:\/\/apuntesdesanluis.com\/index.php\/2023\/11\/28\/milei-viajo-a-estados-unidos-en-un-avion-privado-pagado-por-werthein\/"},"author":{"name":"apuntesdesanluis.com","@id":"https:\/\/apuntesdesanluis.com\/#\/schema\/person\/b55151d52296fcce64d1a72538a70b90"},"headline":"MILEI VIAJ\u00d3 A ESTADOS UNIDOS EN UN AVI\u00d3N PRIVADO PAGADO POR WERTHEIN","datePublished":"2023-11-29T01:22:58+00:00","dateModified":"2023-11-29T03:44:34+00:00","mainEntityOfPage":{"@id":"https:\/\/apuntesdesanluis.com\/index.php\/2023\/11\/28\/milei-viajo-a-estados-unidos-en-un-avion-privado-pagado-por-werthein\/"},"wordCount":598,"publisher":{"@id":"https:\/\/apuntesdesanluis.com\/#\/schema\/person\/b55151d52296fcce64d1a72538a70b90"},"image":{"@id":"https:\/\/apuntesdesanluis.com\/index.php\/2023\/11\/28\/milei-viajo-a-estados-unidos-en-un-avion-privado-pagado-por-werthein\/#primaryimage"},"thumbnailUrl":"https:\/\/apuntesdesanluis.com\/wp-content\/uploads\/2023\/11\/avion.jpg","articleSection":["Nacionales\/Internacionales"],"inLanguage":"es-AR"},{"@type":"WebPage","@id":"https:\/\/apuntesdesanluis.com\/index.php\/2023\/11\/28\/milei-viajo-a-estados-unidos-en-un-avion-privado-pagado-por-werthein\/","url":"https:\/\/apuntesdesanluis.com\/index.php\/2023\/11\/28\/milei-viajo-a-estados-unidos-en-un-avion-privado-pagado-por-werthein\/","name":"MILEI VIAJ\u00d3 A ESTADOS UNIDOS EN UN AVI\u00d3N PRIVADO PAGADO POR WERTHEIN - Apuntes de San Luis","isPartOf":{"@id":"https:\/\/apuntesdesanluis.com\/#website"},"primaryImageOfPage":{"@id":"https:\/\/apuntesdesanluis.com\/index.php\/2023\/11\/28\/milei-viajo-a-estados-unidos-en-un-avion-privado-pagado-por-werthein\/#primaryimage"},"image":{"@id":"https:\/\/apuntesdesanluis.com\/index.php\/2023\/11\/28\/milei-viajo-a-estados-unidos-en-un-avion-privado-pagado-por-werthein\/#primaryimage"},"thumbnailUrl":"https:\/\/apuntesdesanluis.com\/wp-content\/uploads\/2023\/11\/avion.jpg","datePublished":"2023-11-29T01:22:58+00:00","dateModified":"2023-11-29T03:44:34+00:00","breadcrumb":{"@id":"https:\/\/apuntesdesanluis.com\/index.php\/2023\/11\/28\/milei-viajo-a-estados-unidos-en-un-avion-privado-pagado-por-werthein\/#breadcrumb"},"inLanguage":"es-AR","potentialAction":[{"@type":"ReadAction","target":["https:\/\/apuntesdesanluis.com\/index.php\/2023\/11\/28\/milei-viajo-a-estados-unidos-en-un-avion-privado-pagado-por-werthein\/"]}]},{"@type":"ImageObject","inLanguage":"es-AR","@id":"https:\/\/apuntesdesanluis.com\/index.php\/2023\/11\/28\/milei-viajo-a-estados-unidos-en-un-avion-privado-pagado-por-werthein\/#primaryimage","url":"https:\/\/apuntesdesanluis.com\/wp-content\/uploads\/2023\/11\/avion.jpg","contentUrl":"https:\/\/apuntesdesanluis.com\/wp-content\/uploads\/2023\/11\/avion.jpg","width":700,"height":393},{"@type":"BreadcrumbList","@id":"https:\/\/apuntesdesanluis.com\/index.php\/2023\/11\/28\/milei-viajo-a-estados-unidos-en-un-avion-privado-pagado-por-werthein\/#breadcrumb","itemListElement":[{"@type":"ListItem","position":1,"name":"Inicio","item":"https:\/\/apuntesdesanluis.com\/"},{"@type":"ListItem","position":2,"name":"MILEI VIAJ\u00d3 A ESTADOS UNIDOS EN UN AVI\u00d3N PRIVADO PAGADO POR WERTHEIN"}]},{"@type":"WebSite","@id":"https:\/\/apuntesdesanluis.com\/#website","url":"https:\/\/apuntesdesanluis.com\/","name":"Apuntes de San Luis","description":"","publisher":{"@id":"https:\/\/apuntesdesanluis.com\/#\/schema\/person\/b55151d52296fcce64d1a72538a70b90"},"potentialAction":[{"@type":"SearchAction","target":{"@type":"EntryPoint","urlTemplate":"https:\/\/apuntesdesanluis.com\/?s={search_term_string}"},"query-input":{"@type":"PropertyValueSpecification","valueRequired":true,"valueName":"search_term_string"}}],"inLanguage":"es-AR"},{"@type":["Person","Organization"],"@id":"https:\/\/apuntesdesanluis.com\/#\/schema\/person\/b55151d52296fcce64d1a72538a70b90","name":"apuntesdesanluis.com","image":{"@type":"ImageObject","inLanguage":"es-AR","@id":"https:\/\/apuntesdesanluis.com\/#\/schema\/person\/image\/","url":"https:\/\/apuntesdesanluis.com\/wp-content\/uploads\/2023\/07\/cropped-apuntesdesanluis.png","contentUrl":"https:\/\/apuntesdesanluis.com\/wp-content\/uploads\/2023\/07\/cropped-apuntesdesanluis.png","width":450,"height":112,"caption":"apuntesdesanluis.com"},"logo":{"@id":"https:\/\/apuntesdesanluis.com\/#\/schema\/person\/image\/"},"sameAs":["https:\/\/apuntesdesanluis.com"],"url":"https:\/\/apuntesdesanluis.com\/index.php\/author\/apuntesdesanluis-com\/"}]}},"featured_image_urls":{"full":["https:\/\/apuntesdesanluis.com\/wp-content\/uploads\/2023\/11\/avion.jpg",700,393,false],"thumbnail":["https:\/\/apuntesdesanluis.com\/wp-content\/uploads\/2023\/11\/avion-150x150.jpg",150,150,true],"medium":["https:\/\/apuntesdesanluis.com\/wp-content\/uploads\/2023\/11\/avion-300x168.jpg",300,168,true],"medium_large":["https:\/\/apuntesdesanluis.com\/wp-content\/uploads\/2023\/11\/avion.jpg",640,359,false],"large":["https:\/\/apuntesdesanluis.com\/wp-content\/uploads\/2023\/11\/avion.jpg",640,359,false],"1536x1536":["https:\/\/apuntesdesanluis.com\/wp-content\/uploads\/2023\/11\/avion.jpg",700,393,false],"2048x2048":["https:\/\/apuntesdesanluis.com\/wp-content\/uploads\/2023\/11\/avion.jpg",700,393,false],"newsever-slider-full":["https:\/\/apuntesdesanluis.com\/wp-content\/uploads\/2023\/11\/avion.jpg",700,393,false],"newsever-featured":["https:\/\/apuntesdesanluis.com\/wp-content\/uploads\/2023\/11\/avion.jpg",700,393,false],"newsever-medium":["https:\/\/apuntesdesanluis.com\/wp-content\/uploads\/2023\/11\/avion.jpg",700,393,false]},"author_info":{"display_name":"apuntesdesanluis.com","author_link":"https:\/\/apuntesdesanluis.com\/index.php\/author\/apuntesdesanluis-com\/"},"category_info":"<a href=\"https:\/\/apuntesdesanluis.com\/index.php\/category\/nacionales-internacionales\/\" rel=\"category tag\">Nacionales\/Internacionales<\/a>","tag_info":"Nacionales\/Internacionales","comment_count":"0","_links":{"self":[{"href":"https:\/\/apuntesdesanluis.com\/index.php\/wp-json\/wp\/v2\/posts\/7551","targetHints":{"allow":["GET"]}}],"collection":[{"href":"https:\/\/apuntesdesanluis.com\/index.php\/wp-json\/wp\/v2\/posts"}],"about":[{"href":"https:\/\/apuntesdesanluis.com\/index.php\/wp-json\/wp\/v2\/types\/post"}],"author":[{"embeddable":true,"href":"https:\/\/apuntesdesanluis.com\/index.php\/wp-json\/wp\/v2\/users\/1"}],"replies":[{"embeddable":true,"href":"https:\/\/apuntesdesanluis.com\/index.php\/wp-json\/wp\/v2\/comments?post=7551"}],"version-history":[{"count":4,"href":"https:\/\/apuntesdesanluis.com\/index.php\/wp-json\/wp\/v2\/posts\/7551\/revisions"}],"predecessor-version":[{"id":7594,"href":"https:\/\/apuntesdesanluis.com\/index.php\/wp-json\/wp\/v2\/posts\/7551\/revisions\/7594"}],"wp:featuredmedia":[{"embeddable":true,"href":"https:\/\/apuntesdesanluis.com\/index.php\/wp-json\/wp\/v2\/media\/7552"}],"wp:attachment":[{"href":"https:\/\/apuntesdesanluis.com\/index.php\/wp-json\/wp\/v2\/media?parent=7551"}],"wp:term":[{"taxonomy":"category","embeddable":true,"href":"https:\/\/apuntesdesanluis.com\/index.php\/wp-json\/wp\/v2\/categories?post=7551"},{"taxonomy":"post_tag","embeddable":true,"href":"https:\/\/apuntesdesanluis.com\/index.php\/wp-json\/wp\/v2\/tags?post=7551"}],"curies":[{"name":"wp","href":"https:\/\/api.w.org\/{rel}","templated":true}]}}