{"id":7557,"date":"2023-11-28T22:56:12","date_gmt":"2023-11-29T01:56:12","guid":{"rendered":"https:\/\/apuntesdesanluis.com\/?p=7557"},"modified":"2023-11-28T23:07:07","modified_gmt":"2023-11-29T02:07:07","slug":"frigerio-puso-en-duda-el-pago-del-aguinaldo-en-entre-rios-y-bordet-lo-cruzo-los-fondos-estan-garantizados","status":"publish","type":"post","link":"https:\/\/apuntesdesanluis.com\/index.php\/2023\/11\/28\/frigerio-puso-en-duda-el-pago-del-aguinaldo-en-entre-rios-y-bordet-lo-cruzo-los-fondos-estan-garantizados\/","title":{"rendered":"FRIGERIO PUSO EN DUDA EL PAGO DEL AGUINALDO EN ENTRE R\u00cdOS Y BORDET LO CRUZ\u00d3: \u201cLOS FONDOS EST\u00c1N GARANTIZADOS\u201d"},"content":{"rendered":"<h3>La transici\u00f3n entre <strong>Rogelio Frigerio<\/strong> y <strong>Gustavo Bordet<\/strong> no est\u00e1 terminando de la mejor manera. El electo gobernador de Juntos afirm\u00f3 que la situaci\u00f3n de la caja provincial no es la que relata su antecesor y se puso en la cola de los gobernadores que afirman carecer de recursos para afrontar el pago del medio aguinaldo en diciembre.<\/h3>\n<h3>La culpa, seg\u00fan Frigerio, es de las medidas tomadas sobre Ganancias e IVA por Sergio Massa en el \u00faltimo tramo de la campa\u00f1a electoral. \u201cEsa baja de impuestos afect\u00f3 a la coparticipaci\u00f3n, lo que implica que a todas las provincias nos falta una masa salarial, y eso nos complica el pago de sueldos y del aguinaldo. En nuestro caso, adem\u00e1s, tenemos un vencimiento de deuda en d\u00f3lares. Me dicen que no est\u00e1n los recursos, as\u00ed que veremos c\u00f3mo los afrontamos\u201d, afirm\u00f3 Frigerio en declaraciones a Radio Mitre.<\/h3>\n<h3>El vencimiento de deuda en d\u00f3lares que menciona el gobernador entrante se producir\u00e1 el 8 de febrero. Ser\u00e1 el primero de pagos en concepto de amortizaci\u00f3n anual de intereses y capital del bono externo por u$s 500 millones que emiti\u00f3 Entre R\u00edos en 2017. Este t\u00edtulo fue refinanciado en 2021. El grueso de los pagos se acumular\u00e1n entre el 2024 y el 2027 durante la administraci\u00f3n del ex ministro del Interior.<\/h3>\n<h3>En la vereda de enfrente, Bordet le retruc\u00f3: \u201cTenemos asegurado el pago de aguinaldo y sueldo. Est\u00e1 garantizado con fondos propios\u201d, dijo este mediod\u00eda tras la reuni\u00f3n de mandatarios justicialistas en el Banco Provincia.<\/h3>\n<h3>Ayer hab\u00eda dicho a medios locales que adem\u00e1s de las remuneraciones, dejar\u00eda recursos para afrontar \u201cel 80% del pago del primer vencimiento de la deuda en d\u00f3lares. Es un hecho in\u00e9dito. Es la primera vez que en un traspaso se deja un fondo de ahorro de u$s 47 millones para el gobernador que viene\u201d.<\/h3>\n<h3>Frigerio insisti\u00f3: \u201cSeg\u00fan me cuentan los funcionarios de la provincia, hoy los recursos para el pago del aguinaldo no est\u00e1n, as\u00ed que va a depender mucho de la recaudaci\u00f3n de diciembre\u201d.<\/h3>\n<h3>Bordet recogi\u00f3 el guante y le marc\u00f3 la cancha. \u201cUno tiene que hacerse cargo de las cosas. Hay que asumirlas. Nunca es f\u00e1cil. Se gobierna todos los d\u00edas y hay que estar detr\u00e1s de los problemas, enfrentarlos y resolverlos. A m\u00ed no me tocaron \u00e9pocas f\u00e1ciles. Al comienzo de gesti\u00f3n no pod\u00eda dormir porque no sab\u00eda c\u00f3mo iba a hacer para cumplir con los salarios\u201d, record\u00f3.<\/h3>\n<h3>Pero luego le dio la derecha en cuanto al reclamo de la Provincia a la Naci\u00f3n por la baja de los fondos coparticipables. \u201cHubo medidas que tom\u00f3 el gobierno nacional y que fueron votadas en el Congreso, como la eliminaci\u00f3n de la cuarta categor\u00eda de ganancias que es coparticipable en un 50%, que produjeron un gran desfasaje en las arcas de todas las provincias. Estoy dispuesto a trabajar con el gobernador entrante codo a codo para que se restituya el derecho coparticipable\u201d, sentenci\u00f3. Bordet ocupar\u00e1 desde diciembre una banca como diputado nacional.<\/h3>\n<h3>Las declaraciones de esta ma\u00f1ana de Frigerio son las segundas del mismo tenor que realiza en los \u00faltimos d\u00edas. El fin de semana hab\u00eda comentado lo mismo en Radio con Vos. Que el gobernador de Entre R\u00edos haga su reclamo en medios capitalinos es toda una se\u00f1al de que los destinatarios no son solo los entrerrianos que tienen en riesgo sus ingresos, sino tambi\u00e9n los futuros funcionarios de la administraci\u00f3n de Javier Milei que necesitar\u00e1 los votos de los diputados de las provincias para aprobar leyes en el Congreso.<\/h3>\n<h3>CONSECUENCIAS<\/h3>\n<h3>Mientras, los gremios estatales y docentes entrerrianos est\u00e1n reclamando una recomposici\u00f3n que permita que los sueldos le ganen a la disparada inflacionaria.<\/h3>\n<h3>La Asociaci\u00f3n de Trabajadores del Estado (ATE) convoc\u00f3 a un paro para este mi\u00e9rcoles 29 y jueves 30. Es en disconformidad con el incremento del 8,3% a pagarse con los haberes de noviembre propuesto por la administraci\u00f3n de Bordet para el \u00faltimo tramo del a\u00f1o.<\/h3>\n<h3>Lo mismo har\u00e1 el principal gremio docente, AGMER, que llam\u00f3 a un cese de actividades para este mi\u00e9rcoles y jueves y sum\u00f3 otro d\u00eda de inactividad para el 5 de diciembre. Los maestros exigieron en la mesa paritaria una recomposici\u00f3n del 10% para octubre e igual porcentaje para noviembre y diciembre. La intenci\u00f3n es superar en al menos un 7% el incremento de precios. Los docentes t\u00e9cnicos (AMET) tambi\u00e9n se sumar\u00e1n a las dos primeras jornadas de la medida.<\/h3>\n<h3>Esta ser\u00e1 la segunda tanda de protestas de docentes en las \u00faltimas semanas. Tras un 2023 sin medidas de acci\u00f3n directa y con paritarias permanentes, la paz se quebr\u00f3 luego de las elecciones del 22 de octubre y ya con Frigerio electo gobernador. La primera huelga fue convocada por el Frente Gremial Docente (que incluye adem\u00e1s a UDA y los privados de Sadop) para el 6 y el 9 de noviembre. El eje del reclamo fue el mismo que se mantiene hasta el momento.<\/h3>\n<h3>Los paros se contabilizar\u00e1n en el gobierno de Bordet. Pero son tambi\u00e9n un tiro por elevaci\u00f3n a Frigerio.<\/h3>\n<p>&nbsp;<\/p>\n<p>&nbsp;<\/p>\n<p>&nbsp;<\/p>\n<p>&nbsp;<\/p>\n<p>&nbsp;<\/p>\n","protected":false},"excerpt":{"rendered":"<p>La transici\u00f3n entre Rogelio Frigerio y Gustavo Bordet no est\u00e1 terminando de la mejor manera&#8230;.<\/p>\n","protected":false},"author":1,"featured_media":7558,"comment_status":"closed","ping_status":"closed","sticky":false,"template":"","format":"standard","meta":{"footnotes":""},"categories":[5],"tags":[],"class_list":["post-7557","post","type-post","status-publish","format-standard","has-post-thumbnail","hentry","category-nacionales-internacionales"],"yoast_head":"<!-- This site is optimized with the Yoast SEO plugin v26.1.1 - https:\/\/yoast.com\/wordpress\/plugins\/seo\/ -->\n<title>FRIGERIO PUSO EN DUDA EL PAGO DEL AGUINALDO EN ENTRE R\u00cdOS Y BORDET LO CRUZ\u00d3: \u201cLOS FONDOS EST\u00c1N GARANTIZADOS\u201d - Apuntes de San Luis<\/title>\n<meta name=\"robots\" content=\"index, follow, max-snippet:-1, max-image-preview:large, max-video-preview:-1\" \/>\n<link rel=\"canonical\" href=\"https:\/\/apuntesdesanluis.com\/index.php\/2023\/11\/28\/frigerio-puso-en-duda-el-pago-del-aguinaldo-en-entre-rios-y-bordet-lo-cruzo-los-fondos-estan-garantizados\/\" \/>\n<meta property=\"og:locale\" content=\"es_ES\" \/>\n<meta property=\"og:type\" content=\"article\" \/>\n<meta property=\"og:title\" content=\"FRIGERIO PUSO EN DUDA EL PAGO DEL AGUINALDO EN ENTRE R\u00cdOS Y BORDET LO CRUZ\u00d3: \u201cLOS FONDOS EST\u00c1N GARANTIZADOS\u201d - Apuntes de San Luis\" \/>\n<meta property=\"og:description\" content=\"La transici\u00f3n entre Rogelio Frigerio y Gustavo Bordet no est\u00e1 terminando de la mejor manera....\" \/>\n<meta property=\"og:url\" content=\"https:\/\/apuntesdesanluis.com\/index.php\/2023\/11\/28\/frigerio-puso-en-duda-el-pago-del-aguinaldo-en-entre-rios-y-bordet-lo-cruzo-los-fondos-estan-garantizados\/\" \/>\n<meta property=\"og:site_name\" content=\"Apuntes de San Luis\" \/>\n<meta property=\"article:published_time\" content=\"2023-11-29T01:56:12+00:00\" \/>\n<meta property=\"article:modified_time\" content=\"2023-11-29T02:07:07+00:00\" \/>\n<meta property=\"og:image\" content=\"https:\/\/apuntesdesanluis.com\/wp-content\/uploads\/2023\/11\/FRIGERIO.png\" \/>\n\t<meta property=\"og:image:width\" content=\"681\" \/>\n\t<meta property=\"og:image:height\" content=\"427\" \/>\n\t<meta property=\"og:image:type\" content=\"image\/png\" \/>\n<meta name=\"author\" content=\"apuntesdesanluis.com\" \/>\n<meta name=\"twitter:card\" content=\"summary_large_image\" \/>\n<meta name=\"twitter:label1\" content=\"Escrito por\" \/>\n\t<meta name=\"twitter:data1\" content=\"apuntesdesanluis.com\" \/>\n\t<meta name=\"twitter:label2\" content=\"Tiempo de lectura\" \/>\n\t<meta name=\"twitter:data2\" content=\"4 minutos\" \/>\n<script type=\"application\/ld+json\" class=\"yoast-schema-graph\">{\"@context\":\"https:\/\/schema.org\",\"@graph\":[{\"@type\":\"Article\",\"@id\":\"https:\/\/apuntesdesanluis.com\/index.php\/2023\/11\/28\/frigerio-puso-en-duda-el-pago-del-aguinaldo-en-entre-rios-y-bordet-lo-cruzo-los-fondos-estan-garantizados\/#article\",\"isPartOf\":{\"@id\":\"https:\/\/apuntesdesanluis.com\/index.php\/2023\/11\/28\/frigerio-puso-en-duda-el-pago-del-aguinaldo-en-entre-rios-y-bordet-lo-cruzo-los-fondos-estan-garantizados\/\"},\"author\":{\"name\":\"apuntesdesanluis.com\",\"@id\":\"https:\/\/apuntesdesanluis.com\/#\/schema\/person\/b55151d52296fcce64d1a72538a70b90\"},\"headline\":\"FRIGERIO PUSO EN DUDA EL PAGO DEL AGUINALDO EN ENTRE R\u00cdOS Y BORDET LO CRUZ\u00d3: \u201cLOS FONDOS EST\u00c1N GARANTIZADOS\u201d\",\"datePublished\":\"2023-11-29T01:56:12+00:00\",\"dateModified\":\"2023-11-29T02:07:07+00:00\",\"mainEntityOfPage\":{\"@id\":\"https:\/\/apuntesdesanluis.com\/index.php\/2023\/11\/28\/frigerio-puso-en-duda-el-pago-del-aguinaldo-en-entre-rios-y-bordet-lo-cruzo-los-fondos-estan-garantizados\/\"},\"wordCount\":901,\"publisher\":{\"@id\":\"https:\/\/apuntesdesanluis.com\/#\/schema\/person\/b55151d52296fcce64d1a72538a70b90\"},\"image\":{\"@id\":\"https:\/\/apuntesdesanluis.com\/index.php\/2023\/11\/28\/frigerio-puso-en-duda-el-pago-del-aguinaldo-en-entre-rios-y-bordet-lo-cruzo-los-fondos-estan-garantizados\/#primaryimage\"},\"thumbnailUrl\":\"https:\/\/apuntesdesanluis.com\/wp-content\/uploads\/2023\/11\/FRIGERIO.png\",\"articleSection\":[\"Nacionales\/Internacionales\"],\"inLanguage\":\"es-AR\"},{\"@type\":\"WebPage\",\"@id\":\"https:\/\/apuntesdesanluis.com\/index.php\/2023\/11\/28\/frigerio-puso-en-duda-el-pago-del-aguinaldo-en-entre-rios-y-bordet-lo-cruzo-los-fondos-estan-garantizados\/\",\"url\":\"https:\/\/apuntesdesanluis.com\/index.php\/2023\/11\/28\/frigerio-puso-en-duda-el-pago-del-aguinaldo-en-entre-rios-y-bordet-lo-cruzo-los-fondos-estan-garantizados\/\",\"name\":\"FRIGERIO PUSO EN DUDA EL PAGO DEL AGUINALDO EN ENTRE R\u00cdOS Y BORDET LO CRUZ\u00d3: \u201cLOS FONDOS EST\u00c1N GARANTIZADOS\u201d - Apuntes de San Luis\",\"isPartOf\":{\"@id\":\"https:\/\/apuntesdesanluis.com\/#website\"},\"primaryImageOfPage\":{\"@id\":\"https:\/\/apuntesdesanluis.com\/index.php\/2023\/11\/28\/frigerio-puso-en-duda-el-pago-del-aguinaldo-en-entre-rios-y-bordet-lo-cruzo-los-fondos-estan-garantizados\/#primaryimage\"},\"image\":{\"@id\":\"https:\/\/apuntesdesanluis.com\/index.php\/2023\/11\/28\/frigerio-puso-en-duda-el-pago-del-aguinaldo-en-entre-rios-y-bordet-lo-cruzo-los-fondos-estan-garantizados\/#primaryimage\"},\"thumbnailUrl\":\"https:\/\/apuntesdesanluis.com\/wp-content\/uploads\/2023\/11\/FRIGERIO.png\",\"datePublished\":\"2023-11-29T01:56:12+00:00\",\"dateModified\":\"2023-11-29T02:07:07+00:00\",\"breadcrumb\":{\"@id\":\"https:\/\/apuntesdesanluis.com\/index.php\/2023\/11\/28\/frigerio-puso-en-duda-el-pago-del-aguinaldo-en-entre-rios-y-bordet-lo-cruzo-los-fondos-estan-garantizados\/#breadcrumb\"},\"inLanguage\":\"es-AR\",\"potentialAction\":[{\"@type\":\"ReadAction\",\"target\":[\"https:\/\/apuntesdesanluis.com\/index.php\/2023\/11\/28\/frigerio-puso-en-duda-el-pago-del-aguinaldo-en-entre-rios-y-bordet-lo-cruzo-los-fondos-estan-garantizados\/\"]}]},{\"@type\":\"ImageObject\",\"inLanguage\":\"es-AR\",\"@id\":\"https:\/\/apuntesdesanluis.com\/index.php\/2023\/11\/28\/frigerio-puso-en-duda-el-pago-del-aguinaldo-en-entre-rios-y-bordet-lo-cruzo-los-fondos-estan-garantizados\/#primaryimage\",\"url\":\"https:\/\/apuntesdesanluis.com\/wp-content\/uploads\/2023\/11\/FRIGERIO.png\",\"contentUrl\":\"https:\/\/apuntesdesanluis.com\/wp-content\/uploads\/2023\/11\/FRIGERIO.png\",\"width\":681,\"height\":427},{\"@type\":\"BreadcrumbList\",\"@id\":\"https:\/\/apuntesdesanluis.com\/index.php\/2023\/11\/28\/frigerio-puso-en-duda-el-pago-del-aguinaldo-en-entre-rios-y-bordet-lo-cruzo-los-fondos-estan-garantizados\/#breadcrumb\",\"itemListElement\":[{\"@type\":\"ListItem\",\"position\":1,\"name\":\"Inicio\",\"item\":\"https:\/\/apuntesdesanluis.com\/\"},{\"@type\":\"ListItem\",\"position\":2,\"name\":\"FRIGERIO PUSO EN DUDA EL PAGO DEL AGUINALDO EN ENTRE R\u00cdOS Y BORDET LO CRUZ\u00d3: \u201cLOS FONDOS EST\u00c1N GARANTIZADOS\u201d\"}]},{\"@type\":\"WebSite\",\"@id\":\"https:\/\/apuntesdesanluis.com\/#website\",\"url\":\"https:\/\/apuntesdesanluis.com\/\",\"name\":\"Apuntes de San Luis\",\"description\":\"\",\"publisher\":{\"@id\":\"https:\/\/apuntesdesanluis.com\/#\/schema\/person\/b55151d52296fcce64d1a72538a70b90\"},\"potentialAction\":[{\"@type\":\"SearchAction\",\"target\":{\"@type\":\"EntryPoint\",\"urlTemplate\":\"https:\/\/apuntesdesanluis.com\/?s={search_term_string}\"},\"query-input\":{\"@type\":\"PropertyValueSpecification\",\"valueRequired\":true,\"valueName\":\"search_term_string\"}}],\"inLanguage\":\"es-AR\"},{\"@type\":[\"Person\",\"Organization\"],\"@id\":\"https:\/\/apuntesdesanluis.com\/#\/schema\/person\/b55151d52296fcce64d1a72538a70b90\",\"name\":\"apuntesdesanluis.com\",\"image\":{\"@type\":\"ImageObject\",\"inLanguage\":\"es-AR\",\"@id\":\"https:\/\/apuntesdesanluis.com\/#\/schema\/person\/image\/\",\"url\":\"https:\/\/apuntesdesanluis.com\/wp-content\/uploads\/2023\/07\/cropped-apuntesdesanluis.png\",\"contentUrl\":\"https:\/\/apuntesdesanluis.com\/wp-content\/uploads\/2023\/07\/cropped-apuntesdesanluis.png\",\"width\":450,\"height\":112,\"caption\":\"apuntesdesanluis.com\"},\"logo\":{\"@id\":\"https:\/\/apuntesdesanluis.com\/#\/schema\/person\/image\/\"},\"sameAs\":[\"https:\/\/apuntesdesanluis.com\"],\"url\":\"https:\/\/apuntesdesanluis.com\/index.php\/author\/apuntesdesanluis-com\/\"}]}<\/script>\n<!-- \/ Yoast SEO plugin. -->","yoast_head_json":{"title":"FRIGERIO PUSO EN DUDA EL PAGO DEL AGUINALDO EN ENTRE R\u00cdOS Y BORDET LO CRUZ\u00d3: \u201cLOS FONDOS EST\u00c1N GARANTIZADOS\u201d - Apuntes de San Luis","robots":{"index":"index","follow":"follow","max-snippet":"max-snippet:-1","max-image-preview":"max-image-preview:large","max-video-preview":"max-video-preview:-1"},"canonical":"https:\/\/apuntesdesanluis.com\/index.php\/2023\/11\/28\/frigerio-puso-en-duda-el-pago-del-aguinaldo-en-entre-rios-y-bordet-lo-cruzo-los-fondos-estan-garantizados\/","og_locale":"es_ES","og_type":"article","og_title":"FRIGERIO PUSO EN DUDA EL PAGO DEL AGUINALDO EN ENTRE R\u00cdOS Y BORDET LO CRUZ\u00d3: \u201cLOS FONDOS EST\u00c1N GARANTIZADOS\u201d - Apuntes de San Luis","og_description":"La transici\u00f3n entre Rogelio Frigerio y Gustavo Bordet no est\u00e1 terminando de la mejor manera....","og_url":"https:\/\/apuntesdesanluis.com\/index.php\/2023\/11\/28\/frigerio-puso-en-duda-el-pago-del-aguinaldo-en-entre-rios-y-bordet-lo-cruzo-los-fondos-estan-garantizados\/","og_site_name":"Apuntes de San Luis","article_published_time":"2023-11-29T01:56:12+00:00","article_modified_time":"2023-11-29T02:07:07+00:00","og_image":[{"width":681,"height":427,"url":"https:\/\/apuntesdesanluis.com\/wp-content\/uploads\/2023\/11\/FRIGERIO.png","type":"image\/png"}],"author":"apuntesdesanluis.com","twitter_card":"summary_large_image","twitter_misc":{"Escrito por":"apuntesdesanluis.com","Tiempo de lectura":"4 minutos"},"schema":{"@context":"https:\/\/schema.org","@graph":[{"@type":"Article","@id":"https:\/\/apuntesdesanluis.com\/index.php\/2023\/11\/28\/frigerio-puso-en-duda-el-pago-del-aguinaldo-en-entre-rios-y-bordet-lo-cruzo-los-fondos-estan-garantizados\/#article","isPartOf":{"@id":"https:\/\/apuntesdesanluis.com\/index.php\/2023\/11\/28\/frigerio-puso-en-duda-el-pago-del-aguinaldo-en-entre-rios-y-bordet-lo-cruzo-los-fondos-estan-garantizados\/"},"author":{"name":"apuntesdesanluis.com","@id":"https:\/\/apuntesdesanluis.com\/#\/schema\/person\/b55151d52296fcce64d1a72538a70b90"},"headline":"FRIGERIO PUSO EN DUDA EL PAGO DEL AGUINALDO EN ENTRE R\u00cdOS Y BORDET LO CRUZ\u00d3: \u201cLOS FONDOS EST\u00c1N GARANTIZADOS\u201d","datePublished":"2023-11-29T01:56:12+00:00","dateModified":"2023-11-29T02:07:07+00:00","mainEntityOfPage":{"@id":"https:\/\/apuntesdesanluis.com\/index.php\/2023\/11\/28\/frigerio-puso-en-duda-el-pago-del-aguinaldo-en-entre-rios-y-bordet-lo-cruzo-los-fondos-estan-garantizados\/"},"wordCount":901,"publisher":{"@id":"https:\/\/apuntesdesanluis.com\/#\/schema\/person\/b55151d52296fcce64d1a72538a70b90"},"image":{"@id":"https:\/\/apuntesdesanluis.com\/index.php\/2023\/11\/28\/frigerio-puso-en-duda-el-pago-del-aguinaldo-en-entre-rios-y-bordet-lo-cruzo-los-fondos-estan-garantizados\/#primaryimage"},"thumbnailUrl":"https:\/\/apuntesdesanluis.com\/wp-content\/uploads\/2023\/11\/FRIGERIO.png","articleSection":["Nacionales\/Internacionales"],"inLanguage":"es-AR"},{"@type":"WebPage","@id":"https:\/\/apuntesdesanluis.com\/index.php\/2023\/11\/28\/frigerio-puso-en-duda-el-pago-del-aguinaldo-en-entre-rios-y-bordet-lo-cruzo-los-fondos-estan-garantizados\/","url":"https:\/\/apuntesdesanluis.com\/index.php\/2023\/11\/28\/frigerio-puso-en-duda-el-pago-del-aguinaldo-en-entre-rios-y-bordet-lo-cruzo-los-fondos-estan-garantizados\/","name":"FRIGERIO PUSO EN DUDA EL PAGO DEL AGUINALDO EN ENTRE R\u00cdOS Y BORDET LO CRUZ\u00d3: \u201cLOS FONDOS EST\u00c1N GARANTIZADOS\u201d - Apuntes de San Luis","isPartOf":{"@id":"https:\/\/apuntesdesanluis.com\/#website"},"primaryImageOfPage":{"@id":"https:\/\/apuntesdesanluis.com\/index.php\/2023\/11\/28\/frigerio-puso-en-duda-el-pago-del-aguinaldo-en-entre-rios-y-bordet-lo-cruzo-los-fondos-estan-garantizados\/#primaryimage"},"image":{"@id":"https:\/\/apuntesdesanluis.com\/index.php\/2023\/11\/28\/frigerio-puso-en-duda-el-pago-del-aguinaldo-en-entre-rios-y-bordet-lo-cruzo-los-fondos-estan-garantizados\/#primaryimage"},"thumbnailUrl":"https:\/\/apuntesdesanluis.com\/wp-content\/uploads\/2023\/11\/FRIGERIO.png","datePublished":"2023-11-29T01:56:12+00:00","dateModified":"2023-11-29T02:07:07+00:00","breadcrumb":{"@id":"https:\/\/apuntesdesanluis.com\/index.php\/2023\/11\/28\/frigerio-puso-en-duda-el-pago-del-aguinaldo-en-entre-rios-y-bordet-lo-cruzo-los-fondos-estan-garantizados\/#breadcrumb"},"inLanguage":"es-AR","potentialAction":[{"@type":"ReadAction","target":["https:\/\/apuntesdesanluis.com\/index.php\/2023\/11\/28\/frigerio-puso-en-duda-el-pago-del-aguinaldo-en-entre-rios-y-bordet-lo-cruzo-los-fondos-estan-garantizados\/"]}]},{"@type":"ImageObject","inLanguage":"es-AR","@id":"https:\/\/apuntesdesanluis.com\/index.php\/2023\/11\/28\/frigerio-puso-en-duda-el-pago-del-aguinaldo-en-entre-rios-y-bordet-lo-cruzo-los-fondos-estan-garantizados\/#primaryimage","url":"https:\/\/apuntesdesanluis.com\/wp-content\/uploads\/2023\/11\/FRIGERIO.png","contentUrl":"https:\/\/apuntesdesanluis.com\/wp-content\/uploads\/2023\/11\/FRIGERIO.png","width":681,"height":427},{"@type":"BreadcrumbList","@id":"https:\/\/apuntesdesanluis.com\/index.php\/2023\/11\/28\/frigerio-puso-en-duda-el-pago-del-aguinaldo-en-entre-rios-y-bordet-lo-cruzo-los-fondos-estan-garantizados\/#breadcrumb","itemListElement":[{"@type":"ListItem","position":1,"name":"Inicio","item":"https:\/\/apuntesdesanluis.com\/"},{"@type":"ListItem","position":2,"name":"FRIGERIO PUSO EN DUDA EL PAGO DEL AGUINALDO EN ENTRE R\u00cdOS Y BORDET LO CRUZ\u00d3: \u201cLOS FONDOS EST\u00c1N GARANTIZADOS\u201d"}]},{"@type":"WebSite","@id":"https:\/\/apuntesdesanluis.com\/#website","url":"https:\/\/apuntesdesanluis.com\/","name":"Apuntes de San Luis","description":"","publisher":{"@id":"https:\/\/apuntesdesanluis.com\/#\/schema\/person\/b55151d52296fcce64d1a72538a70b90"},"potentialAction":[{"@type":"SearchAction","target":{"@type":"EntryPoint","urlTemplate":"https:\/\/apuntesdesanluis.com\/?s={search_term_string}"},"query-input":{"@type":"PropertyValueSpecification","valueRequired":true,"valueName":"search_term_string"}}],"inLanguage":"es-AR"},{"@type":["Person","Organization"],"@id":"https:\/\/apuntesdesanluis.com\/#\/schema\/person\/b55151d52296fcce64d1a72538a70b90","name":"apuntesdesanluis.com","image":{"@type":"ImageObject","inLanguage":"es-AR","@id":"https:\/\/apuntesdesanluis.com\/#\/schema\/person\/image\/","url":"https:\/\/apuntesdesanluis.com\/wp-content\/uploads\/2023\/07\/cropped-apuntesdesanluis.png","contentUrl":"https:\/\/apuntesdesanluis.com\/wp-content\/uploads\/2023\/07\/cropped-apuntesdesanluis.png","width":450,"height":112,"caption":"apuntesdesanluis.com"},"logo":{"@id":"https:\/\/apuntesdesanluis.com\/#\/schema\/person\/image\/"},"sameAs":["https:\/\/apuntesdesanluis.com"],"url":"https:\/\/apuntesdesanluis.com\/index.php\/author\/apuntesdesanluis-com\/"}]}},"featured_image_urls":{"full":["https:\/\/apuntesdesanluis.com\/wp-content\/uploads\/2023\/11\/FRIGERIO.png",681,427,false],"thumbnail":["https:\/\/apuntesdesanluis.com\/wp-content\/uploads\/2023\/11\/FRIGERIO-150x150.png",150,150,true],"medium":["https:\/\/apuntesdesanluis.com\/wp-content\/uploads\/2023\/11\/FRIGERIO-300x188.png",300,188,true],"medium_large":["https:\/\/apuntesdesanluis.com\/wp-content\/uploads\/2023\/11\/FRIGERIO.png",640,401,false],"large":["https:\/\/apuntesdesanluis.com\/wp-content\/uploads\/2023\/11\/FRIGERIO.png",640,401,false],"1536x1536":["https:\/\/apuntesdesanluis.com\/wp-content\/uploads\/2023\/11\/FRIGERIO.png",681,427,false],"2048x2048":["https:\/\/apuntesdesanluis.com\/wp-content\/uploads\/2023\/11\/FRIGERIO.png",681,427,false],"newsever-slider-full":["https:\/\/apuntesdesanluis.com\/wp-content\/uploads\/2023\/11\/FRIGERIO.png",681,427,false],"newsever-featured":["https:\/\/apuntesdesanluis.com\/wp-content\/uploads\/2023\/11\/FRIGERIO.png",681,427,false],"newsever-medium":["https:\/\/apuntesdesanluis.com\/wp-content\/uploads\/2023\/11\/FRIGERIO.png",681,427,false]},"author_info":{"display_name":"apuntesdesanluis.com","author_link":"https:\/\/apuntesdesanluis.com\/index.php\/author\/apuntesdesanluis-com\/"},"category_info":"<a href=\"https:\/\/apuntesdesanluis.com\/index.php\/category\/nacionales-internacionales\/\" rel=\"category tag\">Nacionales\/Internacionales<\/a>","tag_info":"Nacionales\/Internacionales","comment_count":"0","_links":{"self":[{"href":"https:\/\/apuntesdesanluis.com\/index.php\/wp-json\/wp\/v2\/posts\/7557","targetHints":{"allow":["GET"]}}],"collection":[{"href":"https:\/\/apuntesdesanluis.com\/index.php\/wp-json\/wp\/v2\/posts"}],"about":[{"href":"https:\/\/apuntesdesanluis.com\/index.php\/wp-json\/wp\/v2\/types\/post"}],"author":[{"embeddable":true,"href":"https:\/\/apuntesdesanluis.com\/index.php\/wp-json\/wp\/v2\/users\/1"}],"replies":[{"embeddable":true,"href":"https:\/\/apuntesdesanluis.com\/index.php\/wp-json\/wp\/v2\/comments?post=7557"}],"version-history":[{"count":2,"href":"https:\/\/apuntesdesanluis.com\/index.php\/wp-json\/wp\/v2\/posts\/7557\/revisions"}],"predecessor-version":[{"id":7560,"href":"https:\/\/apuntesdesanluis.com\/index.php\/wp-json\/wp\/v2\/posts\/7557\/revisions\/7560"}],"wp:featuredmedia":[{"embeddable":true,"href":"https:\/\/apuntesdesanluis.com\/index.php\/wp-json\/wp\/v2\/media\/7558"}],"wp:attachment":[{"href":"https:\/\/apuntesdesanluis.com\/index.php\/wp-json\/wp\/v2\/media?parent=7557"}],"wp:term":[{"taxonomy":"category","embeddable":true,"href":"https:\/\/apuntesdesanluis.com\/index.php\/wp-json\/wp\/v2\/categories?post=7557"},{"taxonomy":"post_tag","embeddable":true,"href":"https:\/\/apuntesdesanluis.com\/index.php\/wp-json\/wp\/v2\/tags?post=7557"}],"curies":[{"name":"wp","href":"https:\/\/api.w.org\/{rel}","templated":true}]}}