{"id":7561,"date":"2023-11-28T23:35:20","date_gmt":"2023-11-29T02:35:20","guid":{"rendered":"https:\/\/apuntesdesanluis.com\/?p=7561"},"modified":"2023-11-28T23:36:18","modified_gmt":"2023-11-29T02:36:18","slug":"7561","status":"publish","type":"post","link":"https:\/\/apuntesdesanluis.com\/index.php\/2023\/11\/28\/7561\/","title":{"rendered":"LA INTERNA DE BOCA EST\u00c1 QUE ARDE: SUSPENDIERON ELECCIONES, HABL\u00d3 IBARRA Y RIQUELME LE CONTEST\u00d3"},"content":{"rendered":"<h3>Andr\u00e9s Ibarra, candidato a presidente de Boca, dio una conferencia de prensa en el Hotel Libertador este martes luego de que se suspendan las elecciones del domingo en el \u201cXeneize\u201d. Posteriormente Riquelme hizo lo mismo y lanz\u00f3 dardos dur\u00edsimos contra el ex presidente Mauricio Macri.<\/h3>\n<h3>Sin la presencia de Mauricio Macri, su candidato a vicepresidente, el ex Ministro de Modernizaci\u00f3n inici\u00f3 la conferencia dejando en claro su intenci\u00f3n de votar el domingo: &#8220;Queremos votar el 3 de diciembre. Ese es el objetivo. Nos hemos preparado con una plataforma de primer mundo para darle al socio de Boca lo que se merece. Estamos listos para competir en elecciones claras. Nosotros no tenemos ninguna duda de la institucionalidad que tiene que tener el club&#8221;.<\/h3>\n<h3>&#8220;El vicepresidente dijo hace meses que no ten\u00eda que haber elecciones. Gracias a ellas, los socios tienen la posibilidad de elegir y cambiar las autoridades. Queremos votar el domingo&#8221; agreg\u00f3 el candidato a presidente del \u201cXeneize\u201d.<\/h3>\n<h3><img fetchpriority=\"high\" decoding=\"async\" class=\"wp-image-7562 aligncenter\" src=\"https:\/\/apuntesdesanluis.com\/wp-content\/uploads\/2023\/11\/IBARRA-300x183.png\" alt=\"\" width=\"755\" height=\"460\" srcset=\"https:\/\/apuntesdesanluis.com\/wp-content\/uploads\/2023\/11\/IBARRA-300x183.png 300w, https:\/\/apuntesdesanluis.com\/wp-content\/uploads\/2023\/11\/IBARRA-768x468.png 768w, https:\/\/apuntesdesanluis.com\/wp-content\/uploads\/2023\/11\/IBARRA.png 778w\" sizes=\"(max-width: 755px) 100vw, 755px\" \/><\/h3>\n<h3>Continuando con sus palabras, Andr\u00e9s Ibarra desliz\u00f3 la idea de que el oficialismo busca cometer un fraude electoral con aquellos socios adherentes por los cuales se suspendi\u00f3 el acto eleccionario: &#8220;El oficialismo busca truchar la elecci\u00f3n. No lo vamos a permitir. Nosotros hemos detectado esto que estaba pasando y es lo que le dio origen a las denuncias. Muchos de los socios adherentes nos dec\u00edan que hab\u00eda otros que se hicieron activos y ellos no pod\u00edan entrar. Nos dec\u00edan que los hac\u00edan socios activos en el d\u00eda. Cuando tuvimos la oportunidad de ver los padrones y analizamos en conjunto, nos llam\u00f3 la atenci\u00f3n el crecimiento que hab\u00eda de los socios y la curva de ingresos. Hab\u00eda una concentraci\u00f3n enorme en los meses previos al cierre del padr\u00f3n en 2021&#8221;.<\/h3>\n<h3>Luego, el candidato a presidente detall\u00f3 el porqu\u00e9 se hizo la denuncia en la Justicia: &#8220;Nosotros representamos a los socios de Boca, los que nos votan y los que no. Ante esa situaci\u00f3n decidimos, acompa\u00f1ados por las agrupaciones pol\u00edticas, hacer una presentaci\u00f3n en la Justicia para que se eval\u00fae la situaci\u00f3n. Producto de eso es que hoy aparece este fallo que es determinante y contundente respecto de las situaciones que ven\u00edamos planteando. Cuando veo esto, me da verg\u00fcenza lo que est\u00e1 pasando. Afecta la calidad institucional del club&#8221;.<\/h3>\n<h3>Tras la denuncia de la f\u00f3rmula opositora compuesta por Andr\u00e9s Ibarra y Mauricio Macri, este martes la jueza Alejandra D\u00e9bora Abrevaya fall\u00f3 a favor de la suspensi\u00f3n de las elecciones en una resoluci\u00f3n del Juzgado Civil N\u00b0 11 que indica que &#8220;en los meses de agosto, septiembre, octubre y noviembre de 2021, pasaron a categor\u00edas activos y activas un total de 10.502 socios, mientras que en esos meses se dieron de baja de las categor\u00edas activos y activas un total de 14, en una desproporci\u00f3n ostensible entre una y otra categor\u00eda&#8221;.<\/h3>\n<p><img decoding=\"async\" class=\"wp-image-7565 aligncenter\" src=\"https:\/\/apuntesdesanluis.com\/wp-content\/uploads\/2023\/11\/FALLO-300x254.png\" alt=\"\" width=\"585\" height=\"495\" srcset=\"https:\/\/apuntesdesanluis.com\/wp-content\/uploads\/2023\/11\/FALLO-300x254.png 300w, https:\/\/apuntesdesanluis.com\/wp-content\/uploads\/2023\/11\/FALLO.png 400w\" sizes=\"(max-width: 585px) 100vw, 585px\" \/><\/p>\n<h3>Adem\u00e1s, el escrito indica que &#8220;aparece un n\u00famero por dem\u00e1s significativo de irregularidades que no podr\u00edan ubicarse bajo el paraguas de decisiones de resorte propio y discrecional de la Comisi\u00f3n Directiva, ya que existir\u00eda un margen establecido&#8221;.<\/h3>\n<h3>Siguiendo con su conferencia de prensa, el candidato a presidente opositor afirm\u00f3 que &#8220;siempre vamos a buscar la transparencia. Esa es nuestra defensa&#8221;. Tambi\u00e9n, agreg\u00f3: &#8220;Hemos pedido que esto se revise. El peritaje determin\u00f3 esta realidad. La jueza decret\u00f3 la suspensi\u00f3n del acto eleccionario, pero no queremos que se suspendan las elecciones. Planteamos que podamos hacer una conciliaci\u00f3n para que esto se pueda resolver&#8221;.<\/h3>\n<p><iframe title=\"ANDR\u00c9S IBARRA dio una CONFERENCIA de PRENSA tras la SUSPENSI\u00d3N de las ELECCIONES en BOCA\" width=\"640\" height=\"360\" src=\"https:\/\/www.youtube.com\/embed\/rfAwWmOJdbA?feature=oembed\" frameborder=\"0\" allow=\"accelerometer; autoplay; clipboard-write; encrypted-media; gyroscope; picture-in-picture; web-share\" referrerpolicy=\"strict-origin-when-cross-origin\" allowfullscreen><\/iframe><\/p>\n<h3>\u00a0&#8220;Queremos que esto transcurra en un marco de transparencia. Esa cantidad de socios que se hicieron nuevos es para que puedan votar y representan m\u00e1s del 50 por ciento de los votos que sac\u00f3 el actual oficialismo en 2019. Obviamente que hay declaraciones del estilo &#8220;que ni se presenten&#8221; o &#8220;95 a 5&#8243;. Nosotros lo que queremos es competir con propuestas en un marco de transparencia. Para que se vote el domingo hay que corregir estas irregularidades. No se puede votar con un padr\u00f3n trucho&#8221; declar\u00f3 Ibarra.<\/h3>\n<h3>Al ser consultado sobre la ausencia de Mauricio Macri, ex presidente de Boca entre 1995 y 2007 y ex presidente de la Naci\u00f3n, Andr\u00e9s Ibarra declar\u00f3 que &#8220;est\u00e1 alarmado. Uno de los motivos por los que integra la f\u00f3rmula es su preocupaci\u00f3n por lo que estaba pasando en Boca. Boca est\u00e1 por encima de todo. Los que queremos a Boca lo ponemos all\u00e1 arriba y servimos a Boca. No puede haber ning\u00fan presidente que est\u00e9 por encima de Boca y vemos que hoy se maneja de manera contraria. Es uno de los tantos temas que llev\u00f3 a Mauricio a integrar la f\u00f3rmula&#8221;.<\/h3>\n<h3>Casi en simultaneo al horario en que el candidato a presidente opositor hablaba en el Hotel Libertador, en la propia Bombonera varias agrupaciones convocaron a un banderazo en apoyo a Juan Rom\u00e1n Riquelme y, sobre ello, el ex Ministro de Modernizaci\u00f3n opin\u00f3: &#8220;Mientras sea algo en paz y en armon\u00eda&#8230; todo el mundo tiene derecho a expresarse. A trav\u00e9s de ustedes, que me permiten explicarle a la gente entienda, es importante que el socio sepa lo que est\u00e1 pasando y despu\u00e9s tome sus decisiones. Est\u00e1 muy bien que el socio de Boca se exprese&#8221;.<\/h3>\n<h3><strong>RIQUELME<\/strong><\/h3>\n<h3>Tras la conferencia de Ibarra, hizo lo propio Rom\u00e1n Riquelme, y dio estas definiciones:<\/h3>\n<h3>\u201cVamos a estar muchos a\u00f1os, no solamente cuatro porque yo tengo la obligaci\u00f3n de intentar ayudar a los hinchas que sigan siendo los due\u00f1os del club. Esta gente no puede pisar nuestro club nunca m\u00e1s porque no son hinchas lo quieren usar para otra cosa. Te quieren sacar la cancha y llevarte a la otra cuadra. Vamos a ganar las elecciones, ojal\u00e1 sean el domingo y vivamos una fiesta. Siempre sue\u00f1o con que tenemos que ser m\u00e1s de 57 mil y pasar el r\u00e9cord que tiene el Barcelona. Ojal\u00e1 lo podamos superar, vamos a pasar un gran d\u00eda y despu\u00e9s de ganar las elecciones voy a intentar golpear la puerta de cada uno de los vecinos, ojal\u00e1 me atienden y me dejen tomar mate con ellos, y le voy a preguntar si est\u00e1n de acuerdo en vender su casa, porque ellos son los due\u00f1os. Si todos me dicen que est\u00e1n de acuerdo, agrandaremos la Bombonera. Si uno de ellos me dice que no lo invitaremos a la cancha domingos y mi\u00e9rcoles y haremos la Bombonera nueva en el mimo lugar donde est\u00e1 porque esa es nuestra historia, no podemos permitir que estos tres personajes nos quiten nuestro coraz\u00f3n llevando la Bombonera a la otra cuadra. Porque nos quitan nuestra historia que es gigante. Creo que vamos a estar much\u00edsimos a\u00f1os ac\u00e1, no cuatro. Y eso es muy bueno\u201d.<\/h3>\n<p><img decoding=\"async\" class=\"wp-image-7563 aligncenter\" src=\"https:\/\/apuntesdesanluis.com\/wp-content\/uploads\/2023\/11\/RIQUELME-300x200.png\" alt=\"\" width=\"723\" height=\"482\" srcset=\"https:\/\/apuntesdesanluis.com\/wp-content\/uploads\/2023\/11\/RIQUELME-300x200.png 300w, https:\/\/apuntesdesanluis.com\/wp-content\/uploads\/2023\/11\/RIQUELME.png 645w\" sizes=\"(max-width: 723px) 100vw, 723px\" \/><\/p>\n<h3>\u201cYo amo a mi club, de pol\u00edtica no hablo. Deseo que le vaya muy bien (por Javier Milei) y que nuestro pa\u00eds pueda mejorar, a cada presidente que le toca siempre deseo que las cosas salgan bien y nuestro pa\u00eds pueda mejorar. Tengo a mis hijos ac\u00e1 amo a mi pa\u00eds y sue\u00f1o que estemos cada d\u00eda mejor\u201d.<\/h3>\n<p><iframe title=\"HABL\u00d3 JUAN ROM\u00c1N RIQUELEME \u26bd &quot;MACRI Y SU GENTE NO PUEDEN PISAR EL CLUB NUNCA M\u00c1S&quot; \ud83d\udd25 ELECCIONES BOCA\" width=\"640\" height=\"360\" src=\"https:\/\/www.youtube.com\/embed\/p-bq2Fv_RNk?feature=oembed\" frameborder=\"0\" allow=\"accelerometer; autoplay; clipboard-write; encrypted-media; gyroscope; picture-in-picture; web-share\" referrerpolicy=\"strict-origin-when-cross-origin\" allowfullscreen><\/iframe><\/p>\n<h3>\u201cLos cuatro a\u00f1os los hemos disfrutado mucho. Hay much\u00edsimas cosas que hablan por s\u00ed solas. Nos dieron al club con deuda. Cuando gobierna esta gente tiene un poder para comunicar muy grande y hacen creer al pa\u00eds que son perfectos, cuando no gobiernan quieren hacer creer que el que est\u00e1 lo hace mal. Funcionan siempre igual. Somos el club que m\u00e1s t\u00edtulos gan\u00f3, el que m\u00e1s chicos hizo debutar, pusimos el balance con 28 millones de d\u00f3lares a favor para que los hinchas lo vean, trajimos a Romero, Rojo, Adv\u00edncula, Zambrano, Pol Fern\u00e1ndez, Merentiel, decidimos traer a Benedetto cuando era el 9 que quer\u00edan todos y el se\u00f1or quer\u00eda que traigamos al 9 de Qatar para quedar bien con su amigo, y tuvimos la suerte de traer a Cavani. Tenemos a todos los jugadores al d\u00eda, premios pagos y no le debemos nada a nadie. Aparte tenemos 28 millones en caja. Nos duele mucho no haber ganado la Copa (Libertadores) era el sue\u00f1o y ayer quedar afuera de la que viene. El \u00faltimo mes nos quedamos sin nafta, pero hemos ilusionado al hincha mucho. Vamos a seguir trabajando para seguir creciendo, creo que los cuatro a\u00f1os han sido muy buenos\u201d.<\/h3>\n<p><a href=\"https:\/\/twitter.com\/BocaJrsOficial\/status\/1729614228099604958\"><img loading=\"lazy\" decoding=\"async\" class=\"wp-image-7564 aligncenter\" src=\"https:\/\/apuntesdesanluis.com\/wp-content\/uploads\/2023\/11\/posteo-de-boca-203x300.png\" alt=\"\" width=\"680\" height=\"1005\" srcset=\"https:\/\/apuntesdesanluis.com\/wp-content\/uploads\/2023\/11\/posteo-de-boca-203x300.png 203w, https:\/\/apuntesdesanluis.com\/wp-content\/uploads\/2023\/11\/posteo-de-boca.png 456w\" sizes=\"(max-width: 680px) 100vw, 680px\" \/><\/a><\/p>\n<p>&nbsp;<\/p>\n<p>&nbsp;<\/p>\n<p>&nbsp;<\/p>\n<p>&nbsp;<\/p>\n","protected":false},"excerpt":{"rendered":"<p>Andr\u00e9s Ibarra, candidato a presidente de Boca, dio una conferencia de prensa en el Hotel&#8230;<\/p>\n","protected":false},"author":1,"featured_media":7566,"comment_status":"closed","ping_status":"closed","sticky":false,"template":"","format":"standard","meta":{"footnotes":""},"categories":[5],"tags":[],"class_list":["post-7561","post","type-post","status-publish","format-standard","has-post-thumbnail","hentry","category-nacionales-internacionales"],"yoast_head":"<!-- This site is optimized with the Yoast SEO plugin v26.1.1 - https:\/\/yoast.com\/wordpress\/plugins\/seo\/ -->\n<title>LA INTERNA DE BOCA EST\u00c1 QUE ARDE: SUSPENDIERON ELECCIONES, HABL\u00d3 IBARRA Y RIQUELME LE CONTEST\u00d3 - Apuntes de San Luis<\/title>\n<meta name=\"robots\" content=\"index, follow, max-snippet:-1, max-image-preview:large, max-video-preview:-1\" \/>\n<link rel=\"canonical\" href=\"https:\/\/apuntesdesanluis.com\/index.php\/2023\/11\/28\/7561\/\" \/>\n<meta property=\"og:locale\" content=\"es_ES\" \/>\n<meta property=\"og:type\" content=\"article\" \/>\n<meta property=\"og:title\" content=\"LA INTERNA DE BOCA EST\u00c1 QUE ARDE: SUSPENDIERON ELECCIONES, HABL\u00d3 IBARRA Y RIQUELME LE CONTEST\u00d3 - Apuntes de San Luis\" \/>\n<meta property=\"og:description\" content=\"Andr\u00e9s Ibarra, candidato a presidente de Boca, dio una conferencia de prensa en el Hotel...\" \/>\n<meta property=\"og:url\" content=\"https:\/\/apuntesdesanluis.com\/index.php\/2023\/11\/28\/7561\/\" \/>\n<meta property=\"og:site_name\" content=\"Apuntes de San Luis\" \/>\n<meta property=\"article:published_time\" content=\"2023-11-29T02:35:20+00:00\" \/>\n<meta property=\"article:modified_time\" content=\"2023-11-29T02:36:18+00:00\" \/>\n<meta property=\"og:image\" content=\"https:\/\/apuntesdesanluis.com\/wp-content\/uploads\/2023\/11\/llamas-en-la-bombonera.jpg\" \/>\n\t<meta property=\"og:image:width\" content=\"600\" \/>\n\t<meta property=\"og:image:height\" content=\"315\" \/>\n\t<meta property=\"og:image:type\" content=\"image\/jpeg\" \/>\n<meta name=\"author\" content=\"apuntesdesanluis.com\" \/>\n<meta name=\"twitter:card\" content=\"summary_large_image\" \/>\n<meta name=\"twitter:label1\" content=\"Escrito por\" \/>\n\t<meta name=\"twitter:data1\" content=\"apuntesdesanluis.com\" \/>\n\t<meta name=\"twitter:label2\" content=\"Tiempo de lectura\" \/>\n\t<meta name=\"twitter:data2\" content=\"8 minutos\" \/>\n<script type=\"application\/ld+json\" class=\"yoast-schema-graph\">{\"@context\":\"https:\/\/schema.org\",\"@graph\":[{\"@type\":\"Article\",\"@id\":\"https:\/\/apuntesdesanluis.com\/index.php\/2023\/11\/28\/7561\/#article\",\"isPartOf\":{\"@id\":\"https:\/\/apuntesdesanluis.com\/index.php\/2023\/11\/28\/7561\/\"},\"author\":{\"name\":\"apuntesdesanluis.com\",\"@id\":\"https:\/\/apuntesdesanluis.com\/#\/schema\/person\/b55151d52296fcce64d1a72538a70b90\"},\"headline\":\"LA INTERNA DE BOCA EST\u00c1 QUE ARDE: SUSPENDIERON ELECCIONES, HABL\u00d3 IBARRA Y RIQUELME LE CONTEST\u00d3\",\"datePublished\":\"2023-11-29T02:35:20+00:00\",\"dateModified\":\"2023-11-29T02:36:18+00:00\",\"mainEntityOfPage\":{\"@id\":\"https:\/\/apuntesdesanluis.com\/index.php\/2023\/11\/28\/7561\/\"},\"wordCount\":1465,\"publisher\":{\"@id\":\"https:\/\/apuntesdesanluis.com\/#\/schema\/person\/b55151d52296fcce64d1a72538a70b90\"},\"image\":{\"@id\":\"https:\/\/apuntesdesanluis.com\/index.php\/2023\/11\/28\/7561\/#primaryimage\"},\"thumbnailUrl\":\"https:\/\/apuntesdesanluis.com\/wp-content\/uploads\/2023\/11\/llamas-en-la-bombonera.jpg\",\"articleSection\":[\"Nacionales\/Internacionales\"],\"inLanguage\":\"es-AR\"},{\"@type\":\"WebPage\",\"@id\":\"https:\/\/apuntesdesanluis.com\/index.php\/2023\/11\/28\/7561\/\",\"url\":\"https:\/\/apuntesdesanluis.com\/index.php\/2023\/11\/28\/7561\/\",\"name\":\"LA INTERNA DE BOCA EST\u00c1 QUE ARDE: SUSPENDIERON ELECCIONES, HABL\u00d3 IBARRA Y RIQUELME LE CONTEST\u00d3 - Apuntes de San Luis\",\"isPartOf\":{\"@id\":\"https:\/\/apuntesdesanluis.com\/#website\"},\"primaryImageOfPage\":{\"@id\":\"https:\/\/apuntesdesanluis.com\/index.php\/2023\/11\/28\/7561\/#primaryimage\"},\"image\":{\"@id\":\"https:\/\/apuntesdesanluis.com\/index.php\/2023\/11\/28\/7561\/#primaryimage\"},\"thumbnailUrl\":\"https:\/\/apuntesdesanluis.com\/wp-content\/uploads\/2023\/11\/llamas-en-la-bombonera.jpg\",\"datePublished\":\"2023-11-29T02:35:20+00:00\",\"dateModified\":\"2023-11-29T02:36:18+00:00\",\"breadcrumb\":{\"@id\":\"https:\/\/apuntesdesanluis.com\/index.php\/2023\/11\/28\/7561\/#breadcrumb\"},\"inLanguage\":\"es-AR\",\"potentialAction\":[{\"@type\":\"ReadAction\",\"target\":[\"https:\/\/apuntesdesanluis.com\/index.php\/2023\/11\/28\/7561\/\"]}]},{\"@type\":\"ImageObject\",\"inLanguage\":\"es-AR\",\"@id\":\"https:\/\/apuntesdesanluis.com\/index.php\/2023\/11\/28\/7561\/#primaryimage\",\"url\":\"https:\/\/apuntesdesanluis.com\/wp-content\/uploads\/2023\/11\/llamas-en-la-bombonera.jpg\",\"contentUrl\":\"https:\/\/apuntesdesanluis.com\/wp-content\/uploads\/2023\/11\/llamas-en-la-bombonera.jpg\",\"width\":600,\"height\":315},{\"@type\":\"BreadcrumbList\",\"@id\":\"https:\/\/apuntesdesanluis.com\/index.php\/2023\/11\/28\/7561\/#breadcrumb\",\"itemListElement\":[{\"@type\":\"ListItem\",\"position\":1,\"name\":\"Inicio\",\"item\":\"https:\/\/apuntesdesanluis.com\/\"},{\"@type\":\"ListItem\",\"position\":2,\"name\":\"LA INTERNA DE BOCA EST\u00c1 QUE ARDE: SUSPENDIERON ELECCIONES, HABL\u00d3 IBARRA Y RIQUELME LE CONTEST\u00d3\"}]},{\"@type\":\"WebSite\",\"@id\":\"https:\/\/apuntesdesanluis.com\/#website\",\"url\":\"https:\/\/apuntesdesanluis.com\/\",\"name\":\"Apuntes de San Luis\",\"description\":\"\",\"publisher\":{\"@id\":\"https:\/\/apuntesdesanluis.com\/#\/schema\/person\/b55151d52296fcce64d1a72538a70b90\"},\"potentialAction\":[{\"@type\":\"SearchAction\",\"target\":{\"@type\":\"EntryPoint\",\"urlTemplate\":\"https:\/\/apuntesdesanluis.com\/?s={search_term_string}\"},\"query-input\":{\"@type\":\"PropertyValueSpecification\",\"valueRequired\":true,\"valueName\":\"search_term_string\"}}],\"inLanguage\":\"es-AR\"},{\"@type\":[\"Person\",\"Organization\"],\"@id\":\"https:\/\/apuntesdesanluis.com\/#\/schema\/person\/b55151d52296fcce64d1a72538a70b90\",\"name\":\"apuntesdesanluis.com\",\"image\":{\"@type\":\"ImageObject\",\"inLanguage\":\"es-AR\",\"@id\":\"https:\/\/apuntesdesanluis.com\/#\/schema\/person\/image\/\",\"url\":\"https:\/\/apuntesdesanluis.com\/wp-content\/uploads\/2023\/07\/cropped-apuntesdesanluis.png\",\"contentUrl\":\"https:\/\/apuntesdesanluis.com\/wp-content\/uploads\/2023\/07\/cropped-apuntesdesanluis.png\",\"width\":450,\"height\":112,\"caption\":\"apuntesdesanluis.com\"},\"logo\":{\"@id\":\"https:\/\/apuntesdesanluis.com\/#\/schema\/person\/image\/\"},\"sameAs\":[\"https:\/\/apuntesdesanluis.com\"],\"url\":\"https:\/\/apuntesdesanluis.com\/index.php\/author\/apuntesdesanluis-com\/\"}]}<\/script>\n<!-- \/ Yoast SEO plugin. -->","yoast_head_json":{"title":"LA INTERNA DE BOCA EST\u00c1 QUE ARDE: SUSPENDIERON ELECCIONES, HABL\u00d3 IBARRA Y RIQUELME LE CONTEST\u00d3 - Apuntes de San Luis","robots":{"index":"index","follow":"follow","max-snippet":"max-snippet:-1","max-image-preview":"max-image-preview:large","max-video-preview":"max-video-preview:-1"},"canonical":"https:\/\/apuntesdesanluis.com\/index.php\/2023\/11\/28\/7561\/","og_locale":"es_ES","og_type":"article","og_title":"LA INTERNA DE BOCA EST\u00c1 QUE ARDE: SUSPENDIERON ELECCIONES, HABL\u00d3 IBARRA Y RIQUELME LE CONTEST\u00d3 - Apuntes de San Luis","og_description":"Andr\u00e9s Ibarra, candidato a presidente de Boca, dio una conferencia de prensa en el Hotel...","og_url":"https:\/\/apuntesdesanluis.com\/index.php\/2023\/11\/28\/7561\/","og_site_name":"Apuntes de San Luis","article_published_time":"2023-11-29T02:35:20+00:00","article_modified_time":"2023-11-29T02:36:18+00:00","og_image":[{"width":600,"height":315,"url":"https:\/\/apuntesdesanluis.com\/wp-content\/uploads\/2023\/11\/llamas-en-la-bombonera.jpg","type":"image\/jpeg"}],"author":"apuntesdesanluis.com","twitter_card":"summary_large_image","twitter_misc":{"Escrito por":"apuntesdesanluis.com","Tiempo de lectura":"8 minutos"},"schema":{"@context":"https:\/\/schema.org","@graph":[{"@type":"Article","@id":"https:\/\/apuntesdesanluis.com\/index.php\/2023\/11\/28\/7561\/#article","isPartOf":{"@id":"https:\/\/apuntesdesanluis.com\/index.php\/2023\/11\/28\/7561\/"},"author":{"name":"apuntesdesanluis.com","@id":"https:\/\/apuntesdesanluis.com\/#\/schema\/person\/b55151d52296fcce64d1a72538a70b90"},"headline":"LA INTERNA DE BOCA EST\u00c1 QUE ARDE: SUSPENDIERON ELECCIONES, HABL\u00d3 IBARRA Y RIQUELME LE CONTEST\u00d3","datePublished":"2023-11-29T02:35:20+00:00","dateModified":"2023-11-29T02:36:18+00:00","mainEntityOfPage":{"@id":"https:\/\/apuntesdesanluis.com\/index.php\/2023\/11\/28\/7561\/"},"wordCount":1465,"publisher":{"@id":"https:\/\/apuntesdesanluis.com\/#\/schema\/person\/b55151d52296fcce64d1a72538a70b90"},"image":{"@id":"https:\/\/apuntesdesanluis.com\/index.php\/2023\/11\/28\/7561\/#primaryimage"},"thumbnailUrl":"https:\/\/apuntesdesanluis.com\/wp-content\/uploads\/2023\/11\/llamas-en-la-bombonera.jpg","articleSection":["Nacionales\/Internacionales"],"inLanguage":"es-AR"},{"@type":"WebPage","@id":"https:\/\/apuntesdesanluis.com\/index.php\/2023\/11\/28\/7561\/","url":"https:\/\/apuntesdesanluis.com\/index.php\/2023\/11\/28\/7561\/","name":"LA INTERNA DE BOCA EST\u00c1 QUE ARDE: SUSPENDIERON ELECCIONES, HABL\u00d3 IBARRA Y RIQUELME LE CONTEST\u00d3 - Apuntes de San Luis","isPartOf":{"@id":"https:\/\/apuntesdesanluis.com\/#website"},"primaryImageOfPage":{"@id":"https:\/\/apuntesdesanluis.com\/index.php\/2023\/11\/28\/7561\/#primaryimage"},"image":{"@id":"https:\/\/apuntesdesanluis.com\/index.php\/2023\/11\/28\/7561\/#primaryimage"},"thumbnailUrl":"https:\/\/apuntesdesanluis.com\/wp-content\/uploads\/2023\/11\/llamas-en-la-bombonera.jpg","datePublished":"2023-11-29T02:35:20+00:00","dateModified":"2023-11-29T02:36:18+00:00","breadcrumb":{"@id":"https:\/\/apuntesdesanluis.com\/index.php\/2023\/11\/28\/7561\/#breadcrumb"},"inLanguage":"es-AR","potentialAction":[{"@type":"ReadAction","target":["https:\/\/apuntesdesanluis.com\/index.php\/2023\/11\/28\/7561\/"]}]},{"@type":"ImageObject","inLanguage":"es-AR","@id":"https:\/\/apuntesdesanluis.com\/index.php\/2023\/11\/28\/7561\/#primaryimage","url":"https:\/\/apuntesdesanluis.com\/wp-content\/uploads\/2023\/11\/llamas-en-la-bombonera.jpg","contentUrl":"https:\/\/apuntesdesanluis.com\/wp-content\/uploads\/2023\/11\/llamas-en-la-bombonera.jpg","width":600,"height":315},{"@type":"BreadcrumbList","@id":"https:\/\/apuntesdesanluis.com\/index.php\/2023\/11\/28\/7561\/#breadcrumb","itemListElement":[{"@type":"ListItem","position":1,"name":"Inicio","item":"https:\/\/apuntesdesanluis.com\/"},{"@type":"ListItem","position":2,"name":"LA INTERNA DE BOCA EST\u00c1 QUE ARDE: SUSPENDIERON ELECCIONES, HABL\u00d3 IBARRA Y RIQUELME LE CONTEST\u00d3"}]},{"@type":"WebSite","@id":"https:\/\/apuntesdesanluis.com\/#website","url":"https:\/\/apuntesdesanluis.com\/","name":"Apuntes de San Luis","description":"","publisher":{"@id":"https:\/\/apuntesdesanluis.com\/#\/schema\/person\/b55151d52296fcce64d1a72538a70b90"},"potentialAction":[{"@type":"SearchAction","target":{"@type":"EntryPoint","urlTemplate":"https:\/\/apuntesdesanluis.com\/?s={search_term_string}"},"query-input":{"@type":"PropertyValueSpecification","valueRequired":true,"valueName":"search_term_string"}}],"inLanguage":"es-AR"},{"@type":["Person","Organization"],"@id":"https:\/\/apuntesdesanluis.com\/#\/schema\/person\/b55151d52296fcce64d1a72538a70b90","name":"apuntesdesanluis.com","image":{"@type":"ImageObject","inLanguage":"es-AR","@id":"https:\/\/apuntesdesanluis.com\/#\/schema\/person\/image\/","url":"https:\/\/apuntesdesanluis.com\/wp-content\/uploads\/2023\/07\/cropped-apuntesdesanluis.png","contentUrl":"https:\/\/apuntesdesanluis.com\/wp-content\/uploads\/2023\/07\/cropped-apuntesdesanluis.png","width":450,"height":112,"caption":"apuntesdesanluis.com"},"logo":{"@id":"https:\/\/apuntesdesanluis.com\/#\/schema\/person\/image\/"},"sameAs":["https:\/\/apuntesdesanluis.com"],"url":"https:\/\/apuntesdesanluis.com\/index.php\/author\/apuntesdesanluis-com\/"}]}},"featured_image_urls":{"full":["https:\/\/apuntesdesanluis.com\/wp-content\/uploads\/2023\/11\/llamas-en-la-bombonera.jpg",600,315,false],"thumbnail":["https:\/\/apuntesdesanluis.com\/wp-content\/uploads\/2023\/11\/llamas-en-la-bombonera-150x150.jpg",150,150,true],"medium":["https:\/\/apuntesdesanluis.com\/wp-content\/uploads\/2023\/11\/llamas-en-la-bombonera-300x158.jpg",300,158,true],"medium_large":["https:\/\/apuntesdesanluis.com\/wp-content\/uploads\/2023\/11\/llamas-en-la-bombonera.jpg",600,315,false],"large":["https:\/\/apuntesdesanluis.com\/wp-content\/uploads\/2023\/11\/llamas-en-la-bombonera.jpg",600,315,false],"1536x1536":["https:\/\/apuntesdesanluis.com\/wp-content\/uploads\/2023\/11\/llamas-en-la-bombonera.jpg",600,315,false],"2048x2048":["https:\/\/apuntesdesanluis.com\/wp-content\/uploads\/2023\/11\/llamas-en-la-bombonera.jpg",600,315,false],"newsever-slider-full":["https:\/\/apuntesdesanluis.com\/wp-content\/uploads\/2023\/11\/llamas-en-la-bombonera.jpg",600,315,false],"newsever-featured":["https:\/\/apuntesdesanluis.com\/wp-content\/uploads\/2023\/11\/llamas-en-la-bombonera.jpg",600,315,false],"newsever-medium":["https:\/\/apuntesdesanluis.com\/wp-content\/uploads\/2023\/11\/llamas-en-la-bombonera.jpg",600,315,false]},"author_info":{"display_name":"apuntesdesanluis.com","author_link":"https:\/\/apuntesdesanluis.com\/index.php\/author\/apuntesdesanluis-com\/"},"category_info":"<a href=\"https:\/\/apuntesdesanluis.com\/index.php\/category\/nacionales-internacionales\/\" rel=\"category tag\">Nacionales\/Internacionales<\/a>","tag_info":"Nacionales\/Internacionales","comment_count":"0","_links":{"self":[{"href":"https:\/\/apuntesdesanluis.com\/index.php\/wp-json\/wp\/v2\/posts\/7561","targetHints":{"allow":["GET"]}}],"collection":[{"href":"https:\/\/apuntesdesanluis.com\/index.php\/wp-json\/wp\/v2\/posts"}],"about":[{"href":"https:\/\/apuntesdesanluis.com\/index.php\/wp-json\/wp\/v2\/types\/post"}],"author":[{"embeddable":true,"href":"https:\/\/apuntesdesanluis.com\/index.php\/wp-json\/wp\/v2\/users\/1"}],"replies":[{"embeddable":true,"href":"https:\/\/apuntesdesanluis.com\/index.php\/wp-json\/wp\/v2\/comments?post=7561"}],"version-history":[{"count":3,"href":"https:\/\/apuntesdesanluis.com\/index.php\/wp-json\/wp\/v2\/posts\/7561\/revisions"}],"predecessor-version":[{"id":7569,"href":"https:\/\/apuntesdesanluis.com\/index.php\/wp-json\/wp\/v2\/posts\/7561\/revisions\/7569"}],"wp:featuredmedia":[{"embeddable":true,"href":"https:\/\/apuntesdesanluis.com\/index.php\/wp-json\/wp\/v2\/media\/7566"}],"wp:attachment":[{"href":"https:\/\/apuntesdesanluis.com\/index.php\/wp-json\/wp\/v2\/media?parent=7561"}],"wp:term":[{"taxonomy":"category","embeddable":true,"href":"https:\/\/apuntesdesanluis.com\/index.php\/wp-json\/wp\/v2\/categories?post=7561"},{"taxonomy":"post_tag","embeddable":true,"href":"https:\/\/apuntesdesanluis.com\/index.php\/wp-json\/wp\/v2\/tags?post=7561"}],"curies":[{"name":"wp","href":"https:\/\/api.w.org\/{rel}","templated":true}]}}